{"id":7176,"date":"2025-06-26T20:58:45","date_gmt":"2025-06-26T23:58:45","guid":{"rendered":"https:\/\/portalraizesnoticias.com.br\/?p=7176"},"modified":"2025-08-20T15:09:45","modified_gmt":"2025-08-20T18:09:45","slug":"jovem-fica-ferido-apos-colisao-entre-carro-e-moto-na-ba-120-em-conceicao-do-coite","status":"publish","type":"post","link":"https:\/\/portalraizesnoticias.com.br\/?p=7176","title":{"rendered":"Jovem fica ferido ap\u00f3s colis\u00e3o entre carro e moto na BA-120, em Concei\u00e7\u00e3o do Coit\u00e9"},"content":{"rendered":"<p>Um acidente envolvendo um carro e uma motocicleta deixou um homem ferido por volta das 20h desta quinta-feira (26), na BA-120, trecho que liga Concei\u00e7\u00e3o do Coit\u00e9 a Retirol\u00e2ndia.<\/p>\n<p><img fetchpriority=\"high\" decoding=\"async\" class=\"size-medium wp-image-7178 aligncenter\" src=\"https:\/\/portalraizesnoticias.com.br\/wp-content\/uploads\/2025\/06\/IMG-20250626-WA0347-300x225.jpg\" alt=\"\" width=\"300\" height=\"225\" srcset=\"https:\/\/portalraizesnoticias.com.br\/wp-content\/uploads\/2025\/06\/IMG-20250626-WA0347-300x225.jpg 300w, https:\/\/portalraizesnoticias.com.br\/wp-content\/uploads\/2025\/06\/IMG-20250626-WA0347-1024x768.jpg 1024w, https:\/\/portalraizesnoticias.com.br\/wp-content\/uploads\/2025\/06\/IMG-20250626-WA0347-768x576.jpg 768w, https:\/\/portalraizesnoticias.com.br\/wp-content\/uploads\/2025\/06\/IMG-20250626-WA0347-1536x1152.jpg 1536w, https:\/\/portalraizesnoticias.com.br\/wp-content\/uploads\/2025\/06\/IMG-20250626-WA0347.jpg 1600w\" sizes=\"(max-width: 300px) 100vw, 300px\" \/><\/p>\n<p>De acordo com o coordenador da equipe \u00c1guia Resgate, Gildo Carneiro, a v\u00edtima foi identificada como Carlos Henrique, de 20 anos, que trabalha como mototaxista.<\/p>\n<p>Ele foi encontrado consciente, orientado, com escoria\u00e7\u00f5es leves pelo corpo e reclamando de dores no tornozelo.<\/p>\n<p>Carlos recebeu os primeiros atendimentos no local e foi encaminhado \u00e0 emerg\u00eancia do Hospital Portugu\u00eas de Coit\u00e9 pela equipe do \u00c1guia Resgate.<\/p>\n","protected":false},"excerpt":{"rendered":"<p>Um acidente envolvendo um carro e uma motocicleta deixou um homem ferido por volta das 20h desta quinta-feira (26), na BA-120, trecho que liga Concei\u00e7\u00e3o do Coit\u00e9 a Retirol\u00e2ndia. De acordo com o coordenador da equipe \u00c1guia Resgate, Gildo Carneiro, a v\u00edtima foi identificada como Carlos Henrique, de 20 anos, que trabalha como mototaxista. Ele foi encontrado consciente, orientado, com escoria\u00e7\u00f5es leves pelo corpo e reclamando de dores no tornozelo. Carlos recebeu os primeiros atendimentos no local e foi encaminhado \u00e0 emerg\u00eancia do Hospital Portugu\u00eas de Coit\u00e9 pela equipe do \u00c1guia Resgate.<\/p>\n","protected":false},"author":3,"featured_media":7177,"comment_status":"open","ping_status":"open","sticky":false,"template":"","format":"standard","meta":{"_joinchat":[],"footnotes":""},"categories":[58,55,59],"tags":[80,76],"class_list":["post-7176","post","type-post","status-publish","format-standard","has-post-thumbnail","hentry","category-acidentes","category-destaques","category-ultimas-noticias","tag-ferido","tag-jovem"],"yoast_head":"<!-- This site is optimized with the Yoast SEO plugin v24.4 - https:\/\/yoast.com\/wordpress\/plugins\/seo\/ -->\n<title>Jovem fica ferido ap\u00f3s colis\u00e3o entre carro e moto na BA-120, em Concei\u00e7\u00e3o do Coit\u00e9 - Portal raizes noticias<\/title>\n<meta name=\"robots\" content=\"index, follow, max-snippet:-1, max-image-preview:large, max-video-preview:-1\" \/>\n<link rel=\"canonical\" href=\"https:\/\/portalraizesnoticias.com.br\/?p=7176\" \/>\n<meta property=\"og:locale\" content=\"pt_BR\" \/>\n<meta property=\"og:type\" content=\"article\" \/>\n<meta property=\"og:title\" content=\"Jovem fica ferido ap\u00f3s colis\u00e3o entre carro e moto na BA-120, em Concei\u00e7\u00e3o do Coit\u00e9 - Portal raizes noticias\" \/>\n<meta property=\"og:description\" content=\"Um acidente envolvendo um carro e uma motocicleta deixou um homem ferido por volta das 20h desta quinta-feira (26), na BA-120, trecho que liga Concei\u00e7\u00e3o do Coit\u00e9 a Retirol\u00e2ndia. De acordo com o coordenador da equipe \u00c1guia Resgate, Gildo Carneiro, a v\u00edtima foi identificada como Carlos Henrique, de 20 anos, que trabalha como mototaxista. Ele foi encontrado consciente, orientado, com escoria\u00e7\u00f5es leves pelo corpo e reclamando de dores no tornozelo. Carlos recebeu os primeiros atendimentos no local e foi encaminhado \u00e0 emerg\u00eancia do Hospital Portugu\u00eas de Coit\u00e9 pela equipe do \u00c1guia Resgate.\" \/>\n<meta property=\"og:url\" content=\"https:\/\/portalraizesnoticias.com.br\/?p=7176\" \/>\n<meta property=\"og:site_name\" content=\"Portal raizes noticias\" \/>\n<meta property=\"article:published_time\" content=\"2025-06-26T23:58:45+00:00\" \/>\n<meta property=\"article:modified_time\" content=\"2025-08-20T18:09:45+00:00\" \/>\n<meta property=\"og:image\" content=\"https:\/\/portalraizesnoticias.com.br\/wp-content\/uploads\/2025\/06\/IMG-20250626-WA0350.jpg\" \/>\n\t<meta property=\"og:image:width\" content=\"1600\" \/>\n\t<meta property=\"og:image:height\" content=\"1200\" \/>\n\t<meta property=\"og:image:type\" content=\"image\/jpeg\" \/>\n<meta name=\"author\" content=\"Portal Raizes\" \/>\n<meta name=\"twitter:card\" content=\"summary_large_image\" \/>\n<meta name=\"twitter:label1\" content=\"Escrito por\" \/>\n\t<meta name=\"twitter:data1\" content=\"Portal Raizes\" \/>\n\t<meta name=\"twitter:label2\" content=\"Est. tempo de leitura\" \/>\n\t<meta name=\"twitter:data2\" content=\"1 minuto\" \/>\n<script type=\"application\/ld+json\" class=\"yoast-schema-graph\">{\"@context\":\"https:\/\/schema.org\",\"@graph\":[{\"@type\":\"Article\",\"@id\":\"https:\/\/portalraizesnoticias.com.br\/?p=7176#article\",\"isPartOf\":{\"@id\":\"https:\/\/portalraizesnoticias.com.br\/?p=7176\"},\"author\":{\"name\":\"Portal Raizes\",\"@id\":\"https:\/\/portalraizesnoticias.com.br\/#\/schema\/person\/a3ca6b0fc701e78df19756c417d943ae\"},\"headline\":\"Jovem fica ferido ap\u00f3s colis\u00e3o entre carro e moto na BA-120, em Concei\u00e7\u00e3o do Coit\u00e9\",\"datePublished\":\"2025-06-26T23:58:45+00:00\",\"dateModified\":\"2025-08-20T18:09:45+00:00\",\"mainEntityOfPage\":{\"@id\":\"https:\/\/portalraizesnoticias.com.br\/?p=7176\"},\"wordCount\":113,\"commentCount\":0,\"publisher\":{\"@id\":\"https:\/\/portalraizesnoticias.com.br\/#organization\"},\"image\":{\"@id\":\"https:\/\/portalraizesnoticias.com.br\/?p=7176#primaryimage\"},\"thumbnailUrl\":\"https:\/\/portalraizesnoticias.com.br\/wp-content\/uploads\/2025\/06\/IMG-20250626-WA0350.jpg\",\"keywords\":[\"Ferido\",\"Jovem\"],\"articleSection\":[\"ACIDENTES\",\"DESTAQUES\",\"ULTIMAS NOTICIAS\"],\"inLanguage\":\"pt-BR\",\"potentialAction\":[{\"@type\":\"CommentAction\",\"name\":\"Comment\",\"target\":[\"https:\/\/portalraizesnoticias.com.br\/?p=7176#respond\"]}]},{\"@type\":\"WebPage\",\"@id\":\"https:\/\/portalraizesnoticias.com.br\/?p=7176\",\"url\":\"https:\/\/portalraizesnoticias.com.br\/?p=7176\",\"name\":\"Jovem fica ferido ap\u00f3s colis\u00e3o entre carro e moto na BA-120, em Concei\u00e7\u00e3o do Coit\u00e9 - Portal raizes noticias\",\"isPartOf\":{\"@id\":\"https:\/\/portalraizesnoticias.com.br\/#website\"},\"primaryImageOfPage\":{\"@id\":\"https:\/\/portalraizesnoticias.com.br\/?p=7176#primaryimage\"},\"image\":{\"@id\":\"https:\/\/portalraizesnoticias.com.br\/?p=7176#primaryimage\"},\"thumbnailUrl\":\"https:\/\/portalraizesnoticias.com.br\/wp-content\/uploads\/2025\/06\/IMG-20250626-WA0350.jpg\",\"datePublished\":\"2025-06-26T23:58:45+00:00\",\"dateModified\":\"2025-08-20T18:09:45+00:00\",\"breadcrumb\":{\"@id\":\"https:\/\/portalraizesnoticias.com.br\/?p=7176#breadcrumb\"},\"inLanguage\":\"pt-BR\",\"potentialAction\":[{\"@type\":\"ReadAction\",\"target\":[\"https:\/\/portalraizesnoticias.com.br\/?p=7176\"]}]},{\"@type\":\"ImageObject\",\"inLanguage\":\"pt-BR\",\"@id\":\"https:\/\/portalraizesnoticias.com.br\/?p=7176#primaryimage\",\"url\":\"https:\/\/portalraizesnoticias.com.br\/wp-content\/uploads\/2025\/06\/IMG-20250626-WA0350.jpg\",\"contentUrl\":\"https:\/\/portalraizesnoticias.com.br\/wp-content\/uploads\/2025\/06\/IMG-20250626-WA0350.jpg\",\"width\":1600,\"height\":1200},{\"@type\":\"BreadcrumbList\",\"@id\":\"https:\/\/portalraizesnoticias.com.br\/?p=7176#breadcrumb\",\"itemListElement\":[{\"@type\":\"ListItem\",\"position\":1,\"name\":\"In\u00edcio\",\"item\":\"https:\/\/portalraizesnoticias.com.br\/\"},{\"@type\":\"ListItem\",\"position\":2,\"name\":\"Jovem fica ferido ap\u00f3s colis\u00e3o entre carro e moto na BA-120, em Concei\u00e7\u00e3o do Coit\u00e9\"}]},{\"@type\":\"WebSite\",\"@id\":\"https:\/\/portalraizesnoticias.com.br\/#website\",\"url\":\"https:\/\/portalraizesnoticias.com.br\/\",\"name\":\"Portal raizes NOTICIAS\",\"description\":\"site de noticias de concei\u00e7\u00e3o do coit\u00e9 e regi\u00e3o\",\"publisher\":{\"@id\":\"https:\/\/portalraizesnoticias.com.br\/#organization\"},\"alternateName\":\"PORTAL RAIZES COIT\u00c9\",\"potentialAction\":[{\"@type\":\"SearchAction\",\"target\":{\"@type\":\"EntryPoint\",\"urlTemplate\":\"https:\/\/portalraizesnoticias.com.br\/?s={search_term_string}\"},\"query-input\":{\"@type\":\"PropertyValueSpecification\",\"valueRequired\":true,\"valueName\":\"search_term_string\"}}],\"inLanguage\":\"pt-BR\"},{\"@type\":\"Organization\",\"@id\":\"https:\/\/portalraizesnoticias.com.br\/#organization\",\"name\":\"Portal raizes NOTICIAS\",\"url\":\"https:\/\/portalraizesnoticias.com.br\/\",\"logo\":{\"@type\":\"ImageObject\",\"inLanguage\":\"pt-BR\",\"@id\":\"https:\/\/portalraizesnoticias.com.br\/#\/schema\/logo\/image\/\",\"url\":\"https:\/\/portalraizesnoticias.com.br\/wp-content\/uploads\/2024\/09\/cropped-Captura-de-tela-2024-09-08-011108.png\",\"contentUrl\":\"https:\/\/portalraizesnoticias.com.br\/wp-content\/uploads\/2024\/09\/cropped-Captura-de-tela-2024-09-08-011108.png\",\"width\":606,\"height\":173,\"caption\":\"Portal raizes NOTICIAS\"},\"image\":{\"@id\":\"https:\/\/portalraizesnoticias.com.br\/#\/schema\/logo\/image\/\"}},{\"@type\":\"Person\",\"@id\":\"https:\/\/portalraizesnoticias.com.br\/#\/schema\/person\/a3ca6b0fc701e78df19756c417d943ae\",\"name\":\"Portal Raizes\",\"image\":{\"@type\":\"ImageObject\",\"inLanguage\":\"pt-BR\",\"@id\":\"https:\/\/portalraizesnoticias.com.br\/#\/schema\/person\/image\/\",\"url\":\"https:\/\/secure.gravatar.com\/avatar\/ef450d29013a3d3fba867a12a249d7b1?s=96&d=mm&r=g\",\"contentUrl\":\"https:\/\/secure.gravatar.com\/avatar\/ef450d29013a3d3fba867a12a249d7b1?s=96&d=mm&r=g\",\"caption\":\"Portal Raizes\"},\"url\":\"https:\/\/portalraizesnoticias.com.br\/?author=3\"}]}<\/script>\n<!-- \/ Yoast SEO plugin. -->","yoast_head_json":{"title":"Jovem fica ferido ap\u00f3s colis\u00e3o entre carro e moto na BA-120, em Concei\u00e7\u00e3o do Coit\u00e9 - Portal raizes noticias","robots":{"index":"index","follow":"follow","max-snippet":"max-snippet:-1","max-image-preview":"max-image-preview:large","max-video-preview":"max-video-preview:-1"},"canonical":"https:\/\/portalraizesnoticias.com.br\/?p=7176","og_locale":"pt_BR","og_type":"article","og_title":"Jovem fica ferido ap\u00f3s colis\u00e3o entre carro e moto na BA-120, em Concei\u00e7\u00e3o do Coit\u00e9 - Portal raizes noticias","og_description":"Um acidente envolvendo um carro e uma motocicleta deixou um homem ferido por volta das 20h desta quinta-feira (26), na BA-120, trecho que liga Concei\u00e7\u00e3o do Coit\u00e9 a Retirol\u00e2ndia. De acordo com o coordenador da equipe \u00c1guia Resgate, Gildo Carneiro, a v\u00edtima foi identificada como Carlos Henrique, de 20 anos, que trabalha como mototaxista. Ele foi encontrado consciente, orientado, com escoria\u00e7\u00f5es leves pelo corpo e reclamando de dores no tornozelo. Carlos recebeu os primeiros atendimentos no local e foi encaminhado \u00e0 emerg\u00eancia do Hospital Portugu\u00eas de Coit\u00e9 pela equipe do \u00c1guia Resgate.","og_url":"https:\/\/portalraizesnoticias.com.br\/?p=7176","og_site_name":"Portal raizes noticias","article_published_time":"2025-06-26T23:58:45+00:00","article_modified_time":"2025-08-20T18:09:45+00:00","og_image":[{"width":1600,"height":1200,"url":"https:\/\/portalraizesnoticias.com.br\/wp-content\/uploads\/2025\/06\/IMG-20250626-WA0350.jpg","type":"image\/jpeg"}],"author":"Portal Raizes","twitter_card":"summary_large_image","twitter_misc":{"Escrito por":"Portal Raizes","Est. tempo de leitura":"1 minuto"},"schema":{"@context":"https:\/\/schema.org","@graph":[{"@type":"Article","@id":"https:\/\/portalraizesnoticias.com.br\/?p=7176#article","isPartOf":{"@id":"https:\/\/portalraizesnoticias.com.br\/?p=7176"},"author":{"name":"Portal Raizes","@id":"https:\/\/portalraizesnoticias.com.br\/#\/schema\/person\/a3ca6b0fc701e78df19756c417d943ae"},"headline":"Jovem fica ferido ap\u00f3s colis\u00e3o entre carro e moto na BA-120, em Concei\u00e7\u00e3o do Coit\u00e9","datePublished":"2025-06-26T23:58:45+00:00","dateModified":"2025-08-20T18:09:45+00:00","mainEntityOfPage":{"@id":"https:\/\/portalraizesnoticias.com.br\/?p=7176"},"wordCount":113,"commentCount":0,"publisher":{"@id":"https:\/\/portalraizesnoticias.com.br\/#organization"},"image":{"@id":"https:\/\/portalraizesnoticias.com.br\/?p=7176#primaryimage"},"thumbnailUrl":"https:\/\/portalraizesnoticias.com.br\/wp-content\/uploads\/2025\/06\/IMG-20250626-WA0350.jpg","keywords":["Ferido","Jovem"],"articleSection":["ACIDENTES","DESTAQUES","ULTIMAS NOTICIAS"],"inLanguage":"pt-BR","potentialAction":[{"@type":"CommentAction","name":"Comment","target":["https:\/\/portalraizesnoticias.com.br\/?p=7176#respond"]}]},{"@type":"WebPage","@id":"https:\/\/portalraizesnoticias.com.br\/?p=7176","url":"https:\/\/portalraizesnoticias.com.br\/?p=7176","name":"Jovem fica ferido ap\u00f3s colis\u00e3o entre carro e moto na BA-120, em Concei\u00e7\u00e3o do Coit\u00e9 - Portal raizes noticias","isPartOf":{"@id":"https:\/\/portalraizesnoticias.com.br\/#website"},"primaryImageOfPage":{"@id":"https:\/\/portalraizesnoticias.com.br\/?p=7176#primaryimage"},"image":{"@id":"https:\/\/portalraizesnoticias.com.br\/?p=7176#primaryimage"},"thumbnailUrl":"https:\/\/portalraizesnoticias.com.br\/wp-content\/uploads\/2025\/06\/IMG-20250626-WA0350.jpg","datePublished":"2025-06-26T23:58:45+00:00","dateModified":"2025-08-20T18:09:45+00:00","breadcrumb":{"@id":"https:\/\/portalraizesnoticias.com.br\/?p=7176#breadcrumb"},"inLanguage":"pt-BR","potentialAction":[{"@type":"ReadAction","target":["https:\/\/portalraizesnoticias.com.br\/?p=7176"]}]},{"@type":"ImageObject","inLanguage":"pt-BR","@id":"https:\/\/portalraizesnoticias.com.br\/?p=7176#primaryimage","url":"https:\/\/portalraizesnoticias.com.br\/wp-content\/uploads\/2025\/06\/IMG-20250626-WA0350.jpg","contentUrl":"https:\/\/portalraizesnoticias.com.br\/wp-content\/uploads\/2025\/06\/IMG-20250626-WA0350.jpg","width":1600,"height":1200},{"@type":"BreadcrumbList","@id":"https:\/\/portalraizesnoticias.com.br\/?p=7176#breadcrumb","itemListElement":[{"@type":"ListItem","position":1,"name":"In\u00edcio","item":"https:\/\/portalraizesnoticias.com.br\/"},{"@type":"ListItem","position":2,"name":"Jovem fica ferido ap\u00f3s colis\u00e3o entre carro e moto na BA-120, em Concei\u00e7\u00e3o do Coit\u00e9"}]},{"@type":"WebSite","@id":"https:\/\/portalraizesnoticias.com.br\/#website","url":"https:\/\/portalraizesnoticias.com.br\/","name":"Portal raizes NOTICIAS","description":"site de noticias de concei\u00e7\u00e3o do coit\u00e9 e regi\u00e3o","publisher":{"@id":"https:\/\/portalraizesnoticias.com.br\/#organization"},"alternateName":"PORTAL RAIZES COIT\u00c9","potentialAction":[{"@type":"SearchAction","target":{"@type":"EntryPoint","urlTemplate":"https:\/\/portalraizesnoticias.com.br\/?s={search_term_string}"},"query-input":{"@type":"PropertyValueSpecification","valueRequired":true,"valueName":"search_term_string"}}],"inLanguage":"pt-BR"},{"@type":"Organization","@id":"https:\/\/portalraizesnoticias.com.br\/#organization","name":"Portal raizes NOTICIAS","url":"https:\/\/portalraizesnoticias.com.br\/","logo":{"@type":"ImageObject","inLanguage":"pt-BR","@id":"https:\/\/portalraizesnoticias.com.br\/#\/schema\/logo\/image\/","url":"https:\/\/portalraizesnoticias.com.br\/wp-content\/uploads\/2024\/09\/cropped-Captura-de-tela-2024-09-08-011108.png","contentUrl":"https:\/\/portalraizesnoticias.com.br\/wp-content\/uploads\/2024\/09\/cropped-Captura-de-tela-2024-09-08-011108.png","width":606,"height":173,"caption":"Portal raizes NOTICIAS"},"image":{"@id":"https:\/\/portalraizesnoticias.com.br\/#\/schema\/logo\/image\/"}},{"@type":"Person","@id":"https:\/\/portalraizesnoticias.com.br\/#\/schema\/person\/a3ca6b0fc701e78df19756c417d943ae","name":"Portal Raizes","image":{"@type":"ImageObject","inLanguage":"pt-BR","@id":"https:\/\/portalraizesnoticias.com.br\/#\/schema\/person\/image\/","url":"https:\/\/secure.gravatar.com\/avatar\/ef450d29013a3d3fba867a12a249d7b1?s=96&d=mm&r=g","contentUrl":"https:\/\/secure.gravatar.com\/avatar\/ef450d29013a3d3fba867a12a249d7b1?s=96&d=mm&r=g","caption":"Portal Raizes"},"url":"https:\/\/portalraizesnoticias.com.br\/?author=3"}]}},"_links":{"self":[{"href":"https:\/\/portalraizesnoticias.com.br\/index.php?rest_route=\/wp\/v2\/posts\/7176"}],"collection":[{"href":"https:\/\/portalraizesnoticias.com.br\/index.php?rest_route=\/wp\/v2\/posts"}],"about":[{"href":"https:\/\/portalraizesnoticias.com.br\/index.php?rest_route=\/wp\/v2\/types\/post"}],"author":[{"embeddable":true,"href":"https:\/\/portalraizesnoticias.com.br\/index.php?rest_route=\/wp\/v2\/users\/3"}],"replies":[{"embeddable":true,"href":"https:\/\/portalraizesnoticias.com.br\/index.php?rest_route=%2Fwp%2Fv2%2Fcomments&post=7176"}],"version-history":[{"count":1,"href":"https:\/\/portalraizesnoticias.com.br\/index.php?rest_route=\/wp\/v2\/posts\/7176\/revisions"}],"predecessor-version":[{"id":7179,"href":"https:\/\/portalraizesnoticias.com.br\/index.php?rest_route=\/wp\/v2\/posts\/7176\/revisions\/7179"}],"wp:featuredmedia":[{"embeddable":true,"href":"https:\/\/portalraizesnoticias.com.br\/index.php?rest_route=\/wp\/v2\/media\/7177"}],"wp:attachment":[{"href":"https:\/\/portalraizesnoticias.com.br\/index.php?rest_route=%2Fwp%2Fv2%2Fmedia&parent=7176"}],"wp:term":[{"taxonomy":"category","embeddable":true,"href":"https:\/\/portalraizesnoticias.com.br\/index.php?rest_route=%2Fwp%2Fv2%2Fcategories&post=7176"},{"taxonomy":"post_tag","embeddable":true,"href":"https:\/\/portalraizesnoticias.com.br\/index.php?rest_route=%2Fwp%2Fv2%2Ftags&post=7176"}],"curies":[{"name":"wp","href":"https:\/\/api.w.org\/{rel}","templated":true}]}}