{"id":7125,"date":"2025-06-22T18:53:52","date_gmt":"2025-06-22T21:53:52","guid":{"rendered":"https:\/\/portalraizesnoticias.com.br\/?p=7125"},"modified":"2025-08-20T15:05:44","modified_gmt":"2025-08-20T18:05:44","slug":"homem-e-preso-por-violar-medida-protetiva-e-invadir-residencia-da-propria-mae-na-zona-rural-de-conceicao-do-coite","status":"publish","type":"post","link":"https:\/\/portalraizesnoticias.com.br\/?p=7125","title":{"rendered":"Homem \u00e9 preso por violar medida protetiva e invadir resid\u00eancia da pr\u00f3pria m\u00e3e na zona rural de Concei\u00e7\u00e3o do Coit\u00e9"},"content":{"rendered":"<p>Na manh\u00e3 deste domingo (22), por volta das 7h30, a Pol\u00edcia Militar foi acionada para atender a uma ocorr\u00eancia de viola\u00e7\u00e3o de domic\u00edlio no povoado de Juazeirinho, zona rural de Concei\u00e7\u00e3o do Coit\u00e9.<\/p>\n<p>De acordo com informa\u00e7\u00f5es do 16\u00ba Batalh\u00e3o da PM, uma guarni\u00e7\u00e3o do 1\u00ba Pelot\u00e3o se deslocou at\u00e9 a Rua Constantino Moraes Carneiro ap\u00f3s ser informada pelo CICOM sobre o descumprimento de uma medida protetiva.<\/p>\n<p>No local, a v\u00edtima relatou que seu irm\u00e3o havia quebrado o cadeado da resid\u00eancia de sua m\u00e3e e invadido sua propriedade, desrespeitando a determina\u00e7\u00e3o judicial. Diante da situa\u00e7\u00e3o, o acusado foi conduzido \u00e0 Delegacia de Pol\u00edcia de Concei\u00e7\u00e3o do Coit\u00e9, onde foram adotadas as medidas cab\u00edveis.<\/p>\n<p>Reda\u00e7\u00e3o com informa\u00e7\u00f5es 16\u00b0 BPM<\/p>\n","protected":false},"excerpt":{"rendered":"<p>Na manh\u00e3 deste domingo (22), por volta das 7h30, a Pol\u00edcia Militar foi acionada para atender a uma ocorr\u00eancia de viola\u00e7\u00e3o de domic\u00edlio no povoado de Juazeirinho, zona rural de Concei\u00e7\u00e3o do Coit\u00e9. De acordo com informa\u00e7\u00f5es do 16\u00ba Batalh\u00e3o da PM, uma guarni\u00e7\u00e3o do 1\u00ba Pelot\u00e3o se deslocou at\u00e9 a Rua Constantino Moraes Carneiro ap\u00f3s ser informada pelo CICOM sobre o descumprimento de uma medida protetiva. No local, a v\u00edtima relatou que seu irm\u00e3o havia quebrado o cadeado da resid\u00eancia de sua m\u00e3e e invadido sua propriedade, desrespeitando a determina\u00e7\u00e3o judicial. Diante da situa\u00e7\u00e3o, o acusado foi conduzido \u00e0 Delegacia de Pol\u00edcia de Concei\u00e7\u00e3o do Coit\u00e9, onde foram adotadas as medidas cab\u00edveis. Reda\u00e7\u00e3o com informa\u00e7\u00f5es 16\u00b0 BPM<\/p>\n","protected":false},"author":3,"featured_media":6550,"comment_status":"open","ping_status":"open","sticky":false,"template":"","format":"standard","meta":{"_joinchat":[],"footnotes":""},"categories":[55,67,59],"tags":[578,579,142],"class_list":["post-7125","post","type-post","status-publish","format-standard","has-post-thumbnail","hentry","category-destaques","category-policia","category-ultimas-noticias","tag-conduzido","tag-delegacia","tag-homem"],"yoast_head":"<!-- This site is optimized with the Yoast SEO plugin v24.4 - https:\/\/yoast.com\/wordpress\/plugins\/seo\/ -->\n<title>Homem \u00e9 preso por violar medida protetiva e invadir resid\u00eancia da pr\u00f3pria m\u00e3e na zona rural de Concei\u00e7\u00e3o do Coit\u00e9 - Portal raizes noticias<\/title>\n<meta name=\"robots\" content=\"index, follow, max-snippet:-1, max-image-preview:large, max-video-preview:-1\" \/>\n<link rel=\"canonical\" href=\"https:\/\/portalraizesnoticias.com.br\/?p=7125\" \/>\n<meta property=\"og:locale\" content=\"pt_BR\" \/>\n<meta property=\"og:type\" content=\"article\" \/>\n<meta property=\"og:title\" content=\"Homem \u00e9 preso por violar medida protetiva e invadir resid\u00eancia da pr\u00f3pria m\u00e3e na zona rural de Concei\u00e7\u00e3o do Coit\u00e9 - Portal raizes noticias\" \/>\n<meta property=\"og:description\" content=\"Na manh\u00e3 deste domingo (22), por volta das 7h30, a Pol\u00edcia Militar foi acionada para atender a uma ocorr\u00eancia de viola\u00e7\u00e3o de domic\u00edlio no povoado de Juazeirinho, zona rural de Concei\u00e7\u00e3o do Coit\u00e9. De acordo com informa\u00e7\u00f5es do 16\u00ba Batalh\u00e3o da PM, uma guarni\u00e7\u00e3o do 1\u00ba Pelot\u00e3o se deslocou at\u00e9 a Rua Constantino Moraes Carneiro ap\u00f3s ser informada pelo CICOM sobre o descumprimento de uma medida protetiva. No local, a v\u00edtima relatou que seu irm\u00e3o havia quebrado o cadeado da resid\u00eancia de sua m\u00e3e e invadido sua propriedade, desrespeitando a determina\u00e7\u00e3o judicial. Diante da situa\u00e7\u00e3o, o acusado foi conduzido \u00e0 Delegacia de Pol\u00edcia de Concei\u00e7\u00e3o do Coit\u00e9, onde foram adotadas as medidas cab\u00edveis. Reda\u00e7\u00e3o com informa\u00e7\u00f5es 16\u00b0 BPM\" \/>\n<meta property=\"og:url\" content=\"https:\/\/portalraizesnoticias.com.br\/?p=7125\" \/>\n<meta property=\"og:site_name\" content=\"Portal raizes noticias\" \/>\n<meta property=\"article:published_time\" content=\"2025-06-22T21:53:52+00:00\" \/>\n<meta property=\"article:modified_time\" content=\"2025-08-20T18:05:44+00:00\" \/>\n<meta property=\"og:image\" content=\"https:\/\/portalraizesnoticias.com.br\/wp-content\/uploads\/2025\/05\/images-2025-05-12T174400.896.jpeg\" \/>\n\t<meta property=\"og:image:width\" content=\"605\" \/>\n\t<meta property=\"og:image:height\" content=\"507\" \/>\n\t<meta property=\"og:image:type\" content=\"image\/jpeg\" \/>\n<meta name=\"author\" content=\"Portal Raizes\" \/>\n<meta name=\"twitter:card\" content=\"summary_large_image\" \/>\n<meta name=\"twitter:label1\" content=\"Escrito por\" \/>\n\t<meta name=\"twitter:data1\" content=\"Portal Raizes\" \/>\n\t<meta name=\"twitter:label2\" content=\"Est. tempo de leitura\" \/>\n\t<meta name=\"twitter:data2\" content=\"1 minuto\" \/>\n<script type=\"application\/ld+json\" class=\"yoast-schema-graph\">{\"@context\":\"https:\/\/schema.org\",\"@graph\":[{\"@type\":\"Article\",\"@id\":\"https:\/\/portalraizesnoticias.com.br\/?p=7125#article\",\"isPartOf\":{\"@id\":\"https:\/\/portalraizesnoticias.com.br\/?p=7125\"},\"author\":{\"name\":\"Portal Raizes\",\"@id\":\"https:\/\/portalraizesnoticias.com.br\/#\/schema\/person\/a3ca6b0fc701e78df19756c417d943ae\"},\"headline\":\"Homem \u00e9 preso por violar medida protetiva e invadir resid\u00eancia da pr\u00f3pria m\u00e3e na zona rural de Concei\u00e7\u00e3o do Coit\u00e9\",\"datePublished\":\"2025-06-22T21:53:52+00:00\",\"dateModified\":\"2025-08-20T18:05:44+00:00\",\"mainEntityOfPage\":{\"@id\":\"https:\/\/portalraizesnoticias.com.br\/?p=7125\"},\"wordCount\":157,\"commentCount\":0,\"publisher\":{\"@id\":\"https:\/\/portalraizesnoticias.com.br\/#organization\"},\"image\":{\"@id\":\"https:\/\/portalraizesnoticias.com.br\/?p=7125#primaryimage\"},\"thumbnailUrl\":\"https:\/\/portalraizesnoticias.com.br\/wp-content\/uploads\/2025\/05\/images-2025-05-12T174400.896.jpeg\",\"keywords\":[\"Conduzido\",\"Delegacia\",\"Homem\"],\"articleSection\":[\"DESTAQUES\",\"POLICIA\",\"ULTIMAS NOTICIAS\"],\"inLanguage\":\"pt-BR\",\"potentialAction\":[{\"@type\":\"CommentAction\",\"name\":\"Comment\",\"target\":[\"https:\/\/portalraizesnoticias.com.br\/?p=7125#respond\"]}]},{\"@type\":\"WebPage\",\"@id\":\"https:\/\/portalraizesnoticias.com.br\/?p=7125\",\"url\":\"https:\/\/portalraizesnoticias.com.br\/?p=7125\",\"name\":\"Homem \u00e9 preso por violar medida protetiva e invadir resid\u00eancia da pr\u00f3pria m\u00e3e na zona rural de Concei\u00e7\u00e3o do Coit\u00e9 - Portal raizes noticias\",\"isPartOf\":{\"@id\":\"https:\/\/portalraizesnoticias.com.br\/#website\"},\"primaryImageOfPage\":{\"@id\":\"https:\/\/portalraizesnoticias.com.br\/?p=7125#primaryimage\"},\"image\":{\"@id\":\"https:\/\/portalraizesnoticias.com.br\/?p=7125#primaryimage\"},\"thumbnailUrl\":\"https:\/\/portalraizesnoticias.com.br\/wp-content\/uploads\/2025\/05\/images-2025-05-12T174400.896.jpeg\",\"datePublished\":\"2025-06-22T21:53:52+00:00\",\"dateModified\":\"2025-08-20T18:05:44+00:00\",\"breadcrumb\":{\"@id\":\"https:\/\/portalraizesnoticias.com.br\/?p=7125#breadcrumb\"},\"inLanguage\":\"pt-BR\",\"potentialAction\":[{\"@type\":\"ReadAction\",\"target\":[\"https:\/\/portalraizesnoticias.com.br\/?p=7125\"]}]},{\"@type\":\"ImageObject\",\"inLanguage\":\"pt-BR\",\"@id\":\"https:\/\/portalraizesnoticias.com.br\/?p=7125#primaryimage\",\"url\":\"https:\/\/portalraizesnoticias.com.br\/wp-content\/uploads\/2025\/05\/images-2025-05-12T174400.896.jpeg\",\"contentUrl\":\"https:\/\/portalraizesnoticias.com.br\/wp-content\/uploads\/2025\/05\/images-2025-05-12T174400.896.jpeg\",\"width\":605,\"height\":507},{\"@type\":\"BreadcrumbList\",\"@id\":\"https:\/\/portalraizesnoticias.com.br\/?p=7125#breadcrumb\",\"itemListElement\":[{\"@type\":\"ListItem\",\"position\":1,\"name\":\"In\u00edcio\",\"item\":\"https:\/\/portalraizesnoticias.com.br\/\"},{\"@type\":\"ListItem\",\"position\":2,\"name\":\"Homem \u00e9 preso por violar medida protetiva e invadir resid\u00eancia da pr\u00f3pria m\u00e3e na zona rural de Concei\u00e7\u00e3o do Coit\u00e9\"}]},{\"@type\":\"WebSite\",\"@id\":\"https:\/\/portalraizesnoticias.com.br\/#website\",\"url\":\"https:\/\/portalraizesnoticias.com.br\/\",\"name\":\"Portal raizes NOTICIAS\",\"description\":\"site de noticias de concei\u00e7\u00e3o do coit\u00e9 e regi\u00e3o\",\"publisher\":{\"@id\":\"https:\/\/portalraizesnoticias.com.br\/#organization\"},\"alternateName\":\"PORTAL RAIZES COIT\u00c9\",\"potentialAction\":[{\"@type\":\"SearchAction\",\"target\":{\"@type\":\"EntryPoint\",\"urlTemplate\":\"https:\/\/portalraizesnoticias.com.br\/?s={search_term_string}\"},\"query-input\":{\"@type\":\"PropertyValueSpecification\",\"valueRequired\":true,\"valueName\":\"search_term_string\"}}],\"inLanguage\":\"pt-BR\"},{\"@type\":\"Organization\",\"@id\":\"https:\/\/portalraizesnoticias.com.br\/#organization\",\"name\":\"Portal raizes NOTICIAS\",\"url\":\"https:\/\/portalraizesnoticias.com.br\/\",\"logo\":{\"@type\":\"ImageObject\",\"inLanguage\":\"pt-BR\",\"@id\":\"https:\/\/portalraizesnoticias.com.br\/#\/schema\/logo\/image\/\",\"url\":\"https:\/\/portalraizesnoticias.com.br\/wp-content\/uploads\/2024\/09\/cropped-Captura-de-tela-2024-09-08-011108.png\",\"contentUrl\":\"https:\/\/portalraizesnoticias.com.br\/wp-content\/uploads\/2024\/09\/cropped-Captura-de-tela-2024-09-08-011108.png\",\"width\":606,\"height\":173,\"caption\":\"Portal raizes NOTICIAS\"},\"image\":{\"@id\":\"https:\/\/portalraizesnoticias.com.br\/#\/schema\/logo\/image\/\"}},{\"@type\":\"Person\",\"@id\":\"https:\/\/portalraizesnoticias.com.br\/#\/schema\/person\/a3ca6b0fc701e78df19756c417d943ae\",\"name\":\"Portal Raizes\",\"image\":{\"@type\":\"ImageObject\",\"inLanguage\":\"pt-BR\",\"@id\":\"https:\/\/portalraizesnoticias.com.br\/#\/schema\/person\/image\/\",\"url\":\"https:\/\/secure.gravatar.com\/avatar\/ef450d29013a3d3fba867a12a249d7b1?s=96&d=mm&r=g\",\"contentUrl\":\"https:\/\/secure.gravatar.com\/avatar\/ef450d29013a3d3fba867a12a249d7b1?s=96&d=mm&r=g\",\"caption\":\"Portal Raizes\"},\"url\":\"https:\/\/portalraizesnoticias.com.br\/?author=3\"}]}<\/script>\n<!-- \/ Yoast SEO plugin. -->","yoast_head_json":{"title":"Homem \u00e9 preso por violar medida protetiva e invadir resid\u00eancia da pr\u00f3pria m\u00e3e na zona rural de Concei\u00e7\u00e3o do Coit\u00e9 - Portal raizes noticias","robots":{"index":"index","follow":"follow","max-snippet":"max-snippet:-1","max-image-preview":"max-image-preview:large","max-video-preview":"max-video-preview:-1"},"canonical":"https:\/\/portalraizesnoticias.com.br\/?p=7125","og_locale":"pt_BR","og_type":"article","og_title":"Homem \u00e9 preso por violar medida protetiva e invadir resid\u00eancia da pr\u00f3pria m\u00e3e na zona rural de Concei\u00e7\u00e3o do Coit\u00e9 - Portal raizes noticias","og_description":"Na manh\u00e3 deste domingo (22), por volta das 7h30, a Pol\u00edcia Militar foi acionada para atender a uma ocorr\u00eancia de viola\u00e7\u00e3o de domic\u00edlio no povoado de Juazeirinho, zona rural de Concei\u00e7\u00e3o do Coit\u00e9. De acordo com informa\u00e7\u00f5es do 16\u00ba Batalh\u00e3o da PM, uma guarni\u00e7\u00e3o do 1\u00ba Pelot\u00e3o se deslocou at\u00e9 a Rua Constantino Moraes Carneiro ap\u00f3s ser informada pelo CICOM sobre o descumprimento de uma medida protetiva. No local, a v\u00edtima relatou que seu irm\u00e3o havia quebrado o cadeado da resid\u00eancia de sua m\u00e3e e invadido sua propriedade, desrespeitando a determina\u00e7\u00e3o judicial. Diante da situa\u00e7\u00e3o, o acusado foi conduzido \u00e0 Delegacia de Pol\u00edcia de Concei\u00e7\u00e3o do Coit\u00e9, onde foram adotadas as medidas cab\u00edveis. Reda\u00e7\u00e3o com informa\u00e7\u00f5es 16\u00b0 BPM","og_url":"https:\/\/portalraizesnoticias.com.br\/?p=7125","og_site_name":"Portal raizes noticias","article_published_time":"2025-06-22T21:53:52+00:00","article_modified_time":"2025-08-20T18:05:44+00:00","og_image":[{"width":605,"height":507,"url":"https:\/\/portalraizesnoticias.com.br\/wp-content\/uploads\/2025\/05\/images-2025-05-12T174400.896.jpeg","type":"image\/jpeg"}],"author":"Portal Raizes","twitter_card":"summary_large_image","twitter_misc":{"Escrito por":"Portal Raizes","Est. tempo de leitura":"1 minuto"},"schema":{"@context":"https:\/\/schema.org","@graph":[{"@type":"Article","@id":"https:\/\/portalraizesnoticias.com.br\/?p=7125#article","isPartOf":{"@id":"https:\/\/portalraizesnoticias.com.br\/?p=7125"},"author":{"name":"Portal Raizes","@id":"https:\/\/portalraizesnoticias.com.br\/#\/schema\/person\/a3ca6b0fc701e78df19756c417d943ae"},"headline":"Homem \u00e9 preso por violar medida protetiva e invadir resid\u00eancia da pr\u00f3pria m\u00e3e na zona rural de Concei\u00e7\u00e3o do Coit\u00e9","datePublished":"2025-06-22T21:53:52+00:00","dateModified":"2025-08-20T18:05:44+00:00","mainEntityOfPage":{"@id":"https:\/\/portalraizesnoticias.com.br\/?p=7125"},"wordCount":157,"commentCount":0,"publisher":{"@id":"https:\/\/portalraizesnoticias.com.br\/#organization"},"image":{"@id":"https:\/\/portalraizesnoticias.com.br\/?p=7125#primaryimage"},"thumbnailUrl":"https:\/\/portalraizesnoticias.com.br\/wp-content\/uploads\/2025\/05\/images-2025-05-12T174400.896.jpeg","keywords":["Conduzido","Delegacia","Homem"],"articleSection":["DESTAQUES","POLICIA","ULTIMAS NOTICIAS"],"inLanguage":"pt-BR","potentialAction":[{"@type":"CommentAction","name":"Comment","target":["https:\/\/portalraizesnoticias.com.br\/?p=7125#respond"]}]},{"@type":"WebPage","@id":"https:\/\/portalraizesnoticias.com.br\/?p=7125","url":"https:\/\/portalraizesnoticias.com.br\/?p=7125","name":"Homem \u00e9 preso por violar medida protetiva e invadir resid\u00eancia da pr\u00f3pria m\u00e3e na zona rural de Concei\u00e7\u00e3o do Coit\u00e9 - Portal raizes noticias","isPartOf":{"@id":"https:\/\/portalraizesnoticias.com.br\/#website"},"primaryImageOfPage":{"@id":"https:\/\/portalraizesnoticias.com.br\/?p=7125#primaryimage"},"image":{"@id":"https:\/\/portalraizesnoticias.com.br\/?p=7125#primaryimage"},"thumbnailUrl":"https:\/\/portalraizesnoticias.com.br\/wp-content\/uploads\/2025\/05\/images-2025-05-12T174400.896.jpeg","datePublished":"2025-06-22T21:53:52+00:00","dateModified":"2025-08-20T18:05:44+00:00","breadcrumb":{"@id":"https:\/\/portalraizesnoticias.com.br\/?p=7125#breadcrumb"},"inLanguage":"pt-BR","potentialAction":[{"@type":"ReadAction","target":["https:\/\/portalraizesnoticias.com.br\/?p=7125"]}]},{"@type":"ImageObject","inLanguage":"pt-BR","@id":"https:\/\/portalraizesnoticias.com.br\/?p=7125#primaryimage","url":"https:\/\/portalraizesnoticias.com.br\/wp-content\/uploads\/2025\/05\/images-2025-05-12T174400.896.jpeg","contentUrl":"https:\/\/portalraizesnoticias.com.br\/wp-content\/uploads\/2025\/05\/images-2025-05-12T174400.896.jpeg","width":605,"height":507},{"@type":"BreadcrumbList","@id":"https:\/\/portalraizesnoticias.com.br\/?p=7125#breadcrumb","itemListElement":[{"@type":"ListItem","position":1,"name":"In\u00edcio","item":"https:\/\/portalraizesnoticias.com.br\/"},{"@type":"ListItem","position":2,"name":"Homem \u00e9 preso por violar medida protetiva e invadir resid\u00eancia da pr\u00f3pria m\u00e3e na zona rural de Concei\u00e7\u00e3o do Coit\u00e9"}]},{"@type":"WebSite","@id":"https:\/\/portalraizesnoticias.com.br\/#website","url":"https:\/\/portalraizesnoticias.com.br\/","name":"Portal raizes NOTICIAS","description":"site de noticias de concei\u00e7\u00e3o do coit\u00e9 e regi\u00e3o","publisher":{"@id":"https:\/\/portalraizesnoticias.com.br\/#organization"},"alternateName":"PORTAL RAIZES COIT\u00c9","potentialAction":[{"@type":"SearchAction","target":{"@type":"EntryPoint","urlTemplate":"https:\/\/portalraizesnoticias.com.br\/?s={search_term_string}"},"query-input":{"@type":"PropertyValueSpecification","valueRequired":true,"valueName":"search_term_string"}}],"inLanguage":"pt-BR"},{"@type":"Organization","@id":"https:\/\/portalraizesnoticias.com.br\/#organization","name":"Portal raizes NOTICIAS","url":"https:\/\/portalraizesnoticias.com.br\/","logo":{"@type":"ImageObject","inLanguage":"pt-BR","@id":"https:\/\/portalraizesnoticias.com.br\/#\/schema\/logo\/image\/","url":"https:\/\/portalraizesnoticias.com.br\/wp-content\/uploads\/2024\/09\/cropped-Captura-de-tela-2024-09-08-011108.png","contentUrl":"https:\/\/portalraizesnoticias.com.br\/wp-content\/uploads\/2024\/09\/cropped-Captura-de-tela-2024-09-08-011108.png","width":606,"height":173,"caption":"Portal raizes NOTICIAS"},"image":{"@id":"https:\/\/portalraizesnoticias.com.br\/#\/schema\/logo\/image\/"}},{"@type":"Person","@id":"https:\/\/portalraizesnoticias.com.br\/#\/schema\/person\/a3ca6b0fc701e78df19756c417d943ae","name":"Portal Raizes","image":{"@type":"ImageObject","inLanguage":"pt-BR","@id":"https:\/\/portalraizesnoticias.com.br\/#\/schema\/person\/image\/","url":"https:\/\/secure.gravatar.com\/avatar\/ef450d29013a3d3fba867a12a249d7b1?s=96&d=mm&r=g","contentUrl":"https:\/\/secure.gravatar.com\/avatar\/ef450d29013a3d3fba867a12a249d7b1?s=96&d=mm&r=g","caption":"Portal Raizes"},"url":"https:\/\/portalraizesnoticias.com.br\/?author=3"}]}},"_links":{"self":[{"href":"https:\/\/portalraizesnoticias.com.br\/index.php?rest_route=\/wp\/v2\/posts\/7125"}],"collection":[{"href":"https:\/\/portalraizesnoticias.com.br\/index.php?rest_route=\/wp\/v2\/posts"}],"about":[{"href":"https:\/\/portalraizesnoticias.com.br\/index.php?rest_route=\/wp\/v2\/types\/post"}],"author":[{"embeddable":true,"href":"https:\/\/portalraizesnoticias.com.br\/index.php?rest_route=\/wp\/v2\/users\/3"}],"replies":[{"embeddable":true,"href":"https:\/\/portalraizesnoticias.com.br\/index.php?rest_route=%2Fwp%2Fv2%2Fcomments&post=7125"}],"version-history":[{"count":2,"href":"https:\/\/portalraizesnoticias.com.br\/index.php?rest_route=\/wp\/v2\/posts\/7125\/revisions"}],"predecessor-version":[{"id":7128,"href":"https:\/\/portalraizesnoticias.com.br\/index.php?rest_route=\/wp\/v2\/posts\/7125\/revisions\/7128"}],"wp:featuredmedia":[{"embeddable":true,"href":"https:\/\/portalraizesnoticias.com.br\/index.php?rest_route=\/wp\/v2\/media\/6550"}],"wp:attachment":[{"href":"https:\/\/portalraizesnoticias.com.br\/index.php?rest_route=%2Fwp%2Fv2%2Fmedia&parent=7125"}],"wp:term":[{"taxonomy":"category","embeddable":true,"href":"https:\/\/portalraizesnoticias.com.br\/index.php?rest_route=%2Fwp%2Fv2%2Fcategories&post=7125"},{"taxonomy":"post_tag","embeddable":true,"href":"https:\/\/portalraizesnoticias.com.br\/index.php?rest_route=%2Fwp%2Fv2%2Ftags&post=7125"}],"curies":[{"name":"wp","href":"https:\/\/api.w.org\/{rel}","templated":true}]}}