{"id":7121,"date":"2025-06-21T15:25:40","date_gmt":"2025-06-21T18:25:40","guid":{"rendered":"https:\/\/portalraizesnoticias.com.br\/?p=7121"},"modified":"2025-08-20T15:05:33","modified_gmt":"2025-08-20T18:05:33","slug":"homem-e-espancado-com-barra-de-ferro-na-zona-rural-de-conceicao-do-coite","status":"publish","type":"post","link":"https:\/\/portalraizesnoticias.com.br\/?p=7121","title":{"rendered":"Homem \u00e9 espancado com barra de ferro na zona rural de Concei\u00e7\u00e3o do Coit\u00e9"},"content":{"rendered":"<p>Por volta das 15h deste s\u00e1bado (21), Fernando dos Anjos, de 33 anos, ficou ferido ap\u00f3s ser agredido nas proximidades do povoado de Cantinho, zona rural de Concei\u00e7\u00e3o do Coit\u00e9.<\/p>\n<div style=\"width: 480px;\" class=\"wp-video\"><!--[if lt IE 9]><script>document.createElement('video');<\/script><![endif]-->\n<video class=\"wp-video-shortcode\" id=\"video-7121-1\" width=\"480\" height=\"848\" preload=\"metadata\" controls=\"controls\"><source type=\"video\/mp4\" src=\"https:\/\/portalraizesnoticias.com.br\/wp-content\/uploads\/2025\/06\/VID-20250621-WA0189.mp4?_=1\" \/><a href=\"https:\/\/portalraizesnoticias.com.br\/wp-content\/uploads\/2025\/06\/VID-20250621-WA0189.mp4\">https:\/\/portalraizesnoticias.com.br\/wp-content\/uploads\/2025\/06\/VID-20250621-WA0189.mp4<\/a><\/video><\/div>\n<p>Segundo informa\u00e7\u00f5es, a v\u00edtima foi espancada por outro homem, que utilizou uma barra de ferro conhecida como &#8220;bengala de moto&#8221; para cometer a agress\u00e3o.<\/p>\n<p>De acordo com o socorrista Evandro Evangelista, da equipe \u00c1guia Resgate, Fernando apresentava v\u00e1rios hematomas nas costas e suspeita de fratura em um dos bra\u00e7os.<\/p>\n<p>Ap\u00f3s receber os primeiros atendimentos no local, ele foi encaminhado \u00e0 emerg\u00eancia do Hospital Portugu\u00eas de Coit\u00e9<\/p>\n","protected":false},"excerpt":{"rendered":"<p>Por volta das 15h deste s\u00e1bado (21), Fernando dos Anjos, de 33 anos, ficou ferido ap\u00f3s ser agredido nas proximidades do povoado de Cantinho, zona rural de Concei\u00e7\u00e3o do Coit\u00e9. Segundo informa\u00e7\u00f5es, a v\u00edtima foi espancada por outro homem, que utilizou uma barra de ferro conhecida como &#8220;bengala de moto&#8221; para cometer a agress\u00e3o. De acordo com o socorrista Evandro Evangelista, da equipe \u00c1guia Resgate, Fernando apresentava v\u00e1rios hematomas nas costas e suspeita de fratura em um dos bra\u00e7os. Ap\u00f3s receber os primeiros atendimentos no local, ele foi encaminhado \u00e0 emerg\u00eancia do Hospital Portugu\u00eas de Coit\u00e9<\/p>\n","protected":false},"author":3,"featured_media":7122,"comment_status":"open","ping_status":"open","sticky":false,"template":"","format":"standard","meta":{"_joinchat":[],"footnotes":""},"categories":[55,67,59],"tags":[1188,75,142],"class_list":["post-7121","post","type-post","status-publish","format-standard","has-post-thumbnail","hentry","category-destaques","category-policia","category-ultimas-noticias","tag-agredjdo","tag-coite","tag-homem"],"yoast_head":"<!-- This site is optimized with the Yoast SEO plugin v24.4 - https:\/\/yoast.com\/wordpress\/plugins\/seo\/ -->\n<title>Homem \u00e9 espancado com barra de ferro na zona rural de Concei\u00e7\u00e3o do Coit\u00e9 - Portal raizes noticias<\/title>\n<meta name=\"robots\" content=\"index, follow, max-snippet:-1, max-image-preview:large, max-video-preview:-1\" \/>\n<link rel=\"canonical\" href=\"https:\/\/portalraizesnoticias.com.br\/?p=7121\" \/>\n<meta property=\"og:locale\" content=\"pt_BR\" \/>\n<meta property=\"og:type\" content=\"article\" \/>\n<meta property=\"og:title\" content=\"Homem \u00e9 espancado com barra de ferro na zona rural de Concei\u00e7\u00e3o do Coit\u00e9 - Portal raizes noticias\" \/>\n<meta property=\"og:description\" content=\"Por volta das 15h deste s\u00e1bado (21), Fernando dos Anjos, de 33 anos, ficou ferido ap\u00f3s ser agredido nas proximidades do povoado de Cantinho, zona rural de Concei\u00e7\u00e3o do Coit\u00e9. Segundo informa\u00e7\u00f5es, a v\u00edtima foi espancada por outro homem, que utilizou uma barra de ferro conhecida como &#8220;bengala de moto&#8221; para cometer a agress\u00e3o. De acordo com o socorrista Evandro Evangelista, da equipe \u00c1guia Resgate, Fernando apresentava v\u00e1rios hematomas nas costas e suspeita de fratura em um dos bra\u00e7os. Ap\u00f3s receber os primeiros atendimentos no local, ele foi encaminhado \u00e0 emerg\u00eancia do Hospital Portugu\u00eas de Coit\u00e9\" \/>\n<meta property=\"og:url\" content=\"https:\/\/portalraizesnoticias.com.br\/?p=7121\" \/>\n<meta property=\"og:site_name\" content=\"Portal raizes noticias\" \/>\n<meta property=\"article:published_time\" content=\"2025-06-21T18:25:40+00:00\" \/>\n<meta property=\"article:modified_time\" content=\"2025-08-20T18:05:33+00:00\" \/>\n<meta property=\"og:image\" content=\"https:\/\/portalraizesnoticias.com.br\/wp-content\/uploads\/2025\/06\/IMG-20250621-WA0187.jpg\" \/>\n\t<meta property=\"og:image:width\" content=\"1200\" \/>\n\t<meta property=\"og:image:height\" content=\"1600\" \/>\n\t<meta property=\"og:image:type\" content=\"image\/jpeg\" \/>\n<meta name=\"author\" content=\"Portal Raizes\" \/>\n<meta name=\"twitter:card\" content=\"summary_large_image\" \/>\n<meta name=\"twitter:label1\" content=\"Escrito por\" \/>\n\t<meta name=\"twitter:data1\" content=\"Portal Raizes\" \/>\n\t<meta name=\"twitter:label2\" content=\"Est. tempo de leitura\" \/>\n\t<meta name=\"twitter:data2\" content=\"1 minuto\" \/>\n<script type=\"application\/ld+json\" class=\"yoast-schema-graph\">{\"@context\":\"https:\/\/schema.org\",\"@graph\":[{\"@type\":\"Article\",\"@id\":\"https:\/\/portalraizesnoticias.com.br\/?p=7121#article\",\"isPartOf\":{\"@id\":\"https:\/\/portalraizesnoticias.com.br\/?p=7121\"},\"author\":{\"name\":\"Portal Raizes\",\"@id\":\"https:\/\/portalraizesnoticias.com.br\/#\/schema\/person\/a3ca6b0fc701e78df19756c417d943ae\"},\"headline\":\"Homem \u00e9 espancado com barra de ferro na zona rural de Concei\u00e7\u00e3o do Coit\u00e9\",\"datePublished\":\"2025-06-21T18:25:40+00:00\",\"dateModified\":\"2025-08-20T18:05:33+00:00\",\"mainEntityOfPage\":{\"@id\":\"https:\/\/portalraizesnoticias.com.br\/?p=7121\"},\"wordCount\":132,\"commentCount\":0,\"publisher\":{\"@id\":\"https:\/\/portalraizesnoticias.com.br\/#organization\"},\"image\":{\"@id\":\"https:\/\/portalraizesnoticias.com.br\/?p=7121#primaryimage\"},\"thumbnailUrl\":\"https:\/\/portalraizesnoticias.com.br\/wp-content\/uploads\/2025\/06\/IMG-20250621-WA0187.jpg\",\"keywords\":[\"Agredjdo\",\"Coit\u00e9\",\"Homem\"],\"articleSection\":[\"DESTAQUES\",\"POLICIA\",\"ULTIMAS NOTICIAS\"],\"inLanguage\":\"pt-BR\",\"potentialAction\":[{\"@type\":\"CommentAction\",\"name\":\"Comment\",\"target\":[\"https:\/\/portalraizesnoticias.com.br\/?p=7121#respond\"]}]},{\"@type\":\"WebPage\",\"@id\":\"https:\/\/portalraizesnoticias.com.br\/?p=7121\",\"url\":\"https:\/\/portalraizesnoticias.com.br\/?p=7121\",\"name\":\"Homem \u00e9 espancado com barra de ferro na zona rural de Concei\u00e7\u00e3o do Coit\u00e9 - Portal raizes noticias\",\"isPartOf\":{\"@id\":\"https:\/\/portalraizesnoticias.com.br\/#website\"},\"primaryImageOfPage\":{\"@id\":\"https:\/\/portalraizesnoticias.com.br\/?p=7121#primaryimage\"},\"image\":{\"@id\":\"https:\/\/portalraizesnoticias.com.br\/?p=7121#primaryimage\"},\"thumbnailUrl\":\"https:\/\/portalraizesnoticias.com.br\/wp-content\/uploads\/2025\/06\/IMG-20250621-WA0187.jpg\",\"datePublished\":\"2025-06-21T18:25:40+00:00\",\"dateModified\":\"2025-08-20T18:05:33+00:00\",\"breadcrumb\":{\"@id\":\"https:\/\/portalraizesnoticias.com.br\/?p=7121#breadcrumb\"},\"inLanguage\":\"pt-BR\",\"potentialAction\":[{\"@type\":\"ReadAction\",\"target\":[\"https:\/\/portalraizesnoticias.com.br\/?p=7121\"]}]},{\"@type\":\"ImageObject\",\"inLanguage\":\"pt-BR\",\"@id\":\"https:\/\/portalraizesnoticias.com.br\/?p=7121#primaryimage\",\"url\":\"https:\/\/portalraizesnoticias.com.br\/wp-content\/uploads\/2025\/06\/IMG-20250621-WA0187.jpg\",\"contentUrl\":\"https:\/\/portalraizesnoticias.com.br\/wp-content\/uploads\/2025\/06\/IMG-20250621-WA0187.jpg\",\"width\":1200,\"height\":1600},{\"@type\":\"BreadcrumbList\",\"@id\":\"https:\/\/portalraizesnoticias.com.br\/?p=7121#breadcrumb\",\"itemListElement\":[{\"@type\":\"ListItem\",\"position\":1,\"name\":\"In\u00edcio\",\"item\":\"https:\/\/portalraizesnoticias.com.br\/\"},{\"@type\":\"ListItem\",\"position\":2,\"name\":\"Homem \u00e9 espancado com barra de ferro na zona rural de Concei\u00e7\u00e3o do Coit\u00e9\"}]},{\"@type\":\"WebSite\",\"@id\":\"https:\/\/portalraizesnoticias.com.br\/#website\",\"url\":\"https:\/\/portalraizesnoticias.com.br\/\",\"name\":\"Portal raizes NOTICIAS\",\"description\":\"site de noticias de concei\u00e7\u00e3o do coit\u00e9 e regi\u00e3o\",\"publisher\":{\"@id\":\"https:\/\/portalraizesnoticias.com.br\/#organization\"},\"alternateName\":\"PORTAL RAIZES COIT\u00c9\",\"potentialAction\":[{\"@type\":\"SearchAction\",\"target\":{\"@type\":\"EntryPoint\",\"urlTemplate\":\"https:\/\/portalraizesnoticias.com.br\/?s={search_term_string}\"},\"query-input\":{\"@type\":\"PropertyValueSpecification\",\"valueRequired\":true,\"valueName\":\"search_term_string\"}}],\"inLanguage\":\"pt-BR\"},{\"@type\":\"Organization\",\"@id\":\"https:\/\/portalraizesnoticias.com.br\/#organization\",\"name\":\"Portal raizes NOTICIAS\",\"url\":\"https:\/\/portalraizesnoticias.com.br\/\",\"logo\":{\"@type\":\"ImageObject\",\"inLanguage\":\"pt-BR\",\"@id\":\"https:\/\/portalraizesnoticias.com.br\/#\/schema\/logo\/image\/\",\"url\":\"https:\/\/portalraizesnoticias.com.br\/wp-content\/uploads\/2024\/09\/cropped-Captura-de-tela-2024-09-08-011108.png\",\"contentUrl\":\"https:\/\/portalraizesnoticias.com.br\/wp-content\/uploads\/2024\/09\/cropped-Captura-de-tela-2024-09-08-011108.png\",\"width\":606,\"height\":173,\"caption\":\"Portal raizes NOTICIAS\"},\"image\":{\"@id\":\"https:\/\/portalraizesnoticias.com.br\/#\/schema\/logo\/image\/\"}},{\"@type\":\"Person\",\"@id\":\"https:\/\/portalraizesnoticias.com.br\/#\/schema\/person\/a3ca6b0fc701e78df19756c417d943ae\",\"name\":\"Portal Raizes\",\"image\":{\"@type\":\"ImageObject\",\"inLanguage\":\"pt-BR\",\"@id\":\"https:\/\/portalraizesnoticias.com.br\/#\/schema\/person\/image\/\",\"url\":\"https:\/\/secure.gravatar.com\/avatar\/ef450d29013a3d3fba867a12a249d7b1?s=96&d=mm&r=g\",\"contentUrl\":\"https:\/\/secure.gravatar.com\/avatar\/ef450d29013a3d3fba867a12a249d7b1?s=96&d=mm&r=g\",\"caption\":\"Portal Raizes\"},\"url\":\"https:\/\/portalraizesnoticias.com.br\/?author=3\"}]}<\/script>\n<!-- \/ Yoast SEO plugin. -->","yoast_head_json":{"title":"Homem \u00e9 espancado com barra de ferro na zona rural de Concei\u00e7\u00e3o do Coit\u00e9 - Portal raizes noticias","robots":{"index":"index","follow":"follow","max-snippet":"max-snippet:-1","max-image-preview":"max-image-preview:large","max-video-preview":"max-video-preview:-1"},"canonical":"https:\/\/portalraizesnoticias.com.br\/?p=7121","og_locale":"pt_BR","og_type":"article","og_title":"Homem \u00e9 espancado com barra de ferro na zona rural de Concei\u00e7\u00e3o do Coit\u00e9 - Portal raizes noticias","og_description":"Por volta das 15h deste s\u00e1bado (21), Fernando dos Anjos, de 33 anos, ficou ferido ap\u00f3s ser agredido nas proximidades do povoado de Cantinho, zona rural de Concei\u00e7\u00e3o do Coit\u00e9. Segundo informa\u00e7\u00f5es, a v\u00edtima foi espancada por outro homem, que utilizou uma barra de ferro conhecida como &#8220;bengala de moto&#8221; para cometer a agress\u00e3o. De acordo com o socorrista Evandro Evangelista, da equipe \u00c1guia Resgate, Fernando apresentava v\u00e1rios hematomas nas costas e suspeita de fratura em um dos bra\u00e7os. Ap\u00f3s receber os primeiros atendimentos no local, ele foi encaminhado \u00e0 emerg\u00eancia do Hospital Portugu\u00eas de Coit\u00e9","og_url":"https:\/\/portalraizesnoticias.com.br\/?p=7121","og_site_name":"Portal raizes noticias","article_published_time":"2025-06-21T18:25:40+00:00","article_modified_time":"2025-08-20T18:05:33+00:00","og_image":[{"width":1200,"height":1600,"url":"https:\/\/portalraizesnoticias.com.br\/wp-content\/uploads\/2025\/06\/IMG-20250621-WA0187.jpg","type":"image\/jpeg"}],"author":"Portal Raizes","twitter_card":"summary_large_image","twitter_misc":{"Escrito por":"Portal Raizes","Est. tempo de leitura":"1 minuto"},"schema":{"@context":"https:\/\/schema.org","@graph":[{"@type":"Article","@id":"https:\/\/portalraizesnoticias.com.br\/?p=7121#article","isPartOf":{"@id":"https:\/\/portalraizesnoticias.com.br\/?p=7121"},"author":{"name":"Portal Raizes","@id":"https:\/\/portalraizesnoticias.com.br\/#\/schema\/person\/a3ca6b0fc701e78df19756c417d943ae"},"headline":"Homem \u00e9 espancado com barra de ferro na zona rural de Concei\u00e7\u00e3o do Coit\u00e9","datePublished":"2025-06-21T18:25:40+00:00","dateModified":"2025-08-20T18:05:33+00:00","mainEntityOfPage":{"@id":"https:\/\/portalraizesnoticias.com.br\/?p=7121"},"wordCount":132,"commentCount":0,"publisher":{"@id":"https:\/\/portalraizesnoticias.com.br\/#organization"},"image":{"@id":"https:\/\/portalraizesnoticias.com.br\/?p=7121#primaryimage"},"thumbnailUrl":"https:\/\/portalraizesnoticias.com.br\/wp-content\/uploads\/2025\/06\/IMG-20250621-WA0187.jpg","keywords":["Agredjdo","Coit\u00e9","Homem"],"articleSection":["DESTAQUES","POLICIA","ULTIMAS NOTICIAS"],"inLanguage":"pt-BR","potentialAction":[{"@type":"CommentAction","name":"Comment","target":["https:\/\/portalraizesnoticias.com.br\/?p=7121#respond"]}]},{"@type":"WebPage","@id":"https:\/\/portalraizesnoticias.com.br\/?p=7121","url":"https:\/\/portalraizesnoticias.com.br\/?p=7121","name":"Homem \u00e9 espancado com barra de ferro na zona rural de Concei\u00e7\u00e3o do Coit\u00e9 - Portal raizes noticias","isPartOf":{"@id":"https:\/\/portalraizesnoticias.com.br\/#website"},"primaryImageOfPage":{"@id":"https:\/\/portalraizesnoticias.com.br\/?p=7121#primaryimage"},"image":{"@id":"https:\/\/portalraizesnoticias.com.br\/?p=7121#primaryimage"},"thumbnailUrl":"https:\/\/portalraizesnoticias.com.br\/wp-content\/uploads\/2025\/06\/IMG-20250621-WA0187.jpg","datePublished":"2025-06-21T18:25:40+00:00","dateModified":"2025-08-20T18:05:33+00:00","breadcrumb":{"@id":"https:\/\/portalraizesnoticias.com.br\/?p=7121#breadcrumb"},"inLanguage":"pt-BR","potentialAction":[{"@type":"ReadAction","target":["https:\/\/portalraizesnoticias.com.br\/?p=7121"]}]},{"@type":"ImageObject","inLanguage":"pt-BR","@id":"https:\/\/portalraizesnoticias.com.br\/?p=7121#primaryimage","url":"https:\/\/portalraizesnoticias.com.br\/wp-content\/uploads\/2025\/06\/IMG-20250621-WA0187.jpg","contentUrl":"https:\/\/portalraizesnoticias.com.br\/wp-content\/uploads\/2025\/06\/IMG-20250621-WA0187.jpg","width":1200,"height":1600},{"@type":"BreadcrumbList","@id":"https:\/\/portalraizesnoticias.com.br\/?p=7121#breadcrumb","itemListElement":[{"@type":"ListItem","position":1,"name":"In\u00edcio","item":"https:\/\/portalraizesnoticias.com.br\/"},{"@type":"ListItem","position":2,"name":"Homem \u00e9 espancado com barra de ferro na zona rural de Concei\u00e7\u00e3o do Coit\u00e9"}]},{"@type":"WebSite","@id":"https:\/\/portalraizesnoticias.com.br\/#website","url":"https:\/\/portalraizesnoticias.com.br\/","name":"Portal raizes NOTICIAS","description":"site de noticias de concei\u00e7\u00e3o do coit\u00e9 e regi\u00e3o","publisher":{"@id":"https:\/\/portalraizesnoticias.com.br\/#organization"},"alternateName":"PORTAL RAIZES COIT\u00c9","potentialAction":[{"@type":"SearchAction","target":{"@type":"EntryPoint","urlTemplate":"https:\/\/portalraizesnoticias.com.br\/?s={search_term_string}"},"query-input":{"@type":"PropertyValueSpecification","valueRequired":true,"valueName":"search_term_string"}}],"inLanguage":"pt-BR"},{"@type":"Organization","@id":"https:\/\/portalraizesnoticias.com.br\/#organization","name":"Portal raizes NOTICIAS","url":"https:\/\/portalraizesnoticias.com.br\/","logo":{"@type":"ImageObject","inLanguage":"pt-BR","@id":"https:\/\/portalraizesnoticias.com.br\/#\/schema\/logo\/image\/","url":"https:\/\/portalraizesnoticias.com.br\/wp-content\/uploads\/2024\/09\/cropped-Captura-de-tela-2024-09-08-011108.png","contentUrl":"https:\/\/portalraizesnoticias.com.br\/wp-content\/uploads\/2024\/09\/cropped-Captura-de-tela-2024-09-08-011108.png","width":606,"height":173,"caption":"Portal raizes NOTICIAS"},"image":{"@id":"https:\/\/portalraizesnoticias.com.br\/#\/schema\/logo\/image\/"}},{"@type":"Person","@id":"https:\/\/portalraizesnoticias.com.br\/#\/schema\/person\/a3ca6b0fc701e78df19756c417d943ae","name":"Portal Raizes","image":{"@type":"ImageObject","inLanguage":"pt-BR","@id":"https:\/\/portalraizesnoticias.com.br\/#\/schema\/person\/image\/","url":"https:\/\/secure.gravatar.com\/avatar\/ef450d29013a3d3fba867a12a249d7b1?s=96&d=mm&r=g","contentUrl":"https:\/\/secure.gravatar.com\/avatar\/ef450d29013a3d3fba867a12a249d7b1?s=96&d=mm&r=g","caption":"Portal Raizes"},"url":"https:\/\/portalraizesnoticias.com.br\/?author=3"}]}},"_links":{"self":[{"href":"https:\/\/portalraizesnoticias.com.br\/index.php?rest_route=\/wp\/v2\/posts\/7121"}],"collection":[{"href":"https:\/\/portalraizesnoticias.com.br\/index.php?rest_route=\/wp\/v2\/posts"}],"about":[{"href":"https:\/\/portalraizesnoticias.com.br\/index.php?rest_route=\/wp\/v2\/types\/post"}],"author":[{"embeddable":true,"href":"https:\/\/portalraizesnoticias.com.br\/index.php?rest_route=\/wp\/v2\/users\/3"}],"replies":[{"embeddable":true,"href":"https:\/\/portalraizesnoticias.com.br\/index.php?rest_route=%2Fwp%2Fv2%2Fcomments&post=7121"}],"version-history":[{"count":1,"href":"https:\/\/portalraizesnoticias.com.br\/index.php?rest_route=\/wp\/v2\/posts\/7121\/revisions"}],"predecessor-version":[{"id":7124,"href":"https:\/\/portalraizesnoticias.com.br\/index.php?rest_route=\/wp\/v2\/posts\/7121\/revisions\/7124"}],"wp:featuredmedia":[{"embeddable":true,"href":"https:\/\/portalraizesnoticias.com.br\/index.php?rest_route=\/wp\/v2\/media\/7122"}],"wp:attachment":[{"href":"https:\/\/portalraizesnoticias.com.br\/index.php?rest_route=%2Fwp%2Fv2%2Fmedia&parent=7121"}],"wp:term":[{"taxonomy":"category","embeddable":true,"href":"https:\/\/portalraizesnoticias.com.br\/index.php?rest_route=%2Fwp%2Fv2%2Fcategories&post=7121"},{"taxonomy":"post_tag","embeddable":true,"href":"https:\/\/portalraizesnoticias.com.br\/index.php?rest_route=%2Fwp%2Fv2%2Ftags&post=7121"}],"curies":[{"name":"wp","href":"https:\/\/api.w.org\/{rel}","templated":true}]}}