{"id":7107,"date":"2025-06-19T14:32:31","date_gmt":"2025-06-19T17:32:31","guid":{"rendered":"https:\/\/portalraizesnoticias.com.br\/?p=7107"},"modified":"2025-08-20T15:02:11","modified_gmt":"2025-08-20T18:02:11","slug":"cdl-jovem-leva-clima-junino-e-solidariedade-para-hospitais-pediatricos","status":"publish","type":"post","link":"https:\/\/portalraizesnoticias.com.br\/?p=7107","title":{"rendered":"CDL Jovem leva clima junino e solidariedade para hospitais pedi\u00e1tricos"},"content":{"rendered":"\n<p>O esp\u00edrito solid\u00e1rio e a alegria do S\u00e3o Jo\u00e3o chegaram at\u00e9 as crian\u00e7as internadas em hospitais de Feira de Santana, na tarde desta quarta-feira (18). A a\u00e7\u00e3o foi promovida pela CDL Jovem, que levou m\u00fasica, doces e muita anima\u00e7\u00e3o ao Hospital Pedi\u00e1trico Vida Nobre e ao Hospital Estadual da Crian\u00e7a.<\/p>\n\n\n\n<p>Ao som da sanfona de Vitinho Forr\u00f3 e na companhia dos personagens Maria Bonita e Lampi\u00e3o, os volunt\u00e1rios percorreram os corredores dos hospitais distribuindo doces, sorrisos e esperan\u00e7a. A iniciativa proporcionou um momento de leveza e acolhimento tanto para as crian\u00e7as quanto para os acompanhantes e profissionais de sa\u00fade.<\/p>\n\n\n\n<p>\u201cFoi uma experi\u00eancia muito bonita e emocionante. Ver a alegria das crian\u00e7as, algumas at\u00e9 se emocionando, agradecendo\u2026 \u00c9 algo que vai ficar eternizado para todos n\u00f3s que participamos. Levar um pouco da cultura do nosso S\u00e3o Jo\u00e3o para dentro dos hospitais foi muito especial\u201d, destaca Leonardo Miranda, vice-presidente da CDL Jovem.<\/p>\n\n\n\n<p>Al\u00e9m de Leonardo, participaram da a\u00e7\u00e3o os diretores da CDL Jovem, Abner Portugal e Caio Matos. A iniciativa contou com o apoio de Arthur Jorge, da Raf\u00e1h Rede Hospitalar, e da Doce Vieira, respons\u00e1vel pela doa\u00e7\u00e3o dos doces.<\/p>\n\n\n\n<p>A CDL Jovem refor\u00e7a que iniciativas como essa fazem parte do compromisso da entidade em promover n\u00e3o apenas o desenvolvimento do com\u00e9rcio, mas tamb\u00e9m a\u00e7\u00f5es que impactem positivamente a comunidade.&nbsp;<\/p>\n","protected":false},"excerpt":{"rendered":"<p>O esp\u00edrito solid\u00e1rio e a alegria do S\u00e3o Jo\u00e3o chegaram at\u00e9 as crian\u00e7as internadas em hospitais de Feira de Santana, na tarde desta quarta-feira (18). A a\u00e7\u00e3o foi promovida pela CDL Jovem, que levou m\u00fasica, doces e muita anima\u00e7\u00e3o ao Hospital Pedi\u00e1trico Vida Nobre e ao Hospital Estadual da Crian\u00e7a. Ao som da sanfona de Vitinho Forr\u00f3 e na companhia dos personagens Maria Bonita e Lampi\u00e3o, os volunt\u00e1rios percorreram os corredores dos hospitais distribuindo doces, sorrisos e esperan\u00e7a. A iniciativa proporcionou um momento de leveza e acolhimento tanto para as crian\u00e7as quanto para os acompanhantes e profissionais de sa\u00fade. \u201cFoi uma experi\u00eancia muito bonita e emocionante. Ver a alegria das crian\u00e7as, algumas at\u00e9 se emocionando, agradecendo\u2026 \u00c9 algo que vai ficar eternizado para todos n\u00f3s que participamos. Levar um pouco da cultura do nosso S\u00e3o Jo\u00e3o para dentro dos hospitais foi muito especial\u201d, destaca Leonardo Miranda, vice-presidente da CDL Jovem. Al\u00e9m de Leonardo, participaram da a\u00e7\u00e3o os diretores da CDL Jovem, Abner Portugal e Caio Matos. A iniciativa contou com o apoio de Arthur Jorge, da Raf\u00e1h Rede Hospitalar, e da Doce Vieira, respons\u00e1vel pela doa\u00e7\u00e3o dos doces. A CDL Jovem refor\u00e7a que iniciativas como essa fazem parte do compromisso da entidade em promover n\u00e3o apenas o desenvolvimento do com\u00e9rcio, mas tamb\u00e9m a\u00e7\u00f5es que impactem positivamente a comunidade.&nbsp;<\/p>\n","protected":false},"author":3,"featured_media":7108,"comment_status":"open","ping_status":"open","sticky":false,"template":"","format":"standard","meta":{"_joinchat":[],"footnotes":""},"categories":[86,59],"tags":[],"class_list":["post-7107","post","type-post","status-publish","format-standard","has-post-thumbnail","hentry","category-saude","category-ultimas-noticias"],"yoast_head":"<!-- This site is optimized with the Yoast SEO plugin v24.4 - https:\/\/yoast.com\/wordpress\/plugins\/seo\/ -->\n<title>CDL Jovem leva clima junino e solidariedade para hospitais pedi\u00e1tricos - Portal raizes noticias<\/title>\n<meta name=\"robots\" content=\"index, follow, max-snippet:-1, max-image-preview:large, max-video-preview:-1\" \/>\n<link rel=\"canonical\" href=\"https:\/\/portalraizesnoticias.com.br\/?p=7107\" \/>\n<meta property=\"og:locale\" content=\"pt_BR\" \/>\n<meta property=\"og:type\" content=\"article\" \/>\n<meta property=\"og:title\" content=\"CDL Jovem leva clima junino e solidariedade para hospitais pedi\u00e1tricos - Portal raizes noticias\" \/>\n<meta property=\"og:description\" content=\"O esp\u00edrito solid\u00e1rio e a alegria do S\u00e3o Jo\u00e3o chegaram at\u00e9 as crian\u00e7as internadas em hospitais de Feira de Santana, na tarde desta quarta-feira (18). A a\u00e7\u00e3o foi promovida pela CDL Jovem, que levou m\u00fasica, doces e muita anima\u00e7\u00e3o ao Hospital Pedi\u00e1trico Vida Nobre e ao Hospital Estadual da Crian\u00e7a. Ao som da sanfona de Vitinho Forr\u00f3 e na companhia dos personagens Maria Bonita e Lampi\u00e3o, os volunt\u00e1rios percorreram os corredores dos hospitais distribuindo doces, sorrisos e esperan\u00e7a. A iniciativa proporcionou um momento de leveza e acolhimento tanto para as crian\u00e7as quanto para os acompanhantes e profissionais de sa\u00fade. \u201cFoi uma experi\u00eancia muito bonita e emocionante. Ver a alegria das crian\u00e7as, algumas at\u00e9 se emocionando, agradecendo\u2026 \u00c9 algo que vai ficar eternizado para todos n\u00f3s que participamos. Levar um pouco da cultura do nosso S\u00e3o Jo\u00e3o para dentro dos hospitais foi muito especial\u201d, destaca Leonardo Miranda, vice-presidente da CDL Jovem. Al\u00e9m de Leonardo, participaram da a\u00e7\u00e3o os diretores da CDL Jovem, Abner Portugal e Caio Matos. A iniciativa contou com o apoio de Arthur Jorge, da Raf\u00e1h Rede Hospitalar, e da Doce Vieira, respons\u00e1vel pela doa\u00e7\u00e3o dos doces. A CDL Jovem refor\u00e7a que iniciativas como essa fazem parte do compromisso da entidade em promover n\u00e3o apenas o desenvolvimento do com\u00e9rcio, mas tamb\u00e9m a\u00e7\u00f5es que impactem positivamente a comunidade.&nbsp;\" \/>\n<meta property=\"og:url\" content=\"https:\/\/portalraizesnoticias.com.br\/?p=7107\" \/>\n<meta property=\"og:site_name\" content=\"Portal raizes noticias\" \/>\n<meta property=\"article:published_time\" content=\"2025-06-19T17:32:31+00:00\" \/>\n<meta property=\"article:modified_time\" content=\"2025-08-20T18:02:11+00:00\" \/>\n<meta property=\"og:image\" content=\"https:\/\/portalraizesnoticias.com.br\/wp-content\/uploads\/2025\/06\/b2ap3_medium_Divulgacao-CDL-Jovem-2-1024x768-1.jpeg\" \/>\n\t<meta property=\"og:image:width\" content=\"640\" \/>\n\t<meta property=\"og:image:height\" content=\"480\" \/>\n\t<meta property=\"og:image:type\" content=\"image\/jpeg\" \/>\n<meta name=\"author\" content=\"Portal Raizes\" \/>\n<meta name=\"twitter:card\" content=\"summary_large_image\" \/>\n<meta name=\"twitter:label1\" content=\"Escrito por\" \/>\n\t<meta name=\"twitter:data1\" content=\"Portal Raizes\" \/>\n\t<meta name=\"twitter:label2\" content=\"Est. tempo de leitura\" \/>\n\t<meta name=\"twitter:data2\" content=\"2 minutos\" \/>\n<script type=\"application\/ld+json\" class=\"yoast-schema-graph\">{\"@context\":\"https:\/\/schema.org\",\"@graph\":[{\"@type\":\"Article\",\"@id\":\"https:\/\/portalraizesnoticias.com.br\/?p=7107#article\",\"isPartOf\":{\"@id\":\"https:\/\/portalraizesnoticias.com.br\/?p=7107\"},\"author\":{\"name\":\"Portal Raizes\",\"@id\":\"https:\/\/portalraizesnoticias.com.br\/#\/schema\/person\/a3ca6b0fc701e78df19756c417d943ae\"},\"headline\":\"CDL Jovem leva clima junino e solidariedade para hospitais pedi\u00e1tricos\",\"datePublished\":\"2025-06-19T17:32:31+00:00\",\"dateModified\":\"2025-08-20T18:02:11+00:00\",\"mainEntityOfPage\":{\"@id\":\"https:\/\/portalraizesnoticias.com.br\/?p=7107\"},\"wordCount\":258,\"commentCount\":0,\"publisher\":{\"@id\":\"https:\/\/portalraizesnoticias.com.br\/#organization\"},\"image\":{\"@id\":\"https:\/\/portalraizesnoticias.com.br\/?p=7107#primaryimage\"},\"thumbnailUrl\":\"https:\/\/portalraizesnoticias.com.br\/wp-content\/uploads\/2025\/06\/b2ap3_medium_Divulgacao-CDL-Jovem-2-1024x768-1.jpeg\",\"articleSection\":[\"SA\u00daDE\",\"ULTIMAS NOTICIAS\"],\"inLanguage\":\"pt-BR\",\"potentialAction\":[{\"@type\":\"CommentAction\",\"name\":\"Comment\",\"target\":[\"https:\/\/portalraizesnoticias.com.br\/?p=7107#respond\"]}]},{\"@type\":\"WebPage\",\"@id\":\"https:\/\/portalraizesnoticias.com.br\/?p=7107\",\"url\":\"https:\/\/portalraizesnoticias.com.br\/?p=7107\",\"name\":\"CDL Jovem leva clima junino e solidariedade para hospitais pedi\u00e1tricos - Portal raizes noticias\",\"isPartOf\":{\"@id\":\"https:\/\/portalraizesnoticias.com.br\/#website\"},\"primaryImageOfPage\":{\"@id\":\"https:\/\/portalraizesnoticias.com.br\/?p=7107#primaryimage\"},\"image\":{\"@id\":\"https:\/\/portalraizesnoticias.com.br\/?p=7107#primaryimage\"},\"thumbnailUrl\":\"https:\/\/portalraizesnoticias.com.br\/wp-content\/uploads\/2025\/06\/b2ap3_medium_Divulgacao-CDL-Jovem-2-1024x768-1.jpeg\",\"datePublished\":\"2025-06-19T17:32:31+00:00\",\"dateModified\":\"2025-08-20T18:02:11+00:00\",\"breadcrumb\":{\"@id\":\"https:\/\/portalraizesnoticias.com.br\/?p=7107#breadcrumb\"},\"inLanguage\":\"pt-BR\",\"potentialAction\":[{\"@type\":\"ReadAction\",\"target\":[\"https:\/\/portalraizesnoticias.com.br\/?p=7107\"]}]},{\"@type\":\"ImageObject\",\"inLanguage\":\"pt-BR\",\"@id\":\"https:\/\/portalraizesnoticias.com.br\/?p=7107#primaryimage\",\"url\":\"https:\/\/portalraizesnoticias.com.br\/wp-content\/uploads\/2025\/06\/b2ap3_medium_Divulgacao-CDL-Jovem-2-1024x768-1.jpeg\",\"contentUrl\":\"https:\/\/portalraizesnoticias.com.br\/wp-content\/uploads\/2025\/06\/b2ap3_medium_Divulgacao-CDL-Jovem-2-1024x768-1.jpeg\",\"width\":640,\"height\":480},{\"@type\":\"BreadcrumbList\",\"@id\":\"https:\/\/portalraizesnoticias.com.br\/?p=7107#breadcrumb\",\"itemListElement\":[{\"@type\":\"ListItem\",\"position\":1,\"name\":\"In\u00edcio\",\"item\":\"https:\/\/portalraizesnoticias.com.br\/\"},{\"@type\":\"ListItem\",\"position\":2,\"name\":\"CDL Jovem leva clima junino e solidariedade para hospitais pedi\u00e1tricos\"}]},{\"@type\":\"WebSite\",\"@id\":\"https:\/\/portalraizesnoticias.com.br\/#website\",\"url\":\"https:\/\/portalraizesnoticias.com.br\/\",\"name\":\"Portal raizes NOTICIAS\",\"description\":\"site de noticias de concei\u00e7\u00e3o do coit\u00e9 e regi\u00e3o\",\"publisher\":{\"@id\":\"https:\/\/portalraizesnoticias.com.br\/#organization\"},\"alternateName\":\"PORTAL RAIZES COIT\u00c9\",\"potentialAction\":[{\"@type\":\"SearchAction\",\"target\":{\"@type\":\"EntryPoint\",\"urlTemplate\":\"https:\/\/portalraizesnoticias.com.br\/?s={search_term_string}\"},\"query-input\":{\"@type\":\"PropertyValueSpecification\",\"valueRequired\":true,\"valueName\":\"search_term_string\"}}],\"inLanguage\":\"pt-BR\"},{\"@type\":\"Organization\",\"@id\":\"https:\/\/portalraizesnoticias.com.br\/#organization\",\"name\":\"Portal raizes NOTICIAS\",\"url\":\"https:\/\/portalraizesnoticias.com.br\/\",\"logo\":{\"@type\":\"ImageObject\",\"inLanguage\":\"pt-BR\",\"@id\":\"https:\/\/portalraizesnoticias.com.br\/#\/schema\/logo\/image\/\",\"url\":\"https:\/\/portalraizesnoticias.com.br\/wp-content\/uploads\/2024\/09\/cropped-Captura-de-tela-2024-09-08-011108.png\",\"contentUrl\":\"https:\/\/portalraizesnoticias.com.br\/wp-content\/uploads\/2024\/09\/cropped-Captura-de-tela-2024-09-08-011108.png\",\"width\":606,\"height\":173,\"caption\":\"Portal raizes NOTICIAS\"},\"image\":{\"@id\":\"https:\/\/portalraizesnoticias.com.br\/#\/schema\/logo\/image\/\"}},{\"@type\":\"Person\",\"@id\":\"https:\/\/portalraizesnoticias.com.br\/#\/schema\/person\/a3ca6b0fc701e78df19756c417d943ae\",\"name\":\"Portal Raizes\",\"image\":{\"@type\":\"ImageObject\",\"inLanguage\":\"pt-BR\",\"@id\":\"https:\/\/portalraizesnoticias.com.br\/#\/schema\/person\/image\/\",\"url\":\"https:\/\/secure.gravatar.com\/avatar\/ef450d29013a3d3fba867a12a249d7b1?s=96&d=mm&r=g\",\"contentUrl\":\"https:\/\/secure.gravatar.com\/avatar\/ef450d29013a3d3fba867a12a249d7b1?s=96&d=mm&r=g\",\"caption\":\"Portal Raizes\"},\"url\":\"https:\/\/portalraizesnoticias.com.br\/?author=3\"}]}<\/script>\n<!-- \/ Yoast SEO plugin. -->","yoast_head_json":{"title":"CDL Jovem leva clima junino e solidariedade para hospitais pedi\u00e1tricos - Portal raizes noticias","robots":{"index":"index","follow":"follow","max-snippet":"max-snippet:-1","max-image-preview":"max-image-preview:large","max-video-preview":"max-video-preview:-1"},"canonical":"https:\/\/portalraizesnoticias.com.br\/?p=7107","og_locale":"pt_BR","og_type":"article","og_title":"CDL Jovem leva clima junino e solidariedade para hospitais pedi\u00e1tricos - Portal raizes noticias","og_description":"O esp\u00edrito solid\u00e1rio e a alegria do S\u00e3o Jo\u00e3o chegaram at\u00e9 as crian\u00e7as internadas em hospitais de Feira de Santana, na tarde desta quarta-feira (18). A a\u00e7\u00e3o foi promovida pela CDL Jovem, que levou m\u00fasica, doces e muita anima\u00e7\u00e3o ao Hospital Pedi\u00e1trico Vida Nobre e ao Hospital Estadual da Crian\u00e7a. Ao som da sanfona de Vitinho Forr\u00f3 e na companhia dos personagens Maria Bonita e Lampi\u00e3o, os volunt\u00e1rios percorreram os corredores dos hospitais distribuindo doces, sorrisos e esperan\u00e7a. A iniciativa proporcionou um momento de leveza e acolhimento tanto para as crian\u00e7as quanto para os acompanhantes e profissionais de sa\u00fade. \u201cFoi uma experi\u00eancia muito bonita e emocionante. Ver a alegria das crian\u00e7as, algumas at\u00e9 se emocionando, agradecendo\u2026 \u00c9 algo que vai ficar eternizado para todos n\u00f3s que participamos. Levar um pouco da cultura do nosso S\u00e3o Jo\u00e3o para dentro dos hospitais foi muito especial\u201d, destaca Leonardo Miranda, vice-presidente da CDL Jovem. Al\u00e9m de Leonardo, participaram da a\u00e7\u00e3o os diretores da CDL Jovem, Abner Portugal e Caio Matos. A iniciativa contou com o apoio de Arthur Jorge, da Raf\u00e1h Rede Hospitalar, e da Doce Vieira, respons\u00e1vel pela doa\u00e7\u00e3o dos doces. A CDL Jovem refor\u00e7a que iniciativas como essa fazem parte do compromisso da entidade em promover n\u00e3o apenas o desenvolvimento do com\u00e9rcio, mas tamb\u00e9m a\u00e7\u00f5es que impactem positivamente a comunidade.&nbsp;","og_url":"https:\/\/portalraizesnoticias.com.br\/?p=7107","og_site_name":"Portal raizes noticias","article_published_time":"2025-06-19T17:32:31+00:00","article_modified_time":"2025-08-20T18:02:11+00:00","og_image":[{"width":640,"height":480,"url":"https:\/\/portalraizesnoticias.com.br\/wp-content\/uploads\/2025\/06\/b2ap3_medium_Divulgacao-CDL-Jovem-2-1024x768-1.jpeg","type":"image\/jpeg"}],"author":"Portal Raizes","twitter_card":"summary_large_image","twitter_misc":{"Escrito por":"Portal Raizes","Est. tempo de leitura":"2 minutos"},"schema":{"@context":"https:\/\/schema.org","@graph":[{"@type":"Article","@id":"https:\/\/portalraizesnoticias.com.br\/?p=7107#article","isPartOf":{"@id":"https:\/\/portalraizesnoticias.com.br\/?p=7107"},"author":{"name":"Portal Raizes","@id":"https:\/\/portalraizesnoticias.com.br\/#\/schema\/person\/a3ca6b0fc701e78df19756c417d943ae"},"headline":"CDL Jovem leva clima junino e solidariedade para hospitais pedi\u00e1tricos","datePublished":"2025-06-19T17:32:31+00:00","dateModified":"2025-08-20T18:02:11+00:00","mainEntityOfPage":{"@id":"https:\/\/portalraizesnoticias.com.br\/?p=7107"},"wordCount":258,"commentCount":0,"publisher":{"@id":"https:\/\/portalraizesnoticias.com.br\/#organization"},"image":{"@id":"https:\/\/portalraizesnoticias.com.br\/?p=7107#primaryimage"},"thumbnailUrl":"https:\/\/portalraizesnoticias.com.br\/wp-content\/uploads\/2025\/06\/b2ap3_medium_Divulgacao-CDL-Jovem-2-1024x768-1.jpeg","articleSection":["SA\u00daDE","ULTIMAS NOTICIAS"],"inLanguage":"pt-BR","potentialAction":[{"@type":"CommentAction","name":"Comment","target":["https:\/\/portalraizesnoticias.com.br\/?p=7107#respond"]}]},{"@type":"WebPage","@id":"https:\/\/portalraizesnoticias.com.br\/?p=7107","url":"https:\/\/portalraizesnoticias.com.br\/?p=7107","name":"CDL Jovem leva clima junino e solidariedade para hospitais pedi\u00e1tricos - Portal raizes noticias","isPartOf":{"@id":"https:\/\/portalraizesnoticias.com.br\/#website"},"primaryImageOfPage":{"@id":"https:\/\/portalraizesnoticias.com.br\/?p=7107#primaryimage"},"image":{"@id":"https:\/\/portalraizesnoticias.com.br\/?p=7107#primaryimage"},"thumbnailUrl":"https:\/\/portalraizesnoticias.com.br\/wp-content\/uploads\/2025\/06\/b2ap3_medium_Divulgacao-CDL-Jovem-2-1024x768-1.jpeg","datePublished":"2025-06-19T17:32:31+00:00","dateModified":"2025-08-20T18:02:11+00:00","breadcrumb":{"@id":"https:\/\/portalraizesnoticias.com.br\/?p=7107#breadcrumb"},"inLanguage":"pt-BR","potentialAction":[{"@type":"ReadAction","target":["https:\/\/portalraizesnoticias.com.br\/?p=7107"]}]},{"@type":"ImageObject","inLanguage":"pt-BR","@id":"https:\/\/portalraizesnoticias.com.br\/?p=7107#primaryimage","url":"https:\/\/portalraizesnoticias.com.br\/wp-content\/uploads\/2025\/06\/b2ap3_medium_Divulgacao-CDL-Jovem-2-1024x768-1.jpeg","contentUrl":"https:\/\/portalraizesnoticias.com.br\/wp-content\/uploads\/2025\/06\/b2ap3_medium_Divulgacao-CDL-Jovem-2-1024x768-1.jpeg","width":640,"height":480},{"@type":"BreadcrumbList","@id":"https:\/\/portalraizesnoticias.com.br\/?p=7107#breadcrumb","itemListElement":[{"@type":"ListItem","position":1,"name":"In\u00edcio","item":"https:\/\/portalraizesnoticias.com.br\/"},{"@type":"ListItem","position":2,"name":"CDL Jovem leva clima junino e solidariedade para hospitais pedi\u00e1tricos"}]},{"@type":"WebSite","@id":"https:\/\/portalraizesnoticias.com.br\/#website","url":"https:\/\/portalraizesnoticias.com.br\/","name":"Portal raizes NOTICIAS","description":"site de noticias de concei\u00e7\u00e3o do coit\u00e9 e regi\u00e3o","publisher":{"@id":"https:\/\/portalraizesnoticias.com.br\/#organization"},"alternateName":"PORTAL RAIZES COIT\u00c9","potentialAction":[{"@type":"SearchAction","target":{"@type":"EntryPoint","urlTemplate":"https:\/\/portalraizesnoticias.com.br\/?s={search_term_string}"},"query-input":{"@type":"PropertyValueSpecification","valueRequired":true,"valueName":"search_term_string"}}],"inLanguage":"pt-BR"},{"@type":"Organization","@id":"https:\/\/portalraizesnoticias.com.br\/#organization","name":"Portal raizes NOTICIAS","url":"https:\/\/portalraizesnoticias.com.br\/","logo":{"@type":"ImageObject","inLanguage":"pt-BR","@id":"https:\/\/portalraizesnoticias.com.br\/#\/schema\/logo\/image\/","url":"https:\/\/portalraizesnoticias.com.br\/wp-content\/uploads\/2024\/09\/cropped-Captura-de-tela-2024-09-08-011108.png","contentUrl":"https:\/\/portalraizesnoticias.com.br\/wp-content\/uploads\/2024\/09\/cropped-Captura-de-tela-2024-09-08-011108.png","width":606,"height":173,"caption":"Portal raizes NOTICIAS"},"image":{"@id":"https:\/\/portalraizesnoticias.com.br\/#\/schema\/logo\/image\/"}},{"@type":"Person","@id":"https:\/\/portalraizesnoticias.com.br\/#\/schema\/person\/a3ca6b0fc701e78df19756c417d943ae","name":"Portal Raizes","image":{"@type":"ImageObject","inLanguage":"pt-BR","@id":"https:\/\/portalraizesnoticias.com.br\/#\/schema\/person\/image\/","url":"https:\/\/secure.gravatar.com\/avatar\/ef450d29013a3d3fba867a12a249d7b1?s=96&d=mm&r=g","contentUrl":"https:\/\/secure.gravatar.com\/avatar\/ef450d29013a3d3fba867a12a249d7b1?s=96&d=mm&r=g","caption":"Portal Raizes"},"url":"https:\/\/portalraizesnoticias.com.br\/?author=3"}]}},"_links":{"self":[{"href":"https:\/\/portalraizesnoticias.com.br\/index.php?rest_route=\/wp\/v2\/posts\/7107"}],"collection":[{"href":"https:\/\/portalraizesnoticias.com.br\/index.php?rest_route=\/wp\/v2\/posts"}],"about":[{"href":"https:\/\/portalraizesnoticias.com.br\/index.php?rest_route=\/wp\/v2\/types\/post"}],"author":[{"embeddable":true,"href":"https:\/\/portalraizesnoticias.com.br\/index.php?rest_route=\/wp\/v2\/users\/3"}],"replies":[{"embeddable":true,"href":"https:\/\/portalraizesnoticias.com.br\/index.php?rest_route=%2Fwp%2Fv2%2Fcomments&post=7107"}],"version-history":[{"count":1,"href":"https:\/\/portalraizesnoticias.com.br\/index.php?rest_route=\/wp\/v2\/posts\/7107\/revisions"}],"predecessor-version":[{"id":7109,"href":"https:\/\/portalraizesnoticias.com.br\/index.php?rest_route=\/wp\/v2\/posts\/7107\/revisions\/7109"}],"wp:featuredmedia":[{"embeddable":true,"href":"https:\/\/portalraizesnoticias.com.br\/index.php?rest_route=\/wp\/v2\/media\/7108"}],"wp:attachment":[{"href":"https:\/\/portalraizesnoticias.com.br\/index.php?rest_route=%2Fwp%2Fv2%2Fmedia&parent=7107"}],"wp:term":[{"taxonomy":"category","embeddable":true,"href":"https:\/\/portalraizesnoticias.com.br\/index.php?rest_route=%2Fwp%2Fv2%2Fcategories&post=7107"},{"taxonomy":"post_tag","embeddable":true,"href":"https:\/\/portalraizesnoticias.com.br\/index.php?rest_route=%2Fwp%2Fv2%2Ftags&post=7107"}],"curies":[{"name":"wp","href":"https:\/\/api.w.org\/{rel}","templated":true}]}}