{"id":7098,"date":"2025-06-18T06:58:30","date_gmt":"2025-06-18T09:58:30","guid":{"rendered":"https:\/\/portalraizesnoticias.com.br\/?p=7098"},"modified":"2025-08-20T15:00:56","modified_gmt":"2025-08-20T18:00:56","slug":"juiz-de-conceicao-do-coite-descobre-autismo-aos-53-anos-e-compartilha-historia-inspiradora-saiba-mais","status":"publish","type":"post","link":"https:\/\/portalraizesnoticias.com.br\/?p=7098","title":{"rendered":"Juiz de Concei\u00e7\u00e3o do Coit\u00e9 descobre autismo aos 53 anos e compartilha hist\u00f3ria inspiradora. Saiba mais!"},"content":{"rendered":"<p>Formado no Ensino M\u00e9dio aos 17 anos, graduado em Direito aos 21 e empossado como juiz antes dos 30. Em menos de dez anos, o baiano Gerivaldo Alves Neiva construiu uma carreira acad\u00eamica e profissional de destaque, que para muitos era a confirma\u00e7\u00e3o de que ele era mesmo um menino pr\u00f3digo, como tanto ouviu na inf\u00e2ncia. As palavras ainda ressoavam porque, em vez de alegr\u00e1-lo, remetia a tempos de ang\u00fastia.<\/p>\n<p><img fetchpriority=\"high\" decoding=\"async\" class=\"size-medium wp-image-7100 aligncenter\" src=\"https:\/\/portalraizesnoticias.com.br\/wp-content\/uploads\/2025\/06\/gerivaldo-neiva-300x225.jpg\" alt=\"\" width=\"300\" height=\"225\" srcset=\"https:\/\/portalraizesnoticias.com.br\/wp-content\/uploads\/2025\/06\/gerivaldo-neiva-300x225.jpg 300w, https:\/\/portalraizesnoticias.com.br\/wp-content\/uploads\/2025\/06\/gerivaldo-neiva.jpg 320w\" sizes=\"(max-width: 300px) 100vw, 300px\" \/><\/p>\n<p>\u00c9 que em Concei\u00e7\u00e3o do Coit\u00e9, no nordeste da Bahia, onde nasceu e cresceu, a avidez pelos livros, a solid\u00e3o e o f\u00e1cil esgotamento social sempre foram caracter\u00edsticas que o tornavam diferente e at\u00e9 mesmo v\u00edtima de bullying. S\u00f3 aos 53 anos, com o diagn\u00f3stico de autismo, ele entendeu que n\u00e3o havia nada de errado consigo mesmo.<\/p>\n<p>\u201cDepois de pesquisas, regress\u00f5es, question\u00e1rios e tabelas, chegaram \u00e0 conclus\u00e3o de que eu tinha altas habilidades, um hiperfoco intenso e uma superdota\u00e7\u00e3o. Aprofundando na terapia, conclu\u00edram eu preenchia quase todos os requisitos para diagn\u00f3stico de autismo de suporte um. Na \u00e9poca, isso me aliviou, mas tornar isso p\u00fablico, agora, \u00e9 uma liberta\u00e7\u00e3o\u201d, destaca Gerivaldo.<\/p>\n<p>As primeiras percep\u00e7\u00f5es da aus\u00eancia de liberdade para se sentir bem sendo quem era ocorreram na inf\u00e2ncia. Foi naquela \u00e9poca, mais precisamente na d\u00e9cada de 60, que Gerivaldo ouviu os primeiros insultos direcionados sua forma de agir, sendo constantemente rotulado de \u2018estranho\u2019, \u2018esquisito\u2019, \u2018CDF\u2019 e \u2018sonso\u2019. O ref\u00fagio para a falta de traquejo social era a \u00e2nsia por aprender.<\/p>\n<p>\u201cNo primeiro ano da escola, eu aprendi tudo: aos cinco anos, me alfabetizei, j\u00e1 sabia ler, j\u00e1 sabia escrever e j\u00e1 tinha aprendido as opera\u00e7\u00f5es. Quando eu fui para a escola regular, aos 7 anos, a diretora chamou minha m\u00e3e logo nos dois primeiros meses e ela estranhou muito, porque eu n\u00e3o abria a boca. A diretora disse a ela que eu n\u00e3o podia ficar naquela s\u00e9rie e, por isso, avancei muito\u201d, relata.<\/p>\n<p>Aos 10 anos de idade, Gerivaldo descobriu uma biblioteca em Irec\u00ea, onde passou a estudar. A habilidade para resolver contas matem\u00e1ticas complexas, que costumava fazer por hobby, tornou ele uma atra\u00e7\u00e3o no local. Outros estudantes paravam e ficavam ao redor para ver quem acreditavam ser um g\u00eanio. O mesmo acontecia no p\u00e1tio da escola.<\/p>\n<p>O interesse pela matem\u00e1tica, ao longo dos anos, foi transferido para os livros de aventura e, \u00e0s v\u00e9speras do vestibular, para os livros de filosofia e sociologia. Leitor de Karl Marx, \u00c9mile Durkheim, Max Weber e Nietzche, Gerivaldo estava decidido a ser cientista social, mas lhe ocorreu prestar vestibular tamb\u00e9m para Direito e Economia. Passou nos tr\u00eas cursos e decidiu fazer Ci\u00eancias Sociais e Direito. No meio do caminho, abandonou os estudos sociais.<\/p>\n<p>Mesmo com a carreira profissional estabelecida ap\u00f3s a gradua\u00e7\u00e3o, Gerivaldo n\u00e3o aquietou. Quis ser radioamador, astr\u00f4nomo, artes\u00e3o e programador, e se dedicou a aprender sobre essas \u00e1reas enquanto advogava. Em menos de um ano como juiz, ingressou na terapia, quando come\u00e7ou a se medicar para controlar a ansiedade que sentia<\/p>\n<p>Essa ansiedade, posteriormente, foi compreendida como um dos sinais do hiperfoco e da inadequa\u00e7\u00e3o social que sentia. Somente 26 anos depois, Gerivaldo soube que era autista e, desde ent\u00e3o, comemora as noites em que n\u00e3o precisa de rem\u00e9dio para dormir. Tamb\u00e9m passou a mudar a din\u00e2mica social.<\/p>\n<p>\u201cQuando eu estou em uma festa e come\u00e7a um tipo de m\u00fasica que me causa um \u2018curto-circuito\u2019 no c\u00e9rebro, agora eu quero que as pessoas entendam que eu entrei em uma zona de sofrimento e n\u00e3o posso mais ficar. Quando minha esposa me convida para ir ao shopping center e eu n\u00e3o quero ir, hoje ela entende que s\u00e3o muitos est\u00edmulos visuais para mim e n\u00e3o precisa ficar zangada comigo, nem eu preciso me sentir culpado\u201d, pontua.<\/p>\n<p>A iniciativa de abordar o autismo publicamente pela primeira vez surgiu como demanda do processo terap\u00eautico. Gerivaldo e a terapeuta concordaram que trazer isso \u00e0 tona seria uma forma de contribui\u00e7\u00e3o social. \u201cIsso \u00e9 por mim, pelas crian\u00e7as autistas e pelas m\u00e3es dessas crian\u00e7as, sobretudo por aquelas que ainda n\u00e3o aceitam o diagn\u00f3stico de seus filhos, deixando-os sem assist\u00eancia, e por adultos que n\u00e3o aceitam uma terapia para lidar com o autismo\u201d, frisa.<\/p>\n<p>O juiz, hoje com 63 anos, entende que um diagn\u00f3stico precoce poderia ter dado a ele uma vida mais tranquila. \u201cEu n\u00e3o teria tantos traumas como tenho hoje, n\u00e3o teria que utilizar de tantas terapias e medicamentos como fa\u00e7o para viver em paz. Teria sido melhor\u201d, diz.<\/p>\n<p>No dia 18 de junho, em que \u00e9 celebrado o Dia Mundial do Orgulho Autista, Gerivaldo ressalta o desejo de que outras pessoas autistas e m\u00e3es de autistas possam buscar o diagn\u00f3stico e, assim como ele, se livrar dos r\u00f3tulos e da n\u00e3o-aceita\u00e7\u00e3o. \u201cQuero dizer \u00e0s m\u00e3es autistas que, se elas aceitarem o diagn\u00f3stico do seu filho, o pr\u00f3ximo passo \u00e9 buscar o acolhimento e a assist\u00eancia porque ele pode, como eu, ser um juiz de direito um dia\u201d, finaliza<\/p>\n<p>Texto extra\u00eddo do site O Correio<\/p>\n<p>Foto: Arquivo<\/p>\n","protected":false},"excerpt":{"rendered":"<p>Formado no Ensino M\u00e9dio aos 17 anos, graduado em Direito aos 21 e empossado como juiz antes dos 30. Em menos de dez anos, o baiano Gerivaldo Alves Neiva construiu uma carreira acad\u00eamica e profissional de destaque, que para muitos era a confirma\u00e7\u00e3o de que ele era mesmo um menino pr\u00f3digo, como tanto ouviu na inf\u00e2ncia. As palavras ainda ressoavam porque, em vez de alegr\u00e1-lo, remetia a tempos de ang\u00fastia. \u00c9 que em Concei\u00e7\u00e3o do Coit\u00e9, no nordeste da Bahia, onde nasceu e cresceu, a avidez pelos livros, a solid\u00e3o e o f\u00e1cil esgotamento social sempre foram caracter\u00edsticas que o tornavam diferente e at\u00e9 mesmo v\u00edtima de bullying. S\u00f3 aos 53 anos, com o diagn\u00f3stico de autismo, ele entendeu que n\u00e3o havia nada de errado consigo mesmo. \u201cDepois de pesquisas, regress\u00f5es, question\u00e1rios e tabelas, chegaram \u00e0 conclus\u00e3o de que eu tinha altas habilidades, um hiperfoco intenso e uma superdota\u00e7\u00e3o. Aprofundando na terapia, conclu\u00edram eu preenchia quase todos os requisitos para diagn\u00f3stico de autismo de suporte um. Na \u00e9poca, isso me aliviou, mas tornar isso p\u00fablico, agora, \u00e9 uma liberta\u00e7\u00e3o\u201d, destaca Gerivaldo. As primeiras percep\u00e7\u00f5es da aus\u00eancia de liberdade para se sentir bem sendo quem era ocorreram na inf\u00e2ncia. Foi naquela \u00e9poca, mais precisamente na d\u00e9cada de 60, que Gerivaldo ouviu os primeiros insultos direcionados sua forma de agir, sendo constantemente rotulado de \u2018estranho\u2019, \u2018esquisito\u2019, \u2018CDF\u2019 e \u2018sonso\u2019. O ref\u00fagio para a falta de traquejo social era a \u00e2nsia por aprender. \u201cNo primeiro ano da escola, eu aprendi tudo: aos cinco anos, me alfabetizei, j\u00e1 sabia ler, j\u00e1 sabia escrever e j\u00e1 tinha aprendido as opera\u00e7\u00f5es. Quando eu fui para a escola regular, aos 7 anos, a diretora chamou minha m\u00e3e logo nos dois primeiros meses e ela estranhou muito, porque eu n\u00e3o abria a boca. A diretora disse a ela que eu n\u00e3o podia ficar naquela s\u00e9rie e, por isso, avancei muito\u201d, relata. Aos 10 anos de idade, Gerivaldo descobriu uma biblioteca em Irec\u00ea, onde passou a estudar. A habilidade para resolver contas matem\u00e1ticas complexas, que costumava fazer por hobby, tornou ele uma atra\u00e7\u00e3o no local. Outros estudantes paravam e ficavam ao redor para ver quem acreditavam ser um g\u00eanio. O mesmo acontecia no p\u00e1tio da escola. O interesse pela matem\u00e1tica, ao longo dos anos, foi transferido para os livros de aventura e, \u00e0s v\u00e9speras do vestibular, para os livros de filosofia e sociologia. Leitor de Karl Marx, \u00c9mile Durkheim, Max Weber e Nietzche, Gerivaldo estava decidido a ser cientista social, mas lhe ocorreu prestar vestibular tamb\u00e9m para Direito e Economia. Passou nos tr\u00eas cursos e decidiu fazer Ci\u00eancias Sociais e Direito. No meio do caminho, abandonou os estudos sociais. Mesmo com a carreira profissional estabelecida ap\u00f3s a gradua\u00e7\u00e3o, Gerivaldo n\u00e3o aquietou. Quis ser radioamador, astr\u00f4nomo, artes\u00e3o e programador, e se dedicou a aprender sobre essas \u00e1reas enquanto advogava. Em menos de um ano como juiz, ingressou na terapia, quando come\u00e7ou a se medicar para controlar a ansiedade que sentia Essa ansiedade, posteriormente, foi compreendida como um dos sinais do hiperfoco e da inadequa\u00e7\u00e3o social que sentia. Somente 26 anos depois, Gerivaldo soube que era autista e, desde ent\u00e3o, comemora as noites em que n\u00e3o precisa de rem\u00e9dio para dormir. Tamb\u00e9m passou a mudar a din\u00e2mica social. \u201cQuando eu estou em uma festa e come\u00e7a um tipo de m\u00fasica que me causa um \u2018curto-circuito\u2019 no c\u00e9rebro, agora eu quero que as pessoas entendam que eu entrei em uma zona de sofrimento e n\u00e3o posso mais ficar. Quando minha esposa me convida para ir ao shopping center e eu n\u00e3o quero ir, hoje ela entende que s\u00e3o muitos est\u00edmulos visuais para mim e n\u00e3o precisa ficar zangada comigo, nem eu preciso me sentir culpado\u201d, pontua. A iniciativa de abordar o autismo publicamente pela primeira vez surgiu como demanda do processo terap\u00eautico. Gerivaldo e a terapeuta concordaram que trazer isso \u00e0 tona seria uma forma de contribui\u00e7\u00e3o social. \u201cIsso \u00e9 por mim, pelas crian\u00e7as autistas e pelas m\u00e3es dessas crian\u00e7as, sobretudo por aquelas que ainda n\u00e3o aceitam o diagn\u00f3stico de seus filhos, deixando-os sem assist\u00eancia, e por adultos que n\u00e3o aceitam uma terapia para lidar com o autismo\u201d, frisa. O juiz, hoje com 63 anos, entende que um diagn\u00f3stico precoce poderia ter dado a ele uma vida mais tranquila. \u201cEu n\u00e3o teria tantos traumas como tenho hoje, n\u00e3o teria que utilizar de tantas terapias e medicamentos como fa\u00e7o para viver em paz. Teria sido melhor\u201d, diz. No dia 18 de junho, em que \u00e9 celebrado o Dia Mundial do Orgulho Autista, Gerivaldo ressalta o desejo de que outras pessoas autistas e m\u00e3es de autistas possam buscar o diagn\u00f3stico e, assim como ele, se livrar dos r\u00f3tulos e da n\u00e3o-aceita\u00e7\u00e3o. \u201cQuero dizer \u00e0s m\u00e3es autistas que, se elas aceitarem o diagn\u00f3stico do seu filho, o pr\u00f3ximo passo \u00e9 buscar o acolhimento e a assist\u00eancia porque ele pode, como eu, ser um juiz de direito um dia\u201d, finaliza Texto extra\u00eddo do site O Correio Foto: Arquivo<\/p>\n","protected":false},"author":3,"featured_media":7102,"comment_status":"open","ping_status":"open","sticky":false,"template":"","format":"standard","meta":{"_joinchat":[],"footnotes":""},"categories":[55,59],"tags":[75,1186,1185],"class_list":["post-7098","post","type-post","status-publish","format-standard","has-post-thumbnail","hentry","category-destaques","category-ultimas-noticias","tag-coite","tag-gerivaldo","tag-juiz"],"yoast_head":"<!-- This site is optimized with the Yoast SEO plugin v24.4 - https:\/\/yoast.com\/wordpress\/plugins\/seo\/ -->\n<title>Juiz de Concei\u00e7\u00e3o do Coit\u00e9 descobre autismo aos 53 anos e compartilha hist\u00f3ria inspiradora. Saiba mais! - Portal raizes noticias<\/title>\n<meta name=\"robots\" content=\"index, follow, max-snippet:-1, max-image-preview:large, max-video-preview:-1\" \/>\n<link rel=\"canonical\" href=\"https:\/\/portalraizesnoticias.com.br\/?p=7098\" \/>\n<meta property=\"og:locale\" content=\"pt_BR\" \/>\n<meta property=\"og:type\" content=\"article\" \/>\n<meta property=\"og:title\" content=\"Juiz de Concei\u00e7\u00e3o do Coit\u00e9 descobre autismo aos 53 anos e compartilha hist\u00f3ria inspiradora. Saiba mais! - Portal raizes noticias\" \/>\n<meta property=\"og:description\" content=\"Formado no Ensino M\u00e9dio aos 17 anos, graduado em Direito aos 21 e empossado como juiz antes dos 30. Em menos de dez anos, o baiano Gerivaldo Alves Neiva construiu uma carreira acad\u00eamica e profissional de destaque, que para muitos era a confirma\u00e7\u00e3o de que ele era mesmo um menino pr\u00f3digo, como tanto ouviu na inf\u00e2ncia. As palavras ainda ressoavam porque, em vez de alegr\u00e1-lo, remetia a tempos de ang\u00fastia. \u00c9 que em Concei\u00e7\u00e3o do Coit\u00e9, no nordeste da Bahia, onde nasceu e cresceu, a avidez pelos livros, a solid\u00e3o e o f\u00e1cil esgotamento social sempre foram caracter\u00edsticas que o tornavam diferente e at\u00e9 mesmo v\u00edtima de bullying. S\u00f3 aos 53 anos, com o diagn\u00f3stico de autismo, ele entendeu que n\u00e3o havia nada de errado consigo mesmo. \u201cDepois de pesquisas, regress\u00f5es, question\u00e1rios e tabelas, chegaram \u00e0 conclus\u00e3o de que eu tinha altas habilidades, um hiperfoco intenso e uma superdota\u00e7\u00e3o. Aprofundando na terapia, conclu\u00edram eu preenchia quase todos os requisitos para diagn\u00f3stico de autismo de suporte um. Na \u00e9poca, isso me aliviou, mas tornar isso p\u00fablico, agora, \u00e9 uma liberta\u00e7\u00e3o\u201d, destaca Gerivaldo. As primeiras percep\u00e7\u00f5es da aus\u00eancia de liberdade para se sentir bem sendo quem era ocorreram na inf\u00e2ncia. Foi naquela \u00e9poca, mais precisamente na d\u00e9cada de 60, que Gerivaldo ouviu os primeiros insultos direcionados sua forma de agir, sendo constantemente rotulado de \u2018estranho\u2019, \u2018esquisito\u2019, \u2018CDF\u2019 e \u2018sonso\u2019. O ref\u00fagio para a falta de traquejo social era a \u00e2nsia por aprender. \u201cNo primeiro ano da escola, eu aprendi tudo: aos cinco anos, me alfabetizei, j\u00e1 sabia ler, j\u00e1 sabia escrever e j\u00e1 tinha aprendido as opera\u00e7\u00f5es. Quando eu fui para a escola regular, aos 7 anos, a diretora chamou minha m\u00e3e logo nos dois primeiros meses e ela estranhou muito, porque eu n\u00e3o abria a boca. A diretora disse a ela que eu n\u00e3o podia ficar naquela s\u00e9rie e, por isso, avancei muito\u201d, relata. Aos 10 anos de idade, Gerivaldo descobriu uma biblioteca em Irec\u00ea, onde passou a estudar. A habilidade para resolver contas matem\u00e1ticas complexas, que costumava fazer por hobby, tornou ele uma atra\u00e7\u00e3o no local. Outros estudantes paravam e ficavam ao redor para ver quem acreditavam ser um g\u00eanio. O mesmo acontecia no p\u00e1tio da escola. O interesse pela matem\u00e1tica, ao longo dos anos, foi transferido para os livros de aventura e, \u00e0s v\u00e9speras do vestibular, para os livros de filosofia e sociologia. Leitor de Karl Marx, \u00c9mile Durkheim, Max Weber e Nietzche, Gerivaldo estava decidido a ser cientista social, mas lhe ocorreu prestar vestibular tamb\u00e9m para Direito e Economia. Passou nos tr\u00eas cursos e decidiu fazer Ci\u00eancias Sociais e Direito. No meio do caminho, abandonou os estudos sociais. Mesmo com a carreira profissional estabelecida ap\u00f3s a gradua\u00e7\u00e3o, Gerivaldo n\u00e3o aquietou. Quis ser radioamador, astr\u00f4nomo, artes\u00e3o e programador, e se dedicou a aprender sobre essas \u00e1reas enquanto advogava. Em menos de um ano como juiz, ingressou na terapia, quando come\u00e7ou a se medicar para controlar a ansiedade que sentia Essa ansiedade, posteriormente, foi compreendida como um dos sinais do hiperfoco e da inadequa\u00e7\u00e3o social que sentia. Somente 26 anos depois, Gerivaldo soube que era autista e, desde ent\u00e3o, comemora as noites em que n\u00e3o precisa de rem\u00e9dio para dormir. Tamb\u00e9m passou a mudar a din\u00e2mica social. \u201cQuando eu estou em uma festa e come\u00e7a um tipo de m\u00fasica que me causa um \u2018curto-circuito\u2019 no c\u00e9rebro, agora eu quero que as pessoas entendam que eu entrei em uma zona de sofrimento e n\u00e3o posso mais ficar. Quando minha esposa me convida para ir ao shopping center e eu n\u00e3o quero ir, hoje ela entende que s\u00e3o muitos est\u00edmulos visuais para mim e n\u00e3o precisa ficar zangada comigo, nem eu preciso me sentir culpado\u201d, pontua. A iniciativa de abordar o autismo publicamente pela primeira vez surgiu como demanda do processo terap\u00eautico. Gerivaldo e a terapeuta concordaram que trazer isso \u00e0 tona seria uma forma de contribui\u00e7\u00e3o social. \u201cIsso \u00e9 por mim, pelas crian\u00e7as autistas e pelas m\u00e3es dessas crian\u00e7as, sobretudo por aquelas que ainda n\u00e3o aceitam o diagn\u00f3stico de seus filhos, deixando-os sem assist\u00eancia, e por adultos que n\u00e3o aceitam uma terapia para lidar com o autismo\u201d, frisa. O juiz, hoje com 63 anos, entende que um diagn\u00f3stico precoce poderia ter dado a ele uma vida mais tranquila. \u201cEu n\u00e3o teria tantos traumas como tenho hoje, n\u00e3o teria que utilizar de tantas terapias e medicamentos como fa\u00e7o para viver em paz. Teria sido melhor\u201d, diz. No dia 18 de junho, em que \u00e9 celebrado o Dia Mundial do Orgulho Autista, Gerivaldo ressalta o desejo de que outras pessoas autistas e m\u00e3es de autistas possam buscar o diagn\u00f3stico e, assim como ele, se livrar dos r\u00f3tulos e da n\u00e3o-aceita\u00e7\u00e3o. \u201cQuero dizer \u00e0s m\u00e3es autistas que, se elas aceitarem o diagn\u00f3stico do seu filho, o pr\u00f3ximo passo \u00e9 buscar o acolhimento e a assist\u00eancia porque ele pode, como eu, ser um juiz de direito um dia\u201d, finaliza Texto extra\u00eddo do site O Correio Foto: Arquivo\" \/>\n<meta property=\"og:url\" content=\"https:\/\/portalraizesnoticias.com.br\/?p=7098\" \/>\n<meta property=\"og:site_name\" content=\"Portal raizes noticias\" \/>\n<meta property=\"article:published_time\" content=\"2025-06-18T09:58:30+00:00\" \/>\n<meta property=\"article:modified_time\" content=\"2025-08-20T18:00:56+00:00\" \/>\n<meta property=\"og:image\" content=\"https:\/\/portalraizesnoticias.com.br\/wp-content\/uploads\/2025\/06\/IMG-20250618-WA0042.jpg\" \/>\n\t<meta property=\"og:image:width\" content=\"1114\" \/>\n\t<meta property=\"og:image:height\" content=\"1280\" \/>\n\t<meta property=\"og:image:type\" content=\"image\/jpeg\" \/>\n<meta name=\"author\" content=\"Portal Raizes\" \/>\n<meta name=\"twitter:card\" content=\"summary_large_image\" \/>\n<meta name=\"twitter:label1\" content=\"Escrito por\" \/>\n\t<meta name=\"twitter:data1\" content=\"Portal Raizes\" \/>\n\t<meta name=\"twitter:label2\" content=\"Est. tempo de leitura\" \/>\n\t<meta name=\"twitter:data2\" content=\"1 minuto\" \/>\n<script type=\"application\/ld+json\" class=\"yoast-schema-graph\">{\"@context\":\"https:\/\/schema.org\",\"@graph\":[{\"@type\":\"Article\",\"@id\":\"https:\/\/portalraizesnoticias.com.br\/?p=7098#article\",\"isPartOf\":{\"@id\":\"https:\/\/portalraizesnoticias.com.br\/?p=7098\"},\"author\":{\"name\":\"Portal Raizes\",\"@id\":\"https:\/\/portalraizesnoticias.com.br\/#\/schema\/person\/a3ca6b0fc701e78df19756c417d943ae\"},\"headline\":\"Juiz de Concei\u00e7\u00e3o do Coit\u00e9 descobre autismo aos 53 anos e compartilha hist\u00f3ria inspiradora. Saiba mais!\",\"datePublished\":\"2025-06-18T09:58:30+00:00\",\"dateModified\":\"2025-08-20T18:00:56+00:00\",\"mainEntityOfPage\":{\"@id\":\"https:\/\/portalraizesnoticias.com.br\/?p=7098\"},\"wordCount\":906,\"commentCount\":0,\"publisher\":{\"@id\":\"https:\/\/portalraizesnoticias.com.br\/#organization\"},\"image\":{\"@id\":\"https:\/\/portalraizesnoticias.com.br\/?p=7098#primaryimage\"},\"thumbnailUrl\":\"https:\/\/portalraizesnoticias.com.br\/wp-content\/uploads\/2025\/06\/IMG-20250618-WA0042.jpg\",\"keywords\":[\"Coit\u00e9\",\"Gerivaldo\",\"Juiz\"],\"articleSection\":[\"DESTAQUES\",\"ULTIMAS NOTICIAS\"],\"inLanguage\":\"pt-BR\",\"potentialAction\":[{\"@type\":\"CommentAction\",\"name\":\"Comment\",\"target\":[\"https:\/\/portalraizesnoticias.com.br\/?p=7098#respond\"]}]},{\"@type\":\"WebPage\",\"@id\":\"https:\/\/portalraizesnoticias.com.br\/?p=7098\",\"url\":\"https:\/\/portalraizesnoticias.com.br\/?p=7098\",\"name\":\"Juiz de Concei\u00e7\u00e3o do Coit\u00e9 descobre autismo aos 53 anos e compartilha hist\u00f3ria inspiradora. Saiba mais! - Portal raizes noticias\",\"isPartOf\":{\"@id\":\"https:\/\/portalraizesnoticias.com.br\/#website\"},\"primaryImageOfPage\":{\"@id\":\"https:\/\/portalraizesnoticias.com.br\/?p=7098#primaryimage\"},\"image\":{\"@id\":\"https:\/\/portalraizesnoticias.com.br\/?p=7098#primaryimage\"},\"thumbnailUrl\":\"https:\/\/portalraizesnoticias.com.br\/wp-content\/uploads\/2025\/06\/IMG-20250618-WA0042.jpg\",\"datePublished\":\"2025-06-18T09:58:30+00:00\",\"dateModified\":\"2025-08-20T18:00:56+00:00\",\"breadcrumb\":{\"@id\":\"https:\/\/portalraizesnoticias.com.br\/?p=7098#breadcrumb\"},\"inLanguage\":\"pt-BR\",\"potentialAction\":[{\"@type\":\"ReadAction\",\"target\":[\"https:\/\/portalraizesnoticias.com.br\/?p=7098\"]}]},{\"@type\":\"ImageObject\",\"inLanguage\":\"pt-BR\",\"@id\":\"https:\/\/portalraizesnoticias.com.br\/?p=7098#primaryimage\",\"url\":\"https:\/\/portalraizesnoticias.com.br\/wp-content\/uploads\/2025\/06\/IMG-20250618-WA0042.jpg\",\"contentUrl\":\"https:\/\/portalraizesnoticias.com.br\/wp-content\/uploads\/2025\/06\/IMG-20250618-WA0042.jpg\",\"width\":1114,\"height\":1280},{\"@type\":\"BreadcrumbList\",\"@id\":\"https:\/\/portalraizesnoticias.com.br\/?p=7098#breadcrumb\",\"itemListElement\":[{\"@type\":\"ListItem\",\"position\":1,\"name\":\"In\u00edcio\",\"item\":\"https:\/\/portalraizesnoticias.com.br\/\"},{\"@type\":\"ListItem\",\"position\":2,\"name\":\"Juiz de Concei\u00e7\u00e3o do Coit\u00e9 descobre autismo aos 53 anos e compartilha hist\u00f3ria inspiradora. Saiba mais!\"}]},{\"@type\":\"WebSite\",\"@id\":\"https:\/\/portalraizesnoticias.com.br\/#website\",\"url\":\"https:\/\/portalraizesnoticias.com.br\/\",\"name\":\"Portal raizes NOTICIAS\",\"description\":\"site de noticias de concei\u00e7\u00e3o do coit\u00e9 e regi\u00e3o\",\"publisher\":{\"@id\":\"https:\/\/portalraizesnoticias.com.br\/#organization\"},\"alternateName\":\"PORTAL RAIZES COIT\u00c9\",\"potentialAction\":[{\"@type\":\"SearchAction\",\"target\":{\"@type\":\"EntryPoint\",\"urlTemplate\":\"https:\/\/portalraizesnoticias.com.br\/?s={search_term_string}\"},\"query-input\":{\"@type\":\"PropertyValueSpecification\",\"valueRequired\":true,\"valueName\":\"search_term_string\"}}],\"inLanguage\":\"pt-BR\"},{\"@type\":\"Organization\",\"@id\":\"https:\/\/portalraizesnoticias.com.br\/#organization\",\"name\":\"Portal raizes NOTICIAS\",\"url\":\"https:\/\/portalraizesnoticias.com.br\/\",\"logo\":{\"@type\":\"ImageObject\",\"inLanguage\":\"pt-BR\",\"@id\":\"https:\/\/portalraizesnoticias.com.br\/#\/schema\/logo\/image\/\",\"url\":\"https:\/\/portalraizesnoticias.com.br\/wp-content\/uploads\/2024\/09\/cropped-Captura-de-tela-2024-09-08-011108.png\",\"contentUrl\":\"https:\/\/portalraizesnoticias.com.br\/wp-content\/uploads\/2024\/09\/cropped-Captura-de-tela-2024-09-08-011108.png\",\"width\":606,\"height\":173,\"caption\":\"Portal raizes NOTICIAS\"},\"image\":{\"@id\":\"https:\/\/portalraizesnoticias.com.br\/#\/schema\/logo\/image\/\"}},{\"@type\":\"Person\",\"@id\":\"https:\/\/portalraizesnoticias.com.br\/#\/schema\/person\/a3ca6b0fc701e78df19756c417d943ae\",\"name\":\"Portal Raizes\",\"image\":{\"@type\":\"ImageObject\",\"inLanguage\":\"pt-BR\",\"@id\":\"https:\/\/portalraizesnoticias.com.br\/#\/schema\/person\/image\/\",\"url\":\"https:\/\/secure.gravatar.com\/avatar\/ef450d29013a3d3fba867a12a249d7b1?s=96&d=mm&r=g\",\"contentUrl\":\"https:\/\/secure.gravatar.com\/avatar\/ef450d29013a3d3fba867a12a249d7b1?s=96&d=mm&r=g\",\"caption\":\"Portal Raizes\"},\"url\":\"https:\/\/portalraizesnoticias.com.br\/?author=3\"}]}<\/script>\n<!-- \/ Yoast SEO plugin. -->","yoast_head_json":{"title":"Juiz de Concei\u00e7\u00e3o do Coit\u00e9 descobre autismo aos 53 anos e compartilha hist\u00f3ria inspiradora. Saiba mais! - Portal raizes noticias","robots":{"index":"index","follow":"follow","max-snippet":"max-snippet:-1","max-image-preview":"max-image-preview:large","max-video-preview":"max-video-preview:-1"},"canonical":"https:\/\/portalraizesnoticias.com.br\/?p=7098","og_locale":"pt_BR","og_type":"article","og_title":"Juiz de Concei\u00e7\u00e3o do Coit\u00e9 descobre autismo aos 53 anos e compartilha hist\u00f3ria inspiradora. Saiba mais! - Portal raizes noticias","og_description":"Formado no Ensino M\u00e9dio aos 17 anos, graduado em Direito aos 21 e empossado como juiz antes dos 30. Em menos de dez anos, o baiano Gerivaldo Alves Neiva construiu uma carreira acad\u00eamica e profissional de destaque, que para muitos era a confirma\u00e7\u00e3o de que ele era mesmo um menino pr\u00f3digo, como tanto ouviu na inf\u00e2ncia. As palavras ainda ressoavam porque, em vez de alegr\u00e1-lo, remetia a tempos de ang\u00fastia. \u00c9 que em Concei\u00e7\u00e3o do Coit\u00e9, no nordeste da Bahia, onde nasceu e cresceu, a avidez pelos livros, a solid\u00e3o e o f\u00e1cil esgotamento social sempre foram caracter\u00edsticas que o tornavam diferente e at\u00e9 mesmo v\u00edtima de bullying. S\u00f3 aos 53 anos, com o diagn\u00f3stico de autismo, ele entendeu que n\u00e3o havia nada de errado consigo mesmo. \u201cDepois de pesquisas, regress\u00f5es, question\u00e1rios e tabelas, chegaram \u00e0 conclus\u00e3o de que eu tinha altas habilidades, um hiperfoco intenso e uma superdota\u00e7\u00e3o. Aprofundando na terapia, conclu\u00edram eu preenchia quase todos os requisitos para diagn\u00f3stico de autismo de suporte um. Na \u00e9poca, isso me aliviou, mas tornar isso p\u00fablico, agora, \u00e9 uma liberta\u00e7\u00e3o\u201d, destaca Gerivaldo. As primeiras percep\u00e7\u00f5es da aus\u00eancia de liberdade para se sentir bem sendo quem era ocorreram na inf\u00e2ncia. Foi naquela \u00e9poca, mais precisamente na d\u00e9cada de 60, que Gerivaldo ouviu os primeiros insultos direcionados sua forma de agir, sendo constantemente rotulado de \u2018estranho\u2019, \u2018esquisito\u2019, \u2018CDF\u2019 e \u2018sonso\u2019. O ref\u00fagio para a falta de traquejo social era a \u00e2nsia por aprender. \u201cNo primeiro ano da escola, eu aprendi tudo: aos cinco anos, me alfabetizei, j\u00e1 sabia ler, j\u00e1 sabia escrever e j\u00e1 tinha aprendido as opera\u00e7\u00f5es. Quando eu fui para a escola regular, aos 7 anos, a diretora chamou minha m\u00e3e logo nos dois primeiros meses e ela estranhou muito, porque eu n\u00e3o abria a boca. A diretora disse a ela que eu n\u00e3o podia ficar naquela s\u00e9rie e, por isso, avancei muito\u201d, relata. Aos 10 anos de idade, Gerivaldo descobriu uma biblioteca em Irec\u00ea, onde passou a estudar. A habilidade para resolver contas matem\u00e1ticas complexas, que costumava fazer por hobby, tornou ele uma atra\u00e7\u00e3o no local. Outros estudantes paravam e ficavam ao redor para ver quem acreditavam ser um g\u00eanio. O mesmo acontecia no p\u00e1tio da escola. O interesse pela matem\u00e1tica, ao longo dos anos, foi transferido para os livros de aventura e, \u00e0s v\u00e9speras do vestibular, para os livros de filosofia e sociologia. Leitor de Karl Marx, \u00c9mile Durkheim, Max Weber e Nietzche, Gerivaldo estava decidido a ser cientista social, mas lhe ocorreu prestar vestibular tamb\u00e9m para Direito e Economia. Passou nos tr\u00eas cursos e decidiu fazer Ci\u00eancias Sociais e Direito. No meio do caminho, abandonou os estudos sociais. Mesmo com a carreira profissional estabelecida ap\u00f3s a gradua\u00e7\u00e3o, Gerivaldo n\u00e3o aquietou. Quis ser radioamador, astr\u00f4nomo, artes\u00e3o e programador, e se dedicou a aprender sobre essas \u00e1reas enquanto advogava. Em menos de um ano como juiz, ingressou na terapia, quando come\u00e7ou a se medicar para controlar a ansiedade que sentia Essa ansiedade, posteriormente, foi compreendida como um dos sinais do hiperfoco e da inadequa\u00e7\u00e3o social que sentia. Somente 26 anos depois, Gerivaldo soube que era autista e, desde ent\u00e3o, comemora as noites em que n\u00e3o precisa de rem\u00e9dio para dormir. Tamb\u00e9m passou a mudar a din\u00e2mica social. \u201cQuando eu estou em uma festa e come\u00e7a um tipo de m\u00fasica que me causa um \u2018curto-circuito\u2019 no c\u00e9rebro, agora eu quero que as pessoas entendam que eu entrei em uma zona de sofrimento e n\u00e3o posso mais ficar. Quando minha esposa me convida para ir ao shopping center e eu n\u00e3o quero ir, hoje ela entende que s\u00e3o muitos est\u00edmulos visuais para mim e n\u00e3o precisa ficar zangada comigo, nem eu preciso me sentir culpado\u201d, pontua. A iniciativa de abordar o autismo publicamente pela primeira vez surgiu como demanda do processo terap\u00eautico. Gerivaldo e a terapeuta concordaram que trazer isso \u00e0 tona seria uma forma de contribui\u00e7\u00e3o social. \u201cIsso \u00e9 por mim, pelas crian\u00e7as autistas e pelas m\u00e3es dessas crian\u00e7as, sobretudo por aquelas que ainda n\u00e3o aceitam o diagn\u00f3stico de seus filhos, deixando-os sem assist\u00eancia, e por adultos que n\u00e3o aceitam uma terapia para lidar com o autismo\u201d, frisa. O juiz, hoje com 63 anos, entende que um diagn\u00f3stico precoce poderia ter dado a ele uma vida mais tranquila. \u201cEu n\u00e3o teria tantos traumas como tenho hoje, n\u00e3o teria que utilizar de tantas terapias e medicamentos como fa\u00e7o para viver em paz. Teria sido melhor\u201d, diz. No dia 18 de junho, em que \u00e9 celebrado o Dia Mundial do Orgulho Autista, Gerivaldo ressalta o desejo de que outras pessoas autistas e m\u00e3es de autistas possam buscar o diagn\u00f3stico e, assim como ele, se livrar dos r\u00f3tulos e da n\u00e3o-aceita\u00e7\u00e3o. \u201cQuero dizer \u00e0s m\u00e3es autistas que, se elas aceitarem o diagn\u00f3stico do seu filho, o pr\u00f3ximo passo \u00e9 buscar o acolhimento e a assist\u00eancia porque ele pode, como eu, ser um juiz de direito um dia\u201d, finaliza Texto extra\u00eddo do site O Correio Foto: Arquivo","og_url":"https:\/\/portalraizesnoticias.com.br\/?p=7098","og_site_name":"Portal raizes noticias","article_published_time":"2025-06-18T09:58:30+00:00","article_modified_time":"2025-08-20T18:00:56+00:00","og_image":[{"width":1114,"height":1280,"url":"https:\/\/portalraizesnoticias.com.br\/wp-content\/uploads\/2025\/06\/IMG-20250618-WA0042.jpg","type":"image\/jpeg"}],"author":"Portal Raizes","twitter_card":"summary_large_image","twitter_misc":{"Escrito por":"Portal Raizes","Est. tempo de leitura":"1 minuto"},"schema":{"@context":"https:\/\/schema.org","@graph":[{"@type":"Article","@id":"https:\/\/portalraizesnoticias.com.br\/?p=7098#article","isPartOf":{"@id":"https:\/\/portalraizesnoticias.com.br\/?p=7098"},"author":{"name":"Portal Raizes","@id":"https:\/\/portalraizesnoticias.com.br\/#\/schema\/person\/a3ca6b0fc701e78df19756c417d943ae"},"headline":"Juiz de Concei\u00e7\u00e3o do Coit\u00e9 descobre autismo aos 53 anos e compartilha hist\u00f3ria inspiradora. Saiba mais!","datePublished":"2025-06-18T09:58:30+00:00","dateModified":"2025-08-20T18:00:56+00:00","mainEntityOfPage":{"@id":"https:\/\/portalraizesnoticias.com.br\/?p=7098"},"wordCount":906,"commentCount":0,"publisher":{"@id":"https:\/\/portalraizesnoticias.com.br\/#organization"},"image":{"@id":"https:\/\/portalraizesnoticias.com.br\/?p=7098#primaryimage"},"thumbnailUrl":"https:\/\/portalraizesnoticias.com.br\/wp-content\/uploads\/2025\/06\/IMG-20250618-WA0042.jpg","keywords":["Coit\u00e9","Gerivaldo","Juiz"],"articleSection":["DESTAQUES","ULTIMAS NOTICIAS"],"inLanguage":"pt-BR","potentialAction":[{"@type":"CommentAction","name":"Comment","target":["https:\/\/portalraizesnoticias.com.br\/?p=7098#respond"]}]},{"@type":"WebPage","@id":"https:\/\/portalraizesnoticias.com.br\/?p=7098","url":"https:\/\/portalraizesnoticias.com.br\/?p=7098","name":"Juiz de Concei\u00e7\u00e3o do Coit\u00e9 descobre autismo aos 53 anos e compartilha hist\u00f3ria inspiradora. Saiba mais! - Portal raizes noticias","isPartOf":{"@id":"https:\/\/portalraizesnoticias.com.br\/#website"},"primaryImageOfPage":{"@id":"https:\/\/portalraizesnoticias.com.br\/?p=7098#primaryimage"},"image":{"@id":"https:\/\/portalraizesnoticias.com.br\/?p=7098#primaryimage"},"thumbnailUrl":"https:\/\/portalraizesnoticias.com.br\/wp-content\/uploads\/2025\/06\/IMG-20250618-WA0042.jpg","datePublished":"2025-06-18T09:58:30+00:00","dateModified":"2025-08-20T18:00:56+00:00","breadcrumb":{"@id":"https:\/\/portalraizesnoticias.com.br\/?p=7098#breadcrumb"},"inLanguage":"pt-BR","potentialAction":[{"@type":"ReadAction","target":["https:\/\/portalraizesnoticias.com.br\/?p=7098"]}]},{"@type":"ImageObject","inLanguage":"pt-BR","@id":"https:\/\/portalraizesnoticias.com.br\/?p=7098#primaryimage","url":"https:\/\/portalraizesnoticias.com.br\/wp-content\/uploads\/2025\/06\/IMG-20250618-WA0042.jpg","contentUrl":"https:\/\/portalraizesnoticias.com.br\/wp-content\/uploads\/2025\/06\/IMG-20250618-WA0042.jpg","width":1114,"height":1280},{"@type":"BreadcrumbList","@id":"https:\/\/portalraizesnoticias.com.br\/?p=7098#breadcrumb","itemListElement":[{"@type":"ListItem","position":1,"name":"In\u00edcio","item":"https:\/\/portalraizesnoticias.com.br\/"},{"@type":"ListItem","position":2,"name":"Juiz de Concei\u00e7\u00e3o do Coit\u00e9 descobre autismo aos 53 anos e compartilha hist\u00f3ria inspiradora. Saiba mais!"}]},{"@type":"WebSite","@id":"https:\/\/portalraizesnoticias.com.br\/#website","url":"https:\/\/portalraizesnoticias.com.br\/","name":"Portal raizes NOTICIAS","description":"site de noticias de concei\u00e7\u00e3o do coit\u00e9 e regi\u00e3o","publisher":{"@id":"https:\/\/portalraizesnoticias.com.br\/#organization"},"alternateName":"PORTAL RAIZES COIT\u00c9","potentialAction":[{"@type":"SearchAction","target":{"@type":"EntryPoint","urlTemplate":"https:\/\/portalraizesnoticias.com.br\/?s={search_term_string}"},"query-input":{"@type":"PropertyValueSpecification","valueRequired":true,"valueName":"search_term_string"}}],"inLanguage":"pt-BR"},{"@type":"Organization","@id":"https:\/\/portalraizesnoticias.com.br\/#organization","name":"Portal raizes NOTICIAS","url":"https:\/\/portalraizesnoticias.com.br\/","logo":{"@type":"ImageObject","inLanguage":"pt-BR","@id":"https:\/\/portalraizesnoticias.com.br\/#\/schema\/logo\/image\/","url":"https:\/\/portalraizesnoticias.com.br\/wp-content\/uploads\/2024\/09\/cropped-Captura-de-tela-2024-09-08-011108.png","contentUrl":"https:\/\/portalraizesnoticias.com.br\/wp-content\/uploads\/2024\/09\/cropped-Captura-de-tela-2024-09-08-011108.png","width":606,"height":173,"caption":"Portal raizes NOTICIAS"},"image":{"@id":"https:\/\/portalraizesnoticias.com.br\/#\/schema\/logo\/image\/"}},{"@type":"Person","@id":"https:\/\/portalraizesnoticias.com.br\/#\/schema\/person\/a3ca6b0fc701e78df19756c417d943ae","name":"Portal Raizes","image":{"@type":"ImageObject","inLanguage":"pt-BR","@id":"https:\/\/portalraizesnoticias.com.br\/#\/schema\/person\/image\/","url":"https:\/\/secure.gravatar.com\/avatar\/ef450d29013a3d3fba867a12a249d7b1?s=96&d=mm&r=g","contentUrl":"https:\/\/secure.gravatar.com\/avatar\/ef450d29013a3d3fba867a12a249d7b1?s=96&d=mm&r=g","caption":"Portal Raizes"},"url":"https:\/\/portalraizesnoticias.com.br\/?author=3"}]}},"_links":{"self":[{"href":"https:\/\/portalraizesnoticias.com.br\/index.php?rest_route=\/wp\/v2\/posts\/7098"}],"collection":[{"href":"https:\/\/portalraizesnoticias.com.br\/index.php?rest_route=\/wp\/v2\/posts"}],"about":[{"href":"https:\/\/portalraizesnoticias.com.br\/index.php?rest_route=\/wp\/v2\/types\/post"}],"author":[{"embeddable":true,"href":"https:\/\/portalraizesnoticias.com.br\/index.php?rest_route=\/wp\/v2\/users\/3"}],"replies":[{"embeddable":true,"href":"https:\/\/portalraizesnoticias.com.br\/index.php?rest_route=%2Fwp%2Fv2%2Fcomments&post=7098"}],"version-history":[{"count":1,"href":"https:\/\/portalraizesnoticias.com.br\/index.php?rest_route=\/wp\/v2\/posts\/7098\/revisions"}],"predecessor-version":[{"id":7101,"href":"https:\/\/portalraizesnoticias.com.br\/index.php?rest_route=\/wp\/v2\/posts\/7098\/revisions\/7101"}],"wp:featuredmedia":[{"embeddable":true,"href":"https:\/\/portalraizesnoticias.com.br\/index.php?rest_route=\/wp\/v2\/media\/7102"}],"wp:attachment":[{"href":"https:\/\/portalraizesnoticias.com.br\/index.php?rest_route=%2Fwp%2Fv2%2Fmedia&parent=7098"}],"wp:term":[{"taxonomy":"category","embeddable":true,"href":"https:\/\/portalraizesnoticias.com.br\/index.php?rest_route=%2Fwp%2Fv2%2Fcategories&post=7098"},{"taxonomy":"post_tag","embeddable":true,"href":"https:\/\/portalraizesnoticias.com.br\/index.php?rest_route=%2Fwp%2Fv2%2Ftags&post=7098"}],"curies":[{"name":"wp","href":"https:\/\/api.w.org\/{rel}","templated":true}]}}