{"id":7029,"date":"2025-05-02T23:07:16","date_gmt":"2025-05-03T02:07:16","guid":{"rendered":"https:\/\/portalraizesnoticias.com.br\/?p=7029"},"modified":"2025-06-10T22:08:02","modified_gmt":"2025-06-11T01:08:02","slug":"nem-a-chuva-segurou-psirico-arrasta-multidao-no-segundo-dia-de-coite-folia","status":"publish","type":"post","link":"https:\/\/portalraizesnoticias.com.br\/?p=7029","title":{"rendered":"Nem a chuva segurou: Psirico arrasta multid\u00e3o no segundo dia de Coit\u00e9 Folia"},"content":{"rendered":"<p>Nem mesmo a forte chuva conseguiu diminuir o brilho da segunda noite da Coit\u00e9 Folia 2025. Nesta sexta-feira (2), o circuito da festa em Concei\u00e7\u00e3o do Coit\u00e9 se transformou em um verdadeiro espet\u00e1culo de m\u00fasica, ritmo e celebra\u00e7\u00e3o. Com o pagod\u00e3o em alta, Psirico foi o grande destaque, reunindo uma multid\u00e3o que n\u00e3o arredou o p\u00e9 da avenida em nenhum momento.<\/p>\n<p>O vocalista M\u00e1rcio Victor foi recebido com euforia pelos foli\u00f5es e retribuiu com a energia de sempre. \u201cCantar aqui virou tradi\u00e7\u00e3o pra mim. A energia dessa galera \u00e9 \u00fanica! Chuva nenhuma atrapalha essa festa. Aqui \u00e9 resist\u00eancia, \u00e9 vibra\u00e7\u00e3o, \u00e9 Bahia!\u201d, declarou, empolgado, antes mesmo de subir ao trio. E cumpriu a promessa: comandou uma apresenta\u00e7\u00e3o eletrizante, misturando beats e muito swing baiano, fazendo da avenida um mar de alegria.<\/p>\n<p>A foli\u00e3 Graziele Lima, de Riach\u00e3o do Jacu\u00edpe, definiu a experi\u00eancia como inesquec\u00edvel. \u201cJ\u00e1 \u00e9 o segundo ano que venho pra Coit\u00e9. Psirico foi surreal! Dancei at\u00e9 n\u00e3o aguentar mais. T\u00f4 com as pernas doendo, mas o cora\u00e7\u00e3o cheio de alegria\u201d, contou, animada.<\/p>\n<p>A noite ainda foi embalada por Rafa &amp; Pipo Marques, Escandurras e artistas da regi\u00e3o. Entre os destaques locais, Dyl Lima emocionou ao celebrar sua 15\u00aa participa\u00e7\u00e3o na micareta. \u201cPreparei esse repert\u00f3rio com muito carinho. A Coit\u00e9 Folia \u00e9 parte da minha hist\u00f3ria. S\u00f3 gratid\u00e3o por fazer parte disso mais uma vez\u201d, afirmou.<\/p>\n<p>O prefeito Marcelo Ara\u00fajo esteve presente e celebrou a for\u00e7a do evento. \u201c\u00c9 emocionante ver esse povo todo na rua, mesmo com a chuva. Isso mostra que a Coit\u00e9 Folia \u00e9 a maior do territ\u00f3rio do Sisal, e a cada dia a gente prova isso com mais for\u00e7a e organiza\u00e7\u00e3o.\u201d<\/p>\n<p>A Coit\u00e9 Folia 2025 \u00e9 promovida pela Prefeitura de Concei\u00e7\u00e3o do Coit\u00e9 com o importante do Governo do Estado da Bahia, que vem colaborando para fortalecer a cultura e o turismo no interior. O evento tamb\u00e9m conta com parceria do Minist\u00e9rio do Turismo, Sesc, Amstel, Faresi e MSI.<\/p>\n<p>A festa continua at\u00e9 domingo (4), com mais de 40 atra\u00e7\u00f5es e uma estrutura pensada para garantir seguran\u00e7a, conforto e divers\u00e3o para todos os p\u00fablicos.<\/p>\n<p>Confira a programa\u00e7\u00e3o completa:<br \/>\nS\u00c1BADO \u2013 03\/05<br \/>\n16h00 \u2013 Os Metais (Bloco Alegria)<br \/>\n17h30 \u2013 Altas Horas<br \/>\n19h00 \u2013 O Er\u00f3tico (Bloco)<br \/>\n20h30 \u2013 Eug\u00eanio Brasil<br \/>\n22h00 \u2013 M\u00e1rcia Freire<br \/>\n23h30 \u2013 Tico Menezes<br \/>\n01h00 \u2013 L\u00e9o Santana<br \/>\n02h30 \u2013 Fred Nunes<br \/>\n04h00 \u2013 Jamaica Moreno<br \/>\nTenda com DJs<br \/>\n20h00 \u2013 Digs<br \/>\n23h00 \u2013 Juninho<br \/>\nPared\u00f5es (a partir das 14h)<\/p>\n<p>Carreta Pitbull (Pra\u00e7a da Matriz)<br \/>\nMel Pared\u00e3o (Avenida da Micareta)<br \/>\nVan Pared\u00e3o (Avenida da Micareta)<br \/>\nDOMINGO \u2013 04\/05<br \/>\n16h00 \u2013 Bloco Trem da Alegria<br \/>\n17h30 \u2013 Bloco da Paz<br \/>\n19h30 \u2013 Isaac e Edson Gomes<br \/>\n20h30 \u2013 Durval Lelys<br \/>\n22h00 \u2013 Chaonda<br \/>\n23h30 \u2013 Nattan<br \/>\n01h00 \u2013 M\u00e1rcio Bary<br \/>\n02h30 \u2013 Samba da Gente<br \/>\n04h00 \u2013 Ki Pegada<br \/>\nTenda com DJs<br \/>\n20h00 \u2013 Garner<br \/>\n23h00 \u2013 Dija<br \/>\nPared\u00f5es (a partir das 14h)<br \/>\nCarreta Pitbull (Pra\u00e7a da Matriz)<br \/>\nClaudinho Pared\u00e3o (Avenida da Micareta)<br \/>\nDi\u00f3genes Pared\u00e3o (Avenida da Micareta)<\/p>\n<p>O terceiro dia de festa promete ser inesquec\u00edvel! A Prefeitura convida todos os foli\u00f5es a curtirem com alegria, respeito e seguran\u00e7a mais uma edi\u00e7\u00e3o da Coit\u00e9 Folia.<\/p>\n<p>Ascom<\/p>\n","protected":false},"excerpt":{"rendered":"<p>Nem mesmo a forte chuva conseguiu diminuir o brilho da segunda noite da Coit\u00e9 Folia 2025. Nesta sexta-feira (2), o circuito da festa em Concei\u00e7\u00e3o do Coit\u00e9 se transformou em um verdadeiro espet\u00e1culo de m\u00fasica, ritmo e celebra\u00e7\u00e3o. Com o pagod\u00e3o em alta, Psirico foi o grande destaque, reunindo uma multid\u00e3o que n\u00e3o arredou o p\u00e9 da avenida em nenhum momento. O vocalista M\u00e1rcio Victor foi recebido com euforia pelos foli\u00f5es e retribuiu com a energia de sempre. \u201cCantar aqui virou tradi\u00e7\u00e3o pra mim. A energia dessa galera \u00e9 \u00fanica! Chuva nenhuma atrapalha essa festa. Aqui \u00e9 resist\u00eancia, \u00e9 vibra\u00e7\u00e3o, \u00e9 Bahia!\u201d, declarou, empolgado, antes mesmo de subir ao trio. E cumpriu a promessa: comandou uma apresenta\u00e7\u00e3o eletrizante, misturando beats e muito swing baiano, fazendo da avenida um mar de alegria. A foli\u00e3 Graziele Lima, de Riach\u00e3o do Jacu\u00edpe, definiu a experi\u00eancia como inesquec\u00edvel. \u201cJ\u00e1 \u00e9 o segundo ano que venho pra Coit\u00e9. Psirico foi surreal! Dancei at\u00e9 n\u00e3o aguentar mais. T\u00f4 com as pernas doendo, mas o cora\u00e7\u00e3o cheio de alegria\u201d, contou, animada. A noite ainda foi embalada por Rafa &amp; Pipo Marques, Escandurras e artistas da regi\u00e3o. Entre os destaques locais, Dyl Lima emocionou ao celebrar sua 15\u00aa participa\u00e7\u00e3o na micareta. \u201cPreparei esse repert\u00f3rio com muito carinho. A Coit\u00e9 Folia \u00e9 parte da minha hist\u00f3ria. S\u00f3 gratid\u00e3o por fazer parte disso mais uma vez\u201d, afirmou. O prefeito Marcelo Ara\u00fajo esteve presente e celebrou a for\u00e7a do evento. \u201c\u00c9 emocionante ver esse povo todo na rua, mesmo com a chuva. Isso mostra que a Coit\u00e9 Folia \u00e9 a maior do territ\u00f3rio do Sisal, e a cada dia a gente prova isso com mais for\u00e7a e organiza\u00e7\u00e3o.\u201d A Coit\u00e9 Folia 2025 \u00e9 promovida pela Prefeitura de Concei\u00e7\u00e3o do Coit\u00e9 com o importante do Governo do Estado da Bahia, que vem colaborando para fortalecer a cultura e o turismo no interior. O evento tamb\u00e9m conta com parceria do Minist\u00e9rio do Turismo, Sesc, Amstel, Faresi e MSI. A festa continua at\u00e9 domingo (4), com mais de 40 atra\u00e7\u00f5es e uma estrutura pensada para garantir seguran\u00e7a, conforto e divers\u00e3o para todos os p\u00fablicos. Confira a programa\u00e7\u00e3o completa: S\u00c1BADO \u2013 03\/05 16h00 \u2013 Os Metais (Bloco Alegria) 17h30 \u2013 Altas Horas 19h00 \u2013 O Er\u00f3tico (Bloco) 20h30 \u2013 Eug\u00eanio Brasil 22h00 \u2013 M\u00e1rcia Freire 23h30 \u2013 Tico Menezes 01h00 \u2013 L\u00e9o Santana 02h30 \u2013 Fred Nunes 04h00 \u2013 Jamaica Moreno Tenda com DJs 20h00 \u2013 Digs 23h00 \u2013 Juninho Pared\u00f5es (a partir das 14h) Carreta Pitbull (Pra\u00e7a da Matriz) Mel Pared\u00e3o (Avenida da Micareta) Van Pared\u00e3o (Avenida da Micareta) DOMINGO \u2013 04\/05 16h00 \u2013 Bloco Trem da Alegria 17h30 \u2013 Bloco da Paz 19h30 \u2013 Isaac e Edson Gomes 20h30 \u2013 Durval Lelys 22h00 \u2013 Chaonda 23h30 \u2013 Nattan 01h00 \u2013 M\u00e1rcio Bary 02h30 \u2013 Samba da Gente 04h00 \u2013 Ki Pegada Tenda com DJs 20h00 \u2013 Garner 23h00 \u2013 Dija Pared\u00f5es (a partir das 14h) Carreta Pitbull (Pra\u00e7a da Matriz) Claudinho Pared\u00e3o (Avenida da Micareta) Di\u00f3genes Pared\u00e3o (Avenida da Micareta) O terceiro dia de festa promete ser inesquec\u00edvel! A Prefeitura convida todos os foli\u00f5es a curtirem com alegria, respeito e seguran\u00e7a mais uma edi\u00e7\u00e3o da Coit\u00e9 Folia. Ascom<\/p>\n","protected":false},"author":3,"featured_media":7030,"comment_status":"open","ping_status":"open","sticky":false,"template":"","format":"standard","meta":{"_joinchat":[],"footnotes":""},"categories":[1],"tags":[781],"class_list":["post-7029","post","type-post","status-publish","format-standard","has-post-thumbnail","hentry","category-esportes-esportes","tag-coite-folia"],"yoast_head":"<!-- This site is optimized with the Yoast SEO plugin v24.4 - https:\/\/yoast.com\/wordpress\/plugins\/seo\/ -->\n<title>Nem a chuva segurou: Psirico arrasta multid\u00e3o no segundo dia de Coit\u00e9 Folia - Portal raizes noticias<\/title>\n<meta name=\"robots\" content=\"index, follow, max-snippet:-1, max-image-preview:large, max-video-preview:-1\" \/>\n<link rel=\"canonical\" href=\"https:\/\/portalraizesnoticias.com.br\/?p=7029\" \/>\n<meta property=\"og:locale\" content=\"pt_BR\" \/>\n<meta property=\"og:type\" content=\"article\" \/>\n<meta property=\"og:title\" content=\"Nem a chuva segurou: Psirico arrasta multid\u00e3o no segundo dia de Coit\u00e9 Folia - Portal raizes noticias\" \/>\n<meta property=\"og:description\" content=\"Nem mesmo a forte chuva conseguiu diminuir o brilho da segunda noite da Coit\u00e9 Folia 2025. Nesta sexta-feira (2), o circuito da festa em Concei\u00e7\u00e3o do Coit\u00e9 se transformou em um verdadeiro espet\u00e1culo de m\u00fasica, ritmo e celebra\u00e7\u00e3o. Com o pagod\u00e3o em alta, Psirico foi o grande destaque, reunindo uma multid\u00e3o que n\u00e3o arredou o p\u00e9 da avenida em nenhum momento. O vocalista M\u00e1rcio Victor foi recebido com euforia pelos foli\u00f5es e retribuiu com a energia de sempre. \u201cCantar aqui virou tradi\u00e7\u00e3o pra mim. A energia dessa galera \u00e9 \u00fanica! Chuva nenhuma atrapalha essa festa. Aqui \u00e9 resist\u00eancia, \u00e9 vibra\u00e7\u00e3o, \u00e9 Bahia!\u201d, declarou, empolgado, antes mesmo de subir ao trio. E cumpriu a promessa: comandou uma apresenta\u00e7\u00e3o eletrizante, misturando beats e muito swing baiano, fazendo da avenida um mar de alegria. A foli\u00e3 Graziele Lima, de Riach\u00e3o do Jacu\u00edpe, definiu a experi\u00eancia como inesquec\u00edvel. \u201cJ\u00e1 \u00e9 o segundo ano que venho pra Coit\u00e9. Psirico foi surreal! Dancei at\u00e9 n\u00e3o aguentar mais. T\u00f4 com as pernas doendo, mas o cora\u00e7\u00e3o cheio de alegria\u201d, contou, animada. A noite ainda foi embalada por Rafa &amp; Pipo Marques, Escandurras e artistas da regi\u00e3o. Entre os destaques locais, Dyl Lima emocionou ao celebrar sua 15\u00aa participa\u00e7\u00e3o na micareta. \u201cPreparei esse repert\u00f3rio com muito carinho. A Coit\u00e9 Folia \u00e9 parte da minha hist\u00f3ria. S\u00f3 gratid\u00e3o por fazer parte disso mais uma vez\u201d, afirmou. O prefeito Marcelo Ara\u00fajo esteve presente e celebrou a for\u00e7a do evento. \u201c\u00c9 emocionante ver esse povo todo na rua, mesmo com a chuva. Isso mostra que a Coit\u00e9 Folia \u00e9 a maior do territ\u00f3rio do Sisal, e a cada dia a gente prova isso com mais for\u00e7a e organiza\u00e7\u00e3o.\u201d A Coit\u00e9 Folia 2025 \u00e9 promovida pela Prefeitura de Concei\u00e7\u00e3o do Coit\u00e9 com o importante do Governo do Estado da Bahia, que vem colaborando para fortalecer a cultura e o turismo no interior. O evento tamb\u00e9m conta com parceria do Minist\u00e9rio do Turismo, Sesc, Amstel, Faresi e MSI. A festa continua at\u00e9 domingo (4), com mais de 40 atra\u00e7\u00f5es e uma estrutura pensada para garantir seguran\u00e7a, conforto e divers\u00e3o para todos os p\u00fablicos. Confira a programa\u00e7\u00e3o completa: S\u00c1BADO \u2013 03\/05 16h00 \u2013 Os Metais (Bloco Alegria) 17h30 \u2013 Altas Horas 19h00 \u2013 O Er\u00f3tico (Bloco) 20h30 \u2013 Eug\u00eanio Brasil 22h00 \u2013 M\u00e1rcia Freire 23h30 \u2013 Tico Menezes 01h00 \u2013 L\u00e9o Santana 02h30 \u2013 Fred Nunes 04h00 \u2013 Jamaica Moreno Tenda com DJs 20h00 \u2013 Digs 23h00 \u2013 Juninho Pared\u00f5es (a partir das 14h) Carreta Pitbull (Pra\u00e7a da Matriz) Mel Pared\u00e3o (Avenida da Micareta) Van Pared\u00e3o (Avenida da Micareta) DOMINGO \u2013 04\/05 16h00 \u2013 Bloco Trem da Alegria 17h30 \u2013 Bloco da Paz 19h30 \u2013 Isaac e Edson Gomes 20h30 \u2013 Durval Lelys 22h00 \u2013 Chaonda 23h30 \u2013 Nattan 01h00 \u2013 M\u00e1rcio Bary 02h30 \u2013 Samba da Gente 04h00 \u2013 Ki Pegada Tenda com DJs 20h00 \u2013 Garner 23h00 \u2013 Dija Pared\u00f5es (a partir das 14h) Carreta Pitbull (Pra\u00e7a da Matriz) Claudinho Pared\u00e3o (Avenida da Micareta) Di\u00f3genes Pared\u00e3o (Avenida da Micareta) O terceiro dia de festa promete ser inesquec\u00edvel! A Prefeitura convida todos os foli\u00f5es a curtirem com alegria, respeito e seguran\u00e7a mais uma edi\u00e7\u00e3o da Coit\u00e9 Folia. Ascom\" \/>\n<meta property=\"og:url\" content=\"https:\/\/portalraizesnoticias.com.br\/?p=7029\" \/>\n<meta property=\"og:site_name\" content=\"Portal raizes noticias\" \/>\n<meta property=\"article:published_time\" content=\"2025-05-03T02:07:16+00:00\" \/>\n<meta property=\"article:modified_time\" content=\"2025-06-11T01:08:02+00:00\" \/>\n<meta property=\"og:image\" content=\"https:\/\/portalraizesnoticias.com.br\/wp-content\/uploads\/2025\/06\/IMG-20250610-WA0548.jpg\" \/>\n\t<meta property=\"og:image:width\" content=\"1213\" \/>\n\t<meta property=\"og:image:height\" content=\"756\" \/>\n\t<meta property=\"og:image:type\" content=\"image\/jpeg\" \/>\n<meta name=\"author\" content=\"Portal Raizes\" \/>\n<meta name=\"twitter:card\" content=\"summary_large_image\" \/>\n<meta name=\"twitter:label1\" content=\"Escrito por\" \/>\n\t<meta name=\"twitter:data1\" content=\"Portal Raizes\" \/>\n\t<meta name=\"twitter:label2\" content=\"Est. tempo de leitura\" \/>\n\t<meta name=\"twitter:data2\" content=\"3 minutos\" \/>\n<script type=\"application\/ld+json\" class=\"yoast-schema-graph\">{\"@context\":\"https:\/\/schema.org\",\"@graph\":[{\"@type\":\"Article\",\"@id\":\"https:\/\/portalraizesnoticias.com.br\/?p=7029#article\",\"isPartOf\":{\"@id\":\"https:\/\/portalraizesnoticias.com.br\/?p=7029\"},\"author\":{\"name\":\"Portal Raizes\",\"@id\":\"https:\/\/portalraizesnoticias.com.br\/#\/schema\/person\/a3ca6b0fc701e78df19756c417d943ae\"},\"headline\":\"Nem a chuva segurou: Psirico arrasta multid\u00e3o no segundo dia de Coit\u00e9 Folia\",\"datePublished\":\"2025-05-03T02:07:16+00:00\",\"dateModified\":\"2025-06-11T01:08:02+00:00\",\"mainEntityOfPage\":{\"@id\":\"https:\/\/portalraizesnoticias.com.br\/?p=7029\"},\"wordCount\":554,\"commentCount\":0,\"publisher\":{\"@id\":\"https:\/\/portalraizesnoticias.com.br\/#organization\"},\"image\":{\"@id\":\"https:\/\/portalraizesnoticias.com.br\/?p=7029#primaryimage\"},\"thumbnailUrl\":\"https:\/\/portalraizesnoticias.com.br\/wp-content\/uploads\/2025\/06\/IMG-20250610-WA0548.jpg\",\"keywords\":[\"Coit\u00e9 folia\"],\"articleSection\":[\"ESPORTES\"],\"inLanguage\":\"pt-BR\",\"potentialAction\":[{\"@type\":\"CommentAction\",\"name\":\"Comment\",\"target\":[\"https:\/\/portalraizesnoticias.com.br\/?p=7029#respond\"]}]},{\"@type\":\"WebPage\",\"@id\":\"https:\/\/portalraizesnoticias.com.br\/?p=7029\",\"url\":\"https:\/\/portalraizesnoticias.com.br\/?p=7029\",\"name\":\"Nem a chuva segurou: Psirico arrasta multid\u00e3o no segundo dia de Coit\u00e9 Folia - Portal raizes noticias\",\"isPartOf\":{\"@id\":\"https:\/\/portalraizesnoticias.com.br\/#website\"},\"primaryImageOfPage\":{\"@id\":\"https:\/\/portalraizesnoticias.com.br\/?p=7029#primaryimage\"},\"image\":{\"@id\":\"https:\/\/portalraizesnoticias.com.br\/?p=7029#primaryimage\"},\"thumbnailUrl\":\"https:\/\/portalraizesnoticias.com.br\/wp-content\/uploads\/2025\/06\/IMG-20250610-WA0548.jpg\",\"datePublished\":\"2025-05-03T02:07:16+00:00\",\"dateModified\":\"2025-06-11T01:08:02+00:00\",\"breadcrumb\":{\"@id\":\"https:\/\/portalraizesnoticias.com.br\/?p=7029#breadcrumb\"},\"inLanguage\":\"pt-BR\",\"potentialAction\":[{\"@type\":\"ReadAction\",\"target\":[\"https:\/\/portalraizesnoticias.com.br\/?p=7029\"]}]},{\"@type\":\"ImageObject\",\"inLanguage\":\"pt-BR\",\"@id\":\"https:\/\/portalraizesnoticias.com.br\/?p=7029#primaryimage\",\"url\":\"https:\/\/portalraizesnoticias.com.br\/wp-content\/uploads\/2025\/06\/IMG-20250610-WA0548.jpg\",\"contentUrl\":\"https:\/\/portalraizesnoticias.com.br\/wp-content\/uploads\/2025\/06\/IMG-20250610-WA0548.jpg\",\"width\":1213,\"height\":756},{\"@type\":\"BreadcrumbList\",\"@id\":\"https:\/\/portalraizesnoticias.com.br\/?p=7029#breadcrumb\",\"itemListElement\":[{\"@type\":\"ListItem\",\"position\":1,\"name\":\"In\u00edcio\",\"item\":\"https:\/\/portalraizesnoticias.com.br\/\"},{\"@type\":\"ListItem\",\"position\":2,\"name\":\"Nem a chuva segurou: Psirico arrasta multid\u00e3o no segundo dia de Coit\u00e9 Folia\"}]},{\"@type\":\"WebSite\",\"@id\":\"https:\/\/portalraizesnoticias.com.br\/#website\",\"url\":\"https:\/\/portalraizesnoticias.com.br\/\",\"name\":\"Portal raizes NOTICIAS\",\"description\":\"site de noticias de concei\u00e7\u00e3o do coit\u00e9 e regi\u00e3o\",\"publisher\":{\"@id\":\"https:\/\/portalraizesnoticias.com.br\/#organization\"},\"alternateName\":\"PORTAL RAIZES COIT\u00c9\",\"potentialAction\":[{\"@type\":\"SearchAction\",\"target\":{\"@type\":\"EntryPoint\",\"urlTemplate\":\"https:\/\/portalraizesnoticias.com.br\/?s={search_term_string}\"},\"query-input\":{\"@type\":\"PropertyValueSpecification\",\"valueRequired\":true,\"valueName\":\"search_term_string\"}}],\"inLanguage\":\"pt-BR\"},{\"@type\":\"Organization\",\"@id\":\"https:\/\/portalraizesnoticias.com.br\/#organization\",\"name\":\"Portal raizes NOTICIAS\",\"url\":\"https:\/\/portalraizesnoticias.com.br\/\",\"logo\":{\"@type\":\"ImageObject\",\"inLanguage\":\"pt-BR\",\"@id\":\"https:\/\/portalraizesnoticias.com.br\/#\/schema\/logo\/image\/\",\"url\":\"https:\/\/portalraizesnoticias.com.br\/wp-content\/uploads\/2024\/09\/cropped-Captura-de-tela-2024-09-08-011108.png\",\"contentUrl\":\"https:\/\/portalraizesnoticias.com.br\/wp-content\/uploads\/2024\/09\/cropped-Captura-de-tela-2024-09-08-011108.png\",\"width\":606,\"height\":173,\"caption\":\"Portal raizes NOTICIAS\"},\"image\":{\"@id\":\"https:\/\/portalraizesnoticias.com.br\/#\/schema\/logo\/image\/\"}},{\"@type\":\"Person\",\"@id\":\"https:\/\/portalraizesnoticias.com.br\/#\/schema\/person\/a3ca6b0fc701e78df19756c417d943ae\",\"name\":\"Portal Raizes\",\"image\":{\"@type\":\"ImageObject\",\"inLanguage\":\"pt-BR\",\"@id\":\"https:\/\/portalraizesnoticias.com.br\/#\/schema\/person\/image\/\",\"url\":\"https:\/\/secure.gravatar.com\/avatar\/ef450d29013a3d3fba867a12a249d7b1?s=96&d=mm&r=g\",\"contentUrl\":\"https:\/\/secure.gravatar.com\/avatar\/ef450d29013a3d3fba867a12a249d7b1?s=96&d=mm&r=g\",\"caption\":\"Portal Raizes\"},\"url\":\"https:\/\/portalraizesnoticias.com.br\/?author=3\"}]}<\/script>\n<!-- \/ Yoast SEO plugin. -->","yoast_head_json":{"title":"Nem a chuva segurou: Psirico arrasta multid\u00e3o no segundo dia de Coit\u00e9 Folia - Portal raizes noticias","robots":{"index":"index","follow":"follow","max-snippet":"max-snippet:-1","max-image-preview":"max-image-preview:large","max-video-preview":"max-video-preview:-1"},"canonical":"https:\/\/portalraizesnoticias.com.br\/?p=7029","og_locale":"pt_BR","og_type":"article","og_title":"Nem a chuva segurou: Psirico arrasta multid\u00e3o no segundo dia de Coit\u00e9 Folia - Portal raizes noticias","og_description":"Nem mesmo a forte chuva conseguiu diminuir o brilho da segunda noite da Coit\u00e9 Folia 2025. Nesta sexta-feira (2), o circuito da festa em Concei\u00e7\u00e3o do Coit\u00e9 se transformou em um verdadeiro espet\u00e1culo de m\u00fasica, ritmo e celebra\u00e7\u00e3o. Com o pagod\u00e3o em alta, Psirico foi o grande destaque, reunindo uma multid\u00e3o que n\u00e3o arredou o p\u00e9 da avenida em nenhum momento. O vocalista M\u00e1rcio Victor foi recebido com euforia pelos foli\u00f5es e retribuiu com a energia de sempre. \u201cCantar aqui virou tradi\u00e7\u00e3o pra mim. A energia dessa galera \u00e9 \u00fanica! Chuva nenhuma atrapalha essa festa. Aqui \u00e9 resist\u00eancia, \u00e9 vibra\u00e7\u00e3o, \u00e9 Bahia!\u201d, declarou, empolgado, antes mesmo de subir ao trio. E cumpriu a promessa: comandou uma apresenta\u00e7\u00e3o eletrizante, misturando beats e muito swing baiano, fazendo da avenida um mar de alegria. A foli\u00e3 Graziele Lima, de Riach\u00e3o do Jacu\u00edpe, definiu a experi\u00eancia como inesquec\u00edvel. \u201cJ\u00e1 \u00e9 o segundo ano que venho pra Coit\u00e9. Psirico foi surreal! Dancei at\u00e9 n\u00e3o aguentar mais. T\u00f4 com as pernas doendo, mas o cora\u00e7\u00e3o cheio de alegria\u201d, contou, animada. A noite ainda foi embalada por Rafa &amp; Pipo Marques, Escandurras e artistas da regi\u00e3o. Entre os destaques locais, Dyl Lima emocionou ao celebrar sua 15\u00aa participa\u00e7\u00e3o na micareta. \u201cPreparei esse repert\u00f3rio com muito carinho. A Coit\u00e9 Folia \u00e9 parte da minha hist\u00f3ria. S\u00f3 gratid\u00e3o por fazer parte disso mais uma vez\u201d, afirmou. O prefeito Marcelo Ara\u00fajo esteve presente e celebrou a for\u00e7a do evento. \u201c\u00c9 emocionante ver esse povo todo na rua, mesmo com a chuva. Isso mostra que a Coit\u00e9 Folia \u00e9 a maior do territ\u00f3rio do Sisal, e a cada dia a gente prova isso com mais for\u00e7a e organiza\u00e7\u00e3o.\u201d A Coit\u00e9 Folia 2025 \u00e9 promovida pela Prefeitura de Concei\u00e7\u00e3o do Coit\u00e9 com o importante do Governo do Estado da Bahia, que vem colaborando para fortalecer a cultura e o turismo no interior. O evento tamb\u00e9m conta com parceria do Minist\u00e9rio do Turismo, Sesc, Amstel, Faresi e MSI. A festa continua at\u00e9 domingo (4), com mais de 40 atra\u00e7\u00f5es e uma estrutura pensada para garantir seguran\u00e7a, conforto e divers\u00e3o para todos os p\u00fablicos. Confira a programa\u00e7\u00e3o completa: S\u00c1BADO \u2013 03\/05 16h00 \u2013 Os Metais (Bloco Alegria) 17h30 \u2013 Altas Horas 19h00 \u2013 O Er\u00f3tico (Bloco) 20h30 \u2013 Eug\u00eanio Brasil 22h00 \u2013 M\u00e1rcia Freire 23h30 \u2013 Tico Menezes 01h00 \u2013 L\u00e9o Santana 02h30 \u2013 Fred Nunes 04h00 \u2013 Jamaica Moreno Tenda com DJs 20h00 \u2013 Digs 23h00 \u2013 Juninho Pared\u00f5es (a partir das 14h) Carreta Pitbull (Pra\u00e7a da Matriz) Mel Pared\u00e3o (Avenida da Micareta) Van Pared\u00e3o (Avenida da Micareta) DOMINGO \u2013 04\/05 16h00 \u2013 Bloco Trem da Alegria 17h30 \u2013 Bloco da Paz 19h30 \u2013 Isaac e Edson Gomes 20h30 \u2013 Durval Lelys 22h00 \u2013 Chaonda 23h30 \u2013 Nattan 01h00 \u2013 M\u00e1rcio Bary 02h30 \u2013 Samba da Gente 04h00 \u2013 Ki Pegada Tenda com DJs 20h00 \u2013 Garner 23h00 \u2013 Dija Pared\u00f5es (a partir das 14h) Carreta Pitbull (Pra\u00e7a da Matriz) Claudinho Pared\u00e3o (Avenida da Micareta) Di\u00f3genes Pared\u00e3o (Avenida da Micareta) O terceiro dia de festa promete ser inesquec\u00edvel! A Prefeitura convida todos os foli\u00f5es a curtirem com alegria, respeito e seguran\u00e7a mais uma edi\u00e7\u00e3o da Coit\u00e9 Folia. Ascom","og_url":"https:\/\/portalraizesnoticias.com.br\/?p=7029","og_site_name":"Portal raizes noticias","article_published_time":"2025-05-03T02:07:16+00:00","article_modified_time":"2025-06-11T01:08:02+00:00","og_image":[{"width":1213,"height":756,"url":"https:\/\/portalraizesnoticias.com.br\/wp-content\/uploads\/2025\/06\/IMG-20250610-WA0548.jpg","type":"image\/jpeg"}],"author":"Portal Raizes","twitter_card":"summary_large_image","twitter_misc":{"Escrito por":"Portal Raizes","Est. tempo de leitura":"3 minutos"},"schema":{"@context":"https:\/\/schema.org","@graph":[{"@type":"Article","@id":"https:\/\/portalraizesnoticias.com.br\/?p=7029#article","isPartOf":{"@id":"https:\/\/portalraizesnoticias.com.br\/?p=7029"},"author":{"name":"Portal Raizes","@id":"https:\/\/portalraizesnoticias.com.br\/#\/schema\/person\/a3ca6b0fc701e78df19756c417d943ae"},"headline":"Nem a chuva segurou: Psirico arrasta multid\u00e3o no segundo dia de Coit\u00e9 Folia","datePublished":"2025-05-03T02:07:16+00:00","dateModified":"2025-06-11T01:08:02+00:00","mainEntityOfPage":{"@id":"https:\/\/portalraizesnoticias.com.br\/?p=7029"},"wordCount":554,"commentCount":0,"publisher":{"@id":"https:\/\/portalraizesnoticias.com.br\/#organization"},"image":{"@id":"https:\/\/portalraizesnoticias.com.br\/?p=7029#primaryimage"},"thumbnailUrl":"https:\/\/portalraizesnoticias.com.br\/wp-content\/uploads\/2025\/06\/IMG-20250610-WA0548.jpg","keywords":["Coit\u00e9 folia"],"articleSection":["ESPORTES"],"inLanguage":"pt-BR","potentialAction":[{"@type":"CommentAction","name":"Comment","target":["https:\/\/portalraizesnoticias.com.br\/?p=7029#respond"]}]},{"@type":"WebPage","@id":"https:\/\/portalraizesnoticias.com.br\/?p=7029","url":"https:\/\/portalraizesnoticias.com.br\/?p=7029","name":"Nem a chuva segurou: Psirico arrasta multid\u00e3o no segundo dia de Coit\u00e9 Folia - Portal raizes noticias","isPartOf":{"@id":"https:\/\/portalraizesnoticias.com.br\/#website"},"primaryImageOfPage":{"@id":"https:\/\/portalraizesnoticias.com.br\/?p=7029#primaryimage"},"image":{"@id":"https:\/\/portalraizesnoticias.com.br\/?p=7029#primaryimage"},"thumbnailUrl":"https:\/\/portalraizesnoticias.com.br\/wp-content\/uploads\/2025\/06\/IMG-20250610-WA0548.jpg","datePublished":"2025-05-03T02:07:16+00:00","dateModified":"2025-06-11T01:08:02+00:00","breadcrumb":{"@id":"https:\/\/portalraizesnoticias.com.br\/?p=7029#breadcrumb"},"inLanguage":"pt-BR","potentialAction":[{"@type":"ReadAction","target":["https:\/\/portalraizesnoticias.com.br\/?p=7029"]}]},{"@type":"ImageObject","inLanguage":"pt-BR","@id":"https:\/\/portalraizesnoticias.com.br\/?p=7029#primaryimage","url":"https:\/\/portalraizesnoticias.com.br\/wp-content\/uploads\/2025\/06\/IMG-20250610-WA0548.jpg","contentUrl":"https:\/\/portalraizesnoticias.com.br\/wp-content\/uploads\/2025\/06\/IMG-20250610-WA0548.jpg","width":1213,"height":756},{"@type":"BreadcrumbList","@id":"https:\/\/portalraizesnoticias.com.br\/?p=7029#breadcrumb","itemListElement":[{"@type":"ListItem","position":1,"name":"In\u00edcio","item":"https:\/\/portalraizesnoticias.com.br\/"},{"@type":"ListItem","position":2,"name":"Nem a chuva segurou: Psirico arrasta multid\u00e3o no segundo dia de Coit\u00e9 Folia"}]},{"@type":"WebSite","@id":"https:\/\/portalraizesnoticias.com.br\/#website","url":"https:\/\/portalraizesnoticias.com.br\/","name":"Portal raizes NOTICIAS","description":"site de noticias de concei\u00e7\u00e3o do coit\u00e9 e regi\u00e3o","publisher":{"@id":"https:\/\/portalraizesnoticias.com.br\/#organization"},"alternateName":"PORTAL RAIZES COIT\u00c9","potentialAction":[{"@type":"SearchAction","target":{"@type":"EntryPoint","urlTemplate":"https:\/\/portalraizesnoticias.com.br\/?s={search_term_string}"},"query-input":{"@type":"PropertyValueSpecification","valueRequired":true,"valueName":"search_term_string"}}],"inLanguage":"pt-BR"},{"@type":"Organization","@id":"https:\/\/portalraizesnoticias.com.br\/#organization","name":"Portal raizes NOTICIAS","url":"https:\/\/portalraizesnoticias.com.br\/","logo":{"@type":"ImageObject","inLanguage":"pt-BR","@id":"https:\/\/portalraizesnoticias.com.br\/#\/schema\/logo\/image\/","url":"https:\/\/portalraizesnoticias.com.br\/wp-content\/uploads\/2024\/09\/cropped-Captura-de-tela-2024-09-08-011108.png","contentUrl":"https:\/\/portalraizesnoticias.com.br\/wp-content\/uploads\/2024\/09\/cropped-Captura-de-tela-2024-09-08-011108.png","width":606,"height":173,"caption":"Portal raizes NOTICIAS"},"image":{"@id":"https:\/\/portalraizesnoticias.com.br\/#\/schema\/logo\/image\/"}},{"@type":"Person","@id":"https:\/\/portalraizesnoticias.com.br\/#\/schema\/person\/a3ca6b0fc701e78df19756c417d943ae","name":"Portal Raizes","image":{"@type":"ImageObject","inLanguage":"pt-BR","@id":"https:\/\/portalraizesnoticias.com.br\/#\/schema\/person\/image\/","url":"https:\/\/secure.gravatar.com\/avatar\/ef450d29013a3d3fba867a12a249d7b1?s=96&d=mm&r=g","contentUrl":"https:\/\/secure.gravatar.com\/avatar\/ef450d29013a3d3fba867a12a249d7b1?s=96&d=mm&r=g","caption":"Portal Raizes"},"url":"https:\/\/portalraizesnoticias.com.br\/?author=3"}]}},"_links":{"self":[{"href":"https:\/\/portalraizesnoticias.com.br\/index.php?rest_route=\/wp\/v2\/posts\/7029"}],"collection":[{"href":"https:\/\/portalraizesnoticias.com.br\/index.php?rest_route=\/wp\/v2\/posts"}],"about":[{"href":"https:\/\/portalraizesnoticias.com.br\/index.php?rest_route=\/wp\/v2\/types\/post"}],"author":[{"embeddable":true,"href":"https:\/\/portalraizesnoticias.com.br\/index.php?rest_route=\/wp\/v2\/users\/3"}],"replies":[{"embeddable":true,"href":"https:\/\/portalraizesnoticias.com.br\/index.php?rest_route=%2Fwp%2Fv2%2Fcomments&post=7029"}],"version-history":[{"count":1,"href":"https:\/\/portalraizesnoticias.com.br\/index.php?rest_route=\/wp\/v2\/posts\/7029\/revisions"}],"predecessor-version":[{"id":7031,"href":"https:\/\/portalraizesnoticias.com.br\/index.php?rest_route=\/wp\/v2\/posts\/7029\/revisions\/7031"}],"wp:featuredmedia":[{"embeddable":true,"href":"https:\/\/portalraizesnoticias.com.br\/index.php?rest_route=\/wp\/v2\/media\/7030"}],"wp:attachment":[{"href":"https:\/\/portalraizesnoticias.com.br\/index.php?rest_route=%2Fwp%2Fv2%2Fmedia&parent=7029"}],"wp:term":[{"taxonomy":"category","embeddable":true,"href":"https:\/\/portalraizesnoticias.com.br\/index.php?rest_route=%2Fwp%2Fv2%2Fcategories&post=7029"},{"taxonomy":"post_tag","embeddable":true,"href":"https:\/\/portalraizesnoticias.com.br\/index.php?rest_route=%2Fwp%2Fv2%2Ftags&post=7029"}],"curies":[{"name":"wp","href":"https:\/\/api.w.org\/{rel}","templated":true}]}}