{"id":7007,"date":"2025-06-10T14:01:09","date_gmt":"2025-06-10T17:01:09","guid":{"rendered":"https:\/\/portalraizesnoticias.com.br\/?p=7007"},"modified":"2025-08-20T15:04:23","modified_gmt":"2025-08-20T18:04:23","slug":"jovem-e-agredida-por-homens-e-mulheres-em-praca-de-sao-domingos","status":"publish","type":"post","link":"https:\/\/portalraizesnoticias.com.br\/?p=7007","title":{"rendered":"Jovem \u00e9 agredida por homens e mulheres em pra\u00e7a de S\u00e3o Domingos"},"content":{"rendered":"<p>Por volta das 00h19 desta segunda-feira (09), uma mulher de 32 anos foi v\u00edtima de agress\u00e3o na Pra\u00e7a Isaque Ribeiro, localizada no centro de S\u00e3o Domingos, na regi\u00e3o sisaleira da Bahia.<\/p>\n<p>De acordo com informa\u00e7\u00f5es apuradas pelo Portal Ra\u00edzes junto \u00e0 Pol\u00edcia Militar, a guarni\u00e7\u00e3o foi acionada via CICOM ap\u00f3s relatos de uma briga no local.<\/p>\n<p>A v\u00edtima foi localizada no Hospital Municipal, onde relatou ter sido espancada por um grupo formado por homens e mulheres. No entanto, ela n\u00e3o soube identificar os agressores nem apontar o paradeiro dos envolvidos.<\/p>\n<p>Ap\u00f3s receber atendimento m\u00e9dico, a mulher foi orientada a registrar um boletim de ocorr\u00eancia na delegacia da cidade para que as investiga\u00e7\u00f5es possam ser iniciadas.<\/p>\n<p>At\u00e9 o momento, n\u00e3o h\u00e1 informa\u00e7\u00f5es sobre a identifica\u00e7\u00e3o ou pris\u00e3o dos suspeitos.<\/p>\n<p>Reda\u00e7\u00e3o<\/p>\n<p>Foto: Ilustra\u00e7\u00e3o<\/p>\n","protected":false},"excerpt":{"rendered":"<p>Por volta das 00h19 desta segunda-feira (09), uma mulher de 32 anos foi v\u00edtima de agress\u00e3o na Pra\u00e7a Isaque Ribeiro, localizada no centro de S\u00e3o Domingos, na regi\u00e3o sisaleira da Bahia. De acordo com informa\u00e7\u00f5es apuradas pelo Portal Ra\u00edzes junto \u00e0 Pol\u00edcia Militar, a guarni\u00e7\u00e3o foi acionada via CICOM ap\u00f3s relatos de uma briga no local. A v\u00edtima foi localizada no Hospital Municipal, onde relatou ter sido espancada por um grupo formado por homens e mulheres. No entanto, ela n\u00e3o soube identificar os agressores nem apontar o paradeiro dos envolvidos. Ap\u00f3s receber atendimento m\u00e9dico, a mulher foi orientada a registrar um boletim de ocorr\u00eancia na delegacia da cidade para que as investiga\u00e7\u00f5es possam ser iniciadas. At\u00e9 o momento, n\u00e3o h\u00e1 informa\u00e7\u00f5es sobre a identifica\u00e7\u00e3o ou pris\u00e3o dos suspeitos. Reda\u00e7\u00e3o Foto: Ilustra\u00e7\u00e3o<\/p>\n","protected":false},"author":3,"featured_media":7008,"comment_status":"open","ping_status":"open","sticky":false,"template":"","format":"standard","meta":{"_joinchat":[],"footnotes":""},"categories":[55,67,59],"tags":[1110,842,633,196],"class_list":["post-7007","post","type-post","status-publish","format-standard","has-post-thumbnail","hentry","category-destaques","category-policia","category-ultimas-noticias","tag-agressao-2","tag-homens","tag-mulheres","tag-policia"],"yoast_head":"<!-- This site is optimized with the Yoast SEO plugin v24.4 - https:\/\/yoast.com\/wordpress\/plugins\/seo\/ -->\n<title>Jovem \u00e9 agredida por homens e mulheres em pra\u00e7a de S\u00e3o Domingos - Portal raizes noticias<\/title>\n<meta name=\"robots\" content=\"index, follow, max-snippet:-1, max-image-preview:large, max-video-preview:-1\" \/>\n<link rel=\"canonical\" href=\"https:\/\/portalraizesnoticias.com.br\/?p=7007\" \/>\n<meta property=\"og:locale\" content=\"pt_BR\" \/>\n<meta property=\"og:type\" content=\"article\" \/>\n<meta property=\"og:title\" content=\"Jovem \u00e9 agredida por homens e mulheres em pra\u00e7a de S\u00e3o Domingos - Portal raizes noticias\" \/>\n<meta property=\"og:description\" content=\"Por volta das 00h19 desta segunda-feira (09), uma mulher de 32 anos foi v\u00edtima de agress\u00e3o na Pra\u00e7a Isaque Ribeiro, localizada no centro de S\u00e3o Domingos, na regi\u00e3o sisaleira da Bahia. De acordo com informa\u00e7\u00f5es apuradas pelo Portal Ra\u00edzes junto \u00e0 Pol\u00edcia Militar, a guarni\u00e7\u00e3o foi acionada via CICOM ap\u00f3s relatos de uma briga no local. A v\u00edtima foi localizada no Hospital Municipal, onde relatou ter sido espancada por um grupo formado por homens e mulheres. No entanto, ela n\u00e3o soube identificar os agressores nem apontar o paradeiro dos envolvidos. Ap\u00f3s receber atendimento m\u00e9dico, a mulher foi orientada a registrar um boletim de ocorr\u00eancia na delegacia da cidade para que as investiga\u00e7\u00f5es possam ser iniciadas. At\u00e9 o momento, n\u00e3o h\u00e1 informa\u00e7\u00f5es sobre a identifica\u00e7\u00e3o ou pris\u00e3o dos suspeitos. Reda\u00e7\u00e3o Foto: Ilustra\u00e7\u00e3o\" \/>\n<meta property=\"og:url\" content=\"https:\/\/portalraizesnoticias.com.br\/?p=7007\" \/>\n<meta property=\"og:site_name\" content=\"Portal raizes noticias\" \/>\n<meta property=\"article:published_time\" content=\"2025-06-10T17:01:09+00:00\" \/>\n<meta property=\"article:modified_time\" content=\"2025-08-20T18:04:23+00:00\" \/>\n<meta property=\"og:image\" content=\"https:\/\/portalraizesnoticias.com.br\/wp-content\/uploads\/2025\/06\/violencia-domestica1.jpeg\" \/>\n\t<meta property=\"og:image:width\" content=\"300\" \/>\n\t<meta property=\"og:image:height\" content=\"225\" \/>\n\t<meta property=\"og:image:type\" content=\"image\/jpeg\" \/>\n<meta name=\"author\" content=\"Portal Raizes\" \/>\n<meta name=\"twitter:card\" content=\"summary_large_image\" \/>\n<meta name=\"twitter:label1\" content=\"Escrito por\" \/>\n\t<meta name=\"twitter:data1\" content=\"Portal Raizes\" \/>\n\t<meta name=\"twitter:label2\" content=\"Est. tempo de leitura\" \/>\n\t<meta name=\"twitter:data2\" content=\"1 minuto\" \/>\n<script type=\"application\/ld+json\" class=\"yoast-schema-graph\">{\"@context\":\"https:\/\/schema.org\",\"@graph\":[{\"@type\":\"Article\",\"@id\":\"https:\/\/portalraizesnoticias.com.br\/?p=7007#article\",\"isPartOf\":{\"@id\":\"https:\/\/portalraizesnoticias.com.br\/?p=7007\"},\"author\":{\"name\":\"Portal Raizes\",\"@id\":\"https:\/\/portalraizesnoticias.com.br\/#\/schema\/person\/a3ca6b0fc701e78df19756c417d943ae\"},\"headline\":\"Jovem \u00e9 agredida por homens e mulheres em pra\u00e7a de S\u00e3o Domingos\",\"datePublished\":\"2025-06-10T17:01:09+00:00\",\"dateModified\":\"2025-08-20T18:04:23+00:00\",\"mainEntityOfPage\":{\"@id\":\"https:\/\/portalraizesnoticias.com.br\/?p=7007\"},\"wordCount\":163,\"commentCount\":0,\"publisher\":{\"@id\":\"https:\/\/portalraizesnoticias.com.br\/#organization\"},\"image\":{\"@id\":\"https:\/\/portalraizesnoticias.com.br\/?p=7007#primaryimage\"},\"thumbnailUrl\":\"https:\/\/portalraizesnoticias.com.br\/wp-content\/uploads\/2025\/06\/violencia-domestica1.jpeg\",\"keywords\":[\"Agressao\",\"Homens\",\"Mulheres\",\"Policia\"],\"articleSection\":[\"DESTAQUES\",\"POLICIA\",\"ULTIMAS NOTICIAS\"],\"inLanguage\":\"pt-BR\",\"potentialAction\":[{\"@type\":\"CommentAction\",\"name\":\"Comment\",\"target\":[\"https:\/\/portalraizesnoticias.com.br\/?p=7007#respond\"]}]},{\"@type\":\"WebPage\",\"@id\":\"https:\/\/portalraizesnoticias.com.br\/?p=7007\",\"url\":\"https:\/\/portalraizesnoticias.com.br\/?p=7007\",\"name\":\"Jovem \u00e9 agredida por homens e mulheres em pra\u00e7a de S\u00e3o Domingos - Portal raizes noticias\",\"isPartOf\":{\"@id\":\"https:\/\/portalraizesnoticias.com.br\/#website\"},\"primaryImageOfPage\":{\"@id\":\"https:\/\/portalraizesnoticias.com.br\/?p=7007#primaryimage\"},\"image\":{\"@id\":\"https:\/\/portalraizesnoticias.com.br\/?p=7007#primaryimage\"},\"thumbnailUrl\":\"https:\/\/portalraizesnoticias.com.br\/wp-content\/uploads\/2025\/06\/violencia-domestica1.jpeg\",\"datePublished\":\"2025-06-10T17:01:09+00:00\",\"dateModified\":\"2025-08-20T18:04:23+00:00\",\"breadcrumb\":{\"@id\":\"https:\/\/portalraizesnoticias.com.br\/?p=7007#breadcrumb\"},\"inLanguage\":\"pt-BR\",\"potentialAction\":[{\"@type\":\"ReadAction\",\"target\":[\"https:\/\/portalraizesnoticias.com.br\/?p=7007\"]}]},{\"@type\":\"ImageObject\",\"inLanguage\":\"pt-BR\",\"@id\":\"https:\/\/portalraizesnoticias.com.br\/?p=7007#primaryimage\",\"url\":\"https:\/\/portalraizesnoticias.com.br\/wp-content\/uploads\/2025\/06\/violencia-domestica1.jpeg\",\"contentUrl\":\"https:\/\/portalraizesnoticias.com.br\/wp-content\/uploads\/2025\/06\/violencia-domestica1.jpeg\",\"width\":300,\"height\":225},{\"@type\":\"BreadcrumbList\",\"@id\":\"https:\/\/portalraizesnoticias.com.br\/?p=7007#breadcrumb\",\"itemListElement\":[{\"@type\":\"ListItem\",\"position\":1,\"name\":\"In\u00edcio\",\"item\":\"https:\/\/portalraizesnoticias.com.br\/\"},{\"@type\":\"ListItem\",\"position\":2,\"name\":\"Jovem \u00e9 agredida por homens e mulheres em pra\u00e7a de S\u00e3o Domingos\"}]},{\"@type\":\"WebSite\",\"@id\":\"https:\/\/portalraizesnoticias.com.br\/#website\",\"url\":\"https:\/\/portalraizesnoticias.com.br\/\",\"name\":\"Portal raizes NOTICIAS\",\"description\":\"site de noticias de concei\u00e7\u00e3o do coit\u00e9 e regi\u00e3o\",\"publisher\":{\"@id\":\"https:\/\/portalraizesnoticias.com.br\/#organization\"},\"alternateName\":\"PORTAL RAIZES COIT\u00c9\",\"potentialAction\":[{\"@type\":\"SearchAction\",\"target\":{\"@type\":\"EntryPoint\",\"urlTemplate\":\"https:\/\/portalraizesnoticias.com.br\/?s={search_term_string}\"},\"query-input\":{\"@type\":\"PropertyValueSpecification\",\"valueRequired\":true,\"valueName\":\"search_term_string\"}}],\"inLanguage\":\"pt-BR\"},{\"@type\":\"Organization\",\"@id\":\"https:\/\/portalraizesnoticias.com.br\/#organization\",\"name\":\"Portal raizes NOTICIAS\",\"url\":\"https:\/\/portalraizesnoticias.com.br\/\",\"logo\":{\"@type\":\"ImageObject\",\"inLanguage\":\"pt-BR\",\"@id\":\"https:\/\/portalraizesnoticias.com.br\/#\/schema\/logo\/image\/\",\"url\":\"https:\/\/portalraizesnoticias.com.br\/wp-content\/uploads\/2024\/09\/cropped-Captura-de-tela-2024-09-08-011108.png\",\"contentUrl\":\"https:\/\/portalraizesnoticias.com.br\/wp-content\/uploads\/2024\/09\/cropped-Captura-de-tela-2024-09-08-011108.png\",\"width\":606,\"height\":173,\"caption\":\"Portal raizes NOTICIAS\"},\"image\":{\"@id\":\"https:\/\/portalraizesnoticias.com.br\/#\/schema\/logo\/image\/\"}},{\"@type\":\"Person\",\"@id\":\"https:\/\/portalraizesnoticias.com.br\/#\/schema\/person\/a3ca6b0fc701e78df19756c417d943ae\",\"name\":\"Portal Raizes\",\"image\":{\"@type\":\"ImageObject\",\"inLanguage\":\"pt-BR\",\"@id\":\"https:\/\/portalraizesnoticias.com.br\/#\/schema\/person\/image\/\",\"url\":\"https:\/\/secure.gravatar.com\/avatar\/ef450d29013a3d3fba867a12a249d7b1?s=96&d=mm&r=g\",\"contentUrl\":\"https:\/\/secure.gravatar.com\/avatar\/ef450d29013a3d3fba867a12a249d7b1?s=96&d=mm&r=g\",\"caption\":\"Portal Raizes\"},\"url\":\"https:\/\/portalraizesnoticias.com.br\/?author=3\"}]}<\/script>\n<!-- \/ Yoast SEO plugin. -->","yoast_head_json":{"title":"Jovem \u00e9 agredida por homens e mulheres em pra\u00e7a de S\u00e3o Domingos - Portal raizes noticias","robots":{"index":"index","follow":"follow","max-snippet":"max-snippet:-1","max-image-preview":"max-image-preview:large","max-video-preview":"max-video-preview:-1"},"canonical":"https:\/\/portalraizesnoticias.com.br\/?p=7007","og_locale":"pt_BR","og_type":"article","og_title":"Jovem \u00e9 agredida por homens e mulheres em pra\u00e7a de S\u00e3o Domingos - Portal raizes noticias","og_description":"Por volta das 00h19 desta segunda-feira (09), uma mulher de 32 anos foi v\u00edtima de agress\u00e3o na Pra\u00e7a Isaque Ribeiro, localizada no centro de S\u00e3o Domingos, na regi\u00e3o sisaleira da Bahia. De acordo com informa\u00e7\u00f5es apuradas pelo Portal Ra\u00edzes junto \u00e0 Pol\u00edcia Militar, a guarni\u00e7\u00e3o foi acionada via CICOM ap\u00f3s relatos de uma briga no local. A v\u00edtima foi localizada no Hospital Municipal, onde relatou ter sido espancada por um grupo formado por homens e mulheres. No entanto, ela n\u00e3o soube identificar os agressores nem apontar o paradeiro dos envolvidos. Ap\u00f3s receber atendimento m\u00e9dico, a mulher foi orientada a registrar um boletim de ocorr\u00eancia na delegacia da cidade para que as investiga\u00e7\u00f5es possam ser iniciadas. At\u00e9 o momento, n\u00e3o h\u00e1 informa\u00e7\u00f5es sobre a identifica\u00e7\u00e3o ou pris\u00e3o dos suspeitos. Reda\u00e7\u00e3o Foto: Ilustra\u00e7\u00e3o","og_url":"https:\/\/portalraizesnoticias.com.br\/?p=7007","og_site_name":"Portal raizes noticias","article_published_time":"2025-06-10T17:01:09+00:00","article_modified_time":"2025-08-20T18:04:23+00:00","og_image":[{"width":300,"height":225,"url":"https:\/\/portalraizesnoticias.com.br\/wp-content\/uploads\/2025\/06\/violencia-domestica1.jpeg","type":"image\/jpeg"}],"author":"Portal Raizes","twitter_card":"summary_large_image","twitter_misc":{"Escrito por":"Portal Raizes","Est. tempo de leitura":"1 minuto"},"schema":{"@context":"https:\/\/schema.org","@graph":[{"@type":"Article","@id":"https:\/\/portalraizesnoticias.com.br\/?p=7007#article","isPartOf":{"@id":"https:\/\/portalraizesnoticias.com.br\/?p=7007"},"author":{"name":"Portal Raizes","@id":"https:\/\/portalraizesnoticias.com.br\/#\/schema\/person\/a3ca6b0fc701e78df19756c417d943ae"},"headline":"Jovem \u00e9 agredida por homens e mulheres em pra\u00e7a de S\u00e3o Domingos","datePublished":"2025-06-10T17:01:09+00:00","dateModified":"2025-08-20T18:04:23+00:00","mainEntityOfPage":{"@id":"https:\/\/portalraizesnoticias.com.br\/?p=7007"},"wordCount":163,"commentCount":0,"publisher":{"@id":"https:\/\/portalraizesnoticias.com.br\/#organization"},"image":{"@id":"https:\/\/portalraizesnoticias.com.br\/?p=7007#primaryimage"},"thumbnailUrl":"https:\/\/portalraizesnoticias.com.br\/wp-content\/uploads\/2025\/06\/violencia-domestica1.jpeg","keywords":["Agressao","Homens","Mulheres","Policia"],"articleSection":["DESTAQUES","POLICIA","ULTIMAS NOTICIAS"],"inLanguage":"pt-BR","potentialAction":[{"@type":"CommentAction","name":"Comment","target":["https:\/\/portalraizesnoticias.com.br\/?p=7007#respond"]}]},{"@type":"WebPage","@id":"https:\/\/portalraizesnoticias.com.br\/?p=7007","url":"https:\/\/portalraizesnoticias.com.br\/?p=7007","name":"Jovem \u00e9 agredida por homens e mulheres em pra\u00e7a de S\u00e3o Domingos - Portal raizes noticias","isPartOf":{"@id":"https:\/\/portalraizesnoticias.com.br\/#website"},"primaryImageOfPage":{"@id":"https:\/\/portalraizesnoticias.com.br\/?p=7007#primaryimage"},"image":{"@id":"https:\/\/portalraizesnoticias.com.br\/?p=7007#primaryimage"},"thumbnailUrl":"https:\/\/portalraizesnoticias.com.br\/wp-content\/uploads\/2025\/06\/violencia-domestica1.jpeg","datePublished":"2025-06-10T17:01:09+00:00","dateModified":"2025-08-20T18:04:23+00:00","breadcrumb":{"@id":"https:\/\/portalraizesnoticias.com.br\/?p=7007#breadcrumb"},"inLanguage":"pt-BR","potentialAction":[{"@type":"ReadAction","target":["https:\/\/portalraizesnoticias.com.br\/?p=7007"]}]},{"@type":"ImageObject","inLanguage":"pt-BR","@id":"https:\/\/portalraizesnoticias.com.br\/?p=7007#primaryimage","url":"https:\/\/portalraizesnoticias.com.br\/wp-content\/uploads\/2025\/06\/violencia-domestica1.jpeg","contentUrl":"https:\/\/portalraizesnoticias.com.br\/wp-content\/uploads\/2025\/06\/violencia-domestica1.jpeg","width":300,"height":225},{"@type":"BreadcrumbList","@id":"https:\/\/portalraizesnoticias.com.br\/?p=7007#breadcrumb","itemListElement":[{"@type":"ListItem","position":1,"name":"In\u00edcio","item":"https:\/\/portalraizesnoticias.com.br\/"},{"@type":"ListItem","position":2,"name":"Jovem \u00e9 agredida por homens e mulheres em pra\u00e7a de S\u00e3o Domingos"}]},{"@type":"WebSite","@id":"https:\/\/portalraizesnoticias.com.br\/#website","url":"https:\/\/portalraizesnoticias.com.br\/","name":"Portal raizes NOTICIAS","description":"site de noticias de concei\u00e7\u00e3o do coit\u00e9 e regi\u00e3o","publisher":{"@id":"https:\/\/portalraizesnoticias.com.br\/#organization"},"alternateName":"PORTAL RAIZES COIT\u00c9","potentialAction":[{"@type":"SearchAction","target":{"@type":"EntryPoint","urlTemplate":"https:\/\/portalraizesnoticias.com.br\/?s={search_term_string}"},"query-input":{"@type":"PropertyValueSpecification","valueRequired":true,"valueName":"search_term_string"}}],"inLanguage":"pt-BR"},{"@type":"Organization","@id":"https:\/\/portalraizesnoticias.com.br\/#organization","name":"Portal raizes NOTICIAS","url":"https:\/\/portalraizesnoticias.com.br\/","logo":{"@type":"ImageObject","inLanguage":"pt-BR","@id":"https:\/\/portalraizesnoticias.com.br\/#\/schema\/logo\/image\/","url":"https:\/\/portalraizesnoticias.com.br\/wp-content\/uploads\/2024\/09\/cropped-Captura-de-tela-2024-09-08-011108.png","contentUrl":"https:\/\/portalraizesnoticias.com.br\/wp-content\/uploads\/2024\/09\/cropped-Captura-de-tela-2024-09-08-011108.png","width":606,"height":173,"caption":"Portal raizes NOTICIAS"},"image":{"@id":"https:\/\/portalraizesnoticias.com.br\/#\/schema\/logo\/image\/"}},{"@type":"Person","@id":"https:\/\/portalraizesnoticias.com.br\/#\/schema\/person\/a3ca6b0fc701e78df19756c417d943ae","name":"Portal Raizes","image":{"@type":"ImageObject","inLanguage":"pt-BR","@id":"https:\/\/portalraizesnoticias.com.br\/#\/schema\/person\/image\/","url":"https:\/\/secure.gravatar.com\/avatar\/ef450d29013a3d3fba867a12a249d7b1?s=96&d=mm&r=g","contentUrl":"https:\/\/secure.gravatar.com\/avatar\/ef450d29013a3d3fba867a12a249d7b1?s=96&d=mm&r=g","caption":"Portal Raizes"},"url":"https:\/\/portalraizesnoticias.com.br\/?author=3"}]}},"_links":{"self":[{"href":"https:\/\/portalraizesnoticias.com.br\/index.php?rest_route=\/wp\/v2\/posts\/7007"}],"collection":[{"href":"https:\/\/portalraizesnoticias.com.br\/index.php?rest_route=\/wp\/v2\/posts"}],"about":[{"href":"https:\/\/portalraizesnoticias.com.br\/index.php?rest_route=\/wp\/v2\/types\/post"}],"author":[{"embeddable":true,"href":"https:\/\/portalraizesnoticias.com.br\/index.php?rest_route=\/wp\/v2\/users\/3"}],"replies":[{"embeddable":true,"href":"https:\/\/portalraizesnoticias.com.br\/index.php?rest_route=%2Fwp%2Fv2%2Fcomments&post=7007"}],"version-history":[{"count":1,"href":"https:\/\/portalraizesnoticias.com.br\/index.php?rest_route=\/wp\/v2\/posts\/7007\/revisions"}],"predecessor-version":[{"id":7009,"href":"https:\/\/portalraizesnoticias.com.br\/index.php?rest_route=\/wp\/v2\/posts\/7007\/revisions\/7009"}],"wp:featuredmedia":[{"embeddable":true,"href":"https:\/\/portalraizesnoticias.com.br\/index.php?rest_route=\/wp\/v2\/media\/7008"}],"wp:attachment":[{"href":"https:\/\/portalraizesnoticias.com.br\/index.php?rest_route=%2Fwp%2Fv2%2Fmedia&parent=7007"}],"wp:term":[{"taxonomy":"category","embeddable":true,"href":"https:\/\/portalraizesnoticias.com.br\/index.php?rest_route=%2Fwp%2Fv2%2Fcategories&post=7007"},{"taxonomy":"post_tag","embeddable":true,"href":"https:\/\/portalraizesnoticias.com.br\/index.php?rest_route=%2Fwp%2Fv2%2Ftags&post=7007"}],"curies":[{"name":"wp","href":"https:\/\/api.w.org\/{rel}","templated":true}]}}