{"id":6991,"date":"2025-06-09T21:29:10","date_gmt":"2025-06-10T00:29:10","guid":{"rendered":"https:\/\/portalraizesnoticias.com.br\/?p=6991"},"modified":"2025-08-20T14:53:23","modified_gmt":"2025-08-20T17:53:23","slug":"incendio-misterioso-destroi-instrumentos-da-banda-marcial-escudeiros-em-clube-sem-energia-de-conceicao-do-coite","status":"publish","type":"post","link":"https:\/\/portalraizesnoticias.com.br\/?p=6991","title":{"rendered":"Inc\u00eandio misterioso destr\u00f3i instrumentos da Banda Marcial Escudeiros em clube  sem energia de Concei\u00e7\u00e3o do Coit\u00e9"},"content":{"rendered":"<p>Os integrantes da Banda Marcial Escudeiros de Coit\u00e9 (BMEC), um dos grupos mais tradicionais da regi\u00e3o, est\u00e3o desolados ap\u00f3s um inc\u00eandio destruir praticamente todos os instrumentos da corpora\u00e7\u00e3o. O caso ocorreu no dia 31 de maio, em um espa\u00e7o localizado na antiga sede da ACCA, em Concei\u00e7\u00e3o do Coit\u00e9, mas s\u00f3 foi divulgado publicamente neste final de semana.<\/p>\n<div style=\"width: 480px;\" class=\"wp-video\"><!--[if lt IE 9]><script>document.createElement('video');<\/script><![endif]-->\n<video class=\"wp-video-shortcode\" id=\"video-6991-1\" width=\"480\" height=\"864\" preload=\"metadata\" controls=\"controls\"><source type=\"video\/mp4\" src=\"https:\/\/portalraizesnoticias.com.br\/wp-content\/uploads\/2025\/06\/VID-20250609-WA0303.mp4?_=1\" \/><a href=\"https:\/\/portalraizesnoticias.com.br\/wp-content\/uploads\/2025\/06\/VID-20250609-WA0303.mp4\">https:\/\/portalraizesnoticias.com.br\/wp-content\/uploads\/2025\/06\/VID-20250609-WA0303.mp4<\/a><\/video><\/div>\n<p>Os instrumentos vinham sendo utilizados semanalmente nos ensaios para o desfile c\u00edvico de 7 de Setembro, evento que tradicionalmente atrai centenas de pessoas.<\/p>\n<p><img decoding=\"async\" class=\"size-medium wp-image-6823 aligncenter\" src=\"https:\/\/portalraizesnoticias.com.br\/wp-content\/uploads\/2023\/04\/Imagem-do-WhatsApp-de-2025-05-29-as-15.27.05_579d7e6a-300x124.jpg\" alt=\"\" width=\"300\" height=\"124\" srcset=\"https:\/\/portalraizesnoticias.com.br\/wp-content\/uploads\/2023\/04\/Imagem-do-WhatsApp-de-2025-05-29-as-15.27.05_579d7e6a-300x124.jpg 300w, https:\/\/portalraizesnoticias.com.br\/wp-content\/uploads\/2023\/04\/Imagem-do-WhatsApp-de-2025-05-29-as-15.27.05_579d7e6a.jpg 709w\" sizes=\"(max-width: 300px) 100vw, 300px\" \/><\/p>\n<p style=\"text-align: center;\"><strong>PUBLICIDADE<\/strong><\/p>\n<p>Ainda n\u00e3o se sabe se o inc\u00eandio foi criminoso ou causado por um poss\u00edvel curto-circuito que, poder\u00e1 ser confirmado apenas com uma per\u00edcia. No entanto, o presidente da BMEC, Carlos Barros, conhecido como Carlinhos, acredita que pode ter sido um ato intencional, j\u00e1 que o local n\u00e3o possui energia el\u00e9trica, por estar desativado.<\/p>\n<p><img fetchpriority=\"high\" decoding=\"async\" class=\"size-medium wp-image-6993 aligncenter\" src=\"https:\/\/portalraizesnoticias.com.br\/wp-content\/uploads\/2025\/06\/IMG-20250609-WA0508-261x300.jpg\" alt=\"\" width=\"261\" height=\"300\" srcset=\"https:\/\/portalraizesnoticias.com.br\/wp-content\/uploads\/2025\/06\/IMG-20250609-WA0508-261x300.jpg 261w, https:\/\/portalraizesnoticias.com.br\/wp-content\/uploads\/2025\/06\/IMG-20250609-WA0508-891x1024.jpg 891w, https:\/\/portalraizesnoticias.com.br\/wp-content\/uploads\/2025\/06\/IMG-20250609-WA0508-768x883.jpg 768w, https:\/\/portalraizesnoticias.com.br\/wp-content\/uploads\/2025\/06\/IMG-20250609-WA0508.jpg 931w\" sizes=\"(max-width: 261px) 100vw, 261px\" \/><\/p>\n<p style=\"text-align: center;\"><em>Carlinhos<\/em><\/p>\n<p>&#8220;Estou completamente magoado. Fiquei esses \u00faltimos dias sem dormir desde que me deparei com a situa\u00e7\u00e3o. N\u00e3o tenho nenhum suspeito e seria leviano da minha parte fazer um julgamento precoce. Confio na justi\u00e7a dos homens e acredito, sobretudo, no Senhor Jesus, que h\u00e1 de ponderar e revelar o autor desse crime. Infelizmente, toda a fam\u00edlia BMEC est\u00e1 desolada&#8221;, declarou Carlinhos.<\/p>\n<p><img decoding=\"async\" class=\"size-medium wp-image-6994 aligncenter\" src=\"https:\/\/portalraizesnoticias.com.br\/wp-content\/uploads\/2025\/06\/IMG-20250609-WA0507-300x193.jpg\" alt=\"\" width=\"300\" height=\"193\" srcset=\"https:\/\/portalraizesnoticias.com.br\/wp-content\/uploads\/2025\/06\/IMG-20250609-WA0507-300x193.jpg 300w, https:\/\/portalraizesnoticias.com.br\/wp-content\/uploads\/2025\/06\/IMG-20250609-WA0507-1024x657.jpg 1024w, https:\/\/portalraizesnoticias.com.br\/wp-content\/uploads\/2025\/06\/IMG-20250609-WA0507-768x493.jpg 768w, https:\/\/portalraizesnoticias.com.br\/wp-content\/uploads\/2025\/06\/IMG-20250609-WA0507.jpg 1080w\" sizes=\"(max-width: 300px) 100vw, 300px\" \/><\/p>\n<p>A BMEC foi fundada em 26 de julho de 2002 e, segundo o presidente, essa foi a pior situa\u00e7\u00e3o enfrentada pelo grupo at\u00e9 hoje.<\/p>\n<p><img loading=\"lazy\" decoding=\"async\" class=\"size-medium wp-image-6103 aligncenter\" src=\"https:\/\/portalraizesnoticias.com.br\/wp-content\/uploads\/2025\/04\/IMG-20250426-WA0417-300x300.jpg\" alt=\"\" width=\"300\" height=\"300\" srcset=\"https:\/\/portalraizesnoticias.com.br\/wp-content\/uploads\/2025\/04\/IMG-20250426-WA0417-300x300.jpg 300w, https:\/\/portalraizesnoticias.com.br\/wp-content\/uploads\/2025\/04\/IMG-20250426-WA0417-1024x1024.jpg 1024w, https:\/\/portalraizesnoticias.com.br\/wp-content\/uploads\/2025\/04\/IMG-20250426-WA0417-150x150.jpg 150w, https:\/\/portalraizesnoticias.com.br\/wp-content\/uploads\/2025\/04\/IMG-20250426-WA0417-768x768.jpg 768w, https:\/\/portalraizesnoticias.com.br\/wp-content\/uploads\/2025\/04\/IMG-20250426-WA0417.jpg 1080w\" sizes=\"(max-width: 300px) 100vw, 300px\" \/><\/p>\n<p style=\"text-align: center;\"><strong>PUBLICIDADE<\/strong><\/p>\n<p>Carlinhos tamb\u00e9m deixou um recado para os pais dos integrantes e para a popula\u00e7\u00e3o:<\/p>\n<p>&#8220;Voltaremos com nossos ensaios o mais breve poss\u00edvel. Pe\u00e7o a todos que sejam compreensivos e, especialmente, aos pais que sempre estiveram conosco: muito obrigado pelo apoio de sempre.&#8221;<\/p>\n<p>O caso foi registrado na \u00faltima segunda-feira (02), e ser\u00e1 investigado pela Pol\u00edcia Civil por meio da Delegacia Territorial de Concei\u00e7\u00e3o do Coit\u00e9.<\/p>\n<p>reda\u00e7\u00e3o<\/p>\n<p>Fotos: Redes sociais<\/p>\n","protected":false},"excerpt":{"rendered":"<p>Os integrantes da Banda Marcial Escudeiros de Coit\u00e9 (BMEC), um dos grupos mais tradicionais da regi\u00e3o, est\u00e3o desolados ap\u00f3s um inc\u00eandio destruir praticamente todos os instrumentos da corpora\u00e7\u00e3o. O caso ocorreu no dia 31 de maio, em um espa\u00e7o localizado na antiga sede da ACCA, em Concei\u00e7\u00e3o do Coit\u00e9, mas s\u00f3 foi divulgado publicamente neste final de semana. Os instrumentos vinham sendo utilizados semanalmente nos ensaios para o desfile c\u00edvico de 7 de Setembro, evento que tradicionalmente atrai centenas de pessoas. PUBLICIDADE Ainda n\u00e3o se sabe se o inc\u00eandio foi criminoso ou causado por um poss\u00edvel curto-circuito que, poder\u00e1 ser confirmado apenas com uma per\u00edcia. No entanto, o presidente da BMEC, Carlos Barros, conhecido como Carlinhos, acredita que pode ter sido um ato intencional, j\u00e1 que o local n\u00e3o possui energia el\u00e9trica, por estar desativado. Carlinhos &#8220;Estou completamente magoado. Fiquei esses \u00faltimos dias sem dormir desde que me deparei com a situa\u00e7\u00e3o. N\u00e3o tenho nenhum suspeito e seria leviano da minha parte fazer um julgamento precoce. Confio na justi\u00e7a dos homens e acredito, sobretudo, no Senhor Jesus, que h\u00e1 de ponderar e revelar o autor desse crime. Infelizmente, toda a fam\u00edlia BMEC est\u00e1 desolada&#8221;, declarou Carlinhos. A BMEC foi fundada em 26 de julho de 2002 e, segundo o presidente, essa foi a pior situa\u00e7\u00e3o enfrentada pelo grupo at\u00e9 hoje. PUBLICIDADE Carlinhos tamb\u00e9m deixou um recado para os pais dos integrantes e para a popula\u00e7\u00e3o: &#8220;Voltaremos com nossos ensaios o mais breve poss\u00edvel. Pe\u00e7o a todos que sejam compreensivos e, especialmente, aos pais que sempre estiveram conosco: muito obrigado pelo apoio de sempre.&#8221; O caso foi registrado na \u00faltima segunda-feira (02), e ser\u00e1 investigado pela Pol\u00edcia Civil por meio da Delegacia Territorial de Concei\u00e7\u00e3o do Coit\u00e9. reda\u00e7\u00e3o Fotos: Redes sociais<\/p>\n","protected":false},"author":3,"featured_media":6992,"comment_status":"open","ping_status":"open","sticky":false,"template":"","format":"standard","meta":{"_joinchat":[],"footnotes":""},"categories":[55,67,59],"tags":[1171,75,586,1173],"class_list":["post-6991","post","type-post","status-publish","format-standard","has-post-thumbnail","hentry","category-destaques","category-policia","category-ultimas-noticias","tag-bmec","tag-coite","tag-incendio-2","tag-instrumentos"],"yoast_head":"<!-- This site is optimized with the Yoast SEO plugin v24.4 - https:\/\/yoast.com\/wordpress\/plugins\/seo\/ -->\n<title>Inc\u00eandio misterioso destr\u00f3i instrumentos da Banda Marcial Escudeiros em clube sem energia de Concei\u00e7\u00e3o do Coit\u00e9 - Portal raizes noticias<\/title>\n<meta name=\"robots\" content=\"index, follow, max-snippet:-1, max-image-preview:large, max-video-preview:-1\" \/>\n<link rel=\"canonical\" href=\"https:\/\/portalraizesnoticias.com.br\/?p=6991\" \/>\n<meta property=\"og:locale\" content=\"pt_BR\" \/>\n<meta property=\"og:type\" content=\"article\" \/>\n<meta property=\"og:title\" content=\"Inc\u00eandio misterioso destr\u00f3i instrumentos da Banda Marcial Escudeiros em clube sem energia de Concei\u00e7\u00e3o do Coit\u00e9 - Portal raizes noticias\" \/>\n<meta property=\"og:description\" content=\"Os integrantes da Banda Marcial Escudeiros de Coit\u00e9 (BMEC), um dos grupos mais tradicionais da regi\u00e3o, est\u00e3o desolados ap\u00f3s um inc\u00eandio destruir praticamente todos os instrumentos da corpora\u00e7\u00e3o. O caso ocorreu no dia 31 de maio, em um espa\u00e7o localizado na antiga sede da ACCA, em Concei\u00e7\u00e3o do Coit\u00e9, mas s\u00f3 foi divulgado publicamente neste final de semana. Os instrumentos vinham sendo utilizados semanalmente nos ensaios para o desfile c\u00edvico de 7 de Setembro, evento que tradicionalmente atrai centenas de pessoas. PUBLICIDADE Ainda n\u00e3o se sabe se o inc\u00eandio foi criminoso ou causado por um poss\u00edvel curto-circuito que, poder\u00e1 ser confirmado apenas com uma per\u00edcia. No entanto, o presidente da BMEC, Carlos Barros, conhecido como Carlinhos, acredita que pode ter sido um ato intencional, j\u00e1 que o local n\u00e3o possui energia el\u00e9trica, por estar desativado. Carlinhos &#8220;Estou completamente magoado. Fiquei esses \u00faltimos dias sem dormir desde que me deparei com a situa\u00e7\u00e3o. N\u00e3o tenho nenhum suspeito e seria leviano da minha parte fazer um julgamento precoce. Confio na justi\u00e7a dos homens e acredito, sobretudo, no Senhor Jesus, que h\u00e1 de ponderar e revelar o autor desse crime. Infelizmente, toda a fam\u00edlia BMEC est\u00e1 desolada&#8221;, declarou Carlinhos. A BMEC foi fundada em 26 de julho de 2002 e, segundo o presidente, essa foi a pior situa\u00e7\u00e3o enfrentada pelo grupo at\u00e9 hoje. PUBLICIDADE Carlinhos tamb\u00e9m deixou um recado para os pais dos integrantes e para a popula\u00e7\u00e3o: &#8220;Voltaremos com nossos ensaios o mais breve poss\u00edvel. Pe\u00e7o a todos que sejam compreensivos e, especialmente, aos pais que sempre estiveram conosco: muito obrigado pelo apoio de sempre.&#8221; O caso foi registrado na \u00faltima segunda-feira (02), e ser\u00e1 investigado pela Pol\u00edcia Civil por meio da Delegacia Territorial de Concei\u00e7\u00e3o do Coit\u00e9. reda\u00e7\u00e3o Fotos: Redes sociais\" \/>\n<meta property=\"og:url\" content=\"https:\/\/portalraizesnoticias.com.br\/?p=6991\" \/>\n<meta property=\"og:site_name\" content=\"Portal raizes noticias\" \/>\n<meta property=\"article:published_time\" content=\"2025-06-10T00:29:10+00:00\" \/>\n<meta property=\"article:modified_time\" content=\"2025-08-20T17:53:23+00:00\" \/>\n<meta property=\"og:image\" content=\"https:\/\/portalraizesnoticias.com.br\/wp-content\/uploads\/2025\/06\/IMG-20250609-WA0506.jpg\" \/>\n\t<meta property=\"og:image:width\" content=\"1600\" \/>\n\t<meta property=\"og:image:height\" content=\"1600\" \/>\n\t<meta property=\"og:image:type\" content=\"image\/jpeg\" \/>\n<meta name=\"author\" content=\"Portal Raizes\" \/>\n<meta name=\"twitter:card\" content=\"summary_large_image\" \/>\n<meta name=\"twitter:label1\" content=\"Escrito por\" \/>\n\t<meta name=\"twitter:data1\" content=\"Portal Raizes\" \/>\n\t<meta name=\"twitter:label2\" content=\"Est. tempo de leitura\" \/>\n\t<meta name=\"twitter:data2\" content=\"1 minuto\" \/>\n<script type=\"application\/ld+json\" class=\"yoast-schema-graph\">{\"@context\":\"https:\/\/schema.org\",\"@graph\":[{\"@type\":\"Article\",\"@id\":\"https:\/\/portalraizesnoticias.com.br\/?p=6991#article\",\"isPartOf\":{\"@id\":\"https:\/\/portalraizesnoticias.com.br\/?p=6991\"},\"author\":{\"name\":\"Portal Raizes\",\"@id\":\"https:\/\/portalraizesnoticias.com.br\/#\/schema\/person\/a3ca6b0fc701e78df19756c417d943ae\"},\"headline\":\"Inc\u00eandio misterioso destr\u00f3i instrumentos da Banda Marcial Escudeiros em clube sem energia de Concei\u00e7\u00e3o do Coit\u00e9\",\"datePublished\":\"2025-06-10T00:29:10+00:00\",\"dateModified\":\"2025-08-20T17:53:23+00:00\",\"mainEntityOfPage\":{\"@id\":\"https:\/\/portalraizesnoticias.com.br\/?p=6991\"},\"wordCount\":344,\"commentCount\":0,\"publisher\":{\"@id\":\"https:\/\/portalraizesnoticias.com.br\/#organization\"},\"image\":{\"@id\":\"https:\/\/portalraizesnoticias.com.br\/?p=6991#primaryimage\"},\"thumbnailUrl\":\"https:\/\/portalraizesnoticias.com.br\/wp-content\/uploads\/2025\/06\/IMG-20250609-WA0506.jpg\",\"keywords\":[\"Bme\u00e7\",\"Coit\u00e9\",\"Inc\u00eandio\",\"Instrumentos\"],\"articleSection\":[\"DESTAQUES\",\"POLICIA\",\"ULTIMAS NOTICIAS\"],\"inLanguage\":\"pt-BR\",\"potentialAction\":[{\"@type\":\"CommentAction\",\"name\":\"Comment\",\"target\":[\"https:\/\/portalraizesnoticias.com.br\/?p=6991#respond\"]}]},{\"@type\":\"WebPage\",\"@id\":\"https:\/\/portalraizesnoticias.com.br\/?p=6991\",\"url\":\"https:\/\/portalraizesnoticias.com.br\/?p=6991\",\"name\":\"Inc\u00eandio misterioso destr\u00f3i instrumentos da Banda Marcial Escudeiros em clube sem energia de Concei\u00e7\u00e3o do Coit\u00e9 - Portal raizes noticias\",\"isPartOf\":{\"@id\":\"https:\/\/portalraizesnoticias.com.br\/#website\"},\"primaryImageOfPage\":{\"@id\":\"https:\/\/portalraizesnoticias.com.br\/?p=6991#primaryimage\"},\"image\":{\"@id\":\"https:\/\/portalraizesnoticias.com.br\/?p=6991#primaryimage\"},\"thumbnailUrl\":\"https:\/\/portalraizesnoticias.com.br\/wp-content\/uploads\/2025\/06\/IMG-20250609-WA0506.jpg\",\"datePublished\":\"2025-06-10T00:29:10+00:00\",\"dateModified\":\"2025-08-20T17:53:23+00:00\",\"breadcrumb\":{\"@id\":\"https:\/\/portalraizesnoticias.com.br\/?p=6991#breadcrumb\"},\"inLanguage\":\"pt-BR\",\"potentialAction\":[{\"@type\":\"ReadAction\",\"target\":[\"https:\/\/portalraizesnoticias.com.br\/?p=6991\"]}]},{\"@type\":\"ImageObject\",\"inLanguage\":\"pt-BR\",\"@id\":\"https:\/\/portalraizesnoticias.com.br\/?p=6991#primaryimage\",\"url\":\"https:\/\/portalraizesnoticias.com.br\/wp-content\/uploads\/2025\/06\/IMG-20250609-WA0506.jpg\",\"contentUrl\":\"https:\/\/portalraizesnoticias.com.br\/wp-content\/uploads\/2025\/06\/IMG-20250609-WA0506.jpg\",\"width\":1600,\"height\":1600},{\"@type\":\"BreadcrumbList\",\"@id\":\"https:\/\/portalraizesnoticias.com.br\/?p=6991#breadcrumb\",\"itemListElement\":[{\"@type\":\"ListItem\",\"position\":1,\"name\":\"In\u00edcio\",\"item\":\"https:\/\/portalraizesnoticias.com.br\/\"},{\"@type\":\"ListItem\",\"position\":2,\"name\":\"Inc\u00eandio misterioso destr\u00f3i instrumentos da Banda Marcial Escudeiros em clube sem energia de Concei\u00e7\u00e3o do Coit\u00e9\"}]},{\"@type\":\"WebSite\",\"@id\":\"https:\/\/portalraizesnoticias.com.br\/#website\",\"url\":\"https:\/\/portalraizesnoticias.com.br\/\",\"name\":\"Portal raizes NOTICIAS\",\"description\":\"site de noticias de concei\u00e7\u00e3o do coit\u00e9 e regi\u00e3o\",\"publisher\":{\"@id\":\"https:\/\/portalraizesnoticias.com.br\/#organization\"},\"alternateName\":\"PORTAL RAIZES COIT\u00c9\",\"potentialAction\":[{\"@type\":\"SearchAction\",\"target\":{\"@type\":\"EntryPoint\",\"urlTemplate\":\"https:\/\/portalraizesnoticias.com.br\/?s={search_term_string}\"},\"query-input\":{\"@type\":\"PropertyValueSpecification\",\"valueRequired\":true,\"valueName\":\"search_term_string\"}}],\"inLanguage\":\"pt-BR\"},{\"@type\":\"Organization\",\"@id\":\"https:\/\/portalraizesnoticias.com.br\/#organization\",\"name\":\"Portal raizes NOTICIAS\",\"url\":\"https:\/\/portalraizesnoticias.com.br\/\",\"logo\":{\"@type\":\"ImageObject\",\"inLanguage\":\"pt-BR\",\"@id\":\"https:\/\/portalraizesnoticias.com.br\/#\/schema\/logo\/image\/\",\"url\":\"https:\/\/portalraizesnoticias.com.br\/wp-content\/uploads\/2024\/09\/cropped-Captura-de-tela-2024-09-08-011108.png\",\"contentUrl\":\"https:\/\/portalraizesnoticias.com.br\/wp-content\/uploads\/2024\/09\/cropped-Captura-de-tela-2024-09-08-011108.png\",\"width\":606,\"height\":173,\"caption\":\"Portal raizes NOTICIAS\"},\"image\":{\"@id\":\"https:\/\/portalraizesnoticias.com.br\/#\/schema\/logo\/image\/\"}},{\"@type\":\"Person\",\"@id\":\"https:\/\/portalraizesnoticias.com.br\/#\/schema\/person\/a3ca6b0fc701e78df19756c417d943ae\",\"name\":\"Portal Raizes\",\"image\":{\"@type\":\"ImageObject\",\"inLanguage\":\"pt-BR\",\"@id\":\"https:\/\/portalraizesnoticias.com.br\/#\/schema\/person\/image\/\",\"url\":\"https:\/\/secure.gravatar.com\/avatar\/ef450d29013a3d3fba867a12a249d7b1?s=96&d=mm&r=g\",\"contentUrl\":\"https:\/\/secure.gravatar.com\/avatar\/ef450d29013a3d3fba867a12a249d7b1?s=96&d=mm&r=g\",\"caption\":\"Portal Raizes\"},\"url\":\"https:\/\/portalraizesnoticias.com.br\/?author=3\"}]}<\/script>\n<!-- \/ Yoast SEO plugin. -->","yoast_head_json":{"title":"Inc\u00eandio misterioso destr\u00f3i instrumentos da Banda Marcial Escudeiros em clube sem energia de Concei\u00e7\u00e3o do Coit\u00e9 - Portal raizes noticias","robots":{"index":"index","follow":"follow","max-snippet":"max-snippet:-1","max-image-preview":"max-image-preview:large","max-video-preview":"max-video-preview:-1"},"canonical":"https:\/\/portalraizesnoticias.com.br\/?p=6991","og_locale":"pt_BR","og_type":"article","og_title":"Inc\u00eandio misterioso destr\u00f3i instrumentos da Banda Marcial Escudeiros em clube sem energia de Concei\u00e7\u00e3o do Coit\u00e9 - Portal raizes noticias","og_description":"Os integrantes da Banda Marcial Escudeiros de Coit\u00e9 (BMEC), um dos grupos mais tradicionais da regi\u00e3o, est\u00e3o desolados ap\u00f3s um inc\u00eandio destruir praticamente todos os instrumentos da corpora\u00e7\u00e3o. O caso ocorreu no dia 31 de maio, em um espa\u00e7o localizado na antiga sede da ACCA, em Concei\u00e7\u00e3o do Coit\u00e9, mas s\u00f3 foi divulgado publicamente neste final de semana. Os instrumentos vinham sendo utilizados semanalmente nos ensaios para o desfile c\u00edvico de 7 de Setembro, evento que tradicionalmente atrai centenas de pessoas. PUBLICIDADE Ainda n\u00e3o se sabe se o inc\u00eandio foi criminoso ou causado por um poss\u00edvel curto-circuito que, poder\u00e1 ser confirmado apenas com uma per\u00edcia. No entanto, o presidente da BMEC, Carlos Barros, conhecido como Carlinhos, acredita que pode ter sido um ato intencional, j\u00e1 que o local n\u00e3o possui energia el\u00e9trica, por estar desativado. Carlinhos &#8220;Estou completamente magoado. Fiquei esses \u00faltimos dias sem dormir desde que me deparei com a situa\u00e7\u00e3o. N\u00e3o tenho nenhum suspeito e seria leviano da minha parte fazer um julgamento precoce. Confio na justi\u00e7a dos homens e acredito, sobretudo, no Senhor Jesus, que h\u00e1 de ponderar e revelar o autor desse crime. Infelizmente, toda a fam\u00edlia BMEC est\u00e1 desolada&#8221;, declarou Carlinhos. A BMEC foi fundada em 26 de julho de 2002 e, segundo o presidente, essa foi a pior situa\u00e7\u00e3o enfrentada pelo grupo at\u00e9 hoje. PUBLICIDADE Carlinhos tamb\u00e9m deixou um recado para os pais dos integrantes e para a popula\u00e7\u00e3o: &#8220;Voltaremos com nossos ensaios o mais breve poss\u00edvel. Pe\u00e7o a todos que sejam compreensivos e, especialmente, aos pais que sempre estiveram conosco: muito obrigado pelo apoio de sempre.&#8221; O caso foi registrado na \u00faltima segunda-feira (02), e ser\u00e1 investigado pela Pol\u00edcia Civil por meio da Delegacia Territorial de Concei\u00e7\u00e3o do Coit\u00e9. reda\u00e7\u00e3o Fotos: Redes sociais","og_url":"https:\/\/portalraizesnoticias.com.br\/?p=6991","og_site_name":"Portal raizes noticias","article_published_time":"2025-06-10T00:29:10+00:00","article_modified_time":"2025-08-20T17:53:23+00:00","og_image":[{"width":1600,"height":1600,"url":"https:\/\/portalraizesnoticias.com.br\/wp-content\/uploads\/2025\/06\/IMG-20250609-WA0506.jpg","type":"image\/jpeg"}],"author":"Portal Raizes","twitter_card":"summary_large_image","twitter_misc":{"Escrito por":"Portal Raizes","Est. tempo de leitura":"1 minuto"},"schema":{"@context":"https:\/\/schema.org","@graph":[{"@type":"Article","@id":"https:\/\/portalraizesnoticias.com.br\/?p=6991#article","isPartOf":{"@id":"https:\/\/portalraizesnoticias.com.br\/?p=6991"},"author":{"name":"Portal Raizes","@id":"https:\/\/portalraizesnoticias.com.br\/#\/schema\/person\/a3ca6b0fc701e78df19756c417d943ae"},"headline":"Inc\u00eandio misterioso destr\u00f3i instrumentos da Banda Marcial Escudeiros em clube sem energia de Concei\u00e7\u00e3o do Coit\u00e9","datePublished":"2025-06-10T00:29:10+00:00","dateModified":"2025-08-20T17:53:23+00:00","mainEntityOfPage":{"@id":"https:\/\/portalraizesnoticias.com.br\/?p=6991"},"wordCount":344,"commentCount":0,"publisher":{"@id":"https:\/\/portalraizesnoticias.com.br\/#organization"},"image":{"@id":"https:\/\/portalraizesnoticias.com.br\/?p=6991#primaryimage"},"thumbnailUrl":"https:\/\/portalraizesnoticias.com.br\/wp-content\/uploads\/2025\/06\/IMG-20250609-WA0506.jpg","keywords":["Bme\u00e7","Coit\u00e9","Inc\u00eandio","Instrumentos"],"articleSection":["DESTAQUES","POLICIA","ULTIMAS NOTICIAS"],"inLanguage":"pt-BR","potentialAction":[{"@type":"CommentAction","name":"Comment","target":["https:\/\/portalraizesnoticias.com.br\/?p=6991#respond"]}]},{"@type":"WebPage","@id":"https:\/\/portalraizesnoticias.com.br\/?p=6991","url":"https:\/\/portalraizesnoticias.com.br\/?p=6991","name":"Inc\u00eandio misterioso destr\u00f3i instrumentos da Banda Marcial Escudeiros em clube sem energia de Concei\u00e7\u00e3o do Coit\u00e9 - Portal raizes noticias","isPartOf":{"@id":"https:\/\/portalraizesnoticias.com.br\/#website"},"primaryImageOfPage":{"@id":"https:\/\/portalraizesnoticias.com.br\/?p=6991#primaryimage"},"image":{"@id":"https:\/\/portalraizesnoticias.com.br\/?p=6991#primaryimage"},"thumbnailUrl":"https:\/\/portalraizesnoticias.com.br\/wp-content\/uploads\/2025\/06\/IMG-20250609-WA0506.jpg","datePublished":"2025-06-10T00:29:10+00:00","dateModified":"2025-08-20T17:53:23+00:00","breadcrumb":{"@id":"https:\/\/portalraizesnoticias.com.br\/?p=6991#breadcrumb"},"inLanguage":"pt-BR","potentialAction":[{"@type":"ReadAction","target":["https:\/\/portalraizesnoticias.com.br\/?p=6991"]}]},{"@type":"ImageObject","inLanguage":"pt-BR","@id":"https:\/\/portalraizesnoticias.com.br\/?p=6991#primaryimage","url":"https:\/\/portalraizesnoticias.com.br\/wp-content\/uploads\/2025\/06\/IMG-20250609-WA0506.jpg","contentUrl":"https:\/\/portalraizesnoticias.com.br\/wp-content\/uploads\/2025\/06\/IMG-20250609-WA0506.jpg","width":1600,"height":1600},{"@type":"BreadcrumbList","@id":"https:\/\/portalraizesnoticias.com.br\/?p=6991#breadcrumb","itemListElement":[{"@type":"ListItem","position":1,"name":"In\u00edcio","item":"https:\/\/portalraizesnoticias.com.br\/"},{"@type":"ListItem","position":2,"name":"Inc\u00eandio misterioso destr\u00f3i instrumentos da Banda Marcial Escudeiros em clube sem energia de Concei\u00e7\u00e3o do Coit\u00e9"}]},{"@type":"WebSite","@id":"https:\/\/portalraizesnoticias.com.br\/#website","url":"https:\/\/portalraizesnoticias.com.br\/","name":"Portal raizes NOTICIAS","description":"site de noticias de concei\u00e7\u00e3o do coit\u00e9 e regi\u00e3o","publisher":{"@id":"https:\/\/portalraizesnoticias.com.br\/#organization"},"alternateName":"PORTAL RAIZES COIT\u00c9","potentialAction":[{"@type":"SearchAction","target":{"@type":"EntryPoint","urlTemplate":"https:\/\/portalraizesnoticias.com.br\/?s={search_term_string}"},"query-input":{"@type":"PropertyValueSpecification","valueRequired":true,"valueName":"search_term_string"}}],"inLanguage":"pt-BR"},{"@type":"Organization","@id":"https:\/\/portalraizesnoticias.com.br\/#organization","name":"Portal raizes NOTICIAS","url":"https:\/\/portalraizesnoticias.com.br\/","logo":{"@type":"ImageObject","inLanguage":"pt-BR","@id":"https:\/\/portalraizesnoticias.com.br\/#\/schema\/logo\/image\/","url":"https:\/\/portalraizesnoticias.com.br\/wp-content\/uploads\/2024\/09\/cropped-Captura-de-tela-2024-09-08-011108.png","contentUrl":"https:\/\/portalraizesnoticias.com.br\/wp-content\/uploads\/2024\/09\/cropped-Captura-de-tela-2024-09-08-011108.png","width":606,"height":173,"caption":"Portal raizes NOTICIAS"},"image":{"@id":"https:\/\/portalraizesnoticias.com.br\/#\/schema\/logo\/image\/"}},{"@type":"Person","@id":"https:\/\/portalraizesnoticias.com.br\/#\/schema\/person\/a3ca6b0fc701e78df19756c417d943ae","name":"Portal Raizes","image":{"@type":"ImageObject","inLanguage":"pt-BR","@id":"https:\/\/portalraizesnoticias.com.br\/#\/schema\/person\/image\/","url":"https:\/\/secure.gravatar.com\/avatar\/ef450d29013a3d3fba867a12a249d7b1?s=96&d=mm&r=g","contentUrl":"https:\/\/secure.gravatar.com\/avatar\/ef450d29013a3d3fba867a12a249d7b1?s=96&d=mm&r=g","caption":"Portal Raizes"},"url":"https:\/\/portalraizesnoticias.com.br\/?author=3"}]}},"_links":{"self":[{"href":"https:\/\/portalraizesnoticias.com.br\/index.php?rest_route=\/wp\/v2\/posts\/6991"}],"collection":[{"href":"https:\/\/portalraizesnoticias.com.br\/index.php?rest_route=\/wp\/v2\/posts"}],"about":[{"href":"https:\/\/portalraizesnoticias.com.br\/index.php?rest_route=\/wp\/v2\/types\/post"}],"author":[{"embeddable":true,"href":"https:\/\/portalraizesnoticias.com.br\/index.php?rest_route=\/wp\/v2\/users\/3"}],"replies":[{"embeddable":true,"href":"https:\/\/portalraizesnoticias.com.br\/index.php?rest_route=%2Fwp%2Fv2%2Fcomments&post=6991"}],"version-history":[{"count":4,"href":"https:\/\/portalraizesnoticias.com.br\/index.php?rest_route=\/wp\/v2\/posts\/6991\/revisions"}],"predecessor-version":[{"id":6999,"href":"https:\/\/portalraizesnoticias.com.br\/index.php?rest_route=\/wp\/v2\/posts\/6991\/revisions\/6999"}],"wp:featuredmedia":[{"embeddable":true,"href":"https:\/\/portalraizesnoticias.com.br\/index.php?rest_route=\/wp\/v2\/media\/6992"}],"wp:attachment":[{"href":"https:\/\/portalraizesnoticias.com.br\/index.php?rest_route=%2Fwp%2Fv2%2Fmedia&parent=6991"}],"wp:term":[{"taxonomy":"category","embeddable":true,"href":"https:\/\/portalraizesnoticias.com.br\/index.php?rest_route=%2Fwp%2Fv2%2Fcategories&post=6991"},{"taxonomy":"post_tag","embeddable":true,"href":"https:\/\/portalraizesnoticias.com.br\/index.php?rest_route=%2Fwp%2Fv2%2Ftags&post=6991"}],"curies":[{"name":"wp","href":"https:\/\/api.w.org\/{rel}","templated":true}]}}