{"id":6987,"date":"2025-06-09T15:35:56","date_gmt":"2025-06-09T18:35:56","guid":{"rendered":"https:\/\/portalraizesnoticias.com.br\/?p=6987"},"modified":"2025-08-20T14:53:16","modified_gmt":"2025-08-20T17:53:16","slug":"acidente-entre-motos-deixa-dois-feridos-em-conceicao-do-coite-um-dos-condutores-fugiu","status":"publish","type":"post","link":"https:\/\/portalraizesnoticias.com.br\/?p=6987","title":{"rendered":"Acidente entre motos deixa dois feridos em Concei\u00e7\u00e3o do Coit\u00e9; um dos condutores fugiu"},"content":{"rendered":"<p>Por volta das 13h15 desta segunda-feira (09), duas pessoas ficaram feridas ap\u00f3s uma colis\u00e3o entre duas motocicletas no cruzamento da Rua Dion\u00edsio Pinto, em Concei\u00e7\u00e3o do Coit\u00e9.<\/p>\n<p><img fetchpriority=\"high\" decoding=\"async\" class=\"size-medium wp-image-6989 aligncenter\" src=\"https:\/\/portalraizesnoticias.com.br\/wp-content\/uploads\/2025\/06\/IMG-20250609-WA0210-300x225.jpg\" alt=\"\" width=\"300\" height=\"225\" srcset=\"https:\/\/portalraizesnoticias.com.br\/wp-content\/uploads\/2025\/06\/IMG-20250609-WA0210-300x225.jpg 300w, https:\/\/portalraizesnoticias.com.br\/wp-content\/uploads\/2025\/06\/IMG-20250609-WA0210-1024x768.jpg 1024w, https:\/\/portalraizesnoticias.com.br\/wp-content\/uploads\/2025\/06\/IMG-20250609-WA0210-768x576.jpg 768w, https:\/\/portalraizesnoticias.com.br\/wp-content\/uploads\/2025\/06\/IMG-20250609-WA0210.jpg 1280w\" sizes=\"(max-width: 300px) 100vw, 300px\" \/><\/p>\n<p>De acordo com informa\u00e7\u00f5es obtidas pelo Portal Ra\u00edzes junto ao socorrista do \u00c1guia Resgate, Evandro Evangelista, o condutor de uma das motos \u2014 cuja identidade n\u00e3o foi revelada \u2014 sofreu escoria\u00e7\u00f5es na regi\u00e3o do t\u00f3rax.<\/p>\n<p>A passageira, identificada como Luzia Matos, de 58 anos, teve suspeita de fratura no p\u00e9 direito.<\/p>\n<p><img decoding=\"async\" class=\"size-medium wp-image-5600 aligncenter\" src=\"https:\/\/portalraizesnoticias.com.br\/wp-content\/uploads\/2025\/04\/banner-quadrado-vidracaria-almeida-300x300.jpg\" alt=\"\" width=\"300\" height=\"300\" srcset=\"https:\/\/portalraizesnoticias.com.br\/wp-content\/uploads\/2025\/04\/banner-quadrado-vidracaria-almeida-300x300.jpg 300w, https:\/\/portalraizesnoticias.com.br\/wp-content\/uploads\/2025\/04\/banner-quadrado-vidracaria-almeida-1024x1024.jpg 1024w, https:\/\/portalraizesnoticias.com.br\/wp-content\/uploads\/2025\/04\/banner-quadrado-vidracaria-almeida-150x150.jpg 150w, https:\/\/portalraizesnoticias.com.br\/wp-content\/uploads\/2025\/04\/banner-quadrado-vidracaria-almeida-768x768.jpg 768w, https:\/\/portalraizesnoticias.com.br\/wp-content\/uploads\/2025\/04\/banner-quadrado-vidracaria-almeida-700x700.jpg 700w, https:\/\/portalraizesnoticias.com.br\/wp-content\/uploads\/2025\/04\/banner-quadrado-vidracaria-almeida-620x620.jpg 620w, https:\/\/portalraizesnoticias.com.br\/wp-content\/uploads\/2025\/04\/banner-quadrado-vidracaria-almeida-400x400.jpg 400w, https:\/\/portalraizesnoticias.com.br\/wp-content\/uploads\/2025\/04\/banner-quadrado-vidracaria-almeida.jpg 1080w\" sizes=\"(max-width: 300px) 100vw, 300px\" \/><\/p>\n<p style=\"text-align: center;\"><strong>PUBLICIDADE<\/strong><\/p>\n<p>Ambos foram socorridos e encaminhados ao Hospital Portugu\u00eas de Coit\u00e9.<\/p>\n<p>O condutor da outra motocicleta envolvida no acidente fugiu do local sem prestar socorro.<\/p>\n<p>Reda\u00e7\u00e3o com informa\u00e7\u00f5es e fotos: \u00c1guia Resgate<\/p>\n","protected":false},"excerpt":{"rendered":"<p>Por volta das 13h15 desta segunda-feira (09), duas pessoas ficaram feridas ap\u00f3s uma colis\u00e3o entre duas motocicletas no cruzamento da Rua Dion\u00edsio Pinto, em Concei\u00e7\u00e3o do Coit\u00e9. De acordo com informa\u00e7\u00f5es obtidas pelo Portal Ra\u00edzes junto ao socorrista do \u00c1guia Resgate, Evandro Evangelista, o condutor de uma das motos \u2014 cuja identidade n\u00e3o foi revelada \u2014 sofreu escoria\u00e7\u00f5es na regi\u00e3o do t\u00f3rax. A passageira, identificada como Luzia Matos, de 58 anos, teve suspeita de fratura no p\u00e9 direito. PUBLICIDADE Ambos foram socorridos e encaminhados ao Hospital Portugu\u00eas de Coit\u00e9. O condutor da outra motocicleta envolvida no acidente fugiu do local sem prestar socorro. Reda\u00e7\u00e3o com informa\u00e7\u00f5es e fotos: \u00c1guia Resgate<\/p>\n","protected":false},"author":3,"featured_media":6988,"comment_status":"open","ping_status":"open","sticky":false,"template":"","format":"standard","meta":{"_joinchat":[],"footnotes":""},"categories":[58,55,59],"tags":[139,75,140],"class_list":["post-6987","post","type-post","status-publish","format-standard","has-post-thumbnail","hentry","category-acidentes","category-destaques","category-ultimas-noticias","tag-acidente","tag-coite","tag-moto"],"yoast_head":"<!-- This site is optimized with the Yoast SEO plugin v24.4 - https:\/\/yoast.com\/wordpress\/plugins\/seo\/ -->\n<title>Acidente entre motos deixa dois feridos em Concei\u00e7\u00e3o do Coit\u00e9; um dos condutores fugiu - Portal raizes noticias<\/title>\n<meta name=\"robots\" content=\"index, follow, max-snippet:-1, max-image-preview:large, max-video-preview:-1\" \/>\n<link rel=\"canonical\" href=\"https:\/\/portalraizesnoticias.com.br\/?p=6987\" \/>\n<meta property=\"og:locale\" content=\"pt_BR\" \/>\n<meta property=\"og:type\" content=\"article\" \/>\n<meta property=\"og:title\" content=\"Acidente entre motos deixa dois feridos em Concei\u00e7\u00e3o do Coit\u00e9; um dos condutores fugiu - Portal raizes noticias\" \/>\n<meta property=\"og:description\" content=\"Por volta das 13h15 desta segunda-feira (09), duas pessoas ficaram feridas ap\u00f3s uma colis\u00e3o entre duas motocicletas no cruzamento da Rua Dion\u00edsio Pinto, em Concei\u00e7\u00e3o do Coit\u00e9. De acordo com informa\u00e7\u00f5es obtidas pelo Portal Ra\u00edzes junto ao socorrista do \u00c1guia Resgate, Evandro Evangelista, o condutor de uma das motos \u2014 cuja identidade n\u00e3o foi revelada \u2014 sofreu escoria\u00e7\u00f5es na regi\u00e3o do t\u00f3rax. A passageira, identificada como Luzia Matos, de 58 anos, teve suspeita de fratura no p\u00e9 direito. PUBLICIDADE Ambos foram socorridos e encaminhados ao Hospital Portugu\u00eas de Coit\u00e9. O condutor da outra motocicleta envolvida no acidente fugiu do local sem prestar socorro. Reda\u00e7\u00e3o com informa\u00e7\u00f5es e fotos: \u00c1guia Resgate\" \/>\n<meta property=\"og:url\" content=\"https:\/\/portalraizesnoticias.com.br\/?p=6987\" \/>\n<meta property=\"og:site_name\" content=\"Portal raizes noticias\" \/>\n<meta property=\"article:published_time\" content=\"2025-06-09T18:35:56+00:00\" \/>\n<meta property=\"article:modified_time\" content=\"2025-08-20T17:53:16+00:00\" \/>\n<meta property=\"og:image\" content=\"https:\/\/portalraizesnoticias.com.br\/wp-content\/uploads\/2025\/06\/IMG-20250609-WA0209.jpg\" \/>\n\t<meta property=\"og:image:width\" content=\"1280\" \/>\n\t<meta property=\"og:image:height\" content=\"960\" \/>\n\t<meta property=\"og:image:type\" content=\"image\/jpeg\" \/>\n<meta name=\"author\" content=\"Portal Raizes\" \/>\n<meta name=\"twitter:card\" content=\"summary_large_image\" \/>\n<meta name=\"twitter:label1\" content=\"Escrito por\" \/>\n\t<meta name=\"twitter:data1\" content=\"Portal Raizes\" \/>\n\t<meta name=\"twitter:label2\" content=\"Est. tempo de leitura\" \/>\n\t<meta name=\"twitter:data2\" content=\"1 minuto\" \/>\n<script type=\"application\/ld+json\" class=\"yoast-schema-graph\">{\"@context\":\"https:\/\/schema.org\",\"@graph\":[{\"@type\":\"Article\",\"@id\":\"https:\/\/portalraizesnoticias.com.br\/?p=6987#article\",\"isPartOf\":{\"@id\":\"https:\/\/portalraizesnoticias.com.br\/?p=6987\"},\"author\":{\"name\":\"Portal Raizes\",\"@id\":\"https:\/\/portalraizesnoticias.com.br\/#\/schema\/person\/a3ca6b0fc701e78df19756c417d943ae\"},\"headline\":\"Acidente entre motos deixa dois feridos em Concei\u00e7\u00e3o do Coit\u00e9; um dos condutores fugiu\",\"datePublished\":\"2025-06-09T18:35:56+00:00\",\"dateModified\":\"2025-08-20T17:53:16+00:00\",\"mainEntityOfPage\":{\"@id\":\"https:\/\/portalraizesnoticias.com.br\/?p=6987\"},\"wordCount\":134,\"commentCount\":0,\"publisher\":{\"@id\":\"https:\/\/portalraizesnoticias.com.br\/#organization\"},\"image\":{\"@id\":\"https:\/\/portalraizesnoticias.com.br\/?p=6987#primaryimage\"},\"thumbnailUrl\":\"https:\/\/portalraizesnoticias.com.br\/wp-content\/uploads\/2025\/06\/IMG-20250609-WA0209.jpg\",\"keywords\":[\"Acidente\",\"Coit\u00e9\",\"Moto\"],\"articleSection\":[\"ACIDENTES\",\"DESTAQUES\",\"ULTIMAS NOTICIAS\"],\"inLanguage\":\"pt-BR\",\"potentialAction\":[{\"@type\":\"CommentAction\",\"name\":\"Comment\",\"target\":[\"https:\/\/portalraizesnoticias.com.br\/?p=6987#respond\"]}]},{\"@type\":\"WebPage\",\"@id\":\"https:\/\/portalraizesnoticias.com.br\/?p=6987\",\"url\":\"https:\/\/portalraizesnoticias.com.br\/?p=6987\",\"name\":\"Acidente entre motos deixa dois feridos em Concei\u00e7\u00e3o do Coit\u00e9; um dos condutores fugiu - Portal raizes noticias\",\"isPartOf\":{\"@id\":\"https:\/\/portalraizesnoticias.com.br\/#website\"},\"primaryImageOfPage\":{\"@id\":\"https:\/\/portalraizesnoticias.com.br\/?p=6987#primaryimage\"},\"image\":{\"@id\":\"https:\/\/portalraizesnoticias.com.br\/?p=6987#primaryimage\"},\"thumbnailUrl\":\"https:\/\/portalraizesnoticias.com.br\/wp-content\/uploads\/2025\/06\/IMG-20250609-WA0209.jpg\",\"datePublished\":\"2025-06-09T18:35:56+00:00\",\"dateModified\":\"2025-08-20T17:53:16+00:00\",\"breadcrumb\":{\"@id\":\"https:\/\/portalraizesnoticias.com.br\/?p=6987#breadcrumb\"},\"inLanguage\":\"pt-BR\",\"potentialAction\":[{\"@type\":\"ReadAction\",\"target\":[\"https:\/\/portalraizesnoticias.com.br\/?p=6987\"]}]},{\"@type\":\"ImageObject\",\"inLanguage\":\"pt-BR\",\"@id\":\"https:\/\/portalraizesnoticias.com.br\/?p=6987#primaryimage\",\"url\":\"https:\/\/portalraizesnoticias.com.br\/wp-content\/uploads\/2025\/06\/IMG-20250609-WA0209.jpg\",\"contentUrl\":\"https:\/\/portalraizesnoticias.com.br\/wp-content\/uploads\/2025\/06\/IMG-20250609-WA0209.jpg\",\"width\":1280,\"height\":960},{\"@type\":\"BreadcrumbList\",\"@id\":\"https:\/\/portalraizesnoticias.com.br\/?p=6987#breadcrumb\",\"itemListElement\":[{\"@type\":\"ListItem\",\"position\":1,\"name\":\"In\u00edcio\",\"item\":\"https:\/\/portalraizesnoticias.com.br\/\"},{\"@type\":\"ListItem\",\"position\":2,\"name\":\"Acidente entre motos deixa dois feridos em Concei\u00e7\u00e3o do Coit\u00e9; um dos condutores fugiu\"}]},{\"@type\":\"WebSite\",\"@id\":\"https:\/\/portalraizesnoticias.com.br\/#website\",\"url\":\"https:\/\/portalraizesnoticias.com.br\/\",\"name\":\"Portal raizes NOTICIAS\",\"description\":\"site de noticias de concei\u00e7\u00e3o do coit\u00e9 e regi\u00e3o\",\"publisher\":{\"@id\":\"https:\/\/portalraizesnoticias.com.br\/#organization\"},\"alternateName\":\"PORTAL RAIZES COIT\u00c9\",\"potentialAction\":[{\"@type\":\"SearchAction\",\"target\":{\"@type\":\"EntryPoint\",\"urlTemplate\":\"https:\/\/portalraizesnoticias.com.br\/?s={search_term_string}\"},\"query-input\":{\"@type\":\"PropertyValueSpecification\",\"valueRequired\":true,\"valueName\":\"search_term_string\"}}],\"inLanguage\":\"pt-BR\"},{\"@type\":\"Organization\",\"@id\":\"https:\/\/portalraizesnoticias.com.br\/#organization\",\"name\":\"Portal raizes NOTICIAS\",\"url\":\"https:\/\/portalraizesnoticias.com.br\/\",\"logo\":{\"@type\":\"ImageObject\",\"inLanguage\":\"pt-BR\",\"@id\":\"https:\/\/portalraizesnoticias.com.br\/#\/schema\/logo\/image\/\",\"url\":\"https:\/\/portalraizesnoticias.com.br\/wp-content\/uploads\/2024\/09\/cropped-Captura-de-tela-2024-09-08-011108.png\",\"contentUrl\":\"https:\/\/portalraizesnoticias.com.br\/wp-content\/uploads\/2024\/09\/cropped-Captura-de-tela-2024-09-08-011108.png\",\"width\":606,\"height\":173,\"caption\":\"Portal raizes NOTICIAS\"},\"image\":{\"@id\":\"https:\/\/portalraizesnoticias.com.br\/#\/schema\/logo\/image\/\"}},{\"@type\":\"Person\",\"@id\":\"https:\/\/portalraizesnoticias.com.br\/#\/schema\/person\/a3ca6b0fc701e78df19756c417d943ae\",\"name\":\"Portal Raizes\",\"image\":{\"@type\":\"ImageObject\",\"inLanguage\":\"pt-BR\",\"@id\":\"https:\/\/portalraizesnoticias.com.br\/#\/schema\/person\/image\/\",\"url\":\"https:\/\/secure.gravatar.com\/avatar\/ef450d29013a3d3fba867a12a249d7b1?s=96&d=mm&r=g\",\"contentUrl\":\"https:\/\/secure.gravatar.com\/avatar\/ef450d29013a3d3fba867a12a249d7b1?s=96&d=mm&r=g\",\"caption\":\"Portal Raizes\"},\"url\":\"https:\/\/portalraizesnoticias.com.br\/?author=3\"}]}<\/script>\n<!-- \/ Yoast SEO plugin. -->","yoast_head_json":{"title":"Acidente entre motos deixa dois feridos em Concei\u00e7\u00e3o do Coit\u00e9; um dos condutores fugiu - Portal raizes noticias","robots":{"index":"index","follow":"follow","max-snippet":"max-snippet:-1","max-image-preview":"max-image-preview:large","max-video-preview":"max-video-preview:-1"},"canonical":"https:\/\/portalraizesnoticias.com.br\/?p=6987","og_locale":"pt_BR","og_type":"article","og_title":"Acidente entre motos deixa dois feridos em Concei\u00e7\u00e3o do Coit\u00e9; um dos condutores fugiu - Portal raizes noticias","og_description":"Por volta das 13h15 desta segunda-feira (09), duas pessoas ficaram feridas ap\u00f3s uma colis\u00e3o entre duas motocicletas no cruzamento da Rua Dion\u00edsio Pinto, em Concei\u00e7\u00e3o do Coit\u00e9. De acordo com informa\u00e7\u00f5es obtidas pelo Portal Ra\u00edzes junto ao socorrista do \u00c1guia Resgate, Evandro Evangelista, o condutor de uma das motos \u2014 cuja identidade n\u00e3o foi revelada \u2014 sofreu escoria\u00e7\u00f5es na regi\u00e3o do t\u00f3rax. A passageira, identificada como Luzia Matos, de 58 anos, teve suspeita de fratura no p\u00e9 direito. PUBLICIDADE Ambos foram socorridos e encaminhados ao Hospital Portugu\u00eas de Coit\u00e9. O condutor da outra motocicleta envolvida no acidente fugiu do local sem prestar socorro. Reda\u00e7\u00e3o com informa\u00e7\u00f5es e fotos: \u00c1guia Resgate","og_url":"https:\/\/portalraizesnoticias.com.br\/?p=6987","og_site_name":"Portal raizes noticias","article_published_time":"2025-06-09T18:35:56+00:00","article_modified_time":"2025-08-20T17:53:16+00:00","og_image":[{"width":1280,"height":960,"url":"https:\/\/portalraizesnoticias.com.br\/wp-content\/uploads\/2025\/06\/IMG-20250609-WA0209.jpg","type":"image\/jpeg"}],"author":"Portal Raizes","twitter_card":"summary_large_image","twitter_misc":{"Escrito por":"Portal Raizes","Est. tempo de leitura":"1 minuto"},"schema":{"@context":"https:\/\/schema.org","@graph":[{"@type":"Article","@id":"https:\/\/portalraizesnoticias.com.br\/?p=6987#article","isPartOf":{"@id":"https:\/\/portalraizesnoticias.com.br\/?p=6987"},"author":{"name":"Portal Raizes","@id":"https:\/\/portalraizesnoticias.com.br\/#\/schema\/person\/a3ca6b0fc701e78df19756c417d943ae"},"headline":"Acidente entre motos deixa dois feridos em Concei\u00e7\u00e3o do Coit\u00e9; um dos condutores fugiu","datePublished":"2025-06-09T18:35:56+00:00","dateModified":"2025-08-20T17:53:16+00:00","mainEntityOfPage":{"@id":"https:\/\/portalraizesnoticias.com.br\/?p=6987"},"wordCount":134,"commentCount":0,"publisher":{"@id":"https:\/\/portalraizesnoticias.com.br\/#organization"},"image":{"@id":"https:\/\/portalraizesnoticias.com.br\/?p=6987#primaryimage"},"thumbnailUrl":"https:\/\/portalraizesnoticias.com.br\/wp-content\/uploads\/2025\/06\/IMG-20250609-WA0209.jpg","keywords":["Acidente","Coit\u00e9","Moto"],"articleSection":["ACIDENTES","DESTAQUES","ULTIMAS NOTICIAS"],"inLanguage":"pt-BR","potentialAction":[{"@type":"CommentAction","name":"Comment","target":["https:\/\/portalraizesnoticias.com.br\/?p=6987#respond"]}]},{"@type":"WebPage","@id":"https:\/\/portalraizesnoticias.com.br\/?p=6987","url":"https:\/\/portalraizesnoticias.com.br\/?p=6987","name":"Acidente entre motos deixa dois feridos em Concei\u00e7\u00e3o do Coit\u00e9; um dos condutores fugiu - Portal raizes noticias","isPartOf":{"@id":"https:\/\/portalraizesnoticias.com.br\/#website"},"primaryImageOfPage":{"@id":"https:\/\/portalraizesnoticias.com.br\/?p=6987#primaryimage"},"image":{"@id":"https:\/\/portalraizesnoticias.com.br\/?p=6987#primaryimage"},"thumbnailUrl":"https:\/\/portalraizesnoticias.com.br\/wp-content\/uploads\/2025\/06\/IMG-20250609-WA0209.jpg","datePublished":"2025-06-09T18:35:56+00:00","dateModified":"2025-08-20T17:53:16+00:00","breadcrumb":{"@id":"https:\/\/portalraizesnoticias.com.br\/?p=6987#breadcrumb"},"inLanguage":"pt-BR","potentialAction":[{"@type":"ReadAction","target":["https:\/\/portalraizesnoticias.com.br\/?p=6987"]}]},{"@type":"ImageObject","inLanguage":"pt-BR","@id":"https:\/\/portalraizesnoticias.com.br\/?p=6987#primaryimage","url":"https:\/\/portalraizesnoticias.com.br\/wp-content\/uploads\/2025\/06\/IMG-20250609-WA0209.jpg","contentUrl":"https:\/\/portalraizesnoticias.com.br\/wp-content\/uploads\/2025\/06\/IMG-20250609-WA0209.jpg","width":1280,"height":960},{"@type":"BreadcrumbList","@id":"https:\/\/portalraizesnoticias.com.br\/?p=6987#breadcrumb","itemListElement":[{"@type":"ListItem","position":1,"name":"In\u00edcio","item":"https:\/\/portalraizesnoticias.com.br\/"},{"@type":"ListItem","position":2,"name":"Acidente entre motos deixa dois feridos em Concei\u00e7\u00e3o do Coit\u00e9; um dos condutores fugiu"}]},{"@type":"WebSite","@id":"https:\/\/portalraizesnoticias.com.br\/#website","url":"https:\/\/portalraizesnoticias.com.br\/","name":"Portal raizes NOTICIAS","description":"site de noticias de concei\u00e7\u00e3o do coit\u00e9 e regi\u00e3o","publisher":{"@id":"https:\/\/portalraizesnoticias.com.br\/#organization"},"alternateName":"PORTAL RAIZES COIT\u00c9","potentialAction":[{"@type":"SearchAction","target":{"@type":"EntryPoint","urlTemplate":"https:\/\/portalraizesnoticias.com.br\/?s={search_term_string}"},"query-input":{"@type":"PropertyValueSpecification","valueRequired":true,"valueName":"search_term_string"}}],"inLanguage":"pt-BR"},{"@type":"Organization","@id":"https:\/\/portalraizesnoticias.com.br\/#organization","name":"Portal raizes NOTICIAS","url":"https:\/\/portalraizesnoticias.com.br\/","logo":{"@type":"ImageObject","inLanguage":"pt-BR","@id":"https:\/\/portalraizesnoticias.com.br\/#\/schema\/logo\/image\/","url":"https:\/\/portalraizesnoticias.com.br\/wp-content\/uploads\/2024\/09\/cropped-Captura-de-tela-2024-09-08-011108.png","contentUrl":"https:\/\/portalraizesnoticias.com.br\/wp-content\/uploads\/2024\/09\/cropped-Captura-de-tela-2024-09-08-011108.png","width":606,"height":173,"caption":"Portal raizes NOTICIAS"},"image":{"@id":"https:\/\/portalraizesnoticias.com.br\/#\/schema\/logo\/image\/"}},{"@type":"Person","@id":"https:\/\/portalraizesnoticias.com.br\/#\/schema\/person\/a3ca6b0fc701e78df19756c417d943ae","name":"Portal Raizes","image":{"@type":"ImageObject","inLanguage":"pt-BR","@id":"https:\/\/portalraizesnoticias.com.br\/#\/schema\/person\/image\/","url":"https:\/\/secure.gravatar.com\/avatar\/ef450d29013a3d3fba867a12a249d7b1?s=96&d=mm&r=g","contentUrl":"https:\/\/secure.gravatar.com\/avatar\/ef450d29013a3d3fba867a12a249d7b1?s=96&d=mm&r=g","caption":"Portal Raizes"},"url":"https:\/\/portalraizesnoticias.com.br\/?author=3"}]}},"_links":{"self":[{"href":"https:\/\/portalraizesnoticias.com.br\/index.php?rest_route=\/wp\/v2\/posts\/6987"}],"collection":[{"href":"https:\/\/portalraizesnoticias.com.br\/index.php?rest_route=\/wp\/v2\/posts"}],"about":[{"href":"https:\/\/portalraizesnoticias.com.br\/index.php?rest_route=\/wp\/v2\/types\/post"}],"author":[{"embeddable":true,"href":"https:\/\/portalraizesnoticias.com.br\/index.php?rest_route=\/wp\/v2\/users\/3"}],"replies":[{"embeddable":true,"href":"https:\/\/portalraizesnoticias.com.br\/index.php?rest_route=%2Fwp%2Fv2%2Fcomments&post=6987"}],"version-history":[{"count":1,"href":"https:\/\/portalraizesnoticias.com.br\/index.php?rest_route=\/wp\/v2\/posts\/6987\/revisions"}],"predecessor-version":[{"id":6990,"href":"https:\/\/portalraizesnoticias.com.br\/index.php?rest_route=\/wp\/v2\/posts\/6987\/revisions\/6990"}],"wp:featuredmedia":[{"embeddable":true,"href":"https:\/\/portalraizesnoticias.com.br\/index.php?rest_route=\/wp\/v2\/media\/6988"}],"wp:attachment":[{"href":"https:\/\/portalraizesnoticias.com.br\/index.php?rest_route=%2Fwp%2Fv2%2Fmedia&parent=6987"}],"wp:term":[{"taxonomy":"category","embeddable":true,"href":"https:\/\/portalraizesnoticias.com.br\/index.php?rest_route=%2Fwp%2Fv2%2Fcategories&post=6987"},{"taxonomy":"post_tag","embeddable":true,"href":"https:\/\/portalraizesnoticias.com.br\/index.php?rest_route=%2Fwp%2Fv2%2Ftags&post=6987"}],"curies":[{"name":"wp","href":"https:\/\/api.w.org\/{rel}","templated":true}]}}