{"id":6971,"date":"2025-06-08T20:14:32","date_gmt":"2025-06-08T23:14:32","guid":{"rendered":"https:\/\/portalraizesnoticias.com.br\/?p=6971"},"modified":"2025-08-20T14:52:28","modified_gmt":"2025-08-20T17:52:28","slug":"video-pm-apreende-mais-de-20-motocicletas-sucatas-na-pinda-em-conceicao-do-coite-crime-pode-levar-a-6-anos-de-prisao","status":"publish","type":"post","link":"https:\/\/portalraizesnoticias.com.br\/?p=6971","title":{"rendered":"V\u00eddeo: PM apreende mais de 20 motocicletas sucatas na Pinda em Concei\u00e7\u00e3o do Coit\u00e9; crime pode levar a 6 anos de pris\u00e3o"},"content":{"rendered":"<p>A Pol\u00edcia Militar realizou, na tarde deste domingo (8), uma opera\u00e7\u00e3o na localidade da Pinda, em Concei\u00e7\u00e3o do Coit\u00e9, regi\u00e3o sisaleira, que resultou na apreens\u00e3o de mais de 20 motocicletas.<\/p>\n<p><img fetchpriority=\"high\" decoding=\"async\" class=\"size-medium wp-image-6972 aligncenter\" src=\"https:\/\/portalraizesnoticias.com.br\/wp-content\/uploads\/2025\/06\/IMG-20250608-WA0400-169x300.jpg\" alt=\"\" width=\"169\" height=\"300\" srcset=\"https:\/\/portalraizesnoticias.com.br\/wp-content\/uploads\/2025\/06\/IMG-20250608-WA0400-169x300.jpg 169w, https:\/\/portalraizesnoticias.com.br\/wp-content\/uploads\/2025\/06\/IMG-20250608-WA0400-576x1024.jpg 576w, https:\/\/portalraizesnoticias.com.br\/wp-content\/uploads\/2025\/06\/IMG-20250608-WA0400-768x1365.jpg 768w, https:\/\/portalraizesnoticias.com.br\/wp-content\/uploads\/2025\/06\/IMG-20250608-WA0400-864x1536.jpg 864w, https:\/\/portalraizesnoticias.com.br\/wp-content\/uploads\/2025\/06\/IMG-20250608-WA0400.jpg 900w\" sizes=\"(max-width: 169px) 100vw, 169px\" \/><\/p>\n<p>Segundo informa\u00e7\u00f5es apuradas pelo Portal Ra\u00edzes, a a\u00e7\u00e3o integra a Opera\u00e7\u00e3o Cidade Segura, que j\u00e1 resultou na apreens\u00e3o de centenas de ve\u00edculos desde o ano retrasado.<\/p>\n<p><img decoding=\"async\" class=\"size-medium wp-image-5600 aligncenter\" src=\"https:\/\/portalraizesnoticias.com.br\/wp-content\/uploads\/2025\/04\/banner-quadrado-vidracaria-almeida-300x300.jpg\" alt=\"\" width=\"300\" height=\"300\" srcset=\"https:\/\/portalraizesnoticias.com.br\/wp-content\/uploads\/2025\/04\/banner-quadrado-vidracaria-almeida-300x300.jpg 300w, https:\/\/portalraizesnoticias.com.br\/wp-content\/uploads\/2025\/04\/banner-quadrado-vidracaria-almeida-1024x1024.jpg 1024w, https:\/\/portalraizesnoticias.com.br\/wp-content\/uploads\/2025\/04\/banner-quadrado-vidracaria-almeida-150x150.jpg 150w, https:\/\/portalraizesnoticias.com.br\/wp-content\/uploads\/2025\/04\/banner-quadrado-vidracaria-almeida-768x768.jpg 768w, https:\/\/portalraizesnoticias.com.br\/wp-content\/uploads\/2025\/04\/banner-quadrado-vidracaria-almeida-700x700.jpg 700w, https:\/\/portalraizesnoticias.com.br\/wp-content\/uploads\/2025\/04\/banner-quadrado-vidracaria-almeida-620x620.jpg 620w, https:\/\/portalraizesnoticias.com.br\/wp-content\/uploads\/2025\/04\/banner-quadrado-vidracaria-almeida-400x400.jpg 400w, https:\/\/portalraizesnoticias.com.br\/wp-content\/uploads\/2025\/04\/banner-quadrado-vidracaria-almeida.jpg 1080w\" sizes=\"(max-width: 300px) 100vw, 300px\" \/><\/p>\n<p style=\"text-align: center;\"><strong>PUBLICIDADE<\/strong><\/p>\n<p>As motos recolhidas s\u00e3o classificadas como sucatas e, conforme a legisla\u00e7\u00e3o vigente, suas pe\u00e7as s\u00f3 podem ser reutilizadas em outras motocicletas, com autoriza\u00e7\u00e3o e dentro das normas legais.<\/p>\n<div style=\"width: 480px;\" class=\"wp-video\"><!--[if lt IE 9]><script>document.createElement('video');<\/script><![endif]-->\n<video class=\"wp-video-shortcode\" id=\"video-6971-1\" width=\"480\" height=\"848\" preload=\"metadata\" controls=\"controls\"><source type=\"video\/mp4\" src=\"https:\/\/portalraizesnoticias.com.br\/wp-content\/uploads\/2025\/06\/VID-20250608-WA0403.mp4?_=1\" \/><a href=\"https:\/\/portalraizesnoticias.com.br\/wp-content\/uploads\/2025\/06\/VID-20250608-WA0403.mp4\">https:\/\/portalraizesnoticias.com.br\/wp-content\/uploads\/2025\/06\/VID-20250608-WA0403.mp4<\/a><\/video><\/div>\n<p>No entanto, alguns condutores continuam\u00a0 utilizando de forma irregular, o que representa risco \u00e0 seguran\u00e7a p\u00fablica, al\u00e9m de estarem frequentemente associadas \u00e0 pr\u00e1tica de crimes.<\/p>\n<p>A opera\u00e7\u00e3o teve in\u00edcio durante a gest\u00e3o do Coronel Macedo \u00e0 frente do 16\u00ba Batalh\u00e3o de Pol\u00edcia Militar (BPM), sediado em Serrinha, e vem sendo mantida pelo atual comandante, Tenente-coronel Hamilton Ferreira. Atualmente, o Coronel Macedo comanda o Policiamento da Regi\u00e3o Nordeste, que tamb\u00e9m abrange o 16\u00ba BPM.<\/p>\n<p><img decoding=\"async\" class=\"size-medium wp-image-6974 aligncenter\" src=\"https:\/\/portalraizesnoticias.com.br\/wp-content\/uploads\/2025\/06\/IMG-20250608-WA0402-169x300.jpg\" alt=\"\" width=\"169\" height=\"300\" srcset=\"https:\/\/portalraizesnoticias.com.br\/wp-content\/uploads\/2025\/06\/IMG-20250608-WA0402-169x300.jpg 169w, https:\/\/portalraizesnoticias.com.br\/wp-content\/uploads\/2025\/06\/IMG-20250608-WA0402-576x1024.jpg 576w, https:\/\/portalraizesnoticias.com.br\/wp-content\/uploads\/2025\/06\/IMG-20250608-WA0402-768x1365.jpg 768w, https:\/\/portalraizesnoticias.com.br\/wp-content\/uploads\/2025\/06\/IMG-20250608-WA0402-864x1536.jpg 864w, https:\/\/portalraizesnoticias.com.br\/wp-content\/uploads\/2025\/06\/IMG-20250608-WA0402.jpg 900w\" sizes=\"(max-width: 169px) 100vw, 169px\" \/><\/p>\n<p>A a\u00e7\u00e3o deste domingo foi coordenada pelo comandante da 4\u00aa Companhia de Pol\u00edcia Militar de Coit\u00e9, Capit\u00e3o Charles Vieira.<\/p>\n<p>Os veiculos apreendidos foram encaminhados ao p\u00e1tio da 4\u00b0 Cia<\/p>\n<p><strong style=\"font-size: revert; color: initial;\">Circular com\u00a0 motos sucateadas \u00e9 crime!<\/strong><\/p>\n<p>Vale destacar que motocicletas sucateadas n\u00e3o possuem mais registro ativo junto ao Detran e est\u00e3o fora dos padr\u00f5es de seguran\u00e7a exigidos pelo Conselho Nacional de Tr\u00e2nsito (CONTRAN).<\/p>\n<p><img loading=\"lazy\" decoding=\"async\" class=\"size-medium wp-image-5657 aligncenter\" src=\"https:\/\/portalraizesnoticias.com.br\/wp-content\/uploads\/2025\/04\/IMG-20250408-WA0451-300x173.jpg\" alt=\"\" width=\"300\" height=\"173\" srcset=\"https:\/\/portalraizesnoticias.com.br\/wp-content\/uploads\/2025\/04\/IMG-20250408-WA0451-300x173.jpg 300w, https:\/\/portalraizesnoticias.com.br\/wp-content\/uploads\/2025\/04\/IMG-20250408-WA0451-1024x592.jpg 1024w, https:\/\/portalraizesnoticias.com.br\/wp-content\/uploads\/2025\/04\/IMG-20250408-WA0451-768x444.jpg 768w, https:\/\/portalraizesnoticias.com.br\/wp-content\/uploads\/2025\/04\/IMG-20250408-WA0451.jpg 1280w\" sizes=\"(max-width: 300px) 100vw, 300px\" \/><\/p>\n<p style=\"text-align: center;\"><strong>PUBLICIDADE<\/strong><\/p>\n<p>Al\u00e9m disso, a Lei n\u00ba 14.562, de 26 de abril de 2023, alterou o artigo 311 do C\u00f3digo Penal, que trata da adultera\u00e7\u00e3o de sinais identificadores de ve\u00edculos. Conduzir motocicleta com chassi, motor ou outros sinais identificadores adulterados, ou com documenta\u00e7\u00e3o irregular, \u00e9 crime. A pena pode chegar a seis anos de reclus\u00e3o, al\u00e9m de multa, e o infrator pode ser preso em flagrante.<\/p>\n<p>Reda\u00e7\u00e3o com informa\u00e7\u00f5es da PM<\/p>\n","protected":false},"excerpt":{"rendered":"<p>A Pol\u00edcia Militar realizou, na tarde deste domingo (8), uma opera\u00e7\u00e3o na localidade da Pinda, em Concei\u00e7\u00e3o do Coit\u00e9, regi\u00e3o sisaleira, que resultou na apreens\u00e3o de mais de 20 motocicletas. Segundo informa\u00e7\u00f5es apuradas pelo Portal Ra\u00edzes, a a\u00e7\u00e3o integra a Opera\u00e7\u00e3o Cidade Segura, que j\u00e1 resultou na apreens\u00e3o de centenas de ve\u00edculos desde o ano retrasado. PUBLICIDADE As motos recolhidas s\u00e3o classificadas como sucatas e, conforme a legisla\u00e7\u00e3o vigente, suas pe\u00e7as s\u00f3 podem ser reutilizadas em outras motocicletas, com autoriza\u00e7\u00e3o e dentro das normas legais. No entanto, alguns condutores continuam\u00a0 utilizando de forma irregular, o que representa risco \u00e0 seguran\u00e7a p\u00fablica, al\u00e9m de estarem frequentemente associadas \u00e0 pr\u00e1tica de crimes. A opera\u00e7\u00e3o teve in\u00edcio durante a gest\u00e3o do Coronel Macedo \u00e0 frente do 16\u00ba Batalh\u00e3o de Pol\u00edcia Militar (BPM), sediado em Serrinha, e vem sendo mantida pelo atual comandante, Tenente-coronel Hamilton Ferreira. Atualmente, o Coronel Macedo comanda o Policiamento da Regi\u00e3o Nordeste, que tamb\u00e9m abrange o 16\u00ba BPM. A a\u00e7\u00e3o deste domingo foi coordenada pelo comandante da 4\u00aa Companhia de Pol\u00edcia Militar de Coit\u00e9, Capit\u00e3o Charles Vieira. Os veiculos apreendidos foram encaminhados ao p\u00e1tio da 4\u00b0 Cia Circular com\u00a0 motos sucateadas \u00e9 crime! Vale destacar que motocicletas sucateadas n\u00e3o possuem mais registro ativo junto ao Detran e est\u00e3o fora dos padr\u00f5es de seguran\u00e7a exigidos pelo Conselho Nacional de Tr\u00e2nsito (CONTRAN). PUBLICIDADE Al\u00e9m disso, a Lei n\u00ba 14.562, de 26 de abril de 2023, alterou o artigo 311 do C\u00f3digo Penal, que trata da adultera\u00e7\u00e3o de sinais identificadores de ve\u00edculos. Conduzir motocicleta com chassi, motor ou outros sinais identificadores adulterados, ou com documenta\u00e7\u00e3o irregular, \u00e9 crime. A pena pode chegar a seis anos de reclus\u00e3o, al\u00e9m de multa, e o infrator pode ser preso em flagrante. Reda\u00e7\u00e3o com informa\u00e7\u00f5es da PM<\/p>\n","protected":false},"author":3,"featured_media":6975,"comment_status":"open","ping_status":"open","sticky":false,"template":"","format":"standard","meta":{"_joinchat":[],"footnotes":""},"categories":[55,67,59],"tags":[1169,75,298,196,1032],"class_list":["post-6971","post","type-post","status-publish","format-standard","has-post-thumbnail","hentry","category-destaques","category-policia","category-ultimas-noticias","tag-apreensoes","tag-coite","tag-pinda","tag-policia","tag-portalraizes"],"yoast_head":"<!-- This site is optimized with the Yoast SEO plugin v24.4 - https:\/\/yoast.com\/wordpress\/plugins\/seo\/ -->\n<title>V\u00eddeo: PM apreende mais de 20 motocicletas sucatas na Pinda em Concei\u00e7\u00e3o do Coit\u00e9; crime pode levar a 6 anos de pris\u00e3o - Portal raizes noticias<\/title>\n<meta name=\"robots\" content=\"index, follow, max-snippet:-1, max-image-preview:large, max-video-preview:-1\" \/>\n<link rel=\"canonical\" href=\"https:\/\/portalraizesnoticias.com.br\/?p=6971\" \/>\n<meta property=\"og:locale\" content=\"pt_BR\" \/>\n<meta property=\"og:type\" content=\"article\" \/>\n<meta property=\"og:title\" content=\"V\u00eddeo: PM apreende mais de 20 motocicletas sucatas na Pinda em Concei\u00e7\u00e3o do Coit\u00e9; crime pode levar a 6 anos de pris\u00e3o - Portal raizes noticias\" \/>\n<meta property=\"og:description\" content=\"A Pol\u00edcia Militar realizou, na tarde deste domingo (8), uma opera\u00e7\u00e3o na localidade da Pinda, em Concei\u00e7\u00e3o do Coit\u00e9, regi\u00e3o sisaleira, que resultou na apreens\u00e3o de mais de 20 motocicletas. Segundo informa\u00e7\u00f5es apuradas pelo Portal Ra\u00edzes, a a\u00e7\u00e3o integra a Opera\u00e7\u00e3o Cidade Segura, que j\u00e1 resultou na apreens\u00e3o de centenas de ve\u00edculos desde o ano retrasado. PUBLICIDADE As motos recolhidas s\u00e3o classificadas como sucatas e, conforme a legisla\u00e7\u00e3o vigente, suas pe\u00e7as s\u00f3 podem ser reutilizadas em outras motocicletas, com autoriza\u00e7\u00e3o e dentro das normas legais. No entanto, alguns condutores continuam\u00a0 utilizando de forma irregular, o que representa risco \u00e0 seguran\u00e7a p\u00fablica, al\u00e9m de estarem frequentemente associadas \u00e0 pr\u00e1tica de crimes. A opera\u00e7\u00e3o teve in\u00edcio durante a gest\u00e3o do Coronel Macedo \u00e0 frente do 16\u00ba Batalh\u00e3o de Pol\u00edcia Militar (BPM), sediado em Serrinha, e vem sendo mantida pelo atual comandante, Tenente-coronel Hamilton Ferreira. Atualmente, o Coronel Macedo comanda o Policiamento da Regi\u00e3o Nordeste, que tamb\u00e9m abrange o 16\u00ba BPM. A a\u00e7\u00e3o deste domingo foi coordenada pelo comandante da 4\u00aa Companhia de Pol\u00edcia Militar de Coit\u00e9, Capit\u00e3o Charles Vieira. Os veiculos apreendidos foram encaminhados ao p\u00e1tio da 4\u00b0 Cia Circular com\u00a0 motos sucateadas \u00e9 crime! Vale destacar que motocicletas sucateadas n\u00e3o possuem mais registro ativo junto ao Detran e est\u00e3o fora dos padr\u00f5es de seguran\u00e7a exigidos pelo Conselho Nacional de Tr\u00e2nsito (CONTRAN). PUBLICIDADE Al\u00e9m disso, a Lei n\u00ba 14.562, de 26 de abril de 2023, alterou o artigo 311 do C\u00f3digo Penal, que trata da adultera\u00e7\u00e3o de sinais identificadores de ve\u00edculos. Conduzir motocicleta com chassi, motor ou outros sinais identificadores adulterados, ou com documenta\u00e7\u00e3o irregular, \u00e9 crime. A pena pode chegar a seis anos de reclus\u00e3o, al\u00e9m de multa, e o infrator pode ser preso em flagrante. Reda\u00e7\u00e3o com informa\u00e7\u00f5es da PM\" \/>\n<meta property=\"og:url\" content=\"https:\/\/portalraizesnoticias.com.br\/?p=6971\" \/>\n<meta property=\"og:site_name\" content=\"Portal raizes noticias\" \/>\n<meta property=\"article:published_time\" content=\"2025-06-08T23:14:32+00:00\" \/>\n<meta property=\"article:modified_time\" content=\"2025-08-20T17:52:28+00:00\" \/>\n<meta property=\"og:image\" content=\"https:\/\/portalraizesnoticias.com.br\/wp-content\/uploads\/2025\/06\/IMG-20250608-WA0401.jpg\" \/>\n\t<meta property=\"og:image:width\" content=\"1600\" \/>\n\t<meta property=\"og:image:height\" content=\"900\" \/>\n\t<meta property=\"og:image:type\" content=\"image\/jpeg\" \/>\n<meta name=\"author\" content=\"Portal Raizes\" \/>\n<meta name=\"twitter:card\" content=\"summary_large_image\" \/>\n<meta name=\"twitter:label1\" content=\"Escrito por\" \/>\n\t<meta name=\"twitter:data1\" content=\"Portal Raizes\" \/>\n\t<meta name=\"twitter:label2\" content=\"Est. tempo de leitura\" \/>\n\t<meta name=\"twitter:data2\" content=\"1 minuto\" \/>\n<script type=\"application\/ld+json\" class=\"yoast-schema-graph\">{\"@context\":\"https:\/\/schema.org\",\"@graph\":[{\"@type\":\"Article\",\"@id\":\"https:\/\/portalraizesnoticias.com.br\/?p=6971#article\",\"isPartOf\":{\"@id\":\"https:\/\/portalraizesnoticias.com.br\/?p=6971\"},\"author\":{\"name\":\"Portal Raizes\",\"@id\":\"https:\/\/portalraizesnoticias.com.br\/#\/schema\/person\/a3ca6b0fc701e78df19756c417d943ae\"},\"headline\":\"V\u00eddeo: PM apreende mais de 20 motocicletas sucatas na Pinda em Concei\u00e7\u00e3o do Coit\u00e9; crime pode levar a 6 anos de pris\u00e3o\",\"datePublished\":\"2025-06-08T23:14:32+00:00\",\"dateModified\":\"2025-08-20T17:52:28+00:00\",\"mainEntityOfPage\":{\"@id\":\"https:\/\/portalraizesnoticias.com.br\/?p=6971\"},\"wordCount\":356,\"commentCount\":2,\"publisher\":{\"@id\":\"https:\/\/portalraizesnoticias.com.br\/#organization\"},\"image\":{\"@id\":\"https:\/\/portalraizesnoticias.com.br\/?p=6971#primaryimage\"},\"thumbnailUrl\":\"https:\/\/portalraizesnoticias.com.br\/wp-content\/uploads\/2025\/06\/IMG-20250608-WA0401.jpg\",\"keywords\":[\"Apreens\u00f5es\",\"Coit\u00e9\",\"Pinda\",\"Policia\",\"Portalraizes\"],\"articleSection\":[\"DESTAQUES\",\"POLICIA\",\"ULTIMAS NOTICIAS\"],\"inLanguage\":\"pt-BR\",\"potentialAction\":[{\"@type\":\"CommentAction\",\"name\":\"Comment\",\"target\":[\"https:\/\/portalraizesnoticias.com.br\/?p=6971#respond\"]}]},{\"@type\":\"WebPage\",\"@id\":\"https:\/\/portalraizesnoticias.com.br\/?p=6971\",\"url\":\"https:\/\/portalraizesnoticias.com.br\/?p=6971\",\"name\":\"V\u00eddeo: PM apreende mais de 20 motocicletas sucatas na Pinda em Concei\u00e7\u00e3o do Coit\u00e9; crime pode levar a 6 anos de pris\u00e3o - Portal raizes noticias\",\"isPartOf\":{\"@id\":\"https:\/\/portalraizesnoticias.com.br\/#website\"},\"primaryImageOfPage\":{\"@id\":\"https:\/\/portalraizesnoticias.com.br\/?p=6971#primaryimage\"},\"image\":{\"@id\":\"https:\/\/portalraizesnoticias.com.br\/?p=6971#primaryimage\"},\"thumbnailUrl\":\"https:\/\/portalraizesnoticias.com.br\/wp-content\/uploads\/2025\/06\/IMG-20250608-WA0401.jpg\",\"datePublished\":\"2025-06-08T23:14:32+00:00\",\"dateModified\":\"2025-08-20T17:52:28+00:00\",\"breadcrumb\":{\"@id\":\"https:\/\/portalraizesnoticias.com.br\/?p=6971#breadcrumb\"},\"inLanguage\":\"pt-BR\",\"potentialAction\":[{\"@type\":\"ReadAction\",\"target\":[\"https:\/\/portalraizesnoticias.com.br\/?p=6971\"]}]},{\"@type\":\"ImageObject\",\"inLanguage\":\"pt-BR\",\"@id\":\"https:\/\/portalraizesnoticias.com.br\/?p=6971#primaryimage\",\"url\":\"https:\/\/portalraizesnoticias.com.br\/wp-content\/uploads\/2025\/06\/IMG-20250608-WA0401.jpg\",\"contentUrl\":\"https:\/\/portalraizesnoticias.com.br\/wp-content\/uploads\/2025\/06\/IMG-20250608-WA0401.jpg\",\"width\":1600,\"height\":900},{\"@type\":\"BreadcrumbList\",\"@id\":\"https:\/\/portalraizesnoticias.com.br\/?p=6971#breadcrumb\",\"itemListElement\":[{\"@type\":\"ListItem\",\"position\":1,\"name\":\"In\u00edcio\",\"item\":\"https:\/\/portalraizesnoticias.com.br\/\"},{\"@type\":\"ListItem\",\"position\":2,\"name\":\"V\u00eddeo: PM apreende mais de 20 motocicletas sucatas na Pinda em Concei\u00e7\u00e3o do Coit\u00e9; crime pode levar a 6 anos de pris\u00e3o\"}]},{\"@type\":\"WebSite\",\"@id\":\"https:\/\/portalraizesnoticias.com.br\/#website\",\"url\":\"https:\/\/portalraizesnoticias.com.br\/\",\"name\":\"Portal raizes NOTICIAS\",\"description\":\"site de noticias de concei\u00e7\u00e3o do coit\u00e9 e regi\u00e3o\",\"publisher\":{\"@id\":\"https:\/\/portalraizesnoticias.com.br\/#organization\"},\"alternateName\":\"PORTAL RAIZES COIT\u00c9\",\"potentialAction\":[{\"@type\":\"SearchAction\",\"target\":{\"@type\":\"EntryPoint\",\"urlTemplate\":\"https:\/\/portalraizesnoticias.com.br\/?s={search_term_string}\"},\"query-input\":{\"@type\":\"PropertyValueSpecification\",\"valueRequired\":true,\"valueName\":\"search_term_string\"}}],\"inLanguage\":\"pt-BR\"},{\"@type\":\"Organization\",\"@id\":\"https:\/\/portalraizesnoticias.com.br\/#organization\",\"name\":\"Portal raizes NOTICIAS\",\"url\":\"https:\/\/portalraizesnoticias.com.br\/\",\"logo\":{\"@type\":\"ImageObject\",\"inLanguage\":\"pt-BR\",\"@id\":\"https:\/\/portalraizesnoticias.com.br\/#\/schema\/logo\/image\/\",\"url\":\"https:\/\/portalraizesnoticias.com.br\/wp-content\/uploads\/2024\/09\/cropped-Captura-de-tela-2024-09-08-011108.png\",\"contentUrl\":\"https:\/\/portalraizesnoticias.com.br\/wp-content\/uploads\/2024\/09\/cropped-Captura-de-tela-2024-09-08-011108.png\",\"width\":606,\"height\":173,\"caption\":\"Portal raizes NOTICIAS\"},\"image\":{\"@id\":\"https:\/\/portalraizesnoticias.com.br\/#\/schema\/logo\/image\/\"}},{\"@type\":\"Person\",\"@id\":\"https:\/\/portalraizesnoticias.com.br\/#\/schema\/person\/a3ca6b0fc701e78df19756c417d943ae\",\"name\":\"Portal Raizes\",\"image\":{\"@type\":\"ImageObject\",\"inLanguage\":\"pt-BR\",\"@id\":\"https:\/\/portalraizesnoticias.com.br\/#\/schema\/person\/image\/\",\"url\":\"https:\/\/secure.gravatar.com\/avatar\/ef450d29013a3d3fba867a12a249d7b1?s=96&d=mm&r=g\",\"contentUrl\":\"https:\/\/secure.gravatar.com\/avatar\/ef450d29013a3d3fba867a12a249d7b1?s=96&d=mm&r=g\",\"caption\":\"Portal Raizes\"},\"url\":\"https:\/\/portalraizesnoticias.com.br\/?author=3\"}]}<\/script>\n<!-- \/ Yoast SEO plugin. -->","yoast_head_json":{"title":"V\u00eddeo: PM apreende mais de 20 motocicletas sucatas na Pinda em Concei\u00e7\u00e3o do Coit\u00e9; crime pode levar a 6 anos de pris\u00e3o - Portal raizes noticias","robots":{"index":"index","follow":"follow","max-snippet":"max-snippet:-1","max-image-preview":"max-image-preview:large","max-video-preview":"max-video-preview:-1"},"canonical":"https:\/\/portalraizesnoticias.com.br\/?p=6971","og_locale":"pt_BR","og_type":"article","og_title":"V\u00eddeo: PM apreende mais de 20 motocicletas sucatas na Pinda em Concei\u00e7\u00e3o do Coit\u00e9; crime pode levar a 6 anos de pris\u00e3o - Portal raizes noticias","og_description":"A Pol\u00edcia Militar realizou, na tarde deste domingo (8), uma opera\u00e7\u00e3o na localidade da Pinda, em Concei\u00e7\u00e3o do Coit\u00e9, regi\u00e3o sisaleira, que resultou na apreens\u00e3o de mais de 20 motocicletas. Segundo informa\u00e7\u00f5es apuradas pelo Portal Ra\u00edzes, a a\u00e7\u00e3o integra a Opera\u00e7\u00e3o Cidade Segura, que j\u00e1 resultou na apreens\u00e3o de centenas de ve\u00edculos desde o ano retrasado. PUBLICIDADE As motos recolhidas s\u00e3o classificadas como sucatas e, conforme a legisla\u00e7\u00e3o vigente, suas pe\u00e7as s\u00f3 podem ser reutilizadas em outras motocicletas, com autoriza\u00e7\u00e3o e dentro das normas legais. No entanto, alguns condutores continuam\u00a0 utilizando de forma irregular, o que representa risco \u00e0 seguran\u00e7a p\u00fablica, al\u00e9m de estarem frequentemente associadas \u00e0 pr\u00e1tica de crimes. A opera\u00e7\u00e3o teve in\u00edcio durante a gest\u00e3o do Coronel Macedo \u00e0 frente do 16\u00ba Batalh\u00e3o de Pol\u00edcia Militar (BPM), sediado em Serrinha, e vem sendo mantida pelo atual comandante, Tenente-coronel Hamilton Ferreira. Atualmente, o Coronel Macedo comanda o Policiamento da Regi\u00e3o Nordeste, que tamb\u00e9m abrange o 16\u00ba BPM. A a\u00e7\u00e3o deste domingo foi coordenada pelo comandante da 4\u00aa Companhia de Pol\u00edcia Militar de Coit\u00e9, Capit\u00e3o Charles Vieira. Os veiculos apreendidos foram encaminhados ao p\u00e1tio da 4\u00b0 Cia Circular com\u00a0 motos sucateadas \u00e9 crime! Vale destacar que motocicletas sucateadas n\u00e3o possuem mais registro ativo junto ao Detran e est\u00e3o fora dos padr\u00f5es de seguran\u00e7a exigidos pelo Conselho Nacional de Tr\u00e2nsito (CONTRAN). PUBLICIDADE Al\u00e9m disso, a Lei n\u00ba 14.562, de 26 de abril de 2023, alterou o artigo 311 do C\u00f3digo Penal, que trata da adultera\u00e7\u00e3o de sinais identificadores de ve\u00edculos. Conduzir motocicleta com chassi, motor ou outros sinais identificadores adulterados, ou com documenta\u00e7\u00e3o irregular, \u00e9 crime. A pena pode chegar a seis anos de reclus\u00e3o, al\u00e9m de multa, e o infrator pode ser preso em flagrante. Reda\u00e7\u00e3o com informa\u00e7\u00f5es da PM","og_url":"https:\/\/portalraizesnoticias.com.br\/?p=6971","og_site_name":"Portal raizes noticias","article_published_time":"2025-06-08T23:14:32+00:00","article_modified_time":"2025-08-20T17:52:28+00:00","og_image":[{"width":1600,"height":900,"url":"https:\/\/portalraizesnoticias.com.br\/wp-content\/uploads\/2025\/06\/IMG-20250608-WA0401.jpg","type":"image\/jpeg"}],"author":"Portal Raizes","twitter_card":"summary_large_image","twitter_misc":{"Escrito por":"Portal Raizes","Est. tempo de leitura":"1 minuto"},"schema":{"@context":"https:\/\/schema.org","@graph":[{"@type":"Article","@id":"https:\/\/portalraizesnoticias.com.br\/?p=6971#article","isPartOf":{"@id":"https:\/\/portalraizesnoticias.com.br\/?p=6971"},"author":{"name":"Portal Raizes","@id":"https:\/\/portalraizesnoticias.com.br\/#\/schema\/person\/a3ca6b0fc701e78df19756c417d943ae"},"headline":"V\u00eddeo: PM apreende mais de 20 motocicletas sucatas na Pinda em Concei\u00e7\u00e3o do Coit\u00e9; crime pode levar a 6 anos de pris\u00e3o","datePublished":"2025-06-08T23:14:32+00:00","dateModified":"2025-08-20T17:52:28+00:00","mainEntityOfPage":{"@id":"https:\/\/portalraizesnoticias.com.br\/?p=6971"},"wordCount":356,"commentCount":2,"publisher":{"@id":"https:\/\/portalraizesnoticias.com.br\/#organization"},"image":{"@id":"https:\/\/portalraizesnoticias.com.br\/?p=6971#primaryimage"},"thumbnailUrl":"https:\/\/portalraizesnoticias.com.br\/wp-content\/uploads\/2025\/06\/IMG-20250608-WA0401.jpg","keywords":["Apreens\u00f5es","Coit\u00e9","Pinda","Policia","Portalraizes"],"articleSection":["DESTAQUES","POLICIA","ULTIMAS NOTICIAS"],"inLanguage":"pt-BR","potentialAction":[{"@type":"CommentAction","name":"Comment","target":["https:\/\/portalraizesnoticias.com.br\/?p=6971#respond"]}]},{"@type":"WebPage","@id":"https:\/\/portalraizesnoticias.com.br\/?p=6971","url":"https:\/\/portalraizesnoticias.com.br\/?p=6971","name":"V\u00eddeo: PM apreende mais de 20 motocicletas sucatas na Pinda em Concei\u00e7\u00e3o do Coit\u00e9; crime pode levar a 6 anos de pris\u00e3o - Portal raizes noticias","isPartOf":{"@id":"https:\/\/portalraizesnoticias.com.br\/#website"},"primaryImageOfPage":{"@id":"https:\/\/portalraizesnoticias.com.br\/?p=6971#primaryimage"},"image":{"@id":"https:\/\/portalraizesnoticias.com.br\/?p=6971#primaryimage"},"thumbnailUrl":"https:\/\/portalraizesnoticias.com.br\/wp-content\/uploads\/2025\/06\/IMG-20250608-WA0401.jpg","datePublished":"2025-06-08T23:14:32+00:00","dateModified":"2025-08-20T17:52:28+00:00","breadcrumb":{"@id":"https:\/\/portalraizesnoticias.com.br\/?p=6971#breadcrumb"},"inLanguage":"pt-BR","potentialAction":[{"@type":"ReadAction","target":["https:\/\/portalraizesnoticias.com.br\/?p=6971"]}]},{"@type":"ImageObject","inLanguage":"pt-BR","@id":"https:\/\/portalraizesnoticias.com.br\/?p=6971#primaryimage","url":"https:\/\/portalraizesnoticias.com.br\/wp-content\/uploads\/2025\/06\/IMG-20250608-WA0401.jpg","contentUrl":"https:\/\/portalraizesnoticias.com.br\/wp-content\/uploads\/2025\/06\/IMG-20250608-WA0401.jpg","width":1600,"height":900},{"@type":"BreadcrumbList","@id":"https:\/\/portalraizesnoticias.com.br\/?p=6971#breadcrumb","itemListElement":[{"@type":"ListItem","position":1,"name":"In\u00edcio","item":"https:\/\/portalraizesnoticias.com.br\/"},{"@type":"ListItem","position":2,"name":"V\u00eddeo: PM apreende mais de 20 motocicletas sucatas na Pinda em Concei\u00e7\u00e3o do Coit\u00e9; crime pode levar a 6 anos de pris\u00e3o"}]},{"@type":"WebSite","@id":"https:\/\/portalraizesnoticias.com.br\/#website","url":"https:\/\/portalraizesnoticias.com.br\/","name":"Portal raizes NOTICIAS","description":"site de noticias de concei\u00e7\u00e3o do coit\u00e9 e regi\u00e3o","publisher":{"@id":"https:\/\/portalraizesnoticias.com.br\/#organization"},"alternateName":"PORTAL RAIZES COIT\u00c9","potentialAction":[{"@type":"SearchAction","target":{"@type":"EntryPoint","urlTemplate":"https:\/\/portalraizesnoticias.com.br\/?s={search_term_string}"},"query-input":{"@type":"PropertyValueSpecification","valueRequired":true,"valueName":"search_term_string"}}],"inLanguage":"pt-BR"},{"@type":"Organization","@id":"https:\/\/portalraizesnoticias.com.br\/#organization","name":"Portal raizes NOTICIAS","url":"https:\/\/portalraizesnoticias.com.br\/","logo":{"@type":"ImageObject","inLanguage":"pt-BR","@id":"https:\/\/portalraizesnoticias.com.br\/#\/schema\/logo\/image\/","url":"https:\/\/portalraizesnoticias.com.br\/wp-content\/uploads\/2024\/09\/cropped-Captura-de-tela-2024-09-08-011108.png","contentUrl":"https:\/\/portalraizesnoticias.com.br\/wp-content\/uploads\/2024\/09\/cropped-Captura-de-tela-2024-09-08-011108.png","width":606,"height":173,"caption":"Portal raizes NOTICIAS"},"image":{"@id":"https:\/\/portalraizesnoticias.com.br\/#\/schema\/logo\/image\/"}},{"@type":"Person","@id":"https:\/\/portalraizesnoticias.com.br\/#\/schema\/person\/a3ca6b0fc701e78df19756c417d943ae","name":"Portal Raizes","image":{"@type":"ImageObject","inLanguage":"pt-BR","@id":"https:\/\/portalraizesnoticias.com.br\/#\/schema\/person\/image\/","url":"https:\/\/secure.gravatar.com\/avatar\/ef450d29013a3d3fba867a12a249d7b1?s=96&d=mm&r=g","contentUrl":"https:\/\/secure.gravatar.com\/avatar\/ef450d29013a3d3fba867a12a249d7b1?s=96&d=mm&r=g","caption":"Portal Raizes"},"url":"https:\/\/portalraizesnoticias.com.br\/?author=3"}]}},"_links":{"self":[{"href":"https:\/\/portalraizesnoticias.com.br\/index.php?rest_route=\/wp\/v2\/posts\/6971"}],"collection":[{"href":"https:\/\/portalraizesnoticias.com.br\/index.php?rest_route=\/wp\/v2\/posts"}],"about":[{"href":"https:\/\/portalraizesnoticias.com.br\/index.php?rest_route=\/wp\/v2\/types\/post"}],"author":[{"embeddable":true,"href":"https:\/\/portalraizesnoticias.com.br\/index.php?rest_route=\/wp\/v2\/users\/3"}],"replies":[{"embeddable":true,"href":"https:\/\/portalraizesnoticias.com.br\/index.php?rest_route=%2Fwp%2Fv2%2Fcomments&post=6971"}],"version-history":[{"count":3,"href":"https:\/\/portalraizesnoticias.com.br\/index.php?rest_route=\/wp\/v2\/posts\/6971\/revisions"}],"predecessor-version":[{"id":6978,"href":"https:\/\/portalraizesnoticias.com.br\/index.php?rest_route=\/wp\/v2\/posts\/6971\/revisions\/6978"}],"wp:featuredmedia":[{"embeddable":true,"href":"https:\/\/portalraizesnoticias.com.br\/index.php?rest_route=\/wp\/v2\/media\/6975"}],"wp:attachment":[{"href":"https:\/\/portalraizesnoticias.com.br\/index.php?rest_route=%2Fwp%2Fv2%2Fmedia&parent=6971"}],"wp:term":[{"taxonomy":"category","embeddable":true,"href":"https:\/\/portalraizesnoticias.com.br\/index.php?rest_route=%2Fwp%2Fv2%2Fcategories&post=6971"},{"taxonomy":"post_tag","embeddable":true,"href":"https:\/\/portalraizesnoticias.com.br\/index.php?rest_route=%2Fwp%2Fv2%2Ftags&post=6971"}],"curies":[{"name":"wp","href":"https:\/\/api.w.org\/{rel}","templated":true}]}}