{"id":6942,"date":"2025-06-05T15:54:25","date_gmt":"2025-06-05T18:54:25","guid":{"rendered":"https:\/\/portalraizesnoticias.com.br\/?p=6942"},"modified":"2025-06-05T15:54:25","modified_gmt":"2025-06-05T18:54:25","slug":"casal-fica-ferido-apos-colisao-entre-motos-em-coite-passageira-foi-atropelada-durante-a-queda","status":"publish","type":"post","link":"https:\/\/portalraizesnoticias.com.br\/?p=6942","title":{"rendered":"Casal fica ferido ap\u00f3s colis\u00e3o entre motos em Coit\u00e9; passageira foi atropelada durante a queda"},"content":{"rendered":"<p>Por volta das 13h20 desta quinta-feira (05), um acidente de tr\u00e2nsito deixou duas pessoas feridas na BA-120, no trecho entre Concei\u00e7\u00e3o do Coit\u00e9 e o munic\u00edpio de Retirol\u00e2ndia, nas proximidades da entrada de uma f\u00e1brica de cal\u00e7ados.<\/p>\n<p><img fetchpriority=\"high\" decoding=\"async\" class=\"size-medium wp-image-6944 aligncenter\" src=\"https:\/\/portalraizesnoticias.com.br\/wp-content\/uploads\/2025\/06\/IMG-20250605-WA0382-300x225.jpg\" alt=\"\" width=\"300\" height=\"225\" srcset=\"https:\/\/portalraizesnoticias.com.br\/wp-content\/uploads\/2025\/06\/IMG-20250605-WA0382-300x225.jpg 300w, https:\/\/portalraizesnoticias.com.br\/wp-content\/uploads\/2025\/06\/IMG-20250605-WA0382-1024x768.jpg 1024w, https:\/\/portalraizesnoticias.com.br\/wp-content\/uploads\/2025\/06\/IMG-20250605-WA0382-768x576.jpg 768w, https:\/\/portalraizesnoticias.com.br\/wp-content\/uploads\/2025\/06\/IMG-20250605-WA0382-1536x1152.jpg 1536w, https:\/\/portalraizesnoticias.com.br\/wp-content\/uploads\/2025\/06\/IMG-20250605-WA0382.jpg 1600w\" sizes=\"(max-width: 300px) 100vw, 300px\" \/><\/p>\n<p>Segundo informa\u00e7\u00f5es obtidas pelo Portal Ra\u00edzes, um casal seguia em uma motocicleta a caminho do trabalho quando foi atingido por outra moto durante o trajeto.<\/p>\n<p><img decoding=\"async\" class=\"size-medium wp-image-6853 aligncenter\" src=\"https:\/\/portalraizesnoticias.com.br\/wp-content\/uploads\/2023\/04\/Imagem-do-WhatsApp-de-2025-05-30-as-14.33.04_112dc477-300x109.jpg\" alt=\"\" width=\"300\" height=\"109\" srcset=\"https:\/\/portalraizesnoticias.com.br\/wp-content\/uploads\/2023\/04\/Imagem-do-WhatsApp-de-2025-05-30-as-14.33.04_112dc477-300x109.jpg 300w, https:\/\/portalraizesnoticias.com.br\/wp-content\/uploads\/2023\/04\/Imagem-do-WhatsApp-de-2025-05-30-as-14.33.04_112dc477.jpg 362w\" sizes=\"(max-width: 300px) 100vw, 300px\" \/><\/p>\n<p style=\"text-align: center;\"><strong>PUBLICIDADE<\/strong><\/p>\n<p>De acordo com Gildo Carneiro, coordenador da equipe \u00c1guia Resgate, a passageira, identificada como Darlene Oliveira, de 35 anos, foi encontrada consciente e orientada, com escoria\u00e7\u00f5es pelo corpo e queixas de dores em uma das pernas. Durante a colis\u00e3o, a motocicleta chegou a passar por cima dela.<\/p>\n<p>O condutor da moto, Abdon Ferreira, tamb\u00e9m foi localizado consciente e orientado, apresentando escoria\u00e7\u00f5es pelo corpo e uma lacera\u00e7\u00e3o profunda no bra\u00e7o.<\/p>\n<p><img decoding=\"async\" class=\"size-medium wp-image-6103 aligncenter\" src=\"https:\/\/portalraizesnoticias.com.br\/wp-content\/uploads\/2025\/04\/IMG-20250426-WA0417-300x300.jpg\" alt=\"\" width=\"300\" height=\"300\" srcset=\"https:\/\/portalraizesnoticias.com.br\/wp-content\/uploads\/2025\/04\/IMG-20250426-WA0417-300x300.jpg 300w, https:\/\/portalraizesnoticias.com.br\/wp-content\/uploads\/2025\/04\/IMG-20250426-WA0417-1024x1024.jpg 1024w, https:\/\/portalraizesnoticias.com.br\/wp-content\/uploads\/2025\/04\/IMG-20250426-WA0417-150x150.jpg 150w, https:\/\/portalraizesnoticias.com.br\/wp-content\/uploads\/2025\/04\/IMG-20250426-WA0417-768x768.jpg 768w, https:\/\/portalraizesnoticias.com.br\/wp-content\/uploads\/2025\/04\/IMG-20250426-WA0417.jpg 1080w\" sizes=\"(max-width: 300px) 100vw, 300px\" \/><\/p>\n<p style=\"text-align: center;\"><strong>PUBLICIDADE<\/strong><\/p>\n<p>As v\u00edtimas foram socorridas e encaminhadas \u00e0 emerg\u00eancia do Hospital Portugu\u00eas de Concei\u00e7\u00e3o do Coit\u00e9.<\/p>\n<p><strong>Informa\u00e7\u00f5es: \u00c1guia Resgate<\/strong><\/p>\n<p><strong>Texto: Rafaela Rodrigues<\/strong><\/p>\n","protected":false},"excerpt":{"rendered":"<p>Por volta das 13h20 desta quinta-feira (05), um acidente de tr\u00e2nsito deixou duas pessoas feridas na BA-120, no trecho entre Concei\u00e7\u00e3o do Coit\u00e9 e o munic\u00edpio de Retirol\u00e2ndia, nas proximidades da entrada de uma f\u00e1brica de cal\u00e7ados. Segundo informa\u00e7\u00f5es obtidas pelo Portal Ra\u00edzes, um casal seguia em uma motocicleta a caminho do trabalho quando foi atingido por outra moto durante o trajeto. PUBLICIDADE De acordo com Gildo Carneiro, coordenador da equipe \u00c1guia Resgate, a passageira, identificada como Darlene Oliveira, de 35 anos, foi encontrada consciente e orientada, com escoria\u00e7\u00f5es pelo corpo e queixas de dores em uma das pernas. Durante a colis\u00e3o, a motocicleta chegou a passar por cima dela. O condutor da moto, Abdon Ferreira, tamb\u00e9m foi localizado consciente e orientado, apresentando escoria\u00e7\u00f5es pelo corpo e uma lacera\u00e7\u00e3o profunda no bra\u00e7o. PUBLICIDADE As v\u00edtimas foram socorridas e encaminhadas \u00e0 emerg\u00eancia do Hospital Portugu\u00eas de Concei\u00e7\u00e3o do Coit\u00e9. Informa\u00e7\u00f5es: \u00c1guia Resgate Texto: Rafaela Rodrigues<\/p>\n","protected":false},"author":3,"featured_media":6943,"comment_status":"open","ping_status":"open","sticky":false,"template":"","format":"standard","meta":{"_joinchat":[],"footnotes":""},"categories":[58,55,59],"tags":[73,75,112,80],"class_list":["post-6942","post","type-post","status-publish","format-standard","has-post-thumbnail","hentry","category-acidentes","category-destaques","category-ultimas-noticias","tag-casal","tag-coite","tag-colisao","tag-ferido"],"yoast_head":"<!-- This site is optimized with the Yoast SEO plugin v24.4 - https:\/\/yoast.com\/wordpress\/plugins\/seo\/ -->\n<title>Casal fica ferido ap\u00f3s colis\u00e3o entre motos em Coit\u00e9; passageira foi atropelada durante a queda - Portal raizes noticias<\/title>\n<meta name=\"robots\" content=\"index, follow, max-snippet:-1, max-image-preview:large, max-video-preview:-1\" \/>\n<link rel=\"canonical\" href=\"https:\/\/portalraizesnoticias.com.br\/?p=6942\" \/>\n<meta property=\"og:locale\" content=\"pt_BR\" \/>\n<meta property=\"og:type\" content=\"article\" \/>\n<meta property=\"og:title\" content=\"Casal fica ferido ap\u00f3s colis\u00e3o entre motos em Coit\u00e9; passageira foi atropelada durante a queda - Portal raizes noticias\" \/>\n<meta property=\"og:description\" content=\"Por volta das 13h20 desta quinta-feira (05), um acidente de tr\u00e2nsito deixou duas pessoas feridas na BA-120, no trecho entre Concei\u00e7\u00e3o do Coit\u00e9 e o munic\u00edpio de Retirol\u00e2ndia, nas proximidades da entrada de uma f\u00e1brica de cal\u00e7ados. Segundo informa\u00e7\u00f5es obtidas pelo Portal Ra\u00edzes, um casal seguia em uma motocicleta a caminho do trabalho quando foi atingido por outra moto durante o trajeto. PUBLICIDADE De acordo com Gildo Carneiro, coordenador da equipe \u00c1guia Resgate, a passageira, identificada como Darlene Oliveira, de 35 anos, foi encontrada consciente e orientada, com escoria\u00e7\u00f5es pelo corpo e queixas de dores em uma das pernas. Durante a colis\u00e3o, a motocicleta chegou a passar por cima dela. O condutor da moto, Abdon Ferreira, tamb\u00e9m foi localizado consciente e orientado, apresentando escoria\u00e7\u00f5es pelo corpo e uma lacera\u00e7\u00e3o profunda no bra\u00e7o. PUBLICIDADE As v\u00edtimas foram socorridas e encaminhadas \u00e0 emerg\u00eancia do Hospital Portugu\u00eas de Concei\u00e7\u00e3o do Coit\u00e9. Informa\u00e7\u00f5es: \u00c1guia Resgate Texto: Rafaela Rodrigues\" \/>\n<meta property=\"og:url\" content=\"https:\/\/portalraizesnoticias.com.br\/?p=6942\" \/>\n<meta property=\"og:site_name\" content=\"Portal raizes noticias\" \/>\n<meta property=\"article:published_time\" content=\"2025-06-05T18:54:25+00:00\" \/>\n<meta property=\"og:image\" content=\"https:\/\/portalraizesnoticias.com.br\/wp-content\/uploads\/2025\/06\/20250605155155.jpg\" \/>\n\t<meta property=\"og:image:width\" content=\"1600\" \/>\n\t<meta property=\"og:image:height\" content=\"1200\" \/>\n\t<meta property=\"og:image:type\" content=\"image\/jpeg\" \/>\n<meta name=\"author\" content=\"Portal Raizes\" \/>\n<meta name=\"twitter:card\" content=\"summary_large_image\" \/>\n<meta name=\"twitter:label1\" content=\"Escrito por\" \/>\n\t<meta name=\"twitter:data1\" content=\"Portal Raizes\" \/>\n\t<meta name=\"twitter:label2\" content=\"Est. tempo de leitura\" \/>\n\t<meta name=\"twitter:data2\" content=\"2 minutos\" \/>\n<script type=\"application\/ld+json\" class=\"yoast-schema-graph\">{\"@context\":\"https:\/\/schema.org\",\"@graph\":[{\"@type\":\"Article\",\"@id\":\"https:\/\/portalraizesnoticias.com.br\/?p=6942#article\",\"isPartOf\":{\"@id\":\"https:\/\/portalraizesnoticias.com.br\/?p=6942\"},\"author\":{\"name\":\"Portal Raizes\",\"@id\":\"https:\/\/portalraizesnoticias.com.br\/#\/schema\/person\/a3ca6b0fc701e78df19756c417d943ae\"},\"headline\":\"Casal fica ferido ap\u00f3s colis\u00e3o entre motos em Coit\u00e9; passageira foi atropelada durante a queda\",\"datePublished\":\"2025-06-05T18:54:25+00:00\",\"mainEntityOfPage\":{\"@id\":\"https:\/\/portalraizesnoticias.com.br\/?p=6942\"},\"wordCount\":187,\"commentCount\":0,\"publisher\":{\"@id\":\"https:\/\/portalraizesnoticias.com.br\/#organization\"},\"image\":{\"@id\":\"https:\/\/portalraizesnoticias.com.br\/?p=6942#primaryimage\"},\"thumbnailUrl\":\"https:\/\/portalraizesnoticias.com.br\/wp-content\/uploads\/2025\/06\/20250605155155.jpg\",\"keywords\":[\"Casal\",\"Coit\u00e9\",\"Colis\u00e3o\",\"Ferido\"],\"articleSection\":[\"ACIDENTES\",\"DESTAQUES\",\"ULTIMAS NOTICIAS\"],\"inLanguage\":\"pt-BR\",\"potentialAction\":[{\"@type\":\"CommentAction\",\"name\":\"Comment\",\"target\":[\"https:\/\/portalraizesnoticias.com.br\/?p=6942#respond\"]}]},{\"@type\":\"WebPage\",\"@id\":\"https:\/\/portalraizesnoticias.com.br\/?p=6942\",\"url\":\"https:\/\/portalraizesnoticias.com.br\/?p=6942\",\"name\":\"Casal fica ferido ap\u00f3s colis\u00e3o entre motos em Coit\u00e9; passageira foi atropelada durante a queda - Portal raizes noticias\",\"isPartOf\":{\"@id\":\"https:\/\/portalraizesnoticias.com.br\/#website\"},\"primaryImageOfPage\":{\"@id\":\"https:\/\/portalraizesnoticias.com.br\/?p=6942#primaryimage\"},\"image\":{\"@id\":\"https:\/\/portalraizesnoticias.com.br\/?p=6942#primaryimage\"},\"thumbnailUrl\":\"https:\/\/portalraizesnoticias.com.br\/wp-content\/uploads\/2025\/06\/20250605155155.jpg\",\"datePublished\":\"2025-06-05T18:54:25+00:00\",\"breadcrumb\":{\"@id\":\"https:\/\/portalraizesnoticias.com.br\/?p=6942#breadcrumb\"},\"inLanguage\":\"pt-BR\",\"potentialAction\":[{\"@type\":\"ReadAction\",\"target\":[\"https:\/\/portalraizesnoticias.com.br\/?p=6942\"]}]},{\"@type\":\"ImageObject\",\"inLanguage\":\"pt-BR\",\"@id\":\"https:\/\/portalraizesnoticias.com.br\/?p=6942#primaryimage\",\"url\":\"https:\/\/portalraizesnoticias.com.br\/wp-content\/uploads\/2025\/06\/20250605155155.jpg\",\"contentUrl\":\"https:\/\/portalraizesnoticias.com.br\/wp-content\/uploads\/2025\/06\/20250605155155.jpg\",\"width\":1600,\"height\":1200},{\"@type\":\"BreadcrumbList\",\"@id\":\"https:\/\/portalraizesnoticias.com.br\/?p=6942#breadcrumb\",\"itemListElement\":[{\"@type\":\"ListItem\",\"position\":1,\"name\":\"In\u00edcio\",\"item\":\"https:\/\/portalraizesnoticias.com.br\/\"},{\"@type\":\"ListItem\",\"position\":2,\"name\":\"Casal fica ferido ap\u00f3s colis\u00e3o entre motos em Coit\u00e9; passageira foi atropelada durante a queda\"}]},{\"@type\":\"WebSite\",\"@id\":\"https:\/\/portalraizesnoticias.com.br\/#website\",\"url\":\"https:\/\/portalraizesnoticias.com.br\/\",\"name\":\"Portal raizes NOTICIAS\",\"description\":\"site de noticias de concei\u00e7\u00e3o do coit\u00e9 e regi\u00e3o\",\"publisher\":{\"@id\":\"https:\/\/portalraizesnoticias.com.br\/#organization\"},\"alternateName\":\"PORTAL RAIZES COIT\u00c9\",\"potentialAction\":[{\"@type\":\"SearchAction\",\"target\":{\"@type\":\"EntryPoint\",\"urlTemplate\":\"https:\/\/portalraizesnoticias.com.br\/?s={search_term_string}\"},\"query-input\":{\"@type\":\"PropertyValueSpecification\",\"valueRequired\":true,\"valueName\":\"search_term_string\"}}],\"inLanguage\":\"pt-BR\"},{\"@type\":\"Organization\",\"@id\":\"https:\/\/portalraizesnoticias.com.br\/#organization\",\"name\":\"Portal raizes NOTICIAS\",\"url\":\"https:\/\/portalraizesnoticias.com.br\/\",\"logo\":{\"@type\":\"ImageObject\",\"inLanguage\":\"pt-BR\",\"@id\":\"https:\/\/portalraizesnoticias.com.br\/#\/schema\/logo\/image\/\",\"url\":\"https:\/\/portalraizesnoticias.com.br\/wp-content\/uploads\/2024\/09\/cropped-Captura-de-tela-2024-09-08-011108.png\",\"contentUrl\":\"https:\/\/portalraizesnoticias.com.br\/wp-content\/uploads\/2024\/09\/cropped-Captura-de-tela-2024-09-08-011108.png\",\"width\":606,\"height\":173,\"caption\":\"Portal raizes NOTICIAS\"},\"image\":{\"@id\":\"https:\/\/portalraizesnoticias.com.br\/#\/schema\/logo\/image\/\"}},{\"@type\":\"Person\",\"@id\":\"https:\/\/portalraizesnoticias.com.br\/#\/schema\/person\/a3ca6b0fc701e78df19756c417d943ae\",\"name\":\"Portal Raizes\",\"image\":{\"@type\":\"ImageObject\",\"inLanguage\":\"pt-BR\",\"@id\":\"https:\/\/portalraizesnoticias.com.br\/#\/schema\/person\/image\/\",\"url\":\"https:\/\/secure.gravatar.com\/avatar\/ef450d29013a3d3fba867a12a249d7b1?s=96&d=mm&r=g\",\"contentUrl\":\"https:\/\/secure.gravatar.com\/avatar\/ef450d29013a3d3fba867a12a249d7b1?s=96&d=mm&r=g\",\"caption\":\"Portal Raizes\"},\"url\":\"https:\/\/portalraizesnoticias.com.br\/?author=3\"}]}<\/script>\n<!-- \/ Yoast SEO plugin. -->","yoast_head_json":{"title":"Casal fica ferido ap\u00f3s colis\u00e3o entre motos em Coit\u00e9; passageira foi atropelada durante a queda - Portal raizes noticias","robots":{"index":"index","follow":"follow","max-snippet":"max-snippet:-1","max-image-preview":"max-image-preview:large","max-video-preview":"max-video-preview:-1"},"canonical":"https:\/\/portalraizesnoticias.com.br\/?p=6942","og_locale":"pt_BR","og_type":"article","og_title":"Casal fica ferido ap\u00f3s colis\u00e3o entre motos em Coit\u00e9; passageira foi atropelada durante a queda - Portal raizes noticias","og_description":"Por volta das 13h20 desta quinta-feira (05), um acidente de tr\u00e2nsito deixou duas pessoas feridas na BA-120, no trecho entre Concei\u00e7\u00e3o do Coit\u00e9 e o munic\u00edpio de Retirol\u00e2ndia, nas proximidades da entrada de uma f\u00e1brica de cal\u00e7ados. Segundo informa\u00e7\u00f5es obtidas pelo Portal Ra\u00edzes, um casal seguia em uma motocicleta a caminho do trabalho quando foi atingido por outra moto durante o trajeto. PUBLICIDADE De acordo com Gildo Carneiro, coordenador da equipe \u00c1guia Resgate, a passageira, identificada como Darlene Oliveira, de 35 anos, foi encontrada consciente e orientada, com escoria\u00e7\u00f5es pelo corpo e queixas de dores em uma das pernas. Durante a colis\u00e3o, a motocicleta chegou a passar por cima dela. O condutor da moto, Abdon Ferreira, tamb\u00e9m foi localizado consciente e orientado, apresentando escoria\u00e7\u00f5es pelo corpo e uma lacera\u00e7\u00e3o profunda no bra\u00e7o. PUBLICIDADE As v\u00edtimas foram socorridas e encaminhadas \u00e0 emerg\u00eancia do Hospital Portugu\u00eas de Concei\u00e7\u00e3o do Coit\u00e9. Informa\u00e7\u00f5es: \u00c1guia Resgate Texto: Rafaela Rodrigues","og_url":"https:\/\/portalraizesnoticias.com.br\/?p=6942","og_site_name":"Portal raizes noticias","article_published_time":"2025-06-05T18:54:25+00:00","og_image":[{"width":1600,"height":1200,"url":"https:\/\/portalraizesnoticias.com.br\/wp-content\/uploads\/2025\/06\/20250605155155.jpg","type":"image\/jpeg"}],"author":"Portal Raizes","twitter_card":"summary_large_image","twitter_misc":{"Escrito por":"Portal Raizes","Est. tempo de leitura":"2 minutos"},"schema":{"@context":"https:\/\/schema.org","@graph":[{"@type":"Article","@id":"https:\/\/portalraizesnoticias.com.br\/?p=6942#article","isPartOf":{"@id":"https:\/\/portalraizesnoticias.com.br\/?p=6942"},"author":{"name":"Portal Raizes","@id":"https:\/\/portalraizesnoticias.com.br\/#\/schema\/person\/a3ca6b0fc701e78df19756c417d943ae"},"headline":"Casal fica ferido ap\u00f3s colis\u00e3o entre motos em Coit\u00e9; passageira foi atropelada durante a queda","datePublished":"2025-06-05T18:54:25+00:00","mainEntityOfPage":{"@id":"https:\/\/portalraizesnoticias.com.br\/?p=6942"},"wordCount":187,"commentCount":0,"publisher":{"@id":"https:\/\/portalraizesnoticias.com.br\/#organization"},"image":{"@id":"https:\/\/portalraizesnoticias.com.br\/?p=6942#primaryimage"},"thumbnailUrl":"https:\/\/portalraizesnoticias.com.br\/wp-content\/uploads\/2025\/06\/20250605155155.jpg","keywords":["Casal","Coit\u00e9","Colis\u00e3o","Ferido"],"articleSection":["ACIDENTES","DESTAQUES","ULTIMAS NOTICIAS"],"inLanguage":"pt-BR","potentialAction":[{"@type":"CommentAction","name":"Comment","target":["https:\/\/portalraizesnoticias.com.br\/?p=6942#respond"]}]},{"@type":"WebPage","@id":"https:\/\/portalraizesnoticias.com.br\/?p=6942","url":"https:\/\/portalraizesnoticias.com.br\/?p=6942","name":"Casal fica ferido ap\u00f3s colis\u00e3o entre motos em Coit\u00e9; passageira foi atropelada durante a queda - Portal raizes noticias","isPartOf":{"@id":"https:\/\/portalraizesnoticias.com.br\/#website"},"primaryImageOfPage":{"@id":"https:\/\/portalraizesnoticias.com.br\/?p=6942#primaryimage"},"image":{"@id":"https:\/\/portalraizesnoticias.com.br\/?p=6942#primaryimage"},"thumbnailUrl":"https:\/\/portalraizesnoticias.com.br\/wp-content\/uploads\/2025\/06\/20250605155155.jpg","datePublished":"2025-06-05T18:54:25+00:00","breadcrumb":{"@id":"https:\/\/portalraizesnoticias.com.br\/?p=6942#breadcrumb"},"inLanguage":"pt-BR","potentialAction":[{"@type":"ReadAction","target":["https:\/\/portalraizesnoticias.com.br\/?p=6942"]}]},{"@type":"ImageObject","inLanguage":"pt-BR","@id":"https:\/\/portalraizesnoticias.com.br\/?p=6942#primaryimage","url":"https:\/\/portalraizesnoticias.com.br\/wp-content\/uploads\/2025\/06\/20250605155155.jpg","contentUrl":"https:\/\/portalraizesnoticias.com.br\/wp-content\/uploads\/2025\/06\/20250605155155.jpg","width":1600,"height":1200},{"@type":"BreadcrumbList","@id":"https:\/\/portalraizesnoticias.com.br\/?p=6942#breadcrumb","itemListElement":[{"@type":"ListItem","position":1,"name":"In\u00edcio","item":"https:\/\/portalraizesnoticias.com.br\/"},{"@type":"ListItem","position":2,"name":"Casal fica ferido ap\u00f3s colis\u00e3o entre motos em Coit\u00e9; passageira foi atropelada durante a queda"}]},{"@type":"WebSite","@id":"https:\/\/portalraizesnoticias.com.br\/#website","url":"https:\/\/portalraizesnoticias.com.br\/","name":"Portal raizes NOTICIAS","description":"site de noticias de concei\u00e7\u00e3o do coit\u00e9 e regi\u00e3o","publisher":{"@id":"https:\/\/portalraizesnoticias.com.br\/#organization"},"alternateName":"PORTAL RAIZES COIT\u00c9","potentialAction":[{"@type":"SearchAction","target":{"@type":"EntryPoint","urlTemplate":"https:\/\/portalraizesnoticias.com.br\/?s={search_term_string}"},"query-input":{"@type":"PropertyValueSpecification","valueRequired":true,"valueName":"search_term_string"}}],"inLanguage":"pt-BR"},{"@type":"Organization","@id":"https:\/\/portalraizesnoticias.com.br\/#organization","name":"Portal raizes NOTICIAS","url":"https:\/\/portalraizesnoticias.com.br\/","logo":{"@type":"ImageObject","inLanguage":"pt-BR","@id":"https:\/\/portalraizesnoticias.com.br\/#\/schema\/logo\/image\/","url":"https:\/\/portalraizesnoticias.com.br\/wp-content\/uploads\/2024\/09\/cropped-Captura-de-tela-2024-09-08-011108.png","contentUrl":"https:\/\/portalraizesnoticias.com.br\/wp-content\/uploads\/2024\/09\/cropped-Captura-de-tela-2024-09-08-011108.png","width":606,"height":173,"caption":"Portal raizes NOTICIAS"},"image":{"@id":"https:\/\/portalraizesnoticias.com.br\/#\/schema\/logo\/image\/"}},{"@type":"Person","@id":"https:\/\/portalraizesnoticias.com.br\/#\/schema\/person\/a3ca6b0fc701e78df19756c417d943ae","name":"Portal Raizes","image":{"@type":"ImageObject","inLanguage":"pt-BR","@id":"https:\/\/portalraizesnoticias.com.br\/#\/schema\/person\/image\/","url":"https:\/\/secure.gravatar.com\/avatar\/ef450d29013a3d3fba867a12a249d7b1?s=96&d=mm&r=g","contentUrl":"https:\/\/secure.gravatar.com\/avatar\/ef450d29013a3d3fba867a12a249d7b1?s=96&d=mm&r=g","caption":"Portal Raizes"},"url":"https:\/\/portalraizesnoticias.com.br\/?author=3"}]}},"_links":{"self":[{"href":"https:\/\/portalraizesnoticias.com.br\/index.php?rest_route=\/wp\/v2\/posts\/6942"}],"collection":[{"href":"https:\/\/portalraizesnoticias.com.br\/index.php?rest_route=\/wp\/v2\/posts"}],"about":[{"href":"https:\/\/portalraizesnoticias.com.br\/index.php?rest_route=\/wp\/v2\/types\/post"}],"author":[{"embeddable":true,"href":"https:\/\/portalraizesnoticias.com.br\/index.php?rest_route=\/wp\/v2\/users\/3"}],"replies":[{"embeddable":true,"href":"https:\/\/portalraizesnoticias.com.br\/index.php?rest_route=%2Fwp%2Fv2%2Fcomments&post=6942"}],"version-history":[{"count":1,"href":"https:\/\/portalraizesnoticias.com.br\/index.php?rest_route=\/wp\/v2\/posts\/6942\/revisions"}],"predecessor-version":[{"id":6945,"href":"https:\/\/portalraizesnoticias.com.br\/index.php?rest_route=\/wp\/v2\/posts\/6942\/revisions\/6945"}],"wp:featuredmedia":[{"embeddable":true,"href":"https:\/\/portalraizesnoticias.com.br\/index.php?rest_route=\/wp\/v2\/media\/6943"}],"wp:attachment":[{"href":"https:\/\/portalraizesnoticias.com.br\/index.php?rest_route=%2Fwp%2Fv2%2Fmedia&parent=6942"}],"wp:term":[{"taxonomy":"category","embeddable":true,"href":"https:\/\/portalraizesnoticias.com.br\/index.php?rest_route=%2Fwp%2Fv2%2Fcategories&post=6942"},{"taxonomy":"post_tag","embeddable":true,"href":"https:\/\/portalraizesnoticias.com.br\/index.php?rest_route=%2Fwp%2Fv2%2Ftags&post=6942"}],"curies":[{"name":"wp","href":"https:\/\/api.w.org\/{rel}","templated":true}]}}