{"id":6920,"date":"2025-06-03T12:38:16","date_gmt":"2025-06-03T15:38:16","guid":{"rendered":"https:\/\/portalraizesnoticias.com.br\/?p=6920"},"modified":"2025-06-03T12:38:16","modified_gmt":"2025-06-03T15:38:16","slug":"pm-apreende-moto-sem-placa-e-conduzida-por-pessoa-sem-habilitacao-no-centro-de-conceicao-do-coite","status":"publish","type":"post","link":"https:\/\/portalraizesnoticias.com.br\/?p=6920","title":{"rendered":"PM apreende moto sem placa e conduzida por pessoa sem habilita\u00e7\u00e3o no centro de Concei\u00e7\u00e3o do Coit\u00e9"},"content":{"rendered":"<p>Por volta das 10h de segunda-feira (02), uma equipe da Pol\u00edcia Militar realizou a apreens\u00e3o de uma motocicleta no centro de Concei\u00e7\u00e3o do Coit\u00e9.<\/p>\n<p><img fetchpriority=\"high\" decoding=\"async\" class=\"size-medium wp-image-6103 aligncenter\" src=\"https:\/\/portalraizesnoticias.com.br\/wp-content\/uploads\/2025\/04\/IMG-20250426-WA0417-300x300.jpg\" alt=\"\" width=\"300\" height=\"300\" srcset=\"https:\/\/portalraizesnoticias.com.br\/wp-content\/uploads\/2025\/04\/IMG-20250426-WA0417-300x300.jpg 300w, https:\/\/portalraizesnoticias.com.br\/wp-content\/uploads\/2025\/04\/IMG-20250426-WA0417-1024x1024.jpg 1024w, https:\/\/portalraizesnoticias.com.br\/wp-content\/uploads\/2025\/04\/IMG-20250426-WA0417-150x150.jpg 150w, https:\/\/portalraizesnoticias.com.br\/wp-content\/uploads\/2025\/04\/IMG-20250426-WA0417-768x768.jpg 768w, https:\/\/portalraizesnoticias.com.br\/wp-content\/uploads\/2025\/04\/IMG-20250426-WA0417.jpg 1080w\" sizes=\"(max-width: 300px) 100vw, 300px\" \/><\/p>\n<p style=\"text-align: center;\"><strong>PUBLICIDADE<\/strong><\/p>\n<p>A a\u00e7\u00e3o ocorreu durante a intensifica\u00e7\u00e3o das abordagens a motocicletas na \u00e1rea urbana da cidade.<\/p>\n<p>Conforme o boletim de ocorr\u00eancia, os policiais identificaram um ve\u00edculo circulando sem placa de identifica\u00e7\u00e3o.<\/p>\n<p><img decoding=\"async\" class=\"size-medium wp-image-5657 aligncenter\" src=\"https:\/\/portalraizesnoticias.com.br\/wp-content\/uploads\/2025\/04\/IMG-20250408-WA0451-300x173.jpg\" alt=\"\" width=\"300\" height=\"173\" srcset=\"https:\/\/portalraizesnoticias.com.br\/wp-content\/uploads\/2025\/04\/IMG-20250408-WA0451-300x173.jpg 300w, https:\/\/portalraizesnoticias.com.br\/wp-content\/uploads\/2025\/04\/IMG-20250408-WA0451-1024x592.jpg 1024w, https:\/\/portalraizesnoticias.com.br\/wp-content\/uploads\/2025\/04\/IMG-20250408-WA0451-768x444.jpg 768w, https:\/\/portalraizesnoticias.com.br\/wp-content\/uploads\/2025\/04\/IMG-20250408-WA0451.jpg 1280w\" sizes=\"(max-width: 300px) 100vw, 300px\" \/><\/p>\n<p style=\"text-align: center;\"><strong>PUBLICIDADE<\/strong><\/p>\n<p>Durante a abordagem, o condutor n\u00e3o apresentou documentos pessoais e informou n\u00e3o possuir Carteira Nacional de Habilita\u00e7\u00e3o (CNH). Ele apresentou apenas a nota fiscal de compra do ve\u00edculo, que ainda n\u00e3o havia sido emplacado.<\/p>\n<p><img decoding=\"async\" class=\"size-medium wp-image-5558 aligncenter\" src=\"https:\/\/portalraizesnoticias.com.br\/wp-content\/uploads\/2025\/03\/IMG-20250330-WA0071-300x135.jpg\" alt=\"\" width=\"300\" height=\"135\" srcset=\"https:\/\/portalraizesnoticias.com.br\/wp-content\/uploads\/2025\/03\/IMG-20250330-WA0071-300x135.jpg 300w, https:\/\/portalraizesnoticias.com.br\/wp-content\/uploads\/2025\/03\/IMG-20250330-WA0071.jpg 565w\" sizes=\"(max-width: 300px) 100vw, 300px\" \/><\/p>\n<p style=\"text-align: center;\"><strong>PUBLICIDADE<\/strong><\/p>\n<p>Diante da situa\u00e7\u00e3o, a motocicleta foi removida ao p\u00e1tio da 4\u00aa Companhia para as provid\u00eancias legais cab\u00edveis<\/p>\n<p>Reda\u00e7\u00e3o com informa\u00e7\u00f5es da PM<\/p>\n<p>Foto: Ilustra\u00e7\u00e3o<\/p>\n","protected":false},"excerpt":{"rendered":"<p>Por volta das 10h de segunda-feira (02), uma equipe da Pol\u00edcia Militar realizou a apreens\u00e3o de uma motocicleta no centro de Concei\u00e7\u00e3o do Coit\u00e9. PUBLICIDADE A a\u00e7\u00e3o ocorreu durante a intensifica\u00e7\u00e3o das abordagens a motocicletas na \u00e1rea urbana da cidade. Conforme o boletim de ocorr\u00eancia, os policiais identificaram um ve\u00edculo circulando sem placa de identifica\u00e7\u00e3o. PUBLICIDADE Durante a abordagem, o condutor n\u00e3o apresentou documentos pessoais e informou n\u00e3o possuir Carteira Nacional de Habilita\u00e7\u00e3o (CNH). Ele apresentou apenas a nota fiscal de compra do ve\u00edculo, que ainda n\u00e3o havia sido emplacado. PUBLICIDADE Diante da situa\u00e7\u00e3o, a motocicleta foi removida ao p\u00e1tio da 4\u00aa Companhia para as provid\u00eancias legais cab\u00edveis Reda\u00e7\u00e3o com informa\u00e7\u00f5es da PM Foto: Ilustra\u00e7\u00e3o<\/p>\n","protected":false},"author":3,"featured_media":5479,"comment_status":"open","ping_status":"open","sticky":false,"template":"","format":"standard","meta":{"_joinchat":[],"footnotes":""},"categories":[55,67,59],"tags":[827,75,140,437],"class_list":["post-6920","post","type-post","status-publish","format-standard","has-post-thumbnail","hentry","category-destaques","category-policia","category-ultimas-noticias","tag-apreendida","tag-coite","tag-moto","tag-pm"],"yoast_head":"<!-- This site is optimized with the Yoast SEO plugin v24.4 - https:\/\/yoast.com\/wordpress\/plugins\/seo\/ -->\n<title>PM apreende moto sem placa e conduzida por pessoa sem habilita\u00e7\u00e3o no centro de Concei\u00e7\u00e3o do Coit\u00e9 - Portal raizes noticias<\/title>\n<meta name=\"robots\" content=\"index, follow, max-snippet:-1, max-image-preview:large, max-video-preview:-1\" \/>\n<link rel=\"canonical\" href=\"https:\/\/portalraizesnoticias.com.br\/?p=6920\" \/>\n<meta property=\"og:locale\" content=\"pt_BR\" \/>\n<meta property=\"og:type\" content=\"article\" \/>\n<meta property=\"og:title\" content=\"PM apreende moto sem placa e conduzida por pessoa sem habilita\u00e7\u00e3o no centro de Concei\u00e7\u00e3o do Coit\u00e9 - Portal raizes noticias\" \/>\n<meta property=\"og:description\" content=\"Por volta das 10h de segunda-feira (02), uma equipe da Pol\u00edcia Militar realizou a apreens\u00e3o de uma motocicleta no centro de Concei\u00e7\u00e3o do Coit\u00e9. PUBLICIDADE A a\u00e7\u00e3o ocorreu durante a intensifica\u00e7\u00e3o das abordagens a motocicletas na \u00e1rea urbana da cidade. Conforme o boletim de ocorr\u00eancia, os policiais identificaram um ve\u00edculo circulando sem placa de identifica\u00e7\u00e3o. PUBLICIDADE Durante a abordagem, o condutor n\u00e3o apresentou documentos pessoais e informou n\u00e3o possuir Carteira Nacional de Habilita\u00e7\u00e3o (CNH). Ele apresentou apenas a nota fiscal de compra do ve\u00edculo, que ainda n\u00e3o havia sido emplacado. PUBLICIDADE Diante da situa\u00e7\u00e3o, a motocicleta foi removida ao p\u00e1tio da 4\u00aa Companhia para as provid\u00eancias legais cab\u00edveis Reda\u00e7\u00e3o com informa\u00e7\u00f5es da PM Foto: Ilustra\u00e7\u00e3o\" \/>\n<meta property=\"og:url\" content=\"https:\/\/portalraizesnoticias.com.br\/?p=6920\" \/>\n<meta property=\"og:site_name\" content=\"Portal raizes noticias\" \/>\n<meta property=\"article:published_time\" content=\"2025-06-03T15:38:16+00:00\" \/>\n<meta property=\"og:image\" content=\"https:\/\/portalraizesnoticias.com.br\/wp-content\/uploads\/2025\/03\/IMG-20250325-WA0122.jpg\" \/>\n\t<meta property=\"og:image:width\" content=\"340\" \/>\n\t<meta property=\"og:image:height\" content=\"344\" \/>\n\t<meta property=\"og:image:type\" content=\"image\/jpeg\" \/>\n<meta name=\"author\" content=\"Portal Raizes\" \/>\n<meta name=\"twitter:card\" content=\"summary_large_image\" \/>\n<meta name=\"twitter:label1\" content=\"Escrito por\" \/>\n\t<meta name=\"twitter:data1\" content=\"Portal Raizes\" \/>\n\t<meta name=\"twitter:label2\" content=\"Est. tempo de leitura\" \/>\n\t<meta name=\"twitter:data2\" content=\"2 minutos\" \/>\n<script type=\"application\/ld+json\" class=\"yoast-schema-graph\">{\"@context\":\"https:\/\/schema.org\",\"@graph\":[{\"@type\":\"Article\",\"@id\":\"https:\/\/portalraizesnoticias.com.br\/?p=6920#article\",\"isPartOf\":{\"@id\":\"https:\/\/portalraizesnoticias.com.br\/?p=6920\"},\"author\":{\"name\":\"Portal Raizes\",\"@id\":\"https:\/\/portalraizesnoticias.com.br\/#\/schema\/person\/a3ca6b0fc701e78df19756c417d943ae\"},\"headline\":\"PM apreende moto sem placa e conduzida por pessoa sem habilita\u00e7\u00e3o no centro de Concei\u00e7\u00e3o do Coit\u00e9\",\"datePublished\":\"2025-06-03T15:38:16+00:00\",\"mainEntityOfPage\":{\"@id\":\"https:\/\/portalraizesnoticias.com.br\/?p=6920\"},\"wordCount\":152,\"commentCount\":0,\"publisher\":{\"@id\":\"https:\/\/portalraizesnoticias.com.br\/#organization\"},\"image\":{\"@id\":\"https:\/\/portalraizesnoticias.com.br\/?p=6920#primaryimage\"},\"thumbnailUrl\":\"https:\/\/portalraizesnoticias.com.br\/wp-content\/uploads\/2025\/03\/IMG-20250325-WA0122.jpg\",\"keywords\":[\"Apreendida\",\"Coit\u00e9\",\"Moto\",\"Pm\"],\"articleSection\":[\"DESTAQUES\",\"POLICIA\",\"ULTIMAS NOTICIAS\"],\"inLanguage\":\"pt-BR\",\"potentialAction\":[{\"@type\":\"CommentAction\",\"name\":\"Comment\",\"target\":[\"https:\/\/portalraizesnoticias.com.br\/?p=6920#respond\"]}]},{\"@type\":\"WebPage\",\"@id\":\"https:\/\/portalraizesnoticias.com.br\/?p=6920\",\"url\":\"https:\/\/portalraizesnoticias.com.br\/?p=6920\",\"name\":\"PM apreende moto sem placa e conduzida por pessoa sem habilita\u00e7\u00e3o no centro de Concei\u00e7\u00e3o do Coit\u00e9 - Portal raizes noticias\",\"isPartOf\":{\"@id\":\"https:\/\/portalraizesnoticias.com.br\/#website\"},\"primaryImageOfPage\":{\"@id\":\"https:\/\/portalraizesnoticias.com.br\/?p=6920#primaryimage\"},\"image\":{\"@id\":\"https:\/\/portalraizesnoticias.com.br\/?p=6920#primaryimage\"},\"thumbnailUrl\":\"https:\/\/portalraizesnoticias.com.br\/wp-content\/uploads\/2025\/03\/IMG-20250325-WA0122.jpg\",\"datePublished\":\"2025-06-03T15:38:16+00:00\",\"breadcrumb\":{\"@id\":\"https:\/\/portalraizesnoticias.com.br\/?p=6920#breadcrumb\"},\"inLanguage\":\"pt-BR\",\"potentialAction\":[{\"@type\":\"ReadAction\",\"target\":[\"https:\/\/portalraizesnoticias.com.br\/?p=6920\"]}]},{\"@type\":\"ImageObject\",\"inLanguage\":\"pt-BR\",\"@id\":\"https:\/\/portalraizesnoticias.com.br\/?p=6920#primaryimage\",\"url\":\"https:\/\/portalraizesnoticias.com.br\/wp-content\/uploads\/2025\/03\/IMG-20250325-WA0122.jpg\",\"contentUrl\":\"https:\/\/portalraizesnoticias.com.br\/wp-content\/uploads\/2025\/03\/IMG-20250325-WA0122.jpg\",\"width\":340,\"height\":344},{\"@type\":\"BreadcrumbList\",\"@id\":\"https:\/\/portalraizesnoticias.com.br\/?p=6920#breadcrumb\",\"itemListElement\":[{\"@type\":\"ListItem\",\"position\":1,\"name\":\"In\u00edcio\",\"item\":\"https:\/\/portalraizesnoticias.com.br\/\"},{\"@type\":\"ListItem\",\"position\":2,\"name\":\"PM apreende moto sem placa e conduzida por pessoa sem habilita\u00e7\u00e3o no centro de Concei\u00e7\u00e3o do Coit\u00e9\"}]},{\"@type\":\"WebSite\",\"@id\":\"https:\/\/portalraizesnoticias.com.br\/#website\",\"url\":\"https:\/\/portalraizesnoticias.com.br\/\",\"name\":\"Portal raizes NOTICIAS\",\"description\":\"site de noticias de concei\u00e7\u00e3o do coit\u00e9 e regi\u00e3o\",\"publisher\":{\"@id\":\"https:\/\/portalraizesnoticias.com.br\/#organization\"},\"alternateName\":\"PORTAL RAIZES COIT\u00c9\",\"potentialAction\":[{\"@type\":\"SearchAction\",\"target\":{\"@type\":\"EntryPoint\",\"urlTemplate\":\"https:\/\/portalraizesnoticias.com.br\/?s={search_term_string}\"},\"query-input\":{\"@type\":\"PropertyValueSpecification\",\"valueRequired\":true,\"valueName\":\"search_term_string\"}}],\"inLanguage\":\"pt-BR\"},{\"@type\":\"Organization\",\"@id\":\"https:\/\/portalraizesnoticias.com.br\/#organization\",\"name\":\"Portal raizes NOTICIAS\",\"url\":\"https:\/\/portalraizesnoticias.com.br\/\",\"logo\":{\"@type\":\"ImageObject\",\"inLanguage\":\"pt-BR\",\"@id\":\"https:\/\/portalraizesnoticias.com.br\/#\/schema\/logo\/image\/\",\"url\":\"https:\/\/portalraizesnoticias.com.br\/wp-content\/uploads\/2024\/09\/cropped-Captura-de-tela-2024-09-08-011108.png\",\"contentUrl\":\"https:\/\/portalraizesnoticias.com.br\/wp-content\/uploads\/2024\/09\/cropped-Captura-de-tela-2024-09-08-011108.png\",\"width\":606,\"height\":173,\"caption\":\"Portal raizes NOTICIAS\"},\"image\":{\"@id\":\"https:\/\/portalraizesnoticias.com.br\/#\/schema\/logo\/image\/\"}},{\"@type\":\"Person\",\"@id\":\"https:\/\/portalraizesnoticias.com.br\/#\/schema\/person\/a3ca6b0fc701e78df19756c417d943ae\",\"name\":\"Portal Raizes\",\"image\":{\"@type\":\"ImageObject\",\"inLanguage\":\"pt-BR\",\"@id\":\"https:\/\/portalraizesnoticias.com.br\/#\/schema\/person\/image\/\",\"url\":\"https:\/\/secure.gravatar.com\/avatar\/ef450d29013a3d3fba867a12a249d7b1?s=96&d=mm&r=g\",\"contentUrl\":\"https:\/\/secure.gravatar.com\/avatar\/ef450d29013a3d3fba867a12a249d7b1?s=96&d=mm&r=g\",\"caption\":\"Portal Raizes\"},\"url\":\"https:\/\/portalraizesnoticias.com.br\/?author=3\"}]}<\/script>\n<!-- \/ Yoast SEO plugin. -->","yoast_head_json":{"title":"PM apreende moto sem placa e conduzida por pessoa sem habilita\u00e7\u00e3o no centro de Concei\u00e7\u00e3o do Coit\u00e9 - Portal raizes noticias","robots":{"index":"index","follow":"follow","max-snippet":"max-snippet:-1","max-image-preview":"max-image-preview:large","max-video-preview":"max-video-preview:-1"},"canonical":"https:\/\/portalraizesnoticias.com.br\/?p=6920","og_locale":"pt_BR","og_type":"article","og_title":"PM apreende moto sem placa e conduzida por pessoa sem habilita\u00e7\u00e3o no centro de Concei\u00e7\u00e3o do Coit\u00e9 - Portal raizes noticias","og_description":"Por volta das 10h de segunda-feira (02), uma equipe da Pol\u00edcia Militar realizou a apreens\u00e3o de uma motocicleta no centro de Concei\u00e7\u00e3o do Coit\u00e9. PUBLICIDADE A a\u00e7\u00e3o ocorreu durante a intensifica\u00e7\u00e3o das abordagens a motocicletas na \u00e1rea urbana da cidade. Conforme o boletim de ocorr\u00eancia, os policiais identificaram um ve\u00edculo circulando sem placa de identifica\u00e7\u00e3o. PUBLICIDADE Durante a abordagem, o condutor n\u00e3o apresentou documentos pessoais e informou n\u00e3o possuir Carteira Nacional de Habilita\u00e7\u00e3o (CNH). Ele apresentou apenas a nota fiscal de compra do ve\u00edculo, que ainda n\u00e3o havia sido emplacado. PUBLICIDADE Diante da situa\u00e7\u00e3o, a motocicleta foi removida ao p\u00e1tio da 4\u00aa Companhia para as provid\u00eancias legais cab\u00edveis Reda\u00e7\u00e3o com informa\u00e7\u00f5es da PM Foto: Ilustra\u00e7\u00e3o","og_url":"https:\/\/portalraizesnoticias.com.br\/?p=6920","og_site_name":"Portal raizes noticias","article_published_time":"2025-06-03T15:38:16+00:00","og_image":[{"width":340,"height":344,"url":"https:\/\/portalraizesnoticias.com.br\/wp-content\/uploads\/2025\/03\/IMG-20250325-WA0122.jpg","type":"image\/jpeg"}],"author":"Portal Raizes","twitter_card":"summary_large_image","twitter_misc":{"Escrito por":"Portal Raizes","Est. tempo de leitura":"2 minutos"},"schema":{"@context":"https:\/\/schema.org","@graph":[{"@type":"Article","@id":"https:\/\/portalraizesnoticias.com.br\/?p=6920#article","isPartOf":{"@id":"https:\/\/portalraizesnoticias.com.br\/?p=6920"},"author":{"name":"Portal Raizes","@id":"https:\/\/portalraizesnoticias.com.br\/#\/schema\/person\/a3ca6b0fc701e78df19756c417d943ae"},"headline":"PM apreende moto sem placa e conduzida por pessoa sem habilita\u00e7\u00e3o no centro de Concei\u00e7\u00e3o do Coit\u00e9","datePublished":"2025-06-03T15:38:16+00:00","mainEntityOfPage":{"@id":"https:\/\/portalraizesnoticias.com.br\/?p=6920"},"wordCount":152,"commentCount":0,"publisher":{"@id":"https:\/\/portalraizesnoticias.com.br\/#organization"},"image":{"@id":"https:\/\/portalraizesnoticias.com.br\/?p=6920#primaryimage"},"thumbnailUrl":"https:\/\/portalraizesnoticias.com.br\/wp-content\/uploads\/2025\/03\/IMG-20250325-WA0122.jpg","keywords":["Apreendida","Coit\u00e9","Moto","Pm"],"articleSection":["DESTAQUES","POLICIA","ULTIMAS NOTICIAS"],"inLanguage":"pt-BR","potentialAction":[{"@type":"CommentAction","name":"Comment","target":["https:\/\/portalraizesnoticias.com.br\/?p=6920#respond"]}]},{"@type":"WebPage","@id":"https:\/\/portalraizesnoticias.com.br\/?p=6920","url":"https:\/\/portalraizesnoticias.com.br\/?p=6920","name":"PM apreende moto sem placa e conduzida por pessoa sem habilita\u00e7\u00e3o no centro de Concei\u00e7\u00e3o do Coit\u00e9 - Portal raizes noticias","isPartOf":{"@id":"https:\/\/portalraizesnoticias.com.br\/#website"},"primaryImageOfPage":{"@id":"https:\/\/portalraizesnoticias.com.br\/?p=6920#primaryimage"},"image":{"@id":"https:\/\/portalraizesnoticias.com.br\/?p=6920#primaryimage"},"thumbnailUrl":"https:\/\/portalraizesnoticias.com.br\/wp-content\/uploads\/2025\/03\/IMG-20250325-WA0122.jpg","datePublished":"2025-06-03T15:38:16+00:00","breadcrumb":{"@id":"https:\/\/portalraizesnoticias.com.br\/?p=6920#breadcrumb"},"inLanguage":"pt-BR","potentialAction":[{"@type":"ReadAction","target":["https:\/\/portalraizesnoticias.com.br\/?p=6920"]}]},{"@type":"ImageObject","inLanguage":"pt-BR","@id":"https:\/\/portalraizesnoticias.com.br\/?p=6920#primaryimage","url":"https:\/\/portalraizesnoticias.com.br\/wp-content\/uploads\/2025\/03\/IMG-20250325-WA0122.jpg","contentUrl":"https:\/\/portalraizesnoticias.com.br\/wp-content\/uploads\/2025\/03\/IMG-20250325-WA0122.jpg","width":340,"height":344},{"@type":"BreadcrumbList","@id":"https:\/\/portalraizesnoticias.com.br\/?p=6920#breadcrumb","itemListElement":[{"@type":"ListItem","position":1,"name":"In\u00edcio","item":"https:\/\/portalraizesnoticias.com.br\/"},{"@type":"ListItem","position":2,"name":"PM apreende moto sem placa e conduzida por pessoa sem habilita\u00e7\u00e3o no centro de Concei\u00e7\u00e3o do Coit\u00e9"}]},{"@type":"WebSite","@id":"https:\/\/portalraizesnoticias.com.br\/#website","url":"https:\/\/portalraizesnoticias.com.br\/","name":"Portal raizes NOTICIAS","description":"site de noticias de concei\u00e7\u00e3o do coit\u00e9 e regi\u00e3o","publisher":{"@id":"https:\/\/portalraizesnoticias.com.br\/#organization"},"alternateName":"PORTAL RAIZES COIT\u00c9","potentialAction":[{"@type":"SearchAction","target":{"@type":"EntryPoint","urlTemplate":"https:\/\/portalraizesnoticias.com.br\/?s={search_term_string}"},"query-input":{"@type":"PropertyValueSpecification","valueRequired":true,"valueName":"search_term_string"}}],"inLanguage":"pt-BR"},{"@type":"Organization","@id":"https:\/\/portalraizesnoticias.com.br\/#organization","name":"Portal raizes NOTICIAS","url":"https:\/\/portalraizesnoticias.com.br\/","logo":{"@type":"ImageObject","inLanguage":"pt-BR","@id":"https:\/\/portalraizesnoticias.com.br\/#\/schema\/logo\/image\/","url":"https:\/\/portalraizesnoticias.com.br\/wp-content\/uploads\/2024\/09\/cropped-Captura-de-tela-2024-09-08-011108.png","contentUrl":"https:\/\/portalraizesnoticias.com.br\/wp-content\/uploads\/2024\/09\/cropped-Captura-de-tela-2024-09-08-011108.png","width":606,"height":173,"caption":"Portal raizes NOTICIAS"},"image":{"@id":"https:\/\/portalraizesnoticias.com.br\/#\/schema\/logo\/image\/"}},{"@type":"Person","@id":"https:\/\/portalraizesnoticias.com.br\/#\/schema\/person\/a3ca6b0fc701e78df19756c417d943ae","name":"Portal Raizes","image":{"@type":"ImageObject","inLanguage":"pt-BR","@id":"https:\/\/portalraizesnoticias.com.br\/#\/schema\/person\/image\/","url":"https:\/\/secure.gravatar.com\/avatar\/ef450d29013a3d3fba867a12a249d7b1?s=96&d=mm&r=g","contentUrl":"https:\/\/secure.gravatar.com\/avatar\/ef450d29013a3d3fba867a12a249d7b1?s=96&d=mm&r=g","caption":"Portal Raizes"},"url":"https:\/\/portalraizesnoticias.com.br\/?author=3"}]}},"_links":{"self":[{"href":"https:\/\/portalraizesnoticias.com.br\/index.php?rest_route=\/wp\/v2\/posts\/6920"}],"collection":[{"href":"https:\/\/portalraizesnoticias.com.br\/index.php?rest_route=\/wp\/v2\/posts"}],"about":[{"href":"https:\/\/portalraizesnoticias.com.br\/index.php?rest_route=\/wp\/v2\/types\/post"}],"author":[{"embeddable":true,"href":"https:\/\/portalraizesnoticias.com.br\/index.php?rest_route=\/wp\/v2\/users\/3"}],"replies":[{"embeddable":true,"href":"https:\/\/portalraizesnoticias.com.br\/index.php?rest_route=%2Fwp%2Fv2%2Fcomments&post=6920"}],"version-history":[{"count":1,"href":"https:\/\/portalraizesnoticias.com.br\/index.php?rest_route=\/wp\/v2\/posts\/6920\/revisions"}],"predecessor-version":[{"id":6921,"href":"https:\/\/portalraizesnoticias.com.br\/index.php?rest_route=\/wp\/v2\/posts\/6920\/revisions\/6921"}],"wp:featuredmedia":[{"embeddable":true,"href":"https:\/\/portalraizesnoticias.com.br\/index.php?rest_route=\/wp\/v2\/media\/5479"}],"wp:attachment":[{"href":"https:\/\/portalraizesnoticias.com.br\/index.php?rest_route=%2Fwp%2Fv2%2Fmedia&parent=6920"}],"wp:term":[{"taxonomy":"category","embeddable":true,"href":"https:\/\/portalraizesnoticias.com.br\/index.php?rest_route=%2Fwp%2Fv2%2Fcategories&post=6920"},{"taxonomy":"post_tag","embeddable":true,"href":"https:\/\/portalraizesnoticias.com.br\/index.php?rest_route=%2Fwp%2Fv2%2Ftags&post=6920"}],"curies":[{"name":"wp","href":"https:\/\/api.w.org\/{rel}","templated":true}]}}