{"id":6849,"date":"2025-05-30T21:54:24","date_gmt":"2025-05-31T00:54:24","guid":{"rendered":"https:\/\/portalraizesnoticias.com.br\/?p=6849"},"modified":"2025-05-30T21:55:40","modified_gmt":"2025-05-31T00:55:40","slug":"suspeito-morre-apos-troca-de-tiros-com-a-rondesp-em-queimadas","status":"publish","type":"post","link":"https:\/\/portalraizesnoticias.com.br\/?p=6849","title":{"rendered":"Suspeito morre ap\u00f3s troca de tiros com a Rondesp em Queimadas"},"content":{"rendered":"<p>Um homem de 20 anos morreu na tarde desta sexta-feira (30), por volta de 16h00, ap\u00f3s um confronto com policiais militares da Rondesp no munic\u00edpio de Queimadas, localizado na regi\u00e3o sisaleira da Bahia.<\/p>\n<p>De acordo com informa\u00e7\u00f5es da Pol\u00edcia Militar repassadas ao Portal Ra\u00edzes, o suspeito teria envolvimento com o tr\u00e1fico de drogas. Ainda segundo a PM, durante uma tentativa de abordagem, o homem atirou contra os policiais, que revidaram \u00e0 injusta agress\u00e3o.<\/p>\n<p>A Pol\u00edcia apreendeu um rev\u00f3lver calibre 38, muni\u00e7\u00f5es deflagradas e intactas, um tablete de subst\u00e2ncia an\u00e1loga \u00e0 maconha e um celular.<\/p>\n<p>O Departamento de Pol\u00edcia T\u00e9cnica (DPT) foi acionado para realizar a remo\u00e7\u00e3o do corpo e os procedimentos periciais.<\/p>\n<p>Vale lembrar que a Rondesp faz parte do Comando Regional da Regi\u00e3o Nordete gerido pelo Coronel Macedo, militar que conhece de forma ass\u00eddua a regi\u00e3o sisaleira.<\/p>\n<p>Reda\u00e7\u00e3o<\/p>\n","protected":false},"excerpt":{"rendered":"<p>Um homem de 20 anos morreu na tarde desta sexta-feira (30), por volta de 16h00, ap\u00f3s um confronto com policiais militares da Rondesp no munic\u00edpio de Queimadas, localizado na regi\u00e3o sisaleira da Bahia. De acordo com informa\u00e7\u00f5es da Pol\u00edcia Militar repassadas ao Portal Ra\u00edzes, o suspeito teria envolvimento com o tr\u00e1fico de drogas. Ainda segundo a PM, durante uma tentativa de abordagem, o homem atirou contra os policiais, que revidaram \u00e0 injusta agress\u00e3o. A Pol\u00edcia apreendeu um rev\u00f3lver calibre 38, muni\u00e7\u00f5es deflagradas e intactas, um tablete de subst\u00e2ncia an\u00e1loga \u00e0 maconha e um celular. O Departamento de Pol\u00edcia T\u00e9cnica (DPT) foi acionado para realizar a remo\u00e7\u00e3o do corpo e os procedimentos periciais. Vale lembrar que a Rondesp faz parte do Comando Regional da Regi\u00e3o Nordete gerido pelo Coronel Macedo, militar que conhece de forma ass\u00eddua a regi\u00e3o sisaleira. Reda\u00e7\u00e3o<\/p>\n","protected":false},"author":3,"featured_media":6852,"comment_status":"open","ping_status":"open","sticky":false,"template":"","format":"standard","meta":{"_joinchat":[],"footnotes":""},"categories":[55,67,59],"tags":[142,163,1148],"class_list":["post-6849","post","type-post","status-publish","format-standard","has-post-thumbnail","hentry","category-destaques","category-policia","category-ultimas-noticias","tag-homem","tag-morre","tag-rondesp"],"yoast_head":"<!-- This site is optimized with the Yoast SEO plugin v24.4 - https:\/\/yoast.com\/wordpress\/plugins\/seo\/ -->\n<title>Suspeito morre ap\u00f3s troca de tiros com a Rondesp em Queimadas - Portal raizes noticias<\/title>\n<meta name=\"robots\" content=\"index, follow, max-snippet:-1, max-image-preview:large, max-video-preview:-1\" \/>\n<link rel=\"canonical\" href=\"https:\/\/portalraizesnoticias.com.br\/?p=6849\" \/>\n<meta property=\"og:locale\" content=\"pt_BR\" \/>\n<meta property=\"og:type\" content=\"article\" \/>\n<meta property=\"og:title\" content=\"Suspeito morre ap\u00f3s troca de tiros com a Rondesp em Queimadas - Portal raizes noticias\" \/>\n<meta property=\"og:description\" content=\"Um homem de 20 anos morreu na tarde desta sexta-feira (30), por volta de 16h00, ap\u00f3s um confronto com policiais militares da Rondesp no munic\u00edpio de Queimadas, localizado na regi\u00e3o sisaleira da Bahia. De acordo com informa\u00e7\u00f5es da Pol\u00edcia Militar repassadas ao Portal Ra\u00edzes, o suspeito teria envolvimento com o tr\u00e1fico de drogas. Ainda segundo a PM, durante uma tentativa de abordagem, o homem atirou contra os policiais, que revidaram \u00e0 injusta agress\u00e3o. A Pol\u00edcia apreendeu um rev\u00f3lver calibre 38, muni\u00e7\u00f5es deflagradas e intactas, um tablete de subst\u00e2ncia an\u00e1loga \u00e0 maconha e um celular. O Departamento de Pol\u00edcia T\u00e9cnica (DPT) foi acionado para realizar a remo\u00e7\u00e3o do corpo e os procedimentos periciais. Vale lembrar que a Rondesp faz parte do Comando Regional da Regi\u00e3o Nordete gerido pelo Coronel Macedo, militar que conhece de forma ass\u00eddua a regi\u00e3o sisaleira. Reda\u00e7\u00e3o\" \/>\n<meta property=\"og:url\" content=\"https:\/\/portalraizesnoticias.com.br\/?p=6849\" \/>\n<meta property=\"og:site_name\" content=\"Portal raizes noticias\" \/>\n<meta property=\"article:published_time\" content=\"2025-05-31T00:54:24+00:00\" \/>\n<meta property=\"article:modified_time\" content=\"2025-05-31T00:55:40+00:00\" \/>\n<meta property=\"og:image\" content=\"https:\/\/portalraizesnoticias.com.br\/wp-content\/uploads\/2025\/05\/IMG-20250530-WA0500.jpg\" \/>\n\t<meta property=\"og:image:width\" content=\"1600\" \/>\n\t<meta property=\"og:image:height\" content=\"1600\" \/>\n\t<meta property=\"og:image:type\" content=\"image\/jpeg\" \/>\n<meta name=\"author\" content=\"Portal Raizes\" \/>\n<meta name=\"twitter:card\" content=\"summary_large_image\" \/>\n<meta name=\"twitter:label1\" content=\"Escrito por\" \/>\n\t<meta name=\"twitter:data1\" content=\"Portal Raizes\" \/>\n\t<meta name=\"twitter:label2\" content=\"Est. tempo de leitura\" \/>\n\t<meta name=\"twitter:data2\" content=\"1 minuto\" \/>\n<script type=\"application\/ld+json\" class=\"yoast-schema-graph\">{\"@context\":\"https:\/\/schema.org\",\"@graph\":[{\"@type\":\"Article\",\"@id\":\"https:\/\/portalraizesnoticias.com.br\/?p=6849#article\",\"isPartOf\":{\"@id\":\"https:\/\/portalraizesnoticias.com.br\/?p=6849\"},\"author\":{\"name\":\"Portal Raizes\",\"@id\":\"https:\/\/portalraizesnoticias.com.br\/#\/schema\/person\/a3ca6b0fc701e78df19756c417d943ae\"},\"headline\":\"Suspeito morre ap\u00f3s troca de tiros com a Rondesp em Queimadas\",\"datePublished\":\"2025-05-31T00:54:24+00:00\",\"dateModified\":\"2025-05-31T00:55:40+00:00\",\"mainEntityOfPage\":{\"@id\":\"https:\/\/portalraizesnoticias.com.br\/?p=6849\"},\"wordCount\":166,\"commentCount\":0,\"publisher\":{\"@id\":\"https:\/\/portalraizesnoticias.com.br\/#organization\"},\"image\":{\"@id\":\"https:\/\/portalraizesnoticias.com.br\/?p=6849#primaryimage\"},\"thumbnailUrl\":\"https:\/\/portalraizesnoticias.com.br\/wp-content\/uploads\/2025\/05\/IMG-20250530-WA0500.jpg\",\"keywords\":[\"Homem\",\"Morre\",\"Rondesp\"],\"articleSection\":[\"DESTAQUES\",\"POLICIA\",\"ULTIMAS NOTICIAS\"],\"inLanguage\":\"pt-BR\",\"potentialAction\":[{\"@type\":\"CommentAction\",\"name\":\"Comment\",\"target\":[\"https:\/\/portalraizesnoticias.com.br\/?p=6849#respond\"]}]},{\"@type\":\"WebPage\",\"@id\":\"https:\/\/portalraizesnoticias.com.br\/?p=6849\",\"url\":\"https:\/\/portalraizesnoticias.com.br\/?p=6849\",\"name\":\"Suspeito morre ap\u00f3s troca de tiros com a Rondesp em Queimadas - Portal raizes noticias\",\"isPartOf\":{\"@id\":\"https:\/\/portalraizesnoticias.com.br\/#website\"},\"primaryImageOfPage\":{\"@id\":\"https:\/\/portalraizesnoticias.com.br\/?p=6849#primaryimage\"},\"image\":{\"@id\":\"https:\/\/portalraizesnoticias.com.br\/?p=6849#primaryimage\"},\"thumbnailUrl\":\"https:\/\/portalraizesnoticias.com.br\/wp-content\/uploads\/2025\/05\/IMG-20250530-WA0500.jpg\",\"datePublished\":\"2025-05-31T00:54:24+00:00\",\"dateModified\":\"2025-05-31T00:55:40+00:00\",\"breadcrumb\":{\"@id\":\"https:\/\/portalraizesnoticias.com.br\/?p=6849#breadcrumb\"},\"inLanguage\":\"pt-BR\",\"potentialAction\":[{\"@type\":\"ReadAction\",\"target\":[\"https:\/\/portalraizesnoticias.com.br\/?p=6849\"]}]},{\"@type\":\"ImageObject\",\"inLanguage\":\"pt-BR\",\"@id\":\"https:\/\/portalraizesnoticias.com.br\/?p=6849#primaryimage\",\"url\":\"https:\/\/portalraizesnoticias.com.br\/wp-content\/uploads\/2025\/05\/IMG-20250530-WA0500.jpg\",\"contentUrl\":\"https:\/\/portalraizesnoticias.com.br\/wp-content\/uploads\/2025\/05\/IMG-20250530-WA0500.jpg\",\"width\":1600,\"height\":1600},{\"@type\":\"BreadcrumbList\",\"@id\":\"https:\/\/portalraizesnoticias.com.br\/?p=6849#breadcrumb\",\"itemListElement\":[{\"@type\":\"ListItem\",\"position\":1,\"name\":\"In\u00edcio\",\"item\":\"https:\/\/portalraizesnoticias.com.br\/\"},{\"@type\":\"ListItem\",\"position\":2,\"name\":\"Suspeito morre ap\u00f3s troca de tiros com a Rondesp em Queimadas\"}]},{\"@type\":\"WebSite\",\"@id\":\"https:\/\/portalraizesnoticias.com.br\/#website\",\"url\":\"https:\/\/portalraizesnoticias.com.br\/\",\"name\":\"Portal raizes NOTICIAS\",\"description\":\"site de noticias de concei\u00e7\u00e3o do coit\u00e9 e regi\u00e3o\",\"publisher\":{\"@id\":\"https:\/\/portalraizesnoticias.com.br\/#organization\"},\"alternateName\":\"PORTAL RAIZES COIT\u00c9\",\"potentialAction\":[{\"@type\":\"SearchAction\",\"target\":{\"@type\":\"EntryPoint\",\"urlTemplate\":\"https:\/\/portalraizesnoticias.com.br\/?s={search_term_string}\"},\"query-input\":{\"@type\":\"PropertyValueSpecification\",\"valueRequired\":true,\"valueName\":\"search_term_string\"}}],\"inLanguage\":\"pt-BR\"},{\"@type\":\"Organization\",\"@id\":\"https:\/\/portalraizesnoticias.com.br\/#organization\",\"name\":\"Portal raizes NOTICIAS\",\"url\":\"https:\/\/portalraizesnoticias.com.br\/\",\"logo\":{\"@type\":\"ImageObject\",\"inLanguage\":\"pt-BR\",\"@id\":\"https:\/\/portalraizesnoticias.com.br\/#\/schema\/logo\/image\/\",\"url\":\"https:\/\/portalraizesnoticias.com.br\/wp-content\/uploads\/2024\/09\/cropped-Captura-de-tela-2024-09-08-011108.png\",\"contentUrl\":\"https:\/\/portalraizesnoticias.com.br\/wp-content\/uploads\/2024\/09\/cropped-Captura-de-tela-2024-09-08-011108.png\",\"width\":606,\"height\":173,\"caption\":\"Portal raizes NOTICIAS\"},\"image\":{\"@id\":\"https:\/\/portalraizesnoticias.com.br\/#\/schema\/logo\/image\/\"}},{\"@type\":\"Person\",\"@id\":\"https:\/\/portalraizesnoticias.com.br\/#\/schema\/person\/a3ca6b0fc701e78df19756c417d943ae\",\"name\":\"Portal Raizes\",\"image\":{\"@type\":\"ImageObject\",\"inLanguage\":\"pt-BR\",\"@id\":\"https:\/\/portalraizesnoticias.com.br\/#\/schema\/person\/image\/\",\"url\":\"https:\/\/secure.gravatar.com\/avatar\/ef450d29013a3d3fba867a12a249d7b1?s=96&d=mm&r=g\",\"contentUrl\":\"https:\/\/secure.gravatar.com\/avatar\/ef450d29013a3d3fba867a12a249d7b1?s=96&d=mm&r=g\",\"caption\":\"Portal Raizes\"},\"url\":\"https:\/\/portalraizesnoticias.com.br\/?author=3\"}]}<\/script>\n<!-- \/ Yoast SEO plugin. -->","yoast_head_json":{"title":"Suspeito morre ap\u00f3s troca de tiros com a Rondesp em Queimadas - Portal raizes noticias","robots":{"index":"index","follow":"follow","max-snippet":"max-snippet:-1","max-image-preview":"max-image-preview:large","max-video-preview":"max-video-preview:-1"},"canonical":"https:\/\/portalraizesnoticias.com.br\/?p=6849","og_locale":"pt_BR","og_type":"article","og_title":"Suspeito morre ap\u00f3s troca de tiros com a Rondesp em Queimadas - Portal raizes noticias","og_description":"Um homem de 20 anos morreu na tarde desta sexta-feira (30), por volta de 16h00, ap\u00f3s um confronto com policiais militares da Rondesp no munic\u00edpio de Queimadas, localizado na regi\u00e3o sisaleira da Bahia. De acordo com informa\u00e7\u00f5es da Pol\u00edcia Militar repassadas ao Portal Ra\u00edzes, o suspeito teria envolvimento com o tr\u00e1fico de drogas. Ainda segundo a PM, durante uma tentativa de abordagem, o homem atirou contra os policiais, que revidaram \u00e0 injusta agress\u00e3o. A Pol\u00edcia apreendeu um rev\u00f3lver calibre 38, muni\u00e7\u00f5es deflagradas e intactas, um tablete de subst\u00e2ncia an\u00e1loga \u00e0 maconha e um celular. O Departamento de Pol\u00edcia T\u00e9cnica (DPT) foi acionado para realizar a remo\u00e7\u00e3o do corpo e os procedimentos periciais. Vale lembrar que a Rondesp faz parte do Comando Regional da Regi\u00e3o Nordete gerido pelo Coronel Macedo, militar que conhece de forma ass\u00eddua a regi\u00e3o sisaleira. Reda\u00e7\u00e3o","og_url":"https:\/\/portalraizesnoticias.com.br\/?p=6849","og_site_name":"Portal raizes noticias","article_published_time":"2025-05-31T00:54:24+00:00","article_modified_time":"2025-05-31T00:55:40+00:00","og_image":[{"width":1600,"height":1600,"url":"https:\/\/portalraizesnoticias.com.br\/wp-content\/uploads\/2025\/05\/IMG-20250530-WA0500.jpg","type":"image\/jpeg"}],"author":"Portal Raizes","twitter_card":"summary_large_image","twitter_misc":{"Escrito por":"Portal Raizes","Est. tempo de leitura":"1 minuto"},"schema":{"@context":"https:\/\/schema.org","@graph":[{"@type":"Article","@id":"https:\/\/portalraizesnoticias.com.br\/?p=6849#article","isPartOf":{"@id":"https:\/\/portalraizesnoticias.com.br\/?p=6849"},"author":{"name":"Portal Raizes","@id":"https:\/\/portalraizesnoticias.com.br\/#\/schema\/person\/a3ca6b0fc701e78df19756c417d943ae"},"headline":"Suspeito morre ap\u00f3s troca de tiros com a Rondesp em Queimadas","datePublished":"2025-05-31T00:54:24+00:00","dateModified":"2025-05-31T00:55:40+00:00","mainEntityOfPage":{"@id":"https:\/\/portalraizesnoticias.com.br\/?p=6849"},"wordCount":166,"commentCount":0,"publisher":{"@id":"https:\/\/portalraizesnoticias.com.br\/#organization"},"image":{"@id":"https:\/\/portalraizesnoticias.com.br\/?p=6849#primaryimage"},"thumbnailUrl":"https:\/\/portalraizesnoticias.com.br\/wp-content\/uploads\/2025\/05\/IMG-20250530-WA0500.jpg","keywords":["Homem","Morre","Rondesp"],"articleSection":["DESTAQUES","POLICIA","ULTIMAS NOTICIAS"],"inLanguage":"pt-BR","potentialAction":[{"@type":"CommentAction","name":"Comment","target":["https:\/\/portalraizesnoticias.com.br\/?p=6849#respond"]}]},{"@type":"WebPage","@id":"https:\/\/portalraizesnoticias.com.br\/?p=6849","url":"https:\/\/portalraizesnoticias.com.br\/?p=6849","name":"Suspeito morre ap\u00f3s troca de tiros com a Rondesp em Queimadas - Portal raizes noticias","isPartOf":{"@id":"https:\/\/portalraizesnoticias.com.br\/#website"},"primaryImageOfPage":{"@id":"https:\/\/portalraizesnoticias.com.br\/?p=6849#primaryimage"},"image":{"@id":"https:\/\/portalraizesnoticias.com.br\/?p=6849#primaryimage"},"thumbnailUrl":"https:\/\/portalraizesnoticias.com.br\/wp-content\/uploads\/2025\/05\/IMG-20250530-WA0500.jpg","datePublished":"2025-05-31T00:54:24+00:00","dateModified":"2025-05-31T00:55:40+00:00","breadcrumb":{"@id":"https:\/\/portalraizesnoticias.com.br\/?p=6849#breadcrumb"},"inLanguage":"pt-BR","potentialAction":[{"@type":"ReadAction","target":["https:\/\/portalraizesnoticias.com.br\/?p=6849"]}]},{"@type":"ImageObject","inLanguage":"pt-BR","@id":"https:\/\/portalraizesnoticias.com.br\/?p=6849#primaryimage","url":"https:\/\/portalraizesnoticias.com.br\/wp-content\/uploads\/2025\/05\/IMG-20250530-WA0500.jpg","contentUrl":"https:\/\/portalraizesnoticias.com.br\/wp-content\/uploads\/2025\/05\/IMG-20250530-WA0500.jpg","width":1600,"height":1600},{"@type":"BreadcrumbList","@id":"https:\/\/portalraizesnoticias.com.br\/?p=6849#breadcrumb","itemListElement":[{"@type":"ListItem","position":1,"name":"In\u00edcio","item":"https:\/\/portalraizesnoticias.com.br\/"},{"@type":"ListItem","position":2,"name":"Suspeito morre ap\u00f3s troca de tiros com a Rondesp em Queimadas"}]},{"@type":"WebSite","@id":"https:\/\/portalraizesnoticias.com.br\/#website","url":"https:\/\/portalraizesnoticias.com.br\/","name":"Portal raizes NOTICIAS","description":"site de noticias de concei\u00e7\u00e3o do coit\u00e9 e regi\u00e3o","publisher":{"@id":"https:\/\/portalraizesnoticias.com.br\/#organization"},"alternateName":"PORTAL RAIZES COIT\u00c9","potentialAction":[{"@type":"SearchAction","target":{"@type":"EntryPoint","urlTemplate":"https:\/\/portalraizesnoticias.com.br\/?s={search_term_string}"},"query-input":{"@type":"PropertyValueSpecification","valueRequired":true,"valueName":"search_term_string"}}],"inLanguage":"pt-BR"},{"@type":"Organization","@id":"https:\/\/portalraizesnoticias.com.br\/#organization","name":"Portal raizes NOTICIAS","url":"https:\/\/portalraizesnoticias.com.br\/","logo":{"@type":"ImageObject","inLanguage":"pt-BR","@id":"https:\/\/portalraizesnoticias.com.br\/#\/schema\/logo\/image\/","url":"https:\/\/portalraizesnoticias.com.br\/wp-content\/uploads\/2024\/09\/cropped-Captura-de-tela-2024-09-08-011108.png","contentUrl":"https:\/\/portalraizesnoticias.com.br\/wp-content\/uploads\/2024\/09\/cropped-Captura-de-tela-2024-09-08-011108.png","width":606,"height":173,"caption":"Portal raizes NOTICIAS"},"image":{"@id":"https:\/\/portalraizesnoticias.com.br\/#\/schema\/logo\/image\/"}},{"@type":"Person","@id":"https:\/\/portalraizesnoticias.com.br\/#\/schema\/person\/a3ca6b0fc701e78df19756c417d943ae","name":"Portal Raizes","image":{"@type":"ImageObject","inLanguage":"pt-BR","@id":"https:\/\/portalraizesnoticias.com.br\/#\/schema\/person\/image\/","url":"https:\/\/secure.gravatar.com\/avatar\/ef450d29013a3d3fba867a12a249d7b1?s=96&d=mm&r=g","contentUrl":"https:\/\/secure.gravatar.com\/avatar\/ef450d29013a3d3fba867a12a249d7b1?s=96&d=mm&r=g","caption":"Portal Raizes"},"url":"https:\/\/portalraizesnoticias.com.br\/?author=3"}]}},"_links":{"self":[{"href":"https:\/\/portalraizesnoticias.com.br\/index.php?rest_route=\/wp\/v2\/posts\/6849"}],"collection":[{"href":"https:\/\/portalraizesnoticias.com.br\/index.php?rest_route=\/wp\/v2\/posts"}],"about":[{"href":"https:\/\/portalraizesnoticias.com.br\/index.php?rest_route=\/wp\/v2\/types\/post"}],"author":[{"embeddable":true,"href":"https:\/\/portalraizesnoticias.com.br\/index.php?rest_route=\/wp\/v2\/users\/3"}],"replies":[{"embeddable":true,"href":"https:\/\/portalraizesnoticias.com.br\/index.php?rest_route=%2Fwp%2Fv2%2Fcomments&post=6849"}],"version-history":[{"count":1,"href":"https:\/\/portalraizesnoticias.com.br\/index.php?rest_route=\/wp\/v2\/posts\/6849\/revisions"}],"predecessor-version":[{"id":6851,"href":"https:\/\/portalraizesnoticias.com.br\/index.php?rest_route=\/wp\/v2\/posts\/6849\/revisions\/6851"}],"wp:featuredmedia":[{"embeddable":true,"href":"https:\/\/portalraizesnoticias.com.br\/index.php?rest_route=\/wp\/v2\/media\/6852"}],"wp:attachment":[{"href":"https:\/\/portalraizesnoticias.com.br\/index.php?rest_route=%2Fwp%2Fv2%2Fmedia&parent=6849"}],"wp:term":[{"taxonomy":"category","embeddable":true,"href":"https:\/\/portalraizesnoticias.com.br\/index.php?rest_route=%2Fwp%2Fv2%2Fcategories&post=6849"},{"taxonomy":"post_tag","embeddable":true,"href":"https:\/\/portalraizesnoticias.com.br\/index.php?rest_route=%2Fwp%2Fv2%2Ftags&post=6849"}],"curies":[{"name":"wp","href":"https:\/\/api.w.org\/{rel}","templated":true}]}}