{"id":6840,"date":"2025-05-30T16:05:40","date_gmt":"2025-05-30T19:05:40","guid":{"rendered":"https:\/\/portalraizesnoticias.com.br\/?p=6840"},"modified":"2025-05-30T16:30:45","modified_gmt":"2025-05-30T19:30:45","slug":"menor-e-flagrado-empinando-moto-no-centro-de-conceicao-do-coite-veiculo-foi-apreendido","status":"publish","type":"post","link":"https:\/\/portalraizesnoticias.com.br\/?p=6840","title":{"rendered":"Menor \u00e9 flagrado empinando moto no centro de Concei\u00e7\u00e3o do Coit\u00e9; ve\u00edculo foi apreendido"},"content":{"rendered":"<p>Na tarde de quinta-feira (29), por volta das 17h11, um adolescente foi flagrado realizando manobras perigosas com uma motocicleta na Rua Padre Madureira, no centro de Concei\u00e7\u00e3o do Coit\u00e9, regi\u00e3o sisaleira da Bahia.<\/p>\n<p><img fetchpriority=\"high\" decoding=\"async\" class=\"size-medium wp-image-3169 aligncenter\" src=\"https:\/\/portalraizesnoticias.com.br\/wp-content\/uploads\/2024\/12\/01-300x179.png\" alt=\"\" width=\"300\" height=\"179\" srcset=\"https:\/\/portalraizesnoticias.com.br\/wp-content\/uploads\/2024\/12\/01-300x179.png 300w, https:\/\/portalraizesnoticias.com.br\/wp-content\/uploads\/2024\/12\/01-1024x611.png 1024w, https:\/\/portalraizesnoticias.com.br\/wp-content\/uploads\/2024\/12\/01-768x458.png 768w, https:\/\/portalraizesnoticias.com.br\/wp-content\/uploads\/2024\/12\/01-1536x917.png 1536w, https:\/\/portalraizesnoticias.com.br\/wp-content\/uploads\/2024\/12\/01-2048x1222.png 2048w\" sizes=\"(max-width: 300px) 100vw, 300px\" \/><\/p>\n<p style=\"text-align: center;\"><strong>PUBLICIDADE<\/strong><\/p>\n<p>Segundo informa\u00e7\u00f5es apuradas pelo Portal Ra\u00edzes junto \u00e0 Pol\u00edcia Militar, a guarni\u00e7\u00e3o avistou o condutor empinando uma moto Honda Pop 100, de cor branca. Foi iniciado o acompanhamento e, ap\u00f3s ordem de parada, o jovem foi abordado.<\/p>\n<p><img decoding=\"async\" class=\"size-medium wp-image-1970 aligncenter\" src=\"https:\/\/portalraizesnoticias.com.br\/wp-content\/uploads\/2024\/11\/Banner-home-center-300x300.jpg\" alt=\"\" width=\"300\" height=\"300\" srcset=\"https:\/\/portalraizesnoticias.com.br\/wp-content\/uploads\/2024\/11\/Banner-home-center-300x300.jpg 300w, https:\/\/portalraizesnoticias.com.br\/wp-content\/uploads\/2024\/11\/Banner-home-center-1024x1024.jpg 1024w, https:\/\/portalraizesnoticias.com.br\/wp-content\/uploads\/2024\/11\/Banner-home-center-150x150.jpg 150w, https:\/\/portalraizesnoticias.com.br\/wp-content\/uploads\/2024\/11\/Banner-home-center-768x768.jpg 768w, https:\/\/portalraizesnoticias.com.br\/wp-content\/uploads\/2024\/11\/Banner-home-center-700x700.jpg 700w, https:\/\/portalraizesnoticias.com.br\/wp-content\/uploads\/2024\/11\/Banner-home-center-620x620.jpg 620w, https:\/\/portalraizesnoticias.com.br\/wp-content\/uploads\/2024\/11\/Banner-home-center-400x400.jpg 400w, https:\/\/portalraizesnoticias.com.br\/wp-content\/uploads\/2024\/11\/Banner-home-center.jpg 1080w\" sizes=\"(max-width: 300px) 100vw, 300px\" \/><\/p>\n<p style=\"text-align: center;\"><strong>PUBLICIDADE<\/strong><\/p>\n<p>Durante a abordagem, o adolescente \u2014 identificado pelas iniciais D.M. \u2014 informou que n\u00e3o possu\u00eda Carteira Nacional de Habilita\u00e7\u00e3o (CNH) e que era menor de idade.<\/p>\n<p>Diante da infra\u00e7\u00e3o, a motocicleta foi apreendida e encaminhada ao p\u00e1tio da 4\u00aa Companhia da Pol\u00edcia Militar, onde permanece \u00e0 disposi\u00e7\u00e3o das autoridades competentes. Foram lavradas as devidas notifica\u00e7\u00f5es de tr\u00e2nsito.<\/p>\n<p>O caso ser\u00e1 encaminhado aos \u00f3rg\u00e3os respons\u00e1veis para as provid\u00eancias legais cab\u00edveis.<\/p>\n<p><strong>Fique sabendo!\u00a0<\/strong><\/p>\n<p><em>Empinar moto \u00e9 crime?<\/em><\/p>\n<p><em>N\u00e3o, mas \u00e9 uma infra\u00e7\u00e3o grav\u00edssima. Pode se tornar crime se causar acidente ou les\u00e3o a terceiros.<\/em><\/p>\n<p><em>No caso do adolescente, al\u00e9m da infra\u00e7\u00e3o, h\u00e1 responsabiliza\u00e7\u00e3o dos pais ou respons\u00e1veis. O menor pode ser enquadrado por ato infracional an\u00e1logo \u00e0 infra\u00e7\u00e3o de tr\u00e2nsito, e o caso \u00e9 encaminhado ao Conselho Tutelar ou Minist\u00e9rio P\u00fablico.<\/em><\/p>\n<p>Reda\u00e7\u00e3o<\/p>\n<p>Foto: Paulo Roberto Fragoso\/ Ilustra\u00e7\u00e3o<\/p>\n","protected":false},"excerpt":{"rendered":"<p>Na tarde de quinta-feira (29), por volta das 17h11, um adolescente foi flagrado realizando manobras perigosas com uma motocicleta na Rua Padre Madureira, no centro de Concei\u00e7\u00e3o do Coit\u00e9, regi\u00e3o sisaleira da Bahia. PUBLICIDADE Segundo informa\u00e7\u00f5es apuradas pelo Portal Ra\u00edzes junto \u00e0 Pol\u00edcia Militar, a guarni\u00e7\u00e3o avistou o condutor empinando uma moto Honda Pop 100, de cor branca. Foi iniciado o acompanhamento e, ap\u00f3s ordem de parada, o jovem foi abordado. PUBLICIDADE Durante a abordagem, o adolescente \u2014 identificado pelas iniciais D.M. \u2014 informou que n\u00e3o possu\u00eda Carteira Nacional de Habilita\u00e7\u00e3o (CNH) e que era menor de idade. Diante da infra\u00e7\u00e3o, a motocicleta foi apreendida e encaminhada ao p\u00e1tio da 4\u00aa Companhia da Pol\u00edcia Militar, onde permanece \u00e0 disposi\u00e7\u00e3o das autoridades competentes. Foram lavradas as devidas notifica\u00e7\u00f5es de tr\u00e2nsito. O caso ser\u00e1 encaminhado aos \u00f3rg\u00e3os respons\u00e1veis para as provid\u00eancias legais cab\u00edveis. Fique sabendo!\u00a0 Empinar moto \u00e9 crime? N\u00e3o, mas \u00e9 uma infra\u00e7\u00e3o grav\u00edssima. Pode se tornar crime se causar acidente ou les\u00e3o a terceiros. No caso do adolescente, al\u00e9m da infra\u00e7\u00e3o, h\u00e1 responsabiliza\u00e7\u00e3o dos pais ou respons\u00e1veis. O menor pode ser enquadrado por ato infracional an\u00e1logo \u00e0 infra\u00e7\u00e3o de tr\u00e2nsito, e o caso \u00e9 encaminhado ao Conselho Tutelar ou Minist\u00e9rio P\u00fablico. Reda\u00e7\u00e3o Foto: Paulo Roberto Fragoso\/ Ilustra\u00e7\u00e3o<\/p>\n","protected":false},"author":3,"featured_media":6841,"comment_status":"open","ping_status":"open","sticky":false,"template":"","format":"standard","meta":{"_joinchat":[],"footnotes":""},"categories":[55,67,59],"tags":[75,1147,1146,1124],"class_list":["post-6840","post","type-post","status-publish","format-standard","has-post-thumbnail","hentry","category-destaques","category-policia","category-ultimas-noticias","tag-coite","tag-empinando-moto","tag-flagrado","tag-menor"],"yoast_head":"<!-- This site is optimized with the Yoast SEO plugin v24.4 - https:\/\/yoast.com\/wordpress\/plugins\/seo\/ -->\n<title>Menor \u00e9 flagrado empinando moto no centro de Concei\u00e7\u00e3o do Coit\u00e9; ve\u00edculo foi apreendido - Portal raizes noticias<\/title>\n<meta name=\"robots\" content=\"index, follow, max-snippet:-1, max-image-preview:large, max-video-preview:-1\" \/>\n<link rel=\"canonical\" href=\"https:\/\/portalraizesnoticias.com.br\/?p=6840\" \/>\n<meta property=\"og:locale\" content=\"pt_BR\" \/>\n<meta property=\"og:type\" content=\"article\" \/>\n<meta property=\"og:title\" content=\"Menor \u00e9 flagrado empinando moto no centro de Concei\u00e7\u00e3o do Coit\u00e9; ve\u00edculo foi apreendido - Portal raizes noticias\" \/>\n<meta property=\"og:description\" content=\"Na tarde de quinta-feira (29), por volta das 17h11, um adolescente foi flagrado realizando manobras perigosas com uma motocicleta na Rua Padre Madureira, no centro de Concei\u00e7\u00e3o do Coit\u00e9, regi\u00e3o sisaleira da Bahia. PUBLICIDADE Segundo informa\u00e7\u00f5es apuradas pelo Portal Ra\u00edzes junto \u00e0 Pol\u00edcia Militar, a guarni\u00e7\u00e3o avistou o condutor empinando uma moto Honda Pop 100, de cor branca. Foi iniciado o acompanhamento e, ap\u00f3s ordem de parada, o jovem foi abordado. PUBLICIDADE Durante a abordagem, o adolescente \u2014 identificado pelas iniciais D.M. \u2014 informou que n\u00e3o possu\u00eda Carteira Nacional de Habilita\u00e7\u00e3o (CNH) e que era menor de idade. Diante da infra\u00e7\u00e3o, a motocicleta foi apreendida e encaminhada ao p\u00e1tio da 4\u00aa Companhia da Pol\u00edcia Militar, onde permanece \u00e0 disposi\u00e7\u00e3o das autoridades competentes. Foram lavradas as devidas notifica\u00e7\u00f5es de tr\u00e2nsito. O caso ser\u00e1 encaminhado aos \u00f3rg\u00e3os respons\u00e1veis para as provid\u00eancias legais cab\u00edveis. Fique sabendo!\u00a0 Empinar moto \u00e9 crime? N\u00e3o, mas \u00e9 uma infra\u00e7\u00e3o grav\u00edssima. Pode se tornar crime se causar acidente ou les\u00e3o a terceiros. No caso do adolescente, al\u00e9m da infra\u00e7\u00e3o, h\u00e1 responsabiliza\u00e7\u00e3o dos pais ou respons\u00e1veis. O menor pode ser enquadrado por ato infracional an\u00e1logo \u00e0 infra\u00e7\u00e3o de tr\u00e2nsito, e o caso \u00e9 encaminhado ao Conselho Tutelar ou Minist\u00e9rio P\u00fablico. Reda\u00e7\u00e3o Foto: Paulo Roberto Fragoso\/ Ilustra\u00e7\u00e3o\" \/>\n<meta property=\"og:url\" content=\"https:\/\/portalraizesnoticias.com.br\/?p=6840\" \/>\n<meta property=\"og:site_name\" content=\"Portal raizes noticias\" \/>\n<meta property=\"article:published_time\" content=\"2025-05-30T19:05:40+00:00\" \/>\n<meta property=\"article:modified_time\" content=\"2025-05-30T19:30:45+00:00\" \/>\n<meta property=\"og:image\" content=\"https:\/\/portalraizesnoticias.com.br\/wp-content\/uploads\/2025\/05\/IMG-20250530-WA0294.jpg\" \/>\n\t<meta property=\"og:image:width\" content=\"532\" \/>\n\t<meta property=\"og:image:height\" content=\"389\" \/>\n\t<meta property=\"og:image:type\" content=\"image\/jpeg\" \/>\n<meta name=\"author\" content=\"Portal Raizes\" \/>\n<meta name=\"twitter:card\" content=\"summary_large_image\" \/>\n<meta name=\"twitter:label1\" content=\"Escrito por\" \/>\n\t<meta name=\"twitter:data1\" content=\"Portal Raizes\" \/>\n\t<meta name=\"twitter:label2\" content=\"Est. tempo de leitura\" \/>\n\t<meta name=\"twitter:data2\" content=\"2 minutos\" \/>\n<script type=\"application\/ld+json\" class=\"yoast-schema-graph\">{\"@context\":\"https:\/\/schema.org\",\"@graph\":[{\"@type\":\"Article\",\"@id\":\"https:\/\/portalraizesnoticias.com.br\/?p=6840#article\",\"isPartOf\":{\"@id\":\"https:\/\/portalraizesnoticias.com.br\/?p=6840\"},\"author\":{\"name\":\"Portal Raizes\",\"@id\":\"https:\/\/portalraizesnoticias.com.br\/#\/schema\/person\/a3ca6b0fc701e78df19756c417d943ae\"},\"headline\":\"Menor \u00e9 flagrado empinando moto no centro de Concei\u00e7\u00e3o do Coit\u00e9; ve\u00edculo foi apreendido\",\"datePublished\":\"2025-05-30T19:05:40+00:00\",\"dateModified\":\"2025-05-30T19:30:45+00:00\",\"mainEntityOfPage\":{\"@id\":\"https:\/\/portalraizesnoticias.com.br\/?p=6840\"},\"wordCount\":247,\"commentCount\":0,\"publisher\":{\"@id\":\"https:\/\/portalraizesnoticias.com.br\/#organization\"},\"image\":{\"@id\":\"https:\/\/portalraizesnoticias.com.br\/?p=6840#primaryimage\"},\"thumbnailUrl\":\"https:\/\/portalraizesnoticias.com.br\/wp-content\/uploads\/2025\/05\/IMG-20250530-WA0294.jpg\",\"keywords\":[\"Coit\u00e9\",\"Empinando moto\",\"Flagrado\",\"Menor\"],\"articleSection\":[\"DESTAQUES\",\"POLICIA\",\"ULTIMAS NOTICIAS\"],\"inLanguage\":\"pt-BR\",\"potentialAction\":[{\"@type\":\"CommentAction\",\"name\":\"Comment\",\"target\":[\"https:\/\/portalraizesnoticias.com.br\/?p=6840#respond\"]}]},{\"@type\":\"WebPage\",\"@id\":\"https:\/\/portalraizesnoticias.com.br\/?p=6840\",\"url\":\"https:\/\/portalraizesnoticias.com.br\/?p=6840\",\"name\":\"Menor \u00e9 flagrado empinando moto no centro de Concei\u00e7\u00e3o do Coit\u00e9; ve\u00edculo foi apreendido - Portal raizes noticias\",\"isPartOf\":{\"@id\":\"https:\/\/portalraizesnoticias.com.br\/#website\"},\"primaryImageOfPage\":{\"@id\":\"https:\/\/portalraizesnoticias.com.br\/?p=6840#primaryimage\"},\"image\":{\"@id\":\"https:\/\/portalraizesnoticias.com.br\/?p=6840#primaryimage\"},\"thumbnailUrl\":\"https:\/\/portalraizesnoticias.com.br\/wp-content\/uploads\/2025\/05\/IMG-20250530-WA0294.jpg\",\"datePublished\":\"2025-05-30T19:05:40+00:00\",\"dateModified\":\"2025-05-30T19:30:45+00:00\",\"breadcrumb\":{\"@id\":\"https:\/\/portalraizesnoticias.com.br\/?p=6840#breadcrumb\"},\"inLanguage\":\"pt-BR\",\"potentialAction\":[{\"@type\":\"ReadAction\",\"target\":[\"https:\/\/portalraizesnoticias.com.br\/?p=6840\"]}]},{\"@type\":\"ImageObject\",\"inLanguage\":\"pt-BR\",\"@id\":\"https:\/\/portalraizesnoticias.com.br\/?p=6840#primaryimage\",\"url\":\"https:\/\/portalraizesnoticias.com.br\/wp-content\/uploads\/2025\/05\/IMG-20250530-WA0294.jpg\",\"contentUrl\":\"https:\/\/portalraizesnoticias.com.br\/wp-content\/uploads\/2025\/05\/IMG-20250530-WA0294.jpg\",\"width\":532,\"height\":389},{\"@type\":\"BreadcrumbList\",\"@id\":\"https:\/\/portalraizesnoticias.com.br\/?p=6840#breadcrumb\",\"itemListElement\":[{\"@type\":\"ListItem\",\"position\":1,\"name\":\"In\u00edcio\",\"item\":\"https:\/\/portalraizesnoticias.com.br\/\"},{\"@type\":\"ListItem\",\"position\":2,\"name\":\"Menor \u00e9 flagrado empinando moto no centro de Concei\u00e7\u00e3o do Coit\u00e9; ve\u00edculo foi apreendido\"}]},{\"@type\":\"WebSite\",\"@id\":\"https:\/\/portalraizesnoticias.com.br\/#website\",\"url\":\"https:\/\/portalraizesnoticias.com.br\/\",\"name\":\"Portal raizes NOTICIAS\",\"description\":\"site de noticias de concei\u00e7\u00e3o do coit\u00e9 e regi\u00e3o\",\"publisher\":{\"@id\":\"https:\/\/portalraizesnoticias.com.br\/#organization\"},\"alternateName\":\"PORTAL RAIZES COIT\u00c9\",\"potentialAction\":[{\"@type\":\"SearchAction\",\"target\":{\"@type\":\"EntryPoint\",\"urlTemplate\":\"https:\/\/portalraizesnoticias.com.br\/?s={search_term_string}\"},\"query-input\":{\"@type\":\"PropertyValueSpecification\",\"valueRequired\":true,\"valueName\":\"search_term_string\"}}],\"inLanguage\":\"pt-BR\"},{\"@type\":\"Organization\",\"@id\":\"https:\/\/portalraizesnoticias.com.br\/#organization\",\"name\":\"Portal raizes NOTICIAS\",\"url\":\"https:\/\/portalraizesnoticias.com.br\/\",\"logo\":{\"@type\":\"ImageObject\",\"inLanguage\":\"pt-BR\",\"@id\":\"https:\/\/portalraizesnoticias.com.br\/#\/schema\/logo\/image\/\",\"url\":\"https:\/\/portalraizesnoticias.com.br\/wp-content\/uploads\/2024\/09\/cropped-Captura-de-tela-2024-09-08-011108.png\",\"contentUrl\":\"https:\/\/portalraizesnoticias.com.br\/wp-content\/uploads\/2024\/09\/cropped-Captura-de-tela-2024-09-08-011108.png\",\"width\":606,\"height\":173,\"caption\":\"Portal raizes NOTICIAS\"},\"image\":{\"@id\":\"https:\/\/portalraizesnoticias.com.br\/#\/schema\/logo\/image\/\"}},{\"@type\":\"Person\",\"@id\":\"https:\/\/portalraizesnoticias.com.br\/#\/schema\/person\/a3ca6b0fc701e78df19756c417d943ae\",\"name\":\"Portal Raizes\",\"image\":{\"@type\":\"ImageObject\",\"inLanguage\":\"pt-BR\",\"@id\":\"https:\/\/portalraizesnoticias.com.br\/#\/schema\/person\/image\/\",\"url\":\"https:\/\/secure.gravatar.com\/avatar\/ef450d29013a3d3fba867a12a249d7b1?s=96&d=mm&r=g\",\"contentUrl\":\"https:\/\/secure.gravatar.com\/avatar\/ef450d29013a3d3fba867a12a249d7b1?s=96&d=mm&r=g\",\"caption\":\"Portal Raizes\"},\"url\":\"https:\/\/portalraizesnoticias.com.br\/?author=3\"}]}<\/script>\n<!-- \/ Yoast SEO plugin. -->","yoast_head_json":{"title":"Menor \u00e9 flagrado empinando moto no centro de Concei\u00e7\u00e3o do Coit\u00e9; ve\u00edculo foi apreendido - Portal raizes noticias","robots":{"index":"index","follow":"follow","max-snippet":"max-snippet:-1","max-image-preview":"max-image-preview:large","max-video-preview":"max-video-preview:-1"},"canonical":"https:\/\/portalraizesnoticias.com.br\/?p=6840","og_locale":"pt_BR","og_type":"article","og_title":"Menor \u00e9 flagrado empinando moto no centro de Concei\u00e7\u00e3o do Coit\u00e9; ve\u00edculo foi apreendido - Portal raizes noticias","og_description":"Na tarde de quinta-feira (29), por volta das 17h11, um adolescente foi flagrado realizando manobras perigosas com uma motocicleta na Rua Padre Madureira, no centro de Concei\u00e7\u00e3o do Coit\u00e9, regi\u00e3o sisaleira da Bahia. PUBLICIDADE Segundo informa\u00e7\u00f5es apuradas pelo Portal Ra\u00edzes junto \u00e0 Pol\u00edcia Militar, a guarni\u00e7\u00e3o avistou o condutor empinando uma moto Honda Pop 100, de cor branca. Foi iniciado o acompanhamento e, ap\u00f3s ordem de parada, o jovem foi abordado. PUBLICIDADE Durante a abordagem, o adolescente \u2014 identificado pelas iniciais D.M. \u2014 informou que n\u00e3o possu\u00eda Carteira Nacional de Habilita\u00e7\u00e3o (CNH) e que era menor de idade. Diante da infra\u00e7\u00e3o, a motocicleta foi apreendida e encaminhada ao p\u00e1tio da 4\u00aa Companhia da Pol\u00edcia Militar, onde permanece \u00e0 disposi\u00e7\u00e3o das autoridades competentes. Foram lavradas as devidas notifica\u00e7\u00f5es de tr\u00e2nsito. O caso ser\u00e1 encaminhado aos \u00f3rg\u00e3os respons\u00e1veis para as provid\u00eancias legais cab\u00edveis. Fique sabendo!\u00a0 Empinar moto \u00e9 crime? N\u00e3o, mas \u00e9 uma infra\u00e7\u00e3o grav\u00edssima. Pode se tornar crime se causar acidente ou les\u00e3o a terceiros. No caso do adolescente, al\u00e9m da infra\u00e7\u00e3o, h\u00e1 responsabiliza\u00e7\u00e3o dos pais ou respons\u00e1veis. O menor pode ser enquadrado por ato infracional an\u00e1logo \u00e0 infra\u00e7\u00e3o de tr\u00e2nsito, e o caso \u00e9 encaminhado ao Conselho Tutelar ou Minist\u00e9rio P\u00fablico. Reda\u00e7\u00e3o Foto: Paulo Roberto Fragoso\/ Ilustra\u00e7\u00e3o","og_url":"https:\/\/portalraizesnoticias.com.br\/?p=6840","og_site_name":"Portal raizes noticias","article_published_time":"2025-05-30T19:05:40+00:00","article_modified_time":"2025-05-30T19:30:45+00:00","og_image":[{"width":532,"height":389,"url":"https:\/\/portalraizesnoticias.com.br\/wp-content\/uploads\/2025\/05\/IMG-20250530-WA0294.jpg","type":"image\/jpeg"}],"author":"Portal Raizes","twitter_card":"summary_large_image","twitter_misc":{"Escrito por":"Portal Raizes","Est. tempo de leitura":"2 minutos"},"schema":{"@context":"https:\/\/schema.org","@graph":[{"@type":"Article","@id":"https:\/\/portalraizesnoticias.com.br\/?p=6840#article","isPartOf":{"@id":"https:\/\/portalraizesnoticias.com.br\/?p=6840"},"author":{"name":"Portal Raizes","@id":"https:\/\/portalraizesnoticias.com.br\/#\/schema\/person\/a3ca6b0fc701e78df19756c417d943ae"},"headline":"Menor \u00e9 flagrado empinando moto no centro de Concei\u00e7\u00e3o do Coit\u00e9; ve\u00edculo foi apreendido","datePublished":"2025-05-30T19:05:40+00:00","dateModified":"2025-05-30T19:30:45+00:00","mainEntityOfPage":{"@id":"https:\/\/portalraizesnoticias.com.br\/?p=6840"},"wordCount":247,"commentCount":0,"publisher":{"@id":"https:\/\/portalraizesnoticias.com.br\/#organization"},"image":{"@id":"https:\/\/portalraizesnoticias.com.br\/?p=6840#primaryimage"},"thumbnailUrl":"https:\/\/portalraizesnoticias.com.br\/wp-content\/uploads\/2025\/05\/IMG-20250530-WA0294.jpg","keywords":["Coit\u00e9","Empinando moto","Flagrado","Menor"],"articleSection":["DESTAQUES","POLICIA","ULTIMAS NOTICIAS"],"inLanguage":"pt-BR","potentialAction":[{"@type":"CommentAction","name":"Comment","target":["https:\/\/portalraizesnoticias.com.br\/?p=6840#respond"]}]},{"@type":"WebPage","@id":"https:\/\/portalraizesnoticias.com.br\/?p=6840","url":"https:\/\/portalraizesnoticias.com.br\/?p=6840","name":"Menor \u00e9 flagrado empinando moto no centro de Concei\u00e7\u00e3o do Coit\u00e9; ve\u00edculo foi apreendido - Portal raizes noticias","isPartOf":{"@id":"https:\/\/portalraizesnoticias.com.br\/#website"},"primaryImageOfPage":{"@id":"https:\/\/portalraizesnoticias.com.br\/?p=6840#primaryimage"},"image":{"@id":"https:\/\/portalraizesnoticias.com.br\/?p=6840#primaryimage"},"thumbnailUrl":"https:\/\/portalraizesnoticias.com.br\/wp-content\/uploads\/2025\/05\/IMG-20250530-WA0294.jpg","datePublished":"2025-05-30T19:05:40+00:00","dateModified":"2025-05-30T19:30:45+00:00","breadcrumb":{"@id":"https:\/\/portalraizesnoticias.com.br\/?p=6840#breadcrumb"},"inLanguage":"pt-BR","potentialAction":[{"@type":"ReadAction","target":["https:\/\/portalraizesnoticias.com.br\/?p=6840"]}]},{"@type":"ImageObject","inLanguage":"pt-BR","@id":"https:\/\/portalraizesnoticias.com.br\/?p=6840#primaryimage","url":"https:\/\/portalraizesnoticias.com.br\/wp-content\/uploads\/2025\/05\/IMG-20250530-WA0294.jpg","contentUrl":"https:\/\/portalraizesnoticias.com.br\/wp-content\/uploads\/2025\/05\/IMG-20250530-WA0294.jpg","width":532,"height":389},{"@type":"BreadcrumbList","@id":"https:\/\/portalraizesnoticias.com.br\/?p=6840#breadcrumb","itemListElement":[{"@type":"ListItem","position":1,"name":"In\u00edcio","item":"https:\/\/portalraizesnoticias.com.br\/"},{"@type":"ListItem","position":2,"name":"Menor \u00e9 flagrado empinando moto no centro de Concei\u00e7\u00e3o do Coit\u00e9; ve\u00edculo foi apreendido"}]},{"@type":"WebSite","@id":"https:\/\/portalraizesnoticias.com.br\/#website","url":"https:\/\/portalraizesnoticias.com.br\/","name":"Portal raizes NOTICIAS","description":"site de noticias de concei\u00e7\u00e3o do coit\u00e9 e regi\u00e3o","publisher":{"@id":"https:\/\/portalraizesnoticias.com.br\/#organization"},"alternateName":"PORTAL RAIZES COIT\u00c9","potentialAction":[{"@type":"SearchAction","target":{"@type":"EntryPoint","urlTemplate":"https:\/\/portalraizesnoticias.com.br\/?s={search_term_string}"},"query-input":{"@type":"PropertyValueSpecification","valueRequired":true,"valueName":"search_term_string"}}],"inLanguage":"pt-BR"},{"@type":"Organization","@id":"https:\/\/portalraizesnoticias.com.br\/#organization","name":"Portal raizes NOTICIAS","url":"https:\/\/portalraizesnoticias.com.br\/","logo":{"@type":"ImageObject","inLanguage":"pt-BR","@id":"https:\/\/portalraizesnoticias.com.br\/#\/schema\/logo\/image\/","url":"https:\/\/portalraizesnoticias.com.br\/wp-content\/uploads\/2024\/09\/cropped-Captura-de-tela-2024-09-08-011108.png","contentUrl":"https:\/\/portalraizesnoticias.com.br\/wp-content\/uploads\/2024\/09\/cropped-Captura-de-tela-2024-09-08-011108.png","width":606,"height":173,"caption":"Portal raizes NOTICIAS"},"image":{"@id":"https:\/\/portalraizesnoticias.com.br\/#\/schema\/logo\/image\/"}},{"@type":"Person","@id":"https:\/\/portalraizesnoticias.com.br\/#\/schema\/person\/a3ca6b0fc701e78df19756c417d943ae","name":"Portal Raizes","image":{"@type":"ImageObject","inLanguage":"pt-BR","@id":"https:\/\/portalraizesnoticias.com.br\/#\/schema\/person\/image\/","url":"https:\/\/secure.gravatar.com\/avatar\/ef450d29013a3d3fba867a12a249d7b1?s=96&d=mm&r=g","contentUrl":"https:\/\/secure.gravatar.com\/avatar\/ef450d29013a3d3fba867a12a249d7b1?s=96&d=mm&r=g","caption":"Portal Raizes"},"url":"https:\/\/portalraizesnoticias.com.br\/?author=3"}]}},"_links":{"self":[{"href":"https:\/\/portalraizesnoticias.com.br\/index.php?rest_route=\/wp\/v2\/posts\/6840"}],"collection":[{"href":"https:\/\/portalraizesnoticias.com.br\/index.php?rest_route=\/wp\/v2\/posts"}],"about":[{"href":"https:\/\/portalraizesnoticias.com.br\/index.php?rest_route=\/wp\/v2\/types\/post"}],"author":[{"embeddable":true,"href":"https:\/\/portalraizesnoticias.com.br\/index.php?rest_route=\/wp\/v2\/users\/3"}],"replies":[{"embeddable":true,"href":"https:\/\/portalraizesnoticias.com.br\/index.php?rest_route=%2Fwp%2Fv2%2Fcomments&post=6840"}],"version-history":[{"count":3,"href":"https:\/\/portalraizesnoticias.com.br\/index.php?rest_route=\/wp\/v2\/posts\/6840\/revisions"}],"predecessor-version":[{"id":6845,"href":"https:\/\/portalraizesnoticias.com.br\/index.php?rest_route=\/wp\/v2\/posts\/6840\/revisions\/6845"}],"wp:featuredmedia":[{"embeddable":true,"href":"https:\/\/portalraizesnoticias.com.br\/index.php?rest_route=\/wp\/v2\/media\/6841"}],"wp:attachment":[{"href":"https:\/\/portalraizesnoticias.com.br\/index.php?rest_route=%2Fwp%2Fv2%2Fmedia&parent=6840"}],"wp:term":[{"taxonomy":"category","embeddable":true,"href":"https:\/\/portalraizesnoticias.com.br\/index.php?rest_route=%2Fwp%2Fv2%2Fcategories&post=6840"},{"taxonomy":"post_tag","embeddable":true,"href":"https:\/\/portalraizesnoticias.com.br\/index.php?rest_route=%2Fwp%2Fv2%2Ftags&post=6840"}],"curies":[{"name":"wp","href":"https:\/\/api.w.org\/{rel}","templated":true}]}}