{"id":6817,"date":"2025-05-27T23:42:55","date_gmt":"2025-05-28T02:42:55","guid":{"rendered":"https:\/\/portalraizesnoticias.com.br\/?p=6817"},"modified":"2025-05-27T23:42:56","modified_gmt":"2025-05-28T02:42:56","slug":"restos-mortais-de-idoso-desaparecido-em-2022-sao-liberados-para-sepultamento-em-conceicao-do-coite","status":"publish","type":"post","link":"https:\/\/portalraizesnoticias.com.br\/?p=6817","title":{"rendered":"Restos mortais de idoso desaparecido em 2022 s\u00e3o liberados para sepultamento em Concei\u00e7\u00e3o do Coit\u00e9"},"content":{"rendered":"<p>Depois de mais de tr\u00eas anos de ang\u00fastia e incertezas, os familiares de Delmiro de Jesus finalmente poder\u00e3o realizar seu sepultamento. Conhecido na comunidade como &#8220;Senhor Delmiro&#8221;, o aposentado de 72 anos desapareceu no dia 1\u00ba de janeiro de 2022, no distrito de Aroeira, zona rural de Concei\u00e7\u00e3o do Coit\u00e9. As informa\u00e7\u00f5es s\u00e3o do site Calila Noticias<\/p>\n<p>Os restos mortais, j\u00e1 em estado de ossada, foram encontrados 51 dias depois, em 21 de fevereiro do mesmo ano. No entanto, somente nesta ter\u00e7a-feira (27), o Departamento de Pol\u00edcia T\u00e9cnica (DPT) de Serrinha concluiu oficialmente o processo de identifica\u00e7\u00e3o e liberou os restos mortais para sepultamento. A demora se deveu aos rigorosos procedimentos t\u00e9cnicos e legais exigidos pela per\u00edcia forense.<\/p>\n<p>Desde o in\u00edcio, a fam\u00edlia acreditava que os restos encontrados pertenciam ao idoso, mesmo antes da confirma\u00e7\u00e3o oficial. O desaparecimento teve grande repercuss\u00e3o na regi\u00e3o e mobilizou equipes especializadas vindas de Salvador, incluindo o apoio de c\u00e3es farejadores. Guarni\u00e7\u00f5es do 16\u00ba Batalh\u00e3o da Pol\u00edcia Militar, sediado em Serrinha, tamb\u00e9m participaram das buscas. Apesar dos esfor\u00e7os, o corpo s\u00f3 foi localizado semanas depois, sem possibilidade de identifica\u00e7\u00e3o imediata.<\/p>\n<p>Evandro Oliveira, sobrinho de Delmiro e subcomandante da Brigada \u00c1guia Resgate, informou ao portal Calila Not\u00edcias que o sepultamento ser\u00e1 realizado nesta quarta-feira (28), \u00e0s 14h, no cemit\u00e9rio do distrito de Aroeira, localizado a cerca de 18 km da sede do munic\u00edpio.<\/p>\n<p>Para a fam\u00edlia, este momento representa o encerramento de um longo per\u00edodo de sofrimento e a oportunidade de prestar as \u00faltimas homenagens ao ente querido.<\/p>\n<p>Informa\u00e7\u00f5es Calila Noticias<\/p>\n","protected":false},"excerpt":{"rendered":"<p>Depois de mais de tr\u00eas anos de ang\u00fastia e incertezas, os familiares de Delmiro de Jesus finalmente poder\u00e3o realizar seu sepultamento. Conhecido na comunidade como &#8220;Senhor Delmiro&#8221;, o aposentado de 72 anos desapareceu no dia 1\u00ba de janeiro de 2022, no distrito de Aroeira, zona rural de Concei\u00e7\u00e3o do Coit\u00e9. As informa\u00e7\u00f5es s\u00e3o do site Calila Noticias Os restos mortais, j\u00e1 em estado de ossada, foram encontrados 51 dias depois, em 21 de fevereiro do mesmo ano. No entanto, somente nesta ter\u00e7a-feira (27), o Departamento de Pol\u00edcia T\u00e9cnica (DPT) de Serrinha concluiu oficialmente o processo de identifica\u00e7\u00e3o e liberou os restos mortais para sepultamento. A demora se deveu aos rigorosos procedimentos t\u00e9cnicos e legais exigidos pela per\u00edcia forense. Desde o in\u00edcio, a fam\u00edlia acreditava que os restos encontrados pertenciam ao idoso, mesmo antes da confirma\u00e7\u00e3o oficial. O desaparecimento teve grande repercuss\u00e3o na regi\u00e3o e mobilizou equipes especializadas vindas de Salvador, incluindo o apoio de c\u00e3es farejadores. Guarni\u00e7\u00f5es do 16\u00ba Batalh\u00e3o da Pol\u00edcia Militar, sediado em Serrinha, tamb\u00e9m participaram das buscas. Apesar dos esfor\u00e7os, o corpo s\u00f3 foi localizado semanas depois, sem possibilidade de identifica\u00e7\u00e3o imediata. Evandro Oliveira, sobrinho de Delmiro e subcomandante da Brigada \u00c1guia Resgate, informou ao portal Calila Not\u00edcias que o sepultamento ser\u00e1 realizado nesta quarta-feira (28), \u00e0s 14h, no cemit\u00e9rio do distrito de Aroeira, localizado a cerca de 18 km da sede do munic\u00edpio. Para a fam\u00edlia, este momento representa o encerramento de um longo per\u00edodo de sofrimento e a oportunidade de prestar as \u00faltimas homenagens ao ente querido. Informa\u00e7\u00f5es Calila Noticias<\/p>\n","protected":false},"author":3,"featured_media":6818,"comment_status":"open","ping_status":"open","sticky":false,"template":"","format":"standard","meta":{"_joinchat":[],"footnotes":""},"categories":[55,59],"tags":[771,1140,79],"class_list":["post-6817","post","type-post","status-publish","format-standard","has-post-thumbnail","hentry","category-destaques","category-ultimas-noticias","tag-aroeira","tag-desapardcido","tag-idoso"],"yoast_head":"<!-- This site is optimized with the Yoast SEO plugin v24.4 - https:\/\/yoast.com\/wordpress\/plugins\/seo\/ -->\n<title>Restos mortais de idoso desaparecido em 2022 s\u00e3o liberados para sepultamento em Concei\u00e7\u00e3o do Coit\u00e9 - Portal raizes noticias<\/title>\n<meta name=\"robots\" content=\"index, follow, max-snippet:-1, max-image-preview:large, max-video-preview:-1\" \/>\n<link rel=\"canonical\" href=\"https:\/\/portalraizesnoticias.com.br\/?p=6817\" \/>\n<meta property=\"og:locale\" content=\"pt_BR\" \/>\n<meta property=\"og:type\" content=\"article\" \/>\n<meta property=\"og:title\" content=\"Restos mortais de idoso desaparecido em 2022 s\u00e3o liberados para sepultamento em Concei\u00e7\u00e3o do Coit\u00e9 - Portal raizes noticias\" \/>\n<meta property=\"og:description\" content=\"Depois de mais de tr\u00eas anos de ang\u00fastia e incertezas, os familiares de Delmiro de Jesus finalmente poder\u00e3o realizar seu sepultamento. Conhecido na comunidade como &#8220;Senhor Delmiro&#8221;, o aposentado de 72 anos desapareceu no dia 1\u00ba de janeiro de 2022, no distrito de Aroeira, zona rural de Concei\u00e7\u00e3o do Coit\u00e9. As informa\u00e7\u00f5es s\u00e3o do site Calila Noticias Os restos mortais, j\u00e1 em estado de ossada, foram encontrados 51 dias depois, em 21 de fevereiro do mesmo ano. No entanto, somente nesta ter\u00e7a-feira (27), o Departamento de Pol\u00edcia T\u00e9cnica (DPT) de Serrinha concluiu oficialmente o processo de identifica\u00e7\u00e3o e liberou os restos mortais para sepultamento. A demora se deveu aos rigorosos procedimentos t\u00e9cnicos e legais exigidos pela per\u00edcia forense. Desde o in\u00edcio, a fam\u00edlia acreditava que os restos encontrados pertenciam ao idoso, mesmo antes da confirma\u00e7\u00e3o oficial. O desaparecimento teve grande repercuss\u00e3o na regi\u00e3o e mobilizou equipes especializadas vindas de Salvador, incluindo o apoio de c\u00e3es farejadores. Guarni\u00e7\u00f5es do 16\u00ba Batalh\u00e3o da Pol\u00edcia Militar, sediado em Serrinha, tamb\u00e9m participaram das buscas. Apesar dos esfor\u00e7os, o corpo s\u00f3 foi localizado semanas depois, sem possibilidade de identifica\u00e7\u00e3o imediata. Evandro Oliveira, sobrinho de Delmiro e subcomandante da Brigada \u00c1guia Resgate, informou ao portal Calila Not\u00edcias que o sepultamento ser\u00e1 realizado nesta quarta-feira (28), \u00e0s 14h, no cemit\u00e9rio do distrito de Aroeira, localizado a cerca de 18 km da sede do munic\u00edpio. Para a fam\u00edlia, este momento representa o encerramento de um longo per\u00edodo de sofrimento e a oportunidade de prestar as \u00faltimas homenagens ao ente querido. Informa\u00e7\u00f5es Calila Noticias\" \/>\n<meta property=\"og:url\" content=\"https:\/\/portalraizesnoticias.com.br\/?p=6817\" \/>\n<meta property=\"og:site_name\" content=\"Portal raizes noticias\" \/>\n<meta property=\"article:published_time\" content=\"2025-05-28T02:42:55+00:00\" \/>\n<meta property=\"article:modified_time\" content=\"2025-05-28T02:42:56+00:00\" \/>\n<meta property=\"og:image\" content=\"https:\/\/portalraizesnoticias.com.br\/wp-content\/uploads\/2025\/05\/IMG-20250527-WA0773.jpg\" \/>\n\t<meta property=\"og:image:width\" content=\"800\" \/>\n\t<meta property=\"og:image:height\" content=\"812\" \/>\n\t<meta property=\"og:image:type\" content=\"image\/jpeg\" \/>\n<meta name=\"author\" content=\"Portal Raizes\" \/>\n<meta name=\"twitter:card\" content=\"summary_large_image\" \/>\n<meta name=\"twitter:label1\" content=\"Escrito por\" \/>\n\t<meta name=\"twitter:data1\" content=\"Portal Raizes\" \/>\n\t<meta name=\"twitter:label2\" content=\"Est. tempo de leitura\" \/>\n\t<meta name=\"twitter:data2\" content=\"2 minutos\" \/>\n<script type=\"application\/ld+json\" class=\"yoast-schema-graph\">{\"@context\":\"https:\/\/schema.org\",\"@graph\":[{\"@type\":\"Article\",\"@id\":\"https:\/\/portalraizesnoticias.com.br\/?p=6817#article\",\"isPartOf\":{\"@id\":\"https:\/\/portalraizesnoticias.com.br\/?p=6817\"},\"author\":{\"name\":\"Portal Raizes\",\"@id\":\"https:\/\/portalraizesnoticias.com.br\/#\/schema\/person\/a3ca6b0fc701e78df19756c417d943ae\"},\"headline\":\"Restos mortais de idoso desaparecido em 2022 s\u00e3o liberados para sepultamento em Concei\u00e7\u00e3o do Coit\u00e9\",\"datePublished\":\"2025-05-28T02:42:55+00:00\",\"dateModified\":\"2025-05-28T02:42:56+00:00\",\"mainEntityOfPage\":{\"@id\":\"https:\/\/portalraizesnoticias.com.br\/?p=6817\"},\"wordCount\":292,\"commentCount\":0,\"publisher\":{\"@id\":\"https:\/\/portalraizesnoticias.com.br\/#organization\"},\"image\":{\"@id\":\"https:\/\/portalraizesnoticias.com.br\/?p=6817#primaryimage\"},\"thumbnailUrl\":\"https:\/\/portalraizesnoticias.com.br\/wp-content\/uploads\/2025\/05\/IMG-20250527-WA0773.jpg\",\"keywords\":[\"Aroeira\",\"Desapardcido\",\"Idoso\"],\"articleSection\":[\"DESTAQUES\",\"ULTIMAS NOTICIAS\"],\"inLanguage\":\"pt-BR\",\"potentialAction\":[{\"@type\":\"CommentAction\",\"name\":\"Comment\",\"target\":[\"https:\/\/portalraizesnoticias.com.br\/?p=6817#respond\"]}]},{\"@type\":\"WebPage\",\"@id\":\"https:\/\/portalraizesnoticias.com.br\/?p=6817\",\"url\":\"https:\/\/portalraizesnoticias.com.br\/?p=6817\",\"name\":\"Restos mortais de idoso desaparecido em 2022 s\u00e3o liberados para sepultamento em Concei\u00e7\u00e3o do Coit\u00e9 - Portal raizes noticias\",\"isPartOf\":{\"@id\":\"https:\/\/portalraizesnoticias.com.br\/#website\"},\"primaryImageOfPage\":{\"@id\":\"https:\/\/portalraizesnoticias.com.br\/?p=6817#primaryimage\"},\"image\":{\"@id\":\"https:\/\/portalraizesnoticias.com.br\/?p=6817#primaryimage\"},\"thumbnailUrl\":\"https:\/\/portalraizesnoticias.com.br\/wp-content\/uploads\/2025\/05\/IMG-20250527-WA0773.jpg\",\"datePublished\":\"2025-05-28T02:42:55+00:00\",\"dateModified\":\"2025-05-28T02:42:56+00:00\",\"breadcrumb\":{\"@id\":\"https:\/\/portalraizesnoticias.com.br\/?p=6817#breadcrumb\"},\"inLanguage\":\"pt-BR\",\"potentialAction\":[{\"@type\":\"ReadAction\",\"target\":[\"https:\/\/portalraizesnoticias.com.br\/?p=6817\"]}]},{\"@type\":\"ImageObject\",\"inLanguage\":\"pt-BR\",\"@id\":\"https:\/\/portalraizesnoticias.com.br\/?p=6817#primaryimage\",\"url\":\"https:\/\/portalraizesnoticias.com.br\/wp-content\/uploads\/2025\/05\/IMG-20250527-WA0773.jpg\",\"contentUrl\":\"https:\/\/portalraizesnoticias.com.br\/wp-content\/uploads\/2025\/05\/IMG-20250527-WA0773.jpg\",\"width\":800,\"height\":812},{\"@type\":\"BreadcrumbList\",\"@id\":\"https:\/\/portalraizesnoticias.com.br\/?p=6817#breadcrumb\",\"itemListElement\":[{\"@type\":\"ListItem\",\"position\":1,\"name\":\"In\u00edcio\",\"item\":\"https:\/\/portalraizesnoticias.com.br\/\"},{\"@type\":\"ListItem\",\"position\":2,\"name\":\"Restos mortais de idoso desaparecido em 2022 s\u00e3o liberados para sepultamento em Concei\u00e7\u00e3o do Coit\u00e9\"}]},{\"@type\":\"WebSite\",\"@id\":\"https:\/\/portalraizesnoticias.com.br\/#website\",\"url\":\"https:\/\/portalraizesnoticias.com.br\/\",\"name\":\"Portal raizes NOTICIAS\",\"description\":\"site de noticias de concei\u00e7\u00e3o do coit\u00e9 e regi\u00e3o\",\"publisher\":{\"@id\":\"https:\/\/portalraizesnoticias.com.br\/#organization\"},\"alternateName\":\"PORTAL RAIZES COIT\u00c9\",\"potentialAction\":[{\"@type\":\"SearchAction\",\"target\":{\"@type\":\"EntryPoint\",\"urlTemplate\":\"https:\/\/portalraizesnoticias.com.br\/?s={search_term_string}\"},\"query-input\":{\"@type\":\"PropertyValueSpecification\",\"valueRequired\":true,\"valueName\":\"search_term_string\"}}],\"inLanguage\":\"pt-BR\"},{\"@type\":\"Organization\",\"@id\":\"https:\/\/portalraizesnoticias.com.br\/#organization\",\"name\":\"Portal raizes NOTICIAS\",\"url\":\"https:\/\/portalraizesnoticias.com.br\/\",\"logo\":{\"@type\":\"ImageObject\",\"inLanguage\":\"pt-BR\",\"@id\":\"https:\/\/portalraizesnoticias.com.br\/#\/schema\/logo\/image\/\",\"url\":\"https:\/\/portalraizesnoticias.com.br\/wp-content\/uploads\/2024\/09\/cropped-Captura-de-tela-2024-09-08-011108.png\",\"contentUrl\":\"https:\/\/portalraizesnoticias.com.br\/wp-content\/uploads\/2024\/09\/cropped-Captura-de-tela-2024-09-08-011108.png\",\"width\":606,\"height\":173,\"caption\":\"Portal raizes NOTICIAS\"},\"image\":{\"@id\":\"https:\/\/portalraizesnoticias.com.br\/#\/schema\/logo\/image\/\"}},{\"@type\":\"Person\",\"@id\":\"https:\/\/portalraizesnoticias.com.br\/#\/schema\/person\/a3ca6b0fc701e78df19756c417d943ae\",\"name\":\"Portal Raizes\",\"image\":{\"@type\":\"ImageObject\",\"inLanguage\":\"pt-BR\",\"@id\":\"https:\/\/portalraizesnoticias.com.br\/#\/schema\/person\/image\/\",\"url\":\"https:\/\/secure.gravatar.com\/avatar\/ef450d29013a3d3fba867a12a249d7b1?s=96&d=mm&r=g\",\"contentUrl\":\"https:\/\/secure.gravatar.com\/avatar\/ef450d29013a3d3fba867a12a249d7b1?s=96&d=mm&r=g\",\"caption\":\"Portal Raizes\"},\"url\":\"https:\/\/portalraizesnoticias.com.br\/?author=3\"}]}<\/script>\n<!-- \/ Yoast SEO plugin. -->","yoast_head_json":{"title":"Restos mortais de idoso desaparecido em 2022 s\u00e3o liberados para sepultamento em Concei\u00e7\u00e3o do Coit\u00e9 - Portal raizes noticias","robots":{"index":"index","follow":"follow","max-snippet":"max-snippet:-1","max-image-preview":"max-image-preview:large","max-video-preview":"max-video-preview:-1"},"canonical":"https:\/\/portalraizesnoticias.com.br\/?p=6817","og_locale":"pt_BR","og_type":"article","og_title":"Restos mortais de idoso desaparecido em 2022 s\u00e3o liberados para sepultamento em Concei\u00e7\u00e3o do Coit\u00e9 - Portal raizes noticias","og_description":"Depois de mais de tr\u00eas anos de ang\u00fastia e incertezas, os familiares de Delmiro de Jesus finalmente poder\u00e3o realizar seu sepultamento. Conhecido na comunidade como &#8220;Senhor Delmiro&#8221;, o aposentado de 72 anos desapareceu no dia 1\u00ba de janeiro de 2022, no distrito de Aroeira, zona rural de Concei\u00e7\u00e3o do Coit\u00e9. As informa\u00e7\u00f5es s\u00e3o do site Calila Noticias Os restos mortais, j\u00e1 em estado de ossada, foram encontrados 51 dias depois, em 21 de fevereiro do mesmo ano. No entanto, somente nesta ter\u00e7a-feira (27), o Departamento de Pol\u00edcia T\u00e9cnica (DPT) de Serrinha concluiu oficialmente o processo de identifica\u00e7\u00e3o e liberou os restos mortais para sepultamento. A demora se deveu aos rigorosos procedimentos t\u00e9cnicos e legais exigidos pela per\u00edcia forense. Desde o in\u00edcio, a fam\u00edlia acreditava que os restos encontrados pertenciam ao idoso, mesmo antes da confirma\u00e7\u00e3o oficial. O desaparecimento teve grande repercuss\u00e3o na regi\u00e3o e mobilizou equipes especializadas vindas de Salvador, incluindo o apoio de c\u00e3es farejadores. Guarni\u00e7\u00f5es do 16\u00ba Batalh\u00e3o da Pol\u00edcia Militar, sediado em Serrinha, tamb\u00e9m participaram das buscas. Apesar dos esfor\u00e7os, o corpo s\u00f3 foi localizado semanas depois, sem possibilidade de identifica\u00e7\u00e3o imediata. Evandro Oliveira, sobrinho de Delmiro e subcomandante da Brigada \u00c1guia Resgate, informou ao portal Calila Not\u00edcias que o sepultamento ser\u00e1 realizado nesta quarta-feira (28), \u00e0s 14h, no cemit\u00e9rio do distrito de Aroeira, localizado a cerca de 18 km da sede do munic\u00edpio. Para a fam\u00edlia, este momento representa o encerramento de um longo per\u00edodo de sofrimento e a oportunidade de prestar as \u00faltimas homenagens ao ente querido. Informa\u00e7\u00f5es Calila Noticias","og_url":"https:\/\/portalraizesnoticias.com.br\/?p=6817","og_site_name":"Portal raizes noticias","article_published_time":"2025-05-28T02:42:55+00:00","article_modified_time":"2025-05-28T02:42:56+00:00","og_image":[{"width":800,"height":812,"url":"https:\/\/portalraizesnoticias.com.br\/wp-content\/uploads\/2025\/05\/IMG-20250527-WA0773.jpg","type":"image\/jpeg"}],"author":"Portal Raizes","twitter_card":"summary_large_image","twitter_misc":{"Escrito por":"Portal Raizes","Est. tempo de leitura":"2 minutos"},"schema":{"@context":"https:\/\/schema.org","@graph":[{"@type":"Article","@id":"https:\/\/portalraizesnoticias.com.br\/?p=6817#article","isPartOf":{"@id":"https:\/\/portalraizesnoticias.com.br\/?p=6817"},"author":{"name":"Portal Raizes","@id":"https:\/\/portalraizesnoticias.com.br\/#\/schema\/person\/a3ca6b0fc701e78df19756c417d943ae"},"headline":"Restos mortais de idoso desaparecido em 2022 s\u00e3o liberados para sepultamento em Concei\u00e7\u00e3o do Coit\u00e9","datePublished":"2025-05-28T02:42:55+00:00","dateModified":"2025-05-28T02:42:56+00:00","mainEntityOfPage":{"@id":"https:\/\/portalraizesnoticias.com.br\/?p=6817"},"wordCount":292,"commentCount":0,"publisher":{"@id":"https:\/\/portalraizesnoticias.com.br\/#organization"},"image":{"@id":"https:\/\/portalraizesnoticias.com.br\/?p=6817#primaryimage"},"thumbnailUrl":"https:\/\/portalraizesnoticias.com.br\/wp-content\/uploads\/2025\/05\/IMG-20250527-WA0773.jpg","keywords":["Aroeira","Desapardcido","Idoso"],"articleSection":["DESTAQUES","ULTIMAS NOTICIAS"],"inLanguage":"pt-BR","potentialAction":[{"@type":"CommentAction","name":"Comment","target":["https:\/\/portalraizesnoticias.com.br\/?p=6817#respond"]}]},{"@type":"WebPage","@id":"https:\/\/portalraizesnoticias.com.br\/?p=6817","url":"https:\/\/portalraizesnoticias.com.br\/?p=6817","name":"Restos mortais de idoso desaparecido em 2022 s\u00e3o liberados para sepultamento em Concei\u00e7\u00e3o do Coit\u00e9 - Portal raizes noticias","isPartOf":{"@id":"https:\/\/portalraizesnoticias.com.br\/#website"},"primaryImageOfPage":{"@id":"https:\/\/portalraizesnoticias.com.br\/?p=6817#primaryimage"},"image":{"@id":"https:\/\/portalraizesnoticias.com.br\/?p=6817#primaryimage"},"thumbnailUrl":"https:\/\/portalraizesnoticias.com.br\/wp-content\/uploads\/2025\/05\/IMG-20250527-WA0773.jpg","datePublished":"2025-05-28T02:42:55+00:00","dateModified":"2025-05-28T02:42:56+00:00","breadcrumb":{"@id":"https:\/\/portalraizesnoticias.com.br\/?p=6817#breadcrumb"},"inLanguage":"pt-BR","potentialAction":[{"@type":"ReadAction","target":["https:\/\/portalraizesnoticias.com.br\/?p=6817"]}]},{"@type":"ImageObject","inLanguage":"pt-BR","@id":"https:\/\/portalraizesnoticias.com.br\/?p=6817#primaryimage","url":"https:\/\/portalraizesnoticias.com.br\/wp-content\/uploads\/2025\/05\/IMG-20250527-WA0773.jpg","contentUrl":"https:\/\/portalraizesnoticias.com.br\/wp-content\/uploads\/2025\/05\/IMG-20250527-WA0773.jpg","width":800,"height":812},{"@type":"BreadcrumbList","@id":"https:\/\/portalraizesnoticias.com.br\/?p=6817#breadcrumb","itemListElement":[{"@type":"ListItem","position":1,"name":"In\u00edcio","item":"https:\/\/portalraizesnoticias.com.br\/"},{"@type":"ListItem","position":2,"name":"Restos mortais de idoso desaparecido em 2022 s\u00e3o liberados para sepultamento em Concei\u00e7\u00e3o do Coit\u00e9"}]},{"@type":"WebSite","@id":"https:\/\/portalraizesnoticias.com.br\/#website","url":"https:\/\/portalraizesnoticias.com.br\/","name":"Portal raizes NOTICIAS","description":"site de noticias de concei\u00e7\u00e3o do coit\u00e9 e regi\u00e3o","publisher":{"@id":"https:\/\/portalraizesnoticias.com.br\/#organization"},"alternateName":"PORTAL RAIZES COIT\u00c9","potentialAction":[{"@type":"SearchAction","target":{"@type":"EntryPoint","urlTemplate":"https:\/\/portalraizesnoticias.com.br\/?s={search_term_string}"},"query-input":{"@type":"PropertyValueSpecification","valueRequired":true,"valueName":"search_term_string"}}],"inLanguage":"pt-BR"},{"@type":"Organization","@id":"https:\/\/portalraizesnoticias.com.br\/#organization","name":"Portal raizes NOTICIAS","url":"https:\/\/portalraizesnoticias.com.br\/","logo":{"@type":"ImageObject","inLanguage":"pt-BR","@id":"https:\/\/portalraizesnoticias.com.br\/#\/schema\/logo\/image\/","url":"https:\/\/portalraizesnoticias.com.br\/wp-content\/uploads\/2024\/09\/cropped-Captura-de-tela-2024-09-08-011108.png","contentUrl":"https:\/\/portalraizesnoticias.com.br\/wp-content\/uploads\/2024\/09\/cropped-Captura-de-tela-2024-09-08-011108.png","width":606,"height":173,"caption":"Portal raizes NOTICIAS"},"image":{"@id":"https:\/\/portalraizesnoticias.com.br\/#\/schema\/logo\/image\/"}},{"@type":"Person","@id":"https:\/\/portalraizesnoticias.com.br\/#\/schema\/person\/a3ca6b0fc701e78df19756c417d943ae","name":"Portal Raizes","image":{"@type":"ImageObject","inLanguage":"pt-BR","@id":"https:\/\/portalraizesnoticias.com.br\/#\/schema\/person\/image\/","url":"https:\/\/secure.gravatar.com\/avatar\/ef450d29013a3d3fba867a12a249d7b1?s=96&d=mm&r=g","contentUrl":"https:\/\/secure.gravatar.com\/avatar\/ef450d29013a3d3fba867a12a249d7b1?s=96&d=mm&r=g","caption":"Portal Raizes"},"url":"https:\/\/portalraizesnoticias.com.br\/?author=3"}]}},"_links":{"self":[{"href":"https:\/\/portalraizesnoticias.com.br\/index.php?rest_route=\/wp\/v2\/posts\/6817"}],"collection":[{"href":"https:\/\/portalraizesnoticias.com.br\/index.php?rest_route=\/wp\/v2\/posts"}],"about":[{"href":"https:\/\/portalraizesnoticias.com.br\/index.php?rest_route=\/wp\/v2\/types\/post"}],"author":[{"embeddable":true,"href":"https:\/\/portalraizesnoticias.com.br\/index.php?rest_route=\/wp\/v2\/users\/3"}],"replies":[{"embeddable":true,"href":"https:\/\/portalraizesnoticias.com.br\/index.php?rest_route=%2Fwp%2Fv2%2Fcomments&post=6817"}],"version-history":[{"count":1,"href":"https:\/\/portalraizesnoticias.com.br\/index.php?rest_route=\/wp\/v2\/posts\/6817\/revisions"}],"predecessor-version":[{"id":6819,"href":"https:\/\/portalraizesnoticias.com.br\/index.php?rest_route=\/wp\/v2\/posts\/6817\/revisions\/6819"}],"wp:featuredmedia":[{"embeddable":true,"href":"https:\/\/portalraizesnoticias.com.br\/index.php?rest_route=\/wp\/v2\/media\/6818"}],"wp:attachment":[{"href":"https:\/\/portalraizesnoticias.com.br\/index.php?rest_route=%2Fwp%2Fv2%2Fmedia&parent=6817"}],"wp:term":[{"taxonomy":"category","embeddable":true,"href":"https:\/\/portalraizesnoticias.com.br\/index.php?rest_route=%2Fwp%2Fv2%2Fcategories&post=6817"},{"taxonomy":"post_tag","embeddable":true,"href":"https:\/\/portalraizesnoticias.com.br\/index.php?rest_route=%2Fwp%2Fv2%2Ftags&post=6817"}],"curies":[{"name":"wp","href":"https:\/\/api.w.org\/{rel}","templated":true}]}}