{"id":6754,"date":"2025-05-23T00:19:34","date_gmt":"2025-05-23T03:19:34","guid":{"rendered":"https:\/\/portalraizesnoticias.com.br\/?p=6754"},"modified":"2025-05-23T00:19:34","modified_gmt":"2025-05-23T03:19:34","slug":"thiago-rios-disputa-a-segunda-etapa-da-copa-bravar","status":"publish","type":"post","link":"https:\/\/portalraizesnoticias.com.br\/?p=6754","title":{"rendered":"Thiago Rios disputa a segunda etapa da Copa Bravar"},"content":{"rendered":"<p>O promissor piloto de kart Thiago Rios, de Feira de Santana, segue firme em sua trajet\u00f3ria nas pistas e se prepara para mais um desafio importante em sua carreira. No dia 24 de maio, ele participar\u00e1 da segunda etapa da Copa Bravar, que ser\u00e1 realizada no Kart\u00f3dromo Ayrton Senna, em Lauro de Freitas, Bahia.<\/p>\n<p><img fetchpriority=\"high\" decoding=\"async\" class=\"size-medium wp-image-6756 aligncenter\" src=\"https:\/\/portalraizesnoticias.com.br\/wp-content\/uploads\/2025\/05\/Kartba26-1-de-1-300x209.jpg\" alt=\"\" width=\"300\" height=\"209\" srcset=\"https:\/\/portalraizesnoticias.com.br\/wp-content\/uploads\/2025\/05\/Kartba26-1-de-1-300x209.jpg 300w, https:\/\/portalraizesnoticias.com.br\/wp-content\/uploads\/2025\/05\/Kartba26-1-de-1-1024x714.jpg 1024w, https:\/\/portalraizesnoticias.com.br\/wp-content\/uploads\/2025\/05\/Kartba26-1-de-1-768x536.jpg 768w, https:\/\/portalraizesnoticias.com.br\/wp-content\/uploads\/2025\/05\/Kartba26-1-de-1-1536x1072.jpg 1536w, https:\/\/portalraizesnoticias.com.br\/wp-content\/uploads\/2025\/05\/Kartba26-1-de-1-2048x1429.jpg 2048w\" sizes=\"(max-width: 300px) 100vw, 300px\" \/>.<\/p>\n<p>Aos 18 anos, Thiago carrega a paix\u00e3o pelo automobilismo no sangue. Filho de Mateus Rios, tamb\u00e9m ex-piloto de kart, cresceu imerso no mundo da velocidade. Ap\u00f3s iniciar sua trajet\u00f3ria no kart indoor em Feira de Santana, Thiago decidiu al\u00e7ar voos mais altos em 2023, come\u00e7ando a treinar profissionalmente. A dedica\u00e7\u00e3o logo trouxe resultados: conquistou o t\u00edtulo de campe\u00e3o no Campeonato Larco Baiano de Kart-Rental em seu ano de estreia nas pistas.<\/p>\n<p>\u00a0<\/p>\n<p>O sucesso continuou em 2024, com a conquista do bicampeonato baiano, desta vez na categoria F4 Light, e a gradua\u00e7\u00e3o como piloto de kart. Agora, competindo na categoria Graduados, Thiago divide seu tempo entre os treinos no Kart\u00f3dromo Ayrton Senna e a prepara\u00e7\u00e3o f\u00edsica, que inclui acompanhamento nutricional e rotina de exerc\u00edcios.<\/p>\n<p>\u00a0<\/p>\n<p>\u201cCom a ajuda da minha equipe, patrocinadores e fam\u00edlia, quero me dedicar ainda mais ao esporte que amo\u201d, afirma Thiago. Seu objetivo para 2025 \u00e9 ambicioso: figurar entre os 10 melhores da Copa do Brasil na categoria Graduado. A Copa Bravar representa uma importante etapa nessa jornada. \u201cEstou na expectativa e focado em conquistar bons resultados\u201d, completa o jovem piloto, que sonha em chegar \u00e0 Stock Car e competir ao lado de seus \u00eddolos.<\/p>\n<p>\u00a0<\/p>\n<p>A segunda etapa da Copa Bravar promete fortes emo\u00e7\u00f5es e coloca novamente Thiago Rios sob os holofotes do kartismo baiano. Acompanhe a trajet\u00f3ria desse jovem talento rumo ao topo do automobilismo brasileiro.<\/p>\n<p>\u00a0<\/p>\n<p>Acompanhe Thiago nas redes sociais:<\/p>\n<p><a href=\"https:\/\/www.instagram.com\/thiagodrioss\/\">https:\/\/www.instagram.com\/thiagodrioss\/<\/a><\/p>\n<p>\u00a0<\/p>\n\n\n<p>Fotos e texto Ascom <\/p>\n","protected":false},"excerpt":{"rendered":"<p>O promissor piloto de kart Thiago Rios, de Feira de Santana, segue firme em sua trajet\u00f3ria nas pistas e se prepara para mais um desafio importante em sua carreira. No dia 24 de maio, ele participar\u00e1 da segunda etapa da Copa Bravar, que ser\u00e1 realizada no Kart\u00f3dromo Ayrton Senna, em Lauro de Freitas, Bahia. . Aos 18 anos, Thiago carrega a paix\u00e3o pelo automobilismo no sangue. Filho de Mateus Rios, tamb\u00e9m ex-piloto de kart, cresceu imerso no mundo da velocidade. Ap\u00f3s iniciar sua trajet\u00f3ria no kart indoor em Feira de Santana, Thiago decidiu al\u00e7ar voos mais altos em 2023, come\u00e7ando a treinar profissionalmente. A dedica\u00e7\u00e3o logo trouxe resultados: conquistou o t\u00edtulo de campe\u00e3o no Campeonato Larco Baiano de Kart-Rental em seu ano de estreia nas pistas. \u00a0 O sucesso continuou em 2024, com a conquista do bicampeonato baiano, desta vez na categoria F4 Light, e a gradua\u00e7\u00e3o como piloto de kart. Agora, competindo na categoria Graduados, Thiago divide seu tempo entre os treinos no Kart\u00f3dromo Ayrton Senna e a prepara\u00e7\u00e3o f\u00edsica, que inclui acompanhamento nutricional e rotina de exerc\u00edcios. \u00a0 \u201cCom a ajuda da minha equipe, patrocinadores e fam\u00edlia, quero me dedicar ainda mais ao esporte que amo\u201d, afirma Thiago. Seu objetivo para 2025 \u00e9 ambicioso: figurar entre os 10 melhores da Copa do Brasil na categoria Graduado. A Copa Bravar representa uma importante etapa nessa jornada. \u201cEstou na expectativa e focado em conquistar bons resultados\u201d, completa o jovem piloto, que sonha em chegar \u00e0 Stock Car e competir ao lado de seus \u00eddolos. \u00a0 A segunda etapa da Copa Bravar promete fortes emo\u00e7\u00f5es e coloca novamente Thiago Rios sob os holofotes do kartismo baiano. Acompanhe a trajet\u00f3ria desse jovem talento rumo ao topo do automobilismo brasileiro. \u00a0 Acompanhe Thiago nas redes sociais: https:\/\/www.instagram.com\/thiagodrioss\/ \u00a0 Fotos e texto Ascom<\/p>\n","protected":false},"author":3,"featured_media":6755,"comment_status":"open","ping_status":"open","sticky":false,"template":"","format":"standard","meta":{"_joinchat":[],"footnotes":""},"categories":[1,59],"tags":[1133,1132],"class_list":["post-6754","post","type-post","status-publish","format-standard","has-post-thumbnail","hentry","category-esportes-esportes","category-ultimas-noticias","tag-disputa","tag-thiago-rios"],"yoast_head":"<!-- This site is optimized with the Yoast SEO plugin v24.4 - https:\/\/yoast.com\/wordpress\/plugins\/seo\/ -->\n<title>Thiago Rios disputa a segunda etapa da Copa Bravar - Portal raizes noticias<\/title>\n<meta name=\"robots\" content=\"index, follow, max-snippet:-1, max-image-preview:large, max-video-preview:-1\" \/>\n<link rel=\"canonical\" href=\"https:\/\/portalraizesnoticias.com.br\/?p=6754\" \/>\n<meta property=\"og:locale\" content=\"pt_BR\" \/>\n<meta property=\"og:type\" content=\"article\" \/>\n<meta property=\"og:title\" content=\"Thiago Rios disputa a segunda etapa da Copa Bravar - Portal raizes noticias\" \/>\n<meta property=\"og:description\" content=\"O promissor piloto de kart Thiago Rios, de Feira de Santana, segue firme em sua trajet\u00f3ria nas pistas e se prepara para mais um desafio importante em sua carreira. No dia 24 de maio, ele participar\u00e1 da segunda etapa da Copa Bravar, que ser\u00e1 realizada no Kart\u00f3dromo Ayrton Senna, em Lauro de Freitas, Bahia. . Aos 18 anos, Thiago carrega a paix\u00e3o pelo automobilismo no sangue. Filho de Mateus Rios, tamb\u00e9m ex-piloto de kart, cresceu imerso no mundo da velocidade. Ap\u00f3s iniciar sua trajet\u00f3ria no kart indoor em Feira de Santana, Thiago decidiu al\u00e7ar voos mais altos em 2023, come\u00e7ando a treinar profissionalmente. A dedica\u00e7\u00e3o logo trouxe resultados: conquistou o t\u00edtulo de campe\u00e3o no Campeonato Larco Baiano de Kart-Rental em seu ano de estreia nas pistas. \u00a0 O sucesso continuou em 2024, com a conquista do bicampeonato baiano, desta vez na categoria F4 Light, e a gradua\u00e7\u00e3o como piloto de kart. Agora, competindo na categoria Graduados, Thiago divide seu tempo entre os treinos no Kart\u00f3dromo Ayrton Senna e a prepara\u00e7\u00e3o f\u00edsica, que inclui acompanhamento nutricional e rotina de exerc\u00edcios. \u00a0 \u201cCom a ajuda da minha equipe, patrocinadores e fam\u00edlia, quero me dedicar ainda mais ao esporte que amo\u201d, afirma Thiago. Seu objetivo para 2025 \u00e9 ambicioso: figurar entre os 10 melhores da Copa do Brasil na categoria Graduado. A Copa Bravar representa uma importante etapa nessa jornada. \u201cEstou na expectativa e focado em conquistar bons resultados\u201d, completa o jovem piloto, que sonha em chegar \u00e0 Stock Car e competir ao lado de seus \u00eddolos. \u00a0 A segunda etapa da Copa Bravar promete fortes emo\u00e7\u00f5es e coloca novamente Thiago Rios sob os holofotes do kartismo baiano. Acompanhe a trajet\u00f3ria desse jovem talento rumo ao topo do automobilismo brasileiro. \u00a0 Acompanhe Thiago nas redes sociais: https:\/\/www.instagram.com\/thiagodrioss\/ \u00a0 Fotos e texto Ascom\" \/>\n<meta property=\"og:url\" content=\"https:\/\/portalraizesnoticias.com.br\/?p=6754\" \/>\n<meta property=\"og:site_name\" content=\"Portal raizes noticias\" \/>\n<meta property=\"article:published_time\" content=\"2025-05-23T03:19:34+00:00\" \/>\n<meta property=\"og:image\" content=\"https:\/\/portalraizesnoticias.com.br\/wp-content\/uploads\/2025\/05\/Kartba47-1-de-1-scaled.jpg\" \/>\n\t<meta property=\"og:image:width\" content=\"2560\" \/>\n\t<meta property=\"og:image:height\" content=\"1583\" \/>\n\t<meta property=\"og:image:type\" content=\"image\/jpeg\" \/>\n<meta name=\"author\" content=\"Portal Raizes\" \/>\n<meta name=\"twitter:card\" content=\"summary_large_image\" \/>\n<meta name=\"twitter:label1\" content=\"Escrito por\" \/>\n\t<meta name=\"twitter:data1\" content=\"Portal Raizes\" \/>\n\t<meta name=\"twitter:label2\" content=\"Est. tempo de leitura\" \/>\n\t<meta name=\"twitter:data2\" content=\"3 minutos\" \/>\n<script type=\"application\/ld+json\" class=\"yoast-schema-graph\">{\"@context\":\"https:\/\/schema.org\",\"@graph\":[{\"@type\":\"Article\",\"@id\":\"https:\/\/portalraizesnoticias.com.br\/?p=6754#article\",\"isPartOf\":{\"@id\":\"https:\/\/portalraizesnoticias.com.br\/?p=6754\"},\"author\":{\"name\":\"Portal Raizes\",\"@id\":\"https:\/\/portalraizesnoticias.com.br\/#\/schema\/person\/a3ca6b0fc701e78df19756c417d943ae\"},\"headline\":\"Thiago Rios disputa a segunda etapa da Copa Bravar\",\"datePublished\":\"2025-05-23T03:19:34+00:00\",\"mainEntityOfPage\":{\"@id\":\"https:\/\/portalraizesnoticias.com.br\/?p=6754\"},\"wordCount\":317,\"commentCount\":0,\"publisher\":{\"@id\":\"https:\/\/portalraizesnoticias.com.br\/#organization\"},\"image\":{\"@id\":\"https:\/\/portalraizesnoticias.com.br\/?p=6754#primaryimage\"},\"thumbnailUrl\":\"https:\/\/portalraizesnoticias.com.br\/wp-content\/uploads\/2025\/05\/Kartba47-1-de-1-scaled.jpg\",\"keywords\":[\"Disputa\",\"Thiago Rios\"],\"articleSection\":[\"ESPORTES\",\"ULTIMAS NOTICIAS\"],\"inLanguage\":\"pt-BR\",\"potentialAction\":[{\"@type\":\"CommentAction\",\"name\":\"Comment\",\"target\":[\"https:\/\/portalraizesnoticias.com.br\/?p=6754#respond\"]}]},{\"@type\":\"WebPage\",\"@id\":\"https:\/\/portalraizesnoticias.com.br\/?p=6754\",\"url\":\"https:\/\/portalraizesnoticias.com.br\/?p=6754\",\"name\":\"Thiago Rios disputa a segunda etapa da Copa Bravar - Portal raizes noticias\",\"isPartOf\":{\"@id\":\"https:\/\/portalraizesnoticias.com.br\/#website\"},\"primaryImageOfPage\":{\"@id\":\"https:\/\/portalraizesnoticias.com.br\/?p=6754#primaryimage\"},\"image\":{\"@id\":\"https:\/\/portalraizesnoticias.com.br\/?p=6754#primaryimage\"},\"thumbnailUrl\":\"https:\/\/portalraizesnoticias.com.br\/wp-content\/uploads\/2025\/05\/Kartba47-1-de-1-scaled.jpg\",\"datePublished\":\"2025-05-23T03:19:34+00:00\",\"breadcrumb\":{\"@id\":\"https:\/\/portalraizesnoticias.com.br\/?p=6754#breadcrumb\"},\"inLanguage\":\"pt-BR\",\"potentialAction\":[{\"@type\":\"ReadAction\",\"target\":[\"https:\/\/portalraizesnoticias.com.br\/?p=6754\"]}]},{\"@type\":\"ImageObject\",\"inLanguage\":\"pt-BR\",\"@id\":\"https:\/\/portalraizesnoticias.com.br\/?p=6754#primaryimage\",\"url\":\"https:\/\/portalraizesnoticias.com.br\/wp-content\/uploads\/2025\/05\/Kartba47-1-de-1-scaled.jpg\",\"contentUrl\":\"https:\/\/portalraizesnoticias.com.br\/wp-content\/uploads\/2025\/05\/Kartba47-1-de-1-scaled.jpg\",\"width\":2560,\"height\":1583},{\"@type\":\"BreadcrumbList\",\"@id\":\"https:\/\/portalraizesnoticias.com.br\/?p=6754#breadcrumb\",\"itemListElement\":[{\"@type\":\"ListItem\",\"position\":1,\"name\":\"In\u00edcio\",\"item\":\"https:\/\/portalraizesnoticias.com.br\/\"},{\"@type\":\"ListItem\",\"position\":2,\"name\":\"Thiago Rios disputa a segunda etapa da Copa Bravar\"}]},{\"@type\":\"WebSite\",\"@id\":\"https:\/\/portalraizesnoticias.com.br\/#website\",\"url\":\"https:\/\/portalraizesnoticias.com.br\/\",\"name\":\"Portal raizes NOTICIAS\",\"description\":\"site de noticias de concei\u00e7\u00e3o do coit\u00e9 e regi\u00e3o\",\"publisher\":{\"@id\":\"https:\/\/portalraizesnoticias.com.br\/#organization\"},\"alternateName\":\"PORTAL RAIZES COIT\u00c9\",\"potentialAction\":[{\"@type\":\"SearchAction\",\"target\":{\"@type\":\"EntryPoint\",\"urlTemplate\":\"https:\/\/portalraizesnoticias.com.br\/?s={search_term_string}\"},\"query-input\":{\"@type\":\"PropertyValueSpecification\",\"valueRequired\":true,\"valueName\":\"search_term_string\"}}],\"inLanguage\":\"pt-BR\"},{\"@type\":\"Organization\",\"@id\":\"https:\/\/portalraizesnoticias.com.br\/#organization\",\"name\":\"Portal raizes NOTICIAS\",\"url\":\"https:\/\/portalraizesnoticias.com.br\/\",\"logo\":{\"@type\":\"ImageObject\",\"inLanguage\":\"pt-BR\",\"@id\":\"https:\/\/portalraizesnoticias.com.br\/#\/schema\/logo\/image\/\",\"url\":\"https:\/\/portalraizesnoticias.com.br\/wp-content\/uploads\/2024\/09\/cropped-Captura-de-tela-2024-09-08-011108.png\",\"contentUrl\":\"https:\/\/portalraizesnoticias.com.br\/wp-content\/uploads\/2024\/09\/cropped-Captura-de-tela-2024-09-08-011108.png\",\"width\":606,\"height\":173,\"caption\":\"Portal raizes NOTICIAS\"},\"image\":{\"@id\":\"https:\/\/portalraizesnoticias.com.br\/#\/schema\/logo\/image\/\"}},{\"@type\":\"Person\",\"@id\":\"https:\/\/portalraizesnoticias.com.br\/#\/schema\/person\/a3ca6b0fc701e78df19756c417d943ae\",\"name\":\"Portal Raizes\",\"image\":{\"@type\":\"ImageObject\",\"inLanguage\":\"pt-BR\",\"@id\":\"https:\/\/portalraizesnoticias.com.br\/#\/schema\/person\/image\/\",\"url\":\"https:\/\/secure.gravatar.com\/avatar\/ef450d29013a3d3fba867a12a249d7b1?s=96&d=mm&r=g\",\"contentUrl\":\"https:\/\/secure.gravatar.com\/avatar\/ef450d29013a3d3fba867a12a249d7b1?s=96&d=mm&r=g\",\"caption\":\"Portal Raizes\"},\"url\":\"https:\/\/portalraizesnoticias.com.br\/?author=3\"}]}<\/script>\n<!-- \/ Yoast SEO plugin. -->","yoast_head_json":{"title":"Thiago Rios disputa a segunda etapa da Copa Bravar - Portal raizes noticias","robots":{"index":"index","follow":"follow","max-snippet":"max-snippet:-1","max-image-preview":"max-image-preview:large","max-video-preview":"max-video-preview:-1"},"canonical":"https:\/\/portalraizesnoticias.com.br\/?p=6754","og_locale":"pt_BR","og_type":"article","og_title":"Thiago Rios disputa a segunda etapa da Copa Bravar - Portal raizes noticias","og_description":"O promissor piloto de kart Thiago Rios, de Feira de Santana, segue firme em sua trajet\u00f3ria nas pistas e se prepara para mais um desafio importante em sua carreira. No dia 24 de maio, ele participar\u00e1 da segunda etapa da Copa Bravar, que ser\u00e1 realizada no Kart\u00f3dromo Ayrton Senna, em Lauro de Freitas, Bahia. . Aos 18 anos, Thiago carrega a paix\u00e3o pelo automobilismo no sangue. Filho de Mateus Rios, tamb\u00e9m ex-piloto de kart, cresceu imerso no mundo da velocidade. Ap\u00f3s iniciar sua trajet\u00f3ria no kart indoor em Feira de Santana, Thiago decidiu al\u00e7ar voos mais altos em 2023, come\u00e7ando a treinar profissionalmente. A dedica\u00e7\u00e3o logo trouxe resultados: conquistou o t\u00edtulo de campe\u00e3o no Campeonato Larco Baiano de Kart-Rental em seu ano de estreia nas pistas. \u00a0 O sucesso continuou em 2024, com a conquista do bicampeonato baiano, desta vez na categoria F4 Light, e a gradua\u00e7\u00e3o como piloto de kart. Agora, competindo na categoria Graduados, Thiago divide seu tempo entre os treinos no Kart\u00f3dromo Ayrton Senna e a prepara\u00e7\u00e3o f\u00edsica, que inclui acompanhamento nutricional e rotina de exerc\u00edcios. \u00a0 \u201cCom a ajuda da minha equipe, patrocinadores e fam\u00edlia, quero me dedicar ainda mais ao esporte que amo\u201d, afirma Thiago. Seu objetivo para 2025 \u00e9 ambicioso: figurar entre os 10 melhores da Copa do Brasil na categoria Graduado. A Copa Bravar representa uma importante etapa nessa jornada. \u201cEstou na expectativa e focado em conquistar bons resultados\u201d, completa o jovem piloto, que sonha em chegar \u00e0 Stock Car e competir ao lado de seus \u00eddolos. \u00a0 A segunda etapa da Copa Bravar promete fortes emo\u00e7\u00f5es e coloca novamente Thiago Rios sob os holofotes do kartismo baiano. Acompanhe a trajet\u00f3ria desse jovem talento rumo ao topo do automobilismo brasileiro. \u00a0 Acompanhe Thiago nas redes sociais: https:\/\/www.instagram.com\/thiagodrioss\/ \u00a0 Fotos e texto Ascom","og_url":"https:\/\/portalraizesnoticias.com.br\/?p=6754","og_site_name":"Portal raizes noticias","article_published_time":"2025-05-23T03:19:34+00:00","og_image":[{"width":2560,"height":1583,"url":"https:\/\/portalraizesnoticias.com.br\/wp-content\/uploads\/2025\/05\/Kartba47-1-de-1-scaled.jpg","type":"image\/jpeg"}],"author":"Portal Raizes","twitter_card":"summary_large_image","twitter_misc":{"Escrito por":"Portal Raizes","Est. tempo de leitura":"3 minutos"},"schema":{"@context":"https:\/\/schema.org","@graph":[{"@type":"Article","@id":"https:\/\/portalraizesnoticias.com.br\/?p=6754#article","isPartOf":{"@id":"https:\/\/portalraizesnoticias.com.br\/?p=6754"},"author":{"name":"Portal Raizes","@id":"https:\/\/portalraizesnoticias.com.br\/#\/schema\/person\/a3ca6b0fc701e78df19756c417d943ae"},"headline":"Thiago Rios disputa a segunda etapa da Copa Bravar","datePublished":"2025-05-23T03:19:34+00:00","mainEntityOfPage":{"@id":"https:\/\/portalraizesnoticias.com.br\/?p=6754"},"wordCount":317,"commentCount":0,"publisher":{"@id":"https:\/\/portalraizesnoticias.com.br\/#organization"},"image":{"@id":"https:\/\/portalraizesnoticias.com.br\/?p=6754#primaryimage"},"thumbnailUrl":"https:\/\/portalraizesnoticias.com.br\/wp-content\/uploads\/2025\/05\/Kartba47-1-de-1-scaled.jpg","keywords":["Disputa","Thiago Rios"],"articleSection":["ESPORTES","ULTIMAS NOTICIAS"],"inLanguage":"pt-BR","potentialAction":[{"@type":"CommentAction","name":"Comment","target":["https:\/\/portalraizesnoticias.com.br\/?p=6754#respond"]}]},{"@type":"WebPage","@id":"https:\/\/portalraizesnoticias.com.br\/?p=6754","url":"https:\/\/portalraizesnoticias.com.br\/?p=6754","name":"Thiago Rios disputa a segunda etapa da Copa Bravar - Portal raizes noticias","isPartOf":{"@id":"https:\/\/portalraizesnoticias.com.br\/#website"},"primaryImageOfPage":{"@id":"https:\/\/portalraizesnoticias.com.br\/?p=6754#primaryimage"},"image":{"@id":"https:\/\/portalraizesnoticias.com.br\/?p=6754#primaryimage"},"thumbnailUrl":"https:\/\/portalraizesnoticias.com.br\/wp-content\/uploads\/2025\/05\/Kartba47-1-de-1-scaled.jpg","datePublished":"2025-05-23T03:19:34+00:00","breadcrumb":{"@id":"https:\/\/portalraizesnoticias.com.br\/?p=6754#breadcrumb"},"inLanguage":"pt-BR","potentialAction":[{"@type":"ReadAction","target":["https:\/\/portalraizesnoticias.com.br\/?p=6754"]}]},{"@type":"ImageObject","inLanguage":"pt-BR","@id":"https:\/\/portalraizesnoticias.com.br\/?p=6754#primaryimage","url":"https:\/\/portalraizesnoticias.com.br\/wp-content\/uploads\/2025\/05\/Kartba47-1-de-1-scaled.jpg","contentUrl":"https:\/\/portalraizesnoticias.com.br\/wp-content\/uploads\/2025\/05\/Kartba47-1-de-1-scaled.jpg","width":2560,"height":1583},{"@type":"BreadcrumbList","@id":"https:\/\/portalraizesnoticias.com.br\/?p=6754#breadcrumb","itemListElement":[{"@type":"ListItem","position":1,"name":"In\u00edcio","item":"https:\/\/portalraizesnoticias.com.br\/"},{"@type":"ListItem","position":2,"name":"Thiago Rios disputa a segunda etapa da Copa Bravar"}]},{"@type":"WebSite","@id":"https:\/\/portalraizesnoticias.com.br\/#website","url":"https:\/\/portalraizesnoticias.com.br\/","name":"Portal raizes NOTICIAS","description":"site de noticias de concei\u00e7\u00e3o do coit\u00e9 e regi\u00e3o","publisher":{"@id":"https:\/\/portalraizesnoticias.com.br\/#organization"},"alternateName":"PORTAL RAIZES COIT\u00c9","potentialAction":[{"@type":"SearchAction","target":{"@type":"EntryPoint","urlTemplate":"https:\/\/portalraizesnoticias.com.br\/?s={search_term_string}"},"query-input":{"@type":"PropertyValueSpecification","valueRequired":true,"valueName":"search_term_string"}}],"inLanguage":"pt-BR"},{"@type":"Organization","@id":"https:\/\/portalraizesnoticias.com.br\/#organization","name":"Portal raizes NOTICIAS","url":"https:\/\/portalraizesnoticias.com.br\/","logo":{"@type":"ImageObject","inLanguage":"pt-BR","@id":"https:\/\/portalraizesnoticias.com.br\/#\/schema\/logo\/image\/","url":"https:\/\/portalraizesnoticias.com.br\/wp-content\/uploads\/2024\/09\/cropped-Captura-de-tela-2024-09-08-011108.png","contentUrl":"https:\/\/portalraizesnoticias.com.br\/wp-content\/uploads\/2024\/09\/cropped-Captura-de-tela-2024-09-08-011108.png","width":606,"height":173,"caption":"Portal raizes NOTICIAS"},"image":{"@id":"https:\/\/portalraizesnoticias.com.br\/#\/schema\/logo\/image\/"}},{"@type":"Person","@id":"https:\/\/portalraizesnoticias.com.br\/#\/schema\/person\/a3ca6b0fc701e78df19756c417d943ae","name":"Portal Raizes","image":{"@type":"ImageObject","inLanguage":"pt-BR","@id":"https:\/\/portalraizesnoticias.com.br\/#\/schema\/person\/image\/","url":"https:\/\/secure.gravatar.com\/avatar\/ef450d29013a3d3fba867a12a249d7b1?s=96&d=mm&r=g","contentUrl":"https:\/\/secure.gravatar.com\/avatar\/ef450d29013a3d3fba867a12a249d7b1?s=96&d=mm&r=g","caption":"Portal Raizes"},"url":"https:\/\/portalraizesnoticias.com.br\/?author=3"}]}},"_links":{"self":[{"href":"https:\/\/portalraizesnoticias.com.br\/index.php?rest_route=\/wp\/v2\/posts\/6754"}],"collection":[{"href":"https:\/\/portalraizesnoticias.com.br\/index.php?rest_route=\/wp\/v2\/posts"}],"about":[{"href":"https:\/\/portalraizesnoticias.com.br\/index.php?rest_route=\/wp\/v2\/types\/post"}],"author":[{"embeddable":true,"href":"https:\/\/portalraizesnoticias.com.br\/index.php?rest_route=\/wp\/v2\/users\/3"}],"replies":[{"embeddable":true,"href":"https:\/\/portalraizesnoticias.com.br\/index.php?rest_route=%2Fwp%2Fv2%2Fcomments&post=6754"}],"version-history":[{"count":1,"href":"https:\/\/portalraizesnoticias.com.br\/index.php?rest_route=\/wp\/v2\/posts\/6754\/revisions"}],"predecessor-version":[{"id":6757,"href":"https:\/\/portalraizesnoticias.com.br\/index.php?rest_route=\/wp\/v2\/posts\/6754\/revisions\/6757"}],"wp:featuredmedia":[{"embeddable":true,"href":"https:\/\/portalraizesnoticias.com.br\/index.php?rest_route=\/wp\/v2\/media\/6755"}],"wp:attachment":[{"href":"https:\/\/portalraizesnoticias.com.br\/index.php?rest_route=%2Fwp%2Fv2%2Fmedia&parent=6754"}],"wp:term":[{"taxonomy":"category","embeddable":true,"href":"https:\/\/portalraizesnoticias.com.br\/index.php?rest_route=%2Fwp%2Fv2%2Fcategories&post=6754"},{"taxonomy":"post_tag","embeddable":true,"href":"https:\/\/portalraizesnoticias.com.br\/index.php?rest_route=%2Fwp%2Fv2%2Ftags&post=6754"}],"curies":[{"name":"wp","href":"https:\/\/api.w.org\/{rel}","templated":true}]}}