{"id":6718,"date":"2025-05-18T20:06:32","date_gmt":"2025-05-18T23:06:32","guid":{"rendered":"https:\/\/portalraizesnoticias.com.br\/?p=6718"},"modified":"2025-05-18T21:14:35","modified_gmt":"2025-05-19T00:14:35","slug":"coite-jovem-e-ferido-por-golpe-de-arma-branca-ao-tentar-separar-briga-na-pinda-vitima-foi-transferida-para-o-hgca","status":"publish","type":"post","link":"https:\/\/portalraizesnoticias.com.br\/?p=6718","title":{"rendered":"Coit\u00e9: Jovem \u00e9 ferido por golpe de arma branca ao tentar separar briga na Pinda; v\u00edtima foi transferida para o HGCA"},"content":{"rendered":"<p>Por volta das 19h de s\u00e1bado (17), um jovem de 25 anos foi v\u00edtima de les\u00e3o corporal na Fazenda Correia,\u00a0 regi\u00e3o\u00a0 da Pinda, em Concei\u00e7\u00e3o do Coit\u00e9\/BA.<\/p>\n<p><img fetchpriority=\"high\" decoding=\"async\" class=\"size-medium wp-image-5600 aligncenter\" src=\"https:\/\/portalraizesnoticias.com.br\/wp-content\/uploads\/2025\/04\/banner-quadrado-vidracaria-almeida-300x300.jpg\" alt=\"\" width=\"300\" height=\"300\" srcset=\"https:\/\/portalraizesnoticias.com.br\/wp-content\/uploads\/2025\/04\/banner-quadrado-vidracaria-almeida-300x300.jpg 300w, https:\/\/portalraizesnoticias.com.br\/wp-content\/uploads\/2025\/04\/banner-quadrado-vidracaria-almeida-1024x1024.jpg 1024w, https:\/\/portalraizesnoticias.com.br\/wp-content\/uploads\/2025\/04\/banner-quadrado-vidracaria-almeida-150x150.jpg 150w, https:\/\/portalraizesnoticias.com.br\/wp-content\/uploads\/2025\/04\/banner-quadrado-vidracaria-almeida-768x768.jpg 768w, https:\/\/portalraizesnoticias.com.br\/wp-content\/uploads\/2025\/04\/banner-quadrado-vidracaria-almeida-700x700.jpg 700w, https:\/\/portalraizesnoticias.com.br\/wp-content\/uploads\/2025\/04\/banner-quadrado-vidracaria-almeida-620x620.jpg 620w, https:\/\/portalraizesnoticias.com.br\/wp-content\/uploads\/2025\/04\/banner-quadrado-vidracaria-almeida-400x400.jpg 400w, https:\/\/portalraizesnoticias.com.br\/wp-content\/uploads\/2025\/04\/banner-quadrado-vidracaria-almeida.jpg 1080w\" sizes=\"(max-width: 300px) 100vw, 300px\" \/><\/p>\n<p style=\"text-align: center;\"><strong>PUBLICIDADE<\/strong><\/p>\n<p><strong>Segundo o boletim de ocorr\u00eancia apurado pelo Portal Ra\u00edzes<\/strong>, a guarni\u00e7\u00e3o foi acionada pela central da 4\u00aa Companhia ap\u00f3s informa\u00e7\u00f5es de que havia um indiv\u00edduo no Hospital Portugu\u00eas com ferimentos provocados por arma branca.<\/p>\n<p><img decoding=\"async\" class=\"size-medium wp-image-2520 aligncenter\" src=\"https:\/\/portalraizesnoticias.com.br\/wp-content\/uploads\/2024\/11\/Imagem-do-WhatsApp-de-2024-11-28-as-11.24.37_b858345f-300x142.jpg\" alt=\"\" width=\"300\" height=\"142\" srcset=\"https:\/\/portalraizesnoticias.com.br\/wp-content\/uploads\/2024\/11\/Imagem-do-WhatsApp-de-2024-11-28-as-11.24.37_b858345f-300x142.jpg 300w, https:\/\/portalraizesnoticias.com.br\/wp-content\/uploads\/2024\/11\/Imagem-do-WhatsApp-de-2024-11-28-as-11.24.37_b858345f.jpg 722w\" sizes=\"(max-width: 300px) 100vw, 300px\" \/><\/p>\n<p style=\"text-align: center;\"><strong>PUBLICIDADE<\/strong><\/p>\n<p>Os agentes se dirigiram \u00e0 unidade hospitalar e constataram que R. L. O. apresentava uma perfura\u00e7\u00e3o na coxa, com sangramento em jato. Segundo relatos, o ferimento ocorreu quando a v\u00edtima tentou separar uma briga no local do ocorrido.<\/p>\n<p><img decoding=\"async\" class=\"size-medium wp-image-1970 aligncenter\" src=\"https:\/\/portalraizesnoticias.com.br\/wp-content\/uploads\/2024\/11\/Banner-home-center-300x300.jpg\" alt=\"\" width=\"300\" height=\"300\" srcset=\"https:\/\/portalraizesnoticias.com.br\/wp-content\/uploads\/2024\/11\/Banner-home-center-300x300.jpg 300w, https:\/\/portalraizesnoticias.com.br\/wp-content\/uploads\/2024\/11\/Banner-home-center-1024x1024.jpg 1024w, https:\/\/portalraizesnoticias.com.br\/wp-content\/uploads\/2024\/11\/Banner-home-center-150x150.jpg 150w, https:\/\/portalraizesnoticias.com.br\/wp-content\/uploads\/2024\/11\/Banner-home-center-768x768.jpg 768w, https:\/\/portalraizesnoticias.com.br\/wp-content\/uploads\/2024\/11\/Banner-home-center-700x700.jpg 700w, https:\/\/portalraizesnoticias.com.br\/wp-content\/uploads\/2024\/11\/Banner-home-center-620x620.jpg 620w, https:\/\/portalraizesnoticias.com.br\/wp-content\/uploads\/2024\/11\/Banner-home-center-400x400.jpg 400w, https:\/\/portalraizesnoticias.com.br\/wp-content\/uploads\/2024\/11\/Banner-home-center.jpg 1080w\" sizes=\"(max-width: 300px) 100vw, 300px\" \/><\/p>\n<p style=\"text-align: center;\"><strong>PUBLICIDADE<\/strong><\/p>\n<p>Os familiares, no entanto, n\u00e3o souberam informar \u00e0 equipe m\u00e9dica quaisquer caracter\u00edsticas ou dados do autor da agress\u00e3o.<\/p>\n<p><img loading=\"lazy\" decoding=\"async\" class=\"size-medium wp-image-3171 aligncenter\" src=\"https:\/\/portalraizesnoticias.com.br\/wp-content\/uploads\/2024\/12\/Brasao-Clube-de-Tiro-vetorizado-2-300x176.png\" alt=\"\" width=\"300\" height=\"176\" srcset=\"https:\/\/portalraizesnoticias.com.br\/wp-content\/uploads\/2024\/12\/Brasao-Clube-de-Tiro-vetorizado-2-300x176.png 300w, https:\/\/portalraizesnoticias.com.br\/wp-content\/uploads\/2024\/12\/Brasao-Clube-de-Tiro-vetorizado-2-1024x602.png 1024w, https:\/\/portalraizesnoticias.com.br\/wp-content\/uploads\/2024\/12\/Brasao-Clube-de-Tiro-vetorizado-2-768x451.png 768w, https:\/\/portalraizesnoticias.com.br\/wp-content\/uploads\/2024\/12\/Brasao-Clube-de-Tiro-vetorizado-2-1536x902.png 1536w, https:\/\/portalraizesnoticias.com.br\/wp-content\/uploads\/2024\/12\/Brasao-Clube-de-Tiro-vetorizado-2-2048x1203.png 2048w\" sizes=\"(max-width: 300px) 100vw, 300px\" \/><\/p>\n<p style=\"text-align: center;\"><strong>PUBLICIDADE<\/strong><\/p>\n<p>Devido \u00e0 gravidade do ferimento, a v\u00edtima foi regulada para o Hospital Geral Cl\u00e9riston Andrade, em Feira de Santana.<\/p>\n<p>Reda\u00e7\u00e3o com informa\u00e7\u00f5es Portal Ra\u00edzes<\/p>\n","protected":false},"excerpt":{"rendered":"<p>Por volta das 19h de s\u00e1bado (17), um jovem de 25 anos foi v\u00edtima de les\u00e3o corporal na Fazenda Correia,\u00a0 regi\u00e3o\u00a0 da Pinda, em Concei\u00e7\u00e3o do Coit\u00e9\/BA. PUBLICIDADE Segundo o boletim de ocorr\u00eancia apurado pelo Portal Ra\u00edzes, a guarni\u00e7\u00e3o foi acionada pela central da 4\u00aa Companhia ap\u00f3s informa\u00e7\u00f5es de que havia um indiv\u00edduo no Hospital Portugu\u00eas com ferimentos provocados por arma branca. PUBLICIDADE Os agentes se dirigiram \u00e0 unidade hospitalar e constataram que R. L. O. apresentava uma perfura\u00e7\u00e3o na coxa, com sangramento em jato. Segundo relatos, o ferimento ocorreu quando a v\u00edtima tentou separar uma briga no local do ocorrido. PUBLICIDADE Os familiares, no entanto, n\u00e3o souberam informar \u00e0 equipe m\u00e9dica quaisquer caracter\u00edsticas ou dados do autor da agress\u00e3o. PUBLICIDADE Devido \u00e0 gravidade do ferimento, a v\u00edtima foi regulada para o Hospital Geral Cl\u00e9riston Andrade, em Feira de Santana. Reda\u00e7\u00e3o com informa\u00e7\u00f5es Portal Ra\u00edzes<\/p>\n","protected":false},"author":3,"featured_media":6720,"comment_status":"open","ping_status":"open","sticky":false,"template":"","format":"standard","meta":{"_joinchat":[],"footnotes":""},"categories":[55,67,59],"tags":[1126,75,298],"class_list":["post-6718","post","type-post","status-publish","format-standard","has-post-thumbnail","hentry","category-destaques","category-policia","category-ultimas-noticias","tag-arma-branca","tag-coite","tag-pinda"],"yoast_head":"<!-- This site is optimized with the Yoast SEO plugin v24.4 - https:\/\/yoast.com\/wordpress\/plugins\/seo\/ -->\n<title>Coit\u00e9: Jovem \u00e9 ferido por golpe de arma branca ao tentar separar briga na Pinda; v\u00edtima foi transferida para o HGCA - Portal raizes noticias<\/title>\n<meta name=\"robots\" content=\"index, follow, max-snippet:-1, max-image-preview:large, max-video-preview:-1\" \/>\n<link rel=\"canonical\" href=\"https:\/\/portalraizesnoticias.com.br\/?p=6718\" \/>\n<meta property=\"og:locale\" content=\"pt_BR\" \/>\n<meta property=\"og:type\" content=\"article\" \/>\n<meta property=\"og:title\" content=\"Coit\u00e9: Jovem \u00e9 ferido por golpe de arma branca ao tentar separar briga na Pinda; v\u00edtima foi transferida para o HGCA - Portal raizes noticias\" \/>\n<meta property=\"og:description\" content=\"Por volta das 19h de s\u00e1bado (17), um jovem de 25 anos foi v\u00edtima de les\u00e3o corporal na Fazenda Correia,\u00a0 regi\u00e3o\u00a0 da Pinda, em Concei\u00e7\u00e3o do Coit\u00e9\/BA. PUBLICIDADE Segundo o boletim de ocorr\u00eancia apurado pelo Portal Ra\u00edzes, a guarni\u00e7\u00e3o foi acionada pela central da 4\u00aa Companhia ap\u00f3s informa\u00e7\u00f5es de que havia um indiv\u00edduo no Hospital Portugu\u00eas com ferimentos provocados por arma branca. PUBLICIDADE Os agentes se dirigiram \u00e0 unidade hospitalar e constataram que R. L. O. apresentava uma perfura\u00e7\u00e3o na coxa, com sangramento em jato. Segundo relatos, o ferimento ocorreu quando a v\u00edtima tentou separar uma briga no local do ocorrido. PUBLICIDADE Os familiares, no entanto, n\u00e3o souberam informar \u00e0 equipe m\u00e9dica quaisquer caracter\u00edsticas ou dados do autor da agress\u00e3o. PUBLICIDADE Devido \u00e0 gravidade do ferimento, a v\u00edtima foi regulada para o Hospital Geral Cl\u00e9riston Andrade, em Feira de Santana. Reda\u00e7\u00e3o com informa\u00e7\u00f5es Portal Ra\u00edzes\" \/>\n<meta property=\"og:url\" content=\"https:\/\/portalraizesnoticias.com.br\/?p=6718\" \/>\n<meta property=\"og:site_name\" content=\"Portal raizes noticias\" \/>\n<meta property=\"article:published_time\" content=\"2025-05-18T23:06:32+00:00\" \/>\n<meta property=\"article:modified_time\" content=\"2025-05-19T00:14:35+00:00\" \/>\n<meta property=\"og:image\" content=\"https:\/\/portalraizesnoticias.com.br\/wp-content\/uploads\/2025\/05\/images-2025-05-18T200747.794.jpeg\" \/>\n\t<meta property=\"og:image:width\" content=\"540\" \/>\n\t<meta property=\"og:image:height\" content=\"324\" \/>\n\t<meta property=\"og:image:type\" content=\"image\/jpeg\" \/>\n<meta name=\"author\" content=\"Portal Raizes\" \/>\n<meta name=\"twitter:card\" content=\"summary_large_image\" \/>\n<meta name=\"twitter:label1\" content=\"Escrito por\" \/>\n\t<meta name=\"twitter:data1\" content=\"Portal Raizes\" \/>\n\t<meta name=\"twitter:label2\" content=\"Est. tempo de leitura\" \/>\n\t<meta name=\"twitter:data2\" content=\"2 minutos\" \/>\n<script type=\"application\/ld+json\" class=\"yoast-schema-graph\">{\"@context\":\"https:\/\/schema.org\",\"@graph\":[{\"@type\":\"Article\",\"@id\":\"https:\/\/portalraizesnoticias.com.br\/?p=6718#article\",\"isPartOf\":{\"@id\":\"https:\/\/portalraizesnoticias.com.br\/?p=6718\"},\"author\":{\"name\":\"Portal Raizes\",\"@id\":\"https:\/\/portalraizesnoticias.com.br\/#\/schema\/person\/a3ca6b0fc701e78df19756c417d943ae\"},\"headline\":\"Coit\u00e9: Jovem \u00e9 ferido por golpe de arma branca ao tentar separar briga na Pinda; v\u00edtima foi transferida para o HGCA\",\"datePublished\":\"2025-05-18T23:06:32+00:00\",\"dateModified\":\"2025-05-19T00:14:35+00:00\",\"mainEntityOfPage\":{\"@id\":\"https:\/\/portalraizesnoticias.com.br\/?p=6718\"},\"wordCount\":184,\"commentCount\":0,\"publisher\":{\"@id\":\"https:\/\/portalraizesnoticias.com.br\/#organization\"},\"image\":{\"@id\":\"https:\/\/portalraizesnoticias.com.br\/?p=6718#primaryimage\"},\"thumbnailUrl\":\"https:\/\/portalraizesnoticias.com.br\/wp-content\/uploads\/2025\/05\/images-2025-05-18T200747.794.jpeg\",\"keywords\":[\"Arma branca\",\"Coit\u00e9\",\"Pinda\"],\"articleSection\":[\"DESTAQUES\",\"POLICIA\",\"ULTIMAS NOTICIAS\"],\"inLanguage\":\"pt-BR\",\"potentialAction\":[{\"@type\":\"CommentAction\",\"name\":\"Comment\",\"target\":[\"https:\/\/portalraizesnoticias.com.br\/?p=6718#respond\"]}]},{\"@type\":\"WebPage\",\"@id\":\"https:\/\/portalraizesnoticias.com.br\/?p=6718\",\"url\":\"https:\/\/portalraizesnoticias.com.br\/?p=6718\",\"name\":\"Coit\u00e9: Jovem \u00e9 ferido por golpe de arma branca ao tentar separar briga na Pinda; v\u00edtima foi transferida para o HGCA - Portal raizes noticias\",\"isPartOf\":{\"@id\":\"https:\/\/portalraizesnoticias.com.br\/#website\"},\"primaryImageOfPage\":{\"@id\":\"https:\/\/portalraizesnoticias.com.br\/?p=6718#primaryimage\"},\"image\":{\"@id\":\"https:\/\/portalraizesnoticias.com.br\/?p=6718#primaryimage\"},\"thumbnailUrl\":\"https:\/\/portalraizesnoticias.com.br\/wp-content\/uploads\/2025\/05\/images-2025-05-18T200747.794.jpeg\",\"datePublished\":\"2025-05-18T23:06:32+00:00\",\"dateModified\":\"2025-05-19T00:14:35+00:00\",\"breadcrumb\":{\"@id\":\"https:\/\/portalraizesnoticias.com.br\/?p=6718#breadcrumb\"},\"inLanguage\":\"pt-BR\",\"potentialAction\":[{\"@type\":\"ReadAction\",\"target\":[\"https:\/\/portalraizesnoticias.com.br\/?p=6718\"]}]},{\"@type\":\"ImageObject\",\"inLanguage\":\"pt-BR\",\"@id\":\"https:\/\/portalraizesnoticias.com.br\/?p=6718#primaryimage\",\"url\":\"https:\/\/portalraizesnoticias.com.br\/wp-content\/uploads\/2025\/05\/images-2025-05-18T200747.794.jpeg\",\"contentUrl\":\"https:\/\/portalraizesnoticias.com.br\/wp-content\/uploads\/2025\/05\/images-2025-05-18T200747.794.jpeg\",\"width\":540,\"height\":324},{\"@type\":\"BreadcrumbList\",\"@id\":\"https:\/\/portalraizesnoticias.com.br\/?p=6718#breadcrumb\",\"itemListElement\":[{\"@type\":\"ListItem\",\"position\":1,\"name\":\"In\u00edcio\",\"item\":\"https:\/\/portalraizesnoticias.com.br\/\"},{\"@type\":\"ListItem\",\"position\":2,\"name\":\"Coit\u00e9: Jovem \u00e9 ferido por golpe de arma branca ao tentar separar briga na Pinda; v\u00edtima foi transferida para o HGCA\"}]},{\"@type\":\"WebSite\",\"@id\":\"https:\/\/portalraizesnoticias.com.br\/#website\",\"url\":\"https:\/\/portalraizesnoticias.com.br\/\",\"name\":\"Portal raizes NOTICIAS\",\"description\":\"site de noticias de concei\u00e7\u00e3o do coit\u00e9 e regi\u00e3o\",\"publisher\":{\"@id\":\"https:\/\/portalraizesnoticias.com.br\/#organization\"},\"alternateName\":\"PORTAL RAIZES COIT\u00c9\",\"potentialAction\":[{\"@type\":\"SearchAction\",\"target\":{\"@type\":\"EntryPoint\",\"urlTemplate\":\"https:\/\/portalraizesnoticias.com.br\/?s={search_term_string}\"},\"query-input\":{\"@type\":\"PropertyValueSpecification\",\"valueRequired\":true,\"valueName\":\"search_term_string\"}}],\"inLanguage\":\"pt-BR\"},{\"@type\":\"Organization\",\"@id\":\"https:\/\/portalraizesnoticias.com.br\/#organization\",\"name\":\"Portal raizes NOTICIAS\",\"url\":\"https:\/\/portalraizesnoticias.com.br\/\",\"logo\":{\"@type\":\"ImageObject\",\"inLanguage\":\"pt-BR\",\"@id\":\"https:\/\/portalraizesnoticias.com.br\/#\/schema\/logo\/image\/\",\"url\":\"https:\/\/portalraizesnoticias.com.br\/wp-content\/uploads\/2024\/09\/cropped-Captura-de-tela-2024-09-08-011108.png\",\"contentUrl\":\"https:\/\/portalraizesnoticias.com.br\/wp-content\/uploads\/2024\/09\/cropped-Captura-de-tela-2024-09-08-011108.png\",\"width\":606,\"height\":173,\"caption\":\"Portal raizes NOTICIAS\"},\"image\":{\"@id\":\"https:\/\/portalraizesnoticias.com.br\/#\/schema\/logo\/image\/\"}},{\"@type\":\"Person\",\"@id\":\"https:\/\/portalraizesnoticias.com.br\/#\/schema\/person\/a3ca6b0fc701e78df19756c417d943ae\",\"name\":\"Portal Raizes\",\"image\":{\"@type\":\"ImageObject\",\"inLanguage\":\"pt-BR\",\"@id\":\"https:\/\/portalraizesnoticias.com.br\/#\/schema\/person\/image\/\",\"url\":\"https:\/\/secure.gravatar.com\/avatar\/ef450d29013a3d3fba867a12a249d7b1?s=96&d=mm&r=g\",\"contentUrl\":\"https:\/\/secure.gravatar.com\/avatar\/ef450d29013a3d3fba867a12a249d7b1?s=96&d=mm&r=g\",\"caption\":\"Portal Raizes\"},\"url\":\"https:\/\/portalraizesnoticias.com.br\/?author=3\"}]}<\/script>\n<!-- \/ Yoast SEO plugin. -->","yoast_head_json":{"title":"Coit\u00e9: Jovem \u00e9 ferido por golpe de arma branca ao tentar separar briga na Pinda; v\u00edtima foi transferida para o HGCA - Portal raizes noticias","robots":{"index":"index","follow":"follow","max-snippet":"max-snippet:-1","max-image-preview":"max-image-preview:large","max-video-preview":"max-video-preview:-1"},"canonical":"https:\/\/portalraizesnoticias.com.br\/?p=6718","og_locale":"pt_BR","og_type":"article","og_title":"Coit\u00e9: Jovem \u00e9 ferido por golpe de arma branca ao tentar separar briga na Pinda; v\u00edtima foi transferida para o HGCA - Portal raizes noticias","og_description":"Por volta das 19h de s\u00e1bado (17), um jovem de 25 anos foi v\u00edtima de les\u00e3o corporal na Fazenda Correia,\u00a0 regi\u00e3o\u00a0 da Pinda, em Concei\u00e7\u00e3o do Coit\u00e9\/BA. PUBLICIDADE Segundo o boletim de ocorr\u00eancia apurado pelo Portal Ra\u00edzes, a guarni\u00e7\u00e3o foi acionada pela central da 4\u00aa Companhia ap\u00f3s informa\u00e7\u00f5es de que havia um indiv\u00edduo no Hospital Portugu\u00eas com ferimentos provocados por arma branca. PUBLICIDADE Os agentes se dirigiram \u00e0 unidade hospitalar e constataram que R. L. O. apresentava uma perfura\u00e7\u00e3o na coxa, com sangramento em jato. Segundo relatos, o ferimento ocorreu quando a v\u00edtima tentou separar uma briga no local do ocorrido. PUBLICIDADE Os familiares, no entanto, n\u00e3o souberam informar \u00e0 equipe m\u00e9dica quaisquer caracter\u00edsticas ou dados do autor da agress\u00e3o. PUBLICIDADE Devido \u00e0 gravidade do ferimento, a v\u00edtima foi regulada para o Hospital Geral Cl\u00e9riston Andrade, em Feira de Santana. Reda\u00e7\u00e3o com informa\u00e7\u00f5es Portal Ra\u00edzes","og_url":"https:\/\/portalraizesnoticias.com.br\/?p=6718","og_site_name":"Portal raizes noticias","article_published_time":"2025-05-18T23:06:32+00:00","article_modified_time":"2025-05-19T00:14:35+00:00","og_image":[{"width":540,"height":324,"url":"https:\/\/portalraizesnoticias.com.br\/wp-content\/uploads\/2025\/05\/images-2025-05-18T200747.794.jpeg","type":"image\/jpeg"}],"author":"Portal Raizes","twitter_card":"summary_large_image","twitter_misc":{"Escrito por":"Portal Raizes","Est. tempo de leitura":"2 minutos"},"schema":{"@context":"https:\/\/schema.org","@graph":[{"@type":"Article","@id":"https:\/\/portalraizesnoticias.com.br\/?p=6718#article","isPartOf":{"@id":"https:\/\/portalraizesnoticias.com.br\/?p=6718"},"author":{"name":"Portal Raizes","@id":"https:\/\/portalraizesnoticias.com.br\/#\/schema\/person\/a3ca6b0fc701e78df19756c417d943ae"},"headline":"Coit\u00e9: Jovem \u00e9 ferido por golpe de arma branca ao tentar separar briga na Pinda; v\u00edtima foi transferida para o HGCA","datePublished":"2025-05-18T23:06:32+00:00","dateModified":"2025-05-19T00:14:35+00:00","mainEntityOfPage":{"@id":"https:\/\/portalraizesnoticias.com.br\/?p=6718"},"wordCount":184,"commentCount":0,"publisher":{"@id":"https:\/\/portalraizesnoticias.com.br\/#organization"},"image":{"@id":"https:\/\/portalraizesnoticias.com.br\/?p=6718#primaryimage"},"thumbnailUrl":"https:\/\/portalraizesnoticias.com.br\/wp-content\/uploads\/2025\/05\/images-2025-05-18T200747.794.jpeg","keywords":["Arma branca","Coit\u00e9","Pinda"],"articleSection":["DESTAQUES","POLICIA","ULTIMAS NOTICIAS"],"inLanguage":"pt-BR","potentialAction":[{"@type":"CommentAction","name":"Comment","target":["https:\/\/portalraizesnoticias.com.br\/?p=6718#respond"]}]},{"@type":"WebPage","@id":"https:\/\/portalraizesnoticias.com.br\/?p=6718","url":"https:\/\/portalraizesnoticias.com.br\/?p=6718","name":"Coit\u00e9: Jovem \u00e9 ferido por golpe de arma branca ao tentar separar briga na Pinda; v\u00edtima foi transferida para o HGCA - Portal raizes noticias","isPartOf":{"@id":"https:\/\/portalraizesnoticias.com.br\/#website"},"primaryImageOfPage":{"@id":"https:\/\/portalraizesnoticias.com.br\/?p=6718#primaryimage"},"image":{"@id":"https:\/\/portalraizesnoticias.com.br\/?p=6718#primaryimage"},"thumbnailUrl":"https:\/\/portalraizesnoticias.com.br\/wp-content\/uploads\/2025\/05\/images-2025-05-18T200747.794.jpeg","datePublished":"2025-05-18T23:06:32+00:00","dateModified":"2025-05-19T00:14:35+00:00","breadcrumb":{"@id":"https:\/\/portalraizesnoticias.com.br\/?p=6718#breadcrumb"},"inLanguage":"pt-BR","potentialAction":[{"@type":"ReadAction","target":["https:\/\/portalraizesnoticias.com.br\/?p=6718"]}]},{"@type":"ImageObject","inLanguage":"pt-BR","@id":"https:\/\/portalraizesnoticias.com.br\/?p=6718#primaryimage","url":"https:\/\/portalraizesnoticias.com.br\/wp-content\/uploads\/2025\/05\/images-2025-05-18T200747.794.jpeg","contentUrl":"https:\/\/portalraizesnoticias.com.br\/wp-content\/uploads\/2025\/05\/images-2025-05-18T200747.794.jpeg","width":540,"height":324},{"@type":"BreadcrumbList","@id":"https:\/\/portalraizesnoticias.com.br\/?p=6718#breadcrumb","itemListElement":[{"@type":"ListItem","position":1,"name":"In\u00edcio","item":"https:\/\/portalraizesnoticias.com.br\/"},{"@type":"ListItem","position":2,"name":"Coit\u00e9: Jovem \u00e9 ferido por golpe de arma branca ao tentar separar briga na Pinda; v\u00edtima foi transferida para o HGCA"}]},{"@type":"WebSite","@id":"https:\/\/portalraizesnoticias.com.br\/#website","url":"https:\/\/portalraizesnoticias.com.br\/","name":"Portal raizes NOTICIAS","description":"site de noticias de concei\u00e7\u00e3o do coit\u00e9 e regi\u00e3o","publisher":{"@id":"https:\/\/portalraizesnoticias.com.br\/#organization"},"alternateName":"PORTAL RAIZES COIT\u00c9","potentialAction":[{"@type":"SearchAction","target":{"@type":"EntryPoint","urlTemplate":"https:\/\/portalraizesnoticias.com.br\/?s={search_term_string}"},"query-input":{"@type":"PropertyValueSpecification","valueRequired":true,"valueName":"search_term_string"}}],"inLanguage":"pt-BR"},{"@type":"Organization","@id":"https:\/\/portalraizesnoticias.com.br\/#organization","name":"Portal raizes NOTICIAS","url":"https:\/\/portalraizesnoticias.com.br\/","logo":{"@type":"ImageObject","inLanguage":"pt-BR","@id":"https:\/\/portalraizesnoticias.com.br\/#\/schema\/logo\/image\/","url":"https:\/\/portalraizesnoticias.com.br\/wp-content\/uploads\/2024\/09\/cropped-Captura-de-tela-2024-09-08-011108.png","contentUrl":"https:\/\/portalraizesnoticias.com.br\/wp-content\/uploads\/2024\/09\/cropped-Captura-de-tela-2024-09-08-011108.png","width":606,"height":173,"caption":"Portal raizes NOTICIAS"},"image":{"@id":"https:\/\/portalraizesnoticias.com.br\/#\/schema\/logo\/image\/"}},{"@type":"Person","@id":"https:\/\/portalraizesnoticias.com.br\/#\/schema\/person\/a3ca6b0fc701e78df19756c417d943ae","name":"Portal Raizes","image":{"@type":"ImageObject","inLanguage":"pt-BR","@id":"https:\/\/portalraizesnoticias.com.br\/#\/schema\/person\/image\/","url":"https:\/\/secure.gravatar.com\/avatar\/ef450d29013a3d3fba867a12a249d7b1?s=96&d=mm&r=g","contentUrl":"https:\/\/secure.gravatar.com\/avatar\/ef450d29013a3d3fba867a12a249d7b1?s=96&d=mm&r=g","caption":"Portal Raizes"},"url":"https:\/\/portalraizesnoticias.com.br\/?author=3"}]}},"_links":{"self":[{"href":"https:\/\/portalraizesnoticias.com.br\/index.php?rest_route=\/wp\/v2\/posts\/6718"}],"collection":[{"href":"https:\/\/portalraizesnoticias.com.br\/index.php?rest_route=\/wp\/v2\/posts"}],"about":[{"href":"https:\/\/portalraizesnoticias.com.br\/index.php?rest_route=\/wp\/v2\/types\/post"}],"author":[{"embeddable":true,"href":"https:\/\/portalraizesnoticias.com.br\/index.php?rest_route=\/wp\/v2\/users\/3"}],"replies":[{"embeddable":true,"href":"https:\/\/portalraizesnoticias.com.br\/index.php?rest_route=%2Fwp%2Fv2%2Fcomments&post=6718"}],"version-history":[{"count":5,"href":"https:\/\/portalraizesnoticias.com.br\/index.php?rest_route=\/wp\/v2\/posts\/6718\/revisions"}],"predecessor-version":[{"id":6726,"href":"https:\/\/portalraizesnoticias.com.br\/index.php?rest_route=\/wp\/v2\/posts\/6718\/revisions\/6726"}],"wp:featuredmedia":[{"embeddable":true,"href":"https:\/\/portalraizesnoticias.com.br\/index.php?rest_route=\/wp\/v2\/media\/6720"}],"wp:attachment":[{"href":"https:\/\/portalraizesnoticias.com.br\/index.php?rest_route=%2Fwp%2Fv2%2Fmedia&parent=6718"}],"wp:term":[{"taxonomy":"category","embeddable":true,"href":"https:\/\/portalraizesnoticias.com.br\/index.php?rest_route=%2Fwp%2Fv2%2Fcategories&post=6718"},{"taxonomy":"post_tag","embeddable":true,"href":"https:\/\/portalraizesnoticias.com.br\/index.php?rest_route=%2Fwp%2Fv2%2Ftags&post=6718"}],"curies":[{"name":"wp","href":"https:\/\/api.w.org\/{rel}","templated":true}]}}