{"id":6714,"date":"2025-05-17T23:48:45","date_gmt":"2025-05-18T02:48:45","guid":{"rendered":"https:\/\/portalraizesnoticias.com.br\/?p=6714"},"modified":"2025-05-17T23:48:45","modified_gmt":"2025-05-18T02:48:45","slug":"tragedia-jovem-de-17-anos-morre-apos-colidir-moto-com-poste-na-ba-120-em-conceicao-do-coite","status":"publish","type":"post","link":"https:\/\/portalraizesnoticias.com.br\/?p=6714","title":{"rendered":"Trag\u00e9dia: Jovem de 17 anos morre ap\u00f3s colidir moto com poste na BA-120 em Concei\u00e7\u00e3o do Coit\u00e9"},"content":{"rendered":"<p>O adolescente Jo\u00e3o Albert Santos do Sacramento, de 17 anos, morreu na noite deste s\u00e1bado (17), v\u00edtima de um acidente de moto ocorrido no trecho asfaltado que liga a sede do distrito de Almas, no munic\u00edpio de Concei\u00e7\u00e3o do Coit\u00e9, \u00e0 BA-120.<\/p>\n<p>Segundo informa\u00e7\u00f5es do site Calila Not\u00edcias, o jovem pilotava uma motocicleta quando perdeu o controle do ve\u00edculo, saiu da pista e colidiu contra um poste da rede el\u00e9trica.<\/p>\n<p>A equipe de socorristas volunt\u00e1rios da Brigada Anjos Jacuipenses foi acionada por volta das 22h30. No entanto, ao chegar ao local, encontrou a v\u00edtima j\u00e1 sem sinais vitais, ap\u00f3s sofrer um forte impacto na cabe\u00e7a devido \u00e0 colis\u00e3o.<\/p>\n<p>Informa\u00e7\u00f5es e fotos Calila Noticias<\/p>\n","protected":false},"excerpt":{"rendered":"<p>O adolescente Jo\u00e3o Albert Santos do Sacramento, de 17 anos, morreu na noite deste s\u00e1bado (17), v\u00edtima de um acidente de moto ocorrido no trecho asfaltado que liga a sede do distrito de Almas, no munic\u00edpio de Concei\u00e7\u00e3o do Coit\u00e9, \u00e0 BA-120. Segundo informa\u00e7\u00f5es do site Calila Not\u00edcias, o jovem pilotava uma motocicleta quando perdeu o controle do ve\u00edculo, saiu da pista e colidiu contra um poste da rede el\u00e9trica. A equipe de socorristas volunt\u00e1rios da Brigada Anjos Jacuipenses foi acionada por volta das 22h30. No entanto, ao chegar ao local, encontrou a v\u00edtima j\u00e1 sem sinais vitais, ap\u00f3s sofrer um forte impacto na cabe\u00e7a devido \u00e0 colis\u00e3o. Informa\u00e7\u00f5es e fotos Calila Noticias<\/p>\n","protected":false},"author":3,"featured_media":6715,"comment_status":"open","ping_status":"open","sticky":false,"template":"","format":"standard","meta":{"_joinchat":[],"footnotes":""},"categories":[58,59],"tags":[75,76,163],"class_list":["post-6714","post","type-post","status-publish","format-standard","has-post-thumbnail","hentry","category-acidentes","category-ultimas-noticias","tag-coite","tag-jovem","tag-morre"],"yoast_head":"<!-- This site is optimized with the Yoast SEO plugin v24.4 - https:\/\/yoast.com\/wordpress\/plugins\/seo\/ -->\n<title>Trag\u00e9dia: Jovem de 17 anos morre ap\u00f3s colidir moto com poste na BA-120 em Concei\u00e7\u00e3o do Coit\u00e9 - Portal raizes noticias<\/title>\n<meta name=\"robots\" content=\"index, follow, max-snippet:-1, max-image-preview:large, max-video-preview:-1\" \/>\n<link rel=\"canonical\" href=\"https:\/\/portalraizesnoticias.com.br\/?p=6714\" \/>\n<meta property=\"og:locale\" content=\"pt_BR\" \/>\n<meta property=\"og:type\" content=\"article\" \/>\n<meta property=\"og:title\" content=\"Trag\u00e9dia: Jovem de 17 anos morre ap\u00f3s colidir moto com poste na BA-120 em Concei\u00e7\u00e3o do Coit\u00e9 - Portal raizes noticias\" \/>\n<meta property=\"og:description\" content=\"O adolescente Jo\u00e3o Albert Santos do Sacramento, de 17 anos, morreu na noite deste s\u00e1bado (17), v\u00edtima de um acidente de moto ocorrido no trecho asfaltado que liga a sede do distrito de Almas, no munic\u00edpio de Concei\u00e7\u00e3o do Coit\u00e9, \u00e0 BA-120. Segundo informa\u00e7\u00f5es do site Calila Not\u00edcias, o jovem pilotava uma motocicleta quando perdeu o controle do ve\u00edculo, saiu da pista e colidiu contra um poste da rede el\u00e9trica. A equipe de socorristas volunt\u00e1rios da Brigada Anjos Jacuipenses foi acionada por volta das 22h30. No entanto, ao chegar ao local, encontrou a v\u00edtima j\u00e1 sem sinais vitais, ap\u00f3s sofrer um forte impacto na cabe\u00e7a devido \u00e0 colis\u00e3o. Informa\u00e7\u00f5es e fotos Calila Noticias\" \/>\n<meta property=\"og:url\" content=\"https:\/\/portalraizesnoticias.com.br\/?p=6714\" \/>\n<meta property=\"og:site_name\" content=\"Portal raizes noticias\" \/>\n<meta property=\"article:published_time\" content=\"2025-05-18T02:48:45+00:00\" \/>\n<meta property=\"og:image\" content=\"https:\/\/portalraizesnoticias.com.br\/wp-content\/uploads\/2025\/05\/acidente-em-almas.jpg\" \/>\n\t<meta property=\"og:image:width\" content=\"1140\" \/>\n\t<meta property=\"og:image:height\" content=\"570\" \/>\n\t<meta property=\"og:image:type\" content=\"image\/jpeg\" \/>\n<meta name=\"author\" content=\"Portal Raizes\" \/>\n<meta name=\"twitter:card\" content=\"summary_large_image\" \/>\n<meta name=\"twitter:label1\" content=\"Escrito por\" \/>\n\t<meta name=\"twitter:data1\" content=\"Portal Raizes\" \/>\n\t<meta name=\"twitter:label2\" content=\"Est. tempo de leitura\" \/>\n\t<meta name=\"twitter:data2\" content=\"1 minuto\" \/>\n<script type=\"application\/ld+json\" class=\"yoast-schema-graph\">{\"@context\":\"https:\/\/schema.org\",\"@graph\":[{\"@type\":\"Article\",\"@id\":\"https:\/\/portalraizesnoticias.com.br\/?p=6714#article\",\"isPartOf\":{\"@id\":\"https:\/\/portalraizesnoticias.com.br\/?p=6714\"},\"author\":{\"name\":\"Portal Raizes\",\"@id\":\"https:\/\/portalraizesnoticias.com.br\/#\/schema\/person\/a3ca6b0fc701e78df19756c417d943ae\"},\"headline\":\"Trag\u00e9dia: Jovem de 17 anos morre ap\u00f3s colidir moto com poste na BA-120 em Concei\u00e7\u00e3o do Coit\u00e9\",\"datePublished\":\"2025-05-18T02:48:45+00:00\",\"mainEntityOfPage\":{\"@id\":\"https:\/\/portalraizesnoticias.com.br\/?p=6714\"},\"wordCount\":143,\"commentCount\":0,\"publisher\":{\"@id\":\"https:\/\/portalraizesnoticias.com.br\/#organization\"},\"image\":{\"@id\":\"https:\/\/portalraizesnoticias.com.br\/?p=6714#primaryimage\"},\"thumbnailUrl\":\"https:\/\/portalraizesnoticias.com.br\/wp-content\/uploads\/2025\/05\/acidente-em-almas.jpg\",\"keywords\":[\"Coit\u00e9\",\"Jovem\",\"Morre\"],\"articleSection\":[\"ACIDENTES\",\"ULTIMAS NOTICIAS\"],\"inLanguage\":\"pt-BR\",\"potentialAction\":[{\"@type\":\"CommentAction\",\"name\":\"Comment\",\"target\":[\"https:\/\/portalraizesnoticias.com.br\/?p=6714#respond\"]}]},{\"@type\":\"WebPage\",\"@id\":\"https:\/\/portalraizesnoticias.com.br\/?p=6714\",\"url\":\"https:\/\/portalraizesnoticias.com.br\/?p=6714\",\"name\":\"Trag\u00e9dia: Jovem de 17 anos morre ap\u00f3s colidir moto com poste na BA-120 em Concei\u00e7\u00e3o do Coit\u00e9 - Portal raizes noticias\",\"isPartOf\":{\"@id\":\"https:\/\/portalraizesnoticias.com.br\/#website\"},\"primaryImageOfPage\":{\"@id\":\"https:\/\/portalraizesnoticias.com.br\/?p=6714#primaryimage\"},\"image\":{\"@id\":\"https:\/\/portalraizesnoticias.com.br\/?p=6714#primaryimage\"},\"thumbnailUrl\":\"https:\/\/portalraizesnoticias.com.br\/wp-content\/uploads\/2025\/05\/acidente-em-almas.jpg\",\"datePublished\":\"2025-05-18T02:48:45+00:00\",\"breadcrumb\":{\"@id\":\"https:\/\/portalraizesnoticias.com.br\/?p=6714#breadcrumb\"},\"inLanguage\":\"pt-BR\",\"potentialAction\":[{\"@type\":\"ReadAction\",\"target\":[\"https:\/\/portalraizesnoticias.com.br\/?p=6714\"]}]},{\"@type\":\"ImageObject\",\"inLanguage\":\"pt-BR\",\"@id\":\"https:\/\/portalraizesnoticias.com.br\/?p=6714#primaryimage\",\"url\":\"https:\/\/portalraizesnoticias.com.br\/wp-content\/uploads\/2025\/05\/acidente-em-almas.jpg\",\"contentUrl\":\"https:\/\/portalraizesnoticias.com.br\/wp-content\/uploads\/2025\/05\/acidente-em-almas.jpg\",\"width\":1140,\"height\":570},{\"@type\":\"BreadcrumbList\",\"@id\":\"https:\/\/portalraizesnoticias.com.br\/?p=6714#breadcrumb\",\"itemListElement\":[{\"@type\":\"ListItem\",\"position\":1,\"name\":\"In\u00edcio\",\"item\":\"https:\/\/portalraizesnoticias.com.br\/\"},{\"@type\":\"ListItem\",\"position\":2,\"name\":\"Trag\u00e9dia: Jovem de 17 anos morre ap\u00f3s colidir moto com poste na BA-120 em Concei\u00e7\u00e3o do Coit\u00e9\"}]},{\"@type\":\"WebSite\",\"@id\":\"https:\/\/portalraizesnoticias.com.br\/#website\",\"url\":\"https:\/\/portalraizesnoticias.com.br\/\",\"name\":\"Portal raizes NOTICIAS\",\"description\":\"site de noticias de concei\u00e7\u00e3o do coit\u00e9 e regi\u00e3o\",\"publisher\":{\"@id\":\"https:\/\/portalraizesnoticias.com.br\/#organization\"},\"alternateName\":\"PORTAL RAIZES COIT\u00c9\",\"potentialAction\":[{\"@type\":\"SearchAction\",\"target\":{\"@type\":\"EntryPoint\",\"urlTemplate\":\"https:\/\/portalraizesnoticias.com.br\/?s={search_term_string}\"},\"query-input\":{\"@type\":\"PropertyValueSpecification\",\"valueRequired\":true,\"valueName\":\"search_term_string\"}}],\"inLanguage\":\"pt-BR\"},{\"@type\":\"Organization\",\"@id\":\"https:\/\/portalraizesnoticias.com.br\/#organization\",\"name\":\"Portal raizes NOTICIAS\",\"url\":\"https:\/\/portalraizesnoticias.com.br\/\",\"logo\":{\"@type\":\"ImageObject\",\"inLanguage\":\"pt-BR\",\"@id\":\"https:\/\/portalraizesnoticias.com.br\/#\/schema\/logo\/image\/\",\"url\":\"https:\/\/portalraizesnoticias.com.br\/wp-content\/uploads\/2024\/09\/cropped-Captura-de-tela-2024-09-08-011108.png\",\"contentUrl\":\"https:\/\/portalraizesnoticias.com.br\/wp-content\/uploads\/2024\/09\/cropped-Captura-de-tela-2024-09-08-011108.png\",\"width\":606,\"height\":173,\"caption\":\"Portal raizes NOTICIAS\"},\"image\":{\"@id\":\"https:\/\/portalraizesnoticias.com.br\/#\/schema\/logo\/image\/\"}},{\"@type\":\"Person\",\"@id\":\"https:\/\/portalraizesnoticias.com.br\/#\/schema\/person\/a3ca6b0fc701e78df19756c417d943ae\",\"name\":\"Portal Raizes\",\"image\":{\"@type\":\"ImageObject\",\"inLanguage\":\"pt-BR\",\"@id\":\"https:\/\/portalraizesnoticias.com.br\/#\/schema\/person\/image\/\",\"url\":\"https:\/\/secure.gravatar.com\/avatar\/ef450d29013a3d3fba867a12a249d7b1?s=96&d=mm&r=g\",\"contentUrl\":\"https:\/\/secure.gravatar.com\/avatar\/ef450d29013a3d3fba867a12a249d7b1?s=96&d=mm&r=g\",\"caption\":\"Portal Raizes\"},\"url\":\"https:\/\/portalraizesnoticias.com.br\/?author=3\"}]}<\/script>\n<!-- \/ Yoast SEO plugin. -->","yoast_head_json":{"title":"Trag\u00e9dia: Jovem de 17 anos morre ap\u00f3s colidir moto com poste na BA-120 em Concei\u00e7\u00e3o do Coit\u00e9 - Portal raizes noticias","robots":{"index":"index","follow":"follow","max-snippet":"max-snippet:-1","max-image-preview":"max-image-preview:large","max-video-preview":"max-video-preview:-1"},"canonical":"https:\/\/portalraizesnoticias.com.br\/?p=6714","og_locale":"pt_BR","og_type":"article","og_title":"Trag\u00e9dia: Jovem de 17 anos morre ap\u00f3s colidir moto com poste na BA-120 em Concei\u00e7\u00e3o do Coit\u00e9 - Portal raizes noticias","og_description":"O adolescente Jo\u00e3o Albert Santos do Sacramento, de 17 anos, morreu na noite deste s\u00e1bado (17), v\u00edtima de um acidente de moto ocorrido no trecho asfaltado que liga a sede do distrito de Almas, no munic\u00edpio de Concei\u00e7\u00e3o do Coit\u00e9, \u00e0 BA-120. Segundo informa\u00e7\u00f5es do site Calila Not\u00edcias, o jovem pilotava uma motocicleta quando perdeu o controle do ve\u00edculo, saiu da pista e colidiu contra um poste da rede el\u00e9trica. A equipe de socorristas volunt\u00e1rios da Brigada Anjos Jacuipenses foi acionada por volta das 22h30. No entanto, ao chegar ao local, encontrou a v\u00edtima j\u00e1 sem sinais vitais, ap\u00f3s sofrer um forte impacto na cabe\u00e7a devido \u00e0 colis\u00e3o. Informa\u00e7\u00f5es e fotos Calila Noticias","og_url":"https:\/\/portalraizesnoticias.com.br\/?p=6714","og_site_name":"Portal raizes noticias","article_published_time":"2025-05-18T02:48:45+00:00","og_image":[{"width":1140,"height":570,"url":"https:\/\/portalraizesnoticias.com.br\/wp-content\/uploads\/2025\/05\/acidente-em-almas.jpg","type":"image\/jpeg"}],"author":"Portal Raizes","twitter_card":"summary_large_image","twitter_misc":{"Escrito por":"Portal Raizes","Est. tempo de leitura":"1 minuto"},"schema":{"@context":"https:\/\/schema.org","@graph":[{"@type":"Article","@id":"https:\/\/portalraizesnoticias.com.br\/?p=6714#article","isPartOf":{"@id":"https:\/\/portalraizesnoticias.com.br\/?p=6714"},"author":{"name":"Portal Raizes","@id":"https:\/\/portalraizesnoticias.com.br\/#\/schema\/person\/a3ca6b0fc701e78df19756c417d943ae"},"headline":"Trag\u00e9dia: Jovem de 17 anos morre ap\u00f3s colidir moto com poste na BA-120 em Concei\u00e7\u00e3o do Coit\u00e9","datePublished":"2025-05-18T02:48:45+00:00","mainEntityOfPage":{"@id":"https:\/\/portalraizesnoticias.com.br\/?p=6714"},"wordCount":143,"commentCount":0,"publisher":{"@id":"https:\/\/portalraizesnoticias.com.br\/#organization"},"image":{"@id":"https:\/\/portalraizesnoticias.com.br\/?p=6714#primaryimage"},"thumbnailUrl":"https:\/\/portalraizesnoticias.com.br\/wp-content\/uploads\/2025\/05\/acidente-em-almas.jpg","keywords":["Coit\u00e9","Jovem","Morre"],"articleSection":["ACIDENTES","ULTIMAS NOTICIAS"],"inLanguage":"pt-BR","potentialAction":[{"@type":"CommentAction","name":"Comment","target":["https:\/\/portalraizesnoticias.com.br\/?p=6714#respond"]}]},{"@type":"WebPage","@id":"https:\/\/portalraizesnoticias.com.br\/?p=6714","url":"https:\/\/portalraizesnoticias.com.br\/?p=6714","name":"Trag\u00e9dia: Jovem de 17 anos morre ap\u00f3s colidir moto com poste na BA-120 em Concei\u00e7\u00e3o do Coit\u00e9 - Portal raizes noticias","isPartOf":{"@id":"https:\/\/portalraizesnoticias.com.br\/#website"},"primaryImageOfPage":{"@id":"https:\/\/portalraizesnoticias.com.br\/?p=6714#primaryimage"},"image":{"@id":"https:\/\/portalraizesnoticias.com.br\/?p=6714#primaryimage"},"thumbnailUrl":"https:\/\/portalraizesnoticias.com.br\/wp-content\/uploads\/2025\/05\/acidente-em-almas.jpg","datePublished":"2025-05-18T02:48:45+00:00","breadcrumb":{"@id":"https:\/\/portalraizesnoticias.com.br\/?p=6714#breadcrumb"},"inLanguage":"pt-BR","potentialAction":[{"@type":"ReadAction","target":["https:\/\/portalraizesnoticias.com.br\/?p=6714"]}]},{"@type":"ImageObject","inLanguage":"pt-BR","@id":"https:\/\/portalraizesnoticias.com.br\/?p=6714#primaryimage","url":"https:\/\/portalraizesnoticias.com.br\/wp-content\/uploads\/2025\/05\/acidente-em-almas.jpg","contentUrl":"https:\/\/portalraizesnoticias.com.br\/wp-content\/uploads\/2025\/05\/acidente-em-almas.jpg","width":1140,"height":570},{"@type":"BreadcrumbList","@id":"https:\/\/portalraizesnoticias.com.br\/?p=6714#breadcrumb","itemListElement":[{"@type":"ListItem","position":1,"name":"In\u00edcio","item":"https:\/\/portalraizesnoticias.com.br\/"},{"@type":"ListItem","position":2,"name":"Trag\u00e9dia: Jovem de 17 anos morre ap\u00f3s colidir moto com poste na BA-120 em Concei\u00e7\u00e3o do Coit\u00e9"}]},{"@type":"WebSite","@id":"https:\/\/portalraizesnoticias.com.br\/#website","url":"https:\/\/portalraizesnoticias.com.br\/","name":"Portal raizes NOTICIAS","description":"site de noticias de concei\u00e7\u00e3o do coit\u00e9 e regi\u00e3o","publisher":{"@id":"https:\/\/portalraizesnoticias.com.br\/#organization"},"alternateName":"PORTAL RAIZES COIT\u00c9","potentialAction":[{"@type":"SearchAction","target":{"@type":"EntryPoint","urlTemplate":"https:\/\/portalraizesnoticias.com.br\/?s={search_term_string}"},"query-input":{"@type":"PropertyValueSpecification","valueRequired":true,"valueName":"search_term_string"}}],"inLanguage":"pt-BR"},{"@type":"Organization","@id":"https:\/\/portalraizesnoticias.com.br\/#organization","name":"Portal raizes NOTICIAS","url":"https:\/\/portalraizesnoticias.com.br\/","logo":{"@type":"ImageObject","inLanguage":"pt-BR","@id":"https:\/\/portalraizesnoticias.com.br\/#\/schema\/logo\/image\/","url":"https:\/\/portalraizesnoticias.com.br\/wp-content\/uploads\/2024\/09\/cropped-Captura-de-tela-2024-09-08-011108.png","contentUrl":"https:\/\/portalraizesnoticias.com.br\/wp-content\/uploads\/2024\/09\/cropped-Captura-de-tela-2024-09-08-011108.png","width":606,"height":173,"caption":"Portal raizes NOTICIAS"},"image":{"@id":"https:\/\/portalraizesnoticias.com.br\/#\/schema\/logo\/image\/"}},{"@type":"Person","@id":"https:\/\/portalraizesnoticias.com.br\/#\/schema\/person\/a3ca6b0fc701e78df19756c417d943ae","name":"Portal Raizes","image":{"@type":"ImageObject","inLanguage":"pt-BR","@id":"https:\/\/portalraizesnoticias.com.br\/#\/schema\/person\/image\/","url":"https:\/\/secure.gravatar.com\/avatar\/ef450d29013a3d3fba867a12a249d7b1?s=96&d=mm&r=g","contentUrl":"https:\/\/secure.gravatar.com\/avatar\/ef450d29013a3d3fba867a12a249d7b1?s=96&d=mm&r=g","caption":"Portal Raizes"},"url":"https:\/\/portalraizesnoticias.com.br\/?author=3"}]}},"_links":{"self":[{"href":"https:\/\/portalraizesnoticias.com.br\/index.php?rest_route=\/wp\/v2\/posts\/6714"}],"collection":[{"href":"https:\/\/portalraizesnoticias.com.br\/index.php?rest_route=\/wp\/v2\/posts"}],"about":[{"href":"https:\/\/portalraizesnoticias.com.br\/index.php?rest_route=\/wp\/v2\/types\/post"}],"author":[{"embeddable":true,"href":"https:\/\/portalraizesnoticias.com.br\/index.php?rest_route=\/wp\/v2\/users\/3"}],"replies":[{"embeddable":true,"href":"https:\/\/portalraizesnoticias.com.br\/index.php?rest_route=%2Fwp%2Fv2%2Fcomments&post=6714"}],"version-history":[{"count":1,"href":"https:\/\/portalraizesnoticias.com.br\/index.php?rest_route=\/wp\/v2\/posts\/6714\/revisions"}],"predecessor-version":[{"id":6716,"href":"https:\/\/portalraizesnoticias.com.br\/index.php?rest_route=\/wp\/v2\/posts\/6714\/revisions\/6716"}],"wp:featuredmedia":[{"embeddable":true,"href":"https:\/\/portalraizesnoticias.com.br\/index.php?rest_route=\/wp\/v2\/media\/6715"}],"wp:attachment":[{"href":"https:\/\/portalraizesnoticias.com.br\/index.php?rest_route=%2Fwp%2Fv2%2Fmedia&parent=6714"}],"wp:term":[{"taxonomy":"category","embeddable":true,"href":"https:\/\/portalraizesnoticias.com.br\/index.php?rest_route=%2Fwp%2Fv2%2Fcategories&post=6714"},{"taxonomy":"post_tag","embeddable":true,"href":"https:\/\/portalraizesnoticias.com.br\/index.php?rest_route=%2Fwp%2Fv2%2Ftags&post=6714"}],"curies":[{"name":"wp","href":"https:\/\/api.w.org\/{rel}","templated":true}]}}