{"id":6628,"date":"2025-05-15T18:52:24","date_gmt":"2025-05-15T21:52:24","guid":{"rendered":"https:\/\/portalraizesnoticias.com.br\/?p=6628"},"modified":"2025-05-15T19:24:11","modified_gmt":"2025-05-15T22:24:11","slug":"coite-homem-perde-dentes-ao-cair-de-moto-e-bater-o-rosto-no-chao-no-bairro-casas-populares","status":"publish","type":"post","link":"https:\/\/portalraizesnoticias.com.br\/?p=6628","title":{"rendered":"Coit\u00e9: Homem perde dentes ao cair de moto e bater o rosto no ch\u00e3o no bairro Casas Populares"},"content":{"rendered":"<p>Wellington dos Santos Lima, de 34 anos, ficou ferido ap\u00f3s perder o controle da motocicleta e cair. O acidente ocorreu nos fundos de um posto de combust\u00edvel, localizado no bairro Casas Populares, em Concei\u00e7\u00e3o do Coit\u00e9, regi\u00e3o sisaleira da Bahia.<\/p>\n<p><img fetchpriority=\"high\" decoding=\"async\" class=\"size-medium wp-image-6630 aligncenter\" src=\"https:\/\/portalraizesnoticias.com.br\/wp-content\/uploads\/2025\/05\/IMG-20250515-WA0506-300x225.jpg\" alt=\"\" width=\"300\" height=\"225\" srcset=\"https:\/\/portalraizesnoticias.com.br\/wp-content\/uploads\/2025\/05\/IMG-20250515-WA0506-300x225.jpg 300w, https:\/\/portalraizesnoticias.com.br\/wp-content\/uploads\/2025\/05\/IMG-20250515-WA0506-1024x768.jpg 1024w, https:\/\/portalraizesnoticias.com.br\/wp-content\/uploads\/2025\/05\/IMG-20250515-WA0506-768x576.jpg 768w, https:\/\/portalraizesnoticias.com.br\/wp-content\/uploads\/2025\/05\/IMG-20250515-WA0506-1536x1152.jpg 1536w, https:\/\/portalraizesnoticias.com.br\/wp-content\/uploads\/2025\/05\/IMG-20250515-WA0506.jpg 1600w\" sizes=\"(max-width: 300px) 100vw, 300px\" \/><\/p>\n<p><strong>Segundo informa\u00e7\u00f5es obtidas pela jornalista Rafaela Rodrigues junto \u00e0 equipe \u00c1guia Resgate,<\/strong> com o impacto da queda, o homem bateu o rosto no ch\u00e3o.<\/p>\n<p><img decoding=\"async\" class=\"size-medium wp-image-6631 aligncenter\" src=\"https:\/\/portalraizesnoticias.com.br\/wp-content\/uploads\/2025\/05\/IMG-20250515-WA0505-300x225.jpg\" alt=\"\" width=\"300\" height=\"225\" srcset=\"https:\/\/portalraizesnoticias.com.br\/wp-content\/uploads\/2025\/05\/IMG-20250515-WA0505-300x225.jpg 300w, https:\/\/portalraizesnoticias.com.br\/wp-content\/uploads\/2025\/05\/IMG-20250515-WA0505-1024x768.jpg 1024w, https:\/\/portalraizesnoticias.com.br\/wp-content\/uploads\/2025\/05\/IMG-20250515-WA0505-768x576.jpg 768w, https:\/\/portalraizesnoticias.com.br\/wp-content\/uploads\/2025\/05\/IMG-20250515-WA0505-1536x1152.jpg 1536w, https:\/\/portalraizesnoticias.com.br\/wp-content\/uploads\/2025\/05\/IMG-20250515-WA0505.jpg 1600w\" sizes=\"(max-width: 300px) 100vw, 300px\" \/><\/p>\n<p>O coordenador do \u00c1guia Resgate, Gildo Carneiro, informou que a v\u00edtima foi encontrada desorientada, amparada por populares, apresentando fratura na m\u00e3o direita,\u00a0 escoria\u00e7\u00f5es pelo corpo \u2014 principalmente no rosto \u2014 e com a perda de alguns dentes.<\/p>\n<p><img decoding=\"async\" class=\"size-medium wp-image-5906 aligncenter\" src=\"https:\/\/portalraizesnoticias.com.br\/wp-content\/uploads\/2025\/04\/IMG-20250416-WA0435-300x260.jpg\" alt=\"\" width=\"300\" height=\"260\" srcset=\"https:\/\/portalraizesnoticias.com.br\/wp-content\/uploads\/2025\/04\/IMG-20250416-WA0435-300x260.jpg 300w, https:\/\/portalraizesnoticias.com.br\/wp-content\/uploads\/2025\/04\/IMG-20250416-WA0435.jpg 717w\" sizes=\"(max-width: 300px) 100vw, 300px\" \/><\/p>\n<p><strong>PUBLICIDADE<\/strong><\/p>\n<p>Wellington recebeu os primeiros socorros no local e foi encaminhado \u00e0 emerg\u00eancia do Hospital Portugu\u00eas.<\/p>\n<p><img loading=\"lazy\" decoding=\"async\" class=\"size-medium wp-image-6633 aligncenter\" src=\"https:\/\/portalraizesnoticias.com.br\/wp-content\/uploads\/2025\/05\/20250515190044-169x300.jpg\" alt=\"\" width=\"169\" height=\"300\" srcset=\"https:\/\/portalraizesnoticias.com.br\/wp-content\/uploads\/2025\/05\/20250515190044-169x300.jpg 169w, https:\/\/portalraizesnoticias.com.br\/wp-content\/uploads\/2025\/05\/20250515190044-576x1024.jpg 576w, https:\/\/portalraizesnoticias.com.br\/wp-content\/uploads\/2025\/05\/20250515190044-768x1365.jpg 768w, https:\/\/portalraizesnoticias.com.br\/wp-content\/uploads\/2025\/05\/20250515190044-864x1536.jpg 864w, https:\/\/portalraizesnoticias.com.br\/wp-content\/uploads\/2025\/05\/20250515190044.jpg 900w\" sizes=\"(max-width: 169px) 100vw, 169px\" \/><\/p>\n<p>Sem conseguir se comunicar, a imagem da v\u00edtima foi divulgada nas redes sociais com o objetivo de localizar seus familiares.<\/p>\n<p>Minutos depois, a fam\u00edlia compareceu ao HP,<\/p>\n<p>Reda\u00e7\u00e3o<\/p>\n<p>Informa\u00e7\u00f5es e fotos \u00c1guia Resgate<\/p>\n","protected":false},"excerpt":{"rendered":"<p>Wellington dos Santos Lima, de 34 anos, ficou ferido ap\u00f3s perder o controle da motocicleta e cair. O acidente ocorreu nos fundos de um posto de combust\u00edvel, localizado no bairro Casas Populares, em Concei\u00e7\u00e3o do Coit\u00e9, regi\u00e3o sisaleira da Bahia. Segundo informa\u00e7\u00f5es obtidas pela jornalista Rafaela Rodrigues junto \u00e0 equipe \u00c1guia Resgate, com o impacto da queda, o homem bateu o rosto no ch\u00e3o. O coordenador do \u00c1guia Resgate, Gildo Carneiro, informou que a v\u00edtima foi encontrada desorientada, amparada por populares, apresentando fratura na m\u00e3o direita,\u00a0 escoria\u00e7\u00f5es pelo corpo \u2014 principalmente no rosto \u2014 e com a perda de alguns dentes. PUBLICIDADE Wellington recebeu os primeiros socorros no local e foi encaminhado \u00e0 emerg\u00eancia do Hospital Portugu\u00eas. Sem conseguir se comunicar, a imagem da v\u00edtima foi divulgada nas redes sociais com o objetivo de localizar seus familiares. Minutos depois, a fam\u00edlia compareceu ao HP, Reda\u00e7\u00e3o Informa\u00e7\u00f5es e fotos \u00c1guia Resgate<\/p>\n","protected":false},"author":3,"featured_media":6629,"comment_status":"open","ping_status":"open","sticky":false,"template":"","format":"standard","meta":{"_joinchat":[],"footnotes":""},"categories":[58,55,59],"tags":[75,142,140,1111],"class_list":["post-6628","post","type-post","status-publish","format-standard","has-post-thumbnail","hentry","category-acidentes","category-destaques","category-ultimas-noticias","tag-coite","tag-homem","tag-moto","tag-perde-controle"],"yoast_head":"<!-- This site is optimized with the Yoast SEO plugin v24.4 - https:\/\/yoast.com\/wordpress\/plugins\/seo\/ -->\n<title>Coit\u00e9: Homem perde dentes ao cair de moto e bater o rosto no ch\u00e3o no bairro Casas Populares - Portal raizes noticias<\/title>\n<meta name=\"robots\" content=\"index, follow, max-snippet:-1, max-image-preview:large, max-video-preview:-1\" \/>\n<link rel=\"canonical\" href=\"https:\/\/portalraizesnoticias.com.br\/?p=6628\" \/>\n<meta property=\"og:locale\" content=\"pt_BR\" \/>\n<meta property=\"og:type\" content=\"article\" \/>\n<meta property=\"og:title\" content=\"Coit\u00e9: Homem perde dentes ao cair de moto e bater o rosto no ch\u00e3o no bairro Casas Populares - Portal raizes noticias\" \/>\n<meta property=\"og:description\" content=\"Wellington dos Santos Lima, de 34 anos, ficou ferido ap\u00f3s perder o controle da motocicleta e cair. O acidente ocorreu nos fundos de um posto de combust\u00edvel, localizado no bairro Casas Populares, em Concei\u00e7\u00e3o do Coit\u00e9, regi\u00e3o sisaleira da Bahia. Segundo informa\u00e7\u00f5es obtidas pela jornalista Rafaela Rodrigues junto \u00e0 equipe \u00c1guia Resgate, com o impacto da queda, o homem bateu o rosto no ch\u00e3o. O coordenador do \u00c1guia Resgate, Gildo Carneiro, informou que a v\u00edtima foi encontrada desorientada, amparada por populares, apresentando fratura na m\u00e3o direita,\u00a0 escoria\u00e7\u00f5es pelo corpo \u2014 principalmente no rosto \u2014 e com a perda de alguns dentes. PUBLICIDADE Wellington recebeu os primeiros socorros no local e foi encaminhado \u00e0 emerg\u00eancia do Hospital Portugu\u00eas. Sem conseguir se comunicar, a imagem da v\u00edtima foi divulgada nas redes sociais com o objetivo de localizar seus familiares. Minutos depois, a fam\u00edlia compareceu ao HP, Reda\u00e7\u00e3o Informa\u00e7\u00f5es e fotos \u00c1guia Resgate\" \/>\n<meta property=\"og:url\" content=\"https:\/\/portalraizesnoticias.com.br\/?p=6628\" \/>\n<meta property=\"og:site_name\" content=\"Portal raizes noticias\" \/>\n<meta property=\"article:published_time\" content=\"2025-05-15T21:52:24+00:00\" \/>\n<meta property=\"article:modified_time\" content=\"2025-05-15T22:24:11+00:00\" \/>\n<meta property=\"og:image\" content=\"https:\/\/portalraizesnoticias.com.br\/wp-content\/uploads\/2025\/05\/IMG-20250515-WA0507.jpg\" \/>\n\t<meta property=\"og:image:width\" content=\"1600\" \/>\n\t<meta property=\"og:image:height\" content=\"1200\" \/>\n\t<meta property=\"og:image:type\" content=\"image\/jpeg\" \/>\n<meta name=\"author\" content=\"Portal Raizes\" \/>\n<meta name=\"twitter:card\" content=\"summary_large_image\" \/>\n<meta name=\"twitter:label1\" content=\"Escrito por\" \/>\n\t<meta name=\"twitter:data1\" content=\"Portal Raizes\" \/>\n\t<meta name=\"twitter:label2\" content=\"Est. tempo de leitura\" \/>\n\t<meta name=\"twitter:data2\" content=\"2 minutos\" \/>\n<script type=\"application\/ld+json\" class=\"yoast-schema-graph\">{\"@context\":\"https:\/\/schema.org\",\"@graph\":[{\"@type\":\"Article\",\"@id\":\"https:\/\/portalraizesnoticias.com.br\/?p=6628#article\",\"isPartOf\":{\"@id\":\"https:\/\/portalraizesnoticias.com.br\/?p=6628\"},\"author\":{\"name\":\"Portal Raizes\",\"@id\":\"https:\/\/portalraizesnoticias.com.br\/#\/schema\/person\/a3ca6b0fc701e78df19756c417d943ae\"},\"headline\":\"Coit\u00e9: Homem perde dentes ao cair de moto e bater o rosto no ch\u00e3o no bairro Casas Populares\",\"datePublished\":\"2025-05-15T21:52:24+00:00\",\"dateModified\":\"2025-05-15T22:24:11+00:00\",\"mainEntityOfPage\":{\"@id\":\"https:\/\/portalraizesnoticias.com.br\/?p=6628\"},\"wordCount\":179,\"commentCount\":0,\"publisher\":{\"@id\":\"https:\/\/portalraizesnoticias.com.br\/#organization\"},\"image\":{\"@id\":\"https:\/\/portalraizesnoticias.com.br\/?p=6628#primaryimage\"},\"thumbnailUrl\":\"https:\/\/portalraizesnoticias.com.br\/wp-content\/uploads\/2025\/05\/IMG-20250515-WA0507.jpg\",\"keywords\":[\"Coit\u00e9\",\"Homem\",\"Moto\",\"Perde controle\"],\"articleSection\":[\"ACIDENTES\",\"DESTAQUES\",\"ULTIMAS NOTICIAS\"],\"inLanguage\":\"pt-BR\",\"potentialAction\":[{\"@type\":\"CommentAction\",\"name\":\"Comment\",\"target\":[\"https:\/\/portalraizesnoticias.com.br\/?p=6628#respond\"]}]},{\"@type\":\"WebPage\",\"@id\":\"https:\/\/portalraizesnoticias.com.br\/?p=6628\",\"url\":\"https:\/\/portalraizesnoticias.com.br\/?p=6628\",\"name\":\"Coit\u00e9: Homem perde dentes ao cair de moto e bater o rosto no ch\u00e3o no bairro Casas Populares - Portal raizes noticias\",\"isPartOf\":{\"@id\":\"https:\/\/portalraizesnoticias.com.br\/#website\"},\"primaryImageOfPage\":{\"@id\":\"https:\/\/portalraizesnoticias.com.br\/?p=6628#primaryimage\"},\"image\":{\"@id\":\"https:\/\/portalraizesnoticias.com.br\/?p=6628#primaryimage\"},\"thumbnailUrl\":\"https:\/\/portalraizesnoticias.com.br\/wp-content\/uploads\/2025\/05\/IMG-20250515-WA0507.jpg\",\"datePublished\":\"2025-05-15T21:52:24+00:00\",\"dateModified\":\"2025-05-15T22:24:11+00:00\",\"breadcrumb\":{\"@id\":\"https:\/\/portalraizesnoticias.com.br\/?p=6628#breadcrumb\"},\"inLanguage\":\"pt-BR\",\"potentialAction\":[{\"@type\":\"ReadAction\",\"target\":[\"https:\/\/portalraizesnoticias.com.br\/?p=6628\"]}]},{\"@type\":\"ImageObject\",\"inLanguage\":\"pt-BR\",\"@id\":\"https:\/\/portalraizesnoticias.com.br\/?p=6628#primaryimage\",\"url\":\"https:\/\/portalraizesnoticias.com.br\/wp-content\/uploads\/2025\/05\/IMG-20250515-WA0507.jpg\",\"contentUrl\":\"https:\/\/portalraizesnoticias.com.br\/wp-content\/uploads\/2025\/05\/IMG-20250515-WA0507.jpg\",\"width\":1600,\"height\":1200},{\"@type\":\"BreadcrumbList\",\"@id\":\"https:\/\/portalraizesnoticias.com.br\/?p=6628#breadcrumb\",\"itemListElement\":[{\"@type\":\"ListItem\",\"position\":1,\"name\":\"In\u00edcio\",\"item\":\"https:\/\/portalraizesnoticias.com.br\/\"},{\"@type\":\"ListItem\",\"position\":2,\"name\":\"Coit\u00e9: Homem perde dentes ao cair de moto e bater o rosto no ch\u00e3o no bairro Casas Populares\"}]},{\"@type\":\"WebSite\",\"@id\":\"https:\/\/portalraizesnoticias.com.br\/#website\",\"url\":\"https:\/\/portalraizesnoticias.com.br\/\",\"name\":\"Portal raizes NOTICIAS\",\"description\":\"site de noticias de concei\u00e7\u00e3o do coit\u00e9 e regi\u00e3o\",\"publisher\":{\"@id\":\"https:\/\/portalraizesnoticias.com.br\/#organization\"},\"alternateName\":\"PORTAL RAIZES COIT\u00c9\",\"potentialAction\":[{\"@type\":\"SearchAction\",\"target\":{\"@type\":\"EntryPoint\",\"urlTemplate\":\"https:\/\/portalraizesnoticias.com.br\/?s={search_term_string}\"},\"query-input\":{\"@type\":\"PropertyValueSpecification\",\"valueRequired\":true,\"valueName\":\"search_term_string\"}}],\"inLanguage\":\"pt-BR\"},{\"@type\":\"Organization\",\"@id\":\"https:\/\/portalraizesnoticias.com.br\/#organization\",\"name\":\"Portal raizes NOTICIAS\",\"url\":\"https:\/\/portalraizesnoticias.com.br\/\",\"logo\":{\"@type\":\"ImageObject\",\"inLanguage\":\"pt-BR\",\"@id\":\"https:\/\/portalraizesnoticias.com.br\/#\/schema\/logo\/image\/\",\"url\":\"https:\/\/portalraizesnoticias.com.br\/wp-content\/uploads\/2024\/09\/cropped-Captura-de-tela-2024-09-08-011108.png\",\"contentUrl\":\"https:\/\/portalraizesnoticias.com.br\/wp-content\/uploads\/2024\/09\/cropped-Captura-de-tela-2024-09-08-011108.png\",\"width\":606,\"height\":173,\"caption\":\"Portal raizes NOTICIAS\"},\"image\":{\"@id\":\"https:\/\/portalraizesnoticias.com.br\/#\/schema\/logo\/image\/\"}},{\"@type\":\"Person\",\"@id\":\"https:\/\/portalraizesnoticias.com.br\/#\/schema\/person\/a3ca6b0fc701e78df19756c417d943ae\",\"name\":\"Portal Raizes\",\"image\":{\"@type\":\"ImageObject\",\"inLanguage\":\"pt-BR\",\"@id\":\"https:\/\/portalraizesnoticias.com.br\/#\/schema\/person\/image\/\",\"url\":\"https:\/\/secure.gravatar.com\/avatar\/ef450d29013a3d3fba867a12a249d7b1?s=96&d=mm&r=g\",\"contentUrl\":\"https:\/\/secure.gravatar.com\/avatar\/ef450d29013a3d3fba867a12a249d7b1?s=96&d=mm&r=g\",\"caption\":\"Portal Raizes\"},\"url\":\"https:\/\/portalraizesnoticias.com.br\/?author=3\"}]}<\/script>\n<!-- \/ Yoast SEO plugin. -->","yoast_head_json":{"title":"Coit\u00e9: Homem perde dentes ao cair de moto e bater o rosto no ch\u00e3o no bairro Casas Populares - Portal raizes noticias","robots":{"index":"index","follow":"follow","max-snippet":"max-snippet:-1","max-image-preview":"max-image-preview:large","max-video-preview":"max-video-preview:-1"},"canonical":"https:\/\/portalraizesnoticias.com.br\/?p=6628","og_locale":"pt_BR","og_type":"article","og_title":"Coit\u00e9: Homem perde dentes ao cair de moto e bater o rosto no ch\u00e3o no bairro Casas Populares - Portal raizes noticias","og_description":"Wellington dos Santos Lima, de 34 anos, ficou ferido ap\u00f3s perder o controle da motocicleta e cair. O acidente ocorreu nos fundos de um posto de combust\u00edvel, localizado no bairro Casas Populares, em Concei\u00e7\u00e3o do Coit\u00e9, regi\u00e3o sisaleira da Bahia. Segundo informa\u00e7\u00f5es obtidas pela jornalista Rafaela Rodrigues junto \u00e0 equipe \u00c1guia Resgate, com o impacto da queda, o homem bateu o rosto no ch\u00e3o. O coordenador do \u00c1guia Resgate, Gildo Carneiro, informou que a v\u00edtima foi encontrada desorientada, amparada por populares, apresentando fratura na m\u00e3o direita,\u00a0 escoria\u00e7\u00f5es pelo corpo \u2014 principalmente no rosto \u2014 e com a perda de alguns dentes. PUBLICIDADE Wellington recebeu os primeiros socorros no local e foi encaminhado \u00e0 emerg\u00eancia do Hospital Portugu\u00eas. Sem conseguir se comunicar, a imagem da v\u00edtima foi divulgada nas redes sociais com o objetivo de localizar seus familiares. Minutos depois, a fam\u00edlia compareceu ao HP, Reda\u00e7\u00e3o Informa\u00e7\u00f5es e fotos \u00c1guia Resgate","og_url":"https:\/\/portalraizesnoticias.com.br\/?p=6628","og_site_name":"Portal raizes noticias","article_published_time":"2025-05-15T21:52:24+00:00","article_modified_time":"2025-05-15T22:24:11+00:00","og_image":[{"width":1600,"height":1200,"url":"https:\/\/portalraizesnoticias.com.br\/wp-content\/uploads\/2025\/05\/IMG-20250515-WA0507.jpg","type":"image\/jpeg"}],"author":"Portal Raizes","twitter_card":"summary_large_image","twitter_misc":{"Escrito por":"Portal Raizes","Est. tempo de leitura":"2 minutos"},"schema":{"@context":"https:\/\/schema.org","@graph":[{"@type":"Article","@id":"https:\/\/portalraizesnoticias.com.br\/?p=6628#article","isPartOf":{"@id":"https:\/\/portalraizesnoticias.com.br\/?p=6628"},"author":{"name":"Portal Raizes","@id":"https:\/\/portalraizesnoticias.com.br\/#\/schema\/person\/a3ca6b0fc701e78df19756c417d943ae"},"headline":"Coit\u00e9: Homem perde dentes ao cair de moto e bater o rosto no ch\u00e3o no bairro Casas Populares","datePublished":"2025-05-15T21:52:24+00:00","dateModified":"2025-05-15T22:24:11+00:00","mainEntityOfPage":{"@id":"https:\/\/portalraizesnoticias.com.br\/?p=6628"},"wordCount":179,"commentCount":0,"publisher":{"@id":"https:\/\/portalraizesnoticias.com.br\/#organization"},"image":{"@id":"https:\/\/portalraizesnoticias.com.br\/?p=6628#primaryimage"},"thumbnailUrl":"https:\/\/portalraizesnoticias.com.br\/wp-content\/uploads\/2025\/05\/IMG-20250515-WA0507.jpg","keywords":["Coit\u00e9","Homem","Moto","Perde controle"],"articleSection":["ACIDENTES","DESTAQUES","ULTIMAS NOTICIAS"],"inLanguage":"pt-BR","potentialAction":[{"@type":"CommentAction","name":"Comment","target":["https:\/\/portalraizesnoticias.com.br\/?p=6628#respond"]}]},{"@type":"WebPage","@id":"https:\/\/portalraizesnoticias.com.br\/?p=6628","url":"https:\/\/portalraizesnoticias.com.br\/?p=6628","name":"Coit\u00e9: Homem perde dentes ao cair de moto e bater o rosto no ch\u00e3o no bairro Casas Populares - Portal raizes noticias","isPartOf":{"@id":"https:\/\/portalraizesnoticias.com.br\/#website"},"primaryImageOfPage":{"@id":"https:\/\/portalraizesnoticias.com.br\/?p=6628#primaryimage"},"image":{"@id":"https:\/\/portalraizesnoticias.com.br\/?p=6628#primaryimage"},"thumbnailUrl":"https:\/\/portalraizesnoticias.com.br\/wp-content\/uploads\/2025\/05\/IMG-20250515-WA0507.jpg","datePublished":"2025-05-15T21:52:24+00:00","dateModified":"2025-05-15T22:24:11+00:00","breadcrumb":{"@id":"https:\/\/portalraizesnoticias.com.br\/?p=6628#breadcrumb"},"inLanguage":"pt-BR","potentialAction":[{"@type":"ReadAction","target":["https:\/\/portalraizesnoticias.com.br\/?p=6628"]}]},{"@type":"ImageObject","inLanguage":"pt-BR","@id":"https:\/\/portalraizesnoticias.com.br\/?p=6628#primaryimage","url":"https:\/\/portalraizesnoticias.com.br\/wp-content\/uploads\/2025\/05\/IMG-20250515-WA0507.jpg","contentUrl":"https:\/\/portalraizesnoticias.com.br\/wp-content\/uploads\/2025\/05\/IMG-20250515-WA0507.jpg","width":1600,"height":1200},{"@type":"BreadcrumbList","@id":"https:\/\/portalraizesnoticias.com.br\/?p=6628#breadcrumb","itemListElement":[{"@type":"ListItem","position":1,"name":"In\u00edcio","item":"https:\/\/portalraizesnoticias.com.br\/"},{"@type":"ListItem","position":2,"name":"Coit\u00e9: Homem perde dentes ao cair de moto e bater o rosto no ch\u00e3o no bairro Casas Populares"}]},{"@type":"WebSite","@id":"https:\/\/portalraizesnoticias.com.br\/#website","url":"https:\/\/portalraizesnoticias.com.br\/","name":"Portal raizes NOTICIAS","description":"site de noticias de concei\u00e7\u00e3o do coit\u00e9 e regi\u00e3o","publisher":{"@id":"https:\/\/portalraizesnoticias.com.br\/#organization"},"alternateName":"PORTAL RAIZES COIT\u00c9","potentialAction":[{"@type":"SearchAction","target":{"@type":"EntryPoint","urlTemplate":"https:\/\/portalraizesnoticias.com.br\/?s={search_term_string}"},"query-input":{"@type":"PropertyValueSpecification","valueRequired":true,"valueName":"search_term_string"}}],"inLanguage":"pt-BR"},{"@type":"Organization","@id":"https:\/\/portalraizesnoticias.com.br\/#organization","name":"Portal raizes NOTICIAS","url":"https:\/\/portalraizesnoticias.com.br\/","logo":{"@type":"ImageObject","inLanguage":"pt-BR","@id":"https:\/\/portalraizesnoticias.com.br\/#\/schema\/logo\/image\/","url":"https:\/\/portalraizesnoticias.com.br\/wp-content\/uploads\/2024\/09\/cropped-Captura-de-tela-2024-09-08-011108.png","contentUrl":"https:\/\/portalraizesnoticias.com.br\/wp-content\/uploads\/2024\/09\/cropped-Captura-de-tela-2024-09-08-011108.png","width":606,"height":173,"caption":"Portal raizes NOTICIAS"},"image":{"@id":"https:\/\/portalraizesnoticias.com.br\/#\/schema\/logo\/image\/"}},{"@type":"Person","@id":"https:\/\/portalraizesnoticias.com.br\/#\/schema\/person\/a3ca6b0fc701e78df19756c417d943ae","name":"Portal Raizes","image":{"@type":"ImageObject","inLanguage":"pt-BR","@id":"https:\/\/portalraizesnoticias.com.br\/#\/schema\/person\/image\/","url":"https:\/\/secure.gravatar.com\/avatar\/ef450d29013a3d3fba867a12a249d7b1?s=96&d=mm&r=g","contentUrl":"https:\/\/secure.gravatar.com\/avatar\/ef450d29013a3d3fba867a12a249d7b1?s=96&d=mm&r=g","caption":"Portal Raizes"},"url":"https:\/\/portalraizesnoticias.com.br\/?author=3"}]}},"_links":{"self":[{"href":"https:\/\/portalraizesnoticias.com.br\/index.php?rest_route=\/wp\/v2\/posts\/6628"}],"collection":[{"href":"https:\/\/portalraizesnoticias.com.br\/index.php?rest_route=\/wp\/v2\/posts"}],"about":[{"href":"https:\/\/portalraizesnoticias.com.br\/index.php?rest_route=\/wp\/v2\/types\/post"}],"author":[{"embeddable":true,"href":"https:\/\/portalraizesnoticias.com.br\/index.php?rest_route=\/wp\/v2\/users\/3"}],"replies":[{"embeddable":true,"href":"https:\/\/portalraizesnoticias.com.br\/index.php?rest_route=%2Fwp%2Fv2%2Fcomments&post=6628"}],"version-history":[{"count":6,"href":"https:\/\/portalraizesnoticias.com.br\/index.php?rest_route=\/wp\/v2\/posts\/6628\/revisions"}],"predecessor-version":[{"id":6642,"href":"https:\/\/portalraizesnoticias.com.br\/index.php?rest_route=\/wp\/v2\/posts\/6628\/revisions\/6642"}],"wp:featuredmedia":[{"embeddable":true,"href":"https:\/\/portalraizesnoticias.com.br\/index.php?rest_route=\/wp\/v2\/media\/6629"}],"wp:attachment":[{"href":"https:\/\/portalraizesnoticias.com.br\/index.php?rest_route=%2Fwp%2Fv2%2Fmedia&parent=6628"}],"wp:term":[{"taxonomy":"category","embeddable":true,"href":"https:\/\/portalraizesnoticias.com.br\/index.php?rest_route=%2Fwp%2Fv2%2Fcategories&post=6628"},{"taxonomy":"post_tag","embeddable":true,"href":"https:\/\/portalraizesnoticias.com.br\/index.php?rest_route=%2Fwp%2Fv2%2Ftags&post=6628"}],"curies":[{"name":"wp","href":"https:\/\/api.w.org\/{rel}","templated":true}]}}