{"id":6614,"date":"2025-05-15T08:39:34","date_gmt":"2025-05-15T11:39:34","guid":{"rendered":"https:\/\/portalraizesnoticias.com.br\/?p=6614"},"modified":"2025-05-15T08:39:34","modified_gmt":"2025-05-15T11:39:34","slug":"policia-conduz-homem-de-50-anos-por-ameacar-jovem-em-ichu","status":"publish","type":"post","link":"https:\/\/portalraizesnoticias.com.br\/?p=6614","title":{"rendered":"Pol\u00edcia conduz homem de 50 anos por amea\u00e7ar jovem em Ich\u00fa"},"content":{"rendered":"<p>Na tarde de quarta-feira (14), por volta das 15h30, um homem de 50 anos foi conduzido \u00e0 delegacia ap\u00f3s amea\u00e7ar uma mulher de 24 anos no munic\u00edpio de Ich\u00fa, localizado na regi\u00e3o sisaleira da Bahia.<\/p>\n<p><img fetchpriority=\"high\" decoding=\"async\" class=\"size-medium wp-image-5906 aligncenter\" src=\"https:\/\/portalraizesnoticias.com.br\/wp-content\/uploads\/2025\/04\/IMG-20250416-WA0435-300x260.jpg\" alt=\"\" width=\"300\" height=\"260\" srcset=\"https:\/\/portalraizesnoticias.com.br\/wp-content\/uploads\/2025\/04\/IMG-20250416-WA0435-300x260.jpg 300w, https:\/\/portalraizesnoticias.com.br\/wp-content\/uploads\/2025\/04\/IMG-20250416-WA0435.jpg 717w\" sizes=\"(max-width: 300px) 100vw, 300px\" \/><\/p>\n<p style=\"text-align: center;\"><strong>PUBLICIDADE<\/strong><\/p>\n<p>O caso ocorreu no Conjunto Habitacional Dorivaldo Ferreira da Silva, bairro Corti\u00e7o, zona urbana da cidade. Segundo informa\u00e7\u00f5es do boletim de ocorr\u00eancia apurado pelo Portal Ra\u00edzes, a guarni\u00e7\u00e3o da Pol\u00edcia Militar foi acionada via CICOM com a informa\u00e7\u00e3o de que uma jovem estava sendo amea\u00e7ada pelo suspeito em frente \u00e0 sua resid\u00eancia.<\/p>\n<p>Os policiais foram\u00a0at\u00e9 o local e ouviram o relato da v\u00edtima. No entanto, o boletim de ocorr\u00eancia n\u00e3o detalha a motiva\u00e7\u00e3o da amea\u00e7a.<\/p>\n<p><img decoding=\"async\" class=\"size-medium wp-image-1968 aligncenter\" src=\"https:\/\/portalraizesnoticias.com.br\/wp-content\/uploads\/2024\/11\/Imagem-do-WhatsApp-de-2024-11-01-as-13.17.23_592d9bdd-300x142.jpg\" alt=\"\" width=\"300\" height=\"142\" srcset=\"https:\/\/portalraizesnoticias.com.br\/wp-content\/uploads\/2024\/11\/Imagem-do-WhatsApp-de-2024-11-01-as-13.17.23_592d9bdd-300x142.jpg 300w, https:\/\/portalraizesnoticias.com.br\/wp-content\/uploads\/2024\/11\/Imagem-do-WhatsApp-de-2024-11-01-as-13.17.23_592d9bdd.jpg 722w\" sizes=\"(max-width: 300px) 100vw, 300px\" \/><\/p>\n<p style=\"text-align: center;\"><strong>PUBLICIDADE<\/strong><\/p>\n<p>Diante da situa\u00e7\u00e3o, os envolvidos foram encaminhados \u00e0 Delegacia de Pol\u00edcia em Serrinha para as provid\u00eancias cab\u00edveis.<\/p>\n<p>Reda\u00e7\u00e3o<\/p>\n<p>Foto: Ilustra\u00e7\u00e3o\/ PM<\/p>\n","protected":false},"excerpt":{"rendered":"<p>Na tarde de quarta-feira (14), por volta das 15h30, um homem de 50 anos foi conduzido \u00e0 delegacia ap\u00f3s amea\u00e7ar uma mulher de 24 anos no munic\u00edpio de Ich\u00fa, localizado na regi\u00e3o sisaleira da Bahia. PUBLICIDADE O caso ocorreu no Conjunto Habitacional Dorivaldo Ferreira da Silva, bairro Corti\u00e7o, zona urbana da cidade. Segundo informa\u00e7\u00f5es do boletim de ocorr\u00eancia apurado pelo Portal Ra\u00edzes, a guarni\u00e7\u00e3o da Pol\u00edcia Militar foi acionada via CICOM com a informa\u00e7\u00e3o de que uma jovem estava sendo amea\u00e7ada pelo suspeito em frente \u00e0 sua resid\u00eancia. Os policiais foram\u00a0at\u00e9 o local e ouviram o relato da v\u00edtima. No entanto, o boletim de ocorr\u00eancia n\u00e3o detalha a motiva\u00e7\u00e3o da amea\u00e7a. PUBLICIDADE Diante da situa\u00e7\u00e3o, os envolvidos foram encaminhados \u00e0 Delegacia de Pol\u00edcia em Serrinha para as provid\u00eancias cab\u00edveis. Reda\u00e7\u00e3o Foto: Ilustra\u00e7\u00e3o\/ PM<\/p>\n","protected":false},"author":3,"featured_media":5734,"comment_status":"open","ping_status":"open","sticky":false,"template":"","format":"standard","meta":{"_joinchat":[],"footnotes":""},"categories":[67,59],"tags":[222,796,196],"class_list":["post-6614","post","type-post","status-publish","format-standard","has-post-thumbnail","hentry","category-policia","category-ultimas-noticias","tag-ameaca","tag-ichu","tag-policia"],"yoast_head":"<!-- This site is optimized with the Yoast SEO plugin v24.4 - https:\/\/yoast.com\/wordpress\/plugins\/seo\/ -->\n<title>Pol\u00edcia conduz homem de 50 anos por amea\u00e7ar jovem em Ich\u00fa - Portal raizes noticias<\/title>\n<meta name=\"robots\" content=\"index, follow, max-snippet:-1, max-image-preview:large, max-video-preview:-1\" \/>\n<link rel=\"canonical\" href=\"https:\/\/portalraizesnoticias.com.br\/?p=6614\" \/>\n<meta property=\"og:locale\" content=\"pt_BR\" \/>\n<meta property=\"og:type\" content=\"article\" \/>\n<meta property=\"og:title\" content=\"Pol\u00edcia conduz homem de 50 anos por amea\u00e7ar jovem em Ich\u00fa - Portal raizes noticias\" \/>\n<meta property=\"og:description\" content=\"Na tarde de quarta-feira (14), por volta das 15h30, um homem de 50 anos foi conduzido \u00e0 delegacia ap\u00f3s amea\u00e7ar uma mulher de 24 anos no munic\u00edpio de Ich\u00fa, localizado na regi\u00e3o sisaleira da Bahia. PUBLICIDADE O caso ocorreu no Conjunto Habitacional Dorivaldo Ferreira da Silva, bairro Corti\u00e7o, zona urbana da cidade. Segundo informa\u00e7\u00f5es do boletim de ocorr\u00eancia apurado pelo Portal Ra\u00edzes, a guarni\u00e7\u00e3o da Pol\u00edcia Militar foi acionada via CICOM com a informa\u00e7\u00e3o de que uma jovem estava sendo amea\u00e7ada pelo suspeito em frente \u00e0 sua resid\u00eancia. Os policiais foram\u00a0at\u00e9 o local e ouviram o relato da v\u00edtima. No entanto, o boletim de ocorr\u00eancia n\u00e3o detalha a motiva\u00e7\u00e3o da amea\u00e7a. PUBLICIDADE Diante da situa\u00e7\u00e3o, os envolvidos foram encaminhados \u00e0 Delegacia de Pol\u00edcia em Serrinha para as provid\u00eancias cab\u00edveis. Reda\u00e7\u00e3o Foto: Ilustra\u00e7\u00e3o\/ PM\" \/>\n<meta property=\"og:url\" content=\"https:\/\/portalraizesnoticias.com.br\/?p=6614\" \/>\n<meta property=\"og:site_name\" content=\"Portal raizes noticias\" \/>\n<meta property=\"article:published_time\" content=\"2025-05-15T11:39:34+00:00\" \/>\n<meta property=\"og:image\" content=\"https:\/\/portalraizesnoticias.com.br\/wp-content\/uploads\/2025\/04\/IMG-20250411-WA0345.jpg\" \/>\n\t<meta property=\"og:image:width\" content=\"490\" \/>\n\t<meta property=\"og:image:height\" content=\"406\" \/>\n\t<meta property=\"og:image:type\" content=\"image\/jpeg\" \/>\n<meta name=\"author\" content=\"Portal Raizes\" \/>\n<meta name=\"twitter:card\" content=\"summary_large_image\" \/>\n<meta name=\"twitter:label1\" content=\"Escrito por\" \/>\n\t<meta name=\"twitter:data1\" content=\"Portal Raizes\" \/>\n\t<meta name=\"twitter:label2\" content=\"Est. tempo de leitura\" \/>\n\t<meta name=\"twitter:data2\" content=\"2 minutos\" \/>\n<script type=\"application\/ld+json\" class=\"yoast-schema-graph\">{\"@context\":\"https:\/\/schema.org\",\"@graph\":[{\"@type\":\"Article\",\"@id\":\"https:\/\/portalraizesnoticias.com.br\/?p=6614#article\",\"isPartOf\":{\"@id\":\"https:\/\/portalraizesnoticias.com.br\/?p=6614\"},\"author\":{\"name\":\"Portal Raizes\",\"@id\":\"https:\/\/portalraizesnoticias.com.br\/#\/schema\/person\/a3ca6b0fc701e78df19756c417d943ae\"},\"headline\":\"Pol\u00edcia conduz homem de 50 anos por amea\u00e7ar jovem em Ich\u00fa\",\"datePublished\":\"2025-05-15T11:39:34+00:00\",\"mainEntityOfPage\":{\"@id\":\"https:\/\/portalraizesnoticias.com.br\/?p=6614\"},\"wordCount\":164,\"commentCount\":0,\"publisher\":{\"@id\":\"https:\/\/portalraizesnoticias.com.br\/#organization\"},\"image\":{\"@id\":\"https:\/\/portalraizesnoticias.com.br\/?p=6614#primaryimage\"},\"thumbnailUrl\":\"https:\/\/portalraizesnoticias.com.br\/wp-content\/uploads\/2025\/04\/IMG-20250411-WA0345.jpg\",\"keywords\":[\"Amea\u00e7a\",\"Ich\u00fa\",\"Policia\"],\"articleSection\":[\"POLICIA\",\"ULTIMAS NOTICIAS\"],\"inLanguage\":\"pt-BR\",\"potentialAction\":[{\"@type\":\"CommentAction\",\"name\":\"Comment\",\"target\":[\"https:\/\/portalraizesnoticias.com.br\/?p=6614#respond\"]}]},{\"@type\":\"WebPage\",\"@id\":\"https:\/\/portalraizesnoticias.com.br\/?p=6614\",\"url\":\"https:\/\/portalraizesnoticias.com.br\/?p=6614\",\"name\":\"Pol\u00edcia conduz homem de 50 anos por amea\u00e7ar jovem em Ich\u00fa - Portal raizes noticias\",\"isPartOf\":{\"@id\":\"https:\/\/portalraizesnoticias.com.br\/#website\"},\"primaryImageOfPage\":{\"@id\":\"https:\/\/portalraizesnoticias.com.br\/?p=6614#primaryimage\"},\"image\":{\"@id\":\"https:\/\/portalraizesnoticias.com.br\/?p=6614#primaryimage\"},\"thumbnailUrl\":\"https:\/\/portalraizesnoticias.com.br\/wp-content\/uploads\/2025\/04\/IMG-20250411-WA0345.jpg\",\"datePublished\":\"2025-05-15T11:39:34+00:00\",\"breadcrumb\":{\"@id\":\"https:\/\/portalraizesnoticias.com.br\/?p=6614#breadcrumb\"},\"inLanguage\":\"pt-BR\",\"potentialAction\":[{\"@type\":\"ReadAction\",\"target\":[\"https:\/\/portalraizesnoticias.com.br\/?p=6614\"]}]},{\"@type\":\"ImageObject\",\"inLanguage\":\"pt-BR\",\"@id\":\"https:\/\/portalraizesnoticias.com.br\/?p=6614#primaryimage\",\"url\":\"https:\/\/portalraizesnoticias.com.br\/wp-content\/uploads\/2025\/04\/IMG-20250411-WA0345.jpg\",\"contentUrl\":\"https:\/\/portalraizesnoticias.com.br\/wp-content\/uploads\/2025\/04\/IMG-20250411-WA0345.jpg\",\"width\":490,\"height\":406},{\"@type\":\"BreadcrumbList\",\"@id\":\"https:\/\/portalraizesnoticias.com.br\/?p=6614#breadcrumb\",\"itemListElement\":[{\"@type\":\"ListItem\",\"position\":1,\"name\":\"In\u00edcio\",\"item\":\"https:\/\/portalraizesnoticias.com.br\/\"},{\"@type\":\"ListItem\",\"position\":2,\"name\":\"Pol\u00edcia conduz homem de 50 anos por amea\u00e7ar jovem em Ich\u00fa\"}]},{\"@type\":\"WebSite\",\"@id\":\"https:\/\/portalraizesnoticias.com.br\/#website\",\"url\":\"https:\/\/portalraizesnoticias.com.br\/\",\"name\":\"Portal raizes NOTICIAS\",\"description\":\"site de noticias de concei\u00e7\u00e3o do coit\u00e9 e regi\u00e3o\",\"publisher\":{\"@id\":\"https:\/\/portalraizesnoticias.com.br\/#organization\"},\"alternateName\":\"PORTAL RAIZES COIT\u00c9\",\"potentialAction\":[{\"@type\":\"SearchAction\",\"target\":{\"@type\":\"EntryPoint\",\"urlTemplate\":\"https:\/\/portalraizesnoticias.com.br\/?s={search_term_string}\"},\"query-input\":{\"@type\":\"PropertyValueSpecification\",\"valueRequired\":true,\"valueName\":\"search_term_string\"}}],\"inLanguage\":\"pt-BR\"},{\"@type\":\"Organization\",\"@id\":\"https:\/\/portalraizesnoticias.com.br\/#organization\",\"name\":\"Portal raizes NOTICIAS\",\"url\":\"https:\/\/portalraizesnoticias.com.br\/\",\"logo\":{\"@type\":\"ImageObject\",\"inLanguage\":\"pt-BR\",\"@id\":\"https:\/\/portalraizesnoticias.com.br\/#\/schema\/logo\/image\/\",\"url\":\"https:\/\/portalraizesnoticias.com.br\/wp-content\/uploads\/2024\/09\/cropped-Captura-de-tela-2024-09-08-011108.png\",\"contentUrl\":\"https:\/\/portalraizesnoticias.com.br\/wp-content\/uploads\/2024\/09\/cropped-Captura-de-tela-2024-09-08-011108.png\",\"width\":606,\"height\":173,\"caption\":\"Portal raizes NOTICIAS\"},\"image\":{\"@id\":\"https:\/\/portalraizesnoticias.com.br\/#\/schema\/logo\/image\/\"}},{\"@type\":\"Person\",\"@id\":\"https:\/\/portalraizesnoticias.com.br\/#\/schema\/person\/a3ca6b0fc701e78df19756c417d943ae\",\"name\":\"Portal Raizes\",\"image\":{\"@type\":\"ImageObject\",\"inLanguage\":\"pt-BR\",\"@id\":\"https:\/\/portalraizesnoticias.com.br\/#\/schema\/person\/image\/\",\"url\":\"https:\/\/secure.gravatar.com\/avatar\/ef450d29013a3d3fba867a12a249d7b1?s=96&d=mm&r=g\",\"contentUrl\":\"https:\/\/secure.gravatar.com\/avatar\/ef450d29013a3d3fba867a12a249d7b1?s=96&d=mm&r=g\",\"caption\":\"Portal Raizes\"},\"url\":\"https:\/\/portalraizesnoticias.com.br\/?author=3\"}]}<\/script>\n<!-- \/ Yoast SEO plugin. -->","yoast_head_json":{"title":"Pol\u00edcia conduz homem de 50 anos por amea\u00e7ar jovem em Ich\u00fa - Portal raizes noticias","robots":{"index":"index","follow":"follow","max-snippet":"max-snippet:-1","max-image-preview":"max-image-preview:large","max-video-preview":"max-video-preview:-1"},"canonical":"https:\/\/portalraizesnoticias.com.br\/?p=6614","og_locale":"pt_BR","og_type":"article","og_title":"Pol\u00edcia conduz homem de 50 anos por amea\u00e7ar jovem em Ich\u00fa - Portal raizes noticias","og_description":"Na tarde de quarta-feira (14), por volta das 15h30, um homem de 50 anos foi conduzido \u00e0 delegacia ap\u00f3s amea\u00e7ar uma mulher de 24 anos no munic\u00edpio de Ich\u00fa, localizado na regi\u00e3o sisaleira da Bahia. PUBLICIDADE O caso ocorreu no Conjunto Habitacional Dorivaldo Ferreira da Silva, bairro Corti\u00e7o, zona urbana da cidade. Segundo informa\u00e7\u00f5es do boletim de ocorr\u00eancia apurado pelo Portal Ra\u00edzes, a guarni\u00e7\u00e3o da Pol\u00edcia Militar foi acionada via CICOM com a informa\u00e7\u00e3o de que uma jovem estava sendo amea\u00e7ada pelo suspeito em frente \u00e0 sua resid\u00eancia. Os policiais foram\u00a0at\u00e9 o local e ouviram o relato da v\u00edtima. No entanto, o boletim de ocorr\u00eancia n\u00e3o detalha a motiva\u00e7\u00e3o da amea\u00e7a. PUBLICIDADE Diante da situa\u00e7\u00e3o, os envolvidos foram encaminhados \u00e0 Delegacia de Pol\u00edcia em Serrinha para as provid\u00eancias cab\u00edveis. Reda\u00e7\u00e3o Foto: Ilustra\u00e7\u00e3o\/ PM","og_url":"https:\/\/portalraizesnoticias.com.br\/?p=6614","og_site_name":"Portal raizes noticias","article_published_time":"2025-05-15T11:39:34+00:00","og_image":[{"width":490,"height":406,"url":"https:\/\/portalraizesnoticias.com.br\/wp-content\/uploads\/2025\/04\/IMG-20250411-WA0345.jpg","type":"image\/jpeg"}],"author":"Portal Raizes","twitter_card":"summary_large_image","twitter_misc":{"Escrito por":"Portal Raizes","Est. tempo de leitura":"2 minutos"},"schema":{"@context":"https:\/\/schema.org","@graph":[{"@type":"Article","@id":"https:\/\/portalraizesnoticias.com.br\/?p=6614#article","isPartOf":{"@id":"https:\/\/portalraizesnoticias.com.br\/?p=6614"},"author":{"name":"Portal Raizes","@id":"https:\/\/portalraizesnoticias.com.br\/#\/schema\/person\/a3ca6b0fc701e78df19756c417d943ae"},"headline":"Pol\u00edcia conduz homem de 50 anos por amea\u00e7ar jovem em Ich\u00fa","datePublished":"2025-05-15T11:39:34+00:00","mainEntityOfPage":{"@id":"https:\/\/portalraizesnoticias.com.br\/?p=6614"},"wordCount":164,"commentCount":0,"publisher":{"@id":"https:\/\/portalraizesnoticias.com.br\/#organization"},"image":{"@id":"https:\/\/portalraizesnoticias.com.br\/?p=6614#primaryimage"},"thumbnailUrl":"https:\/\/portalraizesnoticias.com.br\/wp-content\/uploads\/2025\/04\/IMG-20250411-WA0345.jpg","keywords":["Amea\u00e7a","Ich\u00fa","Policia"],"articleSection":["POLICIA","ULTIMAS NOTICIAS"],"inLanguage":"pt-BR","potentialAction":[{"@type":"CommentAction","name":"Comment","target":["https:\/\/portalraizesnoticias.com.br\/?p=6614#respond"]}]},{"@type":"WebPage","@id":"https:\/\/portalraizesnoticias.com.br\/?p=6614","url":"https:\/\/portalraizesnoticias.com.br\/?p=6614","name":"Pol\u00edcia conduz homem de 50 anos por amea\u00e7ar jovem em Ich\u00fa - Portal raizes noticias","isPartOf":{"@id":"https:\/\/portalraizesnoticias.com.br\/#website"},"primaryImageOfPage":{"@id":"https:\/\/portalraizesnoticias.com.br\/?p=6614#primaryimage"},"image":{"@id":"https:\/\/portalraizesnoticias.com.br\/?p=6614#primaryimage"},"thumbnailUrl":"https:\/\/portalraizesnoticias.com.br\/wp-content\/uploads\/2025\/04\/IMG-20250411-WA0345.jpg","datePublished":"2025-05-15T11:39:34+00:00","breadcrumb":{"@id":"https:\/\/portalraizesnoticias.com.br\/?p=6614#breadcrumb"},"inLanguage":"pt-BR","potentialAction":[{"@type":"ReadAction","target":["https:\/\/portalraizesnoticias.com.br\/?p=6614"]}]},{"@type":"ImageObject","inLanguage":"pt-BR","@id":"https:\/\/portalraizesnoticias.com.br\/?p=6614#primaryimage","url":"https:\/\/portalraizesnoticias.com.br\/wp-content\/uploads\/2025\/04\/IMG-20250411-WA0345.jpg","contentUrl":"https:\/\/portalraizesnoticias.com.br\/wp-content\/uploads\/2025\/04\/IMG-20250411-WA0345.jpg","width":490,"height":406},{"@type":"BreadcrumbList","@id":"https:\/\/portalraizesnoticias.com.br\/?p=6614#breadcrumb","itemListElement":[{"@type":"ListItem","position":1,"name":"In\u00edcio","item":"https:\/\/portalraizesnoticias.com.br\/"},{"@type":"ListItem","position":2,"name":"Pol\u00edcia conduz homem de 50 anos por amea\u00e7ar jovem em Ich\u00fa"}]},{"@type":"WebSite","@id":"https:\/\/portalraizesnoticias.com.br\/#website","url":"https:\/\/portalraizesnoticias.com.br\/","name":"Portal raizes NOTICIAS","description":"site de noticias de concei\u00e7\u00e3o do coit\u00e9 e regi\u00e3o","publisher":{"@id":"https:\/\/portalraizesnoticias.com.br\/#organization"},"alternateName":"PORTAL RAIZES COIT\u00c9","potentialAction":[{"@type":"SearchAction","target":{"@type":"EntryPoint","urlTemplate":"https:\/\/portalraizesnoticias.com.br\/?s={search_term_string}"},"query-input":{"@type":"PropertyValueSpecification","valueRequired":true,"valueName":"search_term_string"}}],"inLanguage":"pt-BR"},{"@type":"Organization","@id":"https:\/\/portalraizesnoticias.com.br\/#organization","name":"Portal raizes NOTICIAS","url":"https:\/\/portalraizesnoticias.com.br\/","logo":{"@type":"ImageObject","inLanguage":"pt-BR","@id":"https:\/\/portalraizesnoticias.com.br\/#\/schema\/logo\/image\/","url":"https:\/\/portalraizesnoticias.com.br\/wp-content\/uploads\/2024\/09\/cropped-Captura-de-tela-2024-09-08-011108.png","contentUrl":"https:\/\/portalraizesnoticias.com.br\/wp-content\/uploads\/2024\/09\/cropped-Captura-de-tela-2024-09-08-011108.png","width":606,"height":173,"caption":"Portal raizes NOTICIAS"},"image":{"@id":"https:\/\/portalraizesnoticias.com.br\/#\/schema\/logo\/image\/"}},{"@type":"Person","@id":"https:\/\/portalraizesnoticias.com.br\/#\/schema\/person\/a3ca6b0fc701e78df19756c417d943ae","name":"Portal Raizes","image":{"@type":"ImageObject","inLanguage":"pt-BR","@id":"https:\/\/portalraizesnoticias.com.br\/#\/schema\/person\/image\/","url":"https:\/\/secure.gravatar.com\/avatar\/ef450d29013a3d3fba867a12a249d7b1?s=96&d=mm&r=g","contentUrl":"https:\/\/secure.gravatar.com\/avatar\/ef450d29013a3d3fba867a12a249d7b1?s=96&d=mm&r=g","caption":"Portal Raizes"},"url":"https:\/\/portalraizesnoticias.com.br\/?author=3"}]}},"_links":{"self":[{"href":"https:\/\/portalraizesnoticias.com.br\/index.php?rest_route=\/wp\/v2\/posts\/6614"}],"collection":[{"href":"https:\/\/portalraizesnoticias.com.br\/index.php?rest_route=\/wp\/v2\/posts"}],"about":[{"href":"https:\/\/portalraizesnoticias.com.br\/index.php?rest_route=\/wp\/v2\/types\/post"}],"author":[{"embeddable":true,"href":"https:\/\/portalraizesnoticias.com.br\/index.php?rest_route=\/wp\/v2\/users\/3"}],"replies":[{"embeddable":true,"href":"https:\/\/portalraizesnoticias.com.br\/index.php?rest_route=%2Fwp%2Fv2%2Fcomments&post=6614"}],"version-history":[{"count":1,"href":"https:\/\/portalraizesnoticias.com.br\/index.php?rest_route=\/wp\/v2\/posts\/6614\/revisions"}],"predecessor-version":[{"id":6615,"href":"https:\/\/portalraizesnoticias.com.br\/index.php?rest_route=\/wp\/v2\/posts\/6614\/revisions\/6615"}],"wp:featuredmedia":[{"embeddable":true,"href":"https:\/\/portalraizesnoticias.com.br\/index.php?rest_route=\/wp\/v2\/media\/5734"}],"wp:attachment":[{"href":"https:\/\/portalraizesnoticias.com.br\/index.php?rest_route=%2Fwp%2Fv2%2Fmedia&parent=6614"}],"wp:term":[{"taxonomy":"category","embeddable":true,"href":"https:\/\/portalraizesnoticias.com.br\/index.php?rest_route=%2Fwp%2Fv2%2Fcategories&post=6614"},{"taxonomy":"post_tag","embeddable":true,"href":"https:\/\/portalraizesnoticias.com.br\/index.php?rest_route=%2Fwp%2Fv2%2Ftags&post=6614"}],"curies":[{"name":"wp","href":"https:\/\/api.w.org\/{rel}","templated":true}]}}