{"id":6609,"date":"2025-05-15T08:06:13","date_gmt":"2025-05-15T11:06:13","guid":{"rendered":"https:\/\/portalraizesnoticias.com.br\/?p=6609"},"modified":"2025-05-15T08:09:02","modified_gmt":"2025-05-15T11:09:02","slug":"jovem-e-preso-por-trafico-de-drogas-em-conceicao-do-coite","status":"publish","type":"post","link":"https:\/\/portalraizesnoticias.com.br\/?p=6609","title":{"rendered":"Jovem \u00e9 preso por tr\u00e1fico de drogas em Concei\u00e7\u00e3o do Coit\u00e9"},"content":{"rendered":"<p>Na noite de quarta-feira (14), por volta das 23h, um homem de 22 anos foi preso por tr\u00e1fico de drogas na Rua Cosme de Farias, centro de\u00a0 Concei\u00e7\u00e3o do Coit\u00e9, regi\u00e3o sisaleira da Bahia.<\/p>\n<p><img fetchpriority=\"high\" decoding=\"async\" class=\"size-medium wp-image-6103 aligncenter\" src=\"https:\/\/portalraizesnoticias.com.br\/wp-content\/uploads\/2025\/04\/IMG-20250426-WA0417-300x300.jpg\" alt=\"\" width=\"300\" height=\"300\" srcset=\"https:\/\/portalraizesnoticias.com.br\/wp-content\/uploads\/2025\/04\/IMG-20250426-WA0417-300x300.jpg 300w, https:\/\/portalraizesnoticias.com.br\/wp-content\/uploads\/2025\/04\/IMG-20250426-WA0417-1024x1024.jpg 1024w, https:\/\/portalraizesnoticias.com.br\/wp-content\/uploads\/2025\/04\/IMG-20250426-WA0417-150x150.jpg 150w, https:\/\/portalraizesnoticias.com.br\/wp-content\/uploads\/2025\/04\/IMG-20250426-WA0417-768x768.jpg 768w, https:\/\/portalraizesnoticias.com.br\/wp-content\/uploads\/2025\/04\/IMG-20250426-WA0417.jpg 1080w\" sizes=\"(max-width: 300px) 100vw, 300px\" \/><\/p>\n<p style=\"text-align: center;\"><strong>PUBLICIDADE<\/strong><\/p>\n<p>De acordo com informa\u00e7\u00f5es da Pol\u00edcia Militar, obtidas pelo Portal Ra\u00edzes junto \u00e0 base da CETO, durante rondas, os policiais receberam uma den\u00fancia sobre uma poss\u00edvel invas\u00e3o a domic\u00edlio por um indiv\u00edduo desconhecido.<\/p>\n<p><img decoding=\"async\" class=\"size-medium wp-image-4111 aligncenter\" src=\"https:\/\/portalraizesnoticias.com.br\/wp-content\/uploads\/2025\/01\/M.I-laranja-branco_page-0001-300x210.jpg\" alt=\"\" width=\"300\" height=\"210\" srcset=\"https:\/\/portalraizesnoticias.com.br\/wp-content\/uploads\/2025\/01\/M.I-laranja-branco_page-0001-300x210.jpg 300w, https:\/\/portalraizesnoticias.com.br\/wp-content\/uploads\/2025\/01\/M.I-laranja-branco_page-0001-1024x717.jpg 1024w, https:\/\/portalraizesnoticias.com.br\/wp-content\/uploads\/2025\/01\/M.I-laranja-branco_page-0001-768x538.jpg 768w, https:\/\/portalraizesnoticias.com.br\/wp-content\/uploads\/2025\/01\/M.I-laranja-branco_page-0001-1536x1075.jpg 1536w, https:\/\/portalraizesnoticias.com.br\/wp-content\/uploads\/2025\/01\/M.I-laranja-branco_page-0001-2048x1434.jpg 2048w\" sizes=\"(max-width: 300px) 100vw, 300px\" \/><\/p>\n<p style=\"text-align: center;\"><strong>PUBLICIDADE<\/strong><\/p>\n<p>Ao chegarem ao local indicado, os agentes realizaram o cerco e flagraram C.M.S., de 22 anos, tentando fugir pelos telhados das resid\u00eancias ao perceber a aproxima\u00e7\u00e3o da viatura. No entanto, ele foi capturado e, durante a abordagem. Os policiais encontraram com ele cerca de 250 gramas de uma subst\u00e2ncia an\u00e1loga \u00e0 maconha.<\/p>\n<p><img decoding=\"async\" class=\"size-medium wp-image-3845 aligncenter\" src=\"https:\/\/portalraizesnoticias.com.br\/wp-content\/uploads\/2025\/01\/banner-lateral-agencia-Neri-300x300.jpg\" alt=\"\" width=\"300\" height=\"300\" srcset=\"https:\/\/portalraizesnoticias.com.br\/wp-content\/uploads\/2025\/01\/banner-lateral-agencia-Neri-300x300.jpg 300w, https:\/\/portalraizesnoticias.com.br\/wp-content\/uploads\/2025\/01\/banner-lateral-agencia-Neri-1024x1024.jpg 1024w, https:\/\/portalraizesnoticias.com.br\/wp-content\/uploads\/2025\/01\/banner-lateral-agencia-Neri-150x150.jpg 150w, https:\/\/portalraizesnoticias.com.br\/wp-content\/uploads\/2025\/01\/banner-lateral-agencia-Neri-768x768.jpg 768w, https:\/\/portalraizesnoticias.com.br\/wp-content\/uploads\/2025\/01\/banner-lateral-agencia-Neri-1536x1536.jpg 1536w, https:\/\/portalraizesnoticias.com.br\/wp-content\/uploads\/2025\/01\/banner-lateral-agencia-Neri-2048x2048.jpg 2048w, https:\/\/portalraizesnoticias.com.br\/wp-content\/uploads\/2025\/01\/banner-lateral-agencia-Neri-scaled-700x700.jpg 700w, https:\/\/portalraizesnoticias.com.br\/wp-content\/uploads\/2025\/01\/banner-lateral-agencia-Neri-scaled-620x620.jpg 620w, https:\/\/portalraizesnoticias.com.br\/wp-content\/uploads\/2025\/01\/banner-lateral-agencia-Neri-scaled-400x400.jpg 400w\" sizes=\"(max-width: 300px) 100vw, 300px\" \/><\/p>\n<p style=\"text-align: center;\"><strong>PUBLICIDADE<\/strong><\/p>\n<p>O suspeito foi conduzido \u00e0 Delegacia de Pol\u00edcia em Serrinha, onde foram adotadas as medidas cab\u00edveis.<\/p>\n<p>Reda\u00e7\u00e3o Portal Ra\u00edzes\/ colabora\u00e7\u00e3o radialista Renny Maia<\/p>\n<p>Foto: Ilustra\u00e7\u00e3o<\/p>\n","protected":false},"excerpt":{"rendered":"<p>Na noite de quarta-feira (14), por volta das 23h, um homem de 22 anos foi preso por tr\u00e1fico de drogas na Rua Cosme de Farias, centro de\u00a0 Concei\u00e7\u00e3o do Coit\u00e9, regi\u00e3o sisaleira da Bahia. PUBLICIDADE De acordo com informa\u00e7\u00f5es da Pol\u00edcia Militar, obtidas pelo Portal Ra\u00edzes junto \u00e0 base da CETO, durante rondas, os policiais receberam uma den\u00fancia sobre uma poss\u00edvel invas\u00e3o a domic\u00edlio por um indiv\u00edduo desconhecido. PUBLICIDADE Ao chegarem ao local indicado, os agentes realizaram o cerco e flagraram C.M.S., de 22 anos, tentando fugir pelos telhados das resid\u00eancias ao perceber a aproxima\u00e7\u00e3o da viatura. No entanto, ele foi capturado e, durante a abordagem. Os policiais encontraram com ele cerca de 250 gramas de uma subst\u00e2ncia an\u00e1loga \u00e0 maconha. PUBLICIDADE O suspeito foi conduzido \u00e0 Delegacia de Pol\u00edcia em Serrinha, onde foram adotadas as medidas cab\u00edveis. Reda\u00e7\u00e3o Portal Ra\u00edzes\/ colabora\u00e7\u00e3o radialista Renny Maia Foto: Ilustra\u00e7\u00e3o<\/p>\n","protected":false},"author":3,"featured_media":5957,"comment_status":"open","ping_status":"open","sticky":false,"template":"","format":"standard","meta":{"_joinchat":[],"footnotes":""},"categories":[55,67,59],"tags":[75,76,236,879],"class_list":["post-6609","post","type-post","status-publish","format-standard","has-post-thumbnail","hentry","category-destaques","category-policia","category-ultimas-noticias","tag-coite","tag-jovem","tag-preso","tag-trafico"],"yoast_head":"<!-- This site is optimized with the Yoast SEO plugin v24.4 - https:\/\/yoast.com\/wordpress\/plugins\/seo\/ -->\n<title>Jovem \u00e9 preso por tr\u00e1fico de drogas em Concei\u00e7\u00e3o do Coit\u00e9 - Portal raizes noticias<\/title>\n<meta name=\"robots\" content=\"index, follow, max-snippet:-1, max-image-preview:large, max-video-preview:-1\" \/>\n<link rel=\"canonical\" href=\"https:\/\/portalraizesnoticias.com.br\/?p=6609\" \/>\n<meta property=\"og:locale\" content=\"pt_BR\" \/>\n<meta property=\"og:type\" content=\"article\" \/>\n<meta property=\"og:title\" content=\"Jovem \u00e9 preso por tr\u00e1fico de drogas em Concei\u00e7\u00e3o do Coit\u00e9 - Portal raizes noticias\" \/>\n<meta property=\"og:description\" content=\"Na noite de quarta-feira (14), por volta das 23h, um homem de 22 anos foi preso por tr\u00e1fico de drogas na Rua Cosme de Farias, centro de\u00a0 Concei\u00e7\u00e3o do Coit\u00e9, regi\u00e3o sisaleira da Bahia. PUBLICIDADE De acordo com informa\u00e7\u00f5es da Pol\u00edcia Militar, obtidas pelo Portal Ra\u00edzes junto \u00e0 base da CETO, durante rondas, os policiais receberam uma den\u00fancia sobre uma poss\u00edvel invas\u00e3o a domic\u00edlio por um indiv\u00edduo desconhecido. PUBLICIDADE Ao chegarem ao local indicado, os agentes realizaram o cerco e flagraram C.M.S., de 22 anos, tentando fugir pelos telhados das resid\u00eancias ao perceber a aproxima\u00e7\u00e3o da viatura. No entanto, ele foi capturado e, durante a abordagem. Os policiais encontraram com ele cerca de 250 gramas de uma subst\u00e2ncia an\u00e1loga \u00e0 maconha. PUBLICIDADE O suspeito foi conduzido \u00e0 Delegacia de Pol\u00edcia em Serrinha, onde foram adotadas as medidas cab\u00edveis. Reda\u00e7\u00e3o Portal Ra\u00edzes\/ colabora\u00e7\u00e3o radialista Renny Maia Foto: Ilustra\u00e7\u00e3o\" \/>\n<meta property=\"og:url\" content=\"https:\/\/portalraizesnoticias.com.br\/?p=6609\" \/>\n<meta property=\"og:site_name\" content=\"Portal raizes noticias\" \/>\n<meta property=\"article:published_time\" content=\"2025-05-15T11:06:13+00:00\" \/>\n<meta property=\"article:modified_time\" content=\"2025-05-15T11:09:02+00:00\" \/>\n<meta property=\"og:image\" content=\"https:\/\/portalraizesnoticias.com.br\/wp-content\/uploads\/2025\/04\/algemas-de-mao-de-homem_225446-3124.jpg\" \/>\n\t<meta property=\"og:image:width\" content=\"1080\" \/>\n\t<meta property=\"og:image:height\" content=\"772\" \/>\n\t<meta property=\"og:image:type\" content=\"image\/jpeg\" \/>\n<meta name=\"author\" content=\"Portal Raizes\" \/>\n<meta name=\"twitter:card\" content=\"summary_large_image\" \/>\n<meta name=\"twitter:label1\" content=\"Escrito por\" \/>\n\t<meta name=\"twitter:data1\" content=\"Portal Raizes\" \/>\n\t<meta name=\"twitter:label2\" content=\"Est. tempo de leitura\" \/>\n\t<meta name=\"twitter:data2\" content=\"2 minutos\" \/>\n<script type=\"application\/ld+json\" class=\"yoast-schema-graph\">{\"@context\":\"https:\/\/schema.org\",\"@graph\":[{\"@type\":\"Article\",\"@id\":\"https:\/\/portalraizesnoticias.com.br\/?p=6609#article\",\"isPartOf\":{\"@id\":\"https:\/\/portalraizesnoticias.com.br\/?p=6609\"},\"author\":{\"name\":\"Portal Raizes\",\"@id\":\"https:\/\/portalraizesnoticias.com.br\/#\/schema\/person\/a3ca6b0fc701e78df19756c417d943ae\"},\"headline\":\"Jovem \u00e9 preso por tr\u00e1fico de drogas em Concei\u00e7\u00e3o do Coit\u00e9\",\"datePublished\":\"2025-05-15T11:06:13+00:00\",\"dateModified\":\"2025-05-15T11:09:02+00:00\",\"mainEntityOfPage\":{\"@id\":\"https:\/\/portalraizesnoticias.com.br\/?p=6609\"},\"wordCount\":175,\"commentCount\":0,\"publisher\":{\"@id\":\"https:\/\/portalraizesnoticias.com.br\/#organization\"},\"image\":{\"@id\":\"https:\/\/portalraizesnoticias.com.br\/?p=6609#primaryimage\"},\"thumbnailUrl\":\"https:\/\/portalraizesnoticias.com.br\/wp-content\/uploads\/2025\/04\/algemas-de-mao-de-homem_225446-3124.jpg\",\"keywords\":[\"Coit\u00e9\",\"Jovem\",\"Preso\",\"Tr\u00e1fico\"],\"articleSection\":[\"DESTAQUES\",\"POLICIA\",\"ULTIMAS NOTICIAS\"],\"inLanguage\":\"pt-BR\",\"potentialAction\":[{\"@type\":\"CommentAction\",\"name\":\"Comment\",\"target\":[\"https:\/\/portalraizesnoticias.com.br\/?p=6609#respond\"]}]},{\"@type\":\"WebPage\",\"@id\":\"https:\/\/portalraizesnoticias.com.br\/?p=6609\",\"url\":\"https:\/\/portalraizesnoticias.com.br\/?p=6609\",\"name\":\"Jovem \u00e9 preso por tr\u00e1fico de drogas em Concei\u00e7\u00e3o do Coit\u00e9 - Portal raizes noticias\",\"isPartOf\":{\"@id\":\"https:\/\/portalraizesnoticias.com.br\/#website\"},\"primaryImageOfPage\":{\"@id\":\"https:\/\/portalraizesnoticias.com.br\/?p=6609#primaryimage\"},\"image\":{\"@id\":\"https:\/\/portalraizesnoticias.com.br\/?p=6609#primaryimage\"},\"thumbnailUrl\":\"https:\/\/portalraizesnoticias.com.br\/wp-content\/uploads\/2025\/04\/algemas-de-mao-de-homem_225446-3124.jpg\",\"datePublished\":\"2025-05-15T11:06:13+00:00\",\"dateModified\":\"2025-05-15T11:09:02+00:00\",\"breadcrumb\":{\"@id\":\"https:\/\/portalraizesnoticias.com.br\/?p=6609#breadcrumb\"},\"inLanguage\":\"pt-BR\",\"potentialAction\":[{\"@type\":\"ReadAction\",\"target\":[\"https:\/\/portalraizesnoticias.com.br\/?p=6609\"]}]},{\"@type\":\"ImageObject\",\"inLanguage\":\"pt-BR\",\"@id\":\"https:\/\/portalraizesnoticias.com.br\/?p=6609#primaryimage\",\"url\":\"https:\/\/portalraizesnoticias.com.br\/wp-content\/uploads\/2025\/04\/algemas-de-mao-de-homem_225446-3124.jpg\",\"contentUrl\":\"https:\/\/portalraizesnoticias.com.br\/wp-content\/uploads\/2025\/04\/algemas-de-mao-de-homem_225446-3124.jpg\",\"width\":1080,\"height\":772},{\"@type\":\"BreadcrumbList\",\"@id\":\"https:\/\/portalraizesnoticias.com.br\/?p=6609#breadcrumb\",\"itemListElement\":[{\"@type\":\"ListItem\",\"position\":1,\"name\":\"In\u00edcio\",\"item\":\"https:\/\/portalraizesnoticias.com.br\/\"},{\"@type\":\"ListItem\",\"position\":2,\"name\":\"Jovem \u00e9 preso por tr\u00e1fico de drogas em Concei\u00e7\u00e3o do Coit\u00e9\"}]},{\"@type\":\"WebSite\",\"@id\":\"https:\/\/portalraizesnoticias.com.br\/#website\",\"url\":\"https:\/\/portalraizesnoticias.com.br\/\",\"name\":\"Portal raizes NOTICIAS\",\"description\":\"site de noticias de concei\u00e7\u00e3o do coit\u00e9 e regi\u00e3o\",\"publisher\":{\"@id\":\"https:\/\/portalraizesnoticias.com.br\/#organization\"},\"alternateName\":\"PORTAL RAIZES COIT\u00c9\",\"potentialAction\":[{\"@type\":\"SearchAction\",\"target\":{\"@type\":\"EntryPoint\",\"urlTemplate\":\"https:\/\/portalraizesnoticias.com.br\/?s={search_term_string}\"},\"query-input\":{\"@type\":\"PropertyValueSpecification\",\"valueRequired\":true,\"valueName\":\"search_term_string\"}}],\"inLanguage\":\"pt-BR\"},{\"@type\":\"Organization\",\"@id\":\"https:\/\/portalraizesnoticias.com.br\/#organization\",\"name\":\"Portal raizes NOTICIAS\",\"url\":\"https:\/\/portalraizesnoticias.com.br\/\",\"logo\":{\"@type\":\"ImageObject\",\"inLanguage\":\"pt-BR\",\"@id\":\"https:\/\/portalraizesnoticias.com.br\/#\/schema\/logo\/image\/\",\"url\":\"https:\/\/portalraizesnoticias.com.br\/wp-content\/uploads\/2024\/09\/cropped-Captura-de-tela-2024-09-08-011108.png\",\"contentUrl\":\"https:\/\/portalraizesnoticias.com.br\/wp-content\/uploads\/2024\/09\/cropped-Captura-de-tela-2024-09-08-011108.png\",\"width\":606,\"height\":173,\"caption\":\"Portal raizes NOTICIAS\"},\"image\":{\"@id\":\"https:\/\/portalraizesnoticias.com.br\/#\/schema\/logo\/image\/\"}},{\"@type\":\"Person\",\"@id\":\"https:\/\/portalraizesnoticias.com.br\/#\/schema\/person\/a3ca6b0fc701e78df19756c417d943ae\",\"name\":\"Portal Raizes\",\"image\":{\"@type\":\"ImageObject\",\"inLanguage\":\"pt-BR\",\"@id\":\"https:\/\/portalraizesnoticias.com.br\/#\/schema\/person\/image\/\",\"url\":\"https:\/\/secure.gravatar.com\/avatar\/ef450d29013a3d3fba867a12a249d7b1?s=96&d=mm&r=g\",\"contentUrl\":\"https:\/\/secure.gravatar.com\/avatar\/ef450d29013a3d3fba867a12a249d7b1?s=96&d=mm&r=g\",\"caption\":\"Portal Raizes\"},\"url\":\"https:\/\/portalraizesnoticias.com.br\/?author=3\"}]}<\/script>\n<!-- \/ Yoast SEO plugin. -->","yoast_head_json":{"title":"Jovem \u00e9 preso por tr\u00e1fico de drogas em Concei\u00e7\u00e3o do Coit\u00e9 - Portal raizes noticias","robots":{"index":"index","follow":"follow","max-snippet":"max-snippet:-1","max-image-preview":"max-image-preview:large","max-video-preview":"max-video-preview:-1"},"canonical":"https:\/\/portalraizesnoticias.com.br\/?p=6609","og_locale":"pt_BR","og_type":"article","og_title":"Jovem \u00e9 preso por tr\u00e1fico de drogas em Concei\u00e7\u00e3o do Coit\u00e9 - Portal raizes noticias","og_description":"Na noite de quarta-feira (14), por volta das 23h, um homem de 22 anos foi preso por tr\u00e1fico de drogas na Rua Cosme de Farias, centro de\u00a0 Concei\u00e7\u00e3o do Coit\u00e9, regi\u00e3o sisaleira da Bahia. PUBLICIDADE De acordo com informa\u00e7\u00f5es da Pol\u00edcia Militar, obtidas pelo Portal Ra\u00edzes junto \u00e0 base da CETO, durante rondas, os policiais receberam uma den\u00fancia sobre uma poss\u00edvel invas\u00e3o a domic\u00edlio por um indiv\u00edduo desconhecido. PUBLICIDADE Ao chegarem ao local indicado, os agentes realizaram o cerco e flagraram C.M.S., de 22 anos, tentando fugir pelos telhados das resid\u00eancias ao perceber a aproxima\u00e7\u00e3o da viatura. No entanto, ele foi capturado e, durante a abordagem. Os policiais encontraram com ele cerca de 250 gramas de uma subst\u00e2ncia an\u00e1loga \u00e0 maconha. PUBLICIDADE O suspeito foi conduzido \u00e0 Delegacia de Pol\u00edcia em Serrinha, onde foram adotadas as medidas cab\u00edveis. Reda\u00e7\u00e3o Portal Ra\u00edzes\/ colabora\u00e7\u00e3o radialista Renny Maia Foto: Ilustra\u00e7\u00e3o","og_url":"https:\/\/portalraizesnoticias.com.br\/?p=6609","og_site_name":"Portal raizes noticias","article_published_time":"2025-05-15T11:06:13+00:00","article_modified_time":"2025-05-15T11:09:02+00:00","og_image":[{"width":1080,"height":772,"url":"https:\/\/portalraizesnoticias.com.br\/wp-content\/uploads\/2025\/04\/algemas-de-mao-de-homem_225446-3124.jpg","type":"image\/jpeg"}],"author":"Portal Raizes","twitter_card":"summary_large_image","twitter_misc":{"Escrito por":"Portal Raizes","Est. tempo de leitura":"2 minutos"},"schema":{"@context":"https:\/\/schema.org","@graph":[{"@type":"Article","@id":"https:\/\/portalraizesnoticias.com.br\/?p=6609#article","isPartOf":{"@id":"https:\/\/portalraizesnoticias.com.br\/?p=6609"},"author":{"name":"Portal Raizes","@id":"https:\/\/portalraizesnoticias.com.br\/#\/schema\/person\/a3ca6b0fc701e78df19756c417d943ae"},"headline":"Jovem \u00e9 preso por tr\u00e1fico de drogas em Concei\u00e7\u00e3o do Coit\u00e9","datePublished":"2025-05-15T11:06:13+00:00","dateModified":"2025-05-15T11:09:02+00:00","mainEntityOfPage":{"@id":"https:\/\/portalraizesnoticias.com.br\/?p=6609"},"wordCount":175,"commentCount":0,"publisher":{"@id":"https:\/\/portalraizesnoticias.com.br\/#organization"},"image":{"@id":"https:\/\/portalraizesnoticias.com.br\/?p=6609#primaryimage"},"thumbnailUrl":"https:\/\/portalraizesnoticias.com.br\/wp-content\/uploads\/2025\/04\/algemas-de-mao-de-homem_225446-3124.jpg","keywords":["Coit\u00e9","Jovem","Preso","Tr\u00e1fico"],"articleSection":["DESTAQUES","POLICIA","ULTIMAS NOTICIAS"],"inLanguage":"pt-BR","potentialAction":[{"@type":"CommentAction","name":"Comment","target":["https:\/\/portalraizesnoticias.com.br\/?p=6609#respond"]}]},{"@type":"WebPage","@id":"https:\/\/portalraizesnoticias.com.br\/?p=6609","url":"https:\/\/portalraizesnoticias.com.br\/?p=6609","name":"Jovem \u00e9 preso por tr\u00e1fico de drogas em Concei\u00e7\u00e3o do Coit\u00e9 - Portal raizes noticias","isPartOf":{"@id":"https:\/\/portalraizesnoticias.com.br\/#website"},"primaryImageOfPage":{"@id":"https:\/\/portalraizesnoticias.com.br\/?p=6609#primaryimage"},"image":{"@id":"https:\/\/portalraizesnoticias.com.br\/?p=6609#primaryimage"},"thumbnailUrl":"https:\/\/portalraizesnoticias.com.br\/wp-content\/uploads\/2025\/04\/algemas-de-mao-de-homem_225446-3124.jpg","datePublished":"2025-05-15T11:06:13+00:00","dateModified":"2025-05-15T11:09:02+00:00","breadcrumb":{"@id":"https:\/\/portalraizesnoticias.com.br\/?p=6609#breadcrumb"},"inLanguage":"pt-BR","potentialAction":[{"@type":"ReadAction","target":["https:\/\/portalraizesnoticias.com.br\/?p=6609"]}]},{"@type":"ImageObject","inLanguage":"pt-BR","@id":"https:\/\/portalraizesnoticias.com.br\/?p=6609#primaryimage","url":"https:\/\/portalraizesnoticias.com.br\/wp-content\/uploads\/2025\/04\/algemas-de-mao-de-homem_225446-3124.jpg","contentUrl":"https:\/\/portalraizesnoticias.com.br\/wp-content\/uploads\/2025\/04\/algemas-de-mao-de-homem_225446-3124.jpg","width":1080,"height":772},{"@type":"BreadcrumbList","@id":"https:\/\/portalraizesnoticias.com.br\/?p=6609#breadcrumb","itemListElement":[{"@type":"ListItem","position":1,"name":"In\u00edcio","item":"https:\/\/portalraizesnoticias.com.br\/"},{"@type":"ListItem","position":2,"name":"Jovem \u00e9 preso por tr\u00e1fico de drogas em Concei\u00e7\u00e3o do Coit\u00e9"}]},{"@type":"WebSite","@id":"https:\/\/portalraizesnoticias.com.br\/#website","url":"https:\/\/portalraizesnoticias.com.br\/","name":"Portal raizes NOTICIAS","description":"site de noticias de concei\u00e7\u00e3o do coit\u00e9 e regi\u00e3o","publisher":{"@id":"https:\/\/portalraizesnoticias.com.br\/#organization"},"alternateName":"PORTAL RAIZES COIT\u00c9","potentialAction":[{"@type":"SearchAction","target":{"@type":"EntryPoint","urlTemplate":"https:\/\/portalraizesnoticias.com.br\/?s={search_term_string}"},"query-input":{"@type":"PropertyValueSpecification","valueRequired":true,"valueName":"search_term_string"}}],"inLanguage":"pt-BR"},{"@type":"Organization","@id":"https:\/\/portalraizesnoticias.com.br\/#organization","name":"Portal raizes NOTICIAS","url":"https:\/\/portalraizesnoticias.com.br\/","logo":{"@type":"ImageObject","inLanguage":"pt-BR","@id":"https:\/\/portalraizesnoticias.com.br\/#\/schema\/logo\/image\/","url":"https:\/\/portalraizesnoticias.com.br\/wp-content\/uploads\/2024\/09\/cropped-Captura-de-tela-2024-09-08-011108.png","contentUrl":"https:\/\/portalraizesnoticias.com.br\/wp-content\/uploads\/2024\/09\/cropped-Captura-de-tela-2024-09-08-011108.png","width":606,"height":173,"caption":"Portal raizes NOTICIAS"},"image":{"@id":"https:\/\/portalraizesnoticias.com.br\/#\/schema\/logo\/image\/"}},{"@type":"Person","@id":"https:\/\/portalraizesnoticias.com.br\/#\/schema\/person\/a3ca6b0fc701e78df19756c417d943ae","name":"Portal Raizes","image":{"@type":"ImageObject","inLanguage":"pt-BR","@id":"https:\/\/portalraizesnoticias.com.br\/#\/schema\/person\/image\/","url":"https:\/\/secure.gravatar.com\/avatar\/ef450d29013a3d3fba867a12a249d7b1?s=96&d=mm&r=g","contentUrl":"https:\/\/secure.gravatar.com\/avatar\/ef450d29013a3d3fba867a12a249d7b1?s=96&d=mm&r=g","caption":"Portal Raizes"},"url":"https:\/\/portalraizesnoticias.com.br\/?author=3"}]}},"_links":{"self":[{"href":"https:\/\/portalraizesnoticias.com.br\/index.php?rest_route=\/wp\/v2\/posts\/6609"}],"collection":[{"href":"https:\/\/portalraizesnoticias.com.br\/index.php?rest_route=\/wp\/v2\/posts"}],"about":[{"href":"https:\/\/portalraizesnoticias.com.br\/index.php?rest_route=\/wp\/v2\/types\/post"}],"author":[{"embeddable":true,"href":"https:\/\/portalraizesnoticias.com.br\/index.php?rest_route=\/wp\/v2\/users\/3"}],"replies":[{"embeddable":true,"href":"https:\/\/portalraizesnoticias.com.br\/index.php?rest_route=%2Fwp%2Fv2%2Fcomments&post=6609"}],"version-history":[{"count":3,"href":"https:\/\/portalraizesnoticias.com.br\/index.php?rest_route=\/wp\/v2\/posts\/6609\/revisions"}],"predecessor-version":[{"id":6613,"href":"https:\/\/portalraizesnoticias.com.br\/index.php?rest_route=\/wp\/v2\/posts\/6609\/revisions\/6613"}],"wp:featuredmedia":[{"embeddable":true,"href":"https:\/\/portalraizesnoticias.com.br\/index.php?rest_route=\/wp\/v2\/media\/5957"}],"wp:attachment":[{"href":"https:\/\/portalraizesnoticias.com.br\/index.php?rest_route=%2Fwp%2Fv2%2Fmedia&parent=6609"}],"wp:term":[{"taxonomy":"category","embeddable":true,"href":"https:\/\/portalraizesnoticias.com.br\/index.php?rest_route=%2Fwp%2Fv2%2Fcategories&post=6609"},{"taxonomy":"post_tag","embeddable":true,"href":"https:\/\/portalraizesnoticias.com.br\/index.php?rest_route=%2Fwp%2Fv2%2Ftags&post=6609"}],"curies":[{"name":"wp","href":"https:\/\/api.w.org\/{rel}","templated":true}]}}