{"id":6580,"date":"2025-05-14T12:08:23","date_gmt":"2025-05-14T15:08:23","guid":{"rendered":"https:\/\/portalraizesnoticias.com.br\/?p=6580"},"modified":"2025-05-14T12:08:24","modified_gmt":"2025-05-14T15:08:24","slug":"policia-civil-cumpre-mandado-de-prisao-por-maus-tratos-em-conceicao-do-coite","status":"publish","type":"post","link":"https:\/\/portalraizesnoticias.com.br\/?p=6580","title":{"rendered":"Pol\u00edcia Civil cumpre mandado de pris\u00e3o por maus-tratos em Concei\u00e7\u00e3o do Coit\u00e9"},"content":{"rendered":"<p>A Pol\u00edcia Civil, por meio da Delegacia Territorial (DT) de Concei\u00e7\u00e3o do Coit\u00e9, cumpriu um mandado de pris\u00e3o preventiva nesta quarta-feira (14),\u00a0 contra o indiv\u00edduo S.C., expedido pela Vara Criminal da Comarca de Concei\u00e7\u00e3o do Coit\u00e9, pelo crime de maus-tratos.<\/p>\n<p>Ap\u00f3s an\u00e1lise da ordem judicial e confirma\u00e7\u00e3o da autenticidade do mandado, a equipe de investiga\u00e7\u00e3o da DT de Concei\u00e7\u00e3o do Coit\u00e9 realizou o cumprimento imediato da medida, adotando todas as provid\u00eancias legais cab\u00edveis.<\/p>\n<p>A Pol\u00edcia n\u00e3o deu maiores detalhes sobre a idade dos envolvidos e endere\u00e7o que aconteceu a ocorr\u00eancia.<\/p>\n<p>Fonte: 15\u00aa COORPIN \u2013 Delegacia Territorial de Concei\u00e7\u00e3o do Coit\u00e9.<\/p>\n","protected":false},"excerpt":{"rendered":"<p>A Pol\u00edcia Civil, por meio da Delegacia Territorial (DT) de Concei\u00e7\u00e3o do Coit\u00e9, cumpriu um mandado de pris\u00e3o preventiva nesta quarta-feira (14),\u00a0 contra o indiv\u00edduo S.C., expedido pela Vara Criminal da Comarca de Concei\u00e7\u00e3o do Coit\u00e9, pelo crime de maus-tratos. Ap\u00f3s an\u00e1lise da ordem judicial e confirma\u00e7\u00e3o da autenticidade do mandado, a equipe de investiga\u00e7\u00e3o da DT de Concei\u00e7\u00e3o do Coit\u00e9 realizou o cumprimento imediato da medida, adotando todas as provid\u00eancias legais cab\u00edveis. A Pol\u00edcia n\u00e3o deu maiores detalhes sobre a idade dos envolvidos e endere\u00e7o que aconteceu a ocorr\u00eancia. Fonte: 15\u00aa COORPIN \u2013 Delegacia Territorial de Concei\u00e7\u00e3o do Coit\u00e9.<\/p>\n","protected":false},"author":3,"featured_media":6581,"comment_status":"open","ping_status":"open","sticky":false,"template":"","format":"standard","meta":{"_joinchat":[],"footnotes":""},"categories":[55,67,59],"tags":[75,1100,450],"class_list":["post-6580","post","type-post","status-publish","format-standard","has-post-thumbnail","hentry","category-destaques","category-policia","category-ultimas-noticias","tag-coite","tag-maus-tratos","tag-policia-civil"],"yoast_head":"<!-- This site is optimized with the Yoast SEO plugin v24.4 - https:\/\/yoast.com\/wordpress\/plugins\/seo\/ -->\n<title>Pol\u00edcia Civil cumpre mandado de pris\u00e3o por maus-tratos em Concei\u00e7\u00e3o do Coit\u00e9 - Portal raizes noticias<\/title>\n<meta name=\"robots\" content=\"index, follow, max-snippet:-1, max-image-preview:large, max-video-preview:-1\" \/>\n<link rel=\"canonical\" href=\"https:\/\/portalraizesnoticias.com.br\/?p=6580\" \/>\n<meta property=\"og:locale\" content=\"pt_BR\" \/>\n<meta property=\"og:type\" content=\"article\" \/>\n<meta property=\"og:title\" content=\"Pol\u00edcia Civil cumpre mandado de pris\u00e3o por maus-tratos em Concei\u00e7\u00e3o do Coit\u00e9 - Portal raizes noticias\" \/>\n<meta property=\"og:description\" content=\"A Pol\u00edcia Civil, por meio da Delegacia Territorial (DT) de Concei\u00e7\u00e3o do Coit\u00e9, cumpriu um mandado de pris\u00e3o preventiva nesta quarta-feira (14),\u00a0 contra o indiv\u00edduo S.C., expedido pela Vara Criminal da Comarca de Concei\u00e7\u00e3o do Coit\u00e9, pelo crime de maus-tratos. Ap\u00f3s an\u00e1lise da ordem judicial e confirma\u00e7\u00e3o da autenticidade do mandado, a equipe de investiga\u00e7\u00e3o da DT de Concei\u00e7\u00e3o do Coit\u00e9 realizou o cumprimento imediato da medida, adotando todas as provid\u00eancias legais cab\u00edveis. A Pol\u00edcia n\u00e3o deu maiores detalhes sobre a idade dos envolvidos e endere\u00e7o que aconteceu a ocorr\u00eancia. Fonte: 15\u00aa COORPIN \u2013 Delegacia Territorial de Concei\u00e7\u00e3o do Coit\u00e9.\" \/>\n<meta property=\"og:url\" content=\"https:\/\/portalraizesnoticias.com.br\/?p=6580\" \/>\n<meta property=\"og:site_name\" content=\"Portal raizes noticias\" \/>\n<meta property=\"article:published_time\" content=\"2025-05-14T15:08:23+00:00\" \/>\n<meta property=\"article:modified_time\" content=\"2025-05-14T15:08:24+00:00\" \/>\n<meta property=\"og:image\" content=\"https:\/\/portalraizesnoticias.com.br\/wp-content\/uploads\/2025\/05\/images-2025-05-14T120649.571.jpeg\" \/>\n\t<meta property=\"og:image:width\" content=\"680\" \/>\n\t<meta property=\"og:image:height\" content=\"451\" \/>\n\t<meta property=\"og:image:type\" content=\"image\/jpeg\" \/>\n<meta name=\"author\" content=\"Portal Raizes\" \/>\n<meta name=\"twitter:card\" content=\"summary_large_image\" \/>\n<meta name=\"twitter:label1\" content=\"Escrito por\" \/>\n\t<meta name=\"twitter:data1\" content=\"Portal Raizes\" \/>\n\t<meta name=\"twitter:label2\" content=\"Est. tempo de leitura\" \/>\n\t<meta name=\"twitter:data2\" content=\"1 minuto\" \/>\n<script type=\"application\/ld+json\" class=\"yoast-schema-graph\">{\"@context\":\"https:\/\/schema.org\",\"@graph\":[{\"@type\":\"Article\",\"@id\":\"https:\/\/portalraizesnoticias.com.br\/?p=6580#article\",\"isPartOf\":{\"@id\":\"https:\/\/portalraizesnoticias.com.br\/?p=6580\"},\"author\":{\"name\":\"Portal Raizes\",\"@id\":\"https:\/\/portalraizesnoticias.com.br\/#\/schema\/person\/a3ca6b0fc701e78df19756c417d943ae\"},\"headline\":\"Pol\u00edcia Civil cumpre mandado de pris\u00e3o por maus-tratos em Concei\u00e7\u00e3o do Coit\u00e9\",\"datePublished\":\"2025-05-14T15:08:23+00:00\",\"dateModified\":\"2025-05-14T15:08:24+00:00\",\"mainEntityOfPage\":{\"@id\":\"https:\/\/portalraizesnoticias.com.br\/?p=6580\"},\"wordCount\":130,\"commentCount\":0,\"publisher\":{\"@id\":\"https:\/\/portalraizesnoticias.com.br\/#organization\"},\"image\":{\"@id\":\"https:\/\/portalraizesnoticias.com.br\/?p=6580#primaryimage\"},\"thumbnailUrl\":\"https:\/\/portalraizesnoticias.com.br\/wp-content\/uploads\/2025\/05\/images-2025-05-14T120649.571.jpeg\",\"keywords\":[\"Coit\u00e9\",\"Maus tratos\",\"Policia civil\"],\"articleSection\":[\"DESTAQUES\",\"POLICIA\",\"ULTIMAS NOTICIAS\"],\"inLanguage\":\"pt-BR\",\"potentialAction\":[{\"@type\":\"CommentAction\",\"name\":\"Comment\",\"target\":[\"https:\/\/portalraizesnoticias.com.br\/?p=6580#respond\"]}]},{\"@type\":\"WebPage\",\"@id\":\"https:\/\/portalraizesnoticias.com.br\/?p=6580\",\"url\":\"https:\/\/portalraizesnoticias.com.br\/?p=6580\",\"name\":\"Pol\u00edcia Civil cumpre mandado de pris\u00e3o por maus-tratos em Concei\u00e7\u00e3o do Coit\u00e9 - Portal raizes noticias\",\"isPartOf\":{\"@id\":\"https:\/\/portalraizesnoticias.com.br\/#website\"},\"primaryImageOfPage\":{\"@id\":\"https:\/\/portalraizesnoticias.com.br\/?p=6580#primaryimage\"},\"image\":{\"@id\":\"https:\/\/portalraizesnoticias.com.br\/?p=6580#primaryimage\"},\"thumbnailUrl\":\"https:\/\/portalraizesnoticias.com.br\/wp-content\/uploads\/2025\/05\/images-2025-05-14T120649.571.jpeg\",\"datePublished\":\"2025-05-14T15:08:23+00:00\",\"dateModified\":\"2025-05-14T15:08:24+00:00\",\"breadcrumb\":{\"@id\":\"https:\/\/portalraizesnoticias.com.br\/?p=6580#breadcrumb\"},\"inLanguage\":\"pt-BR\",\"potentialAction\":[{\"@type\":\"ReadAction\",\"target\":[\"https:\/\/portalraizesnoticias.com.br\/?p=6580\"]}]},{\"@type\":\"ImageObject\",\"inLanguage\":\"pt-BR\",\"@id\":\"https:\/\/portalraizesnoticias.com.br\/?p=6580#primaryimage\",\"url\":\"https:\/\/portalraizesnoticias.com.br\/wp-content\/uploads\/2025\/05\/images-2025-05-14T120649.571.jpeg\",\"contentUrl\":\"https:\/\/portalraizesnoticias.com.br\/wp-content\/uploads\/2025\/05\/images-2025-05-14T120649.571.jpeg\",\"width\":680,\"height\":451},{\"@type\":\"BreadcrumbList\",\"@id\":\"https:\/\/portalraizesnoticias.com.br\/?p=6580#breadcrumb\",\"itemListElement\":[{\"@type\":\"ListItem\",\"position\":1,\"name\":\"In\u00edcio\",\"item\":\"https:\/\/portalraizesnoticias.com.br\/\"},{\"@type\":\"ListItem\",\"position\":2,\"name\":\"Pol\u00edcia Civil cumpre mandado de pris\u00e3o por maus-tratos em Concei\u00e7\u00e3o do Coit\u00e9\"}]},{\"@type\":\"WebSite\",\"@id\":\"https:\/\/portalraizesnoticias.com.br\/#website\",\"url\":\"https:\/\/portalraizesnoticias.com.br\/\",\"name\":\"Portal raizes NOTICIAS\",\"description\":\"site de noticias de concei\u00e7\u00e3o do coit\u00e9 e regi\u00e3o\",\"publisher\":{\"@id\":\"https:\/\/portalraizesnoticias.com.br\/#organization\"},\"alternateName\":\"PORTAL RAIZES COIT\u00c9\",\"potentialAction\":[{\"@type\":\"SearchAction\",\"target\":{\"@type\":\"EntryPoint\",\"urlTemplate\":\"https:\/\/portalraizesnoticias.com.br\/?s={search_term_string}\"},\"query-input\":{\"@type\":\"PropertyValueSpecification\",\"valueRequired\":true,\"valueName\":\"search_term_string\"}}],\"inLanguage\":\"pt-BR\"},{\"@type\":\"Organization\",\"@id\":\"https:\/\/portalraizesnoticias.com.br\/#organization\",\"name\":\"Portal raizes NOTICIAS\",\"url\":\"https:\/\/portalraizesnoticias.com.br\/\",\"logo\":{\"@type\":\"ImageObject\",\"inLanguage\":\"pt-BR\",\"@id\":\"https:\/\/portalraizesnoticias.com.br\/#\/schema\/logo\/image\/\",\"url\":\"https:\/\/portalraizesnoticias.com.br\/wp-content\/uploads\/2024\/09\/cropped-Captura-de-tela-2024-09-08-011108.png\",\"contentUrl\":\"https:\/\/portalraizesnoticias.com.br\/wp-content\/uploads\/2024\/09\/cropped-Captura-de-tela-2024-09-08-011108.png\",\"width\":606,\"height\":173,\"caption\":\"Portal raizes NOTICIAS\"},\"image\":{\"@id\":\"https:\/\/portalraizesnoticias.com.br\/#\/schema\/logo\/image\/\"}},{\"@type\":\"Person\",\"@id\":\"https:\/\/portalraizesnoticias.com.br\/#\/schema\/person\/a3ca6b0fc701e78df19756c417d943ae\",\"name\":\"Portal Raizes\",\"image\":{\"@type\":\"ImageObject\",\"inLanguage\":\"pt-BR\",\"@id\":\"https:\/\/portalraizesnoticias.com.br\/#\/schema\/person\/image\/\",\"url\":\"https:\/\/secure.gravatar.com\/avatar\/ef450d29013a3d3fba867a12a249d7b1?s=96&d=mm&r=g\",\"contentUrl\":\"https:\/\/secure.gravatar.com\/avatar\/ef450d29013a3d3fba867a12a249d7b1?s=96&d=mm&r=g\",\"caption\":\"Portal Raizes\"},\"url\":\"https:\/\/portalraizesnoticias.com.br\/?author=3\"}]}<\/script>\n<!-- \/ Yoast SEO plugin. -->","yoast_head_json":{"title":"Pol\u00edcia Civil cumpre mandado de pris\u00e3o por maus-tratos em Concei\u00e7\u00e3o do Coit\u00e9 - Portal raizes noticias","robots":{"index":"index","follow":"follow","max-snippet":"max-snippet:-1","max-image-preview":"max-image-preview:large","max-video-preview":"max-video-preview:-1"},"canonical":"https:\/\/portalraizesnoticias.com.br\/?p=6580","og_locale":"pt_BR","og_type":"article","og_title":"Pol\u00edcia Civil cumpre mandado de pris\u00e3o por maus-tratos em Concei\u00e7\u00e3o do Coit\u00e9 - Portal raizes noticias","og_description":"A Pol\u00edcia Civil, por meio da Delegacia Territorial (DT) de Concei\u00e7\u00e3o do Coit\u00e9, cumpriu um mandado de pris\u00e3o preventiva nesta quarta-feira (14),\u00a0 contra o indiv\u00edduo S.C., expedido pela Vara Criminal da Comarca de Concei\u00e7\u00e3o do Coit\u00e9, pelo crime de maus-tratos. Ap\u00f3s an\u00e1lise da ordem judicial e confirma\u00e7\u00e3o da autenticidade do mandado, a equipe de investiga\u00e7\u00e3o da DT de Concei\u00e7\u00e3o do Coit\u00e9 realizou o cumprimento imediato da medida, adotando todas as provid\u00eancias legais cab\u00edveis. A Pol\u00edcia n\u00e3o deu maiores detalhes sobre a idade dos envolvidos e endere\u00e7o que aconteceu a ocorr\u00eancia. Fonte: 15\u00aa COORPIN \u2013 Delegacia Territorial de Concei\u00e7\u00e3o do Coit\u00e9.","og_url":"https:\/\/portalraizesnoticias.com.br\/?p=6580","og_site_name":"Portal raizes noticias","article_published_time":"2025-05-14T15:08:23+00:00","article_modified_time":"2025-05-14T15:08:24+00:00","og_image":[{"width":680,"height":451,"url":"https:\/\/portalraizesnoticias.com.br\/wp-content\/uploads\/2025\/05\/images-2025-05-14T120649.571.jpeg","type":"image\/jpeg"}],"author":"Portal Raizes","twitter_card":"summary_large_image","twitter_misc":{"Escrito por":"Portal Raizes","Est. tempo de leitura":"1 minuto"},"schema":{"@context":"https:\/\/schema.org","@graph":[{"@type":"Article","@id":"https:\/\/portalraizesnoticias.com.br\/?p=6580#article","isPartOf":{"@id":"https:\/\/portalraizesnoticias.com.br\/?p=6580"},"author":{"name":"Portal Raizes","@id":"https:\/\/portalraizesnoticias.com.br\/#\/schema\/person\/a3ca6b0fc701e78df19756c417d943ae"},"headline":"Pol\u00edcia Civil cumpre mandado de pris\u00e3o por maus-tratos em Concei\u00e7\u00e3o do Coit\u00e9","datePublished":"2025-05-14T15:08:23+00:00","dateModified":"2025-05-14T15:08:24+00:00","mainEntityOfPage":{"@id":"https:\/\/portalraizesnoticias.com.br\/?p=6580"},"wordCount":130,"commentCount":0,"publisher":{"@id":"https:\/\/portalraizesnoticias.com.br\/#organization"},"image":{"@id":"https:\/\/portalraizesnoticias.com.br\/?p=6580#primaryimage"},"thumbnailUrl":"https:\/\/portalraizesnoticias.com.br\/wp-content\/uploads\/2025\/05\/images-2025-05-14T120649.571.jpeg","keywords":["Coit\u00e9","Maus tratos","Policia civil"],"articleSection":["DESTAQUES","POLICIA","ULTIMAS NOTICIAS"],"inLanguage":"pt-BR","potentialAction":[{"@type":"CommentAction","name":"Comment","target":["https:\/\/portalraizesnoticias.com.br\/?p=6580#respond"]}]},{"@type":"WebPage","@id":"https:\/\/portalraizesnoticias.com.br\/?p=6580","url":"https:\/\/portalraizesnoticias.com.br\/?p=6580","name":"Pol\u00edcia Civil cumpre mandado de pris\u00e3o por maus-tratos em Concei\u00e7\u00e3o do Coit\u00e9 - Portal raizes noticias","isPartOf":{"@id":"https:\/\/portalraizesnoticias.com.br\/#website"},"primaryImageOfPage":{"@id":"https:\/\/portalraizesnoticias.com.br\/?p=6580#primaryimage"},"image":{"@id":"https:\/\/portalraizesnoticias.com.br\/?p=6580#primaryimage"},"thumbnailUrl":"https:\/\/portalraizesnoticias.com.br\/wp-content\/uploads\/2025\/05\/images-2025-05-14T120649.571.jpeg","datePublished":"2025-05-14T15:08:23+00:00","dateModified":"2025-05-14T15:08:24+00:00","breadcrumb":{"@id":"https:\/\/portalraizesnoticias.com.br\/?p=6580#breadcrumb"},"inLanguage":"pt-BR","potentialAction":[{"@type":"ReadAction","target":["https:\/\/portalraizesnoticias.com.br\/?p=6580"]}]},{"@type":"ImageObject","inLanguage":"pt-BR","@id":"https:\/\/portalraizesnoticias.com.br\/?p=6580#primaryimage","url":"https:\/\/portalraizesnoticias.com.br\/wp-content\/uploads\/2025\/05\/images-2025-05-14T120649.571.jpeg","contentUrl":"https:\/\/portalraizesnoticias.com.br\/wp-content\/uploads\/2025\/05\/images-2025-05-14T120649.571.jpeg","width":680,"height":451},{"@type":"BreadcrumbList","@id":"https:\/\/portalraizesnoticias.com.br\/?p=6580#breadcrumb","itemListElement":[{"@type":"ListItem","position":1,"name":"In\u00edcio","item":"https:\/\/portalraizesnoticias.com.br\/"},{"@type":"ListItem","position":2,"name":"Pol\u00edcia Civil cumpre mandado de pris\u00e3o por maus-tratos em Concei\u00e7\u00e3o do Coit\u00e9"}]},{"@type":"WebSite","@id":"https:\/\/portalraizesnoticias.com.br\/#website","url":"https:\/\/portalraizesnoticias.com.br\/","name":"Portal raizes NOTICIAS","description":"site de noticias de concei\u00e7\u00e3o do coit\u00e9 e regi\u00e3o","publisher":{"@id":"https:\/\/portalraizesnoticias.com.br\/#organization"},"alternateName":"PORTAL RAIZES COIT\u00c9","potentialAction":[{"@type":"SearchAction","target":{"@type":"EntryPoint","urlTemplate":"https:\/\/portalraizesnoticias.com.br\/?s={search_term_string}"},"query-input":{"@type":"PropertyValueSpecification","valueRequired":true,"valueName":"search_term_string"}}],"inLanguage":"pt-BR"},{"@type":"Organization","@id":"https:\/\/portalraizesnoticias.com.br\/#organization","name":"Portal raizes NOTICIAS","url":"https:\/\/portalraizesnoticias.com.br\/","logo":{"@type":"ImageObject","inLanguage":"pt-BR","@id":"https:\/\/portalraizesnoticias.com.br\/#\/schema\/logo\/image\/","url":"https:\/\/portalraizesnoticias.com.br\/wp-content\/uploads\/2024\/09\/cropped-Captura-de-tela-2024-09-08-011108.png","contentUrl":"https:\/\/portalraizesnoticias.com.br\/wp-content\/uploads\/2024\/09\/cropped-Captura-de-tela-2024-09-08-011108.png","width":606,"height":173,"caption":"Portal raizes NOTICIAS"},"image":{"@id":"https:\/\/portalraizesnoticias.com.br\/#\/schema\/logo\/image\/"}},{"@type":"Person","@id":"https:\/\/portalraizesnoticias.com.br\/#\/schema\/person\/a3ca6b0fc701e78df19756c417d943ae","name":"Portal Raizes","image":{"@type":"ImageObject","inLanguage":"pt-BR","@id":"https:\/\/portalraizesnoticias.com.br\/#\/schema\/person\/image\/","url":"https:\/\/secure.gravatar.com\/avatar\/ef450d29013a3d3fba867a12a249d7b1?s=96&d=mm&r=g","contentUrl":"https:\/\/secure.gravatar.com\/avatar\/ef450d29013a3d3fba867a12a249d7b1?s=96&d=mm&r=g","caption":"Portal Raizes"},"url":"https:\/\/portalraizesnoticias.com.br\/?author=3"}]}},"_links":{"self":[{"href":"https:\/\/portalraizesnoticias.com.br\/index.php?rest_route=\/wp\/v2\/posts\/6580"}],"collection":[{"href":"https:\/\/portalraizesnoticias.com.br\/index.php?rest_route=\/wp\/v2\/posts"}],"about":[{"href":"https:\/\/portalraizesnoticias.com.br\/index.php?rest_route=\/wp\/v2\/types\/post"}],"author":[{"embeddable":true,"href":"https:\/\/portalraizesnoticias.com.br\/index.php?rest_route=\/wp\/v2\/users\/3"}],"replies":[{"embeddable":true,"href":"https:\/\/portalraizesnoticias.com.br\/index.php?rest_route=%2Fwp%2Fv2%2Fcomments&post=6580"}],"version-history":[{"count":1,"href":"https:\/\/portalraizesnoticias.com.br\/index.php?rest_route=\/wp\/v2\/posts\/6580\/revisions"}],"predecessor-version":[{"id":6582,"href":"https:\/\/portalraizesnoticias.com.br\/index.php?rest_route=\/wp\/v2\/posts\/6580\/revisions\/6582"}],"wp:featuredmedia":[{"embeddable":true,"href":"https:\/\/portalraizesnoticias.com.br\/index.php?rest_route=\/wp\/v2\/media\/6581"}],"wp:attachment":[{"href":"https:\/\/portalraizesnoticias.com.br\/index.php?rest_route=%2Fwp%2Fv2%2Fmedia&parent=6580"}],"wp:term":[{"taxonomy":"category","embeddable":true,"href":"https:\/\/portalraizesnoticias.com.br\/index.php?rest_route=%2Fwp%2Fv2%2Fcategories&post=6580"},{"taxonomy":"post_tag","embeddable":true,"href":"https:\/\/portalraizesnoticias.com.br\/index.php?rest_route=%2Fwp%2Fv2%2Ftags&post=6580"}],"curies":[{"name":"wp","href":"https:\/\/api.w.org\/{rel}","templated":true}]}}