{"id":6571,"date":"2025-05-13T22:17:51","date_gmt":"2025-05-14T01:17:51","guid":{"rendered":"https:\/\/portalraizesnoticias.com.br\/?p=6571"},"modified":"2025-05-14T02:39:29","modified_gmt":"2025-05-14T05:39:29","slug":"empresario-do-setor-de-farmacia-e-suspeito-de-agressao-contra-funcionaria-em-conceicao-do-coite","status":"publish","type":"post","link":"https:\/\/portalraizesnoticias.com.br\/?p=6571","title":{"rendered":"Empres\u00e1rio do setor de farm\u00e1cia \u00e9 suspeito de agress\u00e3o contra funcion\u00e1ria em Concei\u00e7\u00e3o do Coit\u00e9"},"content":{"rendered":"<p>Um suposto caso de agress\u00e3o f\u00edsica e psicol\u00f3gica ocorreu na tarde desta ter\u00e7a-feira (13), no centro de Concei\u00e7\u00e3o do Coit\u00e9, regi\u00e3o sisaleira da Bahia.<\/p>\n<p>Segundo apura\u00e7\u00e3o do Portal Ra\u00edzes junto a algumas fontes, o suspeito \u00e9 um empres\u00e1rio\u00a0 do ramo farmac\u00eautico. A identidade dele n\u00e3o foi divulgada.<\/p>\n<p>O pai da v\u00edtima relatou que a filha teria sido agredida verbalmente com palavras ofensivas e fisicamente com um soco no bra\u00e7o.<\/p>\n<p>A jovem, de 23 anos, entrou em desespero, chorando compulsivamente, e foi encaminhada \u00e0 emerg\u00eancia do Hospital Portugu\u00eas de Coit\u00e9.<\/p>\n<p>Ela foi orientada\u00a0 a comparecer \u00e0 delegacia de pol\u00edcia para registrar um boletim de ocorr\u00eancia, a fim de que fossem tomadas as medidas judiciais cab\u00edveis.<\/p>\n<p>At\u00e9 o momento, n\u00e3o h\u00e1 informa\u00e7\u00f5es sobre poss\u00edveis motiva\u00e7\u00f5es para o epis\u00f3dio ou detalhes sobre o contexto que teria levado \u00e0 suposta agress\u00e3o..<\/p>\n<p>Autoridades locais ainda n\u00e3o se manifestaram oficialmente sobre o caso. A popula\u00e7\u00e3o aguarda o desdobramento das investiga\u00e7\u00f5es para esclarecer os fatos e garantir a aplica\u00e7\u00e3o da justi\u00e7a.<\/p>\n<p>O Portal Ra\u00edzes n\u00e3o teve acesso a identidade do empres\u00e1rio, mas, se o suposto agressor resolver se pronunciar, o espa\u00e7o ficar\u00e1 aberto<\/p>\n<p>Reda\u00e7\u00e3o<\/p>\n<p>Foto: Ilustra\u00e7\u00e3o<\/p>\n","protected":false},"excerpt":{"rendered":"<p>Um suposto caso de agress\u00e3o f\u00edsica e psicol\u00f3gica ocorreu na tarde desta ter\u00e7a-feira (13), no centro de Concei\u00e7\u00e3o do Coit\u00e9, regi\u00e3o sisaleira da Bahia. Segundo apura\u00e7\u00e3o do Portal Ra\u00edzes junto a algumas fontes, o suspeito \u00e9 um empres\u00e1rio\u00a0 do ramo farmac\u00eautico. A identidade dele n\u00e3o foi divulgada. O pai da v\u00edtima relatou que a filha teria sido agredida verbalmente com palavras ofensivas e fisicamente com um soco no bra\u00e7o. A jovem, de 23 anos, entrou em desespero, chorando compulsivamente, e foi encaminhada \u00e0 emerg\u00eancia do Hospital Portugu\u00eas de Coit\u00e9. Ela foi orientada\u00a0 a comparecer \u00e0 delegacia de pol\u00edcia para registrar um boletim de ocorr\u00eancia, a fim de que fossem tomadas as medidas judiciais cab\u00edveis. At\u00e9 o momento, n\u00e3o h\u00e1 informa\u00e7\u00f5es sobre poss\u00edveis motiva\u00e7\u00f5es para o epis\u00f3dio ou detalhes sobre o contexto que teria levado \u00e0 suposta agress\u00e3o.. Autoridades locais ainda n\u00e3o se manifestaram oficialmente sobre o caso. A popula\u00e7\u00e3o aguarda o desdobramento das investiga\u00e7\u00f5es para esclarecer os fatos e garantir a aplica\u00e7\u00e3o da justi\u00e7a. O Portal Ra\u00edzes n\u00e3o teve acesso a identidade do empres\u00e1rio, mas, se o suposto agressor resolver se pronunciar, o espa\u00e7o ficar\u00e1 aberto Reda\u00e7\u00e3o Foto: Ilustra\u00e7\u00e3o<\/p>\n","protected":false},"author":3,"featured_media":6572,"comment_status":"open","ping_status":"open","sticky":false,"template":"","format":"standard","meta":{"_joinchat":[],"footnotes":""},"categories":[55,67,59],"tags":[137,75,1099],"class_list":["post-6571","post","type-post","status-publish","format-standard","has-post-thumbnail","hentry","category-destaques","category-policia","category-ultimas-noticias","tag-bahia","tag-coite","tag-suposto-caso-de-agressao"],"yoast_head":"<!-- This site is optimized with the Yoast SEO plugin v24.4 - https:\/\/yoast.com\/wordpress\/plugins\/seo\/ -->\n<title>Empres\u00e1rio do setor de farm\u00e1cia \u00e9 suspeito de agress\u00e3o contra funcion\u00e1ria em Concei\u00e7\u00e3o do Coit\u00e9 - Portal raizes noticias<\/title>\n<meta name=\"robots\" content=\"index, follow, max-snippet:-1, max-image-preview:large, max-video-preview:-1\" \/>\n<link rel=\"canonical\" href=\"https:\/\/portalraizesnoticias.com.br\/?p=6571\" \/>\n<meta property=\"og:locale\" content=\"pt_BR\" \/>\n<meta property=\"og:type\" content=\"article\" \/>\n<meta property=\"og:title\" content=\"Empres\u00e1rio do setor de farm\u00e1cia \u00e9 suspeito de agress\u00e3o contra funcion\u00e1ria em Concei\u00e7\u00e3o do Coit\u00e9 - Portal raizes noticias\" \/>\n<meta property=\"og:description\" content=\"Um suposto caso de agress\u00e3o f\u00edsica e psicol\u00f3gica ocorreu na tarde desta ter\u00e7a-feira (13), no centro de Concei\u00e7\u00e3o do Coit\u00e9, regi\u00e3o sisaleira da Bahia. Segundo apura\u00e7\u00e3o do Portal Ra\u00edzes junto a algumas fontes, o suspeito \u00e9 um empres\u00e1rio\u00a0 do ramo farmac\u00eautico. A identidade dele n\u00e3o foi divulgada. O pai da v\u00edtima relatou que a filha teria sido agredida verbalmente com palavras ofensivas e fisicamente com um soco no bra\u00e7o. A jovem, de 23 anos, entrou em desespero, chorando compulsivamente, e foi encaminhada \u00e0 emerg\u00eancia do Hospital Portugu\u00eas de Coit\u00e9. Ela foi orientada\u00a0 a comparecer \u00e0 delegacia de pol\u00edcia para registrar um boletim de ocorr\u00eancia, a fim de que fossem tomadas as medidas judiciais cab\u00edveis. At\u00e9 o momento, n\u00e3o h\u00e1 informa\u00e7\u00f5es sobre poss\u00edveis motiva\u00e7\u00f5es para o epis\u00f3dio ou detalhes sobre o contexto que teria levado \u00e0 suposta agress\u00e3o.. Autoridades locais ainda n\u00e3o se manifestaram oficialmente sobre o caso. A popula\u00e7\u00e3o aguarda o desdobramento das investiga\u00e7\u00f5es para esclarecer os fatos e garantir a aplica\u00e7\u00e3o da justi\u00e7a. O Portal Ra\u00edzes n\u00e3o teve acesso a identidade do empres\u00e1rio, mas, se o suposto agressor resolver se pronunciar, o espa\u00e7o ficar\u00e1 aberto Reda\u00e7\u00e3o Foto: Ilustra\u00e7\u00e3o\" \/>\n<meta property=\"og:url\" content=\"https:\/\/portalraizesnoticias.com.br\/?p=6571\" \/>\n<meta property=\"og:site_name\" content=\"Portal raizes noticias\" \/>\n<meta property=\"article:published_time\" content=\"2025-05-14T01:17:51+00:00\" \/>\n<meta property=\"article:modified_time\" content=\"2025-05-14T05:39:29+00:00\" \/>\n<meta property=\"og:image\" content=\"https:\/\/portalraizesnoticias.com.br\/wp-content\/uploads\/2025\/05\/images-2025-05-13T221456.000.jpeg\" \/>\n\t<meta property=\"og:image:width\" content=\"640\" \/>\n\t<meta property=\"og:image:height\" content=\"427\" \/>\n\t<meta property=\"og:image:type\" content=\"image\/jpeg\" \/>\n<meta name=\"author\" content=\"Portal Raizes\" \/>\n<meta name=\"twitter:card\" content=\"summary_large_image\" \/>\n<meta name=\"twitter:label1\" content=\"Escrito por\" \/>\n\t<meta name=\"twitter:data1\" content=\"Portal Raizes\" \/>\n\t<meta name=\"twitter:label2\" content=\"Est. tempo de leitura\" \/>\n\t<meta name=\"twitter:data2\" content=\"2 minutos\" \/>\n<script type=\"application\/ld+json\" class=\"yoast-schema-graph\">{\"@context\":\"https:\/\/schema.org\",\"@graph\":[{\"@type\":\"Article\",\"@id\":\"https:\/\/portalraizesnoticias.com.br\/?p=6571#article\",\"isPartOf\":{\"@id\":\"https:\/\/portalraizesnoticias.com.br\/?p=6571\"},\"author\":{\"name\":\"Portal Raizes\",\"@id\":\"https:\/\/portalraizesnoticias.com.br\/#\/schema\/person\/a3ca6b0fc701e78df19756c417d943ae\"},\"headline\":\"Empres\u00e1rio do setor de farm\u00e1cia \u00e9 suspeito de agress\u00e3o contra funcion\u00e1ria em Concei\u00e7\u00e3o do Coit\u00e9\",\"datePublished\":\"2025-05-14T01:17:51+00:00\",\"dateModified\":\"2025-05-14T05:39:29+00:00\",\"mainEntityOfPage\":{\"@id\":\"https:\/\/portalraizesnoticias.com.br\/?p=6571\"},\"wordCount\":237,\"commentCount\":0,\"publisher\":{\"@id\":\"https:\/\/portalraizesnoticias.com.br\/#organization\"},\"image\":{\"@id\":\"https:\/\/portalraizesnoticias.com.br\/?p=6571#primaryimage\"},\"thumbnailUrl\":\"https:\/\/portalraizesnoticias.com.br\/wp-content\/uploads\/2025\/05\/images-2025-05-13T221456.000.jpeg\",\"keywords\":[\"Bahia\",\"Coit\u00e9\",\"Suposto caso de agress\u00e3o\"],\"articleSection\":[\"DESTAQUES\",\"POLICIA\",\"ULTIMAS NOTICIAS\"],\"inLanguage\":\"pt-BR\",\"potentialAction\":[{\"@type\":\"CommentAction\",\"name\":\"Comment\",\"target\":[\"https:\/\/portalraizesnoticias.com.br\/?p=6571#respond\"]}]},{\"@type\":\"WebPage\",\"@id\":\"https:\/\/portalraizesnoticias.com.br\/?p=6571\",\"url\":\"https:\/\/portalraizesnoticias.com.br\/?p=6571\",\"name\":\"Empres\u00e1rio do setor de farm\u00e1cia \u00e9 suspeito de agress\u00e3o contra funcion\u00e1ria em Concei\u00e7\u00e3o do Coit\u00e9 - Portal raizes noticias\",\"isPartOf\":{\"@id\":\"https:\/\/portalraizesnoticias.com.br\/#website\"},\"primaryImageOfPage\":{\"@id\":\"https:\/\/portalraizesnoticias.com.br\/?p=6571#primaryimage\"},\"image\":{\"@id\":\"https:\/\/portalraizesnoticias.com.br\/?p=6571#primaryimage\"},\"thumbnailUrl\":\"https:\/\/portalraizesnoticias.com.br\/wp-content\/uploads\/2025\/05\/images-2025-05-13T221456.000.jpeg\",\"datePublished\":\"2025-05-14T01:17:51+00:00\",\"dateModified\":\"2025-05-14T05:39:29+00:00\",\"breadcrumb\":{\"@id\":\"https:\/\/portalraizesnoticias.com.br\/?p=6571#breadcrumb\"},\"inLanguage\":\"pt-BR\",\"potentialAction\":[{\"@type\":\"ReadAction\",\"target\":[\"https:\/\/portalraizesnoticias.com.br\/?p=6571\"]}]},{\"@type\":\"ImageObject\",\"inLanguage\":\"pt-BR\",\"@id\":\"https:\/\/portalraizesnoticias.com.br\/?p=6571#primaryimage\",\"url\":\"https:\/\/portalraizesnoticias.com.br\/wp-content\/uploads\/2025\/05\/images-2025-05-13T221456.000.jpeg\",\"contentUrl\":\"https:\/\/portalraizesnoticias.com.br\/wp-content\/uploads\/2025\/05\/images-2025-05-13T221456.000.jpeg\",\"width\":640,\"height\":427},{\"@type\":\"BreadcrumbList\",\"@id\":\"https:\/\/portalraizesnoticias.com.br\/?p=6571#breadcrumb\",\"itemListElement\":[{\"@type\":\"ListItem\",\"position\":1,\"name\":\"In\u00edcio\",\"item\":\"https:\/\/portalraizesnoticias.com.br\/\"},{\"@type\":\"ListItem\",\"position\":2,\"name\":\"Empres\u00e1rio do setor de farm\u00e1cia \u00e9 suspeito de agress\u00e3o contra funcion\u00e1ria em Concei\u00e7\u00e3o do Coit\u00e9\"}]},{\"@type\":\"WebSite\",\"@id\":\"https:\/\/portalraizesnoticias.com.br\/#website\",\"url\":\"https:\/\/portalraizesnoticias.com.br\/\",\"name\":\"Portal raizes NOTICIAS\",\"description\":\"site de noticias de concei\u00e7\u00e3o do coit\u00e9 e regi\u00e3o\",\"publisher\":{\"@id\":\"https:\/\/portalraizesnoticias.com.br\/#organization\"},\"alternateName\":\"PORTAL RAIZES COIT\u00c9\",\"potentialAction\":[{\"@type\":\"SearchAction\",\"target\":{\"@type\":\"EntryPoint\",\"urlTemplate\":\"https:\/\/portalraizesnoticias.com.br\/?s={search_term_string}\"},\"query-input\":{\"@type\":\"PropertyValueSpecification\",\"valueRequired\":true,\"valueName\":\"search_term_string\"}}],\"inLanguage\":\"pt-BR\"},{\"@type\":\"Organization\",\"@id\":\"https:\/\/portalraizesnoticias.com.br\/#organization\",\"name\":\"Portal raizes NOTICIAS\",\"url\":\"https:\/\/portalraizesnoticias.com.br\/\",\"logo\":{\"@type\":\"ImageObject\",\"inLanguage\":\"pt-BR\",\"@id\":\"https:\/\/portalraizesnoticias.com.br\/#\/schema\/logo\/image\/\",\"url\":\"https:\/\/portalraizesnoticias.com.br\/wp-content\/uploads\/2024\/09\/cropped-Captura-de-tela-2024-09-08-011108.png\",\"contentUrl\":\"https:\/\/portalraizesnoticias.com.br\/wp-content\/uploads\/2024\/09\/cropped-Captura-de-tela-2024-09-08-011108.png\",\"width\":606,\"height\":173,\"caption\":\"Portal raizes NOTICIAS\"},\"image\":{\"@id\":\"https:\/\/portalraizesnoticias.com.br\/#\/schema\/logo\/image\/\"}},{\"@type\":\"Person\",\"@id\":\"https:\/\/portalraizesnoticias.com.br\/#\/schema\/person\/a3ca6b0fc701e78df19756c417d943ae\",\"name\":\"Portal Raizes\",\"image\":{\"@type\":\"ImageObject\",\"inLanguage\":\"pt-BR\",\"@id\":\"https:\/\/portalraizesnoticias.com.br\/#\/schema\/person\/image\/\",\"url\":\"https:\/\/secure.gravatar.com\/avatar\/ef450d29013a3d3fba867a12a249d7b1?s=96&d=mm&r=g\",\"contentUrl\":\"https:\/\/secure.gravatar.com\/avatar\/ef450d29013a3d3fba867a12a249d7b1?s=96&d=mm&r=g\",\"caption\":\"Portal Raizes\"},\"url\":\"https:\/\/portalraizesnoticias.com.br\/?author=3\"}]}<\/script>\n<!-- \/ Yoast SEO plugin. -->","yoast_head_json":{"title":"Empres\u00e1rio do setor de farm\u00e1cia \u00e9 suspeito de agress\u00e3o contra funcion\u00e1ria em Concei\u00e7\u00e3o do Coit\u00e9 - Portal raizes noticias","robots":{"index":"index","follow":"follow","max-snippet":"max-snippet:-1","max-image-preview":"max-image-preview:large","max-video-preview":"max-video-preview:-1"},"canonical":"https:\/\/portalraizesnoticias.com.br\/?p=6571","og_locale":"pt_BR","og_type":"article","og_title":"Empres\u00e1rio do setor de farm\u00e1cia \u00e9 suspeito de agress\u00e3o contra funcion\u00e1ria em Concei\u00e7\u00e3o do Coit\u00e9 - Portal raizes noticias","og_description":"Um suposto caso de agress\u00e3o f\u00edsica e psicol\u00f3gica ocorreu na tarde desta ter\u00e7a-feira (13), no centro de Concei\u00e7\u00e3o do Coit\u00e9, regi\u00e3o sisaleira da Bahia. Segundo apura\u00e7\u00e3o do Portal Ra\u00edzes junto a algumas fontes, o suspeito \u00e9 um empres\u00e1rio\u00a0 do ramo farmac\u00eautico. A identidade dele n\u00e3o foi divulgada. O pai da v\u00edtima relatou que a filha teria sido agredida verbalmente com palavras ofensivas e fisicamente com um soco no bra\u00e7o. A jovem, de 23 anos, entrou em desespero, chorando compulsivamente, e foi encaminhada \u00e0 emerg\u00eancia do Hospital Portugu\u00eas de Coit\u00e9. Ela foi orientada\u00a0 a comparecer \u00e0 delegacia de pol\u00edcia para registrar um boletim de ocorr\u00eancia, a fim de que fossem tomadas as medidas judiciais cab\u00edveis. At\u00e9 o momento, n\u00e3o h\u00e1 informa\u00e7\u00f5es sobre poss\u00edveis motiva\u00e7\u00f5es para o epis\u00f3dio ou detalhes sobre o contexto que teria levado \u00e0 suposta agress\u00e3o.. Autoridades locais ainda n\u00e3o se manifestaram oficialmente sobre o caso. A popula\u00e7\u00e3o aguarda o desdobramento das investiga\u00e7\u00f5es para esclarecer os fatos e garantir a aplica\u00e7\u00e3o da justi\u00e7a. O Portal Ra\u00edzes n\u00e3o teve acesso a identidade do empres\u00e1rio, mas, se o suposto agressor resolver se pronunciar, o espa\u00e7o ficar\u00e1 aberto Reda\u00e7\u00e3o Foto: Ilustra\u00e7\u00e3o","og_url":"https:\/\/portalraizesnoticias.com.br\/?p=6571","og_site_name":"Portal raizes noticias","article_published_time":"2025-05-14T01:17:51+00:00","article_modified_time":"2025-05-14T05:39:29+00:00","og_image":[{"width":640,"height":427,"url":"https:\/\/portalraizesnoticias.com.br\/wp-content\/uploads\/2025\/05\/images-2025-05-13T221456.000.jpeg","type":"image\/jpeg"}],"author":"Portal Raizes","twitter_card":"summary_large_image","twitter_misc":{"Escrito por":"Portal Raizes","Est. tempo de leitura":"2 minutos"},"schema":{"@context":"https:\/\/schema.org","@graph":[{"@type":"Article","@id":"https:\/\/portalraizesnoticias.com.br\/?p=6571#article","isPartOf":{"@id":"https:\/\/portalraizesnoticias.com.br\/?p=6571"},"author":{"name":"Portal Raizes","@id":"https:\/\/portalraizesnoticias.com.br\/#\/schema\/person\/a3ca6b0fc701e78df19756c417d943ae"},"headline":"Empres\u00e1rio do setor de farm\u00e1cia \u00e9 suspeito de agress\u00e3o contra funcion\u00e1ria em Concei\u00e7\u00e3o do Coit\u00e9","datePublished":"2025-05-14T01:17:51+00:00","dateModified":"2025-05-14T05:39:29+00:00","mainEntityOfPage":{"@id":"https:\/\/portalraizesnoticias.com.br\/?p=6571"},"wordCount":237,"commentCount":0,"publisher":{"@id":"https:\/\/portalraizesnoticias.com.br\/#organization"},"image":{"@id":"https:\/\/portalraizesnoticias.com.br\/?p=6571#primaryimage"},"thumbnailUrl":"https:\/\/portalraizesnoticias.com.br\/wp-content\/uploads\/2025\/05\/images-2025-05-13T221456.000.jpeg","keywords":["Bahia","Coit\u00e9","Suposto caso de agress\u00e3o"],"articleSection":["DESTAQUES","POLICIA","ULTIMAS NOTICIAS"],"inLanguage":"pt-BR","potentialAction":[{"@type":"CommentAction","name":"Comment","target":["https:\/\/portalraizesnoticias.com.br\/?p=6571#respond"]}]},{"@type":"WebPage","@id":"https:\/\/portalraizesnoticias.com.br\/?p=6571","url":"https:\/\/portalraizesnoticias.com.br\/?p=6571","name":"Empres\u00e1rio do setor de farm\u00e1cia \u00e9 suspeito de agress\u00e3o contra funcion\u00e1ria em Concei\u00e7\u00e3o do Coit\u00e9 - Portal raizes noticias","isPartOf":{"@id":"https:\/\/portalraizesnoticias.com.br\/#website"},"primaryImageOfPage":{"@id":"https:\/\/portalraizesnoticias.com.br\/?p=6571#primaryimage"},"image":{"@id":"https:\/\/portalraizesnoticias.com.br\/?p=6571#primaryimage"},"thumbnailUrl":"https:\/\/portalraizesnoticias.com.br\/wp-content\/uploads\/2025\/05\/images-2025-05-13T221456.000.jpeg","datePublished":"2025-05-14T01:17:51+00:00","dateModified":"2025-05-14T05:39:29+00:00","breadcrumb":{"@id":"https:\/\/portalraizesnoticias.com.br\/?p=6571#breadcrumb"},"inLanguage":"pt-BR","potentialAction":[{"@type":"ReadAction","target":["https:\/\/portalraizesnoticias.com.br\/?p=6571"]}]},{"@type":"ImageObject","inLanguage":"pt-BR","@id":"https:\/\/portalraizesnoticias.com.br\/?p=6571#primaryimage","url":"https:\/\/portalraizesnoticias.com.br\/wp-content\/uploads\/2025\/05\/images-2025-05-13T221456.000.jpeg","contentUrl":"https:\/\/portalraizesnoticias.com.br\/wp-content\/uploads\/2025\/05\/images-2025-05-13T221456.000.jpeg","width":640,"height":427},{"@type":"BreadcrumbList","@id":"https:\/\/portalraizesnoticias.com.br\/?p=6571#breadcrumb","itemListElement":[{"@type":"ListItem","position":1,"name":"In\u00edcio","item":"https:\/\/portalraizesnoticias.com.br\/"},{"@type":"ListItem","position":2,"name":"Empres\u00e1rio do setor de farm\u00e1cia \u00e9 suspeito de agress\u00e3o contra funcion\u00e1ria em Concei\u00e7\u00e3o do Coit\u00e9"}]},{"@type":"WebSite","@id":"https:\/\/portalraizesnoticias.com.br\/#website","url":"https:\/\/portalraizesnoticias.com.br\/","name":"Portal raizes NOTICIAS","description":"site de noticias de concei\u00e7\u00e3o do coit\u00e9 e regi\u00e3o","publisher":{"@id":"https:\/\/portalraizesnoticias.com.br\/#organization"},"alternateName":"PORTAL RAIZES COIT\u00c9","potentialAction":[{"@type":"SearchAction","target":{"@type":"EntryPoint","urlTemplate":"https:\/\/portalraizesnoticias.com.br\/?s={search_term_string}"},"query-input":{"@type":"PropertyValueSpecification","valueRequired":true,"valueName":"search_term_string"}}],"inLanguage":"pt-BR"},{"@type":"Organization","@id":"https:\/\/portalraizesnoticias.com.br\/#organization","name":"Portal raizes NOTICIAS","url":"https:\/\/portalraizesnoticias.com.br\/","logo":{"@type":"ImageObject","inLanguage":"pt-BR","@id":"https:\/\/portalraizesnoticias.com.br\/#\/schema\/logo\/image\/","url":"https:\/\/portalraizesnoticias.com.br\/wp-content\/uploads\/2024\/09\/cropped-Captura-de-tela-2024-09-08-011108.png","contentUrl":"https:\/\/portalraizesnoticias.com.br\/wp-content\/uploads\/2024\/09\/cropped-Captura-de-tela-2024-09-08-011108.png","width":606,"height":173,"caption":"Portal raizes NOTICIAS"},"image":{"@id":"https:\/\/portalraizesnoticias.com.br\/#\/schema\/logo\/image\/"}},{"@type":"Person","@id":"https:\/\/portalraizesnoticias.com.br\/#\/schema\/person\/a3ca6b0fc701e78df19756c417d943ae","name":"Portal Raizes","image":{"@type":"ImageObject","inLanguage":"pt-BR","@id":"https:\/\/portalraizesnoticias.com.br\/#\/schema\/person\/image\/","url":"https:\/\/secure.gravatar.com\/avatar\/ef450d29013a3d3fba867a12a249d7b1?s=96&d=mm&r=g","contentUrl":"https:\/\/secure.gravatar.com\/avatar\/ef450d29013a3d3fba867a12a249d7b1?s=96&d=mm&r=g","caption":"Portal Raizes"},"url":"https:\/\/portalraizesnoticias.com.br\/?author=3"}]}},"_links":{"self":[{"href":"https:\/\/portalraizesnoticias.com.br\/index.php?rest_route=\/wp\/v2\/posts\/6571"}],"collection":[{"href":"https:\/\/portalraizesnoticias.com.br\/index.php?rest_route=\/wp\/v2\/posts"}],"about":[{"href":"https:\/\/portalraizesnoticias.com.br\/index.php?rest_route=\/wp\/v2\/types\/post"}],"author":[{"embeddable":true,"href":"https:\/\/portalraizesnoticias.com.br\/index.php?rest_route=\/wp\/v2\/users\/3"}],"replies":[{"embeddable":true,"href":"https:\/\/portalraizesnoticias.com.br\/index.php?rest_route=%2Fwp%2Fv2%2Fcomments&post=6571"}],"version-history":[{"count":6,"href":"https:\/\/portalraizesnoticias.com.br\/index.php?rest_route=\/wp\/v2\/posts\/6571\/revisions"}],"predecessor-version":[{"id":6579,"href":"https:\/\/portalraizesnoticias.com.br\/index.php?rest_route=\/wp\/v2\/posts\/6571\/revisions\/6579"}],"wp:featuredmedia":[{"embeddable":true,"href":"https:\/\/portalraizesnoticias.com.br\/index.php?rest_route=\/wp\/v2\/media\/6572"}],"wp:attachment":[{"href":"https:\/\/portalraizesnoticias.com.br\/index.php?rest_route=%2Fwp%2Fv2%2Fmedia&parent=6571"}],"wp:term":[{"taxonomy":"category","embeddable":true,"href":"https:\/\/portalraizesnoticias.com.br\/index.php?rest_route=%2Fwp%2Fv2%2Fcategories&post=6571"},{"taxonomy":"post_tag","embeddable":true,"href":"https:\/\/portalraizesnoticias.com.br\/index.php?rest_route=%2Fwp%2Fv2%2Ftags&post=6571"}],"curies":[{"name":"wp","href":"https:\/\/api.w.org\/{rel}","templated":true}]}}