{"id":6553,"date":"2025-05-12T18:27:00","date_gmt":"2025-05-12T21:27:00","guid":{"rendered":"https:\/\/portalraizesnoticias.com.br\/?p=6553"},"modified":"2025-05-12T18:27:00","modified_gmt":"2025-05-12T21:27:00","slug":"policia-civil-prende-homem-por-ameacas-contra-a-propria-mae-em-riachao-do-jacuipe","status":"publish","type":"post","link":"https:\/\/portalraizesnoticias.com.br\/?p=6553","title":{"rendered":"Pol\u00edcia Civil prende homem por amea\u00e7as contra a pr\u00f3pria m\u00e3e em Riach\u00e3o do Jacu\u00edpe"},"content":{"rendered":"<p>Um homem identificado pelas iniciais A.F.P.S. foi preso em flagrante pela Pol\u00edcia Civil, por meio da Delegacia Territorial de Riach\u00e3o do Jacu\u00edpe, nesta segunda-feira, acusado de amea\u00e7ar a pr\u00f3pria m\u00e3e repetidamente.<\/p>\n<p>A pris\u00e3o ocorreu ap\u00f3s a v\u00edtima registrar ocorr\u00eancia e solicitar medidas protetivas na Delegacia Territorial da cidade.<\/p>\n<p>De acordo com o relato, a mulher compareceu \u00e0 delegacia para formalizar a den\u00fancia contra o filho, que j\u00e1 vinha a amea\u00e7ando em diversas ocasi\u00f5es. Ao deixar a unidade, o suspeito a aguardava do lado de fora e voltou a proferir amea\u00e7as. Agentes do Setor de Investiga\u00e7\u00e3o foram acionados e conseguiram localizar e prender o acusado minutos depois.<\/p>\n<p>O Auto de Pris\u00e3o em Flagrante foi ratificado pela autoridade policial. O caso agora segue para a Justi\u00e7a, com a possibilidade de medidas legais adicionais contra o detido.<\/p>\n<p>Destaca-se a rapidez no atendimento \u00e0 v\u00edtima e refor\u00e7a o compromisso da institui\u00e7\u00e3o pol\u00edcia civil cada vez mais forte.<\/p>\n<p><strong>FONTE: 15\u00aa COORPIN\/DT de RIACH\u00c3O DO JACU\u00cdPE (BA).<\/strong><\/p>\n<p>Foto: Ilustra\u00e7\u00e3o<\/p>\n","protected":false},"excerpt":{"rendered":"<p>Um homem identificado pelas iniciais A.F.P.S. foi preso em flagrante pela Pol\u00edcia Civil, por meio da Delegacia Territorial de Riach\u00e3o do Jacu\u00edpe, nesta segunda-feira, acusado de amea\u00e7ar a pr\u00f3pria m\u00e3e repetidamente. A pris\u00e3o ocorreu ap\u00f3s a v\u00edtima registrar ocorr\u00eancia e solicitar medidas protetivas na Delegacia Territorial da cidade. De acordo com o relato, a mulher compareceu \u00e0 delegacia para formalizar a den\u00fancia contra o filho, que j\u00e1 vinha a amea\u00e7ando em diversas ocasi\u00f5es. Ao deixar a unidade, o suspeito a aguardava do lado de fora e voltou a proferir amea\u00e7as. Agentes do Setor de Investiga\u00e7\u00e3o foram acionados e conseguiram localizar e prender o acusado minutos depois. O Auto de Pris\u00e3o em Flagrante foi ratificado pela autoridade policial. O caso agora segue para a Justi\u00e7a, com a possibilidade de medidas legais adicionais contra o detido. Destaca-se a rapidez no atendimento \u00e0 v\u00edtima e refor\u00e7a o compromisso da institui\u00e7\u00e3o pol\u00edcia civil cada vez mais forte. FONTE: 15\u00aa COORPIN\/DT de RIACH\u00c3O DO JACU\u00cdPE (BA). Foto: Ilustra\u00e7\u00e3o<\/p>\n","protected":false},"author":3,"featured_media":5453,"comment_status":"open","ping_status":"open","sticky":false,"template":"","format":"standard","meta":{"_joinchat":[],"footnotes":""},"categories":[55,67,59],"tags":[450,471],"class_list":["post-6553","post","type-post","status-publish","format-standard","has-post-thumbnail","hentry","category-destaques","category-policia","category-ultimas-noticias","tag-policia-civil","tag-riachao"],"yoast_head":"<!-- This site is optimized with the Yoast SEO plugin v24.4 - https:\/\/yoast.com\/wordpress\/plugins\/seo\/ -->\n<title>Pol\u00edcia Civil prende homem por amea\u00e7as contra a pr\u00f3pria m\u00e3e em Riach\u00e3o do Jacu\u00edpe - Portal raizes noticias<\/title>\n<meta name=\"robots\" content=\"index, follow, max-snippet:-1, max-image-preview:large, max-video-preview:-1\" \/>\n<link rel=\"canonical\" href=\"https:\/\/portalraizesnoticias.com.br\/?p=6553\" \/>\n<meta property=\"og:locale\" content=\"pt_BR\" \/>\n<meta property=\"og:type\" content=\"article\" \/>\n<meta property=\"og:title\" content=\"Pol\u00edcia Civil prende homem por amea\u00e7as contra a pr\u00f3pria m\u00e3e em Riach\u00e3o do Jacu\u00edpe - Portal raizes noticias\" \/>\n<meta property=\"og:description\" content=\"Um homem identificado pelas iniciais A.F.P.S. foi preso em flagrante pela Pol\u00edcia Civil, por meio da Delegacia Territorial de Riach\u00e3o do Jacu\u00edpe, nesta segunda-feira, acusado de amea\u00e7ar a pr\u00f3pria m\u00e3e repetidamente. A pris\u00e3o ocorreu ap\u00f3s a v\u00edtima registrar ocorr\u00eancia e solicitar medidas protetivas na Delegacia Territorial da cidade. De acordo com o relato, a mulher compareceu \u00e0 delegacia para formalizar a den\u00fancia contra o filho, que j\u00e1 vinha a amea\u00e7ando em diversas ocasi\u00f5es. Ao deixar a unidade, o suspeito a aguardava do lado de fora e voltou a proferir amea\u00e7as. Agentes do Setor de Investiga\u00e7\u00e3o foram acionados e conseguiram localizar e prender o acusado minutos depois. O Auto de Pris\u00e3o em Flagrante foi ratificado pela autoridade policial. O caso agora segue para a Justi\u00e7a, com a possibilidade de medidas legais adicionais contra o detido. Destaca-se a rapidez no atendimento \u00e0 v\u00edtima e refor\u00e7a o compromisso da institui\u00e7\u00e3o pol\u00edcia civil cada vez mais forte. FONTE: 15\u00aa COORPIN\/DT de RIACH\u00c3O DO JACU\u00cdPE (BA). Foto: Ilustra\u00e7\u00e3o\" \/>\n<meta property=\"og:url\" content=\"https:\/\/portalraizesnoticias.com.br\/?p=6553\" \/>\n<meta property=\"og:site_name\" content=\"Portal raizes noticias\" \/>\n<meta property=\"article:published_time\" content=\"2025-05-12T21:27:00+00:00\" \/>\n<meta property=\"og:image\" content=\"https:\/\/portalraizesnoticias.com.br\/wp-content\/uploads\/2025\/03\/images-91.jpeg\" \/>\n\t<meta property=\"og:image:width\" content=\"274\" \/>\n\t<meta property=\"og:image:height\" content=\"184\" \/>\n\t<meta property=\"og:image:type\" content=\"image\/jpeg\" \/>\n<meta name=\"author\" content=\"Portal Raizes\" \/>\n<meta name=\"twitter:card\" content=\"summary_large_image\" \/>\n<meta name=\"twitter:label1\" content=\"Escrito por\" \/>\n\t<meta name=\"twitter:data1\" content=\"Portal Raizes\" \/>\n\t<meta name=\"twitter:label2\" content=\"Est. tempo de leitura\" \/>\n\t<meta name=\"twitter:data2\" content=\"2 minutos\" \/>\n<script type=\"application\/ld+json\" class=\"yoast-schema-graph\">{\"@context\":\"https:\/\/schema.org\",\"@graph\":[{\"@type\":\"Article\",\"@id\":\"https:\/\/portalraizesnoticias.com.br\/?p=6553#article\",\"isPartOf\":{\"@id\":\"https:\/\/portalraizesnoticias.com.br\/?p=6553\"},\"author\":{\"name\":\"Portal Raizes\",\"@id\":\"https:\/\/portalraizesnoticias.com.br\/#\/schema\/person\/a3ca6b0fc701e78df19756c417d943ae\"},\"headline\":\"Pol\u00edcia Civil prende homem por amea\u00e7as contra a pr\u00f3pria m\u00e3e em Riach\u00e3o do Jacu\u00edpe\",\"datePublished\":\"2025-05-12T21:27:00+00:00\",\"mainEntityOfPage\":{\"@id\":\"https:\/\/portalraizesnoticias.com.br\/?p=6553\"},\"wordCount\":208,\"commentCount\":0,\"publisher\":{\"@id\":\"https:\/\/portalraizesnoticias.com.br\/#organization\"},\"image\":{\"@id\":\"https:\/\/portalraizesnoticias.com.br\/?p=6553#primaryimage\"},\"thumbnailUrl\":\"https:\/\/portalraizesnoticias.com.br\/wp-content\/uploads\/2025\/03\/images-91.jpeg\",\"keywords\":[\"Policia civil\",\"Riach\u00e3o\"],\"articleSection\":[\"DESTAQUES\",\"POLICIA\",\"ULTIMAS NOTICIAS\"],\"inLanguage\":\"pt-BR\",\"potentialAction\":[{\"@type\":\"CommentAction\",\"name\":\"Comment\",\"target\":[\"https:\/\/portalraizesnoticias.com.br\/?p=6553#respond\"]}]},{\"@type\":\"WebPage\",\"@id\":\"https:\/\/portalraizesnoticias.com.br\/?p=6553\",\"url\":\"https:\/\/portalraizesnoticias.com.br\/?p=6553\",\"name\":\"Pol\u00edcia Civil prende homem por amea\u00e7as contra a pr\u00f3pria m\u00e3e em Riach\u00e3o do Jacu\u00edpe - Portal raizes noticias\",\"isPartOf\":{\"@id\":\"https:\/\/portalraizesnoticias.com.br\/#website\"},\"primaryImageOfPage\":{\"@id\":\"https:\/\/portalraizesnoticias.com.br\/?p=6553#primaryimage\"},\"image\":{\"@id\":\"https:\/\/portalraizesnoticias.com.br\/?p=6553#primaryimage\"},\"thumbnailUrl\":\"https:\/\/portalraizesnoticias.com.br\/wp-content\/uploads\/2025\/03\/images-91.jpeg\",\"datePublished\":\"2025-05-12T21:27:00+00:00\",\"breadcrumb\":{\"@id\":\"https:\/\/portalraizesnoticias.com.br\/?p=6553#breadcrumb\"},\"inLanguage\":\"pt-BR\",\"potentialAction\":[{\"@type\":\"ReadAction\",\"target\":[\"https:\/\/portalraizesnoticias.com.br\/?p=6553\"]}]},{\"@type\":\"ImageObject\",\"inLanguage\":\"pt-BR\",\"@id\":\"https:\/\/portalraizesnoticias.com.br\/?p=6553#primaryimage\",\"url\":\"https:\/\/portalraizesnoticias.com.br\/wp-content\/uploads\/2025\/03\/images-91.jpeg\",\"contentUrl\":\"https:\/\/portalraizesnoticias.com.br\/wp-content\/uploads\/2025\/03\/images-91.jpeg\",\"width\":274,\"height\":184},{\"@type\":\"BreadcrumbList\",\"@id\":\"https:\/\/portalraizesnoticias.com.br\/?p=6553#breadcrumb\",\"itemListElement\":[{\"@type\":\"ListItem\",\"position\":1,\"name\":\"In\u00edcio\",\"item\":\"https:\/\/portalraizesnoticias.com.br\/\"},{\"@type\":\"ListItem\",\"position\":2,\"name\":\"Pol\u00edcia Civil prende homem por amea\u00e7as contra a pr\u00f3pria m\u00e3e em Riach\u00e3o do Jacu\u00edpe\"}]},{\"@type\":\"WebSite\",\"@id\":\"https:\/\/portalraizesnoticias.com.br\/#website\",\"url\":\"https:\/\/portalraizesnoticias.com.br\/\",\"name\":\"Portal raizes NOTICIAS\",\"description\":\"site de noticias de concei\u00e7\u00e3o do coit\u00e9 e regi\u00e3o\",\"publisher\":{\"@id\":\"https:\/\/portalraizesnoticias.com.br\/#organization\"},\"alternateName\":\"PORTAL RAIZES COIT\u00c9\",\"potentialAction\":[{\"@type\":\"SearchAction\",\"target\":{\"@type\":\"EntryPoint\",\"urlTemplate\":\"https:\/\/portalraizesnoticias.com.br\/?s={search_term_string}\"},\"query-input\":{\"@type\":\"PropertyValueSpecification\",\"valueRequired\":true,\"valueName\":\"search_term_string\"}}],\"inLanguage\":\"pt-BR\"},{\"@type\":\"Organization\",\"@id\":\"https:\/\/portalraizesnoticias.com.br\/#organization\",\"name\":\"Portal raizes NOTICIAS\",\"url\":\"https:\/\/portalraizesnoticias.com.br\/\",\"logo\":{\"@type\":\"ImageObject\",\"inLanguage\":\"pt-BR\",\"@id\":\"https:\/\/portalraizesnoticias.com.br\/#\/schema\/logo\/image\/\",\"url\":\"https:\/\/portalraizesnoticias.com.br\/wp-content\/uploads\/2024\/09\/cropped-Captura-de-tela-2024-09-08-011108.png\",\"contentUrl\":\"https:\/\/portalraizesnoticias.com.br\/wp-content\/uploads\/2024\/09\/cropped-Captura-de-tela-2024-09-08-011108.png\",\"width\":606,\"height\":173,\"caption\":\"Portal raizes NOTICIAS\"},\"image\":{\"@id\":\"https:\/\/portalraizesnoticias.com.br\/#\/schema\/logo\/image\/\"}},{\"@type\":\"Person\",\"@id\":\"https:\/\/portalraizesnoticias.com.br\/#\/schema\/person\/a3ca6b0fc701e78df19756c417d943ae\",\"name\":\"Portal Raizes\",\"image\":{\"@type\":\"ImageObject\",\"inLanguage\":\"pt-BR\",\"@id\":\"https:\/\/portalraizesnoticias.com.br\/#\/schema\/person\/image\/\",\"url\":\"https:\/\/secure.gravatar.com\/avatar\/ef450d29013a3d3fba867a12a249d7b1?s=96&d=mm&r=g\",\"contentUrl\":\"https:\/\/secure.gravatar.com\/avatar\/ef450d29013a3d3fba867a12a249d7b1?s=96&d=mm&r=g\",\"caption\":\"Portal Raizes\"},\"url\":\"https:\/\/portalraizesnoticias.com.br\/?author=3\"}]}<\/script>\n<!-- \/ Yoast SEO plugin. -->","yoast_head_json":{"title":"Pol\u00edcia Civil prende homem por amea\u00e7as contra a pr\u00f3pria m\u00e3e em Riach\u00e3o do Jacu\u00edpe - Portal raizes noticias","robots":{"index":"index","follow":"follow","max-snippet":"max-snippet:-1","max-image-preview":"max-image-preview:large","max-video-preview":"max-video-preview:-1"},"canonical":"https:\/\/portalraizesnoticias.com.br\/?p=6553","og_locale":"pt_BR","og_type":"article","og_title":"Pol\u00edcia Civil prende homem por amea\u00e7as contra a pr\u00f3pria m\u00e3e em Riach\u00e3o do Jacu\u00edpe - Portal raizes noticias","og_description":"Um homem identificado pelas iniciais A.F.P.S. foi preso em flagrante pela Pol\u00edcia Civil, por meio da Delegacia Territorial de Riach\u00e3o do Jacu\u00edpe, nesta segunda-feira, acusado de amea\u00e7ar a pr\u00f3pria m\u00e3e repetidamente. A pris\u00e3o ocorreu ap\u00f3s a v\u00edtima registrar ocorr\u00eancia e solicitar medidas protetivas na Delegacia Territorial da cidade. De acordo com o relato, a mulher compareceu \u00e0 delegacia para formalizar a den\u00fancia contra o filho, que j\u00e1 vinha a amea\u00e7ando em diversas ocasi\u00f5es. Ao deixar a unidade, o suspeito a aguardava do lado de fora e voltou a proferir amea\u00e7as. Agentes do Setor de Investiga\u00e7\u00e3o foram acionados e conseguiram localizar e prender o acusado minutos depois. O Auto de Pris\u00e3o em Flagrante foi ratificado pela autoridade policial. O caso agora segue para a Justi\u00e7a, com a possibilidade de medidas legais adicionais contra o detido. Destaca-se a rapidez no atendimento \u00e0 v\u00edtima e refor\u00e7a o compromisso da institui\u00e7\u00e3o pol\u00edcia civil cada vez mais forte. FONTE: 15\u00aa COORPIN\/DT de RIACH\u00c3O DO JACU\u00cdPE (BA). Foto: Ilustra\u00e7\u00e3o","og_url":"https:\/\/portalraizesnoticias.com.br\/?p=6553","og_site_name":"Portal raizes noticias","article_published_time":"2025-05-12T21:27:00+00:00","og_image":[{"width":274,"height":184,"url":"https:\/\/portalraizesnoticias.com.br\/wp-content\/uploads\/2025\/03\/images-91.jpeg","type":"image\/jpeg"}],"author":"Portal Raizes","twitter_card":"summary_large_image","twitter_misc":{"Escrito por":"Portal Raizes","Est. tempo de leitura":"2 minutos"},"schema":{"@context":"https:\/\/schema.org","@graph":[{"@type":"Article","@id":"https:\/\/portalraizesnoticias.com.br\/?p=6553#article","isPartOf":{"@id":"https:\/\/portalraizesnoticias.com.br\/?p=6553"},"author":{"name":"Portal Raizes","@id":"https:\/\/portalraizesnoticias.com.br\/#\/schema\/person\/a3ca6b0fc701e78df19756c417d943ae"},"headline":"Pol\u00edcia Civil prende homem por amea\u00e7as contra a pr\u00f3pria m\u00e3e em Riach\u00e3o do Jacu\u00edpe","datePublished":"2025-05-12T21:27:00+00:00","mainEntityOfPage":{"@id":"https:\/\/portalraizesnoticias.com.br\/?p=6553"},"wordCount":208,"commentCount":0,"publisher":{"@id":"https:\/\/portalraizesnoticias.com.br\/#organization"},"image":{"@id":"https:\/\/portalraizesnoticias.com.br\/?p=6553#primaryimage"},"thumbnailUrl":"https:\/\/portalraizesnoticias.com.br\/wp-content\/uploads\/2025\/03\/images-91.jpeg","keywords":["Policia civil","Riach\u00e3o"],"articleSection":["DESTAQUES","POLICIA","ULTIMAS NOTICIAS"],"inLanguage":"pt-BR","potentialAction":[{"@type":"CommentAction","name":"Comment","target":["https:\/\/portalraizesnoticias.com.br\/?p=6553#respond"]}]},{"@type":"WebPage","@id":"https:\/\/portalraizesnoticias.com.br\/?p=6553","url":"https:\/\/portalraizesnoticias.com.br\/?p=6553","name":"Pol\u00edcia Civil prende homem por amea\u00e7as contra a pr\u00f3pria m\u00e3e em Riach\u00e3o do Jacu\u00edpe - Portal raizes noticias","isPartOf":{"@id":"https:\/\/portalraizesnoticias.com.br\/#website"},"primaryImageOfPage":{"@id":"https:\/\/portalraizesnoticias.com.br\/?p=6553#primaryimage"},"image":{"@id":"https:\/\/portalraizesnoticias.com.br\/?p=6553#primaryimage"},"thumbnailUrl":"https:\/\/portalraizesnoticias.com.br\/wp-content\/uploads\/2025\/03\/images-91.jpeg","datePublished":"2025-05-12T21:27:00+00:00","breadcrumb":{"@id":"https:\/\/portalraizesnoticias.com.br\/?p=6553#breadcrumb"},"inLanguage":"pt-BR","potentialAction":[{"@type":"ReadAction","target":["https:\/\/portalraizesnoticias.com.br\/?p=6553"]}]},{"@type":"ImageObject","inLanguage":"pt-BR","@id":"https:\/\/portalraizesnoticias.com.br\/?p=6553#primaryimage","url":"https:\/\/portalraizesnoticias.com.br\/wp-content\/uploads\/2025\/03\/images-91.jpeg","contentUrl":"https:\/\/portalraizesnoticias.com.br\/wp-content\/uploads\/2025\/03\/images-91.jpeg","width":274,"height":184},{"@type":"BreadcrumbList","@id":"https:\/\/portalraizesnoticias.com.br\/?p=6553#breadcrumb","itemListElement":[{"@type":"ListItem","position":1,"name":"In\u00edcio","item":"https:\/\/portalraizesnoticias.com.br\/"},{"@type":"ListItem","position":2,"name":"Pol\u00edcia Civil prende homem por amea\u00e7as contra a pr\u00f3pria m\u00e3e em Riach\u00e3o do Jacu\u00edpe"}]},{"@type":"WebSite","@id":"https:\/\/portalraizesnoticias.com.br\/#website","url":"https:\/\/portalraizesnoticias.com.br\/","name":"Portal raizes NOTICIAS","description":"site de noticias de concei\u00e7\u00e3o do coit\u00e9 e regi\u00e3o","publisher":{"@id":"https:\/\/portalraizesnoticias.com.br\/#organization"},"alternateName":"PORTAL RAIZES COIT\u00c9","potentialAction":[{"@type":"SearchAction","target":{"@type":"EntryPoint","urlTemplate":"https:\/\/portalraizesnoticias.com.br\/?s={search_term_string}"},"query-input":{"@type":"PropertyValueSpecification","valueRequired":true,"valueName":"search_term_string"}}],"inLanguage":"pt-BR"},{"@type":"Organization","@id":"https:\/\/portalraizesnoticias.com.br\/#organization","name":"Portal raizes NOTICIAS","url":"https:\/\/portalraizesnoticias.com.br\/","logo":{"@type":"ImageObject","inLanguage":"pt-BR","@id":"https:\/\/portalraizesnoticias.com.br\/#\/schema\/logo\/image\/","url":"https:\/\/portalraizesnoticias.com.br\/wp-content\/uploads\/2024\/09\/cropped-Captura-de-tela-2024-09-08-011108.png","contentUrl":"https:\/\/portalraizesnoticias.com.br\/wp-content\/uploads\/2024\/09\/cropped-Captura-de-tela-2024-09-08-011108.png","width":606,"height":173,"caption":"Portal raizes NOTICIAS"},"image":{"@id":"https:\/\/portalraizesnoticias.com.br\/#\/schema\/logo\/image\/"}},{"@type":"Person","@id":"https:\/\/portalraizesnoticias.com.br\/#\/schema\/person\/a3ca6b0fc701e78df19756c417d943ae","name":"Portal Raizes","image":{"@type":"ImageObject","inLanguage":"pt-BR","@id":"https:\/\/portalraizesnoticias.com.br\/#\/schema\/person\/image\/","url":"https:\/\/secure.gravatar.com\/avatar\/ef450d29013a3d3fba867a12a249d7b1?s=96&d=mm&r=g","contentUrl":"https:\/\/secure.gravatar.com\/avatar\/ef450d29013a3d3fba867a12a249d7b1?s=96&d=mm&r=g","caption":"Portal Raizes"},"url":"https:\/\/portalraizesnoticias.com.br\/?author=3"}]}},"_links":{"self":[{"href":"https:\/\/portalraizesnoticias.com.br\/index.php?rest_route=\/wp\/v2\/posts\/6553"}],"collection":[{"href":"https:\/\/portalraizesnoticias.com.br\/index.php?rest_route=\/wp\/v2\/posts"}],"about":[{"href":"https:\/\/portalraizesnoticias.com.br\/index.php?rest_route=\/wp\/v2\/types\/post"}],"author":[{"embeddable":true,"href":"https:\/\/portalraizesnoticias.com.br\/index.php?rest_route=\/wp\/v2\/users\/3"}],"replies":[{"embeddable":true,"href":"https:\/\/portalraizesnoticias.com.br\/index.php?rest_route=%2Fwp%2Fv2%2Fcomments&post=6553"}],"version-history":[{"count":1,"href":"https:\/\/portalraizesnoticias.com.br\/index.php?rest_route=\/wp\/v2\/posts\/6553\/revisions"}],"predecessor-version":[{"id":6554,"href":"https:\/\/portalraizesnoticias.com.br\/index.php?rest_route=\/wp\/v2\/posts\/6553\/revisions\/6554"}],"wp:featuredmedia":[{"embeddable":true,"href":"https:\/\/portalraizesnoticias.com.br\/index.php?rest_route=\/wp\/v2\/media\/5453"}],"wp:attachment":[{"href":"https:\/\/portalraizesnoticias.com.br\/index.php?rest_route=%2Fwp%2Fv2%2Fmedia&parent=6553"}],"wp:term":[{"taxonomy":"category","embeddable":true,"href":"https:\/\/portalraizesnoticias.com.br\/index.php?rest_route=%2Fwp%2Fv2%2Fcategories&post=6553"},{"taxonomy":"post_tag","embeddable":true,"href":"https:\/\/portalraizesnoticias.com.br\/index.php?rest_route=%2Fwp%2Fv2%2Ftags&post=6553"}],"curies":[{"name":"wp","href":"https:\/\/api.w.org\/{rel}","templated":true}]}}