{"id":6527,"date":"2025-05-12T10:05:51","date_gmt":"2025-05-12T13:05:51","guid":{"rendered":"https:\/\/portalraizesnoticias.com.br\/?p=6527"},"modified":"2025-05-12T11:09:01","modified_gmt":"2025-05-12T14:09:01","slug":"coite-jovem-morre-eletrocutado-em-cerca-no-distrito-de-sao-joao","status":"publish","type":"post","link":"https:\/\/portalraizesnoticias.com.br\/?p=6527","title":{"rendered":"Coit\u00e9: Jovem morre eletrocutado em cerca no distrito de S\u00e3o Jo\u00e3o"},"content":{"rendered":"<p>Um homem foi encontrado morto na manh\u00e3 desta segunda-feira (12), no distrito de S\u00e3o Jo\u00e3o, em Concei\u00e7\u00e3o do Coit\u00e9, regi\u00e3o sisaleira da Bahia.<\/p>\n<p>De acordo com informa\u00e7\u00f5es apuradas pela jornalista Rafaela Rodrigues junto \u00e0 pol\u00edcia, uma guarni\u00e7\u00e3o foi acionada via CICOM com a informa\u00e7\u00e3o de que Luciano Jos\u00e9 de Souza, de 24 anos, havia sofrido uma descarga el\u00e9trica e estava em \u00f3bito no local. A morte foi confirmada com a chegada dos agentes.<\/p>\n<p>Populares relataram que a v\u00edtima teria encostado em uma cerca que estava energizada no momento da trag\u00e9dia.<\/p>\n<p>O Departamento de Pol\u00edcia T\u00e9cnica (DPT) foi acionado para realizar os procedimentos necess\u00e1rios. A Pol\u00edcia Militar realizou o isolamento da \u00e1rea at\u00e9 a remo\u00e7\u00e3o do corpo pela equipe t\u00e9cnica.<\/p>\n<p>Informa\u00e7\u00f5es preliminares d\u00e3o conta que um indiv\u00edduo colocou uma instala\u00e7\u00e3o conhecida como &#8220;gato de energia&#8221; pr\u00f3ximo a cerca. Com o tempo chuvoso, a rede el\u00e9trica entrou em contato com a cerca, energizando toda a estrutura.<\/p>\n<p>Al\u00e9m do rapaz, um cavalo tamb\u00e9m foi atingido pela rede el\u00e9trica e tamb\u00e9m n\u00e3o resistiu.<\/p>\n<p>Somente uma per\u00edcia poder\u00e1 confirmar os fatos.<\/p>\n<p>Reda\u00e7\u00e3o Portal Ra\u00edzes<\/p>\n<p>Foto: Rede Social<\/p>\n","protected":false},"excerpt":{"rendered":"<p>Um homem foi encontrado morto na manh\u00e3 desta segunda-feira (12), no distrito de S\u00e3o Jo\u00e3o, em Concei\u00e7\u00e3o do Coit\u00e9, regi\u00e3o sisaleira da Bahia. De acordo com informa\u00e7\u00f5es apuradas pela jornalista Rafaela Rodrigues junto \u00e0 pol\u00edcia, uma guarni\u00e7\u00e3o foi acionada via CICOM com a informa\u00e7\u00e3o de que Luciano Jos\u00e9 de Souza, de 24 anos, havia sofrido uma descarga el\u00e9trica e estava em \u00f3bito no local. A morte foi confirmada com a chegada dos agentes. Populares relataram que a v\u00edtima teria encostado em uma cerca que estava energizada no momento da trag\u00e9dia. O Departamento de Pol\u00edcia T\u00e9cnica (DPT) foi acionado para realizar os procedimentos necess\u00e1rios. A Pol\u00edcia Militar realizou o isolamento da \u00e1rea at\u00e9 a remo\u00e7\u00e3o do corpo pela equipe t\u00e9cnica. Informa\u00e7\u00f5es preliminares d\u00e3o conta que um indiv\u00edduo colocou uma instala\u00e7\u00e3o conhecida como &#8220;gato de energia&#8221; pr\u00f3ximo a cerca. Com o tempo chuvoso, a rede el\u00e9trica entrou em contato com a cerca, energizando toda a estrutura. Al\u00e9m do rapaz, um cavalo tamb\u00e9m foi atingido pela rede el\u00e9trica e tamb\u00e9m n\u00e3o resistiu. Somente uma per\u00edcia poder\u00e1 confirmar os fatos. Reda\u00e7\u00e3o Portal Ra\u00edzes Foto: Rede Social<\/p>\n","protected":false},"author":3,"featured_media":6528,"comment_status":"open","ping_status":"open","sticky":false,"template":"","format":"standard","meta":{"_joinchat":[],"footnotes":""},"categories":[58,55,59],"tags":[75,1088,76,163],"class_list":["post-6527","post","type-post","status-publish","format-standard","has-post-thumbnail","hentry","category-acidentes","category-destaques","category-ultimas-noticias","tag-coite","tag-eletrocutado","tag-jovem","tag-morre"],"yoast_head":"<!-- This site is optimized with the Yoast SEO plugin v24.4 - https:\/\/yoast.com\/wordpress\/plugins\/seo\/ -->\n<title>Coit\u00e9: Jovem morre eletrocutado em cerca no distrito de S\u00e3o Jo\u00e3o - Portal raizes noticias<\/title>\n<meta name=\"robots\" content=\"index, follow, max-snippet:-1, max-image-preview:large, max-video-preview:-1\" \/>\n<link rel=\"canonical\" href=\"https:\/\/portalraizesnoticias.com.br\/?p=6527\" \/>\n<meta property=\"og:locale\" content=\"pt_BR\" \/>\n<meta property=\"og:type\" content=\"article\" \/>\n<meta property=\"og:title\" content=\"Coit\u00e9: Jovem morre eletrocutado em cerca no distrito de S\u00e3o Jo\u00e3o - Portal raizes noticias\" \/>\n<meta property=\"og:description\" content=\"Um homem foi encontrado morto na manh\u00e3 desta segunda-feira (12), no distrito de S\u00e3o Jo\u00e3o, em Concei\u00e7\u00e3o do Coit\u00e9, regi\u00e3o sisaleira da Bahia. De acordo com informa\u00e7\u00f5es apuradas pela jornalista Rafaela Rodrigues junto \u00e0 pol\u00edcia, uma guarni\u00e7\u00e3o foi acionada via CICOM com a informa\u00e7\u00e3o de que Luciano Jos\u00e9 de Souza, de 24 anos, havia sofrido uma descarga el\u00e9trica e estava em \u00f3bito no local. A morte foi confirmada com a chegada dos agentes. Populares relataram que a v\u00edtima teria encostado em uma cerca que estava energizada no momento da trag\u00e9dia. O Departamento de Pol\u00edcia T\u00e9cnica (DPT) foi acionado para realizar os procedimentos necess\u00e1rios. A Pol\u00edcia Militar realizou o isolamento da \u00e1rea at\u00e9 a remo\u00e7\u00e3o do corpo pela equipe t\u00e9cnica. Informa\u00e7\u00f5es preliminares d\u00e3o conta que um indiv\u00edduo colocou uma instala\u00e7\u00e3o conhecida como &#8220;gato de energia&#8221; pr\u00f3ximo a cerca. Com o tempo chuvoso, a rede el\u00e9trica entrou em contato com a cerca, energizando toda a estrutura. Al\u00e9m do rapaz, um cavalo tamb\u00e9m foi atingido pela rede el\u00e9trica e tamb\u00e9m n\u00e3o resistiu. Somente uma per\u00edcia poder\u00e1 confirmar os fatos. Reda\u00e7\u00e3o Portal Ra\u00edzes Foto: Rede Social\" \/>\n<meta property=\"og:url\" content=\"https:\/\/portalraizesnoticias.com.br\/?p=6527\" \/>\n<meta property=\"og:site_name\" content=\"Portal raizes noticias\" \/>\n<meta property=\"article:published_time\" content=\"2025-05-12T13:05:51+00:00\" \/>\n<meta property=\"article:modified_time\" content=\"2025-05-12T14:09:01+00:00\" \/>\n<meta property=\"og:image\" content=\"https:\/\/portalraizesnoticias.com.br\/wp-content\/uploads\/2025\/05\/IMG-20250512-WA0051.jpg\" \/>\n\t<meta property=\"og:image:width\" content=\"1059\" \/>\n\t<meta property=\"og:image:height\" content=\"1600\" \/>\n\t<meta property=\"og:image:type\" content=\"image\/jpeg\" \/>\n<meta name=\"author\" content=\"Portal Raizes\" \/>\n<meta name=\"twitter:card\" content=\"summary_large_image\" \/>\n<meta name=\"twitter:label1\" content=\"Escrito por\" \/>\n\t<meta name=\"twitter:data1\" content=\"Portal Raizes\" \/>\n\t<meta name=\"twitter:label2\" content=\"Est. tempo de leitura\" \/>\n\t<meta name=\"twitter:data2\" content=\"2 minutos\" \/>\n<script type=\"application\/ld+json\" class=\"yoast-schema-graph\">{\"@context\":\"https:\/\/schema.org\",\"@graph\":[{\"@type\":\"Article\",\"@id\":\"https:\/\/portalraizesnoticias.com.br\/?p=6527#article\",\"isPartOf\":{\"@id\":\"https:\/\/portalraizesnoticias.com.br\/?p=6527\"},\"author\":{\"name\":\"Portal Raizes\",\"@id\":\"https:\/\/portalraizesnoticias.com.br\/#\/schema\/person\/a3ca6b0fc701e78df19756c417d943ae\"},\"headline\":\"Coit\u00e9: Jovem morre eletrocutado em cerca no distrito de S\u00e3o Jo\u00e3o\",\"datePublished\":\"2025-05-12T13:05:51+00:00\",\"dateModified\":\"2025-05-12T14:09:01+00:00\",\"mainEntityOfPage\":{\"@id\":\"https:\/\/portalraizesnoticias.com.br\/?p=6527\"},\"wordCount\":223,\"commentCount\":0,\"publisher\":{\"@id\":\"https:\/\/portalraizesnoticias.com.br\/#organization\"},\"image\":{\"@id\":\"https:\/\/portalraizesnoticias.com.br\/?p=6527#primaryimage\"},\"thumbnailUrl\":\"https:\/\/portalraizesnoticias.com.br\/wp-content\/uploads\/2025\/05\/IMG-20250512-WA0051.jpg\",\"keywords\":[\"Coit\u00e9\",\"Eletrocutado\",\"Jovem\",\"Morre\"],\"articleSection\":[\"ACIDENTES\",\"DESTAQUES\",\"ULTIMAS NOTICIAS\"],\"inLanguage\":\"pt-BR\",\"potentialAction\":[{\"@type\":\"CommentAction\",\"name\":\"Comment\",\"target\":[\"https:\/\/portalraizesnoticias.com.br\/?p=6527#respond\"]}]},{\"@type\":\"WebPage\",\"@id\":\"https:\/\/portalraizesnoticias.com.br\/?p=6527\",\"url\":\"https:\/\/portalraizesnoticias.com.br\/?p=6527\",\"name\":\"Coit\u00e9: Jovem morre eletrocutado em cerca no distrito de S\u00e3o Jo\u00e3o - Portal raizes noticias\",\"isPartOf\":{\"@id\":\"https:\/\/portalraizesnoticias.com.br\/#website\"},\"primaryImageOfPage\":{\"@id\":\"https:\/\/portalraizesnoticias.com.br\/?p=6527#primaryimage\"},\"image\":{\"@id\":\"https:\/\/portalraizesnoticias.com.br\/?p=6527#primaryimage\"},\"thumbnailUrl\":\"https:\/\/portalraizesnoticias.com.br\/wp-content\/uploads\/2025\/05\/IMG-20250512-WA0051.jpg\",\"datePublished\":\"2025-05-12T13:05:51+00:00\",\"dateModified\":\"2025-05-12T14:09:01+00:00\",\"breadcrumb\":{\"@id\":\"https:\/\/portalraizesnoticias.com.br\/?p=6527#breadcrumb\"},\"inLanguage\":\"pt-BR\",\"potentialAction\":[{\"@type\":\"ReadAction\",\"target\":[\"https:\/\/portalraizesnoticias.com.br\/?p=6527\"]}]},{\"@type\":\"ImageObject\",\"inLanguage\":\"pt-BR\",\"@id\":\"https:\/\/portalraizesnoticias.com.br\/?p=6527#primaryimage\",\"url\":\"https:\/\/portalraizesnoticias.com.br\/wp-content\/uploads\/2025\/05\/IMG-20250512-WA0051.jpg\",\"contentUrl\":\"https:\/\/portalraizesnoticias.com.br\/wp-content\/uploads\/2025\/05\/IMG-20250512-WA0051.jpg\",\"width\":1059,\"height\":1600},{\"@type\":\"BreadcrumbList\",\"@id\":\"https:\/\/portalraizesnoticias.com.br\/?p=6527#breadcrumb\",\"itemListElement\":[{\"@type\":\"ListItem\",\"position\":1,\"name\":\"In\u00edcio\",\"item\":\"https:\/\/portalraizesnoticias.com.br\/\"},{\"@type\":\"ListItem\",\"position\":2,\"name\":\"Coit\u00e9: Jovem morre eletrocutado em cerca no distrito de S\u00e3o Jo\u00e3o\"}]},{\"@type\":\"WebSite\",\"@id\":\"https:\/\/portalraizesnoticias.com.br\/#website\",\"url\":\"https:\/\/portalraizesnoticias.com.br\/\",\"name\":\"Portal raizes NOTICIAS\",\"description\":\"site de noticias de concei\u00e7\u00e3o do coit\u00e9 e regi\u00e3o\",\"publisher\":{\"@id\":\"https:\/\/portalraizesnoticias.com.br\/#organization\"},\"alternateName\":\"PORTAL RAIZES COIT\u00c9\",\"potentialAction\":[{\"@type\":\"SearchAction\",\"target\":{\"@type\":\"EntryPoint\",\"urlTemplate\":\"https:\/\/portalraizesnoticias.com.br\/?s={search_term_string}\"},\"query-input\":{\"@type\":\"PropertyValueSpecification\",\"valueRequired\":true,\"valueName\":\"search_term_string\"}}],\"inLanguage\":\"pt-BR\"},{\"@type\":\"Organization\",\"@id\":\"https:\/\/portalraizesnoticias.com.br\/#organization\",\"name\":\"Portal raizes NOTICIAS\",\"url\":\"https:\/\/portalraizesnoticias.com.br\/\",\"logo\":{\"@type\":\"ImageObject\",\"inLanguage\":\"pt-BR\",\"@id\":\"https:\/\/portalraizesnoticias.com.br\/#\/schema\/logo\/image\/\",\"url\":\"https:\/\/portalraizesnoticias.com.br\/wp-content\/uploads\/2024\/09\/cropped-Captura-de-tela-2024-09-08-011108.png\",\"contentUrl\":\"https:\/\/portalraizesnoticias.com.br\/wp-content\/uploads\/2024\/09\/cropped-Captura-de-tela-2024-09-08-011108.png\",\"width\":606,\"height\":173,\"caption\":\"Portal raizes NOTICIAS\"},\"image\":{\"@id\":\"https:\/\/portalraizesnoticias.com.br\/#\/schema\/logo\/image\/\"}},{\"@type\":\"Person\",\"@id\":\"https:\/\/portalraizesnoticias.com.br\/#\/schema\/person\/a3ca6b0fc701e78df19756c417d943ae\",\"name\":\"Portal Raizes\",\"image\":{\"@type\":\"ImageObject\",\"inLanguage\":\"pt-BR\",\"@id\":\"https:\/\/portalraizesnoticias.com.br\/#\/schema\/person\/image\/\",\"url\":\"https:\/\/secure.gravatar.com\/avatar\/ef450d29013a3d3fba867a12a249d7b1?s=96&d=mm&r=g\",\"contentUrl\":\"https:\/\/secure.gravatar.com\/avatar\/ef450d29013a3d3fba867a12a249d7b1?s=96&d=mm&r=g\",\"caption\":\"Portal Raizes\"},\"url\":\"https:\/\/portalraizesnoticias.com.br\/?author=3\"}]}<\/script>\n<!-- \/ Yoast SEO plugin. -->","yoast_head_json":{"title":"Coit\u00e9: Jovem morre eletrocutado em cerca no distrito de S\u00e3o Jo\u00e3o - Portal raizes noticias","robots":{"index":"index","follow":"follow","max-snippet":"max-snippet:-1","max-image-preview":"max-image-preview:large","max-video-preview":"max-video-preview:-1"},"canonical":"https:\/\/portalraizesnoticias.com.br\/?p=6527","og_locale":"pt_BR","og_type":"article","og_title":"Coit\u00e9: Jovem morre eletrocutado em cerca no distrito de S\u00e3o Jo\u00e3o - Portal raizes noticias","og_description":"Um homem foi encontrado morto na manh\u00e3 desta segunda-feira (12), no distrito de S\u00e3o Jo\u00e3o, em Concei\u00e7\u00e3o do Coit\u00e9, regi\u00e3o sisaleira da Bahia. De acordo com informa\u00e7\u00f5es apuradas pela jornalista Rafaela Rodrigues junto \u00e0 pol\u00edcia, uma guarni\u00e7\u00e3o foi acionada via CICOM com a informa\u00e7\u00e3o de que Luciano Jos\u00e9 de Souza, de 24 anos, havia sofrido uma descarga el\u00e9trica e estava em \u00f3bito no local. A morte foi confirmada com a chegada dos agentes. Populares relataram que a v\u00edtima teria encostado em uma cerca que estava energizada no momento da trag\u00e9dia. O Departamento de Pol\u00edcia T\u00e9cnica (DPT) foi acionado para realizar os procedimentos necess\u00e1rios. A Pol\u00edcia Militar realizou o isolamento da \u00e1rea at\u00e9 a remo\u00e7\u00e3o do corpo pela equipe t\u00e9cnica. Informa\u00e7\u00f5es preliminares d\u00e3o conta que um indiv\u00edduo colocou uma instala\u00e7\u00e3o conhecida como &#8220;gato de energia&#8221; pr\u00f3ximo a cerca. Com o tempo chuvoso, a rede el\u00e9trica entrou em contato com a cerca, energizando toda a estrutura. Al\u00e9m do rapaz, um cavalo tamb\u00e9m foi atingido pela rede el\u00e9trica e tamb\u00e9m n\u00e3o resistiu. Somente uma per\u00edcia poder\u00e1 confirmar os fatos. Reda\u00e7\u00e3o Portal Ra\u00edzes Foto: Rede Social","og_url":"https:\/\/portalraizesnoticias.com.br\/?p=6527","og_site_name":"Portal raizes noticias","article_published_time":"2025-05-12T13:05:51+00:00","article_modified_time":"2025-05-12T14:09:01+00:00","og_image":[{"width":1059,"height":1600,"url":"https:\/\/portalraizesnoticias.com.br\/wp-content\/uploads\/2025\/05\/IMG-20250512-WA0051.jpg","type":"image\/jpeg"}],"author":"Portal Raizes","twitter_card":"summary_large_image","twitter_misc":{"Escrito por":"Portal Raizes","Est. tempo de leitura":"2 minutos"},"schema":{"@context":"https:\/\/schema.org","@graph":[{"@type":"Article","@id":"https:\/\/portalraizesnoticias.com.br\/?p=6527#article","isPartOf":{"@id":"https:\/\/portalraizesnoticias.com.br\/?p=6527"},"author":{"name":"Portal Raizes","@id":"https:\/\/portalraizesnoticias.com.br\/#\/schema\/person\/a3ca6b0fc701e78df19756c417d943ae"},"headline":"Coit\u00e9: Jovem morre eletrocutado em cerca no distrito de S\u00e3o Jo\u00e3o","datePublished":"2025-05-12T13:05:51+00:00","dateModified":"2025-05-12T14:09:01+00:00","mainEntityOfPage":{"@id":"https:\/\/portalraizesnoticias.com.br\/?p=6527"},"wordCount":223,"commentCount":0,"publisher":{"@id":"https:\/\/portalraizesnoticias.com.br\/#organization"},"image":{"@id":"https:\/\/portalraizesnoticias.com.br\/?p=6527#primaryimage"},"thumbnailUrl":"https:\/\/portalraizesnoticias.com.br\/wp-content\/uploads\/2025\/05\/IMG-20250512-WA0051.jpg","keywords":["Coit\u00e9","Eletrocutado","Jovem","Morre"],"articleSection":["ACIDENTES","DESTAQUES","ULTIMAS NOTICIAS"],"inLanguage":"pt-BR","potentialAction":[{"@type":"CommentAction","name":"Comment","target":["https:\/\/portalraizesnoticias.com.br\/?p=6527#respond"]}]},{"@type":"WebPage","@id":"https:\/\/portalraizesnoticias.com.br\/?p=6527","url":"https:\/\/portalraizesnoticias.com.br\/?p=6527","name":"Coit\u00e9: Jovem morre eletrocutado em cerca no distrito de S\u00e3o Jo\u00e3o - Portal raizes noticias","isPartOf":{"@id":"https:\/\/portalraizesnoticias.com.br\/#website"},"primaryImageOfPage":{"@id":"https:\/\/portalraizesnoticias.com.br\/?p=6527#primaryimage"},"image":{"@id":"https:\/\/portalraizesnoticias.com.br\/?p=6527#primaryimage"},"thumbnailUrl":"https:\/\/portalraizesnoticias.com.br\/wp-content\/uploads\/2025\/05\/IMG-20250512-WA0051.jpg","datePublished":"2025-05-12T13:05:51+00:00","dateModified":"2025-05-12T14:09:01+00:00","breadcrumb":{"@id":"https:\/\/portalraizesnoticias.com.br\/?p=6527#breadcrumb"},"inLanguage":"pt-BR","potentialAction":[{"@type":"ReadAction","target":["https:\/\/portalraizesnoticias.com.br\/?p=6527"]}]},{"@type":"ImageObject","inLanguage":"pt-BR","@id":"https:\/\/portalraizesnoticias.com.br\/?p=6527#primaryimage","url":"https:\/\/portalraizesnoticias.com.br\/wp-content\/uploads\/2025\/05\/IMG-20250512-WA0051.jpg","contentUrl":"https:\/\/portalraizesnoticias.com.br\/wp-content\/uploads\/2025\/05\/IMG-20250512-WA0051.jpg","width":1059,"height":1600},{"@type":"BreadcrumbList","@id":"https:\/\/portalraizesnoticias.com.br\/?p=6527#breadcrumb","itemListElement":[{"@type":"ListItem","position":1,"name":"In\u00edcio","item":"https:\/\/portalraizesnoticias.com.br\/"},{"@type":"ListItem","position":2,"name":"Coit\u00e9: Jovem morre eletrocutado em cerca no distrito de S\u00e3o Jo\u00e3o"}]},{"@type":"WebSite","@id":"https:\/\/portalraizesnoticias.com.br\/#website","url":"https:\/\/portalraizesnoticias.com.br\/","name":"Portal raizes NOTICIAS","description":"site de noticias de concei\u00e7\u00e3o do coit\u00e9 e regi\u00e3o","publisher":{"@id":"https:\/\/portalraizesnoticias.com.br\/#organization"},"alternateName":"PORTAL RAIZES COIT\u00c9","potentialAction":[{"@type":"SearchAction","target":{"@type":"EntryPoint","urlTemplate":"https:\/\/portalraizesnoticias.com.br\/?s={search_term_string}"},"query-input":{"@type":"PropertyValueSpecification","valueRequired":true,"valueName":"search_term_string"}}],"inLanguage":"pt-BR"},{"@type":"Organization","@id":"https:\/\/portalraizesnoticias.com.br\/#organization","name":"Portal raizes NOTICIAS","url":"https:\/\/portalraizesnoticias.com.br\/","logo":{"@type":"ImageObject","inLanguage":"pt-BR","@id":"https:\/\/portalraizesnoticias.com.br\/#\/schema\/logo\/image\/","url":"https:\/\/portalraizesnoticias.com.br\/wp-content\/uploads\/2024\/09\/cropped-Captura-de-tela-2024-09-08-011108.png","contentUrl":"https:\/\/portalraizesnoticias.com.br\/wp-content\/uploads\/2024\/09\/cropped-Captura-de-tela-2024-09-08-011108.png","width":606,"height":173,"caption":"Portal raizes NOTICIAS"},"image":{"@id":"https:\/\/portalraizesnoticias.com.br\/#\/schema\/logo\/image\/"}},{"@type":"Person","@id":"https:\/\/portalraizesnoticias.com.br\/#\/schema\/person\/a3ca6b0fc701e78df19756c417d943ae","name":"Portal Raizes","image":{"@type":"ImageObject","inLanguage":"pt-BR","@id":"https:\/\/portalraizesnoticias.com.br\/#\/schema\/person\/image\/","url":"https:\/\/secure.gravatar.com\/avatar\/ef450d29013a3d3fba867a12a249d7b1?s=96&d=mm&r=g","contentUrl":"https:\/\/secure.gravatar.com\/avatar\/ef450d29013a3d3fba867a12a249d7b1?s=96&d=mm&r=g","caption":"Portal Raizes"},"url":"https:\/\/portalraizesnoticias.com.br\/?author=3"}]}},"_links":{"self":[{"href":"https:\/\/portalraizesnoticias.com.br\/index.php?rest_route=\/wp\/v2\/posts\/6527"}],"collection":[{"href":"https:\/\/portalraizesnoticias.com.br\/index.php?rest_route=\/wp\/v2\/posts"}],"about":[{"href":"https:\/\/portalraizesnoticias.com.br\/index.php?rest_route=\/wp\/v2\/types\/post"}],"author":[{"embeddable":true,"href":"https:\/\/portalraizesnoticias.com.br\/index.php?rest_route=\/wp\/v2\/users\/3"}],"replies":[{"embeddable":true,"href":"https:\/\/portalraizesnoticias.com.br\/index.php?rest_route=%2Fwp%2Fv2%2Fcomments&post=6527"}],"version-history":[{"count":3,"href":"https:\/\/portalraizesnoticias.com.br\/index.php?rest_route=\/wp\/v2\/posts\/6527\/revisions"}],"predecessor-version":[{"id":6532,"href":"https:\/\/portalraizesnoticias.com.br\/index.php?rest_route=\/wp\/v2\/posts\/6527\/revisions\/6532"}],"wp:featuredmedia":[{"embeddable":true,"href":"https:\/\/portalraizesnoticias.com.br\/index.php?rest_route=\/wp\/v2\/media\/6528"}],"wp:attachment":[{"href":"https:\/\/portalraizesnoticias.com.br\/index.php?rest_route=%2Fwp%2Fv2%2Fmedia&parent=6527"}],"wp:term":[{"taxonomy":"category","embeddable":true,"href":"https:\/\/portalraizesnoticias.com.br\/index.php?rest_route=%2Fwp%2Fv2%2Fcategories&post=6527"},{"taxonomy":"post_tag","embeddable":true,"href":"https:\/\/portalraizesnoticias.com.br\/index.php?rest_route=%2Fwp%2Fv2%2Ftags&post=6527"}],"curies":[{"name":"wp","href":"https:\/\/api.w.org\/{rel}","templated":true}]}}