{"id":6450,"date":"2025-05-10T19:46:00","date_gmt":"2025-05-10T22:46:00","guid":{"rendered":"https:\/\/portalraizesnoticias.com.br\/?p=6450"},"modified":"2025-05-10T19:46:01","modified_gmt":"2025-05-10T22:46:01","slug":"coite-x-retirolandia-homem-e-arremessado-apos-motorista-colidir-na-traseira-da-moto-na-ba-120-condutor-do-carro-fugiu-do-local","status":"publish","type":"post","link":"https:\/\/portalraizesnoticias.com.br\/?p=6450","title":{"rendered":"(Coit\u00e9 x Retirol\u00e2ndia): Homem \u00e9 arremessado ap\u00f3s motorista colidir na traseira da moto na BA-120; condutor do carro fugiu do local"},"content":{"rendered":"<p>Por volta das 18h50 deste s\u00e1bado (10), um acidente foi registrado na BA-120, no trecho entre Concei\u00e7\u00e3o do Coit\u00e9 e Retirol\u00e2ndia.<\/p>\n<p>Segundo informa\u00e7\u00f5es apuradas pela jornalista Rafaela Rodrigues, Juscelino da Silva Alves, de 40 anos, conduzia uma motocicleta quando foi atingido na traseira por um ve\u00edculo, sendo arremessado ao solo com o impacto.<\/p>\n<p>De acordo com o coordenador da equipe \u00c1guia Resgate, Gildo Carneiro, Juscelino foi encontrado consciente, com v\u00e1rias escoria\u00e7\u00f5es pelo corpo e lacera\u00e7\u00e3o nos bra\u00e7os. Ele recebeu os primeiros socorros no local e foi encaminhado ao Hospital Portugu\u00eas de Coit\u00e9.<\/p>\n<p>O motorista do carro fugiu do local sem prestar socorro.<\/p>\n<p>Reda\u00e7\u00e3o Portal Ra\u00edzes<\/p>\n<p>Informa\u00e7\u00f5es e fotos \u00c1guia Resgate<\/p>\n","protected":false},"excerpt":{"rendered":"<p>Por volta das 18h50 deste s\u00e1bado (10), um acidente foi registrado na BA-120, no trecho entre Concei\u00e7\u00e3o do Coit\u00e9 e Retirol\u00e2ndia. Segundo informa\u00e7\u00f5es apuradas pela jornalista Rafaela Rodrigues, Juscelino da Silva Alves, de 40 anos, conduzia uma motocicleta quando foi atingido na traseira por um ve\u00edculo, sendo arremessado ao solo com o impacto. De acordo com o coordenador da equipe \u00c1guia Resgate, Gildo Carneiro, Juscelino foi encontrado consciente, com v\u00e1rias escoria\u00e7\u00f5es pelo corpo e lacera\u00e7\u00e3o nos bra\u00e7os. Ele recebeu os primeiros socorros no local e foi encaminhado ao Hospital Portugu\u00eas de Coit\u00e9. O motorista do carro fugiu do local sem prestar socorro. Reda\u00e7\u00e3o Portal Ra\u00edzes Informa\u00e7\u00f5es e fotos \u00c1guia Resgate<\/p>\n","protected":false},"author":3,"featured_media":6451,"comment_status":"open","ping_status":"open","sticky":false,"template":"","format":"standard","meta":{"_joinchat":[],"footnotes":""},"categories":[58,55,59],"tags":[820,75,142],"class_list":["post-6450","post","type-post","status-publish","format-standard","has-post-thumbnail","hentry","category-acidentes","category-destaques","category-ultimas-noticias","tag-arremessado","tag-coite","tag-homem"],"yoast_head":"<!-- This site is optimized with the Yoast SEO plugin v24.4 - https:\/\/yoast.com\/wordpress\/plugins\/seo\/ -->\n<title>(Coit\u00e9 x Retirol\u00e2ndia): Homem \u00e9 arremessado ap\u00f3s motorista colidir na traseira da moto na BA-120; condutor do carro fugiu do local - Portal raizes noticias<\/title>\n<meta name=\"robots\" content=\"index, follow, max-snippet:-1, max-image-preview:large, max-video-preview:-1\" \/>\n<link rel=\"canonical\" href=\"https:\/\/portalraizesnoticias.com.br\/?p=6450\" \/>\n<meta property=\"og:locale\" content=\"pt_BR\" \/>\n<meta property=\"og:type\" content=\"article\" \/>\n<meta property=\"og:title\" content=\"(Coit\u00e9 x Retirol\u00e2ndia): Homem \u00e9 arremessado ap\u00f3s motorista colidir na traseira da moto na BA-120; condutor do carro fugiu do local - Portal raizes noticias\" \/>\n<meta property=\"og:description\" content=\"Por volta das 18h50 deste s\u00e1bado (10), um acidente foi registrado na BA-120, no trecho entre Concei\u00e7\u00e3o do Coit\u00e9 e Retirol\u00e2ndia. Segundo informa\u00e7\u00f5es apuradas pela jornalista Rafaela Rodrigues, Juscelino da Silva Alves, de 40 anos, conduzia uma motocicleta quando foi atingido na traseira por um ve\u00edculo, sendo arremessado ao solo com o impacto. De acordo com o coordenador da equipe \u00c1guia Resgate, Gildo Carneiro, Juscelino foi encontrado consciente, com v\u00e1rias escoria\u00e7\u00f5es pelo corpo e lacera\u00e7\u00e3o nos bra\u00e7os. Ele recebeu os primeiros socorros no local e foi encaminhado ao Hospital Portugu\u00eas de Coit\u00e9. O motorista do carro fugiu do local sem prestar socorro. Reda\u00e7\u00e3o Portal Ra\u00edzes Informa\u00e7\u00f5es e fotos \u00c1guia Resgate\" \/>\n<meta property=\"og:url\" content=\"https:\/\/portalraizesnoticias.com.br\/?p=6450\" \/>\n<meta property=\"og:site_name\" content=\"Portal raizes noticias\" \/>\n<meta property=\"article:published_time\" content=\"2025-05-10T22:46:00+00:00\" \/>\n<meta property=\"article:modified_time\" content=\"2025-05-10T22:46:01+00:00\" \/>\n<meta property=\"og:image\" content=\"https:\/\/portalraizesnoticias.com.br\/wp-content\/uploads\/2025\/05\/IMG-20250510-WA0328.jpg\" \/>\n\t<meta property=\"og:image:width\" content=\"1600\" \/>\n\t<meta property=\"og:image:height\" content=\"1200\" \/>\n\t<meta property=\"og:image:type\" content=\"image\/jpeg\" \/>\n<meta name=\"author\" content=\"Portal Raizes\" \/>\n<meta name=\"twitter:card\" content=\"summary_large_image\" \/>\n<meta name=\"twitter:label1\" content=\"Escrito por\" \/>\n\t<meta name=\"twitter:data1\" content=\"Portal Raizes\" \/>\n\t<meta name=\"twitter:label2\" content=\"Est. tempo de leitura\" \/>\n\t<meta name=\"twitter:data2\" content=\"1 minuto\" \/>\n<script type=\"application\/ld+json\" class=\"yoast-schema-graph\">{\"@context\":\"https:\/\/schema.org\",\"@graph\":[{\"@type\":\"Article\",\"@id\":\"https:\/\/portalraizesnoticias.com.br\/?p=6450#article\",\"isPartOf\":{\"@id\":\"https:\/\/portalraizesnoticias.com.br\/?p=6450\"},\"author\":{\"name\":\"Portal Raizes\",\"@id\":\"https:\/\/portalraizesnoticias.com.br\/#\/schema\/person\/a3ca6b0fc701e78df19756c417d943ae\"},\"headline\":\"(Coit\u00e9 x Retirol\u00e2ndia): Homem \u00e9 arremessado ap\u00f3s motorista colidir na traseira da moto na BA-120; condutor do carro fugiu do local\",\"datePublished\":\"2025-05-10T22:46:00+00:00\",\"dateModified\":\"2025-05-10T22:46:01+00:00\",\"mainEntityOfPage\":{\"@id\":\"https:\/\/portalraizesnoticias.com.br\/?p=6450\"},\"wordCount\":143,\"commentCount\":0,\"publisher\":{\"@id\":\"https:\/\/portalraizesnoticias.com.br\/#organization\"},\"image\":{\"@id\":\"https:\/\/portalraizesnoticias.com.br\/?p=6450#primaryimage\"},\"thumbnailUrl\":\"https:\/\/portalraizesnoticias.com.br\/wp-content\/uploads\/2025\/05\/IMG-20250510-WA0328.jpg\",\"keywords\":[\"Arremessado\",\"Coit\u00e9\",\"Homem\"],\"articleSection\":[\"ACIDENTES\",\"DESTAQUES\",\"ULTIMAS NOTICIAS\"],\"inLanguage\":\"pt-BR\",\"potentialAction\":[{\"@type\":\"CommentAction\",\"name\":\"Comment\",\"target\":[\"https:\/\/portalraizesnoticias.com.br\/?p=6450#respond\"]}]},{\"@type\":\"WebPage\",\"@id\":\"https:\/\/portalraizesnoticias.com.br\/?p=6450\",\"url\":\"https:\/\/portalraizesnoticias.com.br\/?p=6450\",\"name\":\"(Coit\u00e9 x Retirol\u00e2ndia): Homem \u00e9 arremessado ap\u00f3s motorista colidir na traseira da moto na BA-120; condutor do carro fugiu do local - Portal raizes noticias\",\"isPartOf\":{\"@id\":\"https:\/\/portalraizesnoticias.com.br\/#website\"},\"primaryImageOfPage\":{\"@id\":\"https:\/\/portalraizesnoticias.com.br\/?p=6450#primaryimage\"},\"image\":{\"@id\":\"https:\/\/portalraizesnoticias.com.br\/?p=6450#primaryimage\"},\"thumbnailUrl\":\"https:\/\/portalraizesnoticias.com.br\/wp-content\/uploads\/2025\/05\/IMG-20250510-WA0328.jpg\",\"datePublished\":\"2025-05-10T22:46:00+00:00\",\"dateModified\":\"2025-05-10T22:46:01+00:00\",\"breadcrumb\":{\"@id\":\"https:\/\/portalraizesnoticias.com.br\/?p=6450#breadcrumb\"},\"inLanguage\":\"pt-BR\",\"potentialAction\":[{\"@type\":\"ReadAction\",\"target\":[\"https:\/\/portalraizesnoticias.com.br\/?p=6450\"]}]},{\"@type\":\"ImageObject\",\"inLanguage\":\"pt-BR\",\"@id\":\"https:\/\/portalraizesnoticias.com.br\/?p=6450#primaryimage\",\"url\":\"https:\/\/portalraizesnoticias.com.br\/wp-content\/uploads\/2025\/05\/IMG-20250510-WA0328.jpg\",\"contentUrl\":\"https:\/\/portalraizesnoticias.com.br\/wp-content\/uploads\/2025\/05\/IMG-20250510-WA0328.jpg\",\"width\":1600,\"height\":1200},{\"@type\":\"BreadcrumbList\",\"@id\":\"https:\/\/portalraizesnoticias.com.br\/?p=6450#breadcrumb\",\"itemListElement\":[{\"@type\":\"ListItem\",\"position\":1,\"name\":\"In\u00edcio\",\"item\":\"https:\/\/portalraizesnoticias.com.br\/\"},{\"@type\":\"ListItem\",\"position\":2,\"name\":\"(Coit\u00e9 x Retirol\u00e2ndia): Homem \u00e9 arremessado ap\u00f3s motorista colidir na traseira da moto na BA-120; condutor do carro fugiu do local\"}]},{\"@type\":\"WebSite\",\"@id\":\"https:\/\/portalraizesnoticias.com.br\/#website\",\"url\":\"https:\/\/portalraizesnoticias.com.br\/\",\"name\":\"Portal raizes NOTICIAS\",\"description\":\"site de noticias de concei\u00e7\u00e3o do coit\u00e9 e regi\u00e3o\",\"publisher\":{\"@id\":\"https:\/\/portalraizesnoticias.com.br\/#organization\"},\"alternateName\":\"PORTAL RAIZES COIT\u00c9\",\"potentialAction\":[{\"@type\":\"SearchAction\",\"target\":{\"@type\":\"EntryPoint\",\"urlTemplate\":\"https:\/\/portalraizesnoticias.com.br\/?s={search_term_string}\"},\"query-input\":{\"@type\":\"PropertyValueSpecification\",\"valueRequired\":true,\"valueName\":\"search_term_string\"}}],\"inLanguage\":\"pt-BR\"},{\"@type\":\"Organization\",\"@id\":\"https:\/\/portalraizesnoticias.com.br\/#organization\",\"name\":\"Portal raizes NOTICIAS\",\"url\":\"https:\/\/portalraizesnoticias.com.br\/\",\"logo\":{\"@type\":\"ImageObject\",\"inLanguage\":\"pt-BR\",\"@id\":\"https:\/\/portalraizesnoticias.com.br\/#\/schema\/logo\/image\/\",\"url\":\"https:\/\/portalraizesnoticias.com.br\/wp-content\/uploads\/2024\/09\/cropped-Captura-de-tela-2024-09-08-011108.png\",\"contentUrl\":\"https:\/\/portalraizesnoticias.com.br\/wp-content\/uploads\/2024\/09\/cropped-Captura-de-tela-2024-09-08-011108.png\",\"width\":606,\"height\":173,\"caption\":\"Portal raizes NOTICIAS\"},\"image\":{\"@id\":\"https:\/\/portalraizesnoticias.com.br\/#\/schema\/logo\/image\/\"}},{\"@type\":\"Person\",\"@id\":\"https:\/\/portalraizesnoticias.com.br\/#\/schema\/person\/a3ca6b0fc701e78df19756c417d943ae\",\"name\":\"Portal Raizes\",\"image\":{\"@type\":\"ImageObject\",\"inLanguage\":\"pt-BR\",\"@id\":\"https:\/\/portalraizesnoticias.com.br\/#\/schema\/person\/image\/\",\"url\":\"https:\/\/secure.gravatar.com\/avatar\/ef450d29013a3d3fba867a12a249d7b1?s=96&d=mm&r=g\",\"contentUrl\":\"https:\/\/secure.gravatar.com\/avatar\/ef450d29013a3d3fba867a12a249d7b1?s=96&d=mm&r=g\",\"caption\":\"Portal Raizes\"},\"url\":\"https:\/\/portalraizesnoticias.com.br\/?author=3\"}]}<\/script>\n<!-- \/ Yoast SEO plugin. -->","yoast_head_json":{"title":"(Coit\u00e9 x Retirol\u00e2ndia): Homem \u00e9 arremessado ap\u00f3s motorista colidir na traseira da moto na BA-120; condutor do carro fugiu do local - Portal raizes noticias","robots":{"index":"index","follow":"follow","max-snippet":"max-snippet:-1","max-image-preview":"max-image-preview:large","max-video-preview":"max-video-preview:-1"},"canonical":"https:\/\/portalraizesnoticias.com.br\/?p=6450","og_locale":"pt_BR","og_type":"article","og_title":"(Coit\u00e9 x Retirol\u00e2ndia): Homem \u00e9 arremessado ap\u00f3s motorista colidir na traseira da moto na BA-120; condutor do carro fugiu do local - Portal raizes noticias","og_description":"Por volta das 18h50 deste s\u00e1bado (10), um acidente foi registrado na BA-120, no trecho entre Concei\u00e7\u00e3o do Coit\u00e9 e Retirol\u00e2ndia. Segundo informa\u00e7\u00f5es apuradas pela jornalista Rafaela Rodrigues, Juscelino da Silva Alves, de 40 anos, conduzia uma motocicleta quando foi atingido na traseira por um ve\u00edculo, sendo arremessado ao solo com o impacto. De acordo com o coordenador da equipe \u00c1guia Resgate, Gildo Carneiro, Juscelino foi encontrado consciente, com v\u00e1rias escoria\u00e7\u00f5es pelo corpo e lacera\u00e7\u00e3o nos bra\u00e7os. Ele recebeu os primeiros socorros no local e foi encaminhado ao Hospital Portugu\u00eas de Coit\u00e9. O motorista do carro fugiu do local sem prestar socorro. Reda\u00e7\u00e3o Portal Ra\u00edzes Informa\u00e7\u00f5es e fotos \u00c1guia Resgate","og_url":"https:\/\/portalraizesnoticias.com.br\/?p=6450","og_site_name":"Portal raizes noticias","article_published_time":"2025-05-10T22:46:00+00:00","article_modified_time":"2025-05-10T22:46:01+00:00","og_image":[{"width":1600,"height":1200,"url":"https:\/\/portalraizesnoticias.com.br\/wp-content\/uploads\/2025\/05\/IMG-20250510-WA0328.jpg","type":"image\/jpeg"}],"author":"Portal Raizes","twitter_card":"summary_large_image","twitter_misc":{"Escrito por":"Portal Raizes","Est. tempo de leitura":"1 minuto"},"schema":{"@context":"https:\/\/schema.org","@graph":[{"@type":"Article","@id":"https:\/\/portalraizesnoticias.com.br\/?p=6450#article","isPartOf":{"@id":"https:\/\/portalraizesnoticias.com.br\/?p=6450"},"author":{"name":"Portal Raizes","@id":"https:\/\/portalraizesnoticias.com.br\/#\/schema\/person\/a3ca6b0fc701e78df19756c417d943ae"},"headline":"(Coit\u00e9 x Retirol\u00e2ndia): Homem \u00e9 arremessado ap\u00f3s motorista colidir na traseira da moto na BA-120; condutor do carro fugiu do local","datePublished":"2025-05-10T22:46:00+00:00","dateModified":"2025-05-10T22:46:01+00:00","mainEntityOfPage":{"@id":"https:\/\/portalraizesnoticias.com.br\/?p=6450"},"wordCount":143,"commentCount":0,"publisher":{"@id":"https:\/\/portalraizesnoticias.com.br\/#organization"},"image":{"@id":"https:\/\/portalraizesnoticias.com.br\/?p=6450#primaryimage"},"thumbnailUrl":"https:\/\/portalraizesnoticias.com.br\/wp-content\/uploads\/2025\/05\/IMG-20250510-WA0328.jpg","keywords":["Arremessado","Coit\u00e9","Homem"],"articleSection":["ACIDENTES","DESTAQUES","ULTIMAS NOTICIAS"],"inLanguage":"pt-BR","potentialAction":[{"@type":"CommentAction","name":"Comment","target":["https:\/\/portalraizesnoticias.com.br\/?p=6450#respond"]}]},{"@type":"WebPage","@id":"https:\/\/portalraizesnoticias.com.br\/?p=6450","url":"https:\/\/portalraizesnoticias.com.br\/?p=6450","name":"(Coit\u00e9 x Retirol\u00e2ndia): Homem \u00e9 arremessado ap\u00f3s motorista colidir na traseira da moto na BA-120; condutor do carro fugiu do local - Portal raizes noticias","isPartOf":{"@id":"https:\/\/portalraizesnoticias.com.br\/#website"},"primaryImageOfPage":{"@id":"https:\/\/portalraizesnoticias.com.br\/?p=6450#primaryimage"},"image":{"@id":"https:\/\/portalraizesnoticias.com.br\/?p=6450#primaryimage"},"thumbnailUrl":"https:\/\/portalraizesnoticias.com.br\/wp-content\/uploads\/2025\/05\/IMG-20250510-WA0328.jpg","datePublished":"2025-05-10T22:46:00+00:00","dateModified":"2025-05-10T22:46:01+00:00","breadcrumb":{"@id":"https:\/\/portalraizesnoticias.com.br\/?p=6450#breadcrumb"},"inLanguage":"pt-BR","potentialAction":[{"@type":"ReadAction","target":["https:\/\/portalraizesnoticias.com.br\/?p=6450"]}]},{"@type":"ImageObject","inLanguage":"pt-BR","@id":"https:\/\/portalraizesnoticias.com.br\/?p=6450#primaryimage","url":"https:\/\/portalraizesnoticias.com.br\/wp-content\/uploads\/2025\/05\/IMG-20250510-WA0328.jpg","contentUrl":"https:\/\/portalraizesnoticias.com.br\/wp-content\/uploads\/2025\/05\/IMG-20250510-WA0328.jpg","width":1600,"height":1200},{"@type":"BreadcrumbList","@id":"https:\/\/portalraizesnoticias.com.br\/?p=6450#breadcrumb","itemListElement":[{"@type":"ListItem","position":1,"name":"In\u00edcio","item":"https:\/\/portalraizesnoticias.com.br\/"},{"@type":"ListItem","position":2,"name":"(Coit\u00e9 x Retirol\u00e2ndia): Homem \u00e9 arremessado ap\u00f3s motorista colidir na traseira da moto na BA-120; condutor do carro fugiu do local"}]},{"@type":"WebSite","@id":"https:\/\/portalraizesnoticias.com.br\/#website","url":"https:\/\/portalraizesnoticias.com.br\/","name":"Portal raizes NOTICIAS","description":"site de noticias de concei\u00e7\u00e3o do coit\u00e9 e regi\u00e3o","publisher":{"@id":"https:\/\/portalraizesnoticias.com.br\/#organization"},"alternateName":"PORTAL RAIZES COIT\u00c9","potentialAction":[{"@type":"SearchAction","target":{"@type":"EntryPoint","urlTemplate":"https:\/\/portalraizesnoticias.com.br\/?s={search_term_string}"},"query-input":{"@type":"PropertyValueSpecification","valueRequired":true,"valueName":"search_term_string"}}],"inLanguage":"pt-BR"},{"@type":"Organization","@id":"https:\/\/portalraizesnoticias.com.br\/#organization","name":"Portal raizes NOTICIAS","url":"https:\/\/portalraizesnoticias.com.br\/","logo":{"@type":"ImageObject","inLanguage":"pt-BR","@id":"https:\/\/portalraizesnoticias.com.br\/#\/schema\/logo\/image\/","url":"https:\/\/portalraizesnoticias.com.br\/wp-content\/uploads\/2024\/09\/cropped-Captura-de-tela-2024-09-08-011108.png","contentUrl":"https:\/\/portalraizesnoticias.com.br\/wp-content\/uploads\/2024\/09\/cropped-Captura-de-tela-2024-09-08-011108.png","width":606,"height":173,"caption":"Portal raizes NOTICIAS"},"image":{"@id":"https:\/\/portalraizesnoticias.com.br\/#\/schema\/logo\/image\/"}},{"@type":"Person","@id":"https:\/\/portalraizesnoticias.com.br\/#\/schema\/person\/a3ca6b0fc701e78df19756c417d943ae","name":"Portal Raizes","image":{"@type":"ImageObject","inLanguage":"pt-BR","@id":"https:\/\/portalraizesnoticias.com.br\/#\/schema\/person\/image\/","url":"https:\/\/secure.gravatar.com\/avatar\/ef450d29013a3d3fba867a12a249d7b1?s=96&d=mm&r=g","contentUrl":"https:\/\/secure.gravatar.com\/avatar\/ef450d29013a3d3fba867a12a249d7b1?s=96&d=mm&r=g","caption":"Portal Raizes"},"url":"https:\/\/portalraizesnoticias.com.br\/?author=3"}]}},"_links":{"self":[{"href":"https:\/\/portalraizesnoticias.com.br\/index.php?rest_route=\/wp\/v2\/posts\/6450"}],"collection":[{"href":"https:\/\/portalraizesnoticias.com.br\/index.php?rest_route=\/wp\/v2\/posts"}],"about":[{"href":"https:\/\/portalraizesnoticias.com.br\/index.php?rest_route=\/wp\/v2\/types\/post"}],"author":[{"embeddable":true,"href":"https:\/\/portalraizesnoticias.com.br\/index.php?rest_route=\/wp\/v2\/users\/3"}],"replies":[{"embeddable":true,"href":"https:\/\/portalraizesnoticias.com.br\/index.php?rest_route=%2Fwp%2Fv2%2Fcomments&post=6450"}],"version-history":[{"count":1,"href":"https:\/\/portalraizesnoticias.com.br\/index.php?rest_route=\/wp\/v2\/posts\/6450\/revisions"}],"predecessor-version":[{"id":6452,"href":"https:\/\/portalraizesnoticias.com.br\/index.php?rest_route=\/wp\/v2\/posts\/6450\/revisions\/6452"}],"wp:featuredmedia":[{"embeddable":true,"href":"https:\/\/portalraizesnoticias.com.br\/index.php?rest_route=\/wp\/v2\/media\/6451"}],"wp:attachment":[{"href":"https:\/\/portalraizesnoticias.com.br\/index.php?rest_route=%2Fwp%2Fv2%2Fmedia&parent=6450"}],"wp:term":[{"taxonomy":"category","embeddable":true,"href":"https:\/\/portalraizesnoticias.com.br\/index.php?rest_route=%2Fwp%2Fv2%2Fcategories&post=6450"},{"taxonomy":"post_tag","embeddable":true,"href":"https:\/\/portalraizesnoticias.com.br\/index.php?rest_route=%2Fwp%2Fv2%2Ftags&post=6450"}],"curies":[{"name":"wp","href":"https:\/\/api.w.org\/{rel}","templated":true}]}}