{"id":6438,"date":"2025-05-10T17:19:19","date_gmt":"2025-05-10T20:19:19","guid":{"rendered":"https:\/\/portalraizesnoticias.com.br\/?p=6438"},"modified":"2025-05-10T17:29:22","modified_gmt":"2025-05-10T20:29:22","slug":"motociclista-e-arremessado-a-cerca-de-5-metros-ao-ser-atingido-por-carro-na-ba-409-em-conceicao-do-coite","status":"publish","type":"post","link":"https:\/\/portalraizesnoticias.com.br\/?p=6438","title":{"rendered":"Motociclista \u00e9 arremessado a cerca de 5 metros ao ser atingido por carro na BA-409, em Concei\u00e7\u00e3o do Coit\u00e9"},"content":{"rendered":"<p>Vinicius de Oliveira, de 19 anos, ficou ferido ap\u00f3s ser atingido por um ve\u00edculo enquanto conduzia uma motocicleta. O acidente ocorreu por volta das 16h20 deste s\u00e1bado (10), na BA-409, trecho entre Concei\u00e7\u00e3o do Coit\u00e9 e Serrinha, pr\u00f3ximo ao cruzamento para o distrito de Salgad\u00e1lia.<\/p>\n<p><img fetchpriority=\"high\" decoding=\"async\" class=\"size-medium wp-image-6445 aligncenter\" src=\"https:\/\/portalraizesnoticias.com.br\/wp-content\/uploads\/2025\/05\/IMG-20250510-WA0271-263x300.jpg\" alt=\"\" width=\"263\" height=\"300\" srcset=\"https:\/\/portalraizesnoticias.com.br\/wp-content\/uploads\/2025\/05\/IMG-20250510-WA0271-263x300.jpg 263w, https:\/\/portalraizesnoticias.com.br\/wp-content\/uploads\/2025\/05\/IMG-20250510-WA0271-768x877.jpg 768w, https:\/\/portalraizesnoticias.com.br\/wp-content\/uploads\/2025\/05\/IMG-20250510-WA0271.jpg 789w\" sizes=\"(max-width: 263px) 100vw, 263px\" \/><\/p>\n<p>De acordo com informa\u00e7\u00f5es apuradas por Rafaela Rodrigues, o jovem foi arremessado a cerca de cinco metros com o impacto da colis\u00e3o.<\/p>\n<p><img decoding=\"async\" class=\"size-medium wp-image-6447 aligncenter\" src=\"https:\/\/portalraizesnoticias.com.br\/wp-content\/uploads\/2025\/05\/IMG-20250510-WA0251-1-300x225.jpg\" alt=\"\" width=\"300\" height=\"225\" srcset=\"https:\/\/portalraizesnoticias.com.br\/wp-content\/uploads\/2025\/05\/IMG-20250510-WA0251-1-300x225.jpg 300w, https:\/\/portalraizesnoticias.com.br\/wp-content\/uploads\/2025\/05\/IMG-20250510-WA0251-1-1024x768.jpg 1024w, https:\/\/portalraizesnoticias.com.br\/wp-content\/uploads\/2025\/05\/IMG-20250510-WA0251-1-768x576.jpg 768w, https:\/\/portalraizesnoticias.com.br\/wp-content\/uploads\/2025\/05\/IMG-20250510-WA0251-1-1536x1152.jpg 1536w, https:\/\/portalraizesnoticias.com.br\/wp-content\/uploads\/2025\/05\/IMG-20250510-WA0251-1.jpg 1600w\" sizes=\"(max-width: 300px) 100vw, 300px\" \/><\/p>\n<p>Segundo o coordenador do \u00c1guia Resgate, Gildo Carneiro, Vinicius foi encontrado amparado por populares, consciente, com escoria\u00e7\u00f5es pelo corpo e uma fratura no bra\u00e7o.<\/p>\n<p>Ele foi socorrido e encaminhado ao Hospital Portugu\u00eas de Coit\u00e9.<\/p>\n<p>O motorista permaneceu na ocorr\u00eancia.<\/p>\n<p><em><strong>Reda\u00e7\u00e3o Portal Ra\u00edzes<\/strong><\/em><\/p>\n<p><em><strong>Informa\u00e7\u00f5es e fotos: \u00c1guia Resgate<\/strong><\/em><\/p>\n","protected":false},"excerpt":{"rendered":"<p>Vinicius de Oliveira, de 19 anos, ficou ferido ap\u00f3s ser atingido por um ve\u00edculo enquanto conduzia uma motocicleta. O acidente ocorreu por volta das 16h20 deste s\u00e1bado (10), na BA-409, trecho entre Concei\u00e7\u00e3o do Coit\u00e9 e Serrinha, pr\u00f3ximo ao cruzamento para o distrito de Salgad\u00e1lia. De acordo com informa\u00e7\u00f5es apuradas por Rafaela Rodrigues, o jovem foi arremessado a cerca de cinco metros com o impacto da colis\u00e3o. Segundo o coordenador do \u00c1guia Resgate, Gildo Carneiro, Vinicius foi encontrado amparado por populares, consciente, com escoria\u00e7\u00f5es pelo corpo e uma fratura no bra\u00e7o. Ele foi socorrido e encaminhado ao Hospital Portugu\u00eas de Coit\u00e9. O motorista permaneceu na ocorr\u00eancia. Reda\u00e7\u00e3o Portal Ra\u00edzes Informa\u00e7\u00f5es e fotos: \u00c1guia Resgate<\/p>\n","protected":false},"author":3,"featured_media":6443,"comment_status":"open","ping_status":"open","sticky":false,"template":"","format":"standard","meta":{"_joinchat":[],"footnotes":""},"categories":[58,55,59],"tags":[191,80,142],"class_list":["post-6438","post","type-post","status-publish","format-standard","has-post-thumbnail","hentry","category-acidentes","category-destaques","category-ultimas-noticias","tag-ba409","tag-ferido","tag-homem"],"yoast_head":"<!-- This site is optimized with the Yoast SEO plugin v24.4 - https:\/\/yoast.com\/wordpress\/plugins\/seo\/ -->\n<title>Motociclista \u00e9 arremessado a cerca de 5 metros ao ser atingido por carro na BA-409, em Concei\u00e7\u00e3o do Coit\u00e9 - Portal raizes noticias<\/title>\n<meta name=\"robots\" content=\"index, follow, max-snippet:-1, max-image-preview:large, max-video-preview:-1\" \/>\n<link rel=\"canonical\" href=\"https:\/\/portalraizesnoticias.com.br\/?p=6438\" \/>\n<meta property=\"og:locale\" content=\"pt_BR\" \/>\n<meta property=\"og:type\" content=\"article\" \/>\n<meta property=\"og:title\" content=\"Motociclista \u00e9 arremessado a cerca de 5 metros ao ser atingido por carro na BA-409, em Concei\u00e7\u00e3o do Coit\u00e9 - Portal raizes noticias\" \/>\n<meta property=\"og:description\" content=\"Vinicius de Oliveira, de 19 anos, ficou ferido ap\u00f3s ser atingido por um ve\u00edculo enquanto conduzia uma motocicleta. O acidente ocorreu por volta das 16h20 deste s\u00e1bado (10), na BA-409, trecho entre Concei\u00e7\u00e3o do Coit\u00e9 e Serrinha, pr\u00f3ximo ao cruzamento para o distrito de Salgad\u00e1lia. De acordo com informa\u00e7\u00f5es apuradas por Rafaela Rodrigues, o jovem foi arremessado a cerca de cinco metros com o impacto da colis\u00e3o. Segundo o coordenador do \u00c1guia Resgate, Gildo Carneiro, Vinicius foi encontrado amparado por populares, consciente, com escoria\u00e7\u00f5es pelo corpo e uma fratura no bra\u00e7o. Ele foi socorrido e encaminhado ao Hospital Portugu\u00eas de Coit\u00e9. O motorista permaneceu na ocorr\u00eancia. Reda\u00e7\u00e3o Portal Ra\u00edzes Informa\u00e7\u00f5es e fotos: \u00c1guia Resgate\" \/>\n<meta property=\"og:url\" content=\"https:\/\/portalraizesnoticias.com.br\/?p=6438\" \/>\n<meta property=\"og:site_name\" content=\"Portal raizes noticias\" \/>\n<meta property=\"article:published_time\" content=\"2025-05-10T20:19:19+00:00\" \/>\n<meta property=\"article:modified_time\" content=\"2025-05-10T20:29:22+00:00\" \/>\n<meta property=\"og:image\" content=\"https:\/\/portalraizesnoticias.com.br\/wp-content\/uploads\/2025\/05\/IMG-20250510-WA0270.jpg\" \/>\n\t<meta property=\"og:image:width\" content=\"720\" \/>\n\t<meta property=\"og:image:height\" content=\"804\" \/>\n\t<meta property=\"og:image:type\" content=\"image\/jpeg\" \/>\n<meta name=\"author\" content=\"Portal Raizes\" \/>\n<meta name=\"twitter:card\" content=\"summary_large_image\" \/>\n<meta name=\"twitter:label1\" content=\"Escrito por\" \/>\n\t<meta name=\"twitter:data1\" content=\"Portal Raizes\" \/>\n\t<meta name=\"twitter:label2\" content=\"Est. tempo de leitura\" \/>\n\t<meta name=\"twitter:data2\" content=\"2 minutos\" \/>\n<script type=\"application\/ld+json\" class=\"yoast-schema-graph\">{\"@context\":\"https:\/\/schema.org\",\"@graph\":[{\"@type\":\"Article\",\"@id\":\"https:\/\/portalraizesnoticias.com.br\/?p=6438#article\",\"isPartOf\":{\"@id\":\"https:\/\/portalraizesnoticias.com.br\/?p=6438\"},\"author\":{\"name\":\"Portal Raizes\",\"@id\":\"https:\/\/portalraizesnoticias.com.br\/#\/schema\/person\/a3ca6b0fc701e78df19756c417d943ae\"},\"headline\":\"Motociclista \u00e9 arremessado a cerca de 5 metros ao ser atingido por carro na BA-409, em Concei\u00e7\u00e3o do Coit\u00e9\",\"datePublished\":\"2025-05-10T20:19:19+00:00\",\"dateModified\":\"2025-05-10T20:29:22+00:00\",\"mainEntityOfPage\":{\"@id\":\"https:\/\/portalraizesnoticias.com.br\/?p=6438\"},\"wordCount\":145,\"commentCount\":0,\"publisher\":{\"@id\":\"https:\/\/portalraizesnoticias.com.br\/#organization\"},\"image\":{\"@id\":\"https:\/\/portalraizesnoticias.com.br\/?p=6438#primaryimage\"},\"thumbnailUrl\":\"https:\/\/portalraizesnoticias.com.br\/wp-content\/uploads\/2025\/05\/IMG-20250510-WA0270.jpg\",\"keywords\":[\"Ba409\",\"Ferido\",\"Homem\"],\"articleSection\":[\"ACIDENTES\",\"DESTAQUES\",\"ULTIMAS NOTICIAS\"],\"inLanguage\":\"pt-BR\",\"potentialAction\":[{\"@type\":\"CommentAction\",\"name\":\"Comment\",\"target\":[\"https:\/\/portalraizesnoticias.com.br\/?p=6438#respond\"]}]},{\"@type\":\"WebPage\",\"@id\":\"https:\/\/portalraizesnoticias.com.br\/?p=6438\",\"url\":\"https:\/\/portalraizesnoticias.com.br\/?p=6438\",\"name\":\"Motociclista \u00e9 arremessado a cerca de 5 metros ao ser atingido por carro na BA-409, em Concei\u00e7\u00e3o do Coit\u00e9 - Portal raizes noticias\",\"isPartOf\":{\"@id\":\"https:\/\/portalraizesnoticias.com.br\/#website\"},\"primaryImageOfPage\":{\"@id\":\"https:\/\/portalraizesnoticias.com.br\/?p=6438#primaryimage\"},\"image\":{\"@id\":\"https:\/\/portalraizesnoticias.com.br\/?p=6438#primaryimage\"},\"thumbnailUrl\":\"https:\/\/portalraizesnoticias.com.br\/wp-content\/uploads\/2025\/05\/IMG-20250510-WA0270.jpg\",\"datePublished\":\"2025-05-10T20:19:19+00:00\",\"dateModified\":\"2025-05-10T20:29:22+00:00\",\"breadcrumb\":{\"@id\":\"https:\/\/portalraizesnoticias.com.br\/?p=6438#breadcrumb\"},\"inLanguage\":\"pt-BR\",\"potentialAction\":[{\"@type\":\"ReadAction\",\"target\":[\"https:\/\/portalraizesnoticias.com.br\/?p=6438\"]}]},{\"@type\":\"ImageObject\",\"inLanguage\":\"pt-BR\",\"@id\":\"https:\/\/portalraizesnoticias.com.br\/?p=6438#primaryimage\",\"url\":\"https:\/\/portalraizesnoticias.com.br\/wp-content\/uploads\/2025\/05\/IMG-20250510-WA0270.jpg\",\"contentUrl\":\"https:\/\/portalraizesnoticias.com.br\/wp-content\/uploads\/2025\/05\/IMG-20250510-WA0270.jpg\",\"width\":720,\"height\":804},{\"@type\":\"BreadcrumbList\",\"@id\":\"https:\/\/portalraizesnoticias.com.br\/?p=6438#breadcrumb\",\"itemListElement\":[{\"@type\":\"ListItem\",\"position\":1,\"name\":\"In\u00edcio\",\"item\":\"https:\/\/portalraizesnoticias.com.br\/\"},{\"@type\":\"ListItem\",\"position\":2,\"name\":\"Motociclista \u00e9 arremessado a cerca de 5 metros ao ser atingido por carro na BA-409, em Concei\u00e7\u00e3o do Coit\u00e9\"}]},{\"@type\":\"WebSite\",\"@id\":\"https:\/\/portalraizesnoticias.com.br\/#website\",\"url\":\"https:\/\/portalraizesnoticias.com.br\/\",\"name\":\"Portal raizes NOTICIAS\",\"description\":\"site de noticias de concei\u00e7\u00e3o do coit\u00e9 e regi\u00e3o\",\"publisher\":{\"@id\":\"https:\/\/portalraizesnoticias.com.br\/#organization\"},\"alternateName\":\"PORTAL RAIZES COIT\u00c9\",\"potentialAction\":[{\"@type\":\"SearchAction\",\"target\":{\"@type\":\"EntryPoint\",\"urlTemplate\":\"https:\/\/portalraizesnoticias.com.br\/?s={search_term_string}\"},\"query-input\":{\"@type\":\"PropertyValueSpecification\",\"valueRequired\":true,\"valueName\":\"search_term_string\"}}],\"inLanguage\":\"pt-BR\"},{\"@type\":\"Organization\",\"@id\":\"https:\/\/portalraizesnoticias.com.br\/#organization\",\"name\":\"Portal raizes NOTICIAS\",\"url\":\"https:\/\/portalraizesnoticias.com.br\/\",\"logo\":{\"@type\":\"ImageObject\",\"inLanguage\":\"pt-BR\",\"@id\":\"https:\/\/portalraizesnoticias.com.br\/#\/schema\/logo\/image\/\",\"url\":\"https:\/\/portalraizesnoticias.com.br\/wp-content\/uploads\/2024\/09\/cropped-Captura-de-tela-2024-09-08-011108.png\",\"contentUrl\":\"https:\/\/portalraizesnoticias.com.br\/wp-content\/uploads\/2024\/09\/cropped-Captura-de-tela-2024-09-08-011108.png\",\"width\":606,\"height\":173,\"caption\":\"Portal raizes NOTICIAS\"},\"image\":{\"@id\":\"https:\/\/portalraizesnoticias.com.br\/#\/schema\/logo\/image\/\"}},{\"@type\":\"Person\",\"@id\":\"https:\/\/portalraizesnoticias.com.br\/#\/schema\/person\/a3ca6b0fc701e78df19756c417d943ae\",\"name\":\"Portal Raizes\",\"image\":{\"@type\":\"ImageObject\",\"inLanguage\":\"pt-BR\",\"@id\":\"https:\/\/portalraizesnoticias.com.br\/#\/schema\/person\/image\/\",\"url\":\"https:\/\/secure.gravatar.com\/avatar\/ef450d29013a3d3fba867a12a249d7b1?s=96&d=mm&r=g\",\"contentUrl\":\"https:\/\/secure.gravatar.com\/avatar\/ef450d29013a3d3fba867a12a249d7b1?s=96&d=mm&r=g\",\"caption\":\"Portal Raizes\"},\"url\":\"https:\/\/portalraizesnoticias.com.br\/?author=3\"}]}<\/script>\n<!-- \/ Yoast SEO plugin. -->","yoast_head_json":{"title":"Motociclista \u00e9 arremessado a cerca de 5 metros ao ser atingido por carro na BA-409, em Concei\u00e7\u00e3o do Coit\u00e9 - Portal raizes noticias","robots":{"index":"index","follow":"follow","max-snippet":"max-snippet:-1","max-image-preview":"max-image-preview:large","max-video-preview":"max-video-preview:-1"},"canonical":"https:\/\/portalraizesnoticias.com.br\/?p=6438","og_locale":"pt_BR","og_type":"article","og_title":"Motociclista \u00e9 arremessado a cerca de 5 metros ao ser atingido por carro na BA-409, em Concei\u00e7\u00e3o do Coit\u00e9 - Portal raizes noticias","og_description":"Vinicius de Oliveira, de 19 anos, ficou ferido ap\u00f3s ser atingido por um ve\u00edculo enquanto conduzia uma motocicleta. O acidente ocorreu por volta das 16h20 deste s\u00e1bado (10), na BA-409, trecho entre Concei\u00e7\u00e3o do Coit\u00e9 e Serrinha, pr\u00f3ximo ao cruzamento para o distrito de Salgad\u00e1lia. De acordo com informa\u00e7\u00f5es apuradas por Rafaela Rodrigues, o jovem foi arremessado a cerca de cinco metros com o impacto da colis\u00e3o. Segundo o coordenador do \u00c1guia Resgate, Gildo Carneiro, Vinicius foi encontrado amparado por populares, consciente, com escoria\u00e7\u00f5es pelo corpo e uma fratura no bra\u00e7o. Ele foi socorrido e encaminhado ao Hospital Portugu\u00eas de Coit\u00e9. O motorista permaneceu na ocorr\u00eancia. Reda\u00e7\u00e3o Portal Ra\u00edzes Informa\u00e7\u00f5es e fotos: \u00c1guia Resgate","og_url":"https:\/\/portalraizesnoticias.com.br\/?p=6438","og_site_name":"Portal raizes noticias","article_published_time":"2025-05-10T20:19:19+00:00","article_modified_time":"2025-05-10T20:29:22+00:00","og_image":[{"width":720,"height":804,"url":"https:\/\/portalraizesnoticias.com.br\/wp-content\/uploads\/2025\/05\/IMG-20250510-WA0270.jpg","type":"image\/jpeg"}],"author":"Portal Raizes","twitter_card":"summary_large_image","twitter_misc":{"Escrito por":"Portal Raizes","Est. tempo de leitura":"2 minutos"},"schema":{"@context":"https:\/\/schema.org","@graph":[{"@type":"Article","@id":"https:\/\/portalraizesnoticias.com.br\/?p=6438#article","isPartOf":{"@id":"https:\/\/portalraizesnoticias.com.br\/?p=6438"},"author":{"name":"Portal Raizes","@id":"https:\/\/portalraizesnoticias.com.br\/#\/schema\/person\/a3ca6b0fc701e78df19756c417d943ae"},"headline":"Motociclista \u00e9 arremessado a cerca de 5 metros ao ser atingido por carro na BA-409, em Concei\u00e7\u00e3o do Coit\u00e9","datePublished":"2025-05-10T20:19:19+00:00","dateModified":"2025-05-10T20:29:22+00:00","mainEntityOfPage":{"@id":"https:\/\/portalraizesnoticias.com.br\/?p=6438"},"wordCount":145,"commentCount":0,"publisher":{"@id":"https:\/\/portalraizesnoticias.com.br\/#organization"},"image":{"@id":"https:\/\/portalraizesnoticias.com.br\/?p=6438#primaryimage"},"thumbnailUrl":"https:\/\/portalraizesnoticias.com.br\/wp-content\/uploads\/2025\/05\/IMG-20250510-WA0270.jpg","keywords":["Ba409","Ferido","Homem"],"articleSection":["ACIDENTES","DESTAQUES","ULTIMAS NOTICIAS"],"inLanguage":"pt-BR","potentialAction":[{"@type":"CommentAction","name":"Comment","target":["https:\/\/portalraizesnoticias.com.br\/?p=6438#respond"]}]},{"@type":"WebPage","@id":"https:\/\/portalraizesnoticias.com.br\/?p=6438","url":"https:\/\/portalraizesnoticias.com.br\/?p=6438","name":"Motociclista \u00e9 arremessado a cerca de 5 metros ao ser atingido por carro na BA-409, em Concei\u00e7\u00e3o do Coit\u00e9 - Portal raizes noticias","isPartOf":{"@id":"https:\/\/portalraizesnoticias.com.br\/#website"},"primaryImageOfPage":{"@id":"https:\/\/portalraizesnoticias.com.br\/?p=6438#primaryimage"},"image":{"@id":"https:\/\/portalraizesnoticias.com.br\/?p=6438#primaryimage"},"thumbnailUrl":"https:\/\/portalraizesnoticias.com.br\/wp-content\/uploads\/2025\/05\/IMG-20250510-WA0270.jpg","datePublished":"2025-05-10T20:19:19+00:00","dateModified":"2025-05-10T20:29:22+00:00","breadcrumb":{"@id":"https:\/\/portalraizesnoticias.com.br\/?p=6438#breadcrumb"},"inLanguage":"pt-BR","potentialAction":[{"@type":"ReadAction","target":["https:\/\/portalraizesnoticias.com.br\/?p=6438"]}]},{"@type":"ImageObject","inLanguage":"pt-BR","@id":"https:\/\/portalraizesnoticias.com.br\/?p=6438#primaryimage","url":"https:\/\/portalraizesnoticias.com.br\/wp-content\/uploads\/2025\/05\/IMG-20250510-WA0270.jpg","contentUrl":"https:\/\/portalraizesnoticias.com.br\/wp-content\/uploads\/2025\/05\/IMG-20250510-WA0270.jpg","width":720,"height":804},{"@type":"BreadcrumbList","@id":"https:\/\/portalraizesnoticias.com.br\/?p=6438#breadcrumb","itemListElement":[{"@type":"ListItem","position":1,"name":"In\u00edcio","item":"https:\/\/portalraizesnoticias.com.br\/"},{"@type":"ListItem","position":2,"name":"Motociclista \u00e9 arremessado a cerca de 5 metros ao ser atingido por carro na BA-409, em Concei\u00e7\u00e3o do Coit\u00e9"}]},{"@type":"WebSite","@id":"https:\/\/portalraizesnoticias.com.br\/#website","url":"https:\/\/portalraizesnoticias.com.br\/","name":"Portal raizes NOTICIAS","description":"site de noticias de concei\u00e7\u00e3o do coit\u00e9 e regi\u00e3o","publisher":{"@id":"https:\/\/portalraizesnoticias.com.br\/#organization"},"alternateName":"PORTAL RAIZES COIT\u00c9","potentialAction":[{"@type":"SearchAction","target":{"@type":"EntryPoint","urlTemplate":"https:\/\/portalraizesnoticias.com.br\/?s={search_term_string}"},"query-input":{"@type":"PropertyValueSpecification","valueRequired":true,"valueName":"search_term_string"}}],"inLanguage":"pt-BR"},{"@type":"Organization","@id":"https:\/\/portalraizesnoticias.com.br\/#organization","name":"Portal raizes NOTICIAS","url":"https:\/\/portalraizesnoticias.com.br\/","logo":{"@type":"ImageObject","inLanguage":"pt-BR","@id":"https:\/\/portalraizesnoticias.com.br\/#\/schema\/logo\/image\/","url":"https:\/\/portalraizesnoticias.com.br\/wp-content\/uploads\/2024\/09\/cropped-Captura-de-tela-2024-09-08-011108.png","contentUrl":"https:\/\/portalraizesnoticias.com.br\/wp-content\/uploads\/2024\/09\/cropped-Captura-de-tela-2024-09-08-011108.png","width":606,"height":173,"caption":"Portal raizes NOTICIAS"},"image":{"@id":"https:\/\/portalraizesnoticias.com.br\/#\/schema\/logo\/image\/"}},{"@type":"Person","@id":"https:\/\/portalraizesnoticias.com.br\/#\/schema\/person\/a3ca6b0fc701e78df19756c417d943ae","name":"Portal Raizes","image":{"@type":"ImageObject","inLanguage":"pt-BR","@id":"https:\/\/portalraizesnoticias.com.br\/#\/schema\/person\/image\/","url":"https:\/\/secure.gravatar.com\/avatar\/ef450d29013a3d3fba867a12a249d7b1?s=96&d=mm&r=g","contentUrl":"https:\/\/secure.gravatar.com\/avatar\/ef450d29013a3d3fba867a12a249d7b1?s=96&d=mm&r=g","caption":"Portal Raizes"},"url":"https:\/\/portalraizesnoticias.com.br\/?author=3"}]}},"_links":{"self":[{"href":"https:\/\/portalraizesnoticias.com.br\/index.php?rest_route=\/wp\/v2\/posts\/6438"}],"collection":[{"href":"https:\/\/portalraizesnoticias.com.br\/index.php?rest_route=\/wp\/v2\/posts"}],"about":[{"href":"https:\/\/portalraizesnoticias.com.br\/index.php?rest_route=\/wp\/v2\/types\/post"}],"author":[{"embeddable":true,"href":"https:\/\/portalraizesnoticias.com.br\/index.php?rest_route=\/wp\/v2\/users\/3"}],"replies":[{"embeddable":true,"href":"https:\/\/portalraizesnoticias.com.br\/index.php?rest_route=%2Fwp%2Fv2%2Fcomments&post=6438"}],"version-history":[{"count":3,"href":"https:\/\/portalraizesnoticias.com.br\/index.php?rest_route=\/wp\/v2\/posts\/6438\/revisions"}],"predecessor-version":[{"id":6449,"href":"https:\/\/portalraizesnoticias.com.br\/index.php?rest_route=\/wp\/v2\/posts\/6438\/revisions\/6449"}],"wp:featuredmedia":[{"embeddable":true,"href":"https:\/\/portalraizesnoticias.com.br\/index.php?rest_route=\/wp\/v2\/media\/6443"}],"wp:attachment":[{"href":"https:\/\/portalraizesnoticias.com.br\/index.php?rest_route=%2Fwp%2Fv2%2Fmedia&parent=6438"}],"wp:term":[{"taxonomy":"category","embeddable":true,"href":"https:\/\/portalraizesnoticias.com.br\/index.php?rest_route=%2Fwp%2Fv2%2Fcategories&post=6438"},{"taxonomy":"post_tag","embeddable":true,"href":"https:\/\/portalraizesnoticias.com.br\/index.php?rest_route=%2Fwp%2Fv2%2Ftags&post=6438"}],"curies":[{"name":"wp","href":"https:\/\/api.w.org\/{rel}","templated":true}]}}