{"id":6346,"date":"2025-05-07T16:19:24","date_gmt":"2025-05-07T19:19:24","guid":{"rendered":"https:\/\/portalraizesnoticias.com.br\/?p=6346"},"modified":"2025-05-07T16:19:25","modified_gmt":"2025-05-07T19:19:25","slug":"coite-vitima-de-suposto-sequestro-reaparece-apos-4-dias-delegacia-especializada-antissequestro-investiga-caso","status":"publish","type":"post","link":"https:\/\/portalraizesnoticias.com.br\/?p=6346","title":{"rendered":"Coit\u00e9: V\u00edtima de suposto sequestro reaparece ap\u00f3s 4 dias; Delegacia Especializada Antissequestro investiga caso"},"content":{"rendered":"<p>Ap\u00f3s o suposto caso de sequestro ocorrido na noite de sexta-feira (03), no distrito de Bandia\u00e7u, em Concei\u00e7\u00e3o do Coit\u00e9, regi\u00e3o sisaleira da Bahia, o Portal Ra\u00edzes revelou um novo desdobramento.<\/p>\n<p><strong>RELEMBRE AQUI:<\/strong> <a href=\"https:\/\/portalraizesnoticias.com.br\/suposto-caso-de-sequestro-e-registrado-em-conceicao-do-coite-mulher-continua-desaparecida\/\">Suposto caso de sequestro \u00e9 registrado em Concei\u00e7\u00e3o do Coit\u00e9; mulher continua desaparecida<\/a><\/p>\n<p>Segundo informa\u00e7\u00f5es apuradas, a v\u00edtima, M.L., de 48 anos, reapareceu quatro dias ap\u00f3s ser levada por dois indiv\u00edduos. O v\u00eddeo foi divulgado em uma rede social:<\/p>\n<div style=\"width: 960px;\" class=\"wp-video\"><!--[if lt IE 9]><script>document.createElement('video');<\/script><![endif]-->\n<video class=\"wp-video-shortcode\" id=\"video-6346-1\" width=\"960\" height=\"540\" preload=\"metadata\" controls=\"controls\"><source type=\"video\/mp4\" src=\"https:\/\/portalraizesnoticias.com.br\/wp-content\/uploads\/2025\/05\/VID-20250507-WA0216.mp4?_=1\" \/><a href=\"https:\/\/portalraizesnoticias.com.br\/wp-content\/uploads\/2025\/05\/VID-20250507-WA0216.mp4\">https:\/\/portalraizesnoticias.com.br\/wp-content\/uploads\/2025\/05\/VID-20250507-WA0216.mp4<\/a><\/video><\/div>\n<p>Ela n\u00e3o apresentava sinais de agress\u00f5es f\u00edsicas e, conforme relatos, mudou de Estado ap\u00f3s o ocorrido.<\/p>\n<p>At\u00e9 o momento, n\u00e3o h\u00e1 detalhes sobre a motiva\u00e7\u00e3o do crime. Em nota enviada ao Portal Ra\u00edzes, a Delegacia Especializada Antissequestro (DAS) informou que instaurou um inqu\u00e9rito para investigar o caso.<\/p>\n<p><img fetchpriority=\"high\" decoding=\"async\" class=\"size-medium wp-image-5657 aligncenter\" src=\"https:\/\/portalraizesnoticias.com.br\/wp-content\/uploads\/2025\/04\/IMG-20250408-WA0451-300x173.jpg\" alt=\"\" width=\"300\" height=\"173\" srcset=\"https:\/\/portalraizesnoticias.com.br\/wp-content\/uploads\/2025\/04\/IMG-20250408-WA0451-300x173.jpg 300w, https:\/\/portalraizesnoticias.com.br\/wp-content\/uploads\/2025\/04\/IMG-20250408-WA0451-1024x592.jpg 1024w, https:\/\/portalraizesnoticias.com.br\/wp-content\/uploads\/2025\/04\/IMG-20250408-WA0451-768x444.jpg 768w, https:\/\/portalraizesnoticias.com.br\/wp-content\/uploads\/2025\/04\/IMG-20250408-WA0451.jpg 1280w\" sizes=\"(max-width: 300px) 100vw, 300px\" \/><\/p>\n<p style=\"text-align: center;\"><strong>PUBLICIDADE<\/strong><\/p>\n<p>\u201cMais detalhes n\u00e3o poder\u00e3o ser divulgados para n\u00e3o interferir no andamento das investiga\u00e7\u00f5es\u201d, declarou a Pol\u00edcia Civil.<\/p>\n<p>Reda\u00e7\u00e3o<\/p>\n","protected":false},"excerpt":{"rendered":"<p>Ap\u00f3s o suposto caso de sequestro ocorrido na noite de sexta-feira (03), no distrito de Bandia\u00e7u, em Concei\u00e7\u00e3o do Coit\u00e9, regi\u00e3o sisaleira da Bahia, o Portal Ra\u00edzes revelou um novo desdobramento. RELEMBRE AQUI: Suposto caso de sequestro \u00e9 registrado em Concei\u00e7\u00e3o do Coit\u00e9; mulher continua desaparecida Segundo informa\u00e7\u00f5es apuradas, a v\u00edtima, M.L., de 48 anos, reapareceu quatro dias ap\u00f3s ser levada por dois indiv\u00edduos. O v\u00eddeo foi divulgado em uma rede social: Ela n\u00e3o apresentava sinais de agress\u00f5es f\u00edsicas e, conforme relatos, mudou de Estado ap\u00f3s o ocorrido. At\u00e9 o momento, n\u00e3o h\u00e1 detalhes sobre a motiva\u00e7\u00e3o do crime. Em nota enviada ao Portal Ra\u00edzes, a Delegacia Especializada Antissequestro (DAS) informou que instaurou um inqu\u00e9rito para investigar o caso. PUBLICIDADE \u201cMais detalhes n\u00e3o poder\u00e3o ser divulgados para n\u00e3o interferir no andamento das investiga\u00e7\u00f5es\u201d, declarou a Pol\u00edcia Civil. Reda\u00e7\u00e3o<\/p>\n","protected":false},"author":3,"featured_media":6348,"comment_status":"open","ping_status":"open","sticky":false,"template":"","format":"standard","meta":{"_joinchat":[],"footnotes":""},"categories":[55,67,59],"tags":[178,695],"class_list":["post-6346","post","type-post","status-publish","format-standard","has-post-thumbnail","hentry","category-destaques","category-policia","category-ultimas-noticias","tag-mulher","tag-sequestro"],"yoast_head":"<!-- This site is optimized with the Yoast SEO plugin v24.4 - https:\/\/yoast.com\/wordpress\/plugins\/seo\/ -->\n<title>Coit\u00e9: V\u00edtima de suposto sequestro reaparece ap\u00f3s 4 dias; Delegacia Especializada Antissequestro investiga caso - Portal raizes noticias<\/title>\n<meta name=\"robots\" content=\"index, follow, max-snippet:-1, max-image-preview:large, max-video-preview:-1\" \/>\n<link rel=\"canonical\" href=\"https:\/\/portalraizesnoticias.com.br\/?p=6346\" \/>\n<meta property=\"og:locale\" content=\"pt_BR\" \/>\n<meta property=\"og:type\" content=\"article\" \/>\n<meta property=\"og:title\" content=\"Coit\u00e9: V\u00edtima de suposto sequestro reaparece ap\u00f3s 4 dias; Delegacia Especializada Antissequestro investiga caso - Portal raizes noticias\" \/>\n<meta property=\"og:description\" content=\"Ap\u00f3s o suposto caso de sequestro ocorrido na noite de sexta-feira (03), no distrito de Bandia\u00e7u, em Concei\u00e7\u00e3o do Coit\u00e9, regi\u00e3o sisaleira da Bahia, o Portal Ra\u00edzes revelou um novo desdobramento. RELEMBRE AQUI: Suposto caso de sequestro \u00e9 registrado em Concei\u00e7\u00e3o do Coit\u00e9; mulher continua desaparecida Segundo informa\u00e7\u00f5es apuradas, a v\u00edtima, M.L., de 48 anos, reapareceu quatro dias ap\u00f3s ser levada por dois indiv\u00edduos. O v\u00eddeo foi divulgado em uma rede social: Ela n\u00e3o apresentava sinais de agress\u00f5es f\u00edsicas e, conforme relatos, mudou de Estado ap\u00f3s o ocorrido. At\u00e9 o momento, n\u00e3o h\u00e1 detalhes sobre a motiva\u00e7\u00e3o do crime. Em nota enviada ao Portal Ra\u00edzes, a Delegacia Especializada Antissequestro (DAS) informou que instaurou um inqu\u00e9rito para investigar o caso. PUBLICIDADE \u201cMais detalhes n\u00e3o poder\u00e3o ser divulgados para n\u00e3o interferir no andamento das investiga\u00e7\u00f5es\u201d, declarou a Pol\u00edcia Civil. Reda\u00e7\u00e3o\" \/>\n<meta property=\"og:url\" content=\"https:\/\/portalraizesnoticias.com.br\/?p=6346\" \/>\n<meta property=\"og:site_name\" content=\"Portal raizes noticias\" \/>\n<meta property=\"article:published_time\" content=\"2025-05-07T19:19:24+00:00\" \/>\n<meta property=\"article:modified_time\" content=\"2025-05-07T19:19:25+00:00\" \/>\n<meta property=\"og:image\" content=\"https:\/\/portalraizesnoticias.com.br\/wp-content\/uploads\/2025\/05\/IMG-20250507-WA0217.jpg\" \/>\n\t<meta property=\"og:image:width\" content=\"919\" \/>\n\t<meta property=\"og:image:height\" content=\"560\" \/>\n\t<meta property=\"og:image:type\" content=\"image\/jpeg\" \/>\n<meta name=\"author\" content=\"Portal Raizes\" \/>\n<meta name=\"twitter:card\" content=\"summary_large_image\" \/>\n<meta name=\"twitter:label1\" content=\"Escrito por\" \/>\n\t<meta name=\"twitter:data1\" content=\"Portal Raizes\" \/>\n\t<meta name=\"twitter:label2\" content=\"Est. tempo de leitura\" \/>\n\t<meta name=\"twitter:data2\" content=\"2 minutos\" \/>\n<script type=\"application\/ld+json\" class=\"yoast-schema-graph\">{\"@context\":\"https:\/\/schema.org\",\"@graph\":[{\"@type\":\"Article\",\"@id\":\"https:\/\/portalraizesnoticias.com.br\/?p=6346#article\",\"isPartOf\":{\"@id\":\"https:\/\/portalraizesnoticias.com.br\/?p=6346\"},\"author\":{\"name\":\"Portal Raizes\",\"@id\":\"https:\/\/portalraizesnoticias.com.br\/#\/schema\/person\/a3ca6b0fc701e78df19756c417d943ae\"},\"headline\":\"Coit\u00e9: V\u00edtima de suposto sequestro reaparece ap\u00f3s 4 dias; Delegacia Especializada Antissequestro investiga caso\",\"datePublished\":\"2025-05-07T19:19:24+00:00\",\"dateModified\":\"2025-05-07T19:19:25+00:00\",\"mainEntityOfPage\":{\"@id\":\"https:\/\/portalraizesnoticias.com.br\/?p=6346\"},\"wordCount\":190,\"commentCount\":0,\"publisher\":{\"@id\":\"https:\/\/portalraizesnoticias.com.br\/#organization\"},\"image\":{\"@id\":\"https:\/\/portalraizesnoticias.com.br\/?p=6346#primaryimage\"},\"thumbnailUrl\":\"https:\/\/portalraizesnoticias.com.br\/wp-content\/uploads\/2025\/05\/IMG-20250507-WA0217.jpg\",\"keywords\":[\"Mulher\",\"Sequestro\"],\"articleSection\":[\"DESTAQUES\",\"POLICIA\",\"ULTIMAS NOTICIAS\"],\"inLanguage\":\"pt-BR\",\"potentialAction\":[{\"@type\":\"CommentAction\",\"name\":\"Comment\",\"target\":[\"https:\/\/portalraizesnoticias.com.br\/?p=6346#respond\"]}]},{\"@type\":\"WebPage\",\"@id\":\"https:\/\/portalraizesnoticias.com.br\/?p=6346\",\"url\":\"https:\/\/portalraizesnoticias.com.br\/?p=6346\",\"name\":\"Coit\u00e9: V\u00edtima de suposto sequestro reaparece ap\u00f3s 4 dias; Delegacia Especializada Antissequestro investiga caso - Portal raizes noticias\",\"isPartOf\":{\"@id\":\"https:\/\/portalraizesnoticias.com.br\/#website\"},\"primaryImageOfPage\":{\"@id\":\"https:\/\/portalraizesnoticias.com.br\/?p=6346#primaryimage\"},\"image\":{\"@id\":\"https:\/\/portalraizesnoticias.com.br\/?p=6346#primaryimage\"},\"thumbnailUrl\":\"https:\/\/portalraizesnoticias.com.br\/wp-content\/uploads\/2025\/05\/IMG-20250507-WA0217.jpg\",\"datePublished\":\"2025-05-07T19:19:24+00:00\",\"dateModified\":\"2025-05-07T19:19:25+00:00\",\"breadcrumb\":{\"@id\":\"https:\/\/portalraizesnoticias.com.br\/?p=6346#breadcrumb\"},\"inLanguage\":\"pt-BR\",\"potentialAction\":[{\"@type\":\"ReadAction\",\"target\":[\"https:\/\/portalraizesnoticias.com.br\/?p=6346\"]}]},{\"@type\":\"ImageObject\",\"inLanguage\":\"pt-BR\",\"@id\":\"https:\/\/portalraizesnoticias.com.br\/?p=6346#primaryimage\",\"url\":\"https:\/\/portalraizesnoticias.com.br\/wp-content\/uploads\/2025\/05\/IMG-20250507-WA0217.jpg\",\"contentUrl\":\"https:\/\/portalraizesnoticias.com.br\/wp-content\/uploads\/2025\/05\/IMG-20250507-WA0217.jpg\",\"width\":919,\"height\":560},{\"@type\":\"BreadcrumbList\",\"@id\":\"https:\/\/portalraizesnoticias.com.br\/?p=6346#breadcrumb\",\"itemListElement\":[{\"@type\":\"ListItem\",\"position\":1,\"name\":\"In\u00edcio\",\"item\":\"https:\/\/portalraizesnoticias.com.br\/\"},{\"@type\":\"ListItem\",\"position\":2,\"name\":\"Coit\u00e9: V\u00edtima de suposto sequestro reaparece ap\u00f3s 4 dias; Delegacia Especializada Antissequestro investiga caso\"}]},{\"@type\":\"WebSite\",\"@id\":\"https:\/\/portalraizesnoticias.com.br\/#website\",\"url\":\"https:\/\/portalraizesnoticias.com.br\/\",\"name\":\"Portal raizes NOTICIAS\",\"description\":\"site de noticias de concei\u00e7\u00e3o do coit\u00e9 e regi\u00e3o\",\"publisher\":{\"@id\":\"https:\/\/portalraizesnoticias.com.br\/#organization\"},\"alternateName\":\"PORTAL RAIZES COIT\u00c9\",\"potentialAction\":[{\"@type\":\"SearchAction\",\"target\":{\"@type\":\"EntryPoint\",\"urlTemplate\":\"https:\/\/portalraizesnoticias.com.br\/?s={search_term_string}\"},\"query-input\":{\"@type\":\"PropertyValueSpecification\",\"valueRequired\":true,\"valueName\":\"search_term_string\"}}],\"inLanguage\":\"pt-BR\"},{\"@type\":\"Organization\",\"@id\":\"https:\/\/portalraizesnoticias.com.br\/#organization\",\"name\":\"Portal raizes NOTICIAS\",\"url\":\"https:\/\/portalraizesnoticias.com.br\/\",\"logo\":{\"@type\":\"ImageObject\",\"inLanguage\":\"pt-BR\",\"@id\":\"https:\/\/portalraizesnoticias.com.br\/#\/schema\/logo\/image\/\",\"url\":\"https:\/\/portalraizesnoticias.com.br\/wp-content\/uploads\/2024\/09\/cropped-Captura-de-tela-2024-09-08-011108.png\",\"contentUrl\":\"https:\/\/portalraizesnoticias.com.br\/wp-content\/uploads\/2024\/09\/cropped-Captura-de-tela-2024-09-08-011108.png\",\"width\":606,\"height\":173,\"caption\":\"Portal raizes NOTICIAS\"},\"image\":{\"@id\":\"https:\/\/portalraizesnoticias.com.br\/#\/schema\/logo\/image\/\"}},{\"@type\":\"Person\",\"@id\":\"https:\/\/portalraizesnoticias.com.br\/#\/schema\/person\/a3ca6b0fc701e78df19756c417d943ae\",\"name\":\"Portal Raizes\",\"image\":{\"@type\":\"ImageObject\",\"inLanguage\":\"pt-BR\",\"@id\":\"https:\/\/portalraizesnoticias.com.br\/#\/schema\/person\/image\/\",\"url\":\"https:\/\/secure.gravatar.com\/avatar\/ef450d29013a3d3fba867a12a249d7b1?s=96&d=mm&r=g\",\"contentUrl\":\"https:\/\/secure.gravatar.com\/avatar\/ef450d29013a3d3fba867a12a249d7b1?s=96&d=mm&r=g\",\"caption\":\"Portal Raizes\"},\"url\":\"https:\/\/portalraizesnoticias.com.br\/?author=3\"}]}<\/script>\n<!-- \/ Yoast SEO plugin. -->","yoast_head_json":{"title":"Coit\u00e9: V\u00edtima de suposto sequestro reaparece ap\u00f3s 4 dias; Delegacia Especializada Antissequestro investiga caso - Portal raizes noticias","robots":{"index":"index","follow":"follow","max-snippet":"max-snippet:-1","max-image-preview":"max-image-preview:large","max-video-preview":"max-video-preview:-1"},"canonical":"https:\/\/portalraizesnoticias.com.br\/?p=6346","og_locale":"pt_BR","og_type":"article","og_title":"Coit\u00e9: V\u00edtima de suposto sequestro reaparece ap\u00f3s 4 dias; Delegacia Especializada Antissequestro investiga caso - Portal raizes noticias","og_description":"Ap\u00f3s o suposto caso de sequestro ocorrido na noite de sexta-feira (03), no distrito de Bandia\u00e7u, em Concei\u00e7\u00e3o do Coit\u00e9, regi\u00e3o sisaleira da Bahia, o Portal Ra\u00edzes revelou um novo desdobramento. RELEMBRE AQUI: Suposto caso de sequestro \u00e9 registrado em Concei\u00e7\u00e3o do Coit\u00e9; mulher continua desaparecida Segundo informa\u00e7\u00f5es apuradas, a v\u00edtima, M.L., de 48 anos, reapareceu quatro dias ap\u00f3s ser levada por dois indiv\u00edduos. O v\u00eddeo foi divulgado em uma rede social: Ela n\u00e3o apresentava sinais de agress\u00f5es f\u00edsicas e, conforme relatos, mudou de Estado ap\u00f3s o ocorrido. At\u00e9 o momento, n\u00e3o h\u00e1 detalhes sobre a motiva\u00e7\u00e3o do crime. Em nota enviada ao Portal Ra\u00edzes, a Delegacia Especializada Antissequestro (DAS) informou que instaurou um inqu\u00e9rito para investigar o caso. PUBLICIDADE \u201cMais detalhes n\u00e3o poder\u00e3o ser divulgados para n\u00e3o interferir no andamento das investiga\u00e7\u00f5es\u201d, declarou a Pol\u00edcia Civil. Reda\u00e7\u00e3o","og_url":"https:\/\/portalraizesnoticias.com.br\/?p=6346","og_site_name":"Portal raizes noticias","article_published_time":"2025-05-07T19:19:24+00:00","article_modified_time":"2025-05-07T19:19:25+00:00","og_image":[{"width":919,"height":560,"url":"https:\/\/portalraizesnoticias.com.br\/wp-content\/uploads\/2025\/05\/IMG-20250507-WA0217.jpg","type":"image\/jpeg"}],"author":"Portal Raizes","twitter_card":"summary_large_image","twitter_misc":{"Escrito por":"Portal Raizes","Est. tempo de leitura":"2 minutos"},"schema":{"@context":"https:\/\/schema.org","@graph":[{"@type":"Article","@id":"https:\/\/portalraizesnoticias.com.br\/?p=6346#article","isPartOf":{"@id":"https:\/\/portalraizesnoticias.com.br\/?p=6346"},"author":{"name":"Portal Raizes","@id":"https:\/\/portalraizesnoticias.com.br\/#\/schema\/person\/a3ca6b0fc701e78df19756c417d943ae"},"headline":"Coit\u00e9: V\u00edtima de suposto sequestro reaparece ap\u00f3s 4 dias; Delegacia Especializada Antissequestro investiga caso","datePublished":"2025-05-07T19:19:24+00:00","dateModified":"2025-05-07T19:19:25+00:00","mainEntityOfPage":{"@id":"https:\/\/portalraizesnoticias.com.br\/?p=6346"},"wordCount":190,"commentCount":0,"publisher":{"@id":"https:\/\/portalraizesnoticias.com.br\/#organization"},"image":{"@id":"https:\/\/portalraizesnoticias.com.br\/?p=6346#primaryimage"},"thumbnailUrl":"https:\/\/portalraizesnoticias.com.br\/wp-content\/uploads\/2025\/05\/IMG-20250507-WA0217.jpg","keywords":["Mulher","Sequestro"],"articleSection":["DESTAQUES","POLICIA","ULTIMAS NOTICIAS"],"inLanguage":"pt-BR","potentialAction":[{"@type":"CommentAction","name":"Comment","target":["https:\/\/portalraizesnoticias.com.br\/?p=6346#respond"]}]},{"@type":"WebPage","@id":"https:\/\/portalraizesnoticias.com.br\/?p=6346","url":"https:\/\/portalraizesnoticias.com.br\/?p=6346","name":"Coit\u00e9: V\u00edtima de suposto sequestro reaparece ap\u00f3s 4 dias; Delegacia Especializada Antissequestro investiga caso - Portal raizes noticias","isPartOf":{"@id":"https:\/\/portalraizesnoticias.com.br\/#website"},"primaryImageOfPage":{"@id":"https:\/\/portalraizesnoticias.com.br\/?p=6346#primaryimage"},"image":{"@id":"https:\/\/portalraizesnoticias.com.br\/?p=6346#primaryimage"},"thumbnailUrl":"https:\/\/portalraizesnoticias.com.br\/wp-content\/uploads\/2025\/05\/IMG-20250507-WA0217.jpg","datePublished":"2025-05-07T19:19:24+00:00","dateModified":"2025-05-07T19:19:25+00:00","breadcrumb":{"@id":"https:\/\/portalraizesnoticias.com.br\/?p=6346#breadcrumb"},"inLanguage":"pt-BR","potentialAction":[{"@type":"ReadAction","target":["https:\/\/portalraizesnoticias.com.br\/?p=6346"]}]},{"@type":"ImageObject","inLanguage":"pt-BR","@id":"https:\/\/portalraizesnoticias.com.br\/?p=6346#primaryimage","url":"https:\/\/portalraizesnoticias.com.br\/wp-content\/uploads\/2025\/05\/IMG-20250507-WA0217.jpg","contentUrl":"https:\/\/portalraizesnoticias.com.br\/wp-content\/uploads\/2025\/05\/IMG-20250507-WA0217.jpg","width":919,"height":560},{"@type":"BreadcrumbList","@id":"https:\/\/portalraizesnoticias.com.br\/?p=6346#breadcrumb","itemListElement":[{"@type":"ListItem","position":1,"name":"In\u00edcio","item":"https:\/\/portalraizesnoticias.com.br\/"},{"@type":"ListItem","position":2,"name":"Coit\u00e9: V\u00edtima de suposto sequestro reaparece ap\u00f3s 4 dias; Delegacia Especializada Antissequestro investiga caso"}]},{"@type":"WebSite","@id":"https:\/\/portalraizesnoticias.com.br\/#website","url":"https:\/\/portalraizesnoticias.com.br\/","name":"Portal raizes NOTICIAS","description":"site de noticias de concei\u00e7\u00e3o do coit\u00e9 e regi\u00e3o","publisher":{"@id":"https:\/\/portalraizesnoticias.com.br\/#organization"},"alternateName":"PORTAL RAIZES COIT\u00c9","potentialAction":[{"@type":"SearchAction","target":{"@type":"EntryPoint","urlTemplate":"https:\/\/portalraizesnoticias.com.br\/?s={search_term_string}"},"query-input":{"@type":"PropertyValueSpecification","valueRequired":true,"valueName":"search_term_string"}}],"inLanguage":"pt-BR"},{"@type":"Organization","@id":"https:\/\/portalraizesnoticias.com.br\/#organization","name":"Portal raizes NOTICIAS","url":"https:\/\/portalraizesnoticias.com.br\/","logo":{"@type":"ImageObject","inLanguage":"pt-BR","@id":"https:\/\/portalraizesnoticias.com.br\/#\/schema\/logo\/image\/","url":"https:\/\/portalraizesnoticias.com.br\/wp-content\/uploads\/2024\/09\/cropped-Captura-de-tela-2024-09-08-011108.png","contentUrl":"https:\/\/portalraizesnoticias.com.br\/wp-content\/uploads\/2024\/09\/cropped-Captura-de-tela-2024-09-08-011108.png","width":606,"height":173,"caption":"Portal raizes NOTICIAS"},"image":{"@id":"https:\/\/portalraizesnoticias.com.br\/#\/schema\/logo\/image\/"}},{"@type":"Person","@id":"https:\/\/portalraizesnoticias.com.br\/#\/schema\/person\/a3ca6b0fc701e78df19756c417d943ae","name":"Portal Raizes","image":{"@type":"ImageObject","inLanguage":"pt-BR","@id":"https:\/\/portalraizesnoticias.com.br\/#\/schema\/person\/image\/","url":"https:\/\/secure.gravatar.com\/avatar\/ef450d29013a3d3fba867a12a249d7b1?s=96&d=mm&r=g","contentUrl":"https:\/\/secure.gravatar.com\/avatar\/ef450d29013a3d3fba867a12a249d7b1?s=96&d=mm&r=g","caption":"Portal Raizes"},"url":"https:\/\/portalraizesnoticias.com.br\/?author=3"}]}},"_links":{"self":[{"href":"https:\/\/portalraizesnoticias.com.br\/index.php?rest_route=\/wp\/v2\/posts\/6346"}],"collection":[{"href":"https:\/\/portalraizesnoticias.com.br\/index.php?rest_route=\/wp\/v2\/posts"}],"about":[{"href":"https:\/\/portalraizesnoticias.com.br\/index.php?rest_route=\/wp\/v2\/types\/post"}],"author":[{"embeddable":true,"href":"https:\/\/portalraizesnoticias.com.br\/index.php?rest_route=\/wp\/v2\/users\/3"}],"replies":[{"embeddable":true,"href":"https:\/\/portalraizesnoticias.com.br\/index.php?rest_route=%2Fwp%2Fv2%2Fcomments&post=6346"}],"version-history":[{"count":1,"href":"https:\/\/portalraizesnoticias.com.br\/index.php?rest_route=\/wp\/v2\/posts\/6346\/revisions"}],"predecessor-version":[{"id":6349,"href":"https:\/\/portalraizesnoticias.com.br\/index.php?rest_route=\/wp\/v2\/posts\/6346\/revisions\/6349"}],"wp:featuredmedia":[{"embeddable":true,"href":"https:\/\/portalraizesnoticias.com.br\/index.php?rest_route=\/wp\/v2\/media\/6348"}],"wp:attachment":[{"href":"https:\/\/portalraizesnoticias.com.br\/index.php?rest_route=%2Fwp%2Fv2%2Fmedia&parent=6346"}],"wp:term":[{"taxonomy":"category","embeddable":true,"href":"https:\/\/portalraizesnoticias.com.br\/index.php?rest_route=%2Fwp%2Fv2%2Fcategories&post=6346"},{"taxonomy":"post_tag","embeddable":true,"href":"https:\/\/portalraizesnoticias.com.br\/index.php?rest_route=%2Fwp%2Fv2%2Ftags&post=6346"}],"curies":[{"name":"wp","href":"https:\/\/api.w.org\/{rel}","templated":true}]}}