{"id":6323,"date":"2025-05-04T21:36:17","date_gmt":"2025-05-05T00:36:17","guid":{"rendered":"https:\/\/portalraizesnoticias.com.br\/?p=6323"},"modified":"2025-05-04T21:37:01","modified_gmt":"2025-05-05T00:37:01","slug":"idoso-e-preso-em-flagrante-por-agressao-a-companheira-na-micareta-de-coite","status":"publish","type":"post","link":"https:\/\/portalraizesnoticias.com.br\/?p=6323","title":{"rendered":"Idoso \u00e9 preso em flagrante por agress\u00e3o \u00e0 companheira na Micareta de Coit\u00e9"},"content":{"rendered":"<p>Por volta das 2h30 deste s\u00e1bado (03), um idoso foi preso ap\u00f3s agredir a companheira em um camarote durante a Micareta de Concei\u00e7\u00e3o do Coit\u00e9, na Bahia.<\/p>\n<p><img fetchpriority=\"high\" decoding=\"async\" class=\"size-medium wp-image-6103 aligncenter\" src=\"https:\/\/portalraizesnoticias.com.br\/wp-content\/uploads\/2025\/04\/IMG-20250426-WA0417-300x300.jpg\" alt=\"\" width=\"300\" height=\"300\" srcset=\"https:\/\/portalraizesnoticias.com.br\/wp-content\/uploads\/2025\/04\/IMG-20250426-WA0417-300x300.jpg 300w, https:\/\/portalraizesnoticias.com.br\/wp-content\/uploads\/2025\/04\/IMG-20250426-WA0417-1024x1024.jpg 1024w, https:\/\/portalraizesnoticias.com.br\/wp-content\/uploads\/2025\/04\/IMG-20250426-WA0417-150x150.jpg 150w, https:\/\/portalraizesnoticias.com.br\/wp-content\/uploads\/2025\/04\/IMG-20250426-WA0417-768x768.jpg 768w, https:\/\/portalraizesnoticias.com.br\/wp-content\/uploads\/2025\/04\/IMG-20250426-WA0417.jpg 1080w\" sizes=\"(max-width: 300px) 100vw, 300px\" \/><\/p>\n<p style=\"text-align: center;\"><strong>PUBLICIDADE<\/strong><\/p>\n<p>De acordo com informa\u00e7\u00f5es apuradas pelo Portal Ra\u00edzes junto \u00e1 policia, a patrulha foi acionada por uma adolescente que relatou que sua tia estava sendo agredida.<\/p>\n<p>Quando a equipe policial chegou ao local, encontrou a v\u00edtima em frente ao camarote, enquanto o agressor estava em uma casa pr\u00f3xima, sendo contido por uma mulher.<\/p>\n<p>De acordo com a PM, a v\u00edtima apresentava marcas de arranh\u00f5es no pesco\u00e7o. O homem recebeu voz de pris\u00e3o e foi levado para a delegacia instalada no Posto de Comando do evento, onde foi lavrado o auto de pris\u00e3o em flagrante.<\/p>\n<p>At\u00e9 o momento, n\u00e3o h\u00e1 informa\u00e7\u00f5es sobre a motiva\u00e7\u00e3o da agress\u00e3o.<\/p>\n<p>Reda\u00e7\u00e3o<\/p>\n<p>Foto: Ilustra\u00e7\u00e3o<\/p>\n","protected":false},"excerpt":{"rendered":"<p>Por volta das 2h30 deste s\u00e1bado (03), um idoso foi preso ap\u00f3s agredir a companheira em um camarote durante a Micareta de Concei\u00e7\u00e3o do Coit\u00e9, na Bahia. PUBLICIDADE De acordo com informa\u00e7\u00f5es apuradas pelo Portal Ra\u00edzes junto \u00e1 policia, a patrulha foi acionada por uma adolescente que relatou que sua tia estava sendo agredida. Quando a equipe policial chegou ao local, encontrou a v\u00edtima em frente ao camarote, enquanto o agressor estava em uma casa pr\u00f3xima, sendo contido por uma mulher. De acordo com a PM, a v\u00edtima apresentava marcas de arranh\u00f5es no pesco\u00e7o. O homem recebeu voz de pris\u00e3o e foi levado para a delegacia instalada no Posto de Comando do evento, onde foi lavrado o auto de pris\u00e3o em flagrante. At\u00e9 o momento, n\u00e3o h\u00e1 informa\u00e7\u00f5es sobre a motiva\u00e7\u00e3o da agress\u00e3o. Reda\u00e7\u00e3o Foto: Ilustra\u00e7\u00e3o<\/p>\n","protected":false},"author":3,"featured_media":5957,"comment_status":"open","ping_status":"open","sticky":false,"template":"","format":"standard","meta":{"_joinchat":[],"footnotes":""},"categories":[55,67,59],"tags":[558,79,236],"class_list":["post-6323","post","type-post","status-publish","format-standard","has-post-thumbnail","hentry","category-destaques","category-policia","category-ultimas-noticias","tag-agressao","tag-idoso","tag-preso"],"yoast_head":"<!-- This site is optimized with the Yoast SEO plugin v24.4 - https:\/\/yoast.com\/wordpress\/plugins\/seo\/ -->\n<title>Idoso \u00e9 preso em flagrante por agress\u00e3o \u00e0 companheira na Micareta de Coit\u00e9 - Portal raizes noticias<\/title>\n<meta name=\"robots\" content=\"index, follow, max-snippet:-1, max-image-preview:large, max-video-preview:-1\" \/>\n<link rel=\"canonical\" href=\"https:\/\/portalraizesnoticias.com.br\/?p=6323\" \/>\n<meta property=\"og:locale\" content=\"pt_BR\" \/>\n<meta property=\"og:type\" content=\"article\" \/>\n<meta property=\"og:title\" content=\"Idoso \u00e9 preso em flagrante por agress\u00e3o \u00e0 companheira na Micareta de Coit\u00e9 - Portal raizes noticias\" \/>\n<meta property=\"og:description\" content=\"Por volta das 2h30 deste s\u00e1bado (03), um idoso foi preso ap\u00f3s agredir a companheira em um camarote durante a Micareta de Concei\u00e7\u00e3o do Coit\u00e9, na Bahia. PUBLICIDADE De acordo com informa\u00e7\u00f5es apuradas pelo Portal Ra\u00edzes junto \u00e1 policia, a patrulha foi acionada por uma adolescente que relatou que sua tia estava sendo agredida. Quando a equipe policial chegou ao local, encontrou a v\u00edtima em frente ao camarote, enquanto o agressor estava em uma casa pr\u00f3xima, sendo contido por uma mulher. De acordo com a PM, a v\u00edtima apresentava marcas de arranh\u00f5es no pesco\u00e7o. O homem recebeu voz de pris\u00e3o e foi levado para a delegacia instalada no Posto de Comando do evento, onde foi lavrado o auto de pris\u00e3o em flagrante. At\u00e9 o momento, n\u00e3o h\u00e1 informa\u00e7\u00f5es sobre a motiva\u00e7\u00e3o da agress\u00e3o. Reda\u00e7\u00e3o Foto: Ilustra\u00e7\u00e3o\" \/>\n<meta property=\"og:url\" content=\"https:\/\/portalraizesnoticias.com.br\/?p=6323\" \/>\n<meta property=\"og:site_name\" content=\"Portal raizes noticias\" \/>\n<meta property=\"article:published_time\" content=\"2025-05-05T00:36:17+00:00\" \/>\n<meta property=\"article:modified_time\" content=\"2025-05-05T00:37:01+00:00\" \/>\n<meta property=\"og:image\" content=\"https:\/\/portalraizesnoticias.com.br\/wp-content\/uploads\/2025\/04\/algemas-de-mao-de-homem_225446-3124.jpg\" \/>\n\t<meta property=\"og:image:width\" content=\"1080\" \/>\n\t<meta property=\"og:image:height\" content=\"772\" \/>\n\t<meta property=\"og:image:type\" content=\"image\/jpeg\" \/>\n<meta name=\"author\" content=\"Portal Raizes\" \/>\n<meta name=\"twitter:card\" content=\"summary_large_image\" \/>\n<meta name=\"twitter:label1\" content=\"Escrito por\" \/>\n\t<meta name=\"twitter:data1\" content=\"Portal Raizes\" \/>\n\t<meta name=\"twitter:label2\" content=\"Est. tempo de leitura\" \/>\n\t<meta name=\"twitter:data2\" content=\"2 minutos\" \/>\n<script type=\"application\/ld+json\" class=\"yoast-schema-graph\">{\"@context\":\"https:\/\/schema.org\",\"@graph\":[{\"@type\":\"Article\",\"@id\":\"https:\/\/portalraizesnoticias.com.br\/?p=6323#article\",\"isPartOf\":{\"@id\":\"https:\/\/portalraizesnoticias.com.br\/?p=6323\"},\"author\":{\"name\":\"Portal Raizes\",\"@id\":\"https:\/\/portalraizesnoticias.com.br\/#\/schema\/person\/a3ca6b0fc701e78df19756c417d943ae\"},\"headline\":\"Idoso \u00e9 preso em flagrante por agress\u00e3o \u00e0 companheira na Micareta de Coit\u00e9\",\"datePublished\":\"2025-05-05T00:36:17+00:00\",\"dateModified\":\"2025-05-05T00:37:01+00:00\",\"mainEntityOfPage\":{\"@id\":\"https:\/\/portalraizesnoticias.com.br\/?p=6323\"},\"wordCount\":164,\"commentCount\":0,\"publisher\":{\"@id\":\"https:\/\/portalraizesnoticias.com.br\/#organization\"},\"image\":{\"@id\":\"https:\/\/portalraizesnoticias.com.br\/?p=6323#primaryimage\"},\"thumbnailUrl\":\"https:\/\/portalraizesnoticias.com.br\/wp-content\/uploads\/2025\/04\/algemas-de-mao-de-homem_225446-3124.jpg\",\"keywords\":[\"Agress\u00e3o\",\"Idoso\",\"Preso\"],\"articleSection\":[\"DESTAQUES\",\"POLICIA\",\"ULTIMAS NOTICIAS\"],\"inLanguage\":\"pt-BR\",\"potentialAction\":[{\"@type\":\"CommentAction\",\"name\":\"Comment\",\"target\":[\"https:\/\/portalraizesnoticias.com.br\/?p=6323#respond\"]}]},{\"@type\":\"WebPage\",\"@id\":\"https:\/\/portalraizesnoticias.com.br\/?p=6323\",\"url\":\"https:\/\/portalraizesnoticias.com.br\/?p=6323\",\"name\":\"Idoso \u00e9 preso em flagrante por agress\u00e3o \u00e0 companheira na Micareta de Coit\u00e9 - Portal raizes noticias\",\"isPartOf\":{\"@id\":\"https:\/\/portalraizesnoticias.com.br\/#website\"},\"primaryImageOfPage\":{\"@id\":\"https:\/\/portalraizesnoticias.com.br\/?p=6323#primaryimage\"},\"image\":{\"@id\":\"https:\/\/portalraizesnoticias.com.br\/?p=6323#primaryimage\"},\"thumbnailUrl\":\"https:\/\/portalraizesnoticias.com.br\/wp-content\/uploads\/2025\/04\/algemas-de-mao-de-homem_225446-3124.jpg\",\"datePublished\":\"2025-05-05T00:36:17+00:00\",\"dateModified\":\"2025-05-05T00:37:01+00:00\",\"breadcrumb\":{\"@id\":\"https:\/\/portalraizesnoticias.com.br\/?p=6323#breadcrumb\"},\"inLanguage\":\"pt-BR\",\"potentialAction\":[{\"@type\":\"ReadAction\",\"target\":[\"https:\/\/portalraizesnoticias.com.br\/?p=6323\"]}]},{\"@type\":\"ImageObject\",\"inLanguage\":\"pt-BR\",\"@id\":\"https:\/\/portalraizesnoticias.com.br\/?p=6323#primaryimage\",\"url\":\"https:\/\/portalraizesnoticias.com.br\/wp-content\/uploads\/2025\/04\/algemas-de-mao-de-homem_225446-3124.jpg\",\"contentUrl\":\"https:\/\/portalraizesnoticias.com.br\/wp-content\/uploads\/2025\/04\/algemas-de-mao-de-homem_225446-3124.jpg\",\"width\":1080,\"height\":772},{\"@type\":\"BreadcrumbList\",\"@id\":\"https:\/\/portalraizesnoticias.com.br\/?p=6323#breadcrumb\",\"itemListElement\":[{\"@type\":\"ListItem\",\"position\":1,\"name\":\"In\u00edcio\",\"item\":\"https:\/\/portalraizesnoticias.com.br\/\"},{\"@type\":\"ListItem\",\"position\":2,\"name\":\"Idoso \u00e9 preso em flagrante por agress\u00e3o \u00e0 companheira na Micareta de Coit\u00e9\"}]},{\"@type\":\"WebSite\",\"@id\":\"https:\/\/portalraizesnoticias.com.br\/#website\",\"url\":\"https:\/\/portalraizesnoticias.com.br\/\",\"name\":\"Portal raizes NOTICIAS\",\"description\":\"site de noticias de concei\u00e7\u00e3o do coit\u00e9 e regi\u00e3o\",\"publisher\":{\"@id\":\"https:\/\/portalraizesnoticias.com.br\/#organization\"},\"alternateName\":\"PORTAL RAIZES COIT\u00c9\",\"potentialAction\":[{\"@type\":\"SearchAction\",\"target\":{\"@type\":\"EntryPoint\",\"urlTemplate\":\"https:\/\/portalraizesnoticias.com.br\/?s={search_term_string}\"},\"query-input\":{\"@type\":\"PropertyValueSpecification\",\"valueRequired\":true,\"valueName\":\"search_term_string\"}}],\"inLanguage\":\"pt-BR\"},{\"@type\":\"Organization\",\"@id\":\"https:\/\/portalraizesnoticias.com.br\/#organization\",\"name\":\"Portal raizes NOTICIAS\",\"url\":\"https:\/\/portalraizesnoticias.com.br\/\",\"logo\":{\"@type\":\"ImageObject\",\"inLanguage\":\"pt-BR\",\"@id\":\"https:\/\/portalraizesnoticias.com.br\/#\/schema\/logo\/image\/\",\"url\":\"https:\/\/portalraizesnoticias.com.br\/wp-content\/uploads\/2024\/09\/cropped-Captura-de-tela-2024-09-08-011108.png\",\"contentUrl\":\"https:\/\/portalraizesnoticias.com.br\/wp-content\/uploads\/2024\/09\/cropped-Captura-de-tela-2024-09-08-011108.png\",\"width\":606,\"height\":173,\"caption\":\"Portal raizes NOTICIAS\"},\"image\":{\"@id\":\"https:\/\/portalraizesnoticias.com.br\/#\/schema\/logo\/image\/\"}},{\"@type\":\"Person\",\"@id\":\"https:\/\/portalraizesnoticias.com.br\/#\/schema\/person\/a3ca6b0fc701e78df19756c417d943ae\",\"name\":\"Portal Raizes\",\"image\":{\"@type\":\"ImageObject\",\"inLanguage\":\"pt-BR\",\"@id\":\"https:\/\/portalraizesnoticias.com.br\/#\/schema\/person\/image\/\",\"url\":\"https:\/\/secure.gravatar.com\/avatar\/ef450d29013a3d3fba867a12a249d7b1?s=96&d=mm&r=g\",\"contentUrl\":\"https:\/\/secure.gravatar.com\/avatar\/ef450d29013a3d3fba867a12a249d7b1?s=96&d=mm&r=g\",\"caption\":\"Portal Raizes\"},\"url\":\"https:\/\/portalraizesnoticias.com.br\/?author=3\"}]}<\/script>\n<!-- \/ Yoast SEO plugin. -->","yoast_head_json":{"title":"Idoso \u00e9 preso em flagrante por agress\u00e3o \u00e0 companheira na Micareta de Coit\u00e9 - Portal raizes noticias","robots":{"index":"index","follow":"follow","max-snippet":"max-snippet:-1","max-image-preview":"max-image-preview:large","max-video-preview":"max-video-preview:-1"},"canonical":"https:\/\/portalraizesnoticias.com.br\/?p=6323","og_locale":"pt_BR","og_type":"article","og_title":"Idoso \u00e9 preso em flagrante por agress\u00e3o \u00e0 companheira na Micareta de Coit\u00e9 - Portal raizes noticias","og_description":"Por volta das 2h30 deste s\u00e1bado (03), um idoso foi preso ap\u00f3s agredir a companheira em um camarote durante a Micareta de Concei\u00e7\u00e3o do Coit\u00e9, na Bahia. PUBLICIDADE De acordo com informa\u00e7\u00f5es apuradas pelo Portal Ra\u00edzes junto \u00e1 policia, a patrulha foi acionada por uma adolescente que relatou que sua tia estava sendo agredida. Quando a equipe policial chegou ao local, encontrou a v\u00edtima em frente ao camarote, enquanto o agressor estava em uma casa pr\u00f3xima, sendo contido por uma mulher. De acordo com a PM, a v\u00edtima apresentava marcas de arranh\u00f5es no pesco\u00e7o. O homem recebeu voz de pris\u00e3o e foi levado para a delegacia instalada no Posto de Comando do evento, onde foi lavrado o auto de pris\u00e3o em flagrante. At\u00e9 o momento, n\u00e3o h\u00e1 informa\u00e7\u00f5es sobre a motiva\u00e7\u00e3o da agress\u00e3o. Reda\u00e7\u00e3o Foto: Ilustra\u00e7\u00e3o","og_url":"https:\/\/portalraizesnoticias.com.br\/?p=6323","og_site_name":"Portal raizes noticias","article_published_time":"2025-05-05T00:36:17+00:00","article_modified_time":"2025-05-05T00:37:01+00:00","og_image":[{"width":1080,"height":772,"url":"https:\/\/portalraizesnoticias.com.br\/wp-content\/uploads\/2025\/04\/algemas-de-mao-de-homem_225446-3124.jpg","type":"image\/jpeg"}],"author":"Portal Raizes","twitter_card":"summary_large_image","twitter_misc":{"Escrito por":"Portal Raizes","Est. tempo de leitura":"2 minutos"},"schema":{"@context":"https:\/\/schema.org","@graph":[{"@type":"Article","@id":"https:\/\/portalraizesnoticias.com.br\/?p=6323#article","isPartOf":{"@id":"https:\/\/portalraizesnoticias.com.br\/?p=6323"},"author":{"name":"Portal Raizes","@id":"https:\/\/portalraizesnoticias.com.br\/#\/schema\/person\/a3ca6b0fc701e78df19756c417d943ae"},"headline":"Idoso \u00e9 preso em flagrante por agress\u00e3o \u00e0 companheira na Micareta de Coit\u00e9","datePublished":"2025-05-05T00:36:17+00:00","dateModified":"2025-05-05T00:37:01+00:00","mainEntityOfPage":{"@id":"https:\/\/portalraizesnoticias.com.br\/?p=6323"},"wordCount":164,"commentCount":0,"publisher":{"@id":"https:\/\/portalraizesnoticias.com.br\/#organization"},"image":{"@id":"https:\/\/portalraizesnoticias.com.br\/?p=6323#primaryimage"},"thumbnailUrl":"https:\/\/portalraizesnoticias.com.br\/wp-content\/uploads\/2025\/04\/algemas-de-mao-de-homem_225446-3124.jpg","keywords":["Agress\u00e3o","Idoso","Preso"],"articleSection":["DESTAQUES","POLICIA","ULTIMAS NOTICIAS"],"inLanguage":"pt-BR","potentialAction":[{"@type":"CommentAction","name":"Comment","target":["https:\/\/portalraizesnoticias.com.br\/?p=6323#respond"]}]},{"@type":"WebPage","@id":"https:\/\/portalraizesnoticias.com.br\/?p=6323","url":"https:\/\/portalraizesnoticias.com.br\/?p=6323","name":"Idoso \u00e9 preso em flagrante por agress\u00e3o \u00e0 companheira na Micareta de Coit\u00e9 - Portal raizes noticias","isPartOf":{"@id":"https:\/\/portalraizesnoticias.com.br\/#website"},"primaryImageOfPage":{"@id":"https:\/\/portalraizesnoticias.com.br\/?p=6323#primaryimage"},"image":{"@id":"https:\/\/portalraizesnoticias.com.br\/?p=6323#primaryimage"},"thumbnailUrl":"https:\/\/portalraizesnoticias.com.br\/wp-content\/uploads\/2025\/04\/algemas-de-mao-de-homem_225446-3124.jpg","datePublished":"2025-05-05T00:36:17+00:00","dateModified":"2025-05-05T00:37:01+00:00","breadcrumb":{"@id":"https:\/\/portalraizesnoticias.com.br\/?p=6323#breadcrumb"},"inLanguage":"pt-BR","potentialAction":[{"@type":"ReadAction","target":["https:\/\/portalraizesnoticias.com.br\/?p=6323"]}]},{"@type":"ImageObject","inLanguage":"pt-BR","@id":"https:\/\/portalraizesnoticias.com.br\/?p=6323#primaryimage","url":"https:\/\/portalraizesnoticias.com.br\/wp-content\/uploads\/2025\/04\/algemas-de-mao-de-homem_225446-3124.jpg","contentUrl":"https:\/\/portalraizesnoticias.com.br\/wp-content\/uploads\/2025\/04\/algemas-de-mao-de-homem_225446-3124.jpg","width":1080,"height":772},{"@type":"BreadcrumbList","@id":"https:\/\/portalraizesnoticias.com.br\/?p=6323#breadcrumb","itemListElement":[{"@type":"ListItem","position":1,"name":"In\u00edcio","item":"https:\/\/portalraizesnoticias.com.br\/"},{"@type":"ListItem","position":2,"name":"Idoso \u00e9 preso em flagrante por agress\u00e3o \u00e0 companheira na Micareta de Coit\u00e9"}]},{"@type":"WebSite","@id":"https:\/\/portalraizesnoticias.com.br\/#website","url":"https:\/\/portalraizesnoticias.com.br\/","name":"Portal raizes NOTICIAS","description":"site de noticias de concei\u00e7\u00e3o do coit\u00e9 e regi\u00e3o","publisher":{"@id":"https:\/\/portalraizesnoticias.com.br\/#organization"},"alternateName":"PORTAL RAIZES COIT\u00c9","potentialAction":[{"@type":"SearchAction","target":{"@type":"EntryPoint","urlTemplate":"https:\/\/portalraizesnoticias.com.br\/?s={search_term_string}"},"query-input":{"@type":"PropertyValueSpecification","valueRequired":true,"valueName":"search_term_string"}}],"inLanguage":"pt-BR"},{"@type":"Organization","@id":"https:\/\/portalraizesnoticias.com.br\/#organization","name":"Portal raizes NOTICIAS","url":"https:\/\/portalraizesnoticias.com.br\/","logo":{"@type":"ImageObject","inLanguage":"pt-BR","@id":"https:\/\/portalraizesnoticias.com.br\/#\/schema\/logo\/image\/","url":"https:\/\/portalraizesnoticias.com.br\/wp-content\/uploads\/2024\/09\/cropped-Captura-de-tela-2024-09-08-011108.png","contentUrl":"https:\/\/portalraizesnoticias.com.br\/wp-content\/uploads\/2024\/09\/cropped-Captura-de-tela-2024-09-08-011108.png","width":606,"height":173,"caption":"Portal raizes NOTICIAS"},"image":{"@id":"https:\/\/portalraizesnoticias.com.br\/#\/schema\/logo\/image\/"}},{"@type":"Person","@id":"https:\/\/portalraizesnoticias.com.br\/#\/schema\/person\/a3ca6b0fc701e78df19756c417d943ae","name":"Portal Raizes","image":{"@type":"ImageObject","inLanguage":"pt-BR","@id":"https:\/\/portalraizesnoticias.com.br\/#\/schema\/person\/image\/","url":"https:\/\/secure.gravatar.com\/avatar\/ef450d29013a3d3fba867a12a249d7b1?s=96&d=mm&r=g","contentUrl":"https:\/\/secure.gravatar.com\/avatar\/ef450d29013a3d3fba867a12a249d7b1?s=96&d=mm&r=g","caption":"Portal Raizes"},"url":"https:\/\/portalraizesnoticias.com.br\/?author=3"}]}},"_links":{"self":[{"href":"https:\/\/portalraizesnoticias.com.br\/index.php?rest_route=\/wp\/v2\/posts\/6323"}],"collection":[{"href":"https:\/\/portalraizesnoticias.com.br\/index.php?rest_route=\/wp\/v2\/posts"}],"about":[{"href":"https:\/\/portalraizesnoticias.com.br\/index.php?rest_route=\/wp\/v2\/types\/post"}],"author":[{"embeddable":true,"href":"https:\/\/portalraizesnoticias.com.br\/index.php?rest_route=\/wp\/v2\/users\/3"}],"replies":[{"embeddable":true,"href":"https:\/\/portalraizesnoticias.com.br\/index.php?rest_route=%2Fwp%2Fv2%2Fcomments&post=6323"}],"version-history":[{"count":2,"href":"https:\/\/portalraizesnoticias.com.br\/index.php?rest_route=\/wp\/v2\/posts\/6323\/revisions"}],"predecessor-version":[{"id":6325,"href":"https:\/\/portalraizesnoticias.com.br\/index.php?rest_route=\/wp\/v2\/posts\/6323\/revisions\/6325"}],"wp:featuredmedia":[{"embeddable":true,"href":"https:\/\/portalraizesnoticias.com.br\/index.php?rest_route=\/wp\/v2\/media\/5957"}],"wp:attachment":[{"href":"https:\/\/portalraizesnoticias.com.br\/index.php?rest_route=%2Fwp%2Fv2%2Fmedia&parent=6323"}],"wp:term":[{"taxonomy":"category","embeddable":true,"href":"https:\/\/portalraizesnoticias.com.br\/index.php?rest_route=%2Fwp%2Fv2%2Fcategories&post=6323"},{"taxonomy":"post_tag","embeddable":true,"href":"https:\/\/portalraizesnoticias.com.br\/index.php?rest_route=%2Fwp%2Fv2%2Ftags&post=6323"}],"curies":[{"name":"wp","href":"https:\/\/api.w.org\/{rel}","templated":true}]}}