{"id":6302,"date":"2025-05-03T22:01:56","date_gmt":"2025-05-04T01:01:56","guid":{"rendered":"https:\/\/portalraizesnoticias.com.br\/?p=6302"},"modified":"2025-05-03T22:01:56","modified_gmt":"2025-05-04T01:01:56","slug":"pm-recupera-moto-furtada-no-bairro-acudinho-em-conceicao-do-coite","status":"publish","type":"post","link":"https:\/\/portalraizesnoticias.com.br\/?p=6302","title":{"rendered":"PM recupera moto furtada no bairro A\u00e7udinho em Concei\u00e7\u00e3o do Coit\u00e9"},"content":{"rendered":"<p>Na manh\u00e3 deste s\u00e1bado (03), por volta das 10h20, a Pol\u00edcia Militar recuperou uma motocicleta furtada na rua Isaque Alves Sampaio, no bairro A\u00e7udinho, em Concei\u00e7\u00e3o do Coit\u00e9, Bahia.<\/p>\n<p>Segundo informa\u00e7\u00f5es do boletim de ocorr\u00eancia, o propriet\u00e1rio da Honda Titan, que havia sido furtada na \u00faltima quinta-feira, acionou a pol\u00edcia ap\u00f3s localizar o ve\u00edculo. A guarni\u00e7\u00e3o foi at\u00e9 o local, onde confirmou que se tratava da moto furtada. O ve\u00edculo apresentava danos e estava sem condi\u00e7\u00f5es de circula\u00e7\u00e3o.<\/p>\n<p>O dono da motocicleta se responsabilizou pela remo\u00e7\u00e3o do ve\u00edculo.<\/p>\n<p>Fonte: ASCOM do 16\u00ba BPM<\/p>\n","protected":false},"excerpt":{"rendered":"<p>Na manh\u00e3 deste s\u00e1bado (03), por volta das 10h20, a Pol\u00edcia Militar recuperou uma motocicleta furtada na rua Isaque Alves Sampaio, no bairro A\u00e7udinho, em Concei\u00e7\u00e3o do Coit\u00e9, Bahia. Segundo informa\u00e7\u00f5es do boletim de ocorr\u00eancia, o propriet\u00e1rio da Honda Titan, que havia sido furtada na \u00faltima quinta-feira, acionou a pol\u00edcia ap\u00f3s localizar o ve\u00edculo. A guarni\u00e7\u00e3o foi at\u00e9 o local, onde confirmou que se tratava da moto furtada. O ve\u00edculo apresentava danos e estava sem condi\u00e7\u00f5es de circula\u00e7\u00e3o. O dono da motocicleta se responsabilizou pela remo\u00e7\u00e3o do ve\u00edculo. Fonte: ASCOM do 16\u00ba BPM<\/p>\n","protected":false},"author":3,"featured_media":6303,"comment_status":"open","ping_status":"open","sticky":false,"template":"","format":"standard","meta":{"_joinchat":[],"footnotes":""},"categories":[55,67,59],"tags":[75,1061,437],"class_list":["post-6302","post","type-post","status-publish","format-standard","has-post-thumbnail","hentry","category-destaques","category-policia","category-ultimas-noticias","tag-coite","tag-moto-furtada","tag-pm"],"yoast_head":"<!-- This site is optimized with the Yoast SEO plugin v24.4 - https:\/\/yoast.com\/wordpress\/plugins\/seo\/ -->\n<title>PM recupera moto furtada no bairro A\u00e7udinho em Concei\u00e7\u00e3o do Coit\u00e9 - Portal raizes noticias<\/title>\n<meta name=\"robots\" content=\"index, follow, max-snippet:-1, max-image-preview:large, max-video-preview:-1\" \/>\n<link rel=\"canonical\" href=\"https:\/\/portalraizesnoticias.com.br\/?p=6302\" \/>\n<meta property=\"og:locale\" content=\"pt_BR\" \/>\n<meta property=\"og:type\" content=\"article\" \/>\n<meta property=\"og:title\" content=\"PM recupera moto furtada no bairro A\u00e7udinho em Concei\u00e7\u00e3o do Coit\u00e9 - Portal raizes noticias\" \/>\n<meta property=\"og:description\" content=\"Na manh\u00e3 deste s\u00e1bado (03), por volta das 10h20, a Pol\u00edcia Militar recuperou uma motocicleta furtada na rua Isaque Alves Sampaio, no bairro A\u00e7udinho, em Concei\u00e7\u00e3o do Coit\u00e9, Bahia. Segundo informa\u00e7\u00f5es do boletim de ocorr\u00eancia, o propriet\u00e1rio da Honda Titan, que havia sido furtada na \u00faltima quinta-feira, acionou a pol\u00edcia ap\u00f3s localizar o ve\u00edculo. A guarni\u00e7\u00e3o foi at\u00e9 o local, onde confirmou que se tratava da moto furtada. O ve\u00edculo apresentava danos e estava sem condi\u00e7\u00f5es de circula\u00e7\u00e3o. O dono da motocicleta se responsabilizou pela remo\u00e7\u00e3o do ve\u00edculo. Fonte: ASCOM do 16\u00ba BPM\" \/>\n<meta property=\"og:url\" content=\"https:\/\/portalraizesnoticias.com.br\/?p=6302\" \/>\n<meta property=\"og:site_name\" content=\"Portal raizes noticias\" \/>\n<meta property=\"article:published_time\" content=\"2025-05-04T01:01:56+00:00\" \/>\n<meta property=\"og:image\" content=\"https:\/\/portalraizesnoticias.com.br\/wp-content\/uploads\/2025\/05\/IMG-20250503-WA0549.jpg\" \/>\n\t<meta property=\"og:image:width\" content=\"904\" \/>\n\t<meta property=\"og:image:height\" content=\"1363\" \/>\n\t<meta property=\"og:image:type\" content=\"image\/jpeg\" \/>\n<meta name=\"author\" content=\"Portal Raizes\" \/>\n<meta name=\"twitter:card\" content=\"summary_large_image\" \/>\n<meta name=\"twitter:label1\" content=\"Escrito por\" \/>\n\t<meta name=\"twitter:data1\" content=\"Portal Raizes\" \/>\n\t<meta name=\"twitter:label2\" content=\"Est. tempo de leitura\" \/>\n\t<meta name=\"twitter:data2\" content=\"1 minuto\" \/>\n<script type=\"application\/ld+json\" class=\"yoast-schema-graph\">{\"@context\":\"https:\/\/schema.org\",\"@graph\":[{\"@type\":\"Article\",\"@id\":\"https:\/\/portalraizesnoticias.com.br\/?p=6302#article\",\"isPartOf\":{\"@id\":\"https:\/\/portalraizesnoticias.com.br\/?p=6302\"},\"author\":{\"name\":\"Portal Raizes\",\"@id\":\"https:\/\/portalraizesnoticias.com.br\/#\/schema\/person\/a3ca6b0fc701e78df19756c417d943ae\"},\"headline\":\"PM recupera moto furtada no bairro A\u00e7udinho em Concei\u00e7\u00e3o do Coit\u00e9\",\"datePublished\":\"2025-05-04T01:01:56+00:00\",\"mainEntityOfPage\":{\"@id\":\"https:\/\/portalraizesnoticias.com.br\/?p=6302\"},\"wordCount\":120,\"commentCount\":0,\"publisher\":{\"@id\":\"https:\/\/portalraizesnoticias.com.br\/#organization\"},\"image\":{\"@id\":\"https:\/\/portalraizesnoticias.com.br\/?p=6302#primaryimage\"},\"thumbnailUrl\":\"https:\/\/portalraizesnoticias.com.br\/wp-content\/uploads\/2025\/05\/IMG-20250503-WA0549.jpg\",\"keywords\":[\"Coit\u00e9\",\"Moto furtada\",\"Pm\"],\"articleSection\":[\"DESTAQUES\",\"POLICIA\",\"ULTIMAS NOTICIAS\"],\"inLanguage\":\"pt-BR\",\"potentialAction\":[{\"@type\":\"CommentAction\",\"name\":\"Comment\",\"target\":[\"https:\/\/portalraizesnoticias.com.br\/?p=6302#respond\"]}]},{\"@type\":\"WebPage\",\"@id\":\"https:\/\/portalraizesnoticias.com.br\/?p=6302\",\"url\":\"https:\/\/portalraizesnoticias.com.br\/?p=6302\",\"name\":\"PM recupera moto furtada no bairro A\u00e7udinho em Concei\u00e7\u00e3o do Coit\u00e9 - Portal raizes noticias\",\"isPartOf\":{\"@id\":\"https:\/\/portalraizesnoticias.com.br\/#website\"},\"primaryImageOfPage\":{\"@id\":\"https:\/\/portalraizesnoticias.com.br\/?p=6302#primaryimage\"},\"image\":{\"@id\":\"https:\/\/portalraizesnoticias.com.br\/?p=6302#primaryimage\"},\"thumbnailUrl\":\"https:\/\/portalraizesnoticias.com.br\/wp-content\/uploads\/2025\/05\/IMG-20250503-WA0549.jpg\",\"datePublished\":\"2025-05-04T01:01:56+00:00\",\"breadcrumb\":{\"@id\":\"https:\/\/portalraizesnoticias.com.br\/?p=6302#breadcrumb\"},\"inLanguage\":\"pt-BR\",\"potentialAction\":[{\"@type\":\"ReadAction\",\"target\":[\"https:\/\/portalraizesnoticias.com.br\/?p=6302\"]}]},{\"@type\":\"ImageObject\",\"inLanguage\":\"pt-BR\",\"@id\":\"https:\/\/portalraizesnoticias.com.br\/?p=6302#primaryimage\",\"url\":\"https:\/\/portalraizesnoticias.com.br\/wp-content\/uploads\/2025\/05\/IMG-20250503-WA0549.jpg\",\"contentUrl\":\"https:\/\/portalraizesnoticias.com.br\/wp-content\/uploads\/2025\/05\/IMG-20250503-WA0549.jpg\",\"width\":904,\"height\":1363},{\"@type\":\"BreadcrumbList\",\"@id\":\"https:\/\/portalraizesnoticias.com.br\/?p=6302#breadcrumb\",\"itemListElement\":[{\"@type\":\"ListItem\",\"position\":1,\"name\":\"In\u00edcio\",\"item\":\"https:\/\/portalraizesnoticias.com.br\/\"},{\"@type\":\"ListItem\",\"position\":2,\"name\":\"PM recupera moto furtada no bairro A\u00e7udinho em Concei\u00e7\u00e3o do Coit\u00e9\"}]},{\"@type\":\"WebSite\",\"@id\":\"https:\/\/portalraizesnoticias.com.br\/#website\",\"url\":\"https:\/\/portalraizesnoticias.com.br\/\",\"name\":\"Portal raizes NOTICIAS\",\"description\":\"site de noticias de concei\u00e7\u00e3o do coit\u00e9 e regi\u00e3o\",\"publisher\":{\"@id\":\"https:\/\/portalraizesnoticias.com.br\/#organization\"},\"alternateName\":\"PORTAL RAIZES COIT\u00c9\",\"potentialAction\":[{\"@type\":\"SearchAction\",\"target\":{\"@type\":\"EntryPoint\",\"urlTemplate\":\"https:\/\/portalraizesnoticias.com.br\/?s={search_term_string}\"},\"query-input\":{\"@type\":\"PropertyValueSpecification\",\"valueRequired\":true,\"valueName\":\"search_term_string\"}}],\"inLanguage\":\"pt-BR\"},{\"@type\":\"Organization\",\"@id\":\"https:\/\/portalraizesnoticias.com.br\/#organization\",\"name\":\"Portal raizes NOTICIAS\",\"url\":\"https:\/\/portalraizesnoticias.com.br\/\",\"logo\":{\"@type\":\"ImageObject\",\"inLanguage\":\"pt-BR\",\"@id\":\"https:\/\/portalraizesnoticias.com.br\/#\/schema\/logo\/image\/\",\"url\":\"https:\/\/portalraizesnoticias.com.br\/wp-content\/uploads\/2024\/09\/cropped-Captura-de-tela-2024-09-08-011108.png\",\"contentUrl\":\"https:\/\/portalraizesnoticias.com.br\/wp-content\/uploads\/2024\/09\/cropped-Captura-de-tela-2024-09-08-011108.png\",\"width\":606,\"height\":173,\"caption\":\"Portal raizes NOTICIAS\"},\"image\":{\"@id\":\"https:\/\/portalraizesnoticias.com.br\/#\/schema\/logo\/image\/\"}},{\"@type\":\"Person\",\"@id\":\"https:\/\/portalraizesnoticias.com.br\/#\/schema\/person\/a3ca6b0fc701e78df19756c417d943ae\",\"name\":\"Portal Raizes\",\"image\":{\"@type\":\"ImageObject\",\"inLanguage\":\"pt-BR\",\"@id\":\"https:\/\/portalraizesnoticias.com.br\/#\/schema\/person\/image\/\",\"url\":\"https:\/\/secure.gravatar.com\/avatar\/ef450d29013a3d3fba867a12a249d7b1?s=96&d=mm&r=g\",\"contentUrl\":\"https:\/\/secure.gravatar.com\/avatar\/ef450d29013a3d3fba867a12a249d7b1?s=96&d=mm&r=g\",\"caption\":\"Portal Raizes\"},\"url\":\"https:\/\/portalraizesnoticias.com.br\/?author=3\"}]}<\/script>\n<!-- \/ Yoast SEO plugin. -->","yoast_head_json":{"title":"PM recupera moto furtada no bairro A\u00e7udinho em Concei\u00e7\u00e3o do Coit\u00e9 - Portal raizes noticias","robots":{"index":"index","follow":"follow","max-snippet":"max-snippet:-1","max-image-preview":"max-image-preview:large","max-video-preview":"max-video-preview:-1"},"canonical":"https:\/\/portalraizesnoticias.com.br\/?p=6302","og_locale":"pt_BR","og_type":"article","og_title":"PM recupera moto furtada no bairro A\u00e7udinho em Concei\u00e7\u00e3o do Coit\u00e9 - Portal raizes noticias","og_description":"Na manh\u00e3 deste s\u00e1bado (03), por volta das 10h20, a Pol\u00edcia Militar recuperou uma motocicleta furtada na rua Isaque Alves Sampaio, no bairro A\u00e7udinho, em Concei\u00e7\u00e3o do Coit\u00e9, Bahia. Segundo informa\u00e7\u00f5es do boletim de ocorr\u00eancia, o propriet\u00e1rio da Honda Titan, que havia sido furtada na \u00faltima quinta-feira, acionou a pol\u00edcia ap\u00f3s localizar o ve\u00edculo. A guarni\u00e7\u00e3o foi at\u00e9 o local, onde confirmou que se tratava da moto furtada. O ve\u00edculo apresentava danos e estava sem condi\u00e7\u00f5es de circula\u00e7\u00e3o. O dono da motocicleta se responsabilizou pela remo\u00e7\u00e3o do ve\u00edculo. Fonte: ASCOM do 16\u00ba BPM","og_url":"https:\/\/portalraizesnoticias.com.br\/?p=6302","og_site_name":"Portal raizes noticias","article_published_time":"2025-05-04T01:01:56+00:00","og_image":[{"width":904,"height":1363,"url":"https:\/\/portalraizesnoticias.com.br\/wp-content\/uploads\/2025\/05\/IMG-20250503-WA0549.jpg","type":"image\/jpeg"}],"author":"Portal Raizes","twitter_card":"summary_large_image","twitter_misc":{"Escrito por":"Portal Raizes","Est. tempo de leitura":"1 minuto"},"schema":{"@context":"https:\/\/schema.org","@graph":[{"@type":"Article","@id":"https:\/\/portalraizesnoticias.com.br\/?p=6302#article","isPartOf":{"@id":"https:\/\/portalraizesnoticias.com.br\/?p=6302"},"author":{"name":"Portal Raizes","@id":"https:\/\/portalraizesnoticias.com.br\/#\/schema\/person\/a3ca6b0fc701e78df19756c417d943ae"},"headline":"PM recupera moto furtada no bairro A\u00e7udinho em Concei\u00e7\u00e3o do Coit\u00e9","datePublished":"2025-05-04T01:01:56+00:00","mainEntityOfPage":{"@id":"https:\/\/portalraizesnoticias.com.br\/?p=6302"},"wordCount":120,"commentCount":0,"publisher":{"@id":"https:\/\/portalraizesnoticias.com.br\/#organization"},"image":{"@id":"https:\/\/portalraizesnoticias.com.br\/?p=6302#primaryimage"},"thumbnailUrl":"https:\/\/portalraizesnoticias.com.br\/wp-content\/uploads\/2025\/05\/IMG-20250503-WA0549.jpg","keywords":["Coit\u00e9","Moto furtada","Pm"],"articleSection":["DESTAQUES","POLICIA","ULTIMAS NOTICIAS"],"inLanguage":"pt-BR","potentialAction":[{"@type":"CommentAction","name":"Comment","target":["https:\/\/portalraizesnoticias.com.br\/?p=6302#respond"]}]},{"@type":"WebPage","@id":"https:\/\/portalraizesnoticias.com.br\/?p=6302","url":"https:\/\/portalraizesnoticias.com.br\/?p=6302","name":"PM recupera moto furtada no bairro A\u00e7udinho em Concei\u00e7\u00e3o do Coit\u00e9 - Portal raizes noticias","isPartOf":{"@id":"https:\/\/portalraizesnoticias.com.br\/#website"},"primaryImageOfPage":{"@id":"https:\/\/portalraizesnoticias.com.br\/?p=6302#primaryimage"},"image":{"@id":"https:\/\/portalraizesnoticias.com.br\/?p=6302#primaryimage"},"thumbnailUrl":"https:\/\/portalraizesnoticias.com.br\/wp-content\/uploads\/2025\/05\/IMG-20250503-WA0549.jpg","datePublished":"2025-05-04T01:01:56+00:00","breadcrumb":{"@id":"https:\/\/portalraizesnoticias.com.br\/?p=6302#breadcrumb"},"inLanguage":"pt-BR","potentialAction":[{"@type":"ReadAction","target":["https:\/\/portalraizesnoticias.com.br\/?p=6302"]}]},{"@type":"ImageObject","inLanguage":"pt-BR","@id":"https:\/\/portalraizesnoticias.com.br\/?p=6302#primaryimage","url":"https:\/\/portalraizesnoticias.com.br\/wp-content\/uploads\/2025\/05\/IMG-20250503-WA0549.jpg","contentUrl":"https:\/\/portalraizesnoticias.com.br\/wp-content\/uploads\/2025\/05\/IMG-20250503-WA0549.jpg","width":904,"height":1363},{"@type":"BreadcrumbList","@id":"https:\/\/portalraizesnoticias.com.br\/?p=6302#breadcrumb","itemListElement":[{"@type":"ListItem","position":1,"name":"In\u00edcio","item":"https:\/\/portalraizesnoticias.com.br\/"},{"@type":"ListItem","position":2,"name":"PM recupera moto furtada no bairro A\u00e7udinho em Concei\u00e7\u00e3o do Coit\u00e9"}]},{"@type":"WebSite","@id":"https:\/\/portalraizesnoticias.com.br\/#website","url":"https:\/\/portalraizesnoticias.com.br\/","name":"Portal raizes NOTICIAS","description":"site de noticias de concei\u00e7\u00e3o do coit\u00e9 e regi\u00e3o","publisher":{"@id":"https:\/\/portalraizesnoticias.com.br\/#organization"},"alternateName":"PORTAL RAIZES COIT\u00c9","potentialAction":[{"@type":"SearchAction","target":{"@type":"EntryPoint","urlTemplate":"https:\/\/portalraizesnoticias.com.br\/?s={search_term_string}"},"query-input":{"@type":"PropertyValueSpecification","valueRequired":true,"valueName":"search_term_string"}}],"inLanguage":"pt-BR"},{"@type":"Organization","@id":"https:\/\/portalraizesnoticias.com.br\/#organization","name":"Portal raizes NOTICIAS","url":"https:\/\/portalraizesnoticias.com.br\/","logo":{"@type":"ImageObject","inLanguage":"pt-BR","@id":"https:\/\/portalraizesnoticias.com.br\/#\/schema\/logo\/image\/","url":"https:\/\/portalraizesnoticias.com.br\/wp-content\/uploads\/2024\/09\/cropped-Captura-de-tela-2024-09-08-011108.png","contentUrl":"https:\/\/portalraizesnoticias.com.br\/wp-content\/uploads\/2024\/09\/cropped-Captura-de-tela-2024-09-08-011108.png","width":606,"height":173,"caption":"Portal raizes NOTICIAS"},"image":{"@id":"https:\/\/portalraizesnoticias.com.br\/#\/schema\/logo\/image\/"}},{"@type":"Person","@id":"https:\/\/portalraizesnoticias.com.br\/#\/schema\/person\/a3ca6b0fc701e78df19756c417d943ae","name":"Portal Raizes","image":{"@type":"ImageObject","inLanguage":"pt-BR","@id":"https:\/\/portalraizesnoticias.com.br\/#\/schema\/person\/image\/","url":"https:\/\/secure.gravatar.com\/avatar\/ef450d29013a3d3fba867a12a249d7b1?s=96&d=mm&r=g","contentUrl":"https:\/\/secure.gravatar.com\/avatar\/ef450d29013a3d3fba867a12a249d7b1?s=96&d=mm&r=g","caption":"Portal Raizes"},"url":"https:\/\/portalraizesnoticias.com.br\/?author=3"}]}},"_links":{"self":[{"href":"https:\/\/portalraizesnoticias.com.br\/index.php?rest_route=\/wp\/v2\/posts\/6302"}],"collection":[{"href":"https:\/\/portalraizesnoticias.com.br\/index.php?rest_route=\/wp\/v2\/posts"}],"about":[{"href":"https:\/\/portalraizesnoticias.com.br\/index.php?rest_route=\/wp\/v2\/types\/post"}],"author":[{"embeddable":true,"href":"https:\/\/portalraizesnoticias.com.br\/index.php?rest_route=\/wp\/v2\/users\/3"}],"replies":[{"embeddable":true,"href":"https:\/\/portalraizesnoticias.com.br\/index.php?rest_route=%2Fwp%2Fv2%2Fcomments&post=6302"}],"version-history":[{"count":1,"href":"https:\/\/portalraizesnoticias.com.br\/index.php?rest_route=\/wp\/v2\/posts\/6302\/revisions"}],"predecessor-version":[{"id":6304,"href":"https:\/\/portalraizesnoticias.com.br\/index.php?rest_route=\/wp\/v2\/posts\/6302\/revisions\/6304"}],"wp:featuredmedia":[{"embeddable":true,"href":"https:\/\/portalraizesnoticias.com.br\/index.php?rest_route=\/wp\/v2\/media\/6303"}],"wp:attachment":[{"href":"https:\/\/portalraizesnoticias.com.br\/index.php?rest_route=%2Fwp%2Fv2%2Fmedia&parent=6302"}],"wp:term":[{"taxonomy":"category","embeddable":true,"href":"https:\/\/portalraizesnoticias.com.br\/index.php?rest_route=%2Fwp%2Fv2%2Fcategories&post=6302"},{"taxonomy":"post_tag","embeddable":true,"href":"https:\/\/portalraizesnoticias.com.br\/index.php?rest_route=%2Fwp%2Fv2%2Ftags&post=6302"}],"curies":[{"name":"wp","href":"https:\/\/api.w.org\/{rel}","templated":true}]}}