{"id":6285,"date":"2025-05-03T05:24:18","date_gmt":"2025-05-03T08:24:18","guid":{"rendered":"https:\/\/portalraizesnoticias.com.br\/?p=6285"},"modified":"2025-05-03T14:00:36","modified_gmt":"2025-05-03T17:00:36","slug":"suposto-caso-de-sequestro-e-registrado-em-conceicao-do-coite-mulher-continua-desaparecida","status":"publish","type":"post","link":"https:\/\/portalraizesnoticias.com.br\/?p=6285","title":{"rendered":"Suposto caso de sequestro \u00e9 registrado em Concei\u00e7\u00e3o do Coit\u00e9; mulher continua desaparecida"},"content":{"rendered":"<p>Um suposto caso de sequestro foi registrado na noite de sexta-feira (03), no distrito de Bandia\u00e7u em Concei\u00e7\u00e3o do Coit\u00e9, na regi\u00e3o sisaleira da Bahia.<\/p>\n<p>O Portal Ra\u00edzes acompanhou de perto a ocorr\u00eancia e, segundo informa\u00e7\u00f5es apuradas junto \u00e0 Pol\u00edcia Militar, M.L.I. foi levada por dois homens encapuzados e supostamente armados por volta das 21h.<\/p>\n<p>Ainda de acordo com o Ra\u00edzes, duas jovens compareceram \u00e0 base da Pol\u00edcia Militar e Civil, instalada no circuito da micareta, para registrar a ocorr\u00eancia. Uma delas relatou que estavam reunidas entre amigas se preparando para ir ao Coit\u00e9 Folia quando os criminosos, de forma agressiva, abordaram e levaram a v\u00edtima.<\/p>\n<p>Durante o registro, o Portal Ra\u00edzes teve acesso a imagens de c\u00e2meras de seguran\u00e7a de um im\u00f3vel vizinho, que mostravam a movimenta\u00e7\u00e3o dos suspeitos.<\/p>\n<p>Amigos da v\u00edtima relataram que tentaram rastrear o celular da jovem e, at\u00e9 por volta das 23h, o sinal indicava que os supostos sequestradores seguiam em dire\u00e7\u00e3o a Feira de Santana.<\/p>\n<p>At\u00e9 o momento, n\u00e3o h\u00e1 informa\u00e7\u00f5es sobre a motiva\u00e7\u00e3o do crime. A v\u00edtima continua desaparecida<\/p>\n<p>Reda\u00e7\u00e3o<\/p>\n","protected":false},"excerpt":{"rendered":"<p>Um suposto caso de sequestro foi registrado na noite de sexta-feira (03), no distrito de Bandia\u00e7u em Concei\u00e7\u00e3o do Coit\u00e9, na regi\u00e3o sisaleira da Bahia. O Portal Ra\u00edzes acompanhou de perto a ocorr\u00eancia e, segundo informa\u00e7\u00f5es apuradas junto \u00e0 Pol\u00edcia Militar, M.L.I. foi levada por dois homens encapuzados e supostamente armados por volta das 21h. Ainda de acordo com o Ra\u00edzes, duas jovens compareceram \u00e0 base da Pol\u00edcia Militar e Civil, instalada no circuito da micareta, para registrar a ocorr\u00eancia. Uma delas relatou que estavam reunidas entre amigas se preparando para ir ao Coit\u00e9 Folia quando os criminosos, de forma agressiva, abordaram e levaram a v\u00edtima. Durante o registro, o Portal Ra\u00edzes teve acesso a imagens de c\u00e2meras de seguran\u00e7a de um im\u00f3vel vizinho, que mostravam a movimenta\u00e7\u00e3o dos suspeitos. Amigos da v\u00edtima relataram que tentaram rastrear o celular da jovem e, at\u00e9 por volta das 23h, o sinal indicava que os supostos sequestradores seguiam em dire\u00e7\u00e3o a Feira de Santana. At\u00e9 o momento, n\u00e3o h\u00e1 informa\u00e7\u00f5es sobre a motiva\u00e7\u00e3o do crime. A v\u00edtima continua desaparecida Reda\u00e7\u00e3o<\/p>\n","protected":false},"author":3,"featured_media":6286,"comment_status":"open","ping_status":"open","sticky":false,"template":"","format":"standard","meta":{"_joinchat":[],"footnotes":""},"categories":[55,67,59],"tags":[1055],"class_list":["post-6285","post","type-post","status-publish","format-standard","has-post-thumbnail","hentry","category-destaques","category-policia","category-ultimas-noticias","tag-suposto-sequestro-bandiacu"],"yoast_head":"<!-- This site is optimized with the Yoast SEO plugin v24.4 - https:\/\/yoast.com\/wordpress\/plugins\/seo\/ -->\n<title>Suposto caso de sequestro \u00e9 registrado em Concei\u00e7\u00e3o do Coit\u00e9; mulher continua desaparecida - Portal raizes noticias<\/title>\n<meta name=\"robots\" content=\"index, follow, max-snippet:-1, max-image-preview:large, max-video-preview:-1\" \/>\n<link rel=\"canonical\" href=\"https:\/\/portalraizesnoticias.com.br\/?p=6285\" \/>\n<meta property=\"og:locale\" content=\"pt_BR\" \/>\n<meta property=\"og:type\" content=\"article\" \/>\n<meta property=\"og:title\" content=\"Suposto caso de sequestro \u00e9 registrado em Concei\u00e7\u00e3o do Coit\u00e9; mulher continua desaparecida - Portal raizes noticias\" \/>\n<meta property=\"og:description\" content=\"Um suposto caso de sequestro foi registrado na noite de sexta-feira (03), no distrito de Bandia\u00e7u em Concei\u00e7\u00e3o do Coit\u00e9, na regi\u00e3o sisaleira da Bahia. O Portal Ra\u00edzes acompanhou de perto a ocorr\u00eancia e, segundo informa\u00e7\u00f5es apuradas junto \u00e0 Pol\u00edcia Militar, M.L.I. foi levada por dois homens encapuzados e supostamente armados por volta das 21h. Ainda de acordo com o Ra\u00edzes, duas jovens compareceram \u00e0 base da Pol\u00edcia Militar e Civil, instalada no circuito da micareta, para registrar a ocorr\u00eancia. Uma delas relatou que estavam reunidas entre amigas se preparando para ir ao Coit\u00e9 Folia quando os criminosos, de forma agressiva, abordaram e levaram a v\u00edtima. Durante o registro, o Portal Ra\u00edzes teve acesso a imagens de c\u00e2meras de seguran\u00e7a de um im\u00f3vel vizinho, que mostravam a movimenta\u00e7\u00e3o dos suspeitos. Amigos da v\u00edtima relataram que tentaram rastrear o celular da jovem e, at\u00e9 por volta das 23h, o sinal indicava que os supostos sequestradores seguiam em dire\u00e7\u00e3o a Feira de Santana. At\u00e9 o momento, n\u00e3o h\u00e1 informa\u00e7\u00f5es sobre a motiva\u00e7\u00e3o do crime. A v\u00edtima continua desaparecida Reda\u00e7\u00e3o\" \/>\n<meta property=\"og:url\" content=\"https:\/\/portalraizesnoticias.com.br\/?p=6285\" \/>\n<meta property=\"og:site_name\" content=\"Portal raizes noticias\" \/>\n<meta property=\"article:published_time\" content=\"2025-05-03T08:24:18+00:00\" \/>\n<meta property=\"article:modified_time\" content=\"2025-05-03T17:00:36+00:00\" \/>\n<meta property=\"og:image\" content=\"https:\/\/portalraizesnoticias.com.br\/wp-content\/uploads\/2025\/05\/IMG-20250503-WA0041.jpg\" \/>\n\t<meta property=\"og:image:width\" content=\"768\" \/>\n\t<meta property=\"og:image:height\" content=\"536\" \/>\n\t<meta property=\"og:image:type\" content=\"image\/jpeg\" \/>\n<meta name=\"author\" content=\"Portal Raizes\" \/>\n<meta name=\"twitter:card\" content=\"summary_large_image\" \/>\n<meta name=\"twitter:label1\" content=\"Escrito por\" \/>\n\t<meta name=\"twitter:data1\" content=\"Portal Raizes\" \/>\n\t<meta name=\"twitter:label2\" content=\"Est. tempo de leitura\" \/>\n\t<meta name=\"twitter:data2\" content=\"2 minutos\" \/>\n<script type=\"application\/ld+json\" class=\"yoast-schema-graph\">{\"@context\":\"https:\/\/schema.org\",\"@graph\":[{\"@type\":\"Article\",\"@id\":\"https:\/\/portalraizesnoticias.com.br\/?p=6285#article\",\"isPartOf\":{\"@id\":\"https:\/\/portalraizesnoticias.com.br\/?p=6285\"},\"author\":{\"name\":\"Portal Raizes\",\"@id\":\"https:\/\/portalraizesnoticias.com.br\/#\/schema\/person\/a3ca6b0fc701e78df19756c417d943ae\"},\"headline\":\"Suposto caso de sequestro \u00e9 registrado em Concei\u00e7\u00e3o do Coit\u00e9; mulher continua desaparecida\",\"datePublished\":\"2025-05-03T08:24:18+00:00\",\"dateModified\":\"2025-05-03T17:00:36+00:00\",\"mainEntityOfPage\":{\"@id\":\"https:\/\/portalraizesnoticias.com.br\/?p=6285\"},\"wordCount\":212,\"commentCount\":0,\"publisher\":{\"@id\":\"https:\/\/portalraizesnoticias.com.br\/#organization\"},\"image\":{\"@id\":\"https:\/\/portalraizesnoticias.com.br\/?p=6285#primaryimage\"},\"thumbnailUrl\":\"https:\/\/portalraizesnoticias.com.br\/wp-content\/uploads\/2025\/05\/IMG-20250503-WA0041.jpg\",\"keywords\":[\"Suposto sequestro bandia\u00e7u\"],\"articleSection\":[\"DESTAQUES\",\"POLICIA\",\"ULTIMAS NOTICIAS\"],\"inLanguage\":\"pt-BR\",\"potentialAction\":[{\"@type\":\"CommentAction\",\"name\":\"Comment\",\"target\":[\"https:\/\/portalraizesnoticias.com.br\/?p=6285#respond\"]}]},{\"@type\":\"WebPage\",\"@id\":\"https:\/\/portalraizesnoticias.com.br\/?p=6285\",\"url\":\"https:\/\/portalraizesnoticias.com.br\/?p=6285\",\"name\":\"Suposto caso de sequestro \u00e9 registrado em Concei\u00e7\u00e3o do Coit\u00e9; mulher continua desaparecida - Portal raizes noticias\",\"isPartOf\":{\"@id\":\"https:\/\/portalraizesnoticias.com.br\/#website\"},\"primaryImageOfPage\":{\"@id\":\"https:\/\/portalraizesnoticias.com.br\/?p=6285#primaryimage\"},\"image\":{\"@id\":\"https:\/\/portalraizesnoticias.com.br\/?p=6285#primaryimage\"},\"thumbnailUrl\":\"https:\/\/portalraizesnoticias.com.br\/wp-content\/uploads\/2025\/05\/IMG-20250503-WA0041.jpg\",\"datePublished\":\"2025-05-03T08:24:18+00:00\",\"dateModified\":\"2025-05-03T17:00:36+00:00\",\"breadcrumb\":{\"@id\":\"https:\/\/portalraizesnoticias.com.br\/?p=6285#breadcrumb\"},\"inLanguage\":\"pt-BR\",\"potentialAction\":[{\"@type\":\"ReadAction\",\"target\":[\"https:\/\/portalraizesnoticias.com.br\/?p=6285\"]}]},{\"@type\":\"ImageObject\",\"inLanguage\":\"pt-BR\",\"@id\":\"https:\/\/portalraizesnoticias.com.br\/?p=6285#primaryimage\",\"url\":\"https:\/\/portalraizesnoticias.com.br\/wp-content\/uploads\/2025\/05\/IMG-20250503-WA0041.jpg\",\"contentUrl\":\"https:\/\/portalraizesnoticias.com.br\/wp-content\/uploads\/2025\/05\/IMG-20250503-WA0041.jpg\",\"width\":768,\"height\":536},{\"@type\":\"BreadcrumbList\",\"@id\":\"https:\/\/portalraizesnoticias.com.br\/?p=6285#breadcrumb\",\"itemListElement\":[{\"@type\":\"ListItem\",\"position\":1,\"name\":\"In\u00edcio\",\"item\":\"https:\/\/portalraizesnoticias.com.br\/\"},{\"@type\":\"ListItem\",\"position\":2,\"name\":\"Suposto caso de sequestro \u00e9 registrado em Concei\u00e7\u00e3o do Coit\u00e9; mulher continua desaparecida\"}]},{\"@type\":\"WebSite\",\"@id\":\"https:\/\/portalraizesnoticias.com.br\/#website\",\"url\":\"https:\/\/portalraizesnoticias.com.br\/\",\"name\":\"Portal raizes NOTICIAS\",\"description\":\"site de noticias de concei\u00e7\u00e3o do coit\u00e9 e regi\u00e3o\",\"publisher\":{\"@id\":\"https:\/\/portalraizesnoticias.com.br\/#organization\"},\"alternateName\":\"PORTAL RAIZES COIT\u00c9\",\"potentialAction\":[{\"@type\":\"SearchAction\",\"target\":{\"@type\":\"EntryPoint\",\"urlTemplate\":\"https:\/\/portalraizesnoticias.com.br\/?s={search_term_string}\"},\"query-input\":{\"@type\":\"PropertyValueSpecification\",\"valueRequired\":true,\"valueName\":\"search_term_string\"}}],\"inLanguage\":\"pt-BR\"},{\"@type\":\"Organization\",\"@id\":\"https:\/\/portalraizesnoticias.com.br\/#organization\",\"name\":\"Portal raizes NOTICIAS\",\"url\":\"https:\/\/portalraizesnoticias.com.br\/\",\"logo\":{\"@type\":\"ImageObject\",\"inLanguage\":\"pt-BR\",\"@id\":\"https:\/\/portalraizesnoticias.com.br\/#\/schema\/logo\/image\/\",\"url\":\"https:\/\/portalraizesnoticias.com.br\/wp-content\/uploads\/2024\/09\/cropped-Captura-de-tela-2024-09-08-011108.png\",\"contentUrl\":\"https:\/\/portalraizesnoticias.com.br\/wp-content\/uploads\/2024\/09\/cropped-Captura-de-tela-2024-09-08-011108.png\",\"width\":606,\"height\":173,\"caption\":\"Portal raizes NOTICIAS\"},\"image\":{\"@id\":\"https:\/\/portalraizesnoticias.com.br\/#\/schema\/logo\/image\/\"}},{\"@type\":\"Person\",\"@id\":\"https:\/\/portalraizesnoticias.com.br\/#\/schema\/person\/a3ca6b0fc701e78df19756c417d943ae\",\"name\":\"Portal Raizes\",\"image\":{\"@type\":\"ImageObject\",\"inLanguage\":\"pt-BR\",\"@id\":\"https:\/\/portalraizesnoticias.com.br\/#\/schema\/person\/image\/\",\"url\":\"https:\/\/secure.gravatar.com\/avatar\/ef450d29013a3d3fba867a12a249d7b1?s=96&d=mm&r=g\",\"contentUrl\":\"https:\/\/secure.gravatar.com\/avatar\/ef450d29013a3d3fba867a12a249d7b1?s=96&d=mm&r=g\",\"caption\":\"Portal Raizes\"},\"url\":\"https:\/\/portalraizesnoticias.com.br\/?author=3\"}]}<\/script>\n<!-- \/ Yoast SEO plugin. -->","yoast_head_json":{"title":"Suposto caso de sequestro \u00e9 registrado em Concei\u00e7\u00e3o do Coit\u00e9; mulher continua desaparecida - Portal raizes noticias","robots":{"index":"index","follow":"follow","max-snippet":"max-snippet:-1","max-image-preview":"max-image-preview:large","max-video-preview":"max-video-preview:-1"},"canonical":"https:\/\/portalraizesnoticias.com.br\/?p=6285","og_locale":"pt_BR","og_type":"article","og_title":"Suposto caso de sequestro \u00e9 registrado em Concei\u00e7\u00e3o do Coit\u00e9; mulher continua desaparecida - Portal raizes noticias","og_description":"Um suposto caso de sequestro foi registrado na noite de sexta-feira (03), no distrito de Bandia\u00e7u em Concei\u00e7\u00e3o do Coit\u00e9, na regi\u00e3o sisaleira da Bahia. O Portal Ra\u00edzes acompanhou de perto a ocorr\u00eancia e, segundo informa\u00e7\u00f5es apuradas junto \u00e0 Pol\u00edcia Militar, M.L.I. foi levada por dois homens encapuzados e supostamente armados por volta das 21h. Ainda de acordo com o Ra\u00edzes, duas jovens compareceram \u00e0 base da Pol\u00edcia Militar e Civil, instalada no circuito da micareta, para registrar a ocorr\u00eancia. Uma delas relatou que estavam reunidas entre amigas se preparando para ir ao Coit\u00e9 Folia quando os criminosos, de forma agressiva, abordaram e levaram a v\u00edtima. Durante o registro, o Portal Ra\u00edzes teve acesso a imagens de c\u00e2meras de seguran\u00e7a de um im\u00f3vel vizinho, que mostravam a movimenta\u00e7\u00e3o dos suspeitos. Amigos da v\u00edtima relataram que tentaram rastrear o celular da jovem e, at\u00e9 por volta das 23h, o sinal indicava que os supostos sequestradores seguiam em dire\u00e7\u00e3o a Feira de Santana. At\u00e9 o momento, n\u00e3o h\u00e1 informa\u00e7\u00f5es sobre a motiva\u00e7\u00e3o do crime. A v\u00edtima continua desaparecida Reda\u00e7\u00e3o","og_url":"https:\/\/portalraizesnoticias.com.br\/?p=6285","og_site_name":"Portal raizes noticias","article_published_time":"2025-05-03T08:24:18+00:00","article_modified_time":"2025-05-03T17:00:36+00:00","og_image":[{"width":768,"height":536,"url":"https:\/\/portalraizesnoticias.com.br\/wp-content\/uploads\/2025\/05\/IMG-20250503-WA0041.jpg","type":"image\/jpeg"}],"author":"Portal Raizes","twitter_card":"summary_large_image","twitter_misc":{"Escrito por":"Portal Raizes","Est. tempo de leitura":"2 minutos"},"schema":{"@context":"https:\/\/schema.org","@graph":[{"@type":"Article","@id":"https:\/\/portalraizesnoticias.com.br\/?p=6285#article","isPartOf":{"@id":"https:\/\/portalraizesnoticias.com.br\/?p=6285"},"author":{"name":"Portal Raizes","@id":"https:\/\/portalraizesnoticias.com.br\/#\/schema\/person\/a3ca6b0fc701e78df19756c417d943ae"},"headline":"Suposto caso de sequestro \u00e9 registrado em Concei\u00e7\u00e3o do Coit\u00e9; mulher continua desaparecida","datePublished":"2025-05-03T08:24:18+00:00","dateModified":"2025-05-03T17:00:36+00:00","mainEntityOfPage":{"@id":"https:\/\/portalraizesnoticias.com.br\/?p=6285"},"wordCount":212,"commentCount":0,"publisher":{"@id":"https:\/\/portalraizesnoticias.com.br\/#organization"},"image":{"@id":"https:\/\/portalraizesnoticias.com.br\/?p=6285#primaryimage"},"thumbnailUrl":"https:\/\/portalraizesnoticias.com.br\/wp-content\/uploads\/2025\/05\/IMG-20250503-WA0041.jpg","keywords":["Suposto sequestro bandia\u00e7u"],"articleSection":["DESTAQUES","POLICIA","ULTIMAS NOTICIAS"],"inLanguage":"pt-BR","potentialAction":[{"@type":"CommentAction","name":"Comment","target":["https:\/\/portalraizesnoticias.com.br\/?p=6285#respond"]}]},{"@type":"WebPage","@id":"https:\/\/portalraizesnoticias.com.br\/?p=6285","url":"https:\/\/portalraizesnoticias.com.br\/?p=6285","name":"Suposto caso de sequestro \u00e9 registrado em Concei\u00e7\u00e3o do Coit\u00e9; mulher continua desaparecida - Portal raizes noticias","isPartOf":{"@id":"https:\/\/portalraizesnoticias.com.br\/#website"},"primaryImageOfPage":{"@id":"https:\/\/portalraizesnoticias.com.br\/?p=6285#primaryimage"},"image":{"@id":"https:\/\/portalraizesnoticias.com.br\/?p=6285#primaryimage"},"thumbnailUrl":"https:\/\/portalraizesnoticias.com.br\/wp-content\/uploads\/2025\/05\/IMG-20250503-WA0041.jpg","datePublished":"2025-05-03T08:24:18+00:00","dateModified":"2025-05-03T17:00:36+00:00","breadcrumb":{"@id":"https:\/\/portalraizesnoticias.com.br\/?p=6285#breadcrumb"},"inLanguage":"pt-BR","potentialAction":[{"@type":"ReadAction","target":["https:\/\/portalraizesnoticias.com.br\/?p=6285"]}]},{"@type":"ImageObject","inLanguage":"pt-BR","@id":"https:\/\/portalraizesnoticias.com.br\/?p=6285#primaryimage","url":"https:\/\/portalraizesnoticias.com.br\/wp-content\/uploads\/2025\/05\/IMG-20250503-WA0041.jpg","contentUrl":"https:\/\/portalraizesnoticias.com.br\/wp-content\/uploads\/2025\/05\/IMG-20250503-WA0041.jpg","width":768,"height":536},{"@type":"BreadcrumbList","@id":"https:\/\/portalraizesnoticias.com.br\/?p=6285#breadcrumb","itemListElement":[{"@type":"ListItem","position":1,"name":"In\u00edcio","item":"https:\/\/portalraizesnoticias.com.br\/"},{"@type":"ListItem","position":2,"name":"Suposto caso de sequestro \u00e9 registrado em Concei\u00e7\u00e3o do Coit\u00e9; mulher continua desaparecida"}]},{"@type":"WebSite","@id":"https:\/\/portalraizesnoticias.com.br\/#website","url":"https:\/\/portalraizesnoticias.com.br\/","name":"Portal raizes NOTICIAS","description":"site de noticias de concei\u00e7\u00e3o do coit\u00e9 e regi\u00e3o","publisher":{"@id":"https:\/\/portalraizesnoticias.com.br\/#organization"},"alternateName":"PORTAL RAIZES COIT\u00c9","potentialAction":[{"@type":"SearchAction","target":{"@type":"EntryPoint","urlTemplate":"https:\/\/portalraizesnoticias.com.br\/?s={search_term_string}"},"query-input":{"@type":"PropertyValueSpecification","valueRequired":true,"valueName":"search_term_string"}}],"inLanguage":"pt-BR"},{"@type":"Organization","@id":"https:\/\/portalraizesnoticias.com.br\/#organization","name":"Portal raizes NOTICIAS","url":"https:\/\/portalraizesnoticias.com.br\/","logo":{"@type":"ImageObject","inLanguage":"pt-BR","@id":"https:\/\/portalraizesnoticias.com.br\/#\/schema\/logo\/image\/","url":"https:\/\/portalraizesnoticias.com.br\/wp-content\/uploads\/2024\/09\/cropped-Captura-de-tela-2024-09-08-011108.png","contentUrl":"https:\/\/portalraizesnoticias.com.br\/wp-content\/uploads\/2024\/09\/cropped-Captura-de-tela-2024-09-08-011108.png","width":606,"height":173,"caption":"Portal raizes NOTICIAS"},"image":{"@id":"https:\/\/portalraizesnoticias.com.br\/#\/schema\/logo\/image\/"}},{"@type":"Person","@id":"https:\/\/portalraizesnoticias.com.br\/#\/schema\/person\/a3ca6b0fc701e78df19756c417d943ae","name":"Portal Raizes","image":{"@type":"ImageObject","inLanguage":"pt-BR","@id":"https:\/\/portalraizesnoticias.com.br\/#\/schema\/person\/image\/","url":"https:\/\/secure.gravatar.com\/avatar\/ef450d29013a3d3fba867a12a249d7b1?s=96&d=mm&r=g","contentUrl":"https:\/\/secure.gravatar.com\/avatar\/ef450d29013a3d3fba867a12a249d7b1?s=96&d=mm&r=g","caption":"Portal Raizes"},"url":"https:\/\/portalraizesnoticias.com.br\/?author=3"}]}},"_links":{"self":[{"href":"https:\/\/portalraizesnoticias.com.br\/index.php?rest_route=\/wp\/v2\/posts\/6285"}],"collection":[{"href":"https:\/\/portalraizesnoticias.com.br\/index.php?rest_route=\/wp\/v2\/posts"}],"about":[{"href":"https:\/\/portalraizesnoticias.com.br\/index.php?rest_route=\/wp\/v2\/types\/post"}],"author":[{"embeddable":true,"href":"https:\/\/portalraizesnoticias.com.br\/index.php?rest_route=\/wp\/v2\/users\/3"}],"replies":[{"embeddable":true,"href":"https:\/\/portalraizesnoticias.com.br\/index.php?rest_route=%2Fwp%2Fv2%2Fcomments&post=6285"}],"version-history":[{"count":2,"href":"https:\/\/portalraizesnoticias.com.br\/index.php?rest_route=\/wp\/v2\/posts\/6285\/revisions"}],"predecessor-version":[{"id":6288,"href":"https:\/\/portalraizesnoticias.com.br\/index.php?rest_route=\/wp\/v2\/posts\/6285\/revisions\/6288"}],"wp:featuredmedia":[{"embeddable":true,"href":"https:\/\/portalraizesnoticias.com.br\/index.php?rest_route=\/wp\/v2\/media\/6286"}],"wp:attachment":[{"href":"https:\/\/portalraizesnoticias.com.br\/index.php?rest_route=%2Fwp%2Fv2%2Fmedia&parent=6285"}],"wp:term":[{"taxonomy":"category","embeddable":true,"href":"https:\/\/portalraizesnoticias.com.br\/index.php?rest_route=%2Fwp%2Fv2%2Fcategories&post=6285"},{"taxonomy":"post_tag","embeddable":true,"href":"https:\/\/portalraizesnoticias.com.br\/index.php?rest_route=%2Fwp%2Fv2%2Ftags&post=6285"}],"curies":[{"name":"wp","href":"https:\/\/api.w.org\/{rel}","templated":true}]}}