{"id":6211,"date":"2025-04-30T11:14:13","date_gmt":"2025-04-30T14:14:13","guid":{"rendered":"https:\/\/portalraizesnoticias.com.br\/?p=6211"},"modified":"2025-04-30T11:14:14","modified_gmt":"2025-04-30T14:14:14","slug":"voce-sabia-secretaria-de-comunicacao-de-conceicao-coite-foi-apresentadora-da-globo-e-record-tv","status":"publish","type":"post","link":"https:\/\/portalraizesnoticias.com.br\/?p=6211","title":{"rendered":"Voc\u00ea sabia? Secret\u00e1ria de Comunica\u00e7\u00e3o de Concei\u00e7\u00e3o Coit\u00e9 foi apresentadora da Globo e Record TV"},"content":{"rendered":"<p>Quem observou uma movimenta\u00e7\u00e3o especial na comunica\u00e7\u00e3o da prefeitura de Concei\u00e7\u00e3o do Coit\u00e9 provavelmente n\u00e3o tem ideia de que a nova secret\u00e1ria de Comunica\u00e7\u00e3o, Renata Maia, \u00e9 uma das refer\u00eancias no mercado baiano.\u00a0<\/p>\n<p><img fetchpriority=\"high\" decoding=\"async\" class=\"size-medium wp-image-6212 aligncenter\" src=\"https:\/\/portalraizesnoticias.com.br\/wp-content\/uploads\/2025\/04\/IMG-20250430-WA0164-231x300.jpg\" alt=\"\" width=\"231\" height=\"300\" srcset=\"https:\/\/portalraizesnoticias.com.br\/wp-content\/uploads\/2025\/04\/IMG-20250430-WA0164-231x300.jpg 231w, https:\/\/portalraizesnoticias.com.br\/wp-content\/uploads\/2025\/04\/IMG-20250430-WA0164-789x1024.jpg 789w, https:\/\/portalraizesnoticias.com.br\/wp-content\/uploads\/2025\/04\/IMG-20250430-WA0164-768x996.jpg 768w, https:\/\/portalraizesnoticias.com.br\/wp-content\/uploads\/2025\/04\/IMG-20250430-WA0164.jpg 1080w\" sizes=\"(max-width: 231px) 100vw, 231px\" \/><\/p>\n<p>Antes de desembarcar em territ\u00f3rio coiteense, a jornalista Renata Maia fez hist\u00f3ria ao trabalhar na Secretaria de Comunica\u00e7\u00e3o de Feira de Santana, segunda maior cidade do interior da Bahia.<\/p>\n<p><img decoding=\"async\" class=\"size-medium wp-image-6213 aligncenter\" src=\"https:\/\/portalraizesnoticias.com.br\/wp-content\/uploads\/2025\/04\/IMG-20250430-WA0162-253x300.jpg\" alt=\"\" width=\"253\" height=\"300\" srcset=\"https:\/\/portalraizesnoticias.com.br\/wp-content\/uploads\/2025\/04\/IMG-20250430-WA0162-253x300.jpg 253w, https:\/\/portalraizesnoticias.com.br\/wp-content\/uploads\/2025\/04\/IMG-20250430-WA0162-865x1024.jpg 865w, https:\/\/portalraizesnoticias.com.br\/wp-content\/uploads\/2025\/04\/IMG-20250430-WA0162-768x910.jpg 768w, https:\/\/portalraizesnoticias.com.br\/wp-content\/uploads\/2025\/04\/IMG-20250430-WA0162.jpg 1080w\" sizes=\"(max-width: 253px) 100vw, 253px\" \/><\/p>\n<p>\u00a0<\/p>\n<p>Ela foi respons\u00e1vel pela implanta\u00e7\u00e3o da TV Feira, transmitida pela TV Brasil, al\u00e9m de proporcionar um novo modo de fazer comunica\u00e7\u00e3o institucional na Princesinha do Sert\u00e3o.<\/p>\n<p>\u00a0<\/p>\n<p>Al\u00e9m disso, a especialista em comunica\u00e7\u00e3o estrat\u00e9gica possui um curr\u00edculo invej\u00e1vel!\u00a0<\/p>\n<p><img decoding=\"async\" class=\"size-medium wp-image-6215 aligncenter\" src=\"https:\/\/portalraizesnoticias.com.br\/wp-content\/uploads\/2025\/04\/IMG-20250430-WA0167-213x300.jpg\" alt=\"\" width=\"213\" height=\"300\" srcset=\"https:\/\/portalraizesnoticias.com.br\/wp-content\/uploads\/2025\/04\/IMG-20250430-WA0167-213x300.jpg 213w, https:\/\/portalraizesnoticias.com.br\/wp-content\/uploads\/2025\/04\/IMG-20250430-WA0167-726x1024.jpg 726w, https:\/\/portalraizesnoticias.com.br\/wp-content\/uploads\/2025\/04\/IMG-20250430-WA0167-768x1083.jpg 768w, https:\/\/portalraizesnoticias.com.br\/wp-content\/uploads\/2025\/04\/IMG-20250430-WA0167.jpg 818w\" sizes=\"(max-width: 213px) 100vw, 213px\" \/><\/p>\n<p>\u00a0<\/p>\n<p>O rosto familiar lembra suas diversas passagens por emissoras de TV, inclusive foi apresentadora e rep\u00f3rter na TV Suba\u00e9 (afiliada da Globo, 2015 a 2020) e Record Bahia (2012 a 2015).<\/p>\n<p><img loading=\"lazy\" decoding=\"async\" class=\"size-medium wp-image-6214 aligncenter\" src=\"https:\/\/portalraizesnoticias.com.br\/wp-content\/uploads\/2025\/04\/IMG-20250430-WA0166-300x265.jpg\" alt=\"\" width=\"300\" height=\"265\" srcset=\"https:\/\/portalraizesnoticias.com.br\/wp-content\/uploads\/2025\/04\/IMG-20250430-WA0166-300x265.jpg 300w, https:\/\/portalraizesnoticias.com.br\/wp-content\/uploads\/2025\/04\/IMG-20250430-WA0166-768x679.jpg 768w, https:\/\/portalraizesnoticias.com.br\/wp-content\/uploads\/2025\/04\/IMG-20250430-WA0166.jpg 906w\" sizes=\"(max-width: 300px) 100vw, 300px\" \/><\/p>\n<p>\u00a0<\/p>\n<p>\u00a0<\/p>\n<p>Renata Maia \u00e9 um exemplo de jornalista e chegou a Concei\u00e7\u00e3o do Coit\u00e9 h\u00e1 poucos meses, j\u00e1 deixando sua marca de sucesso.\u00a0<\/p>\n<p>\u00a0<\/p>\n<p>\u00a0Renata e sua equipe s\u00e3o genu\u00ednas em valorizar os habitantes!\u00a0<\/p>\n<p>\u00a0<\/p>\n<p>Prova disso, foi o enaltecimento dos artistas locais durante a divulga\u00e7\u00e3o das atra\u00e7\u00f5es da Coit\u00e9 Folia 2025, que acontece nesta quinta-feira (01) a domingo (04 de maio).\u00a0<\/p>\n<p>\u00a0<\/p>\n<p>Antes, o modelo aplicado deixava somente os cantores nacionais no p\u00f3dio, sem direito a intercala\u00e7\u00f5es.\u00a0<\/p>\n<p>\u00a0<\/p>\n<p>Dessa vez, foi diferente! Entre uma banda consagrada, estava um artista do munic\u00edpio sendo exaltado na programa\u00e7\u00e3o.<\/p>\n<p>\u00a0<\/p>\n<p>Esse \u00e9 um dos poucos exemplos, diante da vasta experi\u00eancia da soteropolitana, deixando algo que era bom ainda melhor!\u00a0<\/p>\n<p>\u00a0<\/p>\n<p>Em suma, Coit\u00e9 \u00e9 um local requisitado, onde ostentar o nome da cidade no curr\u00edculo \u00e9 motivo de orgulho.<\/p>\n\n\n<blockquote class=\"instagram-media\" data-instgrm-captioned data-instgrm-permalink=\"https:\/\/www.instagram.com\/reel\/DIJkJcRuZyA\/?utm_source=ig_embed&amp;utm_campaign=loading\" data-instgrm-version=\"14\" style=\" background:#FFF; border:0; border-radius:3px; box-shadow:0 0 1px 0 rgba(0,0,0,0.5),0 1px 10px 0 rgba(0,0,0,0.15); margin: 1px; max-width:540px; min-width:326px; padding:0; width:99.375%; width:-webkit-calc(100% - 2px); width:calc(100% - 2px);\"><div style=\"padding:16px;\"> <a href=\"https:\/\/www.instagram.com\/reel\/DIJkJcRuZyA\/?utm_source=ig_embed&amp;utm_campaign=loading\" style=\" background:#FFFFFF; line-height:0; padding:0 0; text-align:center; text-decoration:none; width:100%;\" target=\"_blank\" rel=\"noopener\"> <div style=\" display: flex; flex-direction: row; align-items: center;\"> <div style=\"background-color: #F4F4F4; border-radius: 50%; flex-grow: 0; height: 40px; margin-right: 14px; width: 40px;\"><\/div> <div style=\"display: flex; flex-direction: column; flex-grow: 1; justify-content: center;\"> <div style=\" background-color: #F4F4F4; border-radius: 4px; flex-grow: 0; height: 14px; margin-bottom: 6px; width: 100px;\"><\/div> <div style=\" background-color: #F4F4F4; border-radius: 4px; flex-grow: 0; height: 14px; width: 60px;\"><\/div><\/div><\/div><div style=\"padding: 19% 0;\"><\/div> <div style=\"display:block; height:50px; margin:0 auto 12px; width:50px;\"><svg width=\"50px\" height=\"50px\" viewBox=\"0 0 60 60\" version=\"1.1\" xmlns=\"https:\/\/www.w3.org\/2000\/svg\" xmlns:xlink=\"https:\/\/www.w3.org\/1999\/xlink\"><g stroke=\"none\" stroke-width=\"1\" fill=\"none\" fill-rule=\"evenodd\"><g transform=\"translate(-511.000000, -20.000000)\" fill=\"#000000\"><g><path d=\"M556.869,30.41 C554.814,30.41 553.148,32.076 553.148,34.131 C553.148,36.186 554.814,37.852 556.869,37.852 C558.924,37.852 560.59,36.186 560.59,34.131 C560.59,32.076 558.924,30.41 556.869,30.41 M541,60.657 C535.114,60.657 530.342,55.887 530.342,50 C530.342,44.114 535.114,39.342 541,39.342 C546.887,39.342 551.658,44.114 551.658,50 C551.658,55.887 546.887,60.657 541,60.657 M541,33.886 C532.1,33.886 524.886,41.1 524.886,50 C524.886,58.899 532.1,66.113 541,66.113 C549.9,66.113 557.115,58.899 557.115,50 C557.115,41.1 549.9,33.886 541,33.886 M565.378,62.101 C565.244,65.022 564.756,66.606 564.346,67.663 C563.803,69.06 563.154,70.057 562.106,71.106 C561.058,72.155 560.06,72.803 558.662,73.347 C557.607,73.757 556.021,74.244 553.102,74.378 C549.944,74.521 548.997,74.552 541,74.552 C533.003,74.552 532.056,74.521 528.898,74.378 C525.979,74.244 524.393,73.757 523.338,73.347 C521.94,72.803 520.942,72.155 519.894,71.106 C518.846,70.057 518.197,69.06 517.654,67.663 C517.244,66.606 516.755,65.022 516.623,62.101 C516.479,58.943 516.448,57.996 516.448,50 C516.448,42.003 516.479,41.056 516.623,37.899 C516.755,34.978 517.244,33.391 517.654,32.338 C518.197,30.938 518.846,29.942 519.894,28.894 C520.942,27.846 521.94,27.196 523.338,26.654 C524.393,26.244 525.979,25.756 528.898,25.623 C532.057,25.479 533.004,25.448 541,25.448 C548.997,25.448 549.943,25.479 553.102,25.623 C556.021,25.756 557.607,26.244 558.662,26.654 C560.06,27.196 561.058,27.846 562.106,28.894 C563.154,29.942 563.803,30.938 564.346,32.338 C564.756,33.391 565.244,34.978 565.378,37.899 C565.522,41.056 565.552,42.003 565.552,50 C565.552,57.996 565.522,58.943 565.378,62.101 M570.82,37.631 C570.674,34.438 570.167,32.258 569.425,30.349 C568.659,28.377 567.633,26.702 565.965,25.035 C564.297,23.368 562.623,22.342 560.652,21.575 C558.743,20.834 556.562,20.326 553.369,20.18 C550.169,20.033 549.148,20 541,20 C532.853,20 531.831,20.033 528.631,20.18 C525.438,20.326 523.257,20.834 521.349,21.575 C519.376,22.342 517.703,23.368 516.035,25.035 C514.368,26.702 513.342,28.377 512.574,30.349 C511.834,32.258 511.326,34.438 511.181,37.631 C511.035,40.831 511,41.851 511,50 C511,58.147 511.035,59.17 511.181,62.369 C511.326,65.562 511.834,67.743 512.574,69.651 C513.342,71.625 514.368,73.296 516.035,74.965 C517.703,76.634 519.376,77.658 521.349,78.425 C523.257,79.167 525.438,79.673 528.631,79.82 C531.831,79.965 532.853,80.001 541,80.001 C549.148,80.001 550.169,79.965 553.369,79.82 C556.562,79.673 558.743,79.167 560.652,78.425 C562.623,77.658 564.297,76.634 565.965,74.965 C567.633,73.296 568.659,71.625 569.425,69.651 C570.167,67.743 570.674,65.562 570.82,62.369 C570.966,59.17 571,58.147 571,50 C571,41.851 570.966,40.831 570.82,37.631\"><\/path><\/g><\/g><\/g><\/svg><\/div><div style=\"padding-top: 8px;\"> <div style=\" color:#3897f0; font-family:Arial,sans-serif; font-size:14px; font-style:normal; font-weight:550; line-height:18px;\">Ver essa foto no Instagram<\/div><\/div><div style=\"padding: 12.5% 0;\"><\/div> <div style=\"display: flex; flex-direction: row; margin-bottom: 14px; align-items: center;\"><div> <div style=\"background-color: #F4F4F4; border-radius: 50%; height: 12.5px; width: 12.5px; transform: translateX(0px) translateY(7px);\"><\/div> <div style=\"background-color: #F4F4F4; height: 12.5px; transform: rotate(-45deg) translateX(3px) translateY(1px); width: 12.5px; flex-grow: 0; margin-right: 14px; margin-left: 2px;\"><\/div> <div style=\"background-color: #F4F4F4; border-radius: 50%; height: 12.5px; width: 12.5px; transform: translateX(9px) translateY(-18px);\"><\/div><\/div><div style=\"margin-left: 8px;\"> <div style=\" background-color: #F4F4F4; border-radius: 50%; flex-grow: 0; height: 20px; width: 20px;\"><\/div> <div style=\" width: 0; height: 0; border-top: 2px solid transparent; border-left: 6px solid #f4f4f4; border-bottom: 2px solid transparent; transform: translateX(16px) translateY(-4px) rotate(30deg)\"><\/div><\/div><div style=\"margin-left: auto;\"> <div style=\" width: 0px; border-top: 8px solid #F4F4F4; border-right: 8px solid transparent; transform: translateY(16px);\"><\/div> <div style=\" background-color: #F4F4F4; flex-grow: 0; height: 12px; width: 16px; transform: translateY(-4px);\"><\/div> <div style=\" width: 0; height: 0; border-top: 8px solid #F4F4F4; border-left: 8px solid transparent; transform: translateY(-4px) translateX(8px);\"><\/div><\/div><\/div> <div style=\"display: flex; flex-direction: column; flex-grow: 1; justify-content: center; margin-bottom: 24px;\"> <div style=\" background-color: #F4F4F4; border-radius: 4px; flex-grow: 0; height: 14px; margin-bottom: 6px; width: 224px;\"><\/div> <div style=\" background-color: #F4F4F4; border-radius: 4px; flex-grow: 0; height: 14px; width: 144px;\"><\/div><\/div><\/a><p style=\" color:#c9c8cd; font-family:Arial,sans-serif; font-size:14px; line-height:17px; margin-bottom:0; margin-top:8px; overflow:hidden; padding:8px 0 7px; text-align:center; text-overflow:ellipsis; white-space:nowrap;\"><a href=\"https:\/\/www.instagram.com\/reel\/DIJkJcRuZyA\/?utm_source=ig_embed&amp;utm_campaign=loading\" style=\" color:#c9c8cd; font-family:Arial,sans-serif; font-size:14px; font-style:normal; font-weight:normal; line-height:17px; text-decoration:none;\" target=\"_blank\" rel=\"noopener\">Uma publica\u00e7\u00e3o compartilhada por RENATA MAIA (@renatamaiareal)<\/a><\/p><\/div><\/blockquote>\n<script async src=\"\/\/www.instagram.com\/embed.js\"><\/script>\n\n\n\n<p>Por Rafaela Rodrigues <\/p>\n\n\n\n<p>Fotos: Redes Sociais<\/p>\n\n\n\n<p><\/p>\n","protected":false},"excerpt":{"rendered":"<p>Quem observou uma movimenta\u00e7\u00e3o especial na comunica\u00e7\u00e3o da prefeitura de Concei\u00e7\u00e3o do Coit\u00e9 provavelmente n\u00e3o tem ideia de que a nova secret\u00e1ria de Comunica\u00e7\u00e3o, Renata Maia, \u00e9 uma das refer\u00eancias no mercado baiano.\u00a0 Antes de desembarcar em territ\u00f3rio coiteense, a jornalista Renata Maia fez hist\u00f3ria ao trabalhar na Secretaria de Comunica\u00e7\u00e3o de Feira de Santana, segunda maior cidade do interior da Bahia. \u00a0 Ela foi respons\u00e1vel pela implanta\u00e7\u00e3o da TV Feira, transmitida pela TV Brasil, al\u00e9m de proporcionar um novo modo de fazer comunica\u00e7\u00e3o institucional na Princesinha do Sert\u00e3o. \u00a0 Al\u00e9m disso, a especialista em comunica\u00e7\u00e3o estrat\u00e9gica possui um curr\u00edculo invej\u00e1vel!\u00a0 \u00a0 O rosto familiar lembra suas diversas passagens por emissoras de TV, inclusive foi apresentadora e rep\u00f3rter na TV Suba\u00e9 (afiliada da Globo, 2015 a 2020) e Record Bahia (2012 a 2015). \u00a0 \u00a0 Renata Maia \u00e9 um exemplo de jornalista e chegou a Concei\u00e7\u00e3o do Coit\u00e9 h\u00e1 poucos meses, j\u00e1 deixando sua marca de sucesso.\u00a0 \u00a0 \u00a0Renata e sua equipe s\u00e3o genu\u00ednas em valorizar os habitantes!\u00a0 \u00a0 Prova disso, foi o enaltecimento dos artistas locais durante a divulga\u00e7\u00e3o das atra\u00e7\u00f5es da Coit\u00e9 Folia 2025, que acontece nesta quinta-feira (01) a domingo (04 de maio).\u00a0 \u00a0 Antes, o modelo aplicado deixava somente os cantores nacionais no p\u00f3dio, sem direito a intercala\u00e7\u00f5es.\u00a0 \u00a0 Dessa vez, foi diferente! Entre uma banda consagrada, estava um artista do munic\u00edpio sendo exaltado na programa\u00e7\u00e3o. \u00a0 Esse \u00e9 um dos poucos exemplos, diante da vasta experi\u00eancia da soteropolitana, deixando algo que era bom ainda melhor!\u00a0 \u00a0 Em suma, Coit\u00e9 \u00e9 um local requisitado, onde ostentar o nome da cidade no curr\u00edculo \u00e9 motivo de orgulho. Ver essa foto no Instagram Uma publica\u00e7\u00e3o compartilhada por RENATA MAIA (@renatamaiareal) Por Rafaela Rodrigues Fotos: Redes Sociais<\/p>\n","protected":false},"author":3,"featured_media":6216,"comment_status":"open","ping_status":"open","sticky":false,"template":"","format":"standard","meta":{"_joinchat":[],"footnotes":""},"categories":[55,53,59],"tags":[704,1037,1036],"class_list":["post-6211","post","type-post","status-publish","format-standard","has-post-thumbnail","hentry","category-destaques","category-politica","category-ultimas-noticias","tag-jornalista","tag-renata-maia","tag-secretaria-de-comunicacao-coite"],"yoast_head":"<!-- This site is optimized with the Yoast SEO plugin v24.4 - https:\/\/yoast.com\/wordpress\/plugins\/seo\/ -->\n<title>Voc\u00ea sabia? Secret\u00e1ria de Comunica\u00e7\u00e3o de Concei\u00e7\u00e3o Coit\u00e9 foi apresentadora da Globo e Record TV - Portal raizes noticias<\/title>\n<meta name=\"robots\" content=\"index, follow, max-snippet:-1, max-image-preview:large, max-video-preview:-1\" \/>\n<link rel=\"canonical\" href=\"https:\/\/portalraizesnoticias.com.br\/?p=6211\" \/>\n<meta property=\"og:locale\" content=\"pt_BR\" \/>\n<meta property=\"og:type\" content=\"article\" \/>\n<meta property=\"og:title\" content=\"Voc\u00ea sabia? Secret\u00e1ria de Comunica\u00e7\u00e3o de Concei\u00e7\u00e3o Coit\u00e9 foi apresentadora da Globo e Record TV - Portal raizes noticias\" \/>\n<meta property=\"og:description\" content=\"Quem observou uma movimenta\u00e7\u00e3o especial na comunica\u00e7\u00e3o da prefeitura de Concei\u00e7\u00e3o do Coit\u00e9 provavelmente n\u00e3o tem ideia de que a nova secret\u00e1ria de Comunica\u00e7\u00e3o, Renata Maia, \u00e9 uma das refer\u00eancias no mercado baiano.\u00a0 Antes de desembarcar em territ\u00f3rio coiteense, a jornalista Renata Maia fez hist\u00f3ria ao trabalhar na Secretaria de Comunica\u00e7\u00e3o de Feira de Santana, segunda maior cidade do interior da Bahia. \u00a0 Ela foi respons\u00e1vel pela implanta\u00e7\u00e3o da TV Feira, transmitida pela TV Brasil, al\u00e9m de proporcionar um novo modo de fazer comunica\u00e7\u00e3o institucional na Princesinha do Sert\u00e3o. \u00a0 Al\u00e9m disso, a especialista em comunica\u00e7\u00e3o estrat\u00e9gica possui um curr\u00edculo invej\u00e1vel!\u00a0 \u00a0 O rosto familiar lembra suas diversas passagens por emissoras de TV, inclusive foi apresentadora e rep\u00f3rter na TV Suba\u00e9 (afiliada da Globo, 2015 a 2020) e Record Bahia (2012 a 2015). \u00a0 \u00a0 Renata Maia \u00e9 um exemplo de jornalista e chegou a Concei\u00e7\u00e3o do Coit\u00e9 h\u00e1 poucos meses, j\u00e1 deixando sua marca de sucesso.\u00a0 \u00a0 \u00a0Renata e sua equipe s\u00e3o genu\u00ednas em valorizar os habitantes!\u00a0 \u00a0 Prova disso, foi o enaltecimento dos artistas locais durante a divulga\u00e7\u00e3o das atra\u00e7\u00f5es da Coit\u00e9 Folia 2025, que acontece nesta quinta-feira (01) a domingo (04 de maio).\u00a0 \u00a0 Antes, o modelo aplicado deixava somente os cantores nacionais no p\u00f3dio, sem direito a intercala\u00e7\u00f5es.\u00a0 \u00a0 Dessa vez, foi diferente! Entre uma banda consagrada, estava um artista do munic\u00edpio sendo exaltado na programa\u00e7\u00e3o. \u00a0 Esse \u00e9 um dos poucos exemplos, diante da vasta experi\u00eancia da soteropolitana, deixando algo que era bom ainda melhor!\u00a0 \u00a0 Em suma, Coit\u00e9 \u00e9 um local requisitado, onde ostentar o nome da cidade no curr\u00edculo \u00e9 motivo de orgulho. Ver essa foto no Instagram Uma publica\u00e7\u00e3o compartilhada por RENATA MAIA (@renatamaiareal) Por Rafaela Rodrigues Fotos: Redes Sociais\" \/>\n<meta property=\"og:url\" content=\"https:\/\/portalraizesnoticias.com.br\/?p=6211\" \/>\n<meta property=\"og:site_name\" content=\"Portal raizes noticias\" \/>\n<meta property=\"article:published_time\" content=\"2025-04-30T14:14:13+00:00\" \/>\n<meta property=\"article:modified_time\" content=\"2025-04-30T14:14:14+00:00\" \/>\n<meta property=\"og:image\" content=\"https:\/\/portalraizesnoticias.com.br\/wp-content\/uploads\/2025\/04\/IMG-20250430-WA0166-1.jpg\" \/>\n\t<meta property=\"og:image:width\" content=\"906\" \/>\n\t<meta property=\"og:image:height\" content=\"801\" \/>\n\t<meta property=\"og:image:type\" content=\"image\/jpeg\" \/>\n<meta name=\"author\" content=\"Portal Raizes\" \/>\n<meta name=\"twitter:card\" content=\"summary_large_image\" \/>\n<meta name=\"twitter:label1\" content=\"Escrito por\" \/>\n\t<meta name=\"twitter:data1\" content=\"Portal Raizes\" \/>\n\t<meta name=\"twitter:label2\" content=\"Est. tempo de leitura\" \/>\n\t<meta name=\"twitter:data2\" content=\"3 minutos\" \/>\n<script type=\"application\/ld+json\" class=\"yoast-schema-graph\">{\"@context\":\"https:\/\/schema.org\",\"@graph\":[{\"@type\":\"Article\",\"@id\":\"https:\/\/portalraizesnoticias.com.br\/?p=6211#article\",\"isPartOf\":{\"@id\":\"https:\/\/portalraizesnoticias.com.br\/?p=6211\"},\"author\":{\"name\":\"Portal Raizes\",\"@id\":\"https:\/\/portalraizesnoticias.com.br\/#\/schema\/person\/a3ca6b0fc701e78df19756c417d943ae\"},\"headline\":\"Voc\u00ea sabia? Secret\u00e1ria de Comunica\u00e7\u00e3o de Concei\u00e7\u00e3o Coit\u00e9 foi apresentadora da Globo e Record TV\",\"datePublished\":\"2025-04-30T14:14:13+00:00\",\"dateModified\":\"2025-04-30T14:14:14+00:00\",\"mainEntityOfPage\":{\"@id\":\"https:\/\/portalraizesnoticias.com.br\/?p=6211\"},\"wordCount\":316,\"commentCount\":0,\"publisher\":{\"@id\":\"https:\/\/portalraizesnoticias.com.br\/#organization\"},\"image\":{\"@id\":\"https:\/\/portalraizesnoticias.com.br\/?p=6211#primaryimage\"},\"thumbnailUrl\":\"https:\/\/portalraizesnoticias.com.br\/wp-content\/uploads\/2025\/04\/IMG-20250430-WA0166-1.jpg\",\"keywords\":[\"Jornalista\",\"Renata Maia\",\"Secret\u00e1ria de Comunica\u00e7\u00e3o Coit\u00e9\"],\"articleSection\":[\"DESTAQUES\",\"POLITICA\",\"ULTIMAS NOTICIAS\"],\"inLanguage\":\"pt-BR\",\"potentialAction\":[{\"@type\":\"CommentAction\",\"name\":\"Comment\",\"target\":[\"https:\/\/portalraizesnoticias.com.br\/?p=6211#respond\"]}]},{\"@type\":\"WebPage\",\"@id\":\"https:\/\/portalraizesnoticias.com.br\/?p=6211\",\"url\":\"https:\/\/portalraizesnoticias.com.br\/?p=6211\",\"name\":\"Voc\u00ea sabia? Secret\u00e1ria de Comunica\u00e7\u00e3o de Concei\u00e7\u00e3o Coit\u00e9 foi apresentadora da Globo e Record TV - Portal raizes noticias\",\"isPartOf\":{\"@id\":\"https:\/\/portalraizesnoticias.com.br\/#website\"},\"primaryImageOfPage\":{\"@id\":\"https:\/\/portalraizesnoticias.com.br\/?p=6211#primaryimage\"},\"image\":{\"@id\":\"https:\/\/portalraizesnoticias.com.br\/?p=6211#primaryimage\"},\"thumbnailUrl\":\"https:\/\/portalraizesnoticias.com.br\/wp-content\/uploads\/2025\/04\/IMG-20250430-WA0166-1.jpg\",\"datePublished\":\"2025-04-30T14:14:13+00:00\",\"dateModified\":\"2025-04-30T14:14:14+00:00\",\"breadcrumb\":{\"@id\":\"https:\/\/portalraizesnoticias.com.br\/?p=6211#breadcrumb\"},\"inLanguage\":\"pt-BR\",\"potentialAction\":[{\"@type\":\"ReadAction\",\"target\":[\"https:\/\/portalraizesnoticias.com.br\/?p=6211\"]}]},{\"@type\":\"ImageObject\",\"inLanguage\":\"pt-BR\",\"@id\":\"https:\/\/portalraizesnoticias.com.br\/?p=6211#primaryimage\",\"url\":\"https:\/\/portalraizesnoticias.com.br\/wp-content\/uploads\/2025\/04\/IMG-20250430-WA0166-1.jpg\",\"contentUrl\":\"https:\/\/portalraizesnoticias.com.br\/wp-content\/uploads\/2025\/04\/IMG-20250430-WA0166-1.jpg\",\"width\":906,\"height\":801},{\"@type\":\"BreadcrumbList\",\"@id\":\"https:\/\/portalraizesnoticias.com.br\/?p=6211#breadcrumb\",\"itemListElement\":[{\"@type\":\"ListItem\",\"position\":1,\"name\":\"In\u00edcio\",\"item\":\"https:\/\/portalraizesnoticias.com.br\/\"},{\"@type\":\"ListItem\",\"position\":2,\"name\":\"Voc\u00ea sabia? Secret\u00e1ria de Comunica\u00e7\u00e3o de Concei\u00e7\u00e3o Coit\u00e9 foi apresentadora da Globo e Record TV\"}]},{\"@type\":\"WebSite\",\"@id\":\"https:\/\/portalraizesnoticias.com.br\/#website\",\"url\":\"https:\/\/portalraizesnoticias.com.br\/\",\"name\":\"Portal raizes NOTICIAS\",\"description\":\"site de noticias de concei\u00e7\u00e3o do coit\u00e9 e regi\u00e3o\",\"publisher\":{\"@id\":\"https:\/\/portalraizesnoticias.com.br\/#organization\"},\"alternateName\":\"PORTAL RAIZES COIT\u00c9\",\"potentialAction\":[{\"@type\":\"SearchAction\",\"target\":{\"@type\":\"EntryPoint\",\"urlTemplate\":\"https:\/\/portalraizesnoticias.com.br\/?s={search_term_string}\"},\"query-input\":{\"@type\":\"PropertyValueSpecification\",\"valueRequired\":true,\"valueName\":\"search_term_string\"}}],\"inLanguage\":\"pt-BR\"},{\"@type\":\"Organization\",\"@id\":\"https:\/\/portalraizesnoticias.com.br\/#organization\",\"name\":\"Portal raizes NOTICIAS\",\"url\":\"https:\/\/portalraizesnoticias.com.br\/\",\"logo\":{\"@type\":\"ImageObject\",\"inLanguage\":\"pt-BR\",\"@id\":\"https:\/\/portalraizesnoticias.com.br\/#\/schema\/logo\/image\/\",\"url\":\"https:\/\/portalraizesnoticias.com.br\/wp-content\/uploads\/2024\/09\/cropped-Captura-de-tela-2024-09-08-011108.png\",\"contentUrl\":\"https:\/\/portalraizesnoticias.com.br\/wp-content\/uploads\/2024\/09\/cropped-Captura-de-tela-2024-09-08-011108.png\",\"width\":606,\"height\":173,\"caption\":\"Portal raizes NOTICIAS\"},\"image\":{\"@id\":\"https:\/\/portalraizesnoticias.com.br\/#\/schema\/logo\/image\/\"}},{\"@type\":\"Person\",\"@id\":\"https:\/\/portalraizesnoticias.com.br\/#\/schema\/person\/a3ca6b0fc701e78df19756c417d943ae\",\"name\":\"Portal Raizes\",\"image\":{\"@type\":\"ImageObject\",\"inLanguage\":\"pt-BR\",\"@id\":\"https:\/\/portalraizesnoticias.com.br\/#\/schema\/person\/image\/\",\"url\":\"https:\/\/secure.gravatar.com\/avatar\/ef450d29013a3d3fba867a12a249d7b1?s=96&d=mm&r=g\",\"contentUrl\":\"https:\/\/secure.gravatar.com\/avatar\/ef450d29013a3d3fba867a12a249d7b1?s=96&d=mm&r=g\",\"caption\":\"Portal Raizes\"},\"url\":\"https:\/\/portalraizesnoticias.com.br\/?author=3\"}]}<\/script>\n<!-- \/ Yoast SEO plugin. -->","yoast_head_json":{"title":"Voc\u00ea sabia? Secret\u00e1ria de Comunica\u00e7\u00e3o de Concei\u00e7\u00e3o Coit\u00e9 foi apresentadora da Globo e Record TV - Portal raizes noticias","robots":{"index":"index","follow":"follow","max-snippet":"max-snippet:-1","max-image-preview":"max-image-preview:large","max-video-preview":"max-video-preview:-1"},"canonical":"https:\/\/portalraizesnoticias.com.br\/?p=6211","og_locale":"pt_BR","og_type":"article","og_title":"Voc\u00ea sabia? Secret\u00e1ria de Comunica\u00e7\u00e3o de Concei\u00e7\u00e3o Coit\u00e9 foi apresentadora da Globo e Record TV - Portal raizes noticias","og_description":"Quem observou uma movimenta\u00e7\u00e3o especial na comunica\u00e7\u00e3o da prefeitura de Concei\u00e7\u00e3o do Coit\u00e9 provavelmente n\u00e3o tem ideia de que a nova secret\u00e1ria de Comunica\u00e7\u00e3o, Renata Maia, \u00e9 uma das refer\u00eancias no mercado baiano.\u00a0 Antes de desembarcar em territ\u00f3rio coiteense, a jornalista Renata Maia fez hist\u00f3ria ao trabalhar na Secretaria de Comunica\u00e7\u00e3o de Feira de Santana, segunda maior cidade do interior da Bahia. \u00a0 Ela foi respons\u00e1vel pela implanta\u00e7\u00e3o da TV Feira, transmitida pela TV Brasil, al\u00e9m de proporcionar um novo modo de fazer comunica\u00e7\u00e3o institucional na Princesinha do Sert\u00e3o. \u00a0 Al\u00e9m disso, a especialista em comunica\u00e7\u00e3o estrat\u00e9gica possui um curr\u00edculo invej\u00e1vel!\u00a0 \u00a0 O rosto familiar lembra suas diversas passagens por emissoras de TV, inclusive foi apresentadora e rep\u00f3rter na TV Suba\u00e9 (afiliada da Globo, 2015 a 2020) e Record Bahia (2012 a 2015). \u00a0 \u00a0 Renata Maia \u00e9 um exemplo de jornalista e chegou a Concei\u00e7\u00e3o do Coit\u00e9 h\u00e1 poucos meses, j\u00e1 deixando sua marca de sucesso.\u00a0 \u00a0 \u00a0Renata e sua equipe s\u00e3o genu\u00ednas em valorizar os habitantes!\u00a0 \u00a0 Prova disso, foi o enaltecimento dos artistas locais durante a divulga\u00e7\u00e3o das atra\u00e7\u00f5es da Coit\u00e9 Folia 2025, que acontece nesta quinta-feira (01) a domingo (04 de maio).\u00a0 \u00a0 Antes, o modelo aplicado deixava somente os cantores nacionais no p\u00f3dio, sem direito a intercala\u00e7\u00f5es.\u00a0 \u00a0 Dessa vez, foi diferente! Entre uma banda consagrada, estava um artista do munic\u00edpio sendo exaltado na programa\u00e7\u00e3o. \u00a0 Esse \u00e9 um dos poucos exemplos, diante da vasta experi\u00eancia da soteropolitana, deixando algo que era bom ainda melhor!\u00a0 \u00a0 Em suma, Coit\u00e9 \u00e9 um local requisitado, onde ostentar o nome da cidade no curr\u00edculo \u00e9 motivo de orgulho. Ver essa foto no Instagram Uma publica\u00e7\u00e3o compartilhada por RENATA MAIA (@renatamaiareal) Por Rafaela Rodrigues Fotos: Redes Sociais","og_url":"https:\/\/portalraizesnoticias.com.br\/?p=6211","og_site_name":"Portal raizes noticias","article_published_time":"2025-04-30T14:14:13+00:00","article_modified_time":"2025-04-30T14:14:14+00:00","og_image":[{"width":906,"height":801,"url":"https:\/\/portalraizesnoticias.com.br\/wp-content\/uploads\/2025\/04\/IMG-20250430-WA0166-1.jpg","type":"image\/jpeg"}],"author":"Portal Raizes","twitter_card":"summary_large_image","twitter_misc":{"Escrito por":"Portal Raizes","Est. tempo de leitura":"3 minutos"},"schema":{"@context":"https:\/\/schema.org","@graph":[{"@type":"Article","@id":"https:\/\/portalraizesnoticias.com.br\/?p=6211#article","isPartOf":{"@id":"https:\/\/portalraizesnoticias.com.br\/?p=6211"},"author":{"name":"Portal Raizes","@id":"https:\/\/portalraizesnoticias.com.br\/#\/schema\/person\/a3ca6b0fc701e78df19756c417d943ae"},"headline":"Voc\u00ea sabia? Secret\u00e1ria de Comunica\u00e7\u00e3o de Concei\u00e7\u00e3o Coit\u00e9 foi apresentadora da Globo e Record TV","datePublished":"2025-04-30T14:14:13+00:00","dateModified":"2025-04-30T14:14:14+00:00","mainEntityOfPage":{"@id":"https:\/\/portalraizesnoticias.com.br\/?p=6211"},"wordCount":316,"commentCount":0,"publisher":{"@id":"https:\/\/portalraizesnoticias.com.br\/#organization"},"image":{"@id":"https:\/\/portalraizesnoticias.com.br\/?p=6211#primaryimage"},"thumbnailUrl":"https:\/\/portalraizesnoticias.com.br\/wp-content\/uploads\/2025\/04\/IMG-20250430-WA0166-1.jpg","keywords":["Jornalista","Renata Maia","Secret\u00e1ria de Comunica\u00e7\u00e3o Coit\u00e9"],"articleSection":["DESTAQUES","POLITICA","ULTIMAS NOTICIAS"],"inLanguage":"pt-BR","potentialAction":[{"@type":"CommentAction","name":"Comment","target":["https:\/\/portalraizesnoticias.com.br\/?p=6211#respond"]}]},{"@type":"WebPage","@id":"https:\/\/portalraizesnoticias.com.br\/?p=6211","url":"https:\/\/portalraizesnoticias.com.br\/?p=6211","name":"Voc\u00ea sabia? Secret\u00e1ria de Comunica\u00e7\u00e3o de Concei\u00e7\u00e3o Coit\u00e9 foi apresentadora da Globo e Record TV - Portal raizes noticias","isPartOf":{"@id":"https:\/\/portalraizesnoticias.com.br\/#website"},"primaryImageOfPage":{"@id":"https:\/\/portalraizesnoticias.com.br\/?p=6211#primaryimage"},"image":{"@id":"https:\/\/portalraizesnoticias.com.br\/?p=6211#primaryimage"},"thumbnailUrl":"https:\/\/portalraizesnoticias.com.br\/wp-content\/uploads\/2025\/04\/IMG-20250430-WA0166-1.jpg","datePublished":"2025-04-30T14:14:13+00:00","dateModified":"2025-04-30T14:14:14+00:00","breadcrumb":{"@id":"https:\/\/portalraizesnoticias.com.br\/?p=6211#breadcrumb"},"inLanguage":"pt-BR","potentialAction":[{"@type":"ReadAction","target":["https:\/\/portalraizesnoticias.com.br\/?p=6211"]}]},{"@type":"ImageObject","inLanguage":"pt-BR","@id":"https:\/\/portalraizesnoticias.com.br\/?p=6211#primaryimage","url":"https:\/\/portalraizesnoticias.com.br\/wp-content\/uploads\/2025\/04\/IMG-20250430-WA0166-1.jpg","contentUrl":"https:\/\/portalraizesnoticias.com.br\/wp-content\/uploads\/2025\/04\/IMG-20250430-WA0166-1.jpg","width":906,"height":801},{"@type":"BreadcrumbList","@id":"https:\/\/portalraizesnoticias.com.br\/?p=6211#breadcrumb","itemListElement":[{"@type":"ListItem","position":1,"name":"In\u00edcio","item":"https:\/\/portalraizesnoticias.com.br\/"},{"@type":"ListItem","position":2,"name":"Voc\u00ea sabia? Secret\u00e1ria de Comunica\u00e7\u00e3o de Concei\u00e7\u00e3o Coit\u00e9 foi apresentadora da Globo e Record TV"}]},{"@type":"WebSite","@id":"https:\/\/portalraizesnoticias.com.br\/#website","url":"https:\/\/portalraizesnoticias.com.br\/","name":"Portal raizes NOTICIAS","description":"site de noticias de concei\u00e7\u00e3o do coit\u00e9 e regi\u00e3o","publisher":{"@id":"https:\/\/portalraizesnoticias.com.br\/#organization"},"alternateName":"PORTAL RAIZES COIT\u00c9","potentialAction":[{"@type":"SearchAction","target":{"@type":"EntryPoint","urlTemplate":"https:\/\/portalraizesnoticias.com.br\/?s={search_term_string}"},"query-input":{"@type":"PropertyValueSpecification","valueRequired":true,"valueName":"search_term_string"}}],"inLanguage":"pt-BR"},{"@type":"Organization","@id":"https:\/\/portalraizesnoticias.com.br\/#organization","name":"Portal raizes NOTICIAS","url":"https:\/\/portalraizesnoticias.com.br\/","logo":{"@type":"ImageObject","inLanguage":"pt-BR","@id":"https:\/\/portalraizesnoticias.com.br\/#\/schema\/logo\/image\/","url":"https:\/\/portalraizesnoticias.com.br\/wp-content\/uploads\/2024\/09\/cropped-Captura-de-tela-2024-09-08-011108.png","contentUrl":"https:\/\/portalraizesnoticias.com.br\/wp-content\/uploads\/2024\/09\/cropped-Captura-de-tela-2024-09-08-011108.png","width":606,"height":173,"caption":"Portal raizes NOTICIAS"},"image":{"@id":"https:\/\/portalraizesnoticias.com.br\/#\/schema\/logo\/image\/"}},{"@type":"Person","@id":"https:\/\/portalraizesnoticias.com.br\/#\/schema\/person\/a3ca6b0fc701e78df19756c417d943ae","name":"Portal Raizes","image":{"@type":"ImageObject","inLanguage":"pt-BR","@id":"https:\/\/portalraizesnoticias.com.br\/#\/schema\/person\/image\/","url":"https:\/\/secure.gravatar.com\/avatar\/ef450d29013a3d3fba867a12a249d7b1?s=96&d=mm&r=g","contentUrl":"https:\/\/secure.gravatar.com\/avatar\/ef450d29013a3d3fba867a12a249d7b1?s=96&d=mm&r=g","caption":"Portal Raizes"},"url":"https:\/\/portalraizesnoticias.com.br\/?author=3"}]}},"_links":{"self":[{"href":"https:\/\/portalraizesnoticias.com.br\/index.php?rest_route=\/wp\/v2\/posts\/6211"}],"collection":[{"href":"https:\/\/portalraizesnoticias.com.br\/index.php?rest_route=\/wp\/v2\/posts"}],"about":[{"href":"https:\/\/portalraizesnoticias.com.br\/index.php?rest_route=\/wp\/v2\/types\/post"}],"author":[{"embeddable":true,"href":"https:\/\/portalraizesnoticias.com.br\/index.php?rest_route=\/wp\/v2\/users\/3"}],"replies":[{"embeddable":true,"href":"https:\/\/portalraizesnoticias.com.br\/index.php?rest_route=%2Fwp%2Fv2%2Fcomments&post=6211"}],"version-history":[{"count":1,"href":"https:\/\/portalraizesnoticias.com.br\/index.php?rest_route=\/wp\/v2\/posts\/6211\/revisions"}],"predecessor-version":[{"id":6217,"href":"https:\/\/portalraizesnoticias.com.br\/index.php?rest_route=\/wp\/v2\/posts\/6211\/revisions\/6217"}],"wp:featuredmedia":[{"embeddable":true,"href":"https:\/\/portalraizesnoticias.com.br\/index.php?rest_route=\/wp\/v2\/media\/6216"}],"wp:attachment":[{"href":"https:\/\/portalraizesnoticias.com.br\/index.php?rest_route=%2Fwp%2Fv2%2Fmedia&parent=6211"}],"wp:term":[{"taxonomy":"category","embeddable":true,"href":"https:\/\/portalraizesnoticias.com.br\/index.php?rest_route=%2Fwp%2Fv2%2Fcategories&post=6211"},{"taxonomy":"post_tag","embeddable":true,"href":"https:\/\/portalraizesnoticias.com.br\/index.php?rest_route=%2Fwp%2Fv2%2Ftags&post=6211"}],"curies":[{"name":"wp","href":"https:\/\/api.w.org\/{rel}","templated":true}]}}