{"id":6168,"date":"2025-04-29T09:20:46","date_gmt":"2025-04-29T12:20:46","guid":{"rendered":"https:\/\/portalraizesnoticias.com.br\/?p=6168"},"modified":"2025-04-29T09:20:47","modified_gmt":"2025-04-29T12:20:47","slug":"coite-indicacao-de-reajuste-do-salario-dos-conselheiros-tutelares-e-aprovada-na-camara-de-vereadores-proposta-e-do-vereador-leo-do-sindicato","status":"publish","type":"post","link":"https:\/\/portalraizesnoticias.com.br\/?p=6168","title":{"rendered":"Coit\u00e9: Indica\u00e7\u00e3o de reajuste do sal\u00e1rio dos Conselheiros Tutelares \u00e9 aprovada na C\u00e2mara de Vereadores; proposta \u00e9 do vereador L\u00e9o do Sindicato"},"content":{"rendered":"<p>O vereador L\u00e9o do Sindicato, de Concei\u00e7\u00e3o do Coit\u00e9, protagonizou uma importante conquista para o funcionalismo p\u00fablico do munic\u00edpio na \u00faltima semana.<\/p>\n<p>Ele teve a aprova\u00e7\u00e3o de sua Indica\u00e7\u00e3o que prop\u00f5e o reajuste do sal\u00e1rio dos Conselheiros Tutelares.<\/p>\n<p>A atua\u00e7\u00e3o de L\u00e9o vai ao encontro da necessidade urgente de reconhecer o papel vital desses profissionais, que s\u00e3o respons\u00e1veis pela prote\u00e7\u00e3o dos direitos das crian\u00e7as e adolescentes \u2014 um dos p\u00fablicos mais vulner\u00e1veis da nossa sociedade.<\/p>\n<p>Concei\u00e7\u00e3o do Coit\u00e9, dentro do territ\u00f3rio do Sisal, amarga atualmente o triste t\u00edtulo de ser o munic\u00edpio que oferece a menor remunera\u00e7\u00e3o aos Conselheiros Tutelares. Um dado alarmante, que exp\u00f5e a necessidade de mudan\u00e7as concretas e imediatas na pol\u00edtica de valoriza\u00e7\u00e3o desses servidores.<\/p>\n<p>\u201cNosso compromisso \u00e9 com a luta por respeito, reconhecimento e condi\u00e7\u00f5es dignas de trabalho para todos os servidores p\u00fablicos de Coit\u00e9. Valorizar quem protege nossas crian\u00e7as \u00e9 valorizar o futuro da nossa cidade\u201d, destacou L\u00e9o do Sindicato em seu pronunciamento.<\/p>\n<p>Agora, com a aprova\u00e7\u00e3o da Indica\u00e7\u00e3o, a expectativa \u00e9 que o Poder Executivo d\u00ea seguimento \u00e0 proposta e envie um projeto de lei que, de fato, ajuste os vencimentos dos conselheiros, demonstrando respeito ao trabalho essencial que realizam diariamente nas comunidades.<\/p>\n<p>A atua\u00e7\u00e3o de L\u00e9o refor\u00e7a seu hist\u00f3rico como sindicalista e servidor p\u00fablico comprometido, sempre colocando em primeiro lugar a defesa daqueles que fazem a m\u00e1quina p\u00fablica funcionar e garantem direitos fundamentais \u00e0 popula\u00e7\u00e3o.<\/p>\n<p>\u201cQue esta conquista inspire mais avan\u00e7os na valoriza\u00e7\u00e3o dos servidores p\u00fablicos municipais, em especial aqueles que, como os Conselheiros Tutelares, dedicam suas vidas a cuidar de quem mais precisa\u201d, complementou L\u00e9o.<\/p>\n<p style=\"text-align: right;\">Reda\u00e7\u00e3o com informa\u00e7\u00f5es Ascom<\/p>\n","protected":false},"excerpt":{"rendered":"<p>O vereador L\u00e9o do Sindicato, de Concei\u00e7\u00e3o do Coit\u00e9, protagonizou uma importante conquista para o funcionalismo p\u00fablico do munic\u00edpio na \u00faltima semana. Ele teve a aprova\u00e7\u00e3o de sua Indica\u00e7\u00e3o que prop\u00f5e o reajuste do sal\u00e1rio dos Conselheiros Tutelares. A atua\u00e7\u00e3o de L\u00e9o vai ao encontro da necessidade urgente de reconhecer o papel vital desses profissionais, que s\u00e3o respons\u00e1veis pela prote\u00e7\u00e3o dos direitos das crian\u00e7as e adolescentes \u2014 um dos p\u00fablicos mais vulner\u00e1veis da nossa sociedade. Concei\u00e7\u00e3o do Coit\u00e9, dentro do territ\u00f3rio do Sisal, amarga atualmente o triste t\u00edtulo de ser o munic\u00edpio que oferece a menor remunera\u00e7\u00e3o aos Conselheiros Tutelares. Um dado alarmante, que exp\u00f5e a necessidade de mudan\u00e7as concretas e imediatas na pol\u00edtica de valoriza\u00e7\u00e3o desses servidores. \u201cNosso compromisso \u00e9 com a luta por respeito, reconhecimento e condi\u00e7\u00f5es dignas de trabalho para todos os servidores p\u00fablicos de Coit\u00e9. Valorizar quem protege nossas crian\u00e7as \u00e9 valorizar o futuro da nossa cidade\u201d, destacou L\u00e9o do Sindicato em seu pronunciamento. Agora, com a aprova\u00e7\u00e3o da Indica\u00e7\u00e3o, a expectativa \u00e9 que o Poder Executivo d\u00ea seguimento \u00e0 proposta e envie um projeto de lei que, de fato, ajuste os vencimentos dos conselheiros, demonstrando respeito ao trabalho essencial que realizam diariamente nas comunidades. A atua\u00e7\u00e3o de L\u00e9o refor\u00e7a seu hist\u00f3rico como sindicalista e servidor p\u00fablico comprometido, sempre colocando em primeiro lugar a defesa daqueles que fazem a m\u00e1quina p\u00fablica funcionar e garantem direitos fundamentais \u00e0 popula\u00e7\u00e3o. \u201cQue esta conquista inspire mais avan\u00e7os na valoriza\u00e7\u00e3o dos servidores p\u00fablicos municipais, em especial aqueles que, como os Conselheiros Tutelares, dedicam suas vidas a cuidar de quem mais precisa\u201d, complementou L\u00e9o. Reda\u00e7\u00e3o com informa\u00e7\u00f5es Ascom<\/p>\n","protected":false},"author":3,"featured_media":6169,"comment_status":"open","ping_status":"open","sticky":false,"template":"","format":"standard","meta":{"_joinchat":[],"footnotes":""},"categories":[55,53,59],"tags":[75,848,49,323,1028],"class_list":["post-6168","post","type-post","status-publish","format-standard","has-post-thumbnail","hentry","category-destaques","category-politica","category-ultimas-noticias","tag-coite","tag-indicacao","tag-politica","tag-portal-raizes","tag-reajuste-salarial"],"yoast_head":"<!-- This site is optimized with the Yoast SEO plugin v24.4 - https:\/\/yoast.com\/wordpress\/plugins\/seo\/ -->\n<title>Coit\u00e9: Indica\u00e7\u00e3o de reajuste do sal\u00e1rio dos Conselheiros Tutelares \u00e9 aprovada na C\u00e2mara de Vereadores; proposta \u00e9 do vereador L\u00e9o do Sindicato - Portal raizes noticias<\/title>\n<meta name=\"robots\" content=\"index, follow, max-snippet:-1, max-image-preview:large, max-video-preview:-1\" \/>\n<link rel=\"canonical\" href=\"https:\/\/portalraizesnoticias.com.br\/?p=6168\" \/>\n<meta property=\"og:locale\" content=\"pt_BR\" \/>\n<meta property=\"og:type\" content=\"article\" \/>\n<meta property=\"og:title\" content=\"Coit\u00e9: Indica\u00e7\u00e3o de reajuste do sal\u00e1rio dos Conselheiros Tutelares \u00e9 aprovada na C\u00e2mara de Vereadores; proposta \u00e9 do vereador L\u00e9o do Sindicato - Portal raizes noticias\" \/>\n<meta property=\"og:description\" content=\"O vereador L\u00e9o do Sindicato, de Concei\u00e7\u00e3o do Coit\u00e9, protagonizou uma importante conquista para o funcionalismo p\u00fablico do munic\u00edpio na \u00faltima semana. Ele teve a aprova\u00e7\u00e3o de sua Indica\u00e7\u00e3o que prop\u00f5e o reajuste do sal\u00e1rio dos Conselheiros Tutelares. A atua\u00e7\u00e3o de L\u00e9o vai ao encontro da necessidade urgente de reconhecer o papel vital desses profissionais, que s\u00e3o respons\u00e1veis pela prote\u00e7\u00e3o dos direitos das crian\u00e7as e adolescentes \u2014 um dos p\u00fablicos mais vulner\u00e1veis da nossa sociedade. Concei\u00e7\u00e3o do Coit\u00e9, dentro do territ\u00f3rio do Sisal, amarga atualmente o triste t\u00edtulo de ser o munic\u00edpio que oferece a menor remunera\u00e7\u00e3o aos Conselheiros Tutelares. Um dado alarmante, que exp\u00f5e a necessidade de mudan\u00e7as concretas e imediatas na pol\u00edtica de valoriza\u00e7\u00e3o desses servidores. \u201cNosso compromisso \u00e9 com a luta por respeito, reconhecimento e condi\u00e7\u00f5es dignas de trabalho para todos os servidores p\u00fablicos de Coit\u00e9. Valorizar quem protege nossas crian\u00e7as \u00e9 valorizar o futuro da nossa cidade\u201d, destacou L\u00e9o do Sindicato em seu pronunciamento. Agora, com a aprova\u00e7\u00e3o da Indica\u00e7\u00e3o, a expectativa \u00e9 que o Poder Executivo d\u00ea seguimento \u00e0 proposta e envie um projeto de lei que, de fato, ajuste os vencimentos dos conselheiros, demonstrando respeito ao trabalho essencial que realizam diariamente nas comunidades. A atua\u00e7\u00e3o de L\u00e9o refor\u00e7a seu hist\u00f3rico como sindicalista e servidor p\u00fablico comprometido, sempre colocando em primeiro lugar a defesa daqueles que fazem a m\u00e1quina p\u00fablica funcionar e garantem direitos fundamentais \u00e0 popula\u00e7\u00e3o. \u201cQue esta conquista inspire mais avan\u00e7os na valoriza\u00e7\u00e3o dos servidores p\u00fablicos municipais, em especial aqueles que, como os Conselheiros Tutelares, dedicam suas vidas a cuidar de quem mais precisa\u201d, complementou L\u00e9o. Reda\u00e7\u00e3o com informa\u00e7\u00f5es Ascom\" \/>\n<meta property=\"og:url\" content=\"https:\/\/portalraizesnoticias.com.br\/?p=6168\" \/>\n<meta property=\"og:site_name\" content=\"Portal raizes noticias\" \/>\n<meta property=\"article:published_time\" content=\"2025-04-29T12:20:46+00:00\" \/>\n<meta property=\"article:modified_time\" content=\"2025-04-29T12:20:47+00:00\" \/>\n<meta property=\"og:image\" content=\"https:\/\/portalraizesnoticias.com.br\/wp-content\/uploads\/2025\/04\/IMG-20250429-WA0074-scaled.jpg\" \/>\n\t<meta property=\"og:image:width\" content=\"1440\" \/>\n\t<meta property=\"og:image:height\" content=\"2560\" \/>\n\t<meta property=\"og:image:type\" content=\"image\/jpeg\" \/>\n<meta name=\"author\" content=\"Portal Raizes\" \/>\n<meta name=\"twitter:card\" content=\"summary_large_image\" \/>\n<meta name=\"twitter:label1\" content=\"Escrito por\" \/>\n\t<meta name=\"twitter:data1\" content=\"Portal Raizes\" \/>\n\t<meta name=\"twitter:label2\" content=\"Est. tempo de leitura\" \/>\n\t<meta name=\"twitter:data2\" content=\"2 minutos\" \/>\n<script type=\"application\/ld+json\" class=\"yoast-schema-graph\">{\"@context\":\"https:\/\/schema.org\",\"@graph\":[{\"@type\":\"Article\",\"@id\":\"https:\/\/portalraizesnoticias.com.br\/?p=6168#article\",\"isPartOf\":{\"@id\":\"https:\/\/portalraizesnoticias.com.br\/?p=6168\"},\"author\":{\"name\":\"Portal Raizes\",\"@id\":\"https:\/\/portalraizesnoticias.com.br\/#\/schema\/person\/a3ca6b0fc701e78df19756c417d943ae\"},\"headline\":\"Coit\u00e9: Indica\u00e7\u00e3o de reajuste do sal\u00e1rio dos Conselheiros Tutelares \u00e9 aprovada na C\u00e2mara de Vereadores; proposta \u00e9 do vereador L\u00e9o do Sindicato\",\"datePublished\":\"2025-04-29T12:20:46+00:00\",\"dateModified\":\"2025-04-29T12:20:47+00:00\",\"mainEntityOfPage\":{\"@id\":\"https:\/\/portalraizesnoticias.com.br\/?p=6168\"},\"wordCount\":330,\"commentCount\":0,\"publisher\":{\"@id\":\"https:\/\/portalraizesnoticias.com.br\/#organization\"},\"image\":{\"@id\":\"https:\/\/portalraizesnoticias.com.br\/?p=6168#primaryimage\"},\"thumbnailUrl\":\"https:\/\/portalraizesnoticias.com.br\/wp-content\/uploads\/2025\/04\/IMG-20250429-WA0074-scaled.jpg\",\"keywords\":[\"Coit\u00e9\",\"Indica\u00e7\u00e3o\",\"POLITICA\",\"PORTAL raizes\",\"Reajuste salarial\"],\"articleSection\":[\"DESTAQUES\",\"POLITICA\",\"ULTIMAS NOTICIAS\"],\"inLanguage\":\"pt-BR\",\"potentialAction\":[{\"@type\":\"CommentAction\",\"name\":\"Comment\",\"target\":[\"https:\/\/portalraizesnoticias.com.br\/?p=6168#respond\"]}]},{\"@type\":\"WebPage\",\"@id\":\"https:\/\/portalraizesnoticias.com.br\/?p=6168\",\"url\":\"https:\/\/portalraizesnoticias.com.br\/?p=6168\",\"name\":\"Coit\u00e9: Indica\u00e7\u00e3o de reajuste do sal\u00e1rio dos Conselheiros Tutelares \u00e9 aprovada na C\u00e2mara de Vereadores; proposta \u00e9 do vereador L\u00e9o do Sindicato - Portal raizes noticias\",\"isPartOf\":{\"@id\":\"https:\/\/portalraizesnoticias.com.br\/#website\"},\"primaryImageOfPage\":{\"@id\":\"https:\/\/portalraizesnoticias.com.br\/?p=6168#primaryimage\"},\"image\":{\"@id\":\"https:\/\/portalraizesnoticias.com.br\/?p=6168#primaryimage\"},\"thumbnailUrl\":\"https:\/\/portalraizesnoticias.com.br\/wp-content\/uploads\/2025\/04\/IMG-20250429-WA0074-scaled.jpg\",\"datePublished\":\"2025-04-29T12:20:46+00:00\",\"dateModified\":\"2025-04-29T12:20:47+00:00\",\"breadcrumb\":{\"@id\":\"https:\/\/portalraizesnoticias.com.br\/?p=6168#breadcrumb\"},\"inLanguage\":\"pt-BR\",\"potentialAction\":[{\"@type\":\"ReadAction\",\"target\":[\"https:\/\/portalraizesnoticias.com.br\/?p=6168\"]}]},{\"@type\":\"ImageObject\",\"inLanguage\":\"pt-BR\",\"@id\":\"https:\/\/portalraizesnoticias.com.br\/?p=6168#primaryimage\",\"url\":\"https:\/\/portalraizesnoticias.com.br\/wp-content\/uploads\/2025\/04\/IMG-20250429-WA0074-scaled.jpg\",\"contentUrl\":\"https:\/\/portalraizesnoticias.com.br\/wp-content\/uploads\/2025\/04\/IMG-20250429-WA0074-scaled.jpg\",\"width\":1440,\"height\":2560},{\"@type\":\"BreadcrumbList\",\"@id\":\"https:\/\/portalraizesnoticias.com.br\/?p=6168#breadcrumb\",\"itemListElement\":[{\"@type\":\"ListItem\",\"position\":1,\"name\":\"In\u00edcio\",\"item\":\"https:\/\/portalraizesnoticias.com.br\/\"},{\"@type\":\"ListItem\",\"position\":2,\"name\":\"Coit\u00e9: Indica\u00e7\u00e3o de reajuste do sal\u00e1rio dos Conselheiros Tutelares \u00e9 aprovada na C\u00e2mara de Vereadores; proposta \u00e9 do vereador L\u00e9o do Sindicato\"}]},{\"@type\":\"WebSite\",\"@id\":\"https:\/\/portalraizesnoticias.com.br\/#website\",\"url\":\"https:\/\/portalraizesnoticias.com.br\/\",\"name\":\"Portal raizes NOTICIAS\",\"description\":\"site de noticias de concei\u00e7\u00e3o do coit\u00e9 e regi\u00e3o\",\"publisher\":{\"@id\":\"https:\/\/portalraizesnoticias.com.br\/#organization\"},\"alternateName\":\"PORTAL RAIZES COIT\u00c9\",\"potentialAction\":[{\"@type\":\"SearchAction\",\"target\":{\"@type\":\"EntryPoint\",\"urlTemplate\":\"https:\/\/portalraizesnoticias.com.br\/?s={search_term_string}\"},\"query-input\":{\"@type\":\"PropertyValueSpecification\",\"valueRequired\":true,\"valueName\":\"search_term_string\"}}],\"inLanguage\":\"pt-BR\"},{\"@type\":\"Organization\",\"@id\":\"https:\/\/portalraizesnoticias.com.br\/#organization\",\"name\":\"Portal raizes NOTICIAS\",\"url\":\"https:\/\/portalraizesnoticias.com.br\/\",\"logo\":{\"@type\":\"ImageObject\",\"inLanguage\":\"pt-BR\",\"@id\":\"https:\/\/portalraizesnoticias.com.br\/#\/schema\/logo\/image\/\",\"url\":\"https:\/\/portalraizesnoticias.com.br\/wp-content\/uploads\/2024\/09\/cropped-Captura-de-tela-2024-09-08-011108.png\",\"contentUrl\":\"https:\/\/portalraizesnoticias.com.br\/wp-content\/uploads\/2024\/09\/cropped-Captura-de-tela-2024-09-08-011108.png\",\"width\":606,\"height\":173,\"caption\":\"Portal raizes NOTICIAS\"},\"image\":{\"@id\":\"https:\/\/portalraizesnoticias.com.br\/#\/schema\/logo\/image\/\"}},{\"@type\":\"Person\",\"@id\":\"https:\/\/portalraizesnoticias.com.br\/#\/schema\/person\/a3ca6b0fc701e78df19756c417d943ae\",\"name\":\"Portal Raizes\",\"image\":{\"@type\":\"ImageObject\",\"inLanguage\":\"pt-BR\",\"@id\":\"https:\/\/portalraizesnoticias.com.br\/#\/schema\/person\/image\/\",\"url\":\"https:\/\/secure.gravatar.com\/avatar\/ef450d29013a3d3fba867a12a249d7b1?s=96&d=mm&r=g\",\"contentUrl\":\"https:\/\/secure.gravatar.com\/avatar\/ef450d29013a3d3fba867a12a249d7b1?s=96&d=mm&r=g\",\"caption\":\"Portal Raizes\"},\"url\":\"https:\/\/portalraizesnoticias.com.br\/?author=3\"}]}<\/script>\n<!-- \/ Yoast SEO plugin. -->","yoast_head_json":{"title":"Coit\u00e9: Indica\u00e7\u00e3o de reajuste do sal\u00e1rio dos Conselheiros Tutelares \u00e9 aprovada na C\u00e2mara de Vereadores; proposta \u00e9 do vereador L\u00e9o do Sindicato - Portal raizes noticias","robots":{"index":"index","follow":"follow","max-snippet":"max-snippet:-1","max-image-preview":"max-image-preview:large","max-video-preview":"max-video-preview:-1"},"canonical":"https:\/\/portalraizesnoticias.com.br\/?p=6168","og_locale":"pt_BR","og_type":"article","og_title":"Coit\u00e9: Indica\u00e7\u00e3o de reajuste do sal\u00e1rio dos Conselheiros Tutelares \u00e9 aprovada na C\u00e2mara de Vereadores; proposta \u00e9 do vereador L\u00e9o do Sindicato - Portal raizes noticias","og_description":"O vereador L\u00e9o do Sindicato, de Concei\u00e7\u00e3o do Coit\u00e9, protagonizou uma importante conquista para o funcionalismo p\u00fablico do munic\u00edpio na \u00faltima semana. Ele teve a aprova\u00e7\u00e3o de sua Indica\u00e7\u00e3o que prop\u00f5e o reajuste do sal\u00e1rio dos Conselheiros Tutelares. A atua\u00e7\u00e3o de L\u00e9o vai ao encontro da necessidade urgente de reconhecer o papel vital desses profissionais, que s\u00e3o respons\u00e1veis pela prote\u00e7\u00e3o dos direitos das crian\u00e7as e adolescentes \u2014 um dos p\u00fablicos mais vulner\u00e1veis da nossa sociedade. Concei\u00e7\u00e3o do Coit\u00e9, dentro do territ\u00f3rio do Sisal, amarga atualmente o triste t\u00edtulo de ser o munic\u00edpio que oferece a menor remunera\u00e7\u00e3o aos Conselheiros Tutelares. Um dado alarmante, que exp\u00f5e a necessidade de mudan\u00e7as concretas e imediatas na pol\u00edtica de valoriza\u00e7\u00e3o desses servidores. \u201cNosso compromisso \u00e9 com a luta por respeito, reconhecimento e condi\u00e7\u00f5es dignas de trabalho para todos os servidores p\u00fablicos de Coit\u00e9. Valorizar quem protege nossas crian\u00e7as \u00e9 valorizar o futuro da nossa cidade\u201d, destacou L\u00e9o do Sindicato em seu pronunciamento. Agora, com a aprova\u00e7\u00e3o da Indica\u00e7\u00e3o, a expectativa \u00e9 que o Poder Executivo d\u00ea seguimento \u00e0 proposta e envie um projeto de lei que, de fato, ajuste os vencimentos dos conselheiros, demonstrando respeito ao trabalho essencial que realizam diariamente nas comunidades. A atua\u00e7\u00e3o de L\u00e9o refor\u00e7a seu hist\u00f3rico como sindicalista e servidor p\u00fablico comprometido, sempre colocando em primeiro lugar a defesa daqueles que fazem a m\u00e1quina p\u00fablica funcionar e garantem direitos fundamentais \u00e0 popula\u00e7\u00e3o. \u201cQue esta conquista inspire mais avan\u00e7os na valoriza\u00e7\u00e3o dos servidores p\u00fablicos municipais, em especial aqueles que, como os Conselheiros Tutelares, dedicam suas vidas a cuidar de quem mais precisa\u201d, complementou L\u00e9o. Reda\u00e7\u00e3o com informa\u00e7\u00f5es Ascom","og_url":"https:\/\/portalraizesnoticias.com.br\/?p=6168","og_site_name":"Portal raizes noticias","article_published_time":"2025-04-29T12:20:46+00:00","article_modified_time":"2025-04-29T12:20:47+00:00","og_image":[{"width":1440,"height":2560,"url":"https:\/\/portalraizesnoticias.com.br\/wp-content\/uploads\/2025\/04\/IMG-20250429-WA0074-scaled.jpg","type":"image\/jpeg"}],"author":"Portal Raizes","twitter_card":"summary_large_image","twitter_misc":{"Escrito por":"Portal Raizes","Est. tempo de leitura":"2 minutos"},"schema":{"@context":"https:\/\/schema.org","@graph":[{"@type":"Article","@id":"https:\/\/portalraizesnoticias.com.br\/?p=6168#article","isPartOf":{"@id":"https:\/\/portalraizesnoticias.com.br\/?p=6168"},"author":{"name":"Portal Raizes","@id":"https:\/\/portalraizesnoticias.com.br\/#\/schema\/person\/a3ca6b0fc701e78df19756c417d943ae"},"headline":"Coit\u00e9: Indica\u00e7\u00e3o de reajuste do sal\u00e1rio dos Conselheiros Tutelares \u00e9 aprovada na C\u00e2mara de Vereadores; proposta \u00e9 do vereador L\u00e9o do Sindicato","datePublished":"2025-04-29T12:20:46+00:00","dateModified":"2025-04-29T12:20:47+00:00","mainEntityOfPage":{"@id":"https:\/\/portalraizesnoticias.com.br\/?p=6168"},"wordCount":330,"commentCount":0,"publisher":{"@id":"https:\/\/portalraizesnoticias.com.br\/#organization"},"image":{"@id":"https:\/\/portalraizesnoticias.com.br\/?p=6168#primaryimage"},"thumbnailUrl":"https:\/\/portalraizesnoticias.com.br\/wp-content\/uploads\/2025\/04\/IMG-20250429-WA0074-scaled.jpg","keywords":["Coit\u00e9","Indica\u00e7\u00e3o","POLITICA","PORTAL raizes","Reajuste salarial"],"articleSection":["DESTAQUES","POLITICA","ULTIMAS NOTICIAS"],"inLanguage":"pt-BR","potentialAction":[{"@type":"CommentAction","name":"Comment","target":["https:\/\/portalraizesnoticias.com.br\/?p=6168#respond"]}]},{"@type":"WebPage","@id":"https:\/\/portalraizesnoticias.com.br\/?p=6168","url":"https:\/\/portalraizesnoticias.com.br\/?p=6168","name":"Coit\u00e9: Indica\u00e7\u00e3o de reajuste do sal\u00e1rio dos Conselheiros Tutelares \u00e9 aprovada na C\u00e2mara de Vereadores; proposta \u00e9 do vereador L\u00e9o do Sindicato - Portal raizes noticias","isPartOf":{"@id":"https:\/\/portalraizesnoticias.com.br\/#website"},"primaryImageOfPage":{"@id":"https:\/\/portalraizesnoticias.com.br\/?p=6168#primaryimage"},"image":{"@id":"https:\/\/portalraizesnoticias.com.br\/?p=6168#primaryimage"},"thumbnailUrl":"https:\/\/portalraizesnoticias.com.br\/wp-content\/uploads\/2025\/04\/IMG-20250429-WA0074-scaled.jpg","datePublished":"2025-04-29T12:20:46+00:00","dateModified":"2025-04-29T12:20:47+00:00","breadcrumb":{"@id":"https:\/\/portalraizesnoticias.com.br\/?p=6168#breadcrumb"},"inLanguage":"pt-BR","potentialAction":[{"@type":"ReadAction","target":["https:\/\/portalraizesnoticias.com.br\/?p=6168"]}]},{"@type":"ImageObject","inLanguage":"pt-BR","@id":"https:\/\/portalraizesnoticias.com.br\/?p=6168#primaryimage","url":"https:\/\/portalraizesnoticias.com.br\/wp-content\/uploads\/2025\/04\/IMG-20250429-WA0074-scaled.jpg","contentUrl":"https:\/\/portalraizesnoticias.com.br\/wp-content\/uploads\/2025\/04\/IMG-20250429-WA0074-scaled.jpg","width":1440,"height":2560},{"@type":"BreadcrumbList","@id":"https:\/\/portalraizesnoticias.com.br\/?p=6168#breadcrumb","itemListElement":[{"@type":"ListItem","position":1,"name":"In\u00edcio","item":"https:\/\/portalraizesnoticias.com.br\/"},{"@type":"ListItem","position":2,"name":"Coit\u00e9: Indica\u00e7\u00e3o de reajuste do sal\u00e1rio dos Conselheiros Tutelares \u00e9 aprovada na C\u00e2mara de Vereadores; proposta \u00e9 do vereador L\u00e9o do Sindicato"}]},{"@type":"WebSite","@id":"https:\/\/portalraizesnoticias.com.br\/#website","url":"https:\/\/portalraizesnoticias.com.br\/","name":"Portal raizes NOTICIAS","description":"site de noticias de concei\u00e7\u00e3o do coit\u00e9 e regi\u00e3o","publisher":{"@id":"https:\/\/portalraizesnoticias.com.br\/#organization"},"alternateName":"PORTAL RAIZES COIT\u00c9","potentialAction":[{"@type":"SearchAction","target":{"@type":"EntryPoint","urlTemplate":"https:\/\/portalraizesnoticias.com.br\/?s={search_term_string}"},"query-input":{"@type":"PropertyValueSpecification","valueRequired":true,"valueName":"search_term_string"}}],"inLanguage":"pt-BR"},{"@type":"Organization","@id":"https:\/\/portalraizesnoticias.com.br\/#organization","name":"Portal raizes NOTICIAS","url":"https:\/\/portalraizesnoticias.com.br\/","logo":{"@type":"ImageObject","inLanguage":"pt-BR","@id":"https:\/\/portalraizesnoticias.com.br\/#\/schema\/logo\/image\/","url":"https:\/\/portalraizesnoticias.com.br\/wp-content\/uploads\/2024\/09\/cropped-Captura-de-tela-2024-09-08-011108.png","contentUrl":"https:\/\/portalraizesnoticias.com.br\/wp-content\/uploads\/2024\/09\/cropped-Captura-de-tela-2024-09-08-011108.png","width":606,"height":173,"caption":"Portal raizes NOTICIAS"},"image":{"@id":"https:\/\/portalraizesnoticias.com.br\/#\/schema\/logo\/image\/"}},{"@type":"Person","@id":"https:\/\/portalraizesnoticias.com.br\/#\/schema\/person\/a3ca6b0fc701e78df19756c417d943ae","name":"Portal Raizes","image":{"@type":"ImageObject","inLanguage":"pt-BR","@id":"https:\/\/portalraizesnoticias.com.br\/#\/schema\/person\/image\/","url":"https:\/\/secure.gravatar.com\/avatar\/ef450d29013a3d3fba867a12a249d7b1?s=96&d=mm&r=g","contentUrl":"https:\/\/secure.gravatar.com\/avatar\/ef450d29013a3d3fba867a12a249d7b1?s=96&d=mm&r=g","caption":"Portal Raizes"},"url":"https:\/\/portalraizesnoticias.com.br\/?author=3"}]}},"_links":{"self":[{"href":"https:\/\/portalraizesnoticias.com.br\/index.php?rest_route=\/wp\/v2\/posts\/6168"}],"collection":[{"href":"https:\/\/portalraizesnoticias.com.br\/index.php?rest_route=\/wp\/v2\/posts"}],"about":[{"href":"https:\/\/portalraizesnoticias.com.br\/index.php?rest_route=\/wp\/v2\/types\/post"}],"author":[{"embeddable":true,"href":"https:\/\/portalraizesnoticias.com.br\/index.php?rest_route=\/wp\/v2\/users\/3"}],"replies":[{"embeddable":true,"href":"https:\/\/portalraizesnoticias.com.br\/index.php?rest_route=%2Fwp%2Fv2%2Fcomments&post=6168"}],"version-history":[{"count":1,"href":"https:\/\/portalraizesnoticias.com.br\/index.php?rest_route=\/wp\/v2\/posts\/6168\/revisions"}],"predecessor-version":[{"id":6170,"href":"https:\/\/portalraizesnoticias.com.br\/index.php?rest_route=\/wp\/v2\/posts\/6168\/revisions\/6170"}],"wp:featuredmedia":[{"embeddable":true,"href":"https:\/\/portalraizesnoticias.com.br\/index.php?rest_route=\/wp\/v2\/media\/6169"}],"wp:attachment":[{"href":"https:\/\/portalraizesnoticias.com.br\/index.php?rest_route=%2Fwp%2Fv2%2Fmedia&parent=6168"}],"wp:term":[{"taxonomy":"category","embeddable":true,"href":"https:\/\/portalraizesnoticias.com.br\/index.php?rest_route=%2Fwp%2Fv2%2Fcategories&post=6168"},{"taxonomy":"post_tag","embeddable":true,"href":"https:\/\/portalraizesnoticias.com.br\/index.php?rest_route=%2Fwp%2Fv2%2Ftags&post=6168"}],"curies":[{"name":"wp","href":"https:\/\/api.w.org\/{rel}","templated":true}]}}