{"id":6090,"date":"2025-04-26T17:41:54","date_gmt":"2025-04-26T20:41:54","guid":{"rendered":"https:\/\/portalraizesnoticias.com.br\/?p=6090"},"modified":"2025-04-26T17:41:55","modified_gmt":"2025-04-26T20:41:55","slug":"coite-folia-2025-com-mais-de-40-atracoes-montagem-de-estrutura-entra-na-reta-final-relembre-a-programacao-completa","status":"publish","type":"post","link":"https:\/\/portalraizesnoticias.com.br\/?p=6090","title":{"rendered":"Coit\u00e9 Folia 2025: Com mais de 40 atra\u00e7\u00f5es, montagem de estrutura entra na reta final. Relembre a programa\u00e7\u00e3o completa!"},"content":{"rendered":"\n<p><\/p>\n\n\n\n<p><\/p>\n\n\n<p>A poucos dias do in\u00edcio da maior festa popular de Concei\u00e7\u00e3o do Coit\u00e9, a Coit\u00e9 Folia 2025 j\u00e1 toma conta das ruas e do cora\u00e7\u00e3o dos foli\u00f5es. Entre os dias 1\u00ba e 4 de maio, a cidade ser\u00e1 palco de uma programa\u00e7\u00e3o intensa, recheada de diversidade musical, trios el\u00e9tricos, pared\u00f5es, tendas de DJs e muito mais. Com o tema \u201cEssa \u00e9 nossa festa\u201d, a edi\u00e7\u00e3o deste ano celebra o pertencimento e a alegria de viver a tradi\u00e7\u00e3o do carnaval fora de \u00e9poca nas ruas da cidade.<\/p>\n<p>\u00a0<\/p>\n<p>A Prefeitura de Concei\u00e7\u00e3o do Coit\u00e9 se preparou com anteced\u00eancia para garantir uma estrutura robusta, segura e acolhedora para os milhares de foli\u00f5es esperados. A montagem dos palcos, camarotes, portais de entrada e toda a infraestrutura de apoio j\u00e1 est\u00e1 em ritmo acelerado e deve ser conclu\u00edda at\u00e9 o in\u00edcio da pr\u00f3xima semana.<\/p>\n<p>\u00a0<\/p>\n<p>No total, mais de 40 atra\u00e7\u00f5es j\u00e1 foram oficialmente confirmadas, reunindo grandes nomes da m\u00fasica baiana como Bell Marques, L\u00e9o Santana, Psirico, Durval Lelys e Escandurras, al\u00e9m de dezenas de artistas regionais e locais que levar\u00e3o seus ritmos e talentos para os trios.<\/p>\n<p>\u00a0<\/p>\n<p>A festa promete agradar p\u00fablicos de todas as idades, com estilos que v\u00e3o do ax\u00e9 ao pagode, passando pelo arrocha, samba, reggae e m\u00fasica eletr\u00f4nica. \u201dO que n\u00e3o pode faltar s\u00e3o os amigos, pra gente curtir pra gente curtir essa micareta top. Estou muito ansioso e a expectativa t\u00e1 a mil\u201d, contou o empres\u00e1rio Nildo Filho.<\/p>\n<p>\u00a0<\/p>\n<p>Para o prefeito Marcelo Ara\u00fajo, a Coit\u00e9 Folia \u00e9 mais do que entretenimento: \u00e9 identidade e desenvolvimento. \u201cFizemos um planejamento cuidadoso ao longo dos \u00faltimos meses para garantir uma festa segura, organizada e com qualidade. A Coit\u00e9 Folia \u00e9 um momento de encontro da nossa gente, um impulso para a economia local e um s\u00edmbolo da cultura que pulsa nas nossas ruas\u201d, afirmou o prefeito.<\/p>\n<p>\u00a0<\/p>\n<p>Hist\u00f3ria\u00a0<\/p>\n<p>\u00a0<\/p>\n<p>A micareta de Concei\u00e7\u00e3o do Coit\u00e9 surgiu h\u00e1 mais de um s\u00e9culo, com registros da primeira edi\u00e7\u00e3o em 1923, ainda chamada de Micareme, realizada logo ap\u00f3s a Quaresma. A festa come\u00e7ava no S\u00e1bado de Aleluia, com o repicar do sino da igreja, e reunia foli\u00f5es em desfiles pelas ruas ao som de marchinhas, com mascarados e cavaleiros. Com o tempo, ganhou novas caracter\u00edsticas, como ilumina\u00e7\u00e3o especial, com\u00e9rcio ambulante e atra\u00e7\u00f5es da capital. No formato atual, a Coit\u00e9 Folia movimenta a economia local, gerando renda para diversos setores e valorizando os artistas da terra, que dividem os palcos com nomes nacionais. Reunindo foli\u00f5es de Coit\u00e9 e de toda a Regi\u00e3o do Sisal, a festa se firma como express\u00e3o de pertencimento e alegria, verdadeira marca cultural do povo coiteense.<\/p>\n<p>\u00a0<\/p>\n<p>QUINTA-FEIRA \u2013 01\/05<\/p>\n<p>Trio e Bloco<\/p>\n<p>\u00a0<\/p>\n<p>16h00 \u2013 Jairo Guita (Trio Rodrig\u00e3o)<\/p>\n<p>17h30 \u2013 Helder Ricardo (Trio Gold)<\/p>\n<p>19h00 \u2013 Mandinho (Trio Line)<\/p>\n<p>20h30 \u2013 Hot Sound (Trio Com\u00eata)<\/p>\n<p>22h00 \u2013 Bell Marques (Trio Alucinante)<\/p>\n<p>23h30 \u2013 Fabilu (Trio Twister)<\/p>\n<p>01h00 \u2013 Guig Guetto (Trio Gold)<\/p>\n<p>02h30 \u2013 Us Brukutu (Trio Line)<\/p>\n<p>Tenda com DJs<\/p>\n<p>\u00a0<\/p>\n<p>20h00 \u2013 Deivinho<\/p>\n<p>23h00 \u2013 Dija<\/p>\n<p>Pared\u00f5es<\/p>\n<p>\u00a0<\/p>\n<p>Carreta Pitbull- A partir das 14h (Pra\u00e7a da Matriz)<\/p>\n<p>Mel Pared\u00e3o- A partir das 14h (Avenida da Micareta)<\/p>\n<p>Van Pared\u00e3o- A partir das 14h (Avenida da Micareta)<\/p>\n<p>Pirulito Pared\u00e3o- A partir das 14h (Avenida da Micareta)<\/p>\n<p>SEXTA-FEIRA \u2013 02\/05<\/p>\n<p>Trio e Bloco<\/p>\n<p>\u00a0<\/p>\n<p>16h00 \u2013 Batuque Social (Trio Rodrig\u00e3o)<\/p>\n<p>17h30 \u2013 Na Madrugada (Trio Gold)<\/p>\n<p>19h00 \u2013 Sedu (Trio Line)<\/p>\n<p>20h30 \u2013 Rafa e Pipo (Trio Twister)<\/p>\n<p>22h00 \u2013 Escandurras (Trio Alucinante)<\/p>\n<p>23h30 \u2013 Batuker\u00ea (Trio Com\u00eata)<\/p>\n<p>01h00 \u2013 Psirico (Trio Gold)<\/p>\n<p>02h30 \u2013 Dyl Lima (Trio Line)<\/p>\n<p>04h00 \u2013 Vailson Lion (Trio Twister)<\/p>\n<p>Tenda com DJs<\/p>\n<p>\u00a0<\/p>\n<p>19h00 \u2013 Mark<\/p>\n<p>21h30 \u2013 Chera<\/p>\n<p>00h00 \u2013 Dija<\/p>\n<p>Pared\u00f5es<\/p>\n<p>\u00a0<\/p>\n<p>Carreta Pitbull- A partir das 14h (Pra\u00e7a da Matriz)<\/p>\n<p>Claudinho Pared\u00e3o- A partir das 14h (Avenida da Micareta)<\/p>\n<p>Di\u00f3genes Pared\u00e3o- A partir das 14h (Avenida da Micareta)<\/p>\n<p>S\u00c1BADO \u2013 03\/05<\/p>\n<p>Trio e Bloco<\/p>\n<p>\u00a0<\/p>\n<p>16h00 \u2013 Os Metais \u2013 Bloco Alegria (Trio Rodrig\u00e3o)<\/p>\n<p>17h30 \u2013 Altas Horas (Trio Line)<\/p>\n<p>19h00 \u2013 O Er\u00f3tico \u2013 Bloco (Trio Com\u00eata)<\/p>\n<p>20h30 \u2013 Eug\u00eanio Brasil (Trio Twister)<\/p>\n<p>22h00 \u2013 M\u00e1rcia Freire (Trio Gold)<\/p>\n<p>23h30 \u2013 Tico Menezes (Trio Line)<\/p>\n<p>01h00 \u2013 L\u00e9o Santana (Trio Alucinante)<\/p>\n<p>02h30 \u2013 Fred Nunes (Trio Com\u00eata)<\/p>\n<p>04h00 \u2013 Jamaica Moreno (Trio Twister)<\/p>\n<p>Tenda com DJs<\/p>\n<p>\u00a0<\/p>\n<p>20h00 \u2013 Digs<\/p>\n<p>23h00 \u2013 Juninho<\/p>\n<p>Pared\u00f5es<\/p>\n<p>\u00a0<\/p>\n<p>Carreta Pitbull- A partir das 14h (Pra\u00e7a da Matriz)<\/p>\n<p>Mel Pared\u00e3o- A partir das 14h (Avenida da Micareta)<\/p>\n<p>Van Pared\u00e3o- A partir das 14h (Avenida da Micareta)<\/p>\n<p>DOMINGO \u2013 04\/05<\/p>\n<p>Trio e Bloco<\/p>\n<p>\u00a0<\/p>\n<p>16h00 \u2013 Bloco Trem da Alegria (Trio Gold)<\/p>\n<p>17h30 \u2013 Bloco da Paz (Trio Line)<\/p>\n<p>19h30 \u2013 Isaac e Edson Gomes (Trio Twister)<\/p>\n<p>20h30 \u2013 Durval Lelys (Trio Alucinante)<\/p>\n<p>22h00 \u2013 Chaonda (Trio Com\u00eata)<\/p>\n<p>23h30 \u2013 Nattan (Trio Gold)<\/p>\n<p>01h00 \u2013 M\u00e1rcio Bary (Trio Line)<\/p>\n<p>02h30 \u2013 Samba da Gente (Trio Twister)<\/p>\n<p>04h00 \u2013 Ki Pegada (Trio Com\u00eata)<\/p>\n<p>Tenda com DJs\u00a0<\/p>\n<p>\u00a0<\/p>\n<p>20h00 \u2013 Garner<\/p>\n<p>23h00 \u2013 Dija<\/p>\n<p>Pared\u00f5es<\/p>\n<p>\u00a0<\/p>\n<p>Carreta Pitbull- A partir das 14h (Pra\u00e7a da Matriz)<\/p>\n<p>Claudinho Pared\u00e3o- A partir das 14h (Avenida da Micareta)<\/p>\n<p>Di\u00f3genes Pared\u00e3o- A partir das 14h (Avenida da Micareta)\u00a0<\/p>\n<p>\u00a0<\/p>\n<p>Ascom\u00a0<\/p>\n\n\n<p><\/p>\n","protected":false},"excerpt":{"rendered":"<p>A poucos dias do in\u00edcio da maior festa popular de Concei\u00e7\u00e3o do Coit\u00e9, a Coit\u00e9 Folia 2025 j\u00e1 toma conta das ruas e do cora\u00e7\u00e3o dos foli\u00f5es. Entre os dias 1\u00ba e 4 de maio, a cidade ser\u00e1 palco de uma programa\u00e7\u00e3o intensa, recheada de diversidade musical, trios el\u00e9tricos, pared\u00f5es, tendas de DJs e muito mais. Com o tema \u201cEssa \u00e9 nossa festa\u201d, a edi\u00e7\u00e3o deste ano celebra o pertencimento e a alegria de viver a tradi\u00e7\u00e3o do carnaval fora de \u00e9poca nas ruas da cidade. \u00a0 A Prefeitura de Concei\u00e7\u00e3o do Coit\u00e9 se preparou com anteced\u00eancia para garantir uma estrutura robusta, segura e acolhedora para os milhares de foli\u00f5es esperados. A montagem dos palcos, camarotes, portais de entrada e toda a infraestrutura de apoio j\u00e1 est\u00e1 em ritmo acelerado e deve ser conclu\u00edda at\u00e9 o in\u00edcio da pr\u00f3xima semana. \u00a0 No total, mais de 40 atra\u00e7\u00f5es j\u00e1 foram oficialmente confirmadas, reunindo grandes nomes da m\u00fasica baiana como Bell Marques, L\u00e9o Santana, Psirico, Durval Lelys e Escandurras, al\u00e9m de dezenas de artistas regionais e locais que levar\u00e3o seus ritmos e talentos para os trios. \u00a0 A festa promete agradar p\u00fablicos de todas as idades, com estilos que v\u00e3o do ax\u00e9 ao pagode, passando pelo arrocha, samba, reggae e m\u00fasica eletr\u00f4nica. \u201dO que n\u00e3o pode faltar s\u00e3o os amigos, pra gente curtir pra gente curtir essa micareta top. Estou muito ansioso e a expectativa t\u00e1 a mil\u201d, contou o empres\u00e1rio Nildo Filho. \u00a0 Para o prefeito Marcelo Ara\u00fajo, a Coit\u00e9 Folia \u00e9 mais do que entretenimento: \u00e9 identidade e desenvolvimento. \u201cFizemos um planejamento cuidadoso ao longo dos \u00faltimos meses para garantir uma festa segura, organizada e com qualidade. A Coit\u00e9 Folia \u00e9 um momento de encontro da nossa gente, um impulso para a economia local e um s\u00edmbolo da cultura que pulsa nas nossas ruas\u201d, afirmou o prefeito. \u00a0 Hist\u00f3ria\u00a0 \u00a0 A micareta de Concei\u00e7\u00e3o do Coit\u00e9 surgiu h\u00e1 mais de um s\u00e9culo, com registros da primeira edi\u00e7\u00e3o em 1923, ainda chamada de Micareme, realizada logo ap\u00f3s a Quaresma. A festa come\u00e7ava no S\u00e1bado de Aleluia, com o repicar do sino da igreja, e reunia foli\u00f5es em desfiles pelas ruas ao som de marchinhas, com mascarados e cavaleiros. Com o tempo, ganhou novas caracter\u00edsticas, como ilumina\u00e7\u00e3o especial, com\u00e9rcio ambulante e atra\u00e7\u00f5es da capital. No formato atual, a Coit\u00e9 Folia movimenta a economia local, gerando renda para diversos setores e valorizando os artistas da terra, que dividem os palcos com nomes nacionais. Reunindo foli\u00f5es de Coit\u00e9 e de toda a Regi\u00e3o do Sisal, a festa se firma como express\u00e3o de pertencimento e alegria, verdadeira marca cultural do povo coiteense. \u00a0 QUINTA-FEIRA \u2013 01\/05 Trio e Bloco \u00a0 16h00 \u2013 Jairo Guita (Trio Rodrig\u00e3o) 17h30 \u2013 Helder Ricardo (Trio Gold) 19h00 \u2013 Mandinho (Trio Line) 20h30 \u2013 Hot Sound (Trio Com\u00eata) 22h00 \u2013 Bell Marques (Trio Alucinante) 23h30 \u2013 Fabilu (Trio Twister) 01h00 \u2013 Guig Guetto (Trio Gold) 02h30 \u2013 Us Brukutu (Trio Line) Tenda com DJs \u00a0 20h00 \u2013 Deivinho 23h00 \u2013 Dija Pared\u00f5es \u00a0 Carreta Pitbull- A partir das 14h (Pra\u00e7a da Matriz) Mel Pared\u00e3o- A partir das 14h (Avenida da Micareta) Van Pared\u00e3o- A partir das 14h (Avenida da Micareta) Pirulito Pared\u00e3o- A partir das 14h (Avenida da Micareta) SEXTA-FEIRA \u2013 02\/05 Trio e Bloco \u00a0 16h00 \u2013 Batuque Social (Trio Rodrig\u00e3o) 17h30 \u2013 Na Madrugada (Trio Gold) 19h00 \u2013 Sedu (Trio Line) 20h30 \u2013 Rafa e Pipo (Trio Twister) 22h00 \u2013 Escandurras (Trio Alucinante) 23h30 \u2013 Batuker\u00ea (Trio Com\u00eata) 01h00 \u2013 Psirico (Trio Gold) 02h30 \u2013 Dyl Lima (Trio Line) 04h00 \u2013 Vailson Lion (Trio Twister) Tenda com DJs \u00a0 19h00 \u2013 Mark 21h30 \u2013 Chera 00h00 \u2013 Dija Pared\u00f5es \u00a0 Carreta Pitbull- A partir das 14h (Pra\u00e7a da Matriz) Claudinho Pared\u00e3o- A partir das 14h (Avenida da Micareta) Di\u00f3genes Pared\u00e3o- A partir das 14h (Avenida da Micareta) S\u00c1BADO \u2013 03\/05 Trio e Bloco \u00a0 16h00 \u2013 Os Metais \u2013 Bloco Alegria (Trio Rodrig\u00e3o) 17h30 \u2013 Altas Horas (Trio Line) 19h00 \u2013 O Er\u00f3tico \u2013 Bloco (Trio Com\u00eata) 20h30 \u2013 Eug\u00eanio Brasil (Trio Twister) 22h00 \u2013 M\u00e1rcia Freire (Trio Gold) 23h30 \u2013 Tico Menezes (Trio Line) 01h00 \u2013 L\u00e9o Santana (Trio Alucinante) 02h30 \u2013 Fred Nunes (Trio Com\u00eata) 04h00 \u2013 Jamaica Moreno (Trio Twister) Tenda com DJs \u00a0 20h00 \u2013 Digs 23h00 \u2013 Juninho Pared\u00f5es \u00a0 Carreta Pitbull- A partir das 14h (Pra\u00e7a da Matriz) Mel Pared\u00e3o- A partir das 14h (Avenida da Micareta) Van Pared\u00e3o- A partir das 14h (Avenida da Micareta) DOMINGO \u2013 04\/05 Trio e Bloco \u00a0 16h00 \u2013 Bloco Trem da Alegria (Trio Gold) 17h30 \u2013 Bloco da Paz (Trio Line) 19h30 \u2013 Isaac e Edson Gomes (Trio Twister) 20h30 \u2013 Durval Lelys (Trio Alucinante) 22h00 \u2013 Chaonda (Trio Com\u00eata) 23h30 \u2013 Nattan (Trio Gold) 01h00 \u2013 M\u00e1rcio Bary (Trio Line) 02h30 \u2013 Samba da Gente (Trio Twister) 04h00 \u2013 Ki Pegada (Trio Com\u00eata) Tenda com DJs\u00a0 \u00a0 20h00 \u2013 Garner 23h00 \u2013 Dija Pared\u00f5es \u00a0 Carreta Pitbull- A partir das 14h (Pra\u00e7a da Matriz) Claudinho Pared\u00e3o- A partir das 14h (Avenida da Micareta) Di\u00f3genes Pared\u00e3o- A partir das 14h (Avenida da Micareta)\u00a0 \u00a0 Ascom\u00a0<\/p>\n","protected":false},"author":3,"featured_media":6091,"comment_status":"open","ping_status":"open","sticky":false,"template":"","format":"standard","meta":{"_joinchat":[],"footnotes":""},"categories":[55,69,59],"tags":[75,757],"class_list":["post-6090","post","type-post","status-publish","format-standard","has-post-thumbnail","hentry","category-destaques","category-entreterimento-e-cultura","category-ultimas-noticias","tag-coite","tag-micareta"],"yoast_head":"<!-- This site is optimized with the Yoast SEO plugin v24.4 - https:\/\/yoast.com\/wordpress\/plugins\/seo\/ -->\n<title>Coit\u00e9 Folia 2025: Com mais de 40 atra\u00e7\u00f5es, montagem de estrutura entra na reta final. Relembre a programa\u00e7\u00e3o completa! - Portal raizes noticias<\/title>\n<meta name=\"robots\" content=\"index, follow, max-snippet:-1, max-image-preview:large, max-video-preview:-1\" \/>\n<link rel=\"canonical\" href=\"https:\/\/portalraizesnoticias.com.br\/?p=6090\" \/>\n<meta property=\"og:locale\" content=\"pt_BR\" \/>\n<meta property=\"og:type\" content=\"article\" \/>\n<meta property=\"og:title\" content=\"Coit\u00e9 Folia 2025: Com mais de 40 atra\u00e7\u00f5es, montagem de estrutura entra na reta final. Relembre a programa\u00e7\u00e3o completa! - Portal raizes noticias\" \/>\n<meta property=\"og:description\" content=\"A poucos dias do in\u00edcio da maior festa popular de Concei\u00e7\u00e3o do Coit\u00e9, a Coit\u00e9 Folia 2025 j\u00e1 toma conta das ruas e do cora\u00e7\u00e3o dos foli\u00f5es. Entre os dias 1\u00ba e 4 de maio, a cidade ser\u00e1 palco de uma programa\u00e7\u00e3o intensa, recheada de diversidade musical, trios el\u00e9tricos, pared\u00f5es, tendas de DJs e muito mais. Com o tema \u201cEssa \u00e9 nossa festa\u201d, a edi\u00e7\u00e3o deste ano celebra o pertencimento e a alegria de viver a tradi\u00e7\u00e3o do carnaval fora de \u00e9poca nas ruas da cidade. \u00a0 A Prefeitura de Concei\u00e7\u00e3o do Coit\u00e9 se preparou com anteced\u00eancia para garantir uma estrutura robusta, segura e acolhedora para os milhares de foli\u00f5es esperados. A montagem dos palcos, camarotes, portais de entrada e toda a infraestrutura de apoio j\u00e1 est\u00e1 em ritmo acelerado e deve ser conclu\u00edda at\u00e9 o in\u00edcio da pr\u00f3xima semana. \u00a0 No total, mais de 40 atra\u00e7\u00f5es j\u00e1 foram oficialmente confirmadas, reunindo grandes nomes da m\u00fasica baiana como Bell Marques, L\u00e9o Santana, Psirico, Durval Lelys e Escandurras, al\u00e9m de dezenas de artistas regionais e locais que levar\u00e3o seus ritmos e talentos para os trios. \u00a0 A festa promete agradar p\u00fablicos de todas as idades, com estilos que v\u00e3o do ax\u00e9 ao pagode, passando pelo arrocha, samba, reggae e m\u00fasica eletr\u00f4nica. \u201dO que n\u00e3o pode faltar s\u00e3o os amigos, pra gente curtir pra gente curtir essa micareta top. Estou muito ansioso e a expectativa t\u00e1 a mil\u201d, contou o empres\u00e1rio Nildo Filho. \u00a0 Para o prefeito Marcelo Ara\u00fajo, a Coit\u00e9 Folia \u00e9 mais do que entretenimento: \u00e9 identidade e desenvolvimento. \u201cFizemos um planejamento cuidadoso ao longo dos \u00faltimos meses para garantir uma festa segura, organizada e com qualidade. A Coit\u00e9 Folia \u00e9 um momento de encontro da nossa gente, um impulso para a economia local e um s\u00edmbolo da cultura que pulsa nas nossas ruas\u201d, afirmou o prefeito. \u00a0 Hist\u00f3ria\u00a0 \u00a0 A micareta de Concei\u00e7\u00e3o do Coit\u00e9 surgiu h\u00e1 mais de um s\u00e9culo, com registros da primeira edi\u00e7\u00e3o em 1923, ainda chamada de Micareme, realizada logo ap\u00f3s a Quaresma. A festa come\u00e7ava no S\u00e1bado de Aleluia, com o repicar do sino da igreja, e reunia foli\u00f5es em desfiles pelas ruas ao som de marchinhas, com mascarados e cavaleiros. Com o tempo, ganhou novas caracter\u00edsticas, como ilumina\u00e7\u00e3o especial, com\u00e9rcio ambulante e atra\u00e7\u00f5es da capital. No formato atual, a Coit\u00e9 Folia movimenta a economia local, gerando renda para diversos setores e valorizando os artistas da terra, que dividem os palcos com nomes nacionais. Reunindo foli\u00f5es de Coit\u00e9 e de toda a Regi\u00e3o do Sisal, a festa se firma como express\u00e3o de pertencimento e alegria, verdadeira marca cultural do povo coiteense. \u00a0 QUINTA-FEIRA \u2013 01\/05 Trio e Bloco \u00a0 16h00 \u2013 Jairo Guita (Trio Rodrig\u00e3o) 17h30 \u2013 Helder Ricardo (Trio Gold) 19h00 \u2013 Mandinho (Trio Line) 20h30 \u2013 Hot Sound (Trio Com\u00eata) 22h00 \u2013 Bell Marques (Trio Alucinante) 23h30 \u2013 Fabilu (Trio Twister) 01h00 \u2013 Guig Guetto (Trio Gold) 02h30 \u2013 Us Brukutu (Trio Line) Tenda com DJs \u00a0 20h00 \u2013 Deivinho 23h00 \u2013 Dija Pared\u00f5es \u00a0 Carreta Pitbull- A partir das 14h (Pra\u00e7a da Matriz) Mel Pared\u00e3o- A partir das 14h (Avenida da Micareta) Van Pared\u00e3o- A partir das 14h (Avenida da Micareta) Pirulito Pared\u00e3o- A partir das 14h (Avenida da Micareta) SEXTA-FEIRA \u2013 02\/05 Trio e Bloco \u00a0 16h00 \u2013 Batuque Social (Trio Rodrig\u00e3o) 17h30 \u2013 Na Madrugada (Trio Gold) 19h00 \u2013 Sedu (Trio Line) 20h30 \u2013 Rafa e Pipo (Trio Twister) 22h00 \u2013 Escandurras (Trio Alucinante) 23h30 \u2013 Batuker\u00ea (Trio Com\u00eata) 01h00 \u2013 Psirico (Trio Gold) 02h30 \u2013 Dyl Lima (Trio Line) 04h00 \u2013 Vailson Lion (Trio Twister) Tenda com DJs \u00a0 19h00 \u2013 Mark 21h30 \u2013 Chera 00h00 \u2013 Dija Pared\u00f5es \u00a0 Carreta Pitbull- A partir das 14h (Pra\u00e7a da Matriz) Claudinho Pared\u00e3o- A partir das 14h (Avenida da Micareta) Di\u00f3genes Pared\u00e3o- A partir das 14h (Avenida da Micareta) S\u00c1BADO \u2013 03\/05 Trio e Bloco \u00a0 16h00 \u2013 Os Metais \u2013 Bloco Alegria (Trio Rodrig\u00e3o) 17h30 \u2013 Altas Horas (Trio Line) 19h00 \u2013 O Er\u00f3tico \u2013 Bloco (Trio Com\u00eata) 20h30 \u2013 Eug\u00eanio Brasil (Trio Twister) 22h00 \u2013 M\u00e1rcia Freire (Trio Gold) 23h30 \u2013 Tico Menezes (Trio Line) 01h00 \u2013 L\u00e9o Santana (Trio Alucinante) 02h30 \u2013 Fred Nunes (Trio Com\u00eata) 04h00 \u2013 Jamaica Moreno (Trio Twister) Tenda com DJs \u00a0 20h00 \u2013 Digs 23h00 \u2013 Juninho Pared\u00f5es \u00a0 Carreta Pitbull- A partir das 14h (Pra\u00e7a da Matriz) Mel Pared\u00e3o- A partir das 14h (Avenida da Micareta) Van Pared\u00e3o- A partir das 14h (Avenida da Micareta) DOMINGO \u2013 04\/05 Trio e Bloco \u00a0 16h00 \u2013 Bloco Trem da Alegria (Trio Gold) 17h30 \u2013 Bloco da Paz (Trio Line) 19h30 \u2013 Isaac e Edson Gomes (Trio Twister) 20h30 \u2013 Durval Lelys (Trio Alucinante) 22h00 \u2013 Chaonda (Trio Com\u00eata) 23h30 \u2013 Nattan (Trio Gold) 01h00 \u2013 M\u00e1rcio Bary (Trio Line) 02h30 \u2013 Samba da Gente (Trio Twister) 04h00 \u2013 Ki Pegada (Trio Com\u00eata) Tenda com DJs\u00a0 \u00a0 20h00 \u2013 Garner 23h00 \u2013 Dija Pared\u00f5es \u00a0 Carreta Pitbull- A partir das 14h (Pra\u00e7a da Matriz) Claudinho Pared\u00e3o- A partir das 14h (Avenida da Micareta) Di\u00f3genes Pared\u00e3o- A partir das 14h (Avenida da Micareta)\u00a0 \u00a0 Ascom\u00a0\" \/>\n<meta property=\"og:url\" content=\"https:\/\/portalraizesnoticias.com.br\/?p=6090\" \/>\n<meta property=\"og:site_name\" content=\"Portal raizes noticias\" \/>\n<meta property=\"article:published_time\" content=\"2025-04-26T20:41:54+00:00\" \/>\n<meta property=\"article:modified_time\" content=\"2025-04-26T20:41:55+00:00\" \/>\n<meta property=\"og:image\" content=\"https:\/\/portalraizesnoticias.com.br\/wp-content\/uploads\/2025\/04\/2eb48941-460c-4436-84ac-62ca1e2c0762.jpeg\" \/>\n\t<meta property=\"og:image:width\" content=\"1024\" \/>\n\t<meta property=\"og:image:height\" content=\"768\" \/>\n\t<meta property=\"og:image:type\" content=\"image\/jpeg\" \/>\n<meta name=\"author\" content=\"Portal Raizes\" \/>\n<meta name=\"twitter:card\" content=\"summary_large_image\" \/>\n<meta name=\"twitter:label1\" content=\"Escrito por\" \/>\n\t<meta name=\"twitter:data1\" content=\"Portal Raizes\" \/>\n\t<meta name=\"twitter:label2\" content=\"Est. tempo de leitura\" \/>\n\t<meta name=\"twitter:data2\" content=\"5 minutos\" \/>\n<script type=\"application\/ld+json\" class=\"yoast-schema-graph\">{\"@context\":\"https:\/\/schema.org\",\"@graph\":[{\"@type\":\"Article\",\"@id\":\"https:\/\/portalraizesnoticias.com.br\/?p=6090#article\",\"isPartOf\":{\"@id\":\"https:\/\/portalraizesnoticias.com.br\/?p=6090\"},\"author\":{\"name\":\"Portal Raizes\",\"@id\":\"https:\/\/portalraizesnoticias.com.br\/#\/schema\/person\/a3ca6b0fc701e78df19756c417d943ae\"},\"headline\":\"Coit\u00e9 Folia 2025: Com mais de 40 atra\u00e7\u00f5es, montagem de estrutura entra na reta final. Relembre a programa\u00e7\u00e3o completa!\",\"datePublished\":\"2025-04-26T20:41:54+00:00\",\"dateModified\":\"2025-04-26T20:41:55+00:00\",\"mainEntityOfPage\":{\"@id\":\"https:\/\/portalraizesnoticias.com.br\/?p=6090\"},\"wordCount\":864,\"commentCount\":0,\"publisher\":{\"@id\":\"https:\/\/portalraizesnoticias.com.br\/#organization\"},\"image\":{\"@id\":\"https:\/\/portalraizesnoticias.com.br\/?p=6090#primaryimage\"},\"thumbnailUrl\":\"https:\/\/portalraizesnoticias.com.br\/wp-content\/uploads\/2025\/04\/2eb48941-460c-4436-84ac-62ca1e2c0762.jpeg\",\"keywords\":[\"Coit\u00e9\",\"Micareta\"],\"articleSection\":[\"DESTAQUES\",\"ENTRETERIMENTO E CULTURA\",\"ULTIMAS NOTICIAS\"],\"inLanguage\":\"pt-BR\",\"potentialAction\":[{\"@type\":\"CommentAction\",\"name\":\"Comment\",\"target\":[\"https:\/\/portalraizesnoticias.com.br\/?p=6090#respond\"]}]},{\"@type\":\"WebPage\",\"@id\":\"https:\/\/portalraizesnoticias.com.br\/?p=6090\",\"url\":\"https:\/\/portalraizesnoticias.com.br\/?p=6090\",\"name\":\"Coit\u00e9 Folia 2025: Com mais de 40 atra\u00e7\u00f5es, montagem de estrutura entra na reta final. Relembre a programa\u00e7\u00e3o completa! - Portal raizes noticias\",\"isPartOf\":{\"@id\":\"https:\/\/portalraizesnoticias.com.br\/#website\"},\"primaryImageOfPage\":{\"@id\":\"https:\/\/portalraizesnoticias.com.br\/?p=6090#primaryimage\"},\"image\":{\"@id\":\"https:\/\/portalraizesnoticias.com.br\/?p=6090#primaryimage\"},\"thumbnailUrl\":\"https:\/\/portalraizesnoticias.com.br\/wp-content\/uploads\/2025\/04\/2eb48941-460c-4436-84ac-62ca1e2c0762.jpeg\",\"datePublished\":\"2025-04-26T20:41:54+00:00\",\"dateModified\":\"2025-04-26T20:41:55+00:00\",\"breadcrumb\":{\"@id\":\"https:\/\/portalraizesnoticias.com.br\/?p=6090#breadcrumb\"},\"inLanguage\":\"pt-BR\",\"potentialAction\":[{\"@type\":\"ReadAction\",\"target\":[\"https:\/\/portalraizesnoticias.com.br\/?p=6090\"]}]},{\"@type\":\"ImageObject\",\"inLanguage\":\"pt-BR\",\"@id\":\"https:\/\/portalraizesnoticias.com.br\/?p=6090#primaryimage\",\"url\":\"https:\/\/portalraizesnoticias.com.br\/wp-content\/uploads\/2025\/04\/2eb48941-460c-4436-84ac-62ca1e2c0762.jpeg\",\"contentUrl\":\"https:\/\/portalraizesnoticias.com.br\/wp-content\/uploads\/2025\/04\/2eb48941-460c-4436-84ac-62ca1e2c0762.jpeg\",\"width\":1024,\"height\":768},{\"@type\":\"BreadcrumbList\",\"@id\":\"https:\/\/portalraizesnoticias.com.br\/?p=6090#breadcrumb\",\"itemListElement\":[{\"@type\":\"ListItem\",\"position\":1,\"name\":\"In\u00edcio\",\"item\":\"https:\/\/portalraizesnoticias.com.br\/\"},{\"@type\":\"ListItem\",\"position\":2,\"name\":\"Coit\u00e9 Folia 2025: Com mais de 40 atra\u00e7\u00f5es, montagem de estrutura entra na reta final. Relembre a programa\u00e7\u00e3o completa!\"}]},{\"@type\":\"WebSite\",\"@id\":\"https:\/\/portalraizesnoticias.com.br\/#website\",\"url\":\"https:\/\/portalraizesnoticias.com.br\/\",\"name\":\"Portal raizes NOTICIAS\",\"description\":\"site de noticias de concei\u00e7\u00e3o do coit\u00e9 e regi\u00e3o\",\"publisher\":{\"@id\":\"https:\/\/portalraizesnoticias.com.br\/#organization\"},\"alternateName\":\"PORTAL RAIZES COIT\u00c9\",\"potentialAction\":[{\"@type\":\"SearchAction\",\"target\":{\"@type\":\"EntryPoint\",\"urlTemplate\":\"https:\/\/portalraizesnoticias.com.br\/?s={search_term_string}\"},\"query-input\":{\"@type\":\"PropertyValueSpecification\",\"valueRequired\":true,\"valueName\":\"search_term_string\"}}],\"inLanguage\":\"pt-BR\"},{\"@type\":\"Organization\",\"@id\":\"https:\/\/portalraizesnoticias.com.br\/#organization\",\"name\":\"Portal raizes NOTICIAS\",\"url\":\"https:\/\/portalraizesnoticias.com.br\/\",\"logo\":{\"@type\":\"ImageObject\",\"inLanguage\":\"pt-BR\",\"@id\":\"https:\/\/portalraizesnoticias.com.br\/#\/schema\/logo\/image\/\",\"url\":\"https:\/\/portalraizesnoticias.com.br\/wp-content\/uploads\/2024\/09\/cropped-Captura-de-tela-2024-09-08-011108.png\",\"contentUrl\":\"https:\/\/portalraizesnoticias.com.br\/wp-content\/uploads\/2024\/09\/cropped-Captura-de-tela-2024-09-08-011108.png\",\"width\":606,\"height\":173,\"caption\":\"Portal raizes NOTICIAS\"},\"image\":{\"@id\":\"https:\/\/portalraizesnoticias.com.br\/#\/schema\/logo\/image\/\"}},{\"@type\":\"Person\",\"@id\":\"https:\/\/portalraizesnoticias.com.br\/#\/schema\/person\/a3ca6b0fc701e78df19756c417d943ae\",\"name\":\"Portal Raizes\",\"image\":{\"@type\":\"ImageObject\",\"inLanguage\":\"pt-BR\",\"@id\":\"https:\/\/portalraizesnoticias.com.br\/#\/schema\/person\/image\/\",\"url\":\"https:\/\/secure.gravatar.com\/avatar\/ef450d29013a3d3fba867a12a249d7b1?s=96&d=mm&r=g\",\"contentUrl\":\"https:\/\/secure.gravatar.com\/avatar\/ef450d29013a3d3fba867a12a249d7b1?s=96&d=mm&r=g\",\"caption\":\"Portal Raizes\"},\"url\":\"https:\/\/portalraizesnoticias.com.br\/?author=3\"}]}<\/script>\n<!-- \/ Yoast SEO plugin. -->","yoast_head_json":{"title":"Coit\u00e9 Folia 2025: Com mais de 40 atra\u00e7\u00f5es, montagem de estrutura entra na reta final. Relembre a programa\u00e7\u00e3o completa! - Portal raizes noticias","robots":{"index":"index","follow":"follow","max-snippet":"max-snippet:-1","max-image-preview":"max-image-preview:large","max-video-preview":"max-video-preview:-1"},"canonical":"https:\/\/portalraizesnoticias.com.br\/?p=6090","og_locale":"pt_BR","og_type":"article","og_title":"Coit\u00e9 Folia 2025: Com mais de 40 atra\u00e7\u00f5es, montagem de estrutura entra na reta final. Relembre a programa\u00e7\u00e3o completa! - Portal raizes noticias","og_description":"A poucos dias do in\u00edcio da maior festa popular de Concei\u00e7\u00e3o do Coit\u00e9, a Coit\u00e9 Folia 2025 j\u00e1 toma conta das ruas e do cora\u00e7\u00e3o dos foli\u00f5es. Entre os dias 1\u00ba e 4 de maio, a cidade ser\u00e1 palco de uma programa\u00e7\u00e3o intensa, recheada de diversidade musical, trios el\u00e9tricos, pared\u00f5es, tendas de DJs e muito mais. Com o tema \u201cEssa \u00e9 nossa festa\u201d, a edi\u00e7\u00e3o deste ano celebra o pertencimento e a alegria de viver a tradi\u00e7\u00e3o do carnaval fora de \u00e9poca nas ruas da cidade. \u00a0 A Prefeitura de Concei\u00e7\u00e3o do Coit\u00e9 se preparou com anteced\u00eancia para garantir uma estrutura robusta, segura e acolhedora para os milhares de foli\u00f5es esperados. A montagem dos palcos, camarotes, portais de entrada e toda a infraestrutura de apoio j\u00e1 est\u00e1 em ritmo acelerado e deve ser conclu\u00edda at\u00e9 o in\u00edcio da pr\u00f3xima semana. \u00a0 No total, mais de 40 atra\u00e7\u00f5es j\u00e1 foram oficialmente confirmadas, reunindo grandes nomes da m\u00fasica baiana como Bell Marques, L\u00e9o Santana, Psirico, Durval Lelys e Escandurras, al\u00e9m de dezenas de artistas regionais e locais que levar\u00e3o seus ritmos e talentos para os trios. \u00a0 A festa promete agradar p\u00fablicos de todas as idades, com estilos que v\u00e3o do ax\u00e9 ao pagode, passando pelo arrocha, samba, reggae e m\u00fasica eletr\u00f4nica. \u201dO que n\u00e3o pode faltar s\u00e3o os amigos, pra gente curtir pra gente curtir essa micareta top. Estou muito ansioso e a expectativa t\u00e1 a mil\u201d, contou o empres\u00e1rio Nildo Filho. \u00a0 Para o prefeito Marcelo Ara\u00fajo, a Coit\u00e9 Folia \u00e9 mais do que entretenimento: \u00e9 identidade e desenvolvimento. \u201cFizemos um planejamento cuidadoso ao longo dos \u00faltimos meses para garantir uma festa segura, organizada e com qualidade. A Coit\u00e9 Folia \u00e9 um momento de encontro da nossa gente, um impulso para a economia local e um s\u00edmbolo da cultura que pulsa nas nossas ruas\u201d, afirmou o prefeito. \u00a0 Hist\u00f3ria\u00a0 \u00a0 A micareta de Concei\u00e7\u00e3o do Coit\u00e9 surgiu h\u00e1 mais de um s\u00e9culo, com registros da primeira edi\u00e7\u00e3o em 1923, ainda chamada de Micareme, realizada logo ap\u00f3s a Quaresma. A festa come\u00e7ava no S\u00e1bado de Aleluia, com o repicar do sino da igreja, e reunia foli\u00f5es em desfiles pelas ruas ao som de marchinhas, com mascarados e cavaleiros. Com o tempo, ganhou novas caracter\u00edsticas, como ilumina\u00e7\u00e3o especial, com\u00e9rcio ambulante e atra\u00e7\u00f5es da capital. No formato atual, a Coit\u00e9 Folia movimenta a economia local, gerando renda para diversos setores e valorizando os artistas da terra, que dividem os palcos com nomes nacionais. Reunindo foli\u00f5es de Coit\u00e9 e de toda a Regi\u00e3o do Sisal, a festa se firma como express\u00e3o de pertencimento e alegria, verdadeira marca cultural do povo coiteense. \u00a0 QUINTA-FEIRA \u2013 01\/05 Trio e Bloco \u00a0 16h00 \u2013 Jairo Guita (Trio Rodrig\u00e3o) 17h30 \u2013 Helder Ricardo (Trio Gold) 19h00 \u2013 Mandinho (Trio Line) 20h30 \u2013 Hot Sound (Trio Com\u00eata) 22h00 \u2013 Bell Marques (Trio Alucinante) 23h30 \u2013 Fabilu (Trio Twister) 01h00 \u2013 Guig Guetto (Trio Gold) 02h30 \u2013 Us Brukutu (Trio Line) Tenda com DJs \u00a0 20h00 \u2013 Deivinho 23h00 \u2013 Dija Pared\u00f5es \u00a0 Carreta Pitbull- A partir das 14h (Pra\u00e7a da Matriz) Mel Pared\u00e3o- A partir das 14h (Avenida da Micareta) Van Pared\u00e3o- A partir das 14h (Avenida da Micareta) Pirulito Pared\u00e3o- A partir das 14h (Avenida da Micareta) SEXTA-FEIRA \u2013 02\/05 Trio e Bloco \u00a0 16h00 \u2013 Batuque Social (Trio Rodrig\u00e3o) 17h30 \u2013 Na Madrugada (Trio Gold) 19h00 \u2013 Sedu (Trio Line) 20h30 \u2013 Rafa e Pipo (Trio Twister) 22h00 \u2013 Escandurras (Trio Alucinante) 23h30 \u2013 Batuker\u00ea (Trio Com\u00eata) 01h00 \u2013 Psirico (Trio Gold) 02h30 \u2013 Dyl Lima (Trio Line) 04h00 \u2013 Vailson Lion (Trio Twister) Tenda com DJs \u00a0 19h00 \u2013 Mark 21h30 \u2013 Chera 00h00 \u2013 Dija Pared\u00f5es \u00a0 Carreta Pitbull- A partir das 14h (Pra\u00e7a da Matriz) Claudinho Pared\u00e3o- A partir das 14h (Avenida da Micareta) Di\u00f3genes Pared\u00e3o- A partir das 14h (Avenida da Micareta) S\u00c1BADO \u2013 03\/05 Trio e Bloco \u00a0 16h00 \u2013 Os Metais \u2013 Bloco Alegria (Trio Rodrig\u00e3o) 17h30 \u2013 Altas Horas (Trio Line) 19h00 \u2013 O Er\u00f3tico \u2013 Bloco (Trio Com\u00eata) 20h30 \u2013 Eug\u00eanio Brasil (Trio Twister) 22h00 \u2013 M\u00e1rcia Freire (Trio Gold) 23h30 \u2013 Tico Menezes (Trio Line) 01h00 \u2013 L\u00e9o Santana (Trio Alucinante) 02h30 \u2013 Fred Nunes (Trio Com\u00eata) 04h00 \u2013 Jamaica Moreno (Trio Twister) Tenda com DJs \u00a0 20h00 \u2013 Digs 23h00 \u2013 Juninho Pared\u00f5es \u00a0 Carreta Pitbull- A partir das 14h (Pra\u00e7a da Matriz) Mel Pared\u00e3o- A partir das 14h (Avenida da Micareta) Van Pared\u00e3o- A partir das 14h (Avenida da Micareta) DOMINGO \u2013 04\/05 Trio e Bloco \u00a0 16h00 \u2013 Bloco Trem da Alegria (Trio Gold) 17h30 \u2013 Bloco da Paz (Trio Line) 19h30 \u2013 Isaac e Edson Gomes (Trio Twister) 20h30 \u2013 Durval Lelys (Trio Alucinante) 22h00 \u2013 Chaonda (Trio Com\u00eata) 23h30 \u2013 Nattan (Trio Gold) 01h00 \u2013 M\u00e1rcio Bary (Trio Line) 02h30 \u2013 Samba da Gente (Trio Twister) 04h00 \u2013 Ki Pegada (Trio Com\u00eata) Tenda com DJs\u00a0 \u00a0 20h00 \u2013 Garner 23h00 \u2013 Dija Pared\u00f5es \u00a0 Carreta Pitbull- A partir das 14h (Pra\u00e7a da Matriz) Claudinho Pared\u00e3o- A partir das 14h (Avenida da Micareta) Di\u00f3genes Pared\u00e3o- A partir das 14h (Avenida da Micareta)\u00a0 \u00a0 Ascom\u00a0","og_url":"https:\/\/portalraizesnoticias.com.br\/?p=6090","og_site_name":"Portal raizes noticias","article_published_time":"2025-04-26T20:41:54+00:00","article_modified_time":"2025-04-26T20:41:55+00:00","og_image":[{"width":1024,"height":768,"url":"https:\/\/portalraizesnoticias.com.br\/wp-content\/uploads\/2025\/04\/2eb48941-460c-4436-84ac-62ca1e2c0762.jpeg","type":"image\/jpeg"}],"author":"Portal Raizes","twitter_card":"summary_large_image","twitter_misc":{"Escrito por":"Portal Raizes","Est. tempo de leitura":"5 minutos"},"schema":{"@context":"https:\/\/schema.org","@graph":[{"@type":"Article","@id":"https:\/\/portalraizesnoticias.com.br\/?p=6090#article","isPartOf":{"@id":"https:\/\/portalraizesnoticias.com.br\/?p=6090"},"author":{"name":"Portal Raizes","@id":"https:\/\/portalraizesnoticias.com.br\/#\/schema\/person\/a3ca6b0fc701e78df19756c417d943ae"},"headline":"Coit\u00e9 Folia 2025: Com mais de 40 atra\u00e7\u00f5es, montagem de estrutura entra na reta final. Relembre a programa\u00e7\u00e3o completa!","datePublished":"2025-04-26T20:41:54+00:00","dateModified":"2025-04-26T20:41:55+00:00","mainEntityOfPage":{"@id":"https:\/\/portalraizesnoticias.com.br\/?p=6090"},"wordCount":864,"commentCount":0,"publisher":{"@id":"https:\/\/portalraizesnoticias.com.br\/#organization"},"image":{"@id":"https:\/\/portalraizesnoticias.com.br\/?p=6090#primaryimage"},"thumbnailUrl":"https:\/\/portalraizesnoticias.com.br\/wp-content\/uploads\/2025\/04\/2eb48941-460c-4436-84ac-62ca1e2c0762.jpeg","keywords":["Coit\u00e9","Micareta"],"articleSection":["DESTAQUES","ENTRETERIMENTO E CULTURA","ULTIMAS NOTICIAS"],"inLanguage":"pt-BR","potentialAction":[{"@type":"CommentAction","name":"Comment","target":["https:\/\/portalraizesnoticias.com.br\/?p=6090#respond"]}]},{"@type":"WebPage","@id":"https:\/\/portalraizesnoticias.com.br\/?p=6090","url":"https:\/\/portalraizesnoticias.com.br\/?p=6090","name":"Coit\u00e9 Folia 2025: Com mais de 40 atra\u00e7\u00f5es, montagem de estrutura entra na reta final. Relembre a programa\u00e7\u00e3o completa! - Portal raizes noticias","isPartOf":{"@id":"https:\/\/portalraizesnoticias.com.br\/#website"},"primaryImageOfPage":{"@id":"https:\/\/portalraizesnoticias.com.br\/?p=6090#primaryimage"},"image":{"@id":"https:\/\/portalraizesnoticias.com.br\/?p=6090#primaryimage"},"thumbnailUrl":"https:\/\/portalraizesnoticias.com.br\/wp-content\/uploads\/2025\/04\/2eb48941-460c-4436-84ac-62ca1e2c0762.jpeg","datePublished":"2025-04-26T20:41:54+00:00","dateModified":"2025-04-26T20:41:55+00:00","breadcrumb":{"@id":"https:\/\/portalraizesnoticias.com.br\/?p=6090#breadcrumb"},"inLanguage":"pt-BR","potentialAction":[{"@type":"ReadAction","target":["https:\/\/portalraizesnoticias.com.br\/?p=6090"]}]},{"@type":"ImageObject","inLanguage":"pt-BR","@id":"https:\/\/portalraizesnoticias.com.br\/?p=6090#primaryimage","url":"https:\/\/portalraizesnoticias.com.br\/wp-content\/uploads\/2025\/04\/2eb48941-460c-4436-84ac-62ca1e2c0762.jpeg","contentUrl":"https:\/\/portalraizesnoticias.com.br\/wp-content\/uploads\/2025\/04\/2eb48941-460c-4436-84ac-62ca1e2c0762.jpeg","width":1024,"height":768},{"@type":"BreadcrumbList","@id":"https:\/\/portalraizesnoticias.com.br\/?p=6090#breadcrumb","itemListElement":[{"@type":"ListItem","position":1,"name":"In\u00edcio","item":"https:\/\/portalraizesnoticias.com.br\/"},{"@type":"ListItem","position":2,"name":"Coit\u00e9 Folia 2025: Com mais de 40 atra\u00e7\u00f5es, montagem de estrutura entra na reta final. Relembre a programa\u00e7\u00e3o completa!"}]},{"@type":"WebSite","@id":"https:\/\/portalraizesnoticias.com.br\/#website","url":"https:\/\/portalraizesnoticias.com.br\/","name":"Portal raizes NOTICIAS","description":"site de noticias de concei\u00e7\u00e3o do coit\u00e9 e regi\u00e3o","publisher":{"@id":"https:\/\/portalraizesnoticias.com.br\/#organization"},"alternateName":"PORTAL RAIZES COIT\u00c9","potentialAction":[{"@type":"SearchAction","target":{"@type":"EntryPoint","urlTemplate":"https:\/\/portalraizesnoticias.com.br\/?s={search_term_string}"},"query-input":{"@type":"PropertyValueSpecification","valueRequired":true,"valueName":"search_term_string"}}],"inLanguage":"pt-BR"},{"@type":"Organization","@id":"https:\/\/portalraizesnoticias.com.br\/#organization","name":"Portal raizes NOTICIAS","url":"https:\/\/portalraizesnoticias.com.br\/","logo":{"@type":"ImageObject","inLanguage":"pt-BR","@id":"https:\/\/portalraizesnoticias.com.br\/#\/schema\/logo\/image\/","url":"https:\/\/portalraizesnoticias.com.br\/wp-content\/uploads\/2024\/09\/cropped-Captura-de-tela-2024-09-08-011108.png","contentUrl":"https:\/\/portalraizesnoticias.com.br\/wp-content\/uploads\/2024\/09\/cropped-Captura-de-tela-2024-09-08-011108.png","width":606,"height":173,"caption":"Portal raizes NOTICIAS"},"image":{"@id":"https:\/\/portalraizesnoticias.com.br\/#\/schema\/logo\/image\/"}},{"@type":"Person","@id":"https:\/\/portalraizesnoticias.com.br\/#\/schema\/person\/a3ca6b0fc701e78df19756c417d943ae","name":"Portal Raizes","image":{"@type":"ImageObject","inLanguage":"pt-BR","@id":"https:\/\/portalraizesnoticias.com.br\/#\/schema\/person\/image\/","url":"https:\/\/secure.gravatar.com\/avatar\/ef450d29013a3d3fba867a12a249d7b1?s=96&d=mm&r=g","contentUrl":"https:\/\/secure.gravatar.com\/avatar\/ef450d29013a3d3fba867a12a249d7b1?s=96&d=mm&r=g","caption":"Portal Raizes"},"url":"https:\/\/portalraizesnoticias.com.br\/?author=3"}]}},"_links":{"self":[{"href":"https:\/\/portalraizesnoticias.com.br\/index.php?rest_route=\/wp\/v2\/posts\/6090"}],"collection":[{"href":"https:\/\/portalraizesnoticias.com.br\/index.php?rest_route=\/wp\/v2\/posts"}],"about":[{"href":"https:\/\/portalraizesnoticias.com.br\/index.php?rest_route=\/wp\/v2\/types\/post"}],"author":[{"embeddable":true,"href":"https:\/\/portalraizesnoticias.com.br\/index.php?rest_route=\/wp\/v2\/users\/3"}],"replies":[{"embeddable":true,"href":"https:\/\/portalraizesnoticias.com.br\/index.php?rest_route=%2Fwp%2Fv2%2Fcomments&post=6090"}],"version-history":[{"count":1,"href":"https:\/\/portalraizesnoticias.com.br\/index.php?rest_route=\/wp\/v2\/posts\/6090\/revisions"}],"predecessor-version":[{"id":6092,"href":"https:\/\/portalraizesnoticias.com.br\/index.php?rest_route=\/wp\/v2\/posts\/6090\/revisions\/6092"}],"wp:featuredmedia":[{"embeddable":true,"href":"https:\/\/portalraizesnoticias.com.br\/index.php?rest_route=\/wp\/v2\/media\/6091"}],"wp:attachment":[{"href":"https:\/\/portalraizesnoticias.com.br\/index.php?rest_route=%2Fwp%2Fv2%2Fmedia&parent=6090"}],"wp:term":[{"taxonomy":"category","embeddable":true,"href":"https:\/\/portalraizesnoticias.com.br\/index.php?rest_route=%2Fwp%2Fv2%2Fcategories&post=6090"},{"taxonomy":"post_tag","embeddable":true,"href":"https:\/\/portalraizesnoticias.com.br\/index.php?rest_route=%2Fwp%2Fv2%2Ftags&post=6090"}],"curies":[{"name":"wp","href":"https:\/\/api.w.org\/{rel}","templated":true}]}}