{"id":6031,"date":"2025-04-21T19:47:47","date_gmt":"2025-04-21T22:47:47","guid":{"rendered":"https:\/\/portalraizesnoticias.com.br\/?p=6031"},"modified":"2025-04-21T19:47:47","modified_gmt":"2025-04-21T22:47:47","slug":"jovem-e-preso-por-trafico-de-drogas-na-rua-duque-em-conceicao-do-coite","status":"publish","type":"post","link":"https:\/\/portalraizesnoticias.com.br\/?p=6031","title":{"rendered":"Jovem \u00e9 preso por tr\u00e1fico de drogas na Rua Duque em Concei\u00e7\u00e3o do Coit\u00e9"},"content":{"rendered":"<p>\u00c0s 15h30 desta segunda-feira (21), um homem foi preso por tr\u00e1fico de drogas na Rua Duque, Centro, Concei\u00e7\u00e3o do Coit\u00e9-BA.<\/p>\n<p><img fetchpriority=\"high\" decoding=\"async\" class=\"size-medium wp-image-5600 aligncenter\" src=\"https:\/\/portalraizesnoticias.com.br\/wp-content\/uploads\/2025\/04\/banner-quadrado-vidracaria-almeida-300x300.jpg\" alt=\"\" width=\"300\" height=\"300\" srcset=\"https:\/\/portalraizesnoticias.com.br\/wp-content\/uploads\/2025\/04\/banner-quadrado-vidracaria-almeida-300x300.jpg 300w, https:\/\/portalraizesnoticias.com.br\/wp-content\/uploads\/2025\/04\/banner-quadrado-vidracaria-almeida-1024x1024.jpg 1024w, https:\/\/portalraizesnoticias.com.br\/wp-content\/uploads\/2025\/04\/banner-quadrado-vidracaria-almeida-150x150.jpg 150w, https:\/\/portalraizesnoticias.com.br\/wp-content\/uploads\/2025\/04\/banner-quadrado-vidracaria-almeida-768x768.jpg 768w, https:\/\/portalraizesnoticias.com.br\/wp-content\/uploads\/2025\/04\/banner-quadrado-vidracaria-almeida-700x700.jpg 700w, https:\/\/portalraizesnoticias.com.br\/wp-content\/uploads\/2025\/04\/banner-quadrado-vidracaria-almeida-620x620.jpg 620w, https:\/\/portalraizesnoticias.com.br\/wp-content\/uploads\/2025\/04\/banner-quadrado-vidracaria-almeida-400x400.jpg 400w, https:\/\/portalraizesnoticias.com.br\/wp-content\/uploads\/2025\/04\/banner-quadrado-vidracaria-almeida.jpg 1080w\" sizes=\"(max-width: 300px) 100vw, 300px\" \/><\/p>\n<p style=\"text-align: center;\"><strong>PUBLICIDADE<\/strong><\/p>\n<p>Segundo informa\u00e7\u00f5es da Pol\u00edcia Militar, a guarni\u00e7\u00e3o abordou um indiv\u00edduo de 25 anos, sendo encontrados em seu capacete subst\u00e2ncias sugestivas de maconha, coca\u00edna e ecstasy.<\/p>\n<p>Ele confessou a pr\u00e1tica do tr\u00e1fico e informou ter mais drogas, sendo encontradas mais subst\u00e2ncias il\u00edcitas e uma balan\u00e7a de precis\u00e3o.<\/p>\n<p><img decoding=\"async\" class=\"size-medium wp-image-5657 aligncenter\" src=\"https:\/\/portalraizesnoticias.com.br\/wp-content\/uploads\/2025\/04\/IMG-20250408-WA0451-300x173.jpg\" alt=\"\" width=\"300\" height=\"173\" srcset=\"https:\/\/portalraizesnoticias.com.br\/wp-content\/uploads\/2025\/04\/IMG-20250408-WA0451-300x173.jpg 300w, https:\/\/portalraizesnoticias.com.br\/wp-content\/uploads\/2025\/04\/IMG-20250408-WA0451-1024x592.jpg 1024w, https:\/\/portalraizesnoticias.com.br\/wp-content\/uploads\/2025\/04\/IMG-20250408-WA0451-768x444.jpg 768w, https:\/\/portalraizesnoticias.com.br\/wp-content\/uploads\/2025\/04\/IMG-20250408-WA0451.jpg 1280w\" sizes=\"(max-width: 300px) 100vw, 300px\" \/><\/p>\n<p style=\"text-align: center;\"><strong>PUBLICIDADE<\/strong><\/p>\n<p>O abordado foi preso e apresentado \u00e0 autoridade policial em Riach\u00e3o do Jacu\u00edpe, juntamente com todo material encontrado.<\/p>\n<p><strong>Materiais Apreendidos:<\/strong><\/p>\n<p>&#8211; 01 (uma) por\u00e7\u00e3o de subst\u00e2ncia an\u00e1loga \u00e0 maconha prensada pesando aproximadamente 185g;<\/p>\n<p>&#8211; 01 (uma) por\u00e7\u00e3o de subst\u00e2ncia an\u00e1loga \u00e0 maconha in natura pesando aproximadamente 23g;<\/p>\n<p>&#8211; 01 (uma) trouxinha de subst\u00e2ncia an\u00e1loga \u00e0 maconha;<\/p>\n<p>&#8211; 01 (uma) pedra de subst\u00e2ncia an\u00e1loga \u00e0 coca\u00edna pesando aproximadamente 20g;<\/p>\n<p>&#8211; 01 (uma) trouxinha de subst\u00e2ncia an\u00e1loga \u00e0 coca\u00edna;<\/p>\n<p>&#8211; 01 (um) comprimido de subst\u00e2ncia an\u00e1loga \u00e0 ecstasy;<\/p>\n<p>&#8211; 01 (uma) balan\u00e7a de precis\u00e3o;<\/p>\n<p>&#8211; 01 (um) iPhone;<\/p>\n<p>&#8211; R$ 40,00 (quarenta reais) em esp\u00e9cie.<\/p>\n<p>Fonte: ASCOM do 16\u00ba BPM<\/p>\n","protected":false},"excerpt":{"rendered":"<p>\u00c0s 15h30 desta segunda-feira (21), um homem foi preso por tr\u00e1fico de drogas na Rua Duque, Centro, Concei\u00e7\u00e3o do Coit\u00e9-BA. PUBLICIDADE Segundo informa\u00e7\u00f5es da Pol\u00edcia Militar, a guarni\u00e7\u00e3o abordou um indiv\u00edduo de 25 anos, sendo encontrados em seu capacete subst\u00e2ncias sugestivas de maconha, coca\u00edna e ecstasy. Ele confessou a pr\u00e1tica do tr\u00e1fico e informou ter mais drogas, sendo encontradas mais subst\u00e2ncias il\u00edcitas e uma balan\u00e7a de precis\u00e3o. PUBLICIDADE O abordado foi preso e apresentado \u00e0 autoridade policial em Riach\u00e3o do Jacu\u00edpe, juntamente com todo material encontrado. Materiais Apreendidos: &#8211; 01 (uma) por\u00e7\u00e3o de subst\u00e2ncia an\u00e1loga \u00e0 maconha prensada pesando aproximadamente 185g; &#8211; 01 (uma) por\u00e7\u00e3o de subst\u00e2ncia an\u00e1loga \u00e0 maconha in natura pesando aproximadamente 23g; &#8211; 01 (uma) trouxinha de subst\u00e2ncia an\u00e1loga \u00e0 maconha; &#8211; 01 (uma) pedra de subst\u00e2ncia an\u00e1loga \u00e0 coca\u00edna pesando aproximadamente 20g; &#8211; 01 (uma) trouxinha de subst\u00e2ncia an\u00e1loga \u00e0 coca\u00edna; &#8211; 01 (um) comprimido de subst\u00e2ncia an\u00e1loga \u00e0 ecstasy; &#8211; 01 (uma) balan\u00e7a de precis\u00e3o; &#8211; 01 (um) iPhone; &#8211; R$ 40,00 (quarenta reais) em esp\u00e9cie. Fonte: ASCOM do 16\u00ba BPM<\/p>\n","protected":false},"author":3,"featured_media":6032,"comment_status":"open","ping_status":"open","sticky":false,"template":"","format":"standard","meta":{"_joinchat":[],"footnotes":""},"categories":[55,67,59],"tags":[529,142,236],"class_list":["post-6031","post","type-post","status-publish","format-standard","has-post-thumbnail","hentry","category-destaques","category-policia","category-ultimas-noticias","tag-drogas","tag-homem","tag-preso"],"yoast_head":"<!-- This site is optimized with the Yoast SEO plugin v24.4 - https:\/\/yoast.com\/wordpress\/plugins\/seo\/ -->\n<title>Jovem \u00e9 preso por tr\u00e1fico de drogas na Rua Duque em Concei\u00e7\u00e3o do Coit\u00e9 - Portal raizes noticias<\/title>\n<meta name=\"robots\" content=\"index, follow, max-snippet:-1, max-image-preview:large, max-video-preview:-1\" \/>\n<link rel=\"canonical\" href=\"https:\/\/portalraizesnoticias.com.br\/?p=6031\" \/>\n<meta property=\"og:locale\" content=\"pt_BR\" \/>\n<meta property=\"og:type\" content=\"article\" \/>\n<meta property=\"og:title\" content=\"Jovem \u00e9 preso por tr\u00e1fico de drogas na Rua Duque em Concei\u00e7\u00e3o do Coit\u00e9 - Portal raizes noticias\" \/>\n<meta property=\"og:description\" content=\"\u00c0s 15h30 desta segunda-feira (21), um homem foi preso por tr\u00e1fico de drogas na Rua Duque, Centro, Concei\u00e7\u00e3o do Coit\u00e9-BA. PUBLICIDADE Segundo informa\u00e7\u00f5es da Pol\u00edcia Militar, a guarni\u00e7\u00e3o abordou um indiv\u00edduo de 25 anos, sendo encontrados em seu capacete subst\u00e2ncias sugestivas de maconha, coca\u00edna e ecstasy. Ele confessou a pr\u00e1tica do tr\u00e1fico e informou ter mais drogas, sendo encontradas mais subst\u00e2ncias il\u00edcitas e uma balan\u00e7a de precis\u00e3o. PUBLICIDADE O abordado foi preso e apresentado \u00e0 autoridade policial em Riach\u00e3o do Jacu\u00edpe, juntamente com todo material encontrado. Materiais Apreendidos: &#8211; 01 (uma) por\u00e7\u00e3o de subst\u00e2ncia an\u00e1loga \u00e0 maconha prensada pesando aproximadamente 185g; &#8211; 01 (uma) por\u00e7\u00e3o de subst\u00e2ncia an\u00e1loga \u00e0 maconha in natura pesando aproximadamente 23g; &#8211; 01 (uma) trouxinha de subst\u00e2ncia an\u00e1loga \u00e0 maconha; &#8211; 01 (uma) pedra de subst\u00e2ncia an\u00e1loga \u00e0 coca\u00edna pesando aproximadamente 20g; &#8211; 01 (uma) trouxinha de subst\u00e2ncia an\u00e1loga \u00e0 coca\u00edna; &#8211; 01 (um) comprimido de subst\u00e2ncia an\u00e1loga \u00e0 ecstasy; &#8211; 01 (uma) balan\u00e7a de precis\u00e3o; &#8211; 01 (um) iPhone; &#8211; R$ 40,00 (quarenta reais) em esp\u00e9cie. Fonte: ASCOM do 16\u00ba BPM\" \/>\n<meta property=\"og:url\" content=\"https:\/\/portalraizesnoticias.com.br\/?p=6031\" \/>\n<meta property=\"og:site_name\" content=\"Portal raizes noticias\" \/>\n<meta property=\"article:published_time\" content=\"2025-04-21T22:47:47+00:00\" \/>\n<meta property=\"og:image\" content=\"https:\/\/portalraizesnoticias.com.br\/wp-content\/uploads\/2025\/04\/IMG-20250421-WA0351.jpg\" \/>\n\t<meta property=\"og:image:width\" content=\"1200\" \/>\n\t<meta property=\"og:image:height\" content=\"1600\" \/>\n\t<meta property=\"og:image:type\" content=\"image\/jpeg\" \/>\n<meta name=\"author\" content=\"Portal Raizes\" \/>\n<meta name=\"twitter:card\" content=\"summary_large_image\" \/>\n<meta name=\"twitter:label1\" content=\"Escrito por\" \/>\n\t<meta name=\"twitter:data1\" content=\"Portal Raizes\" \/>\n\t<meta name=\"twitter:label2\" content=\"Est. tempo de leitura\" \/>\n\t<meta name=\"twitter:data2\" content=\"2 minutos\" \/>\n<script type=\"application\/ld+json\" class=\"yoast-schema-graph\">{\"@context\":\"https:\/\/schema.org\",\"@graph\":[{\"@type\":\"Article\",\"@id\":\"https:\/\/portalraizesnoticias.com.br\/?p=6031#article\",\"isPartOf\":{\"@id\":\"https:\/\/portalraizesnoticias.com.br\/?p=6031\"},\"author\":{\"name\":\"Portal Raizes\",\"@id\":\"https:\/\/portalraizesnoticias.com.br\/#\/schema\/person\/a3ca6b0fc701e78df19756c417d943ae\"},\"headline\":\"Jovem \u00e9 preso por tr\u00e1fico de drogas na Rua Duque em Concei\u00e7\u00e3o do Coit\u00e9\",\"datePublished\":\"2025-04-21T22:47:47+00:00\",\"mainEntityOfPage\":{\"@id\":\"https:\/\/portalraizesnoticias.com.br\/?p=6031\"},\"wordCount\":208,\"commentCount\":0,\"publisher\":{\"@id\":\"https:\/\/portalraizesnoticias.com.br\/#organization\"},\"image\":{\"@id\":\"https:\/\/portalraizesnoticias.com.br\/?p=6031#primaryimage\"},\"thumbnailUrl\":\"https:\/\/portalraizesnoticias.com.br\/wp-content\/uploads\/2025\/04\/IMG-20250421-WA0351.jpg\",\"keywords\":[\"Drogas\",\"Homem\",\"Preso\"],\"articleSection\":[\"DESTAQUES\",\"POLICIA\",\"ULTIMAS NOTICIAS\"],\"inLanguage\":\"pt-BR\",\"potentialAction\":[{\"@type\":\"CommentAction\",\"name\":\"Comment\",\"target\":[\"https:\/\/portalraizesnoticias.com.br\/?p=6031#respond\"]}]},{\"@type\":\"WebPage\",\"@id\":\"https:\/\/portalraizesnoticias.com.br\/?p=6031\",\"url\":\"https:\/\/portalraizesnoticias.com.br\/?p=6031\",\"name\":\"Jovem \u00e9 preso por tr\u00e1fico de drogas na Rua Duque em Concei\u00e7\u00e3o do Coit\u00e9 - Portal raizes noticias\",\"isPartOf\":{\"@id\":\"https:\/\/portalraizesnoticias.com.br\/#website\"},\"primaryImageOfPage\":{\"@id\":\"https:\/\/portalraizesnoticias.com.br\/?p=6031#primaryimage\"},\"image\":{\"@id\":\"https:\/\/portalraizesnoticias.com.br\/?p=6031#primaryimage\"},\"thumbnailUrl\":\"https:\/\/portalraizesnoticias.com.br\/wp-content\/uploads\/2025\/04\/IMG-20250421-WA0351.jpg\",\"datePublished\":\"2025-04-21T22:47:47+00:00\",\"breadcrumb\":{\"@id\":\"https:\/\/portalraizesnoticias.com.br\/?p=6031#breadcrumb\"},\"inLanguage\":\"pt-BR\",\"potentialAction\":[{\"@type\":\"ReadAction\",\"target\":[\"https:\/\/portalraizesnoticias.com.br\/?p=6031\"]}]},{\"@type\":\"ImageObject\",\"inLanguage\":\"pt-BR\",\"@id\":\"https:\/\/portalraizesnoticias.com.br\/?p=6031#primaryimage\",\"url\":\"https:\/\/portalraizesnoticias.com.br\/wp-content\/uploads\/2025\/04\/IMG-20250421-WA0351.jpg\",\"contentUrl\":\"https:\/\/portalraizesnoticias.com.br\/wp-content\/uploads\/2025\/04\/IMG-20250421-WA0351.jpg\",\"width\":1200,\"height\":1600},{\"@type\":\"BreadcrumbList\",\"@id\":\"https:\/\/portalraizesnoticias.com.br\/?p=6031#breadcrumb\",\"itemListElement\":[{\"@type\":\"ListItem\",\"position\":1,\"name\":\"In\u00edcio\",\"item\":\"https:\/\/portalraizesnoticias.com.br\/\"},{\"@type\":\"ListItem\",\"position\":2,\"name\":\"Jovem \u00e9 preso por tr\u00e1fico de drogas na Rua Duque em Concei\u00e7\u00e3o do Coit\u00e9\"}]},{\"@type\":\"WebSite\",\"@id\":\"https:\/\/portalraizesnoticias.com.br\/#website\",\"url\":\"https:\/\/portalraizesnoticias.com.br\/\",\"name\":\"Portal raizes NOTICIAS\",\"description\":\"site de noticias de concei\u00e7\u00e3o do coit\u00e9 e regi\u00e3o\",\"publisher\":{\"@id\":\"https:\/\/portalraizesnoticias.com.br\/#organization\"},\"alternateName\":\"PORTAL RAIZES COIT\u00c9\",\"potentialAction\":[{\"@type\":\"SearchAction\",\"target\":{\"@type\":\"EntryPoint\",\"urlTemplate\":\"https:\/\/portalraizesnoticias.com.br\/?s={search_term_string}\"},\"query-input\":{\"@type\":\"PropertyValueSpecification\",\"valueRequired\":true,\"valueName\":\"search_term_string\"}}],\"inLanguage\":\"pt-BR\"},{\"@type\":\"Organization\",\"@id\":\"https:\/\/portalraizesnoticias.com.br\/#organization\",\"name\":\"Portal raizes NOTICIAS\",\"url\":\"https:\/\/portalraizesnoticias.com.br\/\",\"logo\":{\"@type\":\"ImageObject\",\"inLanguage\":\"pt-BR\",\"@id\":\"https:\/\/portalraizesnoticias.com.br\/#\/schema\/logo\/image\/\",\"url\":\"https:\/\/portalraizesnoticias.com.br\/wp-content\/uploads\/2024\/09\/cropped-Captura-de-tela-2024-09-08-011108.png\",\"contentUrl\":\"https:\/\/portalraizesnoticias.com.br\/wp-content\/uploads\/2024\/09\/cropped-Captura-de-tela-2024-09-08-011108.png\",\"width\":606,\"height\":173,\"caption\":\"Portal raizes NOTICIAS\"},\"image\":{\"@id\":\"https:\/\/portalraizesnoticias.com.br\/#\/schema\/logo\/image\/\"}},{\"@type\":\"Person\",\"@id\":\"https:\/\/portalraizesnoticias.com.br\/#\/schema\/person\/a3ca6b0fc701e78df19756c417d943ae\",\"name\":\"Portal Raizes\",\"image\":{\"@type\":\"ImageObject\",\"inLanguage\":\"pt-BR\",\"@id\":\"https:\/\/portalraizesnoticias.com.br\/#\/schema\/person\/image\/\",\"url\":\"https:\/\/secure.gravatar.com\/avatar\/ef450d29013a3d3fba867a12a249d7b1?s=96&d=mm&r=g\",\"contentUrl\":\"https:\/\/secure.gravatar.com\/avatar\/ef450d29013a3d3fba867a12a249d7b1?s=96&d=mm&r=g\",\"caption\":\"Portal Raizes\"},\"url\":\"https:\/\/portalraizesnoticias.com.br\/?author=3\"}]}<\/script>\n<!-- \/ Yoast SEO plugin. -->","yoast_head_json":{"title":"Jovem \u00e9 preso por tr\u00e1fico de drogas na Rua Duque em Concei\u00e7\u00e3o do Coit\u00e9 - Portal raizes noticias","robots":{"index":"index","follow":"follow","max-snippet":"max-snippet:-1","max-image-preview":"max-image-preview:large","max-video-preview":"max-video-preview:-1"},"canonical":"https:\/\/portalraizesnoticias.com.br\/?p=6031","og_locale":"pt_BR","og_type":"article","og_title":"Jovem \u00e9 preso por tr\u00e1fico de drogas na Rua Duque em Concei\u00e7\u00e3o do Coit\u00e9 - Portal raizes noticias","og_description":"\u00c0s 15h30 desta segunda-feira (21), um homem foi preso por tr\u00e1fico de drogas na Rua Duque, Centro, Concei\u00e7\u00e3o do Coit\u00e9-BA. PUBLICIDADE Segundo informa\u00e7\u00f5es da Pol\u00edcia Militar, a guarni\u00e7\u00e3o abordou um indiv\u00edduo de 25 anos, sendo encontrados em seu capacete subst\u00e2ncias sugestivas de maconha, coca\u00edna e ecstasy. Ele confessou a pr\u00e1tica do tr\u00e1fico e informou ter mais drogas, sendo encontradas mais subst\u00e2ncias il\u00edcitas e uma balan\u00e7a de precis\u00e3o. PUBLICIDADE O abordado foi preso e apresentado \u00e0 autoridade policial em Riach\u00e3o do Jacu\u00edpe, juntamente com todo material encontrado. Materiais Apreendidos: &#8211; 01 (uma) por\u00e7\u00e3o de subst\u00e2ncia an\u00e1loga \u00e0 maconha prensada pesando aproximadamente 185g; &#8211; 01 (uma) por\u00e7\u00e3o de subst\u00e2ncia an\u00e1loga \u00e0 maconha in natura pesando aproximadamente 23g; &#8211; 01 (uma) trouxinha de subst\u00e2ncia an\u00e1loga \u00e0 maconha; &#8211; 01 (uma) pedra de subst\u00e2ncia an\u00e1loga \u00e0 coca\u00edna pesando aproximadamente 20g; &#8211; 01 (uma) trouxinha de subst\u00e2ncia an\u00e1loga \u00e0 coca\u00edna; &#8211; 01 (um) comprimido de subst\u00e2ncia an\u00e1loga \u00e0 ecstasy; &#8211; 01 (uma) balan\u00e7a de precis\u00e3o; &#8211; 01 (um) iPhone; &#8211; R$ 40,00 (quarenta reais) em esp\u00e9cie. Fonte: ASCOM do 16\u00ba BPM","og_url":"https:\/\/portalraizesnoticias.com.br\/?p=6031","og_site_name":"Portal raizes noticias","article_published_time":"2025-04-21T22:47:47+00:00","og_image":[{"width":1200,"height":1600,"url":"https:\/\/portalraizesnoticias.com.br\/wp-content\/uploads\/2025\/04\/IMG-20250421-WA0351.jpg","type":"image\/jpeg"}],"author":"Portal Raizes","twitter_card":"summary_large_image","twitter_misc":{"Escrito por":"Portal Raizes","Est. tempo de leitura":"2 minutos"},"schema":{"@context":"https:\/\/schema.org","@graph":[{"@type":"Article","@id":"https:\/\/portalraizesnoticias.com.br\/?p=6031#article","isPartOf":{"@id":"https:\/\/portalraizesnoticias.com.br\/?p=6031"},"author":{"name":"Portal Raizes","@id":"https:\/\/portalraizesnoticias.com.br\/#\/schema\/person\/a3ca6b0fc701e78df19756c417d943ae"},"headline":"Jovem \u00e9 preso por tr\u00e1fico de drogas na Rua Duque em Concei\u00e7\u00e3o do Coit\u00e9","datePublished":"2025-04-21T22:47:47+00:00","mainEntityOfPage":{"@id":"https:\/\/portalraizesnoticias.com.br\/?p=6031"},"wordCount":208,"commentCount":0,"publisher":{"@id":"https:\/\/portalraizesnoticias.com.br\/#organization"},"image":{"@id":"https:\/\/portalraizesnoticias.com.br\/?p=6031#primaryimage"},"thumbnailUrl":"https:\/\/portalraizesnoticias.com.br\/wp-content\/uploads\/2025\/04\/IMG-20250421-WA0351.jpg","keywords":["Drogas","Homem","Preso"],"articleSection":["DESTAQUES","POLICIA","ULTIMAS NOTICIAS"],"inLanguage":"pt-BR","potentialAction":[{"@type":"CommentAction","name":"Comment","target":["https:\/\/portalraizesnoticias.com.br\/?p=6031#respond"]}]},{"@type":"WebPage","@id":"https:\/\/portalraizesnoticias.com.br\/?p=6031","url":"https:\/\/portalraizesnoticias.com.br\/?p=6031","name":"Jovem \u00e9 preso por tr\u00e1fico de drogas na Rua Duque em Concei\u00e7\u00e3o do Coit\u00e9 - Portal raizes noticias","isPartOf":{"@id":"https:\/\/portalraizesnoticias.com.br\/#website"},"primaryImageOfPage":{"@id":"https:\/\/portalraizesnoticias.com.br\/?p=6031#primaryimage"},"image":{"@id":"https:\/\/portalraizesnoticias.com.br\/?p=6031#primaryimage"},"thumbnailUrl":"https:\/\/portalraizesnoticias.com.br\/wp-content\/uploads\/2025\/04\/IMG-20250421-WA0351.jpg","datePublished":"2025-04-21T22:47:47+00:00","breadcrumb":{"@id":"https:\/\/portalraizesnoticias.com.br\/?p=6031#breadcrumb"},"inLanguage":"pt-BR","potentialAction":[{"@type":"ReadAction","target":["https:\/\/portalraizesnoticias.com.br\/?p=6031"]}]},{"@type":"ImageObject","inLanguage":"pt-BR","@id":"https:\/\/portalraizesnoticias.com.br\/?p=6031#primaryimage","url":"https:\/\/portalraizesnoticias.com.br\/wp-content\/uploads\/2025\/04\/IMG-20250421-WA0351.jpg","contentUrl":"https:\/\/portalraizesnoticias.com.br\/wp-content\/uploads\/2025\/04\/IMG-20250421-WA0351.jpg","width":1200,"height":1600},{"@type":"BreadcrumbList","@id":"https:\/\/portalraizesnoticias.com.br\/?p=6031#breadcrumb","itemListElement":[{"@type":"ListItem","position":1,"name":"In\u00edcio","item":"https:\/\/portalraizesnoticias.com.br\/"},{"@type":"ListItem","position":2,"name":"Jovem \u00e9 preso por tr\u00e1fico de drogas na Rua Duque em Concei\u00e7\u00e3o do Coit\u00e9"}]},{"@type":"WebSite","@id":"https:\/\/portalraizesnoticias.com.br\/#website","url":"https:\/\/portalraizesnoticias.com.br\/","name":"Portal raizes NOTICIAS","description":"site de noticias de concei\u00e7\u00e3o do coit\u00e9 e regi\u00e3o","publisher":{"@id":"https:\/\/portalraizesnoticias.com.br\/#organization"},"alternateName":"PORTAL RAIZES COIT\u00c9","potentialAction":[{"@type":"SearchAction","target":{"@type":"EntryPoint","urlTemplate":"https:\/\/portalraizesnoticias.com.br\/?s={search_term_string}"},"query-input":{"@type":"PropertyValueSpecification","valueRequired":true,"valueName":"search_term_string"}}],"inLanguage":"pt-BR"},{"@type":"Organization","@id":"https:\/\/portalraizesnoticias.com.br\/#organization","name":"Portal raizes NOTICIAS","url":"https:\/\/portalraizesnoticias.com.br\/","logo":{"@type":"ImageObject","inLanguage":"pt-BR","@id":"https:\/\/portalraizesnoticias.com.br\/#\/schema\/logo\/image\/","url":"https:\/\/portalraizesnoticias.com.br\/wp-content\/uploads\/2024\/09\/cropped-Captura-de-tela-2024-09-08-011108.png","contentUrl":"https:\/\/portalraizesnoticias.com.br\/wp-content\/uploads\/2024\/09\/cropped-Captura-de-tela-2024-09-08-011108.png","width":606,"height":173,"caption":"Portal raizes NOTICIAS"},"image":{"@id":"https:\/\/portalraizesnoticias.com.br\/#\/schema\/logo\/image\/"}},{"@type":"Person","@id":"https:\/\/portalraizesnoticias.com.br\/#\/schema\/person\/a3ca6b0fc701e78df19756c417d943ae","name":"Portal Raizes","image":{"@type":"ImageObject","inLanguage":"pt-BR","@id":"https:\/\/portalraizesnoticias.com.br\/#\/schema\/person\/image\/","url":"https:\/\/secure.gravatar.com\/avatar\/ef450d29013a3d3fba867a12a249d7b1?s=96&d=mm&r=g","contentUrl":"https:\/\/secure.gravatar.com\/avatar\/ef450d29013a3d3fba867a12a249d7b1?s=96&d=mm&r=g","caption":"Portal Raizes"},"url":"https:\/\/portalraizesnoticias.com.br\/?author=3"}]}},"_links":{"self":[{"href":"https:\/\/portalraizesnoticias.com.br\/index.php?rest_route=\/wp\/v2\/posts\/6031"}],"collection":[{"href":"https:\/\/portalraizesnoticias.com.br\/index.php?rest_route=\/wp\/v2\/posts"}],"about":[{"href":"https:\/\/portalraizesnoticias.com.br\/index.php?rest_route=\/wp\/v2\/types\/post"}],"author":[{"embeddable":true,"href":"https:\/\/portalraizesnoticias.com.br\/index.php?rest_route=\/wp\/v2\/users\/3"}],"replies":[{"embeddable":true,"href":"https:\/\/portalraizesnoticias.com.br\/index.php?rest_route=%2Fwp%2Fv2%2Fcomments&post=6031"}],"version-history":[{"count":1,"href":"https:\/\/portalraizesnoticias.com.br\/index.php?rest_route=\/wp\/v2\/posts\/6031\/revisions"}],"predecessor-version":[{"id":6033,"href":"https:\/\/portalraizesnoticias.com.br\/index.php?rest_route=\/wp\/v2\/posts\/6031\/revisions\/6033"}],"wp:featuredmedia":[{"embeddable":true,"href":"https:\/\/portalraizesnoticias.com.br\/index.php?rest_route=\/wp\/v2\/media\/6032"}],"wp:attachment":[{"href":"https:\/\/portalraizesnoticias.com.br\/index.php?rest_route=%2Fwp%2Fv2%2Fmedia&parent=6031"}],"wp:term":[{"taxonomy":"category","embeddable":true,"href":"https:\/\/portalraizesnoticias.com.br\/index.php?rest_route=%2Fwp%2Fv2%2Fcategories&post=6031"},{"taxonomy":"post_tag","embeddable":true,"href":"https:\/\/portalraizesnoticias.com.br\/index.php?rest_route=%2Fwp%2Fv2%2Ftags&post=6031"}],"curies":[{"name":"wp","href":"https:\/\/api.w.org\/{rel}","templated":true}]}}