{"id":6018,"date":"2025-04-21T18:17:50","date_gmt":"2025-04-21T21:17:50","guid":{"rendered":"https:\/\/portalraizesnoticias.com.br\/?p=6018"},"modified":"2025-04-21T19:10:29","modified_gmt":"2025-04-21T22:10:29","slug":"incendio-destroi-loja-em-conceicao-do-coite-ninguem-ficou-ferido","status":"publish","type":"post","link":"https:\/\/portalraizesnoticias.com.br\/?p=6018","title":{"rendered":"Inc\u00eandio destr\u00f3i loja em Concei\u00e7\u00e3o do Coit\u00e9; ningu\u00e9m ficou ferido"},"content":{"rendered":"<p>Um inc\u00eandio atingiu uma loja de manuten\u00e7\u00e3o de eletr\u00f4nicos na tarde desta segunda-feira (21),\u00a0 na rua Leopoldino Ramos, em Concei\u00e7\u00e3o do Coit\u00e9.<\/p>\n<div style=\"width: 848px;\" class=\"wp-video\"><!--[if lt IE 9]><script>document.createElement('video');<\/script><![endif]-->\n<video class=\"wp-video-shortcode\" id=\"video-6018-1\" width=\"848\" height=\"480\" preload=\"metadata\" controls=\"controls\"><source type=\"video\/mp4\" src=\"https:\/\/portalraizesnoticias.com.br\/wp-content\/uploads\/2025\/04\/VID-20250421-WA0229.mp4?_=1\" \/><a href=\"https:\/\/portalraizesnoticias.com.br\/wp-content\/uploads\/2025\/04\/VID-20250421-WA0229.mp4\">https:\/\/portalraizesnoticias.com.br\/wp-content\/uploads\/2025\/04\/VID-20250421-WA0229.mp4<\/a><\/video><\/div>\n<p>A \u00e1rea foi completamente destru\u00edda pelas chamas, mas os socorristas do \u00c1guia Resgate e agentes da Guarda Civil Municipal, acompanhados por um caminh\u00e3o-pipa e equipamentos de seguran\u00e7a, realizaram o trabalho<\/p>\n<p>Quem passava pelas imedia\u00e7\u00f5es da ocorr\u00eancia, era percept\u00edvel ver a fuma\u00e7a preta, indicando combust\u00e3o incompleta causada possivelmente por materiais inflam\u00e1veis que poderiam estar na loja.<\/p>\n<div style=\"width: 480px;\" class=\"wp-video\"><video class=\"wp-video-shortcode\" id=\"video-6018-2\" width=\"480\" height=\"848\" preload=\"metadata\" controls=\"controls\"><source type=\"video\/mp4\" src=\"https:\/\/portalraizesnoticias.com.br\/wp-content\/uploads\/2025\/04\/VID-20250421-WA0265.mp4?_=2\" \/><a href=\"https:\/\/portalraizesnoticias.com.br\/wp-content\/uploads\/2025\/04\/VID-20250421-WA0265.mp4\">https:\/\/portalraizesnoticias.com.br\/wp-content\/uploads\/2025\/04\/VID-20250421-WA0265.mp4<\/a><\/video><\/div>\n<p>Ao lado do estabelecimento, funcionam outros com\u00e9rcios, incluindo postos de combust\u00edveis e uma empresa de botij\u00e3o de g\u00e1s, cerca de 30 metros do endere\u00e7o do inc\u00eandio.<\/p>\n<p>O Corpo de Bombeiros e a equipe de socorristas\u00a0 Anjos da Vida estiveram no local auxiliando no combate ao inc\u00eandio.<\/p>\n<p>Ainda n\u00e3o h\u00e1 informa\u00e7\u00f5es sobre as circunst\u00e2ncias do inc\u00eandio e o preju\u00edzo causado ao propriet\u00e1rio.<\/p>\n<p>Ningu\u00e9m ficou ferido<\/p>\n<p>Reda\u00e7\u00e3o Portal Ra\u00edzes<\/p>\n","protected":false},"excerpt":{"rendered":"<p>Um inc\u00eandio atingiu uma loja de manuten\u00e7\u00e3o de eletr\u00f4nicos na tarde desta segunda-feira (21),\u00a0 na rua Leopoldino Ramos, em Concei\u00e7\u00e3o do Coit\u00e9. A \u00e1rea foi completamente destru\u00edda pelas chamas, mas os socorristas do \u00c1guia Resgate e agentes da Guarda Civil Municipal, acompanhados por um caminh\u00e3o-pipa e equipamentos de seguran\u00e7a, realizaram o trabalho Quem passava pelas imedia\u00e7\u00f5es da ocorr\u00eancia, era percept\u00edvel ver a fuma\u00e7a preta, indicando combust\u00e3o incompleta causada possivelmente por materiais inflam\u00e1veis que poderiam estar na loja. Ao lado do estabelecimento, funcionam outros com\u00e9rcios, incluindo postos de combust\u00edveis e uma empresa de botij\u00e3o de g\u00e1s, cerca de 30 metros do endere\u00e7o do inc\u00eandio. O Corpo de Bombeiros e a equipe de socorristas\u00a0 Anjos da Vida estiveram no local auxiliando no combate ao inc\u00eandio. Ainda n\u00e3o h\u00e1 informa\u00e7\u00f5es sobre as circunst\u00e2ncias do inc\u00eandio e o preju\u00edzo causado ao propriet\u00e1rio. Ningu\u00e9m ficou ferido Reda\u00e7\u00e3o Portal Ra\u00edzes<\/p>\n","protected":false},"author":3,"featured_media":6019,"comment_status":"open","ping_status":"open","sticky":false,"template":"","format":"standard","meta":{"_joinchat":[],"footnotes":""},"categories":[58,55,59],"tags":[75,586],"class_list":["post-6018","post","type-post","status-publish","format-standard","has-post-thumbnail","hentry","category-acidentes","category-destaques","category-ultimas-noticias","tag-coite","tag-incendio-2"],"yoast_head":"<!-- This site is optimized with the Yoast SEO plugin v24.4 - https:\/\/yoast.com\/wordpress\/plugins\/seo\/ -->\n<title>Inc\u00eandio destr\u00f3i loja em Concei\u00e7\u00e3o do Coit\u00e9; ningu\u00e9m ficou ferido - Portal raizes noticias<\/title>\n<meta name=\"robots\" content=\"index, follow, max-snippet:-1, max-image-preview:large, max-video-preview:-1\" \/>\n<link rel=\"canonical\" href=\"https:\/\/portalraizesnoticias.com.br\/?p=6018\" \/>\n<meta property=\"og:locale\" content=\"pt_BR\" \/>\n<meta property=\"og:type\" content=\"article\" \/>\n<meta property=\"og:title\" content=\"Inc\u00eandio destr\u00f3i loja em Concei\u00e7\u00e3o do Coit\u00e9; ningu\u00e9m ficou ferido - Portal raizes noticias\" \/>\n<meta property=\"og:description\" content=\"Um inc\u00eandio atingiu uma loja de manuten\u00e7\u00e3o de eletr\u00f4nicos na tarde desta segunda-feira (21),\u00a0 na rua Leopoldino Ramos, em Concei\u00e7\u00e3o do Coit\u00e9. A \u00e1rea foi completamente destru\u00edda pelas chamas, mas os socorristas do \u00c1guia Resgate e agentes da Guarda Civil Municipal, acompanhados por um caminh\u00e3o-pipa e equipamentos de seguran\u00e7a, realizaram o trabalho Quem passava pelas imedia\u00e7\u00f5es da ocorr\u00eancia, era percept\u00edvel ver a fuma\u00e7a preta, indicando combust\u00e3o incompleta causada possivelmente por materiais inflam\u00e1veis que poderiam estar na loja. Ao lado do estabelecimento, funcionam outros com\u00e9rcios, incluindo postos de combust\u00edveis e uma empresa de botij\u00e3o de g\u00e1s, cerca de 30 metros do endere\u00e7o do inc\u00eandio. O Corpo de Bombeiros e a equipe de socorristas\u00a0 Anjos da Vida estiveram no local auxiliando no combate ao inc\u00eandio. Ainda n\u00e3o h\u00e1 informa\u00e7\u00f5es sobre as circunst\u00e2ncias do inc\u00eandio e o preju\u00edzo causado ao propriet\u00e1rio. Ningu\u00e9m ficou ferido Reda\u00e7\u00e3o Portal Ra\u00edzes\" \/>\n<meta property=\"og:url\" content=\"https:\/\/portalraizesnoticias.com.br\/?p=6018\" \/>\n<meta property=\"og:site_name\" content=\"Portal raizes noticias\" \/>\n<meta property=\"article:published_time\" content=\"2025-04-21T21:17:50+00:00\" \/>\n<meta property=\"article:modified_time\" content=\"2025-04-21T22:10:29+00:00\" \/>\n<meta property=\"og:image\" content=\"https:\/\/portalraizesnoticias.com.br\/wp-content\/uploads\/2025\/04\/IMG-20250421-WA0264.jpg\" \/>\n\t<meta property=\"og:image:width\" content=\"1200\" \/>\n\t<meta property=\"og:image:height\" content=\"1600\" \/>\n\t<meta property=\"og:image:type\" content=\"image\/jpeg\" \/>\n<meta name=\"author\" content=\"Portal Raizes\" \/>\n<meta name=\"twitter:card\" content=\"summary_large_image\" \/>\n<meta name=\"twitter:label1\" content=\"Escrito por\" \/>\n\t<meta name=\"twitter:data1\" content=\"Portal Raizes\" \/>\n\t<meta name=\"twitter:label2\" content=\"Est. tempo de leitura\" \/>\n\t<meta name=\"twitter:data2\" content=\"2 minutos\" \/>\n<script type=\"application\/ld+json\" class=\"yoast-schema-graph\">{\"@context\":\"https:\/\/schema.org\",\"@graph\":[{\"@type\":\"Article\",\"@id\":\"https:\/\/portalraizesnoticias.com.br\/?p=6018#article\",\"isPartOf\":{\"@id\":\"https:\/\/portalraizesnoticias.com.br\/?p=6018\"},\"author\":{\"name\":\"Portal Raizes\",\"@id\":\"https:\/\/portalraizesnoticias.com.br\/#\/schema\/person\/a3ca6b0fc701e78df19756c417d943ae\"},\"headline\":\"Inc\u00eandio destr\u00f3i loja em Concei\u00e7\u00e3o do Coit\u00e9; ningu\u00e9m ficou ferido\",\"datePublished\":\"2025-04-21T21:17:50+00:00\",\"dateModified\":\"2025-04-21T22:10:29+00:00\",\"mainEntityOfPage\":{\"@id\":\"https:\/\/portalraizesnoticias.com.br\/?p=6018\"},\"wordCount\":213,\"commentCount\":0,\"publisher\":{\"@id\":\"https:\/\/portalraizesnoticias.com.br\/#organization\"},\"image\":{\"@id\":\"https:\/\/portalraizesnoticias.com.br\/?p=6018#primaryimage\"},\"thumbnailUrl\":\"https:\/\/portalraizesnoticias.com.br\/wp-content\/uploads\/2025\/04\/IMG-20250421-WA0264.jpg\",\"keywords\":[\"Coit\u00e9\",\"Inc\u00eandio\"],\"articleSection\":[\"ACIDENTES\",\"DESTAQUES\",\"ULTIMAS NOTICIAS\"],\"inLanguage\":\"pt-BR\",\"potentialAction\":[{\"@type\":\"CommentAction\",\"name\":\"Comment\",\"target\":[\"https:\/\/portalraizesnoticias.com.br\/?p=6018#respond\"]}]},{\"@type\":\"WebPage\",\"@id\":\"https:\/\/portalraizesnoticias.com.br\/?p=6018\",\"url\":\"https:\/\/portalraizesnoticias.com.br\/?p=6018\",\"name\":\"Inc\u00eandio destr\u00f3i loja em Concei\u00e7\u00e3o do Coit\u00e9; ningu\u00e9m ficou ferido - Portal raizes noticias\",\"isPartOf\":{\"@id\":\"https:\/\/portalraizesnoticias.com.br\/#website\"},\"primaryImageOfPage\":{\"@id\":\"https:\/\/portalraizesnoticias.com.br\/?p=6018#primaryimage\"},\"image\":{\"@id\":\"https:\/\/portalraizesnoticias.com.br\/?p=6018#primaryimage\"},\"thumbnailUrl\":\"https:\/\/portalraizesnoticias.com.br\/wp-content\/uploads\/2025\/04\/IMG-20250421-WA0264.jpg\",\"datePublished\":\"2025-04-21T21:17:50+00:00\",\"dateModified\":\"2025-04-21T22:10:29+00:00\",\"breadcrumb\":{\"@id\":\"https:\/\/portalraizesnoticias.com.br\/?p=6018#breadcrumb\"},\"inLanguage\":\"pt-BR\",\"potentialAction\":[{\"@type\":\"ReadAction\",\"target\":[\"https:\/\/portalraizesnoticias.com.br\/?p=6018\"]}]},{\"@type\":\"ImageObject\",\"inLanguage\":\"pt-BR\",\"@id\":\"https:\/\/portalraizesnoticias.com.br\/?p=6018#primaryimage\",\"url\":\"https:\/\/portalraizesnoticias.com.br\/wp-content\/uploads\/2025\/04\/IMG-20250421-WA0264.jpg\",\"contentUrl\":\"https:\/\/portalraizesnoticias.com.br\/wp-content\/uploads\/2025\/04\/IMG-20250421-WA0264.jpg\",\"width\":1200,\"height\":1600},{\"@type\":\"BreadcrumbList\",\"@id\":\"https:\/\/portalraizesnoticias.com.br\/?p=6018#breadcrumb\",\"itemListElement\":[{\"@type\":\"ListItem\",\"position\":1,\"name\":\"In\u00edcio\",\"item\":\"https:\/\/portalraizesnoticias.com.br\/\"},{\"@type\":\"ListItem\",\"position\":2,\"name\":\"Inc\u00eandio destr\u00f3i loja em Concei\u00e7\u00e3o do Coit\u00e9; ningu\u00e9m ficou ferido\"}]},{\"@type\":\"WebSite\",\"@id\":\"https:\/\/portalraizesnoticias.com.br\/#website\",\"url\":\"https:\/\/portalraizesnoticias.com.br\/\",\"name\":\"Portal raizes NOTICIAS\",\"description\":\"site de noticias de concei\u00e7\u00e3o do coit\u00e9 e regi\u00e3o\",\"publisher\":{\"@id\":\"https:\/\/portalraizesnoticias.com.br\/#organization\"},\"alternateName\":\"PORTAL RAIZES COIT\u00c9\",\"potentialAction\":[{\"@type\":\"SearchAction\",\"target\":{\"@type\":\"EntryPoint\",\"urlTemplate\":\"https:\/\/portalraizesnoticias.com.br\/?s={search_term_string}\"},\"query-input\":{\"@type\":\"PropertyValueSpecification\",\"valueRequired\":true,\"valueName\":\"search_term_string\"}}],\"inLanguage\":\"pt-BR\"},{\"@type\":\"Organization\",\"@id\":\"https:\/\/portalraizesnoticias.com.br\/#organization\",\"name\":\"Portal raizes NOTICIAS\",\"url\":\"https:\/\/portalraizesnoticias.com.br\/\",\"logo\":{\"@type\":\"ImageObject\",\"inLanguage\":\"pt-BR\",\"@id\":\"https:\/\/portalraizesnoticias.com.br\/#\/schema\/logo\/image\/\",\"url\":\"https:\/\/portalraizesnoticias.com.br\/wp-content\/uploads\/2024\/09\/cropped-Captura-de-tela-2024-09-08-011108.png\",\"contentUrl\":\"https:\/\/portalraizesnoticias.com.br\/wp-content\/uploads\/2024\/09\/cropped-Captura-de-tela-2024-09-08-011108.png\",\"width\":606,\"height\":173,\"caption\":\"Portal raizes NOTICIAS\"},\"image\":{\"@id\":\"https:\/\/portalraizesnoticias.com.br\/#\/schema\/logo\/image\/\"}},{\"@type\":\"Person\",\"@id\":\"https:\/\/portalraizesnoticias.com.br\/#\/schema\/person\/a3ca6b0fc701e78df19756c417d943ae\",\"name\":\"Portal Raizes\",\"image\":{\"@type\":\"ImageObject\",\"inLanguage\":\"pt-BR\",\"@id\":\"https:\/\/portalraizesnoticias.com.br\/#\/schema\/person\/image\/\",\"url\":\"https:\/\/secure.gravatar.com\/avatar\/ef450d29013a3d3fba867a12a249d7b1?s=96&d=mm&r=g\",\"contentUrl\":\"https:\/\/secure.gravatar.com\/avatar\/ef450d29013a3d3fba867a12a249d7b1?s=96&d=mm&r=g\",\"caption\":\"Portal Raizes\"},\"url\":\"https:\/\/portalraizesnoticias.com.br\/?author=3\"}]}<\/script>\n<!-- \/ Yoast SEO plugin. -->","yoast_head_json":{"title":"Inc\u00eandio destr\u00f3i loja em Concei\u00e7\u00e3o do Coit\u00e9; ningu\u00e9m ficou ferido - Portal raizes noticias","robots":{"index":"index","follow":"follow","max-snippet":"max-snippet:-1","max-image-preview":"max-image-preview:large","max-video-preview":"max-video-preview:-1"},"canonical":"https:\/\/portalraizesnoticias.com.br\/?p=6018","og_locale":"pt_BR","og_type":"article","og_title":"Inc\u00eandio destr\u00f3i loja em Concei\u00e7\u00e3o do Coit\u00e9; ningu\u00e9m ficou ferido - Portal raizes noticias","og_description":"Um inc\u00eandio atingiu uma loja de manuten\u00e7\u00e3o de eletr\u00f4nicos na tarde desta segunda-feira (21),\u00a0 na rua Leopoldino Ramos, em Concei\u00e7\u00e3o do Coit\u00e9. A \u00e1rea foi completamente destru\u00edda pelas chamas, mas os socorristas do \u00c1guia Resgate e agentes da Guarda Civil Municipal, acompanhados por um caminh\u00e3o-pipa e equipamentos de seguran\u00e7a, realizaram o trabalho Quem passava pelas imedia\u00e7\u00f5es da ocorr\u00eancia, era percept\u00edvel ver a fuma\u00e7a preta, indicando combust\u00e3o incompleta causada possivelmente por materiais inflam\u00e1veis que poderiam estar na loja. Ao lado do estabelecimento, funcionam outros com\u00e9rcios, incluindo postos de combust\u00edveis e uma empresa de botij\u00e3o de g\u00e1s, cerca de 30 metros do endere\u00e7o do inc\u00eandio. O Corpo de Bombeiros e a equipe de socorristas\u00a0 Anjos da Vida estiveram no local auxiliando no combate ao inc\u00eandio. Ainda n\u00e3o h\u00e1 informa\u00e7\u00f5es sobre as circunst\u00e2ncias do inc\u00eandio e o preju\u00edzo causado ao propriet\u00e1rio. Ningu\u00e9m ficou ferido Reda\u00e7\u00e3o Portal Ra\u00edzes","og_url":"https:\/\/portalraizesnoticias.com.br\/?p=6018","og_site_name":"Portal raizes noticias","article_published_time":"2025-04-21T21:17:50+00:00","article_modified_time":"2025-04-21T22:10:29+00:00","og_image":[{"width":1200,"height":1600,"url":"https:\/\/portalraizesnoticias.com.br\/wp-content\/uploads\/2025\/04\/IMG-20250421-WA0264.jpg","type":"image\/jpeg"}],"author":"Portal Raizes","twitter_card":"summary_large_image","twitter_misc":{"Escrito por":"Portal Raizes","Est. tempo de leitura":"2 minutos"},"schema":{"@context":"https:\/\/schema.org","@graph":[{"@type":"Article","@id":"https:\/\/portalraizesnoticias.com.br\/?p=6018#article","isPartOf":{"@id":"https:\/\/portalraizesnoticias.com.br\/?p=6018"},"author":{"name":"Portal Raizes","@id":"https:\/\/portalraizesnoticias.com.br\/#\/schema\/person\/a3ca6b0fc701e78df19756c417d943ae"},"headline":"Inc\u00eandio destr\u00f3i loja em Concei\u00e7\u00e3o do Coit\u00e9; ningu\u00e9m ficou ferido","datePublished":"2025-04-21T21:17:50+00:00","dateModified":"2025-04-21T22:10:29+00:00","mainEntityOfPage":{"@id":"https:\/\/portalraizesnoticias.com.br\/?p=6018"},"wordCount":213,"commentCount":0,"publisher":{"@id":"https:\/\/portalraizesnoticias.com.br\/#organization"},"image":{"@id":"https:\/\/portalraizesnoticias.com.br\/?p=6018#primaryimage"},"thumbnailUrl":"https:\/\/portalraizesnoticias.com.br\/wp-content\/uploads\/2025\/04\/IMG-20250421-WA0264.jpg","keywords":["Coit\u00e9","Inc\u00eandio"],"articleSection":["ACIDENTES","DESTAQUES","ULTIMAS NOTICIAS"],"inLanguage":"pt-BR","potentialAction":[{"@type":"CommentAction","name":"Comment","target":["https:\/\/portalraizesnoticias.com.br\/?p=6018#respond"]}]},{"@type":"WebPage","@id":"https:\/\/portalraizesnoticias.com.br\/?p=6018","url":"https:\/\/portalraizesnoticias.com.br\/?p=6018","name":"Inc\u00eandio destr\u00f3i loja em Concei\u00e7\u00e3o do Coit\u00e9; ningu\u00e9m ficou ferido - Portal raizes noticias","isPartOf":{"@id":"https:\/\/portalraizesnoticias.com.br\/#website"},"primaryImageOfPage":{"@id":"https:\/\/portalraizesnoticias.com.br\/?p=6018#primaryimage"},"image":{"@id":"https:\/\/portalraizesnoticias.com.br\/?p=6018#primaryimage"},"thumbnailUrl":"https:\/\/portalraizesnoticias.com.br\/wp-content\/uploads\/2025\/04\/IMG-20250421-WA0264.jpg","datePublished":"2025-04-21T21:17:50+00:00","dateModified":"2025-04-21T22:10:29+00:00","breadcrumb":{"@id":"https:\/\/portalraizesnoticias.com.br\/?p=6018#breadcrumb"},"inLanguage":"pt-BR","potentialAction":[{"@type":"ReadAction","target":["https:\/\/portalraizesnoticias.com.br\/?p=6018"]}]},{"@type":"ImageObject","inLanguage":"pt-BR","@id":"https:\/\/portalraizesnoticias.com.br\/?p=6018#primaryimage","url":"https:\/\/portalraizesnoticias.com.br\/wp-content\/uploads\/2025\/04\/IMG-20250421-WA0264.jpg","contentUrl":"https:\/\/portalraizesnoticias.com.br\/wp-content\/uploads\/2025\/04\/IMG-20250421-WA0264.jpg","width":1200,"height":1600},{"@type":"BreadcrumbList","@id":"https:\/\/portalraizesnoticias.com.br\/?p=6018#breadcrumb","itemListElement":[{"@type":"ListItem","position":1,"name":"In\u00edcio","item":"https:\/\/portalraizesnoticias.com.br\/"},{"@type":"ListItem","position":2,"name":"Inc\u00eandio destr\u00f3i loja em Concei\u00e7\u00e3o do Coit\u00e9; ningu\u00e9m ficou ferido"}]},{"@type":"WebSite","@id":"https:\/\/portalraizesnoticias.com.br\/#website","url":"https:\/\/portalraizesnoticias.com.br\/","name":"Portal raizes NOTICIAS","description":"site de noticias de concei\u00e7\u00e3o do coit\u00e9 e regi\u00e3o","publisher":{"@id":"https:\/\/portalraizesnoticias.com.br\/#organization"},"alternateName":"PORTAL RAIZES COIT\u00c9","potentialAction":[{"@type":"SearchAction","target":{"@type":"EntryPoint","urlTemplate":"https:\/\/portalraizesnoticias.com.br\/?s={search_term_string}"},"query-input":{"@type":"PropertyValueSpecification","valueRequired":true,"valueName":"search_term_string"}}],"inLanguage":"pt-BR"},{"@type":"Organization","@id":"https:\/\/portalraizesnoticias.com.br\/#organization","name":"Portal raizes NOTICIAS","url":"https:\/\/portalraizesnoticias.com.br\/","logo":{"@type":"ImageObject","inLanguage":"pt-BR","@id":"https:\/\/portalraizesnoticias.com.br\/#\/schema\/logo\/image\/","url":"https:\/\/portalraizesnoticias.com.br\/wp-content\/uploads\/2024\/09\/cropped-Captura-de-tela-2024-09-08-011108.png","contentUrl":"https:\/\/portalraizesnoticias.com.br\/wp-content\/uploads\/2024\/09\/cropped-Captura-de-tela-2024-09-08-011108.png","width":606,"height":173,"caption":"Portal raizes NOTICIAS"},"image":{"@id":"https:\/\/portalraizesnoticias.com.br\/#\/schema\/logo\/image\/"}},{"@type":"Person","@id":"https:\/\/portalraizesnoticias.com.br\/#\/schema\/person\/a3ca6b0fc701e78df19756c417d943ae","name":"Portal Raizes","image":{"@type":"ImageObject","inLanguage":"pt-BR","@id":"https:\/\/portalraizesnoticias.com.br\/#\/schema\/person\/image\/","url":"https:\/\/secure.gravatar.com\/avatar\/ef450d29013a3d3fba867a12a249d7b1?s=96&d=mm&r=g","contentUrl":"https:\/\/secure.gravatar.com\/avatar\/ef450d29013a3d3fba867a12a249d7b1?s=96&d=mm&r=g","caption":"Portal Raizes"},"url":"https:\/\/portalraizesnoticias.com.br\/?author=3"}]}},"_links":{"self":[{"href":"https:\/\/portalraizesnoticias.com.br\/index.php?rest_route=\/wp\/v2\/posts\/6018"}],"collection":[{"href":"https:\/\/portalraizesnoticias.com.br\/index.php?rest_route=\/wp\/v2\/posts"}],"about":[{"href":"https:\/\/portalraizesnoticias.com.br\/index.php?rest_route=\/wp\/v2\/types\/post"}],"author":[{"embeddable":true,"href":"https:\/\/portalraizesnoticias.com.br\/index.php?rest_route=\/wp\/v2\/users\/3"}],"replies":[{"embeddable":true,"href":"https:\/\/portalraizesnoticias.com.br\/index.php?rest_route=%2Fwp%2Fv2%2Fcomments&post=6018"}],"version-history":[{"count":8,"href":"https:\/\/portalraizesnoticias.com.br\/index.php?rest_route=\/wp\/v2\/posts\/6018\/revisions"}],"predecessor-version":[{"id":6030,"href":"https:\/\/portalraizesnoticias.com.br\/index.php?rest_route=\/wp\/v2\/posts\/6018\/revisions\/6030"}],"wp:featuredmedia":[{"embeddable":true,"href":"https:\/\/portalraizesnoticias.com.br\/index.php?rest_route=\/wp\/v2\/media\/6019"}],"wp:attachment":[{"href":"https:\/\/portalraizesnoticias.com.br\/index.php?rest_route=%2Fwp%2Fv2%2Fmedia&parent=6018"}],"wp:term":[{"taxonomy":"category","embeddable":true,"href":"https:\/\/portalraizesnoticias.com.br\/index.php?rest_route=%2Fwp%2Fv2%2Fcategories&post=6018"},{"taxonomy":"post_tag","embeddable":true,"href":"https:\/\/portalraizesnoticias.com.br\/index.php?rest_route=%2Fwp%2Fv2%2Ftags&post=6018"}],"curies":[{"name":"wp","href":"https:\/\/api.w.org\/{rel}","templated":true}]}}