{"id":5981,"date":"2025-04-20T10:20:36","date_gmt":"2025-04-20T13:20:36","guid":{"rendered":"https:\/\/portalraizesnoticias.com.br\/?p=5981"},"modified":"2025-04-20T10:28:55","modified_gmt":"2025-04-20T13:28:55","slug":"mulher-e-esfaqueada-nas-costas-pelo-companheiro-em-valente","status":"publish","type":"post","link":"https:\/\/portalraizesnoticias.com.br\/?p=5981","title":{"rendered":"Mulher \u00e9 esfaqueada nas costas pelo companheiro em Valente"},"content":{"rendered":"<p>Na noite deste s\u00e1bado (19), a pol\u00edcia Militar registrou um caso de viol\u00eancia dom\u00e9stica na Rua Jos\u00e9 Nilton Sim\u00f5es\/ Herm\u00ednio Sim\u00f5es, em Valente-BA.<\/p>\n<p><img fetchpriority=\"high\" decoding=\"async\" class=\"size-medium wp-image-5906 aligncenter\" src=\"https:\/\/portalraizesnoticias.com.br\/wp-content\/uploads\/2025\/04\/IMG-20250416-WA0435-300x260.jpg\" alt=\"\" width=\"300\" height=\"260\" srcset=\"https:\/\/portalraizesnoticias.com.br\/wp-content\/uploads\/2025\/04\/IMG-20250416-WA0435-300x260.jpg 300w, https:\/\/portalraizesnoticias.com.br\/wp-content\/uploads\/2025\/04\/IMG-20250416-WA0435.jpg 717w\" sizes=\"(max-width: 300px) 100vw, 300px\" \/><\/p>\n<p style=\"text-align: center;\"><strong>PUBLICIDADE<\/strong><\/p>\n<p>Conforme o registro policial, a guarni\u00e7\u00e3o foi acionada para dar apoio ao atendimento de uma v\u00edtima de agress\u00e3o por arma branca, a qual a mulher de 34 anos informou ter sido agredida pelo companheiro e que esfaqueou nas costas.<\/p>\n<p><img decoding=\"async\" class=\"size-medium wp-image-2520 aligncenter\" src=\"https:\/\/portalraizesnoticias.com.br\/wp-content\/uploads\/2024\/11\/Imagem-do-WhatsApp-de-2024-11-28-as-11.24.37_b858345f-300x142.jpg\" alt=\"\" width=\"300\" height=\"142\" srcset=\"https:\/\/portalraizesnoticias.com.br\/wp-content\/uploads\/2024\/11\/Imagem-do-WhatsApp-de-2024-11-28-as-11.24.37_b858345f-300x142.jpg 300w, https:\/\/portalraizesnoticias.com.br\/wp-content\/uploads\/2024\/11\/Imagem-do-WhatsApp-de-2024-11-28-as-11.24.37_b858345f.jpg 722w\" sizes=\"(max-width: 300px) 100vw, 300px\" \/><\/p>\n<p style=\"text-align: center;\"><strong>PUBLICIDADE<\/strong><\/p>\n<p>Os agentes prenderam o suspeito, que alegou ter sido agredido primeiro e depois revidou com facadas.<\/p>\n<p>A v\u00edtima foi levada ao hospital e precisou ficar internada em observa\u00e7\u00e3o.<\/p>\n<p>O agressor foi apresentado na Delegacia, para ado\u00e7\u00e3o das medidas cab\u00edveis.<\/p>\n<p>Fonte: ASCOM do 16\u00ba BPM<\/p>\n<p>Foto: Istook<\/p>\n","protected":false},"excerpt":{"rendered":"<p>Na noite deste s\u00e1bado (19), a pol\u00edcia Militar registrou um caso de viol\u00eancia dom\u00e9stica na Rua Jos\u00e9 Nilton Sim\u00f5es\/ Herm\u00ednio Sim\u00f5es, em Valente-BA. PUBLICIDADE Conforme o registro policial, a guarni\u00e7\u00e3o foi acionada para dar apoio ao atendimento de uma v\u00edtima de agress\u00e3o por arma branca, a qual a mulher de 34 anos informou ter sido agredida pelo companheiro e que esfaqueou nas costas. PUBLICIDADE Os agentes prenderam o suspeito, que alegou ter sido agredido primeiro e depois revidou com facadas. A v\u00edtima foi levada ao hospital e precisou ficar internada em observa\u00e7\u00e3o. O agressor foi apresentado na Delegacia, para ado\u00e7\u00e3o das medidas cab\u00edveis. Fonte: ASCOM do 16\u00ba BPM Foto: Istook<\/p>\n","protected":false},"author":3,"featured_media":5985,"comment_status":"open","ping_status":"open","sticky":false,"template":"","format":"standard","meta":{"_joinchat":[],"footnotes":""},"categories":[55,67,59],"tags":[751,178],"class_list":["post-5981","post","type-post","status-publish","format-standard","has-post-thumbnail","hentry","category-destaques","category-policia","category-ultimas-noticias","tag-esfaqueada","tag-mulher"],"yoast_head":"<!-- This site is optimized with the Yoast SEO plugin v24.4 - https:\/\/yoast.com\/wordpress\/plugins\/seo\/ -->\n<title>Mulher \u00e9 esfaqueada nas costas pelo companheiro em Valente - Portal raizes noticias<\/title>\n<meta name=\"robots\" content=\"index, follow, max-snippet:-1, max-image-preview:large, max-video-preview:-1\" \/>\n<link rel=\"canonical\" href=\"https:\/\/portalraizesnoticias.com.br\/?p=5981\" \/>\n<meta property=\"og:locale\" content=\"pt_BR\" \/>\n<meta property=\"og:type\" content=\"article\" \/>\n<meta property=\"og:title\" content=\"Mulher \u00e9 esfaqueada nas costas pelo companheiro em Valente - Portal raizes noticias\" \/>\n<meta property=\"og:description\" content=\"Na noite deste s\u00e1bado (19), a pol\u00edcia Militar registrou um caso de viol\u00eancia dom\u00e9stica na Rua Jos\u00e9 Nilton Sim\u00f5es\/ Herm\u00ednio Sim\u00f5es, em Valente-BA. PUBLICIDADE Conforme o registro policial, a guarni\u00e7\u00e3o foi acionada para dar apoio ao atendimento de uma v\u00edtima de agress\u00e3o por arma branca, a qual a mulher de 34 anos informou ter sido agredida pelo companheiro e que esfaqueou nas costas. PUBLICIDADE Os agentes prenderam o suspeito, que alegou ter sido agredido primeiro e depois revidou com facadas. A v\u00edtima foi levada ao hospital e precisou ficar internada em observa\u00e7\u00e3o. O agressor foi apresentado na Delegacia, para ado\u00e7\u00e3o das medidas cab\u00edveis. Fonte: ASCOM do 16\u00ba BPM Foto: Istook\" \/>\n<meta property=\"og:url\" content=\"https:\/\/portalraizesnoticias.com.br\/?p=5981\" \/>\n<meta property=\"og:site_name\" content=\"Portal raizes noticias\" \/>\n<meta property=\"article:published_time\" content=\"2025-04-20T13:20:36+00:00\" \/>\n<meta property=\"article:modified_time\" content=\"2025-04-20T13:28:55+00:00\" \/>\n<meta property=\"og:image\" content=\"https:\/\/portalraizesnoticias.com.br\/wp-content\/uploads\/2025\/04\/IMG-20250420-WA0067.jpg\" \/>\n\t<meta property=\"og:image:width\" content=\"502\" \/>\n\t<meta property=\"og:image:height\" content=\"467\" \/>\n\t<meta property=\"og:image:type\" content=\"image\/jpeg\" \/>\n<meta name=\"author\" content=\"Portal Raizes\" \/>\n<meta name=\"twitter:card\" content=\"summary_large_image\" \/>\n<meta name=\"twitter:label1\" content=\"Escrito por\" \/>\n\t<meta name=\"twitter:data1\" content=\"Portal Raizes\" \/>\n\t<meta name=\"twitter:label2\" content=\"Est. tempo de leitura\" \/>\n\t<meta name=\"twitter:data2\" content=\"2 minutos\" \/>\n<script type=\"application\/ld+json\" class=\"yoast-schema-graph\">{\"@context\":\"https:\/\/schema.org\",\"@graph\":[{\"@type\":\"Article\",\"@id\":\"https:\/\/portalraizesnoticias.com.br\/?p=5981#article\",\"isPartOf\":{\"@id\":\"https:\/\/portalraizesnoticias.com.br\/?p=5981\"},\"author\":{\"name\":\"Portal Raizes\",\"@id\":\"https:\/\/portalraizesnoticias.com.br\/#\/schema\/person\/a3ca6b0fc701e78df19756c417d943ae\"},\"headline\":\"Mulher \u00e9 esfaqueada nas costas pelo companheiro em Valente\",\"datePublished\":\"2025-04-20T13:20:36+00:00\",\"dateModified\":\"2025-04-20T13:28:55+00:00\",\"mainEntityOfPage\":{\"@id\":\"https:\/\/portalraizesnoticias.com.br\/?p=5981\"},\"wordCount\":129,\"commentCount\":0,\"publisher\":{\"@id\":\"https:\/\/portalraizesnoticias.com.br\/#organization\"},\"image\":{\"@id\":\"https:\/\/portalraizesnoticias.com.br\/?p=5981#primaryimage\"},\"thumbnailUrl\":\"https:\/\/portalraizesnoticias.com.br\/wp-content\/uploads\/2025\/04\/IMG-20250420-WA0067.jpg\",\"keywords\":[\"Esfaqueada\",\"Mulher\"],\"articleSection\":[\"DESTAQUES\",\"POLICIA\",\"ULTIMAS NOTICIAS\"],\"inLanguage\":\"pt-BR\",\"potentialAction\":[{\"@type\":\"CommentAction\",\"name\":\"Comment\",\"target\":[\"https:\/\/portalraizesnoticias.com.br\/?p=5981#respond\"]}]},{\"@type\":\"WebPage\",\"@id\":\"https:\/\/portalraizesnoticias.com.br\/?p=5981\",\"url\":\"https:\/\/portalraizesnoticias.com.br\/?p=5981\",\"name\":\"Mulher \u00e9 esfaqueada nas costas pelo companheiro em Valente - Portal raizes noticias\",\"isPartOf\":{\"@id\":\"https:\/\/portalraizesnoticias.com.br\/#website\"},\"primaryImageOfPage\":{\"@id\":\"https:\/\/portalraizesnoticias.com.br\/?p=5981#primaryimage\"},\"image\":{\"@id\":\"https:\/\/portalraizesnoticias.com.br\/?p=5981#primaryimage\"},\"thumbnailUrl\":\"https:\/\/portalraizesnoticias.com.br\/wp-content\/uploads\/2025\/04\/IMG-20250420-WA0067.jpg\",\"datePublished\":\"2025-04-20T13:20:36+00:00\",\"dateModified\":\"2025-04-20T13:28:55+00:00\",\"breadcrumb\":{\"@id\":\"https:\/\/portalraizesnoticias.com.br\/?p=5981#breadcrumb\"},\"inLanguage\":\"pt-BR\",\"potentialAction\":[{\"@type\":\"ReadAction\",\"target\":[\"https:\/\/portalraizesnoticias.com.br\/?p=5981\"]}]},{\"@type\":\"ImageObject\",\"inLanguage\":\"pt-BR\",\"@id\":\"https:\/\/portalraizesnoticias.com.br\/?p=5981#primaryimage\",\"url\":\"https:\/\/portalraizesnoticias.com.br\/wp-content\/uploads\/2025\/04\/IMG-20250420-WA0067.jpg\",\"contentUrl\":\"https:\/\/portalraizesnoticias.com.br\/wp-content\/uploads\/2025\/04\/IMG-20250420-WA0067.jpg\",\"width\":502,\"height\":467},{\"@type\":\"BreadcrumbList\",\"@id\":\"https:\/\/portalraizesnoticias.com.br\/?p=5981#breadcrumb\",\"itemListElement\":[{\"@type\":\"ListItem\",\"position\":1,\"name\":\"In\u00edcio\",\"item\":\"https:\/\/portalraizesnoticias.com.br\/\"},{\"@type\":\"ListItem\",\"position\":2,\"name\":\"Mulher \u00e9 esfaqueada nas costas pelo companheiro em Valente\"}]},{\"@type\":\"WebSite\",\"@id\":\"https:\/\/portalraizesnoticias.com.br\/#website\",\"url\":\"https:\/\/portalraizesnoticias.com.br\/\",\"name\":\"Portal raizes NOTICIAS\",\"description\":\"site de noticias de concei\u00e7\u00e3o do coit\u00e9 e regi\u00e3o\",\"publisher\":{\"@id\":\"https:\/\/portalraizesnoticias.com.br\/#organization\"},\"alternateName\":\"PORTAL RAIZES COIT\u00c9\",\"potentialAction\":[{\"@type\":\"SearchAction\",\"target\":{\"@type\":\"EntryPoint\",\"urlTemplate\":\"https:\/\/portalraizesnoticias.com.br\/?s={search_term_string}\"},\"query-input\":{\"@type\":\"PropertyValueSpecification\",\"valueRequired\":true,\"valueName\":\"search_term_string\"}}],\"inLanguage\":\"pt-BR\"},{\"@type\":\"Organization\",\"@id\":\"https:\/\/portalraizesnoticias.com.br\/#organization\",\"name\":\"Portal raizes NOTICIAS\",\"url\":\"https:\/\/portalraizesnoticias.com.br\/\",\"logo\":{\"@type\":\"ImageObject\",\"inLanguage\":\"pt-BR\",\"@id\":\"https:\/\/portalraizesnoticias.com.br\/#\/schema\/logo\/image\/\",\"url\":\"https:\/\/portalraizesnoticias.com.br\/wp-content\/uploads\/2024\/09\/cropped-Captura-de-tela-2024-09-08-011108.png\",\"contentUrl\":\"https:\/\/portalraizesnoticias.com.br\/wp-content\/uploads\/2024\/09\/cropped-Captura-de-tela-2024-09-08-011108.png\",\"width\":606,\"height\":173,\"caption\":\"Portal raizes NOTICIAS\"},\"image\":{\"@id\":\"https:\/\/portalraizesnoticias.com.br\/#\/schema\/logo\/image\/\"}},{\"@type\":\"Person\",\"@id\":\"https:\/\/portalraizesnoticias.com.br\/#\/schema\/person\/a3ca6b0fc701e78df19756c417d943ae\",\"name\":\"Portal Raizes\",\"image\":{\"@type\":\"ImageObject\",\"inLanguage\":\"pt-BR\",\"@id\":\"https:\/\/portalraizesnoticias.com.br\/#\/schema\/person\/image\/\",\"url\":\"https:\/\/secure.gravatar.com\/avatar\/ef450d29013a3d3fba867a12a249d7b1?s=96&d=mm&r=g\",\"contentUrl\":\"https:\/\/secure.gravatar.com\/avatar\/ef450d29013a3d3fba867a12a249d7b1?s=96&d=mm&r=g\",\"caption\":\"Portal Raizes\"},\"url\":\"https:\/\/portalraizesnoticias.com.br\/?author=3\"}]}<\/script>\n<!-- \/ Yoast SEO plugin. -->","yoast_head_json":{"title":"Mulher \u00e9 esfaqueada nas costas pelo companheiro em Valente - Portal raizes noticias","robots":{"index":"index","follow":"follow","max-snippet":"max-snippet:-1","max-image-preview":"max-image-preview:large","max-video-preview":"max-video-preview:-1"},"canonical":"https:\/\/portalraizesnoticias.com.br\/?p=5981","og_locale":"pt_BR","og_type":"article","og_title":"Mulher \u00e9 esfaqueada nas costas pelo companheiro em Valente - Portal raizes noticias","og_description":"Na noite deste s\u00e1bado (19), a pol\u00edcia Militar registrou um caso de viol\u00eancia dom\u00e9stica na Rua Jos\u00e9 Nilton Sim\u00f5es\/ Herm\u00ednio Sim\u00f5es, em Valente-BA. PUBLICIDADE Conforme o registro policial, a guarni\u00e7\u00e3o foi acionada para dar apoio ao atendimento de uma v\u00edtima de agress\u00e3o por arma branca, a qual a mulher de 34 anos informou ter sido agredida pelo companheiro e que esfaqueou nas costas. PUBLICIDADE Os agentes prenderam o suspeito, que alegou ter sido agredido primeiro e depois revidou com facadas. A v\u00edtima foi levada ao hospital e precisou ficar internada em observa\u00e7\u00e3o. O agressor foi apresentado na Delegacia, para ado\u00e7\u00e3o das medidas cab\u00edveis. Fonte: ASCOM do 16\u00ba BPM Foto: Istook","og_url":"https:\/\/portalraizesnoticias.com.br\/?p=5981","og_site_name":"Portal raizes noticias","article_published_time":"2025-04-20T13:20:36+00:00","article_modified_time":"2025-04-20T13:28:55+00:00","og_image":[{"width":502,"height":467,"url":"https:\/\/portalraizesnoticias.com.br\/wp-content\/uploads\/2025\/04\/IMG-20250420-WA0067.jpg","type":"image\/jpeg"}],"author":"Portal Raizes","twitter_card":"summary_large_image","twitter_misc":{"Escrito por":"Portal Raizes","Est. tempo de leitura":"2 minutos"},"schema":{"@context":"https:\/\/schema.org","@graph":[{"@type":"Article","@id":"https:\/\/portalraizesnoticias.com.br\/?p=5981#article","isPartOf":{"@id":"https:\/\/portalraizesnoticias.com.br\/?p=5981"},"author":{"name":"Portal Raizes","@id":"https:\/\/portalraizesnoticias.com.br\/#\/schema\/person\/a3ca6b0fc701e78df19756c417d943ae"},"headline":"Mulher \u00e9 esfaqueada nas costas pelo companheiro em Valente","datePublished":"2025-04-20T13:20:36+00:00","dateModified":"2025-04-20T13:28:55+00:00","mainEntityOfPage":{"@id":"https:\/\/portalraizesnoticias.com.br\/?p=5981"},"wordCount":129,"commentCount":0,"publisher":{"@id":"https:\/\/portalraizesnoticias.com.br\/#organization"},"image":{"@id":"https:\/\/portalraizesnoticias.com.br\/?p=5981#primaryimage"},"thumbnailUrl":"https:\/\/portalraizesnoticias.com.br\/wp-content\/uploads\/2025\/04\/IMG-20250420-WA0067.jpg","keywords":["Esfaqueada","Mulher"],"articleSection":["DESTAQUES","POLICIA","ULTIMAS NOTICIAS"],"inLanguage":"pt-BR","potentialAction":[{"@type":"CommentAction","name":"Comment","target":["https:\/\/portalraizesnoticias.com.br\/?p=5981#respond"]}]},{"@type":"WebPage","@id":"https:\/\/portalraizesnoticias.com.br\/?p=5981","url":"https:\/\/portalraizesnoticias.com.br\/?p=5981","name":"Mulher \u00e9 esfaqueada nas costas pelo companheiro em Valente - Portal raizes noticias","isPartOf":{"@id":"https:\/\/portalraizesnoticias.com.br\/#website"},"primaryImageOfPage":{"@id":"https:\/\/portalraizesnoticias.com.br\/?p=5981#primaryimage"},"image":{"@id":"https:\/\/portalraizesnoticias.com.br\/?p=5981#primaryimage"},"thumbnailUrl":"https:\/\/portalraizesnoticias.com.br\/wp-content\/uploads\/2025\/04\/IMG-20250420-WA0067.jpg","datePublished":"2025-04-20T13:20:36+00:00","dateModified":"2025-04-20T13:28:55+00:00","breadcrumb":{"@id":"https:\/\/portalraizesnoticias.com.br\/?p=5981#breadcrumb"},"inLanguage":"pt-BR","potentialAction":[{"@type":"ReadAction","target":["https:\/\/portalraizesnoticias.com.br\/?p=5981"]}]},{"@type":"ImageObject","inLanguage":"pt-BR","@id":"https:\/\/portalraizesnoticias.com.br\/?p=5981#primaryimage","url":"https:\/\/portalraizesnoticias.com.br\/wp-content\/uploads\/2025\/04\/IMG-20250420-WA0067.jpg","contentUrl":"https:\/\/portalraizesnoticias.com.br\/wp-content\/uploads\/2025\/04\/IMG-20250420-WA0067.jpg","width":502,"height":467},{"@type":"BreadcrumbList","@id":"https:\/\/portalraizesnoticias.com.br\/?p=5981#breadcrumb","itemListElement":[{"@type":"ListItem","position":1,"name":"In\u00edcio","item":"https:\/\/portalraizesnoticias.com.br\/"},{"@type":"ListItem","position":2,"name":"Mulher \u00e9 esfaqueada nas costas pelo companheiro em Valente"}]},{"@type":"WebSite","@id":"https:\/\/portalraizesnoticias.com.br\/#website","url":"https:\/\/portalraizesnoticias.com.br\/","name":"Portal raizes NOTICIAS","description":"site de noticias de concei\u00e7\u00e3o do coit\u00e9 e regi\u00e3o","publisher":{"@id":"https:\/\/portalraizesnoticias.com.br\/#organization"},"alternateName":"PORTAL RAIZES COIT\u00c9","potentialAction":[{"@type":"SearchAction","target":{"@type":"EntryPoint","urlTemplate":"https:\/\/portalraizesnoticias.com.br\/?s={search_term_string}"},"query-input":{"@type":"PropertyValueSpecification","valueRequired":true,"valueName":"search_term_string"}}],"inLanguage":"pt-BR"},{"@type":"Organization","@id":"https:\/\/portalraizesnoticias.com.br\/#organization","name":"Portal raizes NOTICIAS","url":"https:\/\/portalraizesnoticias.com.br\/","logo":{"@type":"ImageObject","inLanguage":"pt-BR","@id":"https:\/\/portalraizesnoticias.com.br\/#\/schema\/logo\/image\/","url":"https:\/\/portalraizesnoticias.com.br\/wp-content\/uploads\/2024\/09\/cropped-Captura-de-tela-2024-09-08-011108.png","contentUrl":"https:\/\/portalraizesnoticias.com.br\/wp-content\/uploads\/2024\/09\/cropped-Captura-de-tela-2024-09-08-011108.png","width":606,"height":173,"caption":"Portal raizes NOTICIAS"},"image":{"@id":"https:\/\/portalraizesnoticias.com.br\/#\/schema\/logo\/image\/"}},{"@type":"Person","@id":"https:\/\/portalraizesnoticias.com.br\/#\/schema\/person\/a3ca6b0fc701e78df19756c417d943ae","name":"Portal Raizes","image":{"@type":"ImageObject","inLanguage":"pt-BR","@id":"https:\/\/portalraizesnoticias.com.br\/#\/schema\/person\/image\/","url":"https:\/\/secure.gravatar.com\/avatar\/ef450d29013a3d3fba867a12a249d7b1?s=96&d=mm&r=g","contentUrl":"https:\/\/secure.gravatar.com\/avatar\/ef450d29013a3d3fba867a12a249d7b1?s=96&d=mm&r=g","caption":"Portal Raizes"},"url":"https:\/\/portalraizesnoticias.com.br\/?author=3"}]}},"_links":{"self":[{"href":"https:\/\/portalraizesnoticias.com.br\/index.php?rest_route=\/wp\/v2\/posts\/5981"}],"collection":[{"href":"https:\/\/portalraizesnoticias.com.br\/index.php?rest_route=\/wp\/v2\/posts"}],"about":[{"href":"https:\/\/portalraizesnoticias.com.br\/index.php?rest_route=\/wp\/v2\/types\/post"}],"author":[{"embeddable":true,"href":"https:\/\/portalraizesnoticias.com.br\/index.php?rest_route=\/wp\/v2\/users\/3"}],"replies":[{"embeddable":true,"href":"https:\/\/portalraizesnoticias.com.br\/index.php?rest_route=%2Fwp%2Fv2%2Fcomments&post=5981"}],"version-history":[{"count":3,"href":"https:\/\/portalraizesnoticias.com.br\/index.php?rest_route=\/wp\/v2\/posts\/5981\/revisions"}],"predecessor-version":[{"id":5987,"href":"https:\/\/portalraizesnoticias.com.br\/index.php?rest_route=\/wp\/v2\/posts\/5981\/revisions\/5987"}],"wp:featuredmedia":[{"embeddable":true,"href":"https:\/\/portalraizesnoticias.com.br\/index.php?rest_route=\/wp\/v2\/media\/5985"}],"wp:attachment":[{"href":"https:\/\/portalraizesnoticias.com.br\/index.php?rest_route=%2Fwp%2Fv2%2Fmedia&parent=5981"}],"wp:term":[{"taxonomy":"category","embeddable":true,"href":"https:\/\/portalraizesnoticias.com.br\/index.php?rest_route=%2Fwp%2Fv2%2Fcategories&post=5981"},{"taxonomy":"post_tag","embeddable":true,"href":"https:\/\/portalraizesnoticias.com.br\/index.php?rest_route=%2Fwp%2Fv2%2Ftags&post=5981"}],"curies":[{"name":"wp","href":"https:\/\/api.w.org\/{rel}","templated":true}]}}