{"id":5970,"date":"2025-04-19T10:34:35","date_gmt":"2025-04-19T13:34:35","guid":{"rendered":"https:\/\/portalraizesnoticias.com.br\/?p=5970"},"modified":"2025-07-17T18:05:16","modified_gmt":"2025-07-17T21:05:16","slug":"policia-militar-prende-homem-e-apreende-arma-de-fogo-no-povoado-de-patos-em-conceicao-do-coite","status":"publish","type":"post","link":"https:\/\/portalraizesnoticias.com.br\/?p=5970","title":{"rendered":"\u00a0Pol\u00edcia Militar prende homem e apreende arma de fogo no povoado de Patos em Concei\u00e7\u00e3o do Coit\u00e9"},"content":{"rendered":"<p>Por volta de 21h00 de sexta-feira (18), policiais militares prenderam um homem e apreenderam uma arma de fogo no povoado de Patos, zona rural de Concei\u00e7\u00e3o do Coit\u00e9, Bahia.<\/p>\n<p>Segundo o boletim de ocorr\u00eancia apurado pelo Portal Ra\u00edzes, durante rondas ostensivas, os agentes foram informados por populares que um homem estava portando arma de fogo, fato confirmado.<\/p>\n<p>Ao perceber a presen\u00e7a das autoridades, o suspeito dispensou a pistola de cor preta que, ao ser verificada, estava\u00a0 carregada, acompanhada de um carregador com 14 (quatorze) muni\u00e7\u00f5es intactas.<\/p>\n<p>Na abordagem ao suspeito, os PMs encontraram um coldre de pol\u00edmero compat\u00edvel com a referida pistola.<\/p>\n<p>Os PMs fizeram buscas no ve\u00edculo do rapaz e tamb\u00e9m encontraram 01 (um) carregador de pistola com 15 (quinze) muni\u00e7\u00f5es intactas.<\/p>\n<p>Diante da situa\u00e7\u00e3o, ele foi conduzido para a Delegacia de Pol\u00edcia de Riach\u00e3o do Jacu\u00edpe.<\/p>\n<p>Reda\u00e7\u00e3o\u00a0 com informa\u00e7\u00f5es PM<\/p>\n<p>Foto: Ilustra\u00e7\u00e3o<\/p>\n","protected":false},"excerpt":{"rendered":"<p>Por volta de 21h00 de sexta-feira (18), policiais militares prenderam um homem e apreenderam uma arma de fogo no povoado de Patos, zona rural de Concei\u00e7\u00e3o do Coit\u00e9, Bahia. Segundo o boletim de ocorr\u00eancia apurado pelo Portal Ra\u00edzes, durante rondas ostensivas, os agentes foram informados por populares que um homem estava portando arma de fogo, fato confirmado. Ao perceber a presen\u00e7a das autoridades, o suspeito dispensou a pistola de cor preta que, ao ser verificada, estava\u00a0 carregada, acompanhada de um carregador com 14 (quatorze) muni\u00e7\u00f5es intactas. Na abordagem ao suspeito, os PMs encontraram um coldre de pol\u00edmero compat\u00edvel com a referida pistola. Os PMs fizeram buscas no ve\u00edculo do rapaz e tamb\u00e9m encontraram 01 (um) carregador de pistola com 15 (quinze) muni\u00e7\u00f5es intactas. Diante da situa\u00e7\u00e3o, ele foi conduzido para a Delegacia de Pol\u00edcia de Riach\u00e3o do Jacu\u00edpe. Reda\u00e7\u00e3o\u00a0 com informa\u00e7\u00f5es PM Foto: Ilustra\u00e7\u00e3o<\/p>\n","protected":false},"author":3,"featured_media":5479,"comment_status":"open","ping_status":"open","sticky":false,"template":"","format":"standard","meta":{"_joinchat":[],"footnotes":""},"categories":[55,67,59],"tags":[],"class_list":["post-5970","post","type-post","status-publish","format-standard","has-post-thumbnail","hentry","category-destaques","category-policia","category-ultimas-noticias"],"yoast_head":"<!-- This site is optimized with the Yoast SEO plugin v24.4 - https:\/\/yoast.com\/wordpress\/plugins\/seo\/ -->\n<title>\u00a0Pol\u00edcia Militar prende homem e apreende arma de fogo no povoado de Patos em Concei\u00e7\u00e3o do Coit\u00e9 - Portal raizes noticias<\/title>\n<meta name=\"robots\" content=\"index, follow, max-snippet:-1, max-image-preview:large, max-video-preview:-1\" \/>\n<link rel=\"canonical\" href=\"https:\/\/portalraizesnoticias.com.br\/?p=5970\" \/>\n<meta property=\"og:locale\" content=\"pt_BR\" \/>\n<meta property=\"og:type\" content=\"article\" \/>\n<meta property=\"og:title\" content=\"\u00a0Pol\u00edcia Militar prende homem e apreende arma de fogo no povoado de Patos em Concei\u00e7\u00e3o do Coit\u00e9 - Portal raizes noticias\" \/>\n<meta property=\"og:description\" content=\"Por volta de 21h00 de sexta-feira (18), policiais militares prenderam um homem e apreenderam uma arma de fogo no povoado de Patos, zona rural de Concei\u00e7\u00e3o do Coit\u00e9, Bahia. Segundo o boletim de ocorr\u00eancia apurado pelo Portal Ra\u00edzes, durante rondas ostensivas, os agentes foram informados por populares que um homem estava portando arma de fogo, fato confirmado. Ao perceber a presen\u00e7a das autoridades, o suspeito dispensou a pistola de cor preta que, ao ser verificada, estava\u00a0 carregada, acompanhada de um carregador com 14 (quatorze) muni\u00e7\u00f5es intactas. Na abordagem ao suspeito, os PMs encontraram um coldre de pol\u00edmero compat\u00edvel com a referida pistola. Os PMs fizeram buscas no ve\u00edculo do rapaz e tamb\u00e9m encontraram 01 (um) carregador de pistola com 15 (quinze) muni\u00e7\u00f5es intactas. Diante da situa\u00e7\u00e3o, ele foi conduzido para a Delegacia de Pol\u00edcia de Riach\u00e3o do Jacu\u00edpe. Reda\u00e7\u00e3o\u00a0 com informa\u00e7\u00f5es PM Foto: Ilustra\u00e7\u00e3o\" \/>\n<meta property=\"og:url\" content=\"https:\/\/portalraizesnoticias.com.br\/?p=5970\" \/>\n<meta property=\"og:site_name\" content=\"Portal raizes noticias\" \/>\n<meta property=\"article:published_time\" content=\"2025-04-19T13:34:35+00:00\" \/>\n<meta property=\"article:modified_time\" content=\"2025-07-17T21:05:16+00:00\" \/>\n<meta property=\"og:image\" content=\"https:\/\/portalraizesnoticias.com.br\/wp-content\/uploads\/2025\/03\/IMG-20250325-WA0122.jpg\" \/>\n\t<meta property=\"og:image:width\" content=\"340\" \/>\n\t<meta property=\"og:image:height\" content=\"344\" \/>\n\t<meta property=\"og:image:type\" content=\"image\/jpeg\" \/>\n<meta name=\"author\" content=\"Portal Raizes\" \/>\n<meta name=\"twitter:card\" content=\"summary_large_image\" \/>\n<meta name=\"twitter:label1\" content=\"Escrito por\" \/>\n\t<meta name=\"twitter:data1\" content=\"Portal Raizes\" \/>\n\t<meta name=\"twitter:label2\" content=\"Est. tempo de leitura\" \/>\n\t<meta name=\"twitter:data2\" content=\"1 minuto\" \/>\n<script type=\"application\/ld+json\" class=\"yoast-schema-graph\">{\"@context\":\"https:\/\/schema.org\",\"@graph\":[{\"@type\":\"Article\",\"@id\":\"https:\/\/portalraizesnoticias.com.br\/?p=5970#article\",\"isPartOf\":{\"@id\":\"https:\/\/portalraizesnoticias.com.br\/?p=5970\"},\"author\":{\"name\":\"Portal Raizes\",\"@id\":\"https:\/\/portalraizesnoticias.com.br\/#\/schema\/person\/a3ca6b0fc701e78df19756c417d943ae\"},\"headline\":\"\u00a0Pol\u00edcia Militar prende homem e apreende arma de fogo no povoado de Patos em Concei\u00e7\u00e3o do Coit\u00e9\",\"datePublished\":\"2025-04-19T13:34:35+00:00\",\"dateModified\":\"2025-07-17T21:05:16+00:00\",\"mainEntityOfPage\":{\"@id\":\"https:\/\/portalraizesnoticias.com.br\/?p=5970\"},\"wordCount\":176,\"commentCount\":0,\"publisher\":{\"@id\":\"https:\/\/portalraizesnoticias.com.br\/#organization\"},\"image\":{\"@id\":\"https:\/\/portalraizesnoticias.com.br\/?p=5970#primaryimage\"},\"thumbnailUrl\":\"https:\/\/portalraizesnoticias.com.br\/wp-content\/uploads\/2025\/03\/IMG-20250325-WA0122.jpg\",\"articleSection\":[\"DESTAQUES\",\"POLICIA\",\"ULTIMAS NOTICIAS\"],\"inLanguage\":\"pt-BR\",\"potentialAction\":[{\"@type\":\"CommentAction\",\"name\":\"Comment\",\"target\":[\"https:\/\/portalraizesnoticias.com.br\/?p=5970#respond\"]}]},{\"@type\":\"WebPage\",\"@id\":\"https:\/\/portalraizesnoticias.com.br\/?p=5970\",\"url\":\"https:\/\/portalraizesnoticias.com.br\/?p=5970\",\"name\":\"\u00a0Pol\u00edcia Militar prende homem e apreende arma de fogo no povoado de Patos em Concei\u00e7\u00e3o do Coit\u00e9 - Portal raizes noticias\",\"isPartOf\":{\"@id\":\"https:\/\/portalraizesnoticias.com.br\/#website\"},\"primaryImageOfPage\":{\"@id\":\"https:\/\/portalraizesnoticias.com.br\/?p=5970#primaryimage\"},\"image\":{\"@id\":\"https:\/\/portalraizesnoticias.com.br\/?p=5970#primaryimage\"},\"thumbnailUrl\":\"https:\/\/portalraizesnoticias.com.br\/wp-content\/uploads\/2025\/03\/IMG-20250325-WA0122.jpg\",\"datePublished\":\"2025-04-19T13:34:35+00:00\",\"dateModified\":\"2025-07-17T21:05:16+00:00\",\"breadcrumb\":{\"@id\":\"https:\/\/portalraizesnoticias.com.br\/?p=5970#breadcrumb\"},\"inLanguage\":\"pt-BR\",\"potentialAction\":[{\"@type\":\"ReadAction\",\"target\":[\"https:\/\/portalraizesnoticias.com.br\/?p=5970\"]}]},{\"@type\":\"ImageObject\",\"inLanguage\":\"pt-BR\",\"@id\":\"https:\/\/portalraizesnoticias.com.br\/?p=5970#primaryimage\",\"url\":\"https:\/\/portalraizesnoticias.com.br\/wp-content\/uploads\/2025\/03\/IMG-20250325-WA0122.jpg\",\"contentUrl\":\"https:\/\/portalraizesnoticias.com.br\/wp-content\/uploads\/2025\/03\/IMG-20250325-WA0122.jpg\",\"width\":340,\"height\":344},{\"@type\":\"BreadcrumbList\",\"@id\":\"https:\/\/portalraizesnoticias.com.br\/?p=5970#breadcrumb\",\"itemListElement\":[{\"@type\":\"ListItem\",\"position\":1,\"name\":\"In\u00edcio\",\"item\":\"https:\/\/portalraizesnoticias.com.br\/\"},{\"@type\":\"ListItem\",\"position\":2,\"name\":\"\u00a0Pol\u00edcia Militar prende homem e apreende arma de fogo no povoado de Patos em Concei\u00e7\u00e3o do Coit\u00e9\"}]},{\"@type\":\"WebSite\",\"@id\":\"https:\/\/portalraizesnoticias.com.br\/#website\",\"url\":\"https:\/\/portalraizesnoticias.com.br\/\",\"name\":\"Portal raizes NOTICIAS\",\"description\":\"site de noticias de concei\u00e7\u00e3o do coit\u00e9 e regi\u00e3o\",\"publisher\":{\"@id\":\"https:\/\/portalraizesnoticias.com.br\/#organization\"},\"alternateName\":\"PORTAL RAIZES COIT\u00c9\",\"potentialAction\":[{\"@type\":\"SearchAction\",\"target\":{\"@type\":\"EntryPoint\",\"urlTemplate\":\"https:\/\/portalraizesnoticias.com.br\/?s={search_term_string}\"},\"query-input\":{\"@type\":\"PropertyValueSpecification\",\"valueRequired\":true,\"valueName\":\"search_term_string\"}}],\"inLanguage\":\"pt-BR\"},{\"@type\":\"Organization\",\"@id\":\"https:\/\/portalraizesnoticias.com.br\/#organization\",\"name\":\"Portal raizes NOTICIAS\",\"url\":\"https:\/\/portalraizesnoticias.com.br\/\",\"logo\":{\"@type\":\"ImageObject\",\"inLanguage\":\"pt-BR\",\"@id\":\"https:\/\/portalraizesnoticias.com.br\/#\/schema\/logo\/image\/\",\"url\":\"https:\/\/portalraizesnoticias.com.br\/wp-content\/uploads\/2024\/09\/cropped-Captura-de-tela-2024-09-08-011108.png\",\"contentUrl\":\"https:\/\/portalraizesnoticias.com.br\/wp-content\/uploads\/2024\/09\/cropped-Captura-de-tela-2024-09-08-011108.png\",\"width\":606,\"height\":173,\"caption\":\"Portal raizes NOTICIAS\"},\"image\":{\"@id\":\"https:\/\/portalraizesnoticias.com.br\/#\/schema\/logo\/image\/\"}},{\"@type\":\"Person\",\"@id\":\"https:\/\/portalraizesnoticias.com.br\/#\/schema\/person\/a3ca6b0fc701e78df19756c417d943ae\",\"name\":\"Portal Raizes\",\"image\":{\"@type\":\"ImageObject\",\"inLanguage\":\"pt-BR\",\"@id\":\"https:\/\/portalraizesnoticias.com.br\/#\/schema\/person\/image\/\",\"url\":\"https:\/\/secure.gravatar.com\/avatar\/ef450d29013a3d3fba867a12a249d7b1?s=96&d=mm&r=g\",\"contentUrl\":\"https:\/\/secure.gravatar.com\/avatar\/ef450d29013a3d3fba867a12a249d7b1?s=96&d=mm&r=g\",\"caption\":\"Portal Raizes\"},\"url\":\"https:\/\/portalraizesnoticias.com.br\/?author=3\"}]}<\/script>\n<!-- \/ Yoast SEO plugin. -->","yoast_head_json":{"title":"\u00a0Pol\u00edcia Militar prende homem e apreende arma de fogo no povoado de Patos em Concei\u00e7\u00e3o do Coit\u00e9 - Portal raizes noticias","robots":{"index":"index","follow":"follow","max-snippet":"max-snippet:-1","max-image-preview":"max-image-preview:large","max-video-preview":"max-video-preview:-1"},"canonical":"https:\/\/portalraizesnoticias.com.br\/?p=5970","og_locale":"pt_BR","og_type":"article","og_title":"\u00a0Pol\u00edcia Militar prende homem e apreende arma de fogo no povoado de Patos em Concei\u00e7\u00e3o do Coit\u00e9 - Portal raizes noticias","og_description":"Por volta de 21h00 de sexta-feira (18), policiais militares prenderam um homem e apreenderam uma arma de fogo no povoado de Patos, zona rural de Concei\u00e7\u00e3o do Coit\u00e9, Bahia. Segundo o boletim de ocorr\u00eancia apurado pelo Portal Ra\u00edzes, durante rondas ostensivas, os agentes foram informados por populares que um homem estava portando arma de fogo, fato confirmado. Ao perceber a presen\u00e7a das autoridades, o suspeito dispensou a pistola de cor preta que, ao ser verificada, estava\u00a0 carregada, acompanhada de um carregador com 14 (quatorze) muni\u00e7\u00f5es intactas. Na abordagem ao suspeito, os PMs encontraram um coldre de pol\u00edmero compat\u00edvel com a referida pistola. Os PMs fizeram buscas no ve\u00edculo do rapaz e tamb\u00e9m encontraram 01 (um) carregador de pistola com 15 (quinze) muni\u00e7\u00f5es intactas. Diante da situa\u00e7\u00e3o, ele foi conduzido para a Delegacia de Pol\u00edcia de Riach\u00e3o do Jacu\u00edpe. Reda\u00e7\u00e3o\u00a0 com informa\u00e7\u00f5es PM Foto: Ilustra\u00e7\u00e3o","og_url":"https:\/\/portalraizesnoticias.com.br\/?p=5970","og_site_name":"Portal raizes noticias","article_published_time":"2025-04-19T13:34:35+00:00","article_modified_time":"2025-07-17T21:05:16+00:00","og_image":[{"width":340,"height":344,"url":"https:\/\/portalraizesnoticias.com.br\/wp-content\/uploads\/2025\/03\/IMG-20250325-WA0122.jpg","type":"image\/jpeg"}],"author":"Portal Raizes","twitter_card":"summary_large_image","twitter_misc":{"Escrito por":"Portal Raizes","Est. tempo de leitura":"1 minuto"},"schema":{"@context":"https:\/\/schema.org","@graph":[{"@type":"Article","@id":"https:\/\/portalraizesnoticias.com.br\/?p=5970#article","isPartOf":{"@id":"https:\/\/portalraizesnoticias.com.br\/?p=5970"},"author":{"name":"Portal Raizes","@id":"https:\/\/portalraizesnoticias.com.br\/#\/schema\/person\/a3ca6b0fc701e78df19756c417d943ae"},"headline":"\u00a0Pol\u00edcia Militar prende homem e apreende arma de fogo no povoado de Patos em Concei\u00e7\u00e3o do Coit\u00e9","datePublished":"2025-04-19T13:34:35+00:00","dateModified":"2025-07-17T21:05:16+00:00","mainEntityOfPage":{"@id":"https:\/\/portalraizesnoticias.com.br\/?p=5970"},"wordCount":176,"commentCount":0,"publisher":{"@id":"https:\/\/portalraizesnoticias.com.br\/#organization"},"image":{"@id":"https:\/\/portalraizesnoticias.com.br\/?p=5970#primaryimage"},"thumbnailUrl":"https:\/\/portalraizesnoticias.com.br\/wp-content\/uploads\/2025\/03\/IMG-20250325-WA0122.jpg","articleSection":["DESTAQUES","POLICIA","ULTIMAS NOTICIAS"],"inLanguage":"pt-BR","potentialAction":[{"@type":"CommentAction","name":"Comment","target":["https:\/\/portalraizesnoticias.com.br\/?p=5970#respond"]}]},{"@type":"WebPage","@id":"https:\/\/portalraizesnoticias.com.br\/?p=5970","url":"https:\/\/portalraizesnoticias.com.br\/?p=5970","name":"\u00a0Pol\u00edcia Militar prende homem e apreende arma de fogo no povoado de Patos em Concei\u00e7\u00e3o do Coit\u00e9 - Portal raizes noticias","isPartOf":{"@id":"https:\/\/portalraizesnoticias.com.br\/#website"},"primaryImageOfPage":{"@id":"https:\/\/portalraizesnoticias.com.br\/?p=5970#primaryimage"},"image":{"@id":"https:\/\/portalraizesnoticias.com.br\/?p=5970#primaryimage"},"thumbnailUrl":"https:\/\/portalraizesnoticias.com.br\/wp-content\/uploads\/2025\/03\/IMG-20250325-WA0122.jpg","datePublished":"2025-04-19T13:34:35+00:00","dateModified":"2025-07-17T21:05:16+00:00","breadcrumb":{"@id":"https:\/\/portalraizesnoticias.com.br\/?p=5970#breadcrumb"},"inLanguage":"pt-BR","potentialAction":[{"@type":"ReadAction","target":["https:\/\/portalraizesnoticias.com.br\/?p=5970"]}]},{"@type":"ImageObject","inLanguage":"pt-BR","@id":"https:\/\/portalraizesnoticias.com.br\/?p=5970#primaryimage","url":"https:\/\/portalraizesnoticias.com.br\/wp-content\/uploads\/2025\/03\/IMG-20250325-WA0122.jpg","contentUrl":"https:\/\/portalraizesnoticias.com.br\/wp-content\/uploads\/2025\/03\/IMG-20250325-WA0122.jpg","width":340,"height":344},{"@type":"BreadcrumbList","@id":"https:\/\/portalraizesnoticias.com.br\/?p=5970#breadcrumb","itemListElement":[{"@type":"ListItem","position":1,"name":"In\u00edcio","item":"https:\/\/portalraizesnoticias.com.br\/"},{"@type":"ListItem","position":2,"name":"\u00a0Pol\u00edcia Militar prende homem e apreende arma de fogo no povoado de Patos em Concei\u00e7\u00e3o do Coit\u00e9"}]},{"@type":"WebSite","@id":"https:\/\/portalraizesnoticias.com.br\/#website","url":"https:\/\/portalraizesnoticias.com.br\/","name":"Portal raizes NOTICIAS","description":"site de noticias de concei\u00e7\u00e3o do coit\u00e9 e regi\u00e3o","publisher":{"@id":"https:\/\/portalraizesnoticias.com.br\/#organization"},"alternateName":"PORTAL RAIZES COIT\u00c9","potentialAction":[{"@type":"SearchAction","target":{"@type":"EntryPoint","urlTemplate":"https:\/\/portalraizesnoticias.com.br\/?s={search_term_string}"},"query-input":{"@type":"PropertyValueSpecification","valueRequired":true,"valueName":"search_term_string"}}],"inLanguage":"pt-BR"},{"@type":"Organization","@id":"https:\/\/portalraizesnoticias.com.br\/#organization","name":"Portal raizes NOTICIAS","url":"https:\/\/portalraizesnoticias.com.br\/","logo":{"@type":"ImageObject","inLanguage":"pt-BR","@id":"https:\/\/portalraizesnoticias.com.br\/#\/schema\/logo\/image\/","url":"https:\/\/portalraizesnoticias.com.br\/wp-content\/uploads\/2024\/09\/cropped-Captura-de-tela-2024-09-08-011108.png","contentUrl":"https:\/\/portalraizesnoticias.com.br\/wp-content\/uploads\/2024\/09\/cropped-Captura-de-tela-2024-09-08-011108.png","width":606,"height":173,"caption":"Portal raizes NOTICIAS"},"image":{"@id":"https:\/\/portalraizesnoticias.com.br\/#\/schema\/logo\/image\/"}},{"@type":"Person","@id":"https:\/\/portalraizesnoticias.com.br\/#\/schema\/person\/a3ca6b0fc701e78df19756c417d943ae","name":"Portal Raizes","image":{"@type":"ImageObject","inLanguage":"pt-BR","@id":"https:\/\/portalraizesnoticias.com.br\/#\/schema\/person\/image\/","url":"https:\/\/secure.gravatar.com\/avatar\/ef450d29013a3d3fba867a12a249d7b1?s=96&d=mm&r=g","contentUrl":"https:\/\/secure.gravatar.com\/avatar\/ef450d29013a3d3fba867a12a249d7b1?s=96&d=mm&r=g","caption":"Portal Raizes"},"url":"https:\/\/portalraizesnoticias.com.br\/?author=3"}]}},"_links":{"self":[{"href":"https:\/\/portalraizesnoticias.com.br\/index.php?rest_route=\/wp\/v2\/posts\/5970"}],"collection":[{"href":"https:\/\/portalraizesnoticias.com.br\/index.php?rest_route=\/wp\/v2\/posts"}],"about":[{"href":"https:\/\/portalraizesnoticias.com.br\/index.php?rest_route=\/wp\/v2\/types\/post"}],"author":[{"embeddable":true,"href":"https:\/\/portalraizesnoticias.com.br\/index.php?rest_route=\/wp\/v2\/users\/3"}],"replies":[{"embeddable":true,"href":"https:\/\/portalraizesnoticias.com.br\/index.php?rest_route=%2Fwp%2Fv2%2Fcomments&post=5970"}],"version-history":[{"count":1,"href":"https:\/\/portalraizesnoticias.com.br\/index.php?rest_route=\/wp\/v2\/posts\/5970\/revisions"}],"predecessor-version":[{"id":5971,"href":"https:\/\/portalraizesnoticias.com.br\/index.php?rest_route=\/wp\/v2\/posts\/5970\/revisions\/5971"}],"wp:featuredmedia":[{"embeddable":true,"href":"https:\/\/portalraizesnoticias.com.br\/index.php?rest_route=\/wp\/v2\/media\/5479"}],"wp:attachment":[{"href":"https:\/\/portalraizesnoticias.com.br\/index.php?rest_route=%2Fwp%2Fv2%2Fmedia&parent=5970"}],"wp:term":[{"taxonomy":"category","embeddable":true,"href":"https:\/\/portalraizesnoticias.com.br\/index.php?rest_route=%2Fwp%2Fv2%2Fcategories&post=5970"},{"taxonomy":"post_tag","embeddable":true,"href":"https:\/\/portalraizesnoticias.com.br\/index.php?rest_route=%2Fwp%2Fv2%2Ftags&post=5970"}],"curies":[{"name":"wp","href":"https:\/\/api.w.org\/{rel}","templated":true}]}}