{"id":5945,"date":"2025-04-18T21:06:51","date_gmt":"2025-04-19T00:06:51","guid":{"rendered":"https:\/\/portalraizesnoticias.com.br\/?p=5945"},"modified":"2025-04-18T21:15:40","modified_gmt":"2025-04-19T00:15:40","slug":"idoso-sofre-laceracoes-ao-perder-controle-de-moto-e-cair-no-bairro-alto-sao-joao-em-conceicao-do-coite","status":"publish","type":"post","link":"https:\/\/portalraizesnoticias.com.br\/?p=5945","title":{"rendered":"Idoso sofre lacera\u00e7\u00f5es ao perder controle de moto e cair no bairro Alto S\u00e3o Jo\u00e3o em Concei\u00e7\u00e3o do Coit\u00e9"},"content":{"rendered":"<p>Jonas Barreto dos Santos, 64 anos, ficou ferido ap\u00f3s perder o controle da motocicleta e cair no bairro Alto do S\u00e3o Jo\u00e3o, em Concei\u00e7\u00e3o do Coit\u00e9. A ocorr\u00eancia foi registrada \u00e0s 19h50 desta sexta-feira (18).<\/p>\n<p><img fetchpriority=\"high\" decoding=\"async\" class=\"size-medium wp-image-5947 aligncenter\" src=\"https:\/\/portalraizesnoticias.com.br\/wp-content\/uploads\/2025\/04\/IMG-20250418-WA0342-300x225.jpg\" alt=\"\" width=\"300\" height=\"225\" srcset=\"https:\/\/portalraizesnoticias.com.br\/wp-content\/uploads\/2025\/04\/IMG-20250418-WA0342-300x225.jpg 300w, https:\/\/portalraizesnoticias.com.br\/wp-content\/uploads\/2025\/04\/IMG-20250418-WA0342-1024x768.jpg 1024w, https:\/\/portalraizesnoticias.com.br\/wp-content\/uploads\/2025\/04\/IMG-20250418-WA0342-768x576.jpg 768w, https:\/\/portalraizesnoticias.com.br\/wp-content\/uploads\/2025\/04\/IMG-20250418-WA0342-1536x1152.jpg 1536w, https:\/\/portalraizesnoticias.com.br\/wp-content\/uploads\/2025\/04\/IMG-20250418-WA0342.jpg 1600w\" sizes=\"(max-width: 300px) 100vw, 300px\" \/><\/p>\n<p>Segundo informa\u00e7\u00f5es apuradas pelo Portal Ra\u00edzes junto ao coordenador do \u00c1guia Resgate, Gildo Carneiro, o idoso foi encontrado desorientado, apresentando escoria\u00e7\u00f5es pelo corpo e lacera\u00e7\u00f5es na face.<\/p>\n<p><img decoding=\"async\" class=\"size-medium wp-image-4639 aligncenter\" src=\"https:\/\/portalraizesnoticias.com.br\/wp-content\/uploads\/2025\/02\/IMG-20250205-WA0440-300x300.jpg\" alt=\"\" width=\"300\" height=\"300\" srcset=\"https:\/\/portalraizesnoticias.com.br\/wp-content\/uploads\/2025\/02\/IMG-20250205-WA0440-300x300.jpg 300w, https:\/\/portalraizesnoticias.com.br\/wp-content\/uploads\/2025\/02\/IMG-20250205-WA0440-1024x1024.jpg 1024w, https:\/\/portalraizesnoticias.com.br\/wp-content\/uploads\/2025\/02\/IMG-20250205-WA0440-150x150.jpg 150w, https:\/\/portalraizesnoticias.com.br\/wp-content\/uploads\/2025\/02\/IMG-20250205-WA0440-768x768.jpg 768w, https:\/\/portalraizesnoticias.com.br\/wp-content\/uploads\/2025\/02\/IMG-20250205-WA0440.jpg 1080w\" sizes=\"(max-width: 300px) 100vw, 300px\" \/><\/p>\n<p style=\"text-align: center;\"><strong>PUBLICIDADE<\/strong><\/p>\n<p>A v\u00edtima foi socorrida e conduzida ao setor de emerg\u00eancia do Hospital Portugu\u00eas de Coit\u00e9.<\/p>\n<p>Este \u00e9 o quarto acidente registrado durante a noite do feriado no munic\u00edpio. Confira abaixo:<\/p>\n<p><a href=\"https:\/\/portalraizesnoticias.com.br\/motociclista-e-passageiro-caem-de-moto-apos-derrapar-em-oleo-no-bairro-dos-barreiros-em-conceicao-do-coite\/\">Motociclista e passageiro caem de moto ap\u00f3s derrapar em \u00f3leo no bairro dos Barreiros em Concei\u00e7\u00e3o do Coit\u00e9<\/a><\/p>\n<p><a href=\"https:\/\/portalraizesnoticias.com.br\/coite-motorista-perde-controle-de-veiculo-e-colide-em-residencia-no-bairro-da-jaqueira-idosa-que-costumava-sentar-em-frente-ao-local-nao-teve-o-mesmo-habito-hoje-18\/\">Coit\u00e9: Motorista perde controle de ve\u00edculo e colide em resid\u00eancia no bairro da Jaqueira; idosa que costumava sentar em frente ao local n\u00e3o teve o mesmo h\u00e1bito hoje (18)<\/a><\/p>\n<p><a href=\"https:\/\/portalraizesnoticias.com.br\/homem-fica-ferido-apos-queda-de-moto-na-estrada-dos-bois-em-conceicao-do-coite\/\">Homem fica ferido ap\u00f3s queda de moto na Estrada dos Bois em Concei\u00e7\u00e3o do Coit\u00e9<\/a><\/p>\n<p><strong><em><span style=\"font-size: revert; color: initial;\">Reda\u00e7\u00e3o com Informa\u00e7\u00f5es e fotos \u00c1guia Resgate\u00a0<\/span><\/em><\/strong><\/p>\n","protected":false},"excerpt":{"rendered":"<p>Jonas Barreto dos Santos, 64 anos, ficou ferido ap\u00f3s perder o controle da motocicleta e cair no bairro Alto do S\u00e3o Jo\u00e3o, em Concei\u00e7\u00e3o do Coit\u00e9. A ocorr\u00eancia foi registrada \u00e0s 19h50 desta sexta-feira (18). Segundo informa\u00e7\u00f5es apuradas pelo Portal Ra\u00edzes junto ao coordenador do \u00c1guia Resgate, Gildo Carneiro, o idoso foi encontrado desorientado, apresentando escoria\u00e7\u00f5es pelo corpo e lacera\u00e7\u00f5es na face. PUBLICIDADE A v\u00edtima foi socorrida e conduzida ao setor de emerg\u00eancia do Hospital Portugu\u00eas de Coit\u00e9. Este \u00e9 o quarto acidente registrado durante a noite do feriado no munic\u00edpio. Confira abaixo: Motociclista e passageiro caem de moto ap\u00f3s derrapar em \u00f3leo no bairro dos Barreiros em Concei\u00e7\u00e3o do Coit\u00e9 Coit\u00e9: Motorista perde controle de ve\u00edculo e colide em resid\u00eancia no bairro da Jaqueira; idosa que costumava sentar em frente ao local n\u00e3o teve o mesmo h\u00e1bito hoje (18) Homem fica ferido ap\u00f3s queda de moto na Estrada dos Bois em Concei\u00e7\u00e3o do Coit\u00e9 Reda\u00e7\u00e3o com Informa\u00e7\u00f5es e fotos \u00c1guia Resgate\u00a0<\/p>\n","protected":false},"author":3,"featured_media":5946,"comment_status":"open","ping_status":"open","sticky":false,"template":"","format":"standard","meta":{"_joinchat":[],"footnotes":""},"categories":[58,55,59],"tags":[999,79],"class_list":["post-5945","post","type-post","status-publish","format-standard","has-post-thumbnail","hentry","category-acidentes","category-destaques","category-ultimas-noticias","tag-bairro-alto-do-sao-joao","tag-idoso"],"yoast_head":"<!-- This site is optimized with the Yoast SEO plugin v24.4 - https:\/\/yoast.com\/wordpress\/plugins\/seo\/ -->\n<title>Idoso sofre lacera\u00e7\u00f5es ao perder controle de moto e cair no bairro Alto S\u00e3o Jo\u00e3o em Concei\u00e7\u00e3o do Coit\u00e9 - Portal raizes noticias<\/title>\n<meta name=\"robots\" content=\"index, follow, max-snippet:-1, max-image-preview:large, max-video-preview:-1\" \/>\n<link rel=\"canonical\" href=\"https:\/\/portalraizesnoticias.com.br\/?p=5945\" \/>\n<meta property=\"og:locale\" content=\"pt_BR\" \/>\n<meta property=\"og:type\" content=\"article\" \/>\n<meta property=\"og:title\" content=\"Idoso sofre lacera\u00e7\u00f5es ao perder controle de moto e cair no bairro Alto S\u00e3o Jo\u00e3o em Concei\u00e7\u00e3o do Coit\u00e9 - Portal raizes noticias\" \/>\n<meta property=\"og:description\" content=\"Jonas Barreto dos Santos, 64 anos, ficou ferido ap\u00f3s perder o controle da motocicleta e cair no bairro Alto do S\u00e3o Jo\u00e3o, em Concei\u00e7\u00e3o do Coit\u00e9. A ocorr\u00eancia foi registrada \u00e0s 19h50 desta sexta-feira (18). Segundo informa\u00e7\u00f5es apuradas pelo Portal Ra\u00edzes junto ao coordenador do \u00c1guia Resgate, Gildo Carneiro, o idoso foi encontrado desorientado, apresentando escoria\u00e7\u00f5es pelo corpo e lacera\u00e7\u00f5es na face. PUBLICIDADE A v\u00edtima foi socorrida e conduzida ao setor de emerg\u00eancia do Hospital Portugu\u00eas de Coit\u00e9. Este \u00e9 o quarto acidente registrado durante a noite do feriado no munic\u00edpio. Confira abaixo: Motociclista e passageiro caem de moto ap\u00f3s derrapar em \u00f3leo no bairro dos Barreiros em Concei\u00e7\u00e3o do Coit\u00e9 Coit\u00e9: Motorista perde controle de ve\u00edculo e colide em resid\u00eancia no bairro da Jaqueira; idosa que costumava sentar em frente ao local n\u00e3o teve o mesmo h\u00e1bito hoje (18) Homem fica ferido ap\u00f3s queda de moto na Estrada dos Bois em Concei\u00e7\u00e3o do Coit\u00e9 Reda\u00e7\u00e3o com Informa\u00e7\u00f5es e fotos \u00c1guia Resgate\u00a0\" \/>\n<meta property=\"og:url\" content=\"https:\/\/portalraizesnoticias.com.br\/?p=5945\" \/>\n<meta property=\"og:site_name\" content=\"Portal raizes noticias\" \/>\n<meta property=\"article:published_time\" content=\"2025-04-19T00:06:51+00:00\" \/>\n<meta property=\"article:modified_time\" content=\"2025-04-19T00:15:40+00:00\" \/>\n<meta property=\"og:image\" content=\"https:\/\/portalraizesnoticias.com.br\/wp-content\/uploads\/2025\/04\/20250418210205.jpg\" \/>\n\t<meta property=\"og:image:width\" content=\"1600\" \/>\n\t<meta property=\"og:image:height\" content=\"1200\" \/>\n\t<meta property=\"og:image:type\" content=\"image\/jpeg\" \/>\n<meta name=\"author\" content=\"Portal Raizes\" \/>\n<meta name=\"twitter:card\" content=\"summary_large_image\" \/>\n<meta name=\"twitter:label1\" content=\"Escrito por\" \/>\n\t<meta name=\"twitter:data1\" content=\"Portal Raizes\" \/>\n\t<meta name=\"twitter:label2\" content=\"Est. tempo de leitura\" \/>\n\t<meta name=\"twitter:data2\" content=\"2 minutos\" \/>\n<script type=\"application\/ld+json\" class=\"yoast-schema-graph\">{\"@context\":\"https:\/\/schema.org\",\"@graph\":[{\"@type\":\"Article\",\"@id\":\"https:\/\/portalraizesnoticias.com.br\/?p=5945#article\",\"isPartOf\":{\"@id\":\"https:\/\/portalraizesnoticias.com.br\/?p=5945\"},\"author\":{\"name\":\"Portal Raizes\",\"@id\":\"https:\/\/portalraizesnoticias.com.br\/#\/schema\/person\/a3ca6b0fc701e78df19756c417d943ae\"},\"headline\":\"Idoso sofre lacera\u00e7\u00f5es ao perder controle de moto e cair no bairro Alto S\u00e3o Jo\u00e3o em Concei\u00e7\u00e3o do Coit\u00e9\",\"datePublished\":\"2025-04-19T00:06:51+00:00\",\"dateModified\":\"2025-04-19T00:15:40+00:00\",\"mainEntityOfPage\":{\"@id\":\"https:\/\/portalraizesnoticias.com.br\/?p=5945\"},\"wordCount\":204,\"commentCount\":0,\"publisher\":{\"@id\":\"https:\/\/portalraizesnoticias.com.br\/#organization\"},\"image\":{\"@id\":\"https:\/\/portalraizesnoticias.com.br\/?p=5945#primaryimage\"},\"thumbnailUrl\":\"https:\/\/portalraizesnoticias.com.br\/wp-content\/uploads\/2025\/04\/20250418210205.jpg\",\"keywords\":[\"Bairro alto do sao joao\",\"Idoso\"],\"articleSection\":[\"ACIDENTES\",\"DESTAQUES\",\"ULTIMAS NOTICIAS\"],\"inLanguage\":\"pt-BR\",\"potentialAction\":[{\"@type\":\"CommentAction\",\"name\":\"Comment\",\"target\":[\"https:\/\/portalraizesnoticias.com.br\/?p=5945#respond\"]}]},{\"@type\":\"WebPage\",\"@id\":\"https:\/\/portalraizesnoticias.com.br\/?p=5945\",\"url\":\"https:\/\/portalraizesnoticias.com.br\/?p=5945\",\"name\":\"Idoso sofre lacera\u00e7\u00f5es ao perder controle de moto e cair no bairro Alto S\u00e3o Jo\u00e3o em Concei\u00e7\u00e3o do Coit\u00e9 - Portal raizes noticias\",\"isPartOf\":{\"@id\":\"https:\/\/portalraizesnoticias.com.br\/#website\"},\"primaryImageOfPage\":{\"@id\":\"https:\/\/portalraizesnoticias.com.br\/?p=5945#primaryimage\"},\"image\":{\"@id\":\"https:\/\/portalraizesnoticias.com.br\/?p=5945#primaryimage\"},\"thumbnailUrl\":\"https:\/\/portalraizesnoticias.com.br\/wp-content\/uploads\/2025\/04\/20250418210205.jpg\",\"datePublished\":\"2025-04-19T00:06:51+00:00\",\"dateModified\":\"2025-04-19T00:15:40+00:00\",\"breadcrumb\":{\"@id\":\"https:\/\/portalraizesnoticias.com.br\/?p=5945#breadcrumb\"},\"inLanguage\":\"pt-BR\",\"potentialAction\":[{\"@type\":\"ReadAction\",\"target\":[\"https:\/\/portalraizesnoticias.com.br\/?p=5945\"]}]},{\"@type\":\"ImageObject\",\"inLanguage\":\"pt-BR\",\"@id\":\"https:\/\/portalraizesnoticias.com.br\/?p=5945#primaryimage\",\"url\":\"https:\/\/portalraizesnoticias.com.br\/wp-content\/uploads\/2025\/04\/20250418210205.jpg\",\"contentUrl\":\"https:\/\/portalraizesnoticias.com.br\/wp-content\/uploads\/2025\/04\/20250418210205.jpg\",\"width\":1600,\"height\":1200},{\"@type\":\"BreadcrumbList\",\"@id\":\"https:\/\/portalraizesnoticias.com.br\/?p=5945#breadcrumb\",\"itemListElement\":[{\"@type\":\"ListItem\",\"position\":1,\"name\":\"In\u00edcio\",\"item\":\"https:\/\/portalraizesnoticias.com.br\/\"},{\"@type\":\"ListItem\",\"position\":2,\"name\":\"Idoso sofre lacera\u00e7\u00f5es ao perder controle de moto e cair no bairro Alto S\u00e3o Jo\u00e3o em Concei\u00e7\u00e3o do Coit\u00e9\"}]},{\"@type\":\"WebSite\",\"@id\":\"https:\/\/portalraizesnoticias.com.br\/#website\",\"url\":\"https:\/\/portalraizesnoticias.com.br\/\",\"name\":\"Portal raizes NOTICIAS\",\"description\":\"site de noticias de concei\u00e7\u00e3o do coit\u00e9 e regi\u00e3o\",\"publisher\":{\"@id\":\"https:\/\/portalraizesnoticias.com.br\/#organization\"},\"alternateName\":\"PORTAL RAIZES COIT\u00c9\",\"potentialAction\":[{\"@type\":\"SearchAction\",\"target\":{\"@type\":\"EntryPoint\",\"urlTemplate\":\"https:\/\/portalraizesnoticias.com.br\/?s={search_term_string}\"},\"query-input\":{\"@type\":\"PropertyValueSpecification\",\"valueRequired\":true,\"valueName\":\"search_term_string\"}}],\"inLanguage\":\"pt-BR\"},{\"@type\":\"Organization\",\"@id\":\"https:\/\/portalraizesnoticias.com.br\/#organization\",\"name\":\"Portal raizes NOTICIAS\",\"url\":\"https:\/\/portalraizesnoticias.com.br\/\",\"logo\":{\"@type\":\"ImageObject\",\"inLanguage\":\"pt-BR\",\"@id\":\"https:\/\/portalraizesnoticias.com.br\/#\/schema\/logo\/image\/\",\"url\":\"https:\/\/portalraizesnoticias.com.br\/wp-content\/uploads\/2024\/09\/cropped-Captura-de-tela-2024-09-08-011108.png\",\"contentUrl\":\"https:\/\/portalraizesnoticias.com.br\/wp-content\/uploads\/2024\/09\/cropped-Captura-de-tela-2024-09-08-011108.png\",\"width\":606,\"height\":173,\"caption\":\"Portal raizes NOTICIAS\"},\"image\":{\"@id\":\"https:\/\/portalraizesnoticias.com.br\/#\/schema\/logo\/image\/\"}},{\"@type\":\"Person\",\"@id\":\"https:\/\/portalraizesnoticias.com.br\/#\/schema\/person\/a3ca6b0fc701e78df19756c417d943ae\",\"name\":\"Portal Raizes\",\"image\":{\"@type\":\"ImageObject\",\"inLanguage\":\"pt-BR\",\"@id\":\"https:\/\/portalraizesnoticias.com.br\/#\/schema\/person\/image\/\",\"url\":\"https:\/\/secure.gravatar.com\/avatar\/ef450d29013a3d3fba867a12a249d7b1?s=96&d=mm&r=g\",\"contentUrl\":\"https:\/\/secure.gravatar.com\/avatar\/ef450d29013a3d3fba867a12a249d7b1?s=96&d=mm&r=g\",\"caption\":\"Portal Raizes\"},\"url\":\"https:\/\/portalraizesnoticias.com.br\/?author=3\"}]}<\/script>\n<!-- \/ Yoast SEO plugin. -->","yoast_head_json":{"title":"Idoso sofre lacera\u00e7\u00f5es ao perder controle de moto e cair no bairro Alto S\u00e3o Jo\u00e3o em Concei\u00e7\u00e3o do Coit\u00e9 - Portal raizes noticias","robots":{"index":"index","follow":"follow","max-snippet":"max-snippet:-1","max-image-preview":"max-image-preview:large","max-video-preview":"max-video-preview:-1"},"canonical":"https:\/\/portalraizesnoticias.com.br\/?p=5945","og_locale":"pt_BR","og_type":"article","og_title":"Idoso sofre lacera\u00e7\u00f5es ao perder controle de moto e cair no bairro Alto S\u00e3o Jo\u00e3o em Concei\u00e7\u00e3o do Coit\u00e9 - Portal raizes noticias","og_description":"Jonas Barreto dos Santos, 64 anos, ficou ferido ap\u00f3s perder o controle da motocicleta e cair no bairro Alto do S\u00e3o Jo\u00e3o, em Concei\u00e7\u00e3o do Coit\u00e9. A ocorr\u00eancia foi registrada \u00e0s 19h50 desta sexta-feira (18). Segundo informa\u00e7\u00f5es apuradas pelo Portal Ra\u00edzes junto ao coordenador do \u00c1guia Resgate, Gildo Carneiro, o idoso foi encontrado desorientado, apresentando escoria\u00e7\u00f5es pelo corpo e lacera\u00e7\u00f5es na face. PUBLICIDADE A v\u00edtima foi socorrida e conduzida ao setor de emerg\u00eancia do Hospital Portugu\u00eas de Coit\u00e9. Este \u00e9 o quarto acidente registrado durante a noite do feriado no munic\u00edpio. Confira abaixo: Motociclista e passageiro caem de moto ap\u00f3s derrapar em \u00f3leo no bairro dos Barreiros em Concei\u00e7\u00e3o do Coit\u00e9 Coit\u00e9: Motorista perde controle de ve\u00edculo e colide em resid\u00eancia no bairro da Jaqueira; idosa que costumava sentar em frente ao local n\u00e3o teve o mesmo h\u00e1bito hoje (18) Homem fica ferido ap\u00f3s queda de moto na Estrada dos Bois em Concei\u00e7\u00e3o do Coit\u00e9 Reda\u00e7\u00e3o com Informa\u00e7\u00f5es e fotos \u00c1guia Resgate\u00a0","og_url":"https:\/\/portalraizesnoticias.com.br\/?p=5945","og_site_name":"Portal raizes noticias","article_published_time":"2025-04-19T00:06:51+00:00","article_modified_time":"2025-04-19T00:15:40+00:00","og_image":[{"width":1600,"height":1200,"url":"https:\/\/portalraizesnoticias.com.br\/wp-content\/uploads\/2025\/04\/20250418210205.jpg","type":"image\/jpeg"}],"author":"Portal Raizes","twitter_card":"summary_large_image","twitter_misc":{"Escrito por":"Portal Raizes","Est. tempo de leitura":"2 minutos"},"schema":{"@context":"https:\/\/schema.org","@graph":[{"@type":"Article","@id":"https:\/\/portalraizesnoticias.com.br\/?p=5945#article","isPartOf":{"@id":"https:\/\/portalraizesnoticias.com.br\/?p=5945"},"author":{"name":"Portal Raizes","@id":"https:\/\/portalraizesnoticias.com.br\/#\/schema\/person\/a3ca6b0fc701e78df19756c417d943ae"},"headline":"Idoso sofre lacera\u00e7\u00f5es ao perder controle de moto e cair no bairro Alto S\u00e3o Jo\u00e3o em Concei\u00e7\u00e3o do Coit\u00e9","datePublished":"2025-04-19T00:06:51+00:00","dateModified":"2025-04-19T00:15:40+00:00","mainEntityOfPage":{"@id":"https:\/\/portalraizesnoticias.com.br\/?p=5945"},"wordCount":204,"commentCount":0,"publisher":{"@id":"https:\/\/portalraizesnoticias.com.br\/#organization"},"image":{"@id":"https:\/\/portalraizesnoticias.com.br\/?p=5945#primaryimage"},"thumbnailUrl":"https:\/\/portalraizesnoticias.com.br\/wp-content\/uploads\/2025\/04\/20250418210205.jpg","keywords":["Bairro alto do sao joao","Idoso"],"articleSection":["ACIDENTES","DESTAQUES","ULTIMAS NOTICIAS"],"inLanguage":"pt-BR","potentialAction":[{"@type":"CommentAction","name":"Comment","target":["https:\/\/portalraizesnoticias.com.br\/?p=5945#respond"]}]},{"@type":"WebPage","@id":"https:\/\/portalraizesnoticias.com.br\/?p=5945","url":"https:\/\/portalraizesnoticias.com.br\/?p=5945","name":"Idoso sofre lacera\u00e7\u00f5es ao perder controle de moto e cair no bairro Alto S\u00e3o Jo\u00e3o em Concei\u00e7\u00e3o do Coit\u00e9 - Portal raizes noticias","isPartOf":{"@id":"https:\/\/portalraizesnoticias.com.br\/#website"},"primaryImageOfPage":{"@id":"https:\/\/portalraizesnoticias.com.br\/?p=5945#primaryimage"},"image":{"@id":"https:\/\/portalraizesnoticias.com.br\/?p=5945#primaryimage"},"thumbnailUrl":"https:\/\/portalraizesnoticias.com.br\/wp-content\/uploads\/2025\/04\/20250418210205.jpg","datePublished":"2025-04-19T00:06:51+00:00","dateModified":"2025-04-19T00:15:40+00:00","breadcrumb":{"@id":"https:\/\/portalraizesnoticias.com.br\/?p=5945#breadcrumb"},"inLanguage":"pt-BR","potentialAction":[{"@type":"ReadAction","target":["https:\/\/portalraizesnoticias.com.br\/?p=5945"]}]},{"@type":"ImageObject","inLanguage":"pt-BR","@id":"https:\/\/portalraizesnoticias.com.br\/?p=5945#primaryimage","url":"https:\/\/portalraizesnoticias.com.br\/wp-content\/uploads\/2025\/04\/20250418210205.jpg","contentUrl":"https:\/\/portalraizesnoticias.com.br\/wp-content\/uploads\/2025\/04\/20250418210205.jpg","width":1600,"height":1200},{"@type":"BreadcrumbList","@id":"https:\/\/portalraizesnoticias.com.br\/?p=5945#breadcrumb","itemListElement":[{"@type":"ListItem","position":1,"name":"In\u00edcio","item":"https:\/\/portalraizesnoticias.com.br\/"},{"@type":"ListItem","position":2,"name":"Idoso sofre lacera\u00e7\u00f5es ao perder controle de moto e cair no bairro Alto S\u00e3o Jo\u00e3o em Concei\u00e7\u00e3o do Coit\u00e9"}]},{"@type":"WebSite","@id":"https:\/\/portalraizesnoticias.com.br\/#website","url":"https:\/\/portalraizesnoticias.com.br\/","name":"Portal raizes NOTICIAS","description":"site de noticias de concei\u00e7\u00e3o do coit\u00e9 e regi\u00e3o","publisher":{"@id":"https:\/\/portalraizesnoticias.com.br\/#organization"},"alternateName":"PORTAL RAIZES COIT\u00c9","potentialAction":[{"@type":"SearchAction","target":{"@type":"EntryPoint","urlTemplate":"https:\/\/portalraizesnoticias.com.br\/?s={search_term_string}"},"query-input":{"@type":"PropertyValueSpecification","valueRequired":true,"valueName":"search_term_string"}}],"inLanguage":"pt-BR"},{"@type":"Organization","@id":"https:\/\/portalraizesnoticias.com.br\/#organization","name":"Portal raizes NOTICIAS","url":"https:\/\/portalraizesnoticias.com.br\/","logo":{"@type":"ImageObject","inLanguage":"pt-BR","@id":"https:\/\/portalraizesnoticias.com.br\/#\/schema\/logo\/image\/","url":"https:\/\/portalraizesnoticias.com.br\/wp-content\/uploads\/2024\/09\/cropped-Captura-de-tela-2024-09-08-011108.png","contentUrl":"https:\/\/portalraizesnoticias.com.br\/wp-content\/uploads\/2024\/09\/cropped-Captura-de-tela-2024-09-08-011108.png","width":606,"height":173,"caption":"Portal raizes NOTICIAS"},"image":{"@id":"https:\/\/portalraizesnoticias.com.br\/#\/schema\/logo\/image\/"}},{"@type":"Person","@id":"https:\/\/portalraizesnoticias.com.br\/#\/schema\/person\/a3ca6b0fc701e78df19756c417d943ae","name":"Portal Raizes","image":{"@type":"ImageObject","inLanguage":"pt-BR","@id":"https:\/\/portalraizesnoticias.com.br\/#\/schema\/person\/image\/","url":"https:\/\/secure.gravatar.com\/avatar\/ef450d29013a3d3fba867a12a249d7b1?s=96&d=mm&r=g","contentUrl":"https:\/\/secure.gravatar.com\/avatar\/ef450d29013a3d3fba867a12a249d7b1?s=96&d=mm&r=g","caption":"Portal Raizes"},"url":"https:\/\/portalraizesnoticias.com.br\/?author=3"}]}},"_links":{"self":[{"href":"https:\/\/portalraizesnoticias.com.br\/index.php?rest_route=\/wp\/v2\/posts\/5945"}],"collection":[{"href":"https:\/\/portalraizesnoticias.com.br\/index.php?rest_route=\/wp\/v2\/posts"}],"about":[{"href":"https:\/\/portalraizesnoticias.com.br\/index.php?rest_route=\/wp\/v2\/types\/post"}],"author":[{"embeddable":true,"href":"https:\/\/portalraizesnoticias.com.br\/index.php?rest_route=\/wp\/v2\/users\/3"}],"replies":[{"embeddable":true,"href":"https:\/\/portalraizesnoticias.com.br\/index.php?rest_route=%2Fwp%2Fv2%2Fcomments&post=5945"}],"version-history":[{"count":3,"href":"https:\/\/portalraizesnoticias.com.br\/index.php?rest_route=\/wp\/v2\/posts\/5945\/revisions"}],"predecessor-version":[{"id":5953,"href":"https:\/\/portalraizesnoticias.com.br\/index.php?rest_route=\/wp\/v2\/posts\/5945\/revisions\/5953"}],"wp:featuredmedia":[{"embeddable":true,"href":"https:\/\/portalraizesnoticias.com.br\/index.php?rest_route=\/wp\/v2\/media\/5946"}],"wp:attachment":[{"href":"https:\/\/portalraizesnoticias.com.br\/index.php?rest_route=%2Fwp%2Fv2%2Fmedia&parent=5945"}],"wp:term":[{"taxonomy":"category","embeddable":true,"href":"https:\/\/portalraizesnoticias.com.br\/index.php?rest_route=%2Fwp%2Fv2%2Fcategories&post=5945"},{"taxonomy":"post_tag","embeddable":true,"href":"https:\/\/portalraizesnoticias.com.br\/index.php?rest_route=%2Fwp%2Fv2%2Ftags&post=5945"}],"curies":[{"name":"wp","href":"https:\/\/api.w.org\/{rel}","templated":true}]}}