{"id":5941,"date":"2025-04-18T20:51:55","date_gmt":"2025-04-18T23:51:55","guid":{"rendered":"https:\/\/portalraizesnoticias.com.br\/?p=5941"},"modified":"2025-04-18T21:14:14","modified_gmt":"2025-04-19T00:14:14","slug":"homem-fica-ferido-apos-queda-de-moto-na-estrada-dos-bois-em-conceicao-do-coite","status":"publish","type":"post","link":"https:\/\/portalraizesnoticias.com.br\/?p=5941","title":{"rendered":"Homem fica ferido ap\u00f3s queda de moto na Estrada dos Bois em Concei\u00e7\u00e3o do Coit\u00e9"},"content":{"rendered":"<p>\u00c1s 18h50 desta sexta-feira (18), Marcos Lima, 28 anos, ficou ferido ap\u00f3s perder o controle da motocicleta e cair na Estrada dos Bois, zona rural de Concei\u00e7\u00e3o do Coit\u00e9.<\/p>\n<p><img fetchpriority=\"high\" decoding=\"async\" class=\"size-medium wp-image-5943 aligncenter\" src=\"https:\/\/portalraizesnoticias.com.br\/wp-content\/uploads\/2025\/04\/IMG-20250418-WA0327-300x225.jpg\" alt=\"\" width=\"300\" height=\"225\" srcset=\"https:\/\/portalraizesnoticias.com.br\/wp-content\/uploads\/2025\/04\/IMG-20250418-WA0327-300x225.jpg 300w, https:\/\/portalraizesnoticias.com.br\/wp-content\/uploads\/2025\/04\/IMG-20250418-WA0327-1024x768.jpg 1024w, https:\/\/portalraizesnoticias.com.br\/wp-content\/uploads\/2025\/04\/IMG-20250418-WA0327-768x576.jpg 768w, https:\/\/portalraizesnoticias.com.br\/wp-content\/uploads\/2025\/04\/IMG-20250418-WA0327-1536x1152.jpg 1536w, https:\/\/portalraizesnoticias.com.br\/wp-content\/uploads\/2025\/04\/IMG-20250418-WA0327.jpg 1600w\" sizes=\"(max-width: 300px) 100vw, 300px\" \/><\/p>\n<p>Conforme o coordenador da equipe \u00c1guia Resgate, Gildo Carneiro, a v\u00edtima foi encontrada sentada, orientada, apresentando escoria\u00e7\u00f5es pelo corpo e um hematoma na cabe\u00e7a.<\/p>\n<p><img decoding=\"async\" class=\"size-medium wp-image-5171 aligncenter\" src=\"https:\/\/portalraizesnoticias.com.br\/wp-content\/uploads\/2025\/03\/Imagem-do-WhatsApp-de-2025-03-06-as-10.00.20_0bd207c7-300x295.jpg\" alt=\"\" width=\"300\" height=\"295\" srcset=\"https:\/\/portalraizesnoticias.com.br\/wp-content\/uploads\/2025\/03\/Imagem-do-WhatsApp-de-2025-03-06-as-10.00.20_0bd207c7-300x295.jpg 300w, https:\/\/portalraizesnoticias.com.br\/wp-content\/uploads\/2025\/03\/Imagem-do-WhatsApp-de-2025-03-06-as-10.00.20_0bd207c7.jpg 720w\" sizes=\"(max-width: 300px) 100vw, 300px\" \/><\/p>\n<p style=\"text-align: center;\"><strong>PUBLICIDADE<\/strong><\/p>\n<p>Ele recebeu os primeiros socorros sendo encaminhado \u00e1 emerg\u00eancia do Hospital Portugu\u00eas de Coit\u00e9.<\/p>\n<p>Vale ressaltar que, esse \u00e9 o terceiro acidente registrado nesta sexta (18).<\/p>\n<p><a href=\"https:\/\/portalraizesnoticias.com.br\/motociclista-e-passageiro-caem-de-moto-apos-derrapar-em-oleo-no-bairro-dos-barreiros-em-conceicao-do-coite\/\">Motociclista e passageiro caem de moto ap\u00f3s derrapar em \u00f3leo no bairro dos Barreiros em Concei\u00e7\u00e3o do Coit\u00e9<\/a><\/p>\n<p><a href=\"https:\/\/portalraizesnoticias.com.br\/coite-motorista-perde-controle-de-veiculo-e-colide-em-residencia-no-bairro-da-jaqueira-idosa-que-costumava-sentar-em-frente-ao-local-nao-teve-o-mesmo-habito-hoje-18\/\">Coit\u00e9: Motorista perde controle de ve\u00edculo e colide em resid\u00eancia no bairro da Jaqueira; idosa que costumava sentar em frente ao local n\u00e3o teve o mesmo h\u00e1bito hoje (18)<\/a><\/p>\n<p>Reda\u00e7\u00e3o com informa\u00e7\u00f5es e fotos \u00c1guia Resgare<\/p>\n","protected":false},"excerpt":{"rendered":"<p>\u00c1s 18h50 desta sexta-feira (18), Marcos Lima, 28 anos, ficou ferido ap\u00f3s perder o controle da motocicleta e cair na Estrada dos Bois, zona rural de Concei\u00e7\u00e3o do Coit\u00e9. Conforme o coordenador da equipe \u00c1guia Resgate, Gildo Carneiro, a v\u00edtima foi encontrada sentada, orientada, apresentando escoria\u00e7\u00f5es pelo corpo e um hematoma na cabe\u00e7a. PUBLICIDADE Ele recebeu os primeiros socorros sendo encaminhado \u00e1 emerg\u00eancia do Hospital Portugu\u00eas de Coit\u00e9. Vale ressaltar que, esse \u00e9 o terceiro acidente registrado nesta sexta (18). Motociclista e passageiro caem de moto ap\u00f3s derrapar em \u00f3leo no bairro dos Barreiros em Concei\u00e7\u00e3o do Coit\u00e9 Coit\u00e9: Motorista perde controle de ve\u00edculo e colide em resid\u00eancia no bairro da Jaqueira; idosa que costumava sentar em frente ao local n\u00e3o teve o mesmo h\u00e1bito hoje (18) Reda\u00e7\u00e3o com informa\u00e7\u00f5es e fotos \u00c1guia Resgare<\/p>\n","protected":false},"author":3,"featured_media":5942,"comment_status":"open","ping_status":"open","sticky":false,"template":"","format":"standard","meta":{"_joinchat":[],"footnotes":""},"categories":[58,55,59],"tags":[997,998,142],"class_list":["post-5941","post","type-post","status-publish","format-standard","has-post-thumbnail","hentry","category-acidentes","category-destaques","category-ultimas-noticias","tag-ferido-2","tag-estrada-dos-bois","tag-homem"],"yoast_head":"<!-- This site is optimized with the Yoast SEO plugin v24.4 - https:\/\/yoast.com\/wordpress\/plugins\/seo\/ -->\n<title>Homem fica ferido ap\u00f3s queda de moto na Estrada dos Bois em Concei\u00e7\u00e3o do Coit\u00e9 - Portal raizes noticias<\/title>\n<meta name=\"robots\" content=\"index, follow, max-snippet:-1, max-image-preview:large, max-video-preview:-1\" \/>\n<link rel=\"canonical\" href=\"https:\/\/portalraizesnoticias.com.br\/?p=5941\" \/>\n<meta property=\"og:locale\" content=\"pt_BR\" \/>\n<meta property=\"og:type\" content=\"article\" \/>\n<meta property=\"og:title\" content=\"Homem fica ferido ap\u00f3s queda de moto na Estrada dos Bois em Concei\u00e7\u00e3o do Coit\u00e9 - Portal raizes noticias\" \/>\n<meta property=\"og:description\" content=\"\u00c1s 18h50 desta sexta-feira (18), Marcos Lima, 28 anos, ficou ferido ap\u00f3s perder o controle da motocicleta e cair na Estrada dos Bois, zona rural de Concei\u00e7\u00e3o do Coit\u00e9. Conforme o coordenador da equipe \u00c1guia Resgate, Gildo Carneiro, a v\u00edtima foi encontrada sentada, orientada, apresentando escoria\u00e7\u00f5es pelo corpo e um hematoma na cabe\u00e7a. PUBLICIDADE Ele recebeu os primeiros socorros sendo encaminhado \u00e1 emerg\u00eancia do Hospital Portugu\u00eas de Coit\u00e9. Vale ressaltar que, esse \u00e9 o terceiro acidente registrado nesta sexta (18). Motociclista e passageiro caem de moto ap\u00f3s derrapar em \u00f3leo no bairro dos Barreiros em Concei\u00e7\u00e3o do Coit\u00e9 Coit\u00e9: Motorista perde controle de ve\u00edculo e colide em resid\u00eancia no bairro da Jaqueira; idosa que costumava sentar em frente ao local n\u00e3o teve o mesmo h\u00e1bito hoje (18) Reda\u00e7\u00e3o com informa\u00e7\u00f5es e fotos \u00c1guia Resgare\" \/>\n<meta property=\"og:url\" content=\"https:\/\/portalraizesnoticias.com.br\/?p=5941\" \/>\n<meta property=\"og:site_name\" content=\"Portal raizes noticias\" \/>\n<meta property=\"article:published_time\" content=\"2025-04-18T23:51:55+00:00\" \/>\n<meta property=\"article:modified_time\" content=\"2025-04-19T00:14:14+00:00\" \/>\n<meta property=\"og:image\" content=\"https:\/\/portalraizesnoticias.com.br\/wp-content\/uploads\/2025\/04\/IMG-20250418-WA0329.jpg\" \/>\n\t<meta property=\"og:image:width\" content=\"1200\" \/>\n\t<meta property=\"og:image:height\" content=\"1600\" \/>\n\t<meta property=\"og:image:type\" content=\"image\/jpeg\" \/>\n<meta name=\"author\" content=\"Portal Raizes\" \/>\n<meta name=\"twitter:card\" content=\"summary_large_image\" \/>\n<meta name=\"twitter:label1\" content=\"Escrito por\" \/>\n\t<meta name=\"twitter:data1\" content=\"Portal Raizes\" \/>\n\t<meta name=\"twitter:label2\" content=\"Est. tempo de leitura\" \/>\n\t<meta name=\"twitter:data2\" content=\"2 minutos\" \/>\n<script type=\"application\/ld+json\" class=\"yoast-schema-graph\">{\"@context\":\"https:\/\/schema.org\",\"@graph\":[{\"@type\":\"Article\",\"@id\":\"https:\/\/portalraizesnoticias.com.br\/?p=5941#article\",\"isPartOf\":{\"@id\":\"https:\/\/portalraizesnoticias.com.br\/?p=5941\"},\"author\":{\"name\":\"Portal Raizes\",\"@id\":\"https:\/\/portalraizesnoticias.com.br\/#\/schema\/person\/a3ca6b0fc701e78df19756c417d943ae\"},\"headline\":\"Homem fica ferido ap\u00f3s queda de moto na Estrada dos Bois em Concei\u00e7\u00e3o do Coit\u00e9\",\"datePublished\":\"2025-04-18T23:51:55+00:00\",\"dateModified\":\"2025-04-19T00:14:14+00:00\",\"mainEntityOfPage\":{\"@id\":\"https:\/\/portalraizesnoticias.com.br\/?p=5941\"},\"wordCount\":160,\"commentCount\":0,\"publisher\":{\"@id\":\"https:\/\/portalraizesnoticias.com.br\/#organization\"},\"image\":{\"@id\":\"https:\/\/portalraizesnoticias.com.br\/?p=5941#primaryimage\"},\"thumbnailUrl\":\"https:\/\/portalraizesnoticias.com.br\/wp-content\/uploads\/2025\/04\/IMG-20250418-WA0329.jpg\",\"keywords\":[\".ferido\",\"Estrada dos bois\",\"Homem\"],\"articleSection\":[\"ACIDENTES\",\"DESTAQUES\",\"ULTIMAS NOTICIAS\"],\"inLanguage\":\"pt-BR\",\"potentialAction\":[{\"@type\":\"CommentAction\",\"name\":\"Comment\",\"target\":[\"https:\/\/portalraizesnoticias.com.br\/?p=5941#respond\"]}]},{\"@type\":\"WebPage\",\"@id\":\"https:\/\/portalraizesnoticias.com.br\/?p=5941\",\"url\":\"https:\/\/portalraizesnoticias.com.br\/?p=5941\",\"name\":\"Homem fica ferido ap\u00f3s queda de moto na Estrada dos Bois em Concei\u00e7\u00e3o do Coit\u00e9 - Portal raizes noticias\",\"isPartOf\":{\"@id\":\"https:\/\/portalraizesnoticias.com.br\/#website\"},\"primaryImageOfPage\":{\"@id\":\"https:\/\/portalraizesnoticias.com.br\/?p=5941#primaryimage\"},\"image\":{\"@id\":\"https:\/\/portalraizesnoticias.com.br\/?p=5941#primaryimage\"},\"thumbnailUrl\":\"https:\/\/portalraizesnoticias.com.br\/wp-content\/uploads\/2025\/04\/IMG-20250418-WA0329.jpg\",\"datePublished\":\"2025-04-18T23:51:55+00:00\",\"dateModified\":\"2025-04-19T00:14:14+00:00\",\"breadcrumb\":{\"@id\":\"https:\/\/portalraizesnoticias.com.br\/?p=5941#breadcrumb\"},\"inLanguage\":\"pt-BR\",\"potentialAction\":[{\"@type\":\"ReadAction\",\"target\":[\"https:\/\/portalraizesnoticias.com.br\/?p=5941\"]}]},{\"@type\":\"ImageObject\",\"inLanguage\":\"pt-BR\",\"@id\":\"https:\/\/portalraizesnoticias.com.br\/?p=5941#primaryimage\",\"url\":\"https:\/\/portalraizesnoticias.com.br\/wp-content\/uploads\/2025\/04\/IMG-20250418-WA0329.jpg\",\"contentUrl\":\"https:\/\/portalraizesnoticias.com.br\/wp-content\/uploads\/2025\/04\/IMG-20250418-WA0329.jpg\",\"width\":1200,\"height\":1600},{\"@type\":\"BreadcrumbList\",\"@id\":\"https:\/\/portalraizesnoticias.com.br\/?p=5941#breadcrumb\",\"itemListElement\":[{\"@type\":\"ListItem\",\"position\":1,\"name\":\"In\u00edcio\",\"item\":\"https:\/\/portalraizesnoticias.com.br\/\"},{\"@type\":\"ListItem\",\"position\":2,\"name\":\"Homem fica ferido ap\u00f3s queda de moto na Estrada dos Bois em Concei\u00e7\u00e3o do Coit\u00e9\"}]},{\"@type\":\"WebSite\",\"@id\":\"https:\/\/portalraizesnoticias.com.br\/#website\",\"url\":\"https:\/\/portalraizesnoticias.com.br\/\",\"name\":\"Portal raizes NOTICIAS\",\"description\":\"site de noticias de concei\u00e7\u00e3o do coit\u00e9 e regi\u00e3o\",\"publisher\":{\"@id\":\"https:\/\/portalraizesnoticias.com.br\/#organization\"},\"alternateName\":\"PORTAL RAIZES COIT\u00c9\",\"potentialAction\":[{\"@type\":\"SearchAction\",\"target\":{\"@type\":\"EntryPoint\",\"urlTemplate\":\"https:\/\/portalraizesnoticias.com.br\/?s={search_term_string}\"},\"query-input\":{\"@type\":\"PropertyValueSpecification\",\"valueRequired\":true,\"valueName\":\"search_term_string\"}}],\"inLanguage\":\"pt-BR\"},{\"@type\":\"Organization\",\"@id\":\"https:\/\/portalraizesnoticias.com.br\/#organization\",\"name\":\"Portal raizes NOTICIAS\",\"url\":\"https:\/\/portalraizesnoticias.com.br\/\",\"logo\":{\"@type\":\"ImageObject\",\"inLanguage\":\"pt-BR\",\"@id\":\"https:\/\/portalraizesnoticias.com.br\/#\/schema\/logo\/image\/\",\"url\":\"https:\/\/portalraizesnoticias.com.br\/wp-content\/uploads\/2024\/09\/cropped-Captura-de-tela-2024-09-08-011108.png\",\"contentUrl\":\"https:\/\/portalraizesnoticias.com.br\/wp-content\/uploads\/2024\/09\/cropped-Captura-de-tela-2024-09-08-011108.png\",\"width\":606,\"height\":173,\"caption\":\"Portal raizes NOTICIAS\"},\"image\":{\"@id\":\"https:\/\/portalraizesnoticias.com.br\/#\/schema\/logo\/image\/\"}},{\"@type\":\"Person\",\"@id\":\"https:\/\/portalraizesnoticias.com.br\/#\/schema\/person\/a3ca6b0fc701e78df19756c417d943ae\",\"name\":\"Portal Raizes\",\"image\":{\"@type\":\"ImageObject\",\"inLanguage\":\"pt-BR\",\"@id\":\"https:\/\/portalraizesnoticias.com.br\/#\/schema\/person\/image\/\",\"url\":\"https:\/\/secure.gravatar.com\/avatar\/ef450d29013a3d3fba867a12a249d7b1?s=96&d=mm&r=g\",\"contentUrl\":\"https:\/\/secure.gravatar.com\/avatar\/ef450d29013a3d3fba867a12a249d7b1?s=96&d=mm&r=g\",\"caption\":\"Portal Raizes\"},\"url\":\"https:\/\/portalraizesnoticias.com.br\/?author=3\"}]}<\/script>\n<!-- \/ Yoast SEO plugin. -->","yoast_head_json":{"title":"Homem fica ferido ap\u00f3s queda de moto na Estrada dos Bois em Concei\u00e7\u00e3o do Coit\u00e9 - Portal raizes noticias","robots":{"index":"index","follow":"follow","max-snippet":"max-snippet:-1","max-image-preview":"max-image-preview:large","max-video-preview":"max-video-preview:-1"},"canonical":"https:\/\/portalraizesnoticias.com.br\/?p=5941","og_locale":"pt_BR","og_type":"article","og_title":"Homem fica ferido ap\u00f3s queda de moto na Estrada dos Bois em Concei\u00e7\u00e3o do Coit\u00e9 - Portal raizes noticias","og_description":"\u00c1s 18h50 desta sexta-feira (18), Marcos Lima, 28 anos, ficou ferido ap\u00f3s perder o controle da motocicleta e cair na Estrada dos Bois, zona rural de Concei\u00e7\u00e3o do Coit\u00e9. Conforme o coordenador da equipe \u00c1guia Resgate, Gildo Carneiro, a v\u00edtima foi encontrada sentada, orientada, apresentando escoria\u00e7\u00f5es pelo corpo e um hematoma na cabe\u00e7a. PUBLICIDADE Ele recebeu os primeiros socorros sendo encaminhado \u00e1 emerg\u00eancia do Hospital Portugu\u00eas de Coit\u00e9. Vale ressaltar que, esse \u00e9 o terceiro acidente registrado nesta sexta (18). Motociclista e passageiro caem de moto ap\u00f3s derrapar em \u00f3leo no bairro dos Barreiros em Concei\u00e7\u00e3o do Coit\u00e9 Coit\u00e9: Motorista perde controle de ve\u00edculo e colide em resid\u00eancia no bairro da Jaqueira; idosa que costumava sentar em frente ao local n\u00e3o teve o mesmo h\u00e1bito hoje (18) Reda\u00e7\u00e3o com informa\u00e7\u00f5es e fotos \u00c1guia Resgare","og_url":"https:\/\/portalraizesnoticias.com.br\/?p=5941","og_site_name":"Portal raizes noticias","article_published_time":"2025-04-18T23:51:55+00:00","article_modified_time":"2025-04-19T00:14:14+00:00","og_image":[{"width":1200,"height":1600,"url":"https:\/\/portalraizesnoticias.com.br\/wp-content\/uploads\/2025\/04\/IMG-20250418-WA0329.jpg","type":"image\/jpeg"}],"author":"Portal Raizes","twitter_card":"summary_large_image","twitter_misc":{"Escrito por":"Portal Raizes","Est. tempo de leitura":"2 minutos"},"schema":{"@context":"https:\/\/schema.org","@graph":[{"@type":"Article","@id":"https:\/\/portalraizesnoticias.com.br\/?p=5941#article","isPartOf":{"@id":"https:\/\/portalraizesnoticias.com.br\/?p=5941"},"author":{"name":"Portal Raizes","@id":"https:\/\/portalraizesnoticias.com.br\/#\/schema\/person\/a3ca6b0fc701e78df19756c417d943ae"},"headline":"Homem fica ferido ap\u00f3s queda de moto na Estrada dos Bois em Concei\u00e7\u00e3o do Coit\u00e9","datePublished":"2025-04-18T23:51:55+00:00","dateModified":"2025-04-19T00:14:14+00:00","mainEntityOfPage":{"@id":"https:\/\/portalraizesnoticias.com.br\/?p=5941"},"wordCount":160,"commentCount":0,"publisher":{"@id":"https:\/\/portalraizesnoticias.com.br\/#organization"},"image":{"@id":"https:\/\/portalraizesnoticias.com.br\/?p=5941#primaryimage"},"thumbnailUrl":"https:\/\/portalraizesnoticias.com.br\/wp-content\/uploads\/2025\/04\/IMG-20250418-WA0329.jpg","keywords":[".ferido","Estrada dos bois","Homem"],"articleSection":["ACIDENTES","DESTAQUES","ULTIMAS NOTICIAS"],"inLanguage":"pt-BR","potentialAction":[{"@type":"CommentAction","name":"Comment","target":["https:\/\/portalraizesnoticias.com.br\/?p=5941#respond"]}]},{"@type":"WebPage","@id":"https:\/\/portalraizesnoticias.com.br\/?p=5941","url":"https:\/\/portalraizesnoticias.com.br\/?p=5941","name":"Homem fica ferido ap\u00f3s queda de moto na Estrada dos Bois em Concei\u00e7\u00e3o do Coit\u00e9 - Portal raizes noticias","isPartOf":{"@id":"https:\/\/portalraizesnoticias.com.br\/#website"},"primaryImageOfPage":{"@id":"https:\/\/portalraizesnoticias.com.br\/?p=5941#primaryimage"},"image":{"@id":"https:\/\/portalraizesnoticias.com.br\/?p=5941#primaryimage"},"thumbnailUrl":"https:\/\/portalraizesnoticias.com.br\/wp-content\/uploads\/2025\/04\/IMG-20250418-WA0329.jpg","datePublished":"2025-04-18T23:51:55+00:00","dateModified":"2025-04-19T00:14:14+00:00","breadcrumb":{"@id":"https:\/\/portalraizesnoticias.com.br\/?p=5941#breadcrumb"},"inLanguage":"pt-BR","potentialAction":[{"@type":"ReadAction","target":["https:\/\/portalraizesnoticias.com.br\/?p=5941"]}]},{"@type":"ImageObject","inLanguage":"pt-BR","@id":"https:\/\/portalraizesnoticias.com.br\/?p=5941#primaryimage","url":"https:\/\/portalraizesnoticias.com.br\/wp-content\/uploads\/2025\/04\/IMG-20250418-WA0329.jpg","contentUrl":"https:\/\/portalraizesnoticias.com.br\/wp-content\/uploads\/2025\/04\/IMG-20250418-WA0329.jpg","width":1200,"height":1600},{"@type":"BreadcrumbList","@id":"https:\/\/portalraizesnoticias.com.br\/?p=5941#breadcrumb","itemListElement":[{"@type":"ListItem","position":1,"name":"In\u00edcio","item":"https:\/\/portalraizesnoticias.com.br\/"},{"@type":"ListItem","position":2,"name":"Homem fica ferido ap\u00f3s queda de moto na Estrada dos Bois em Concei\u00e7\u00e3o do Coit\u00e9"}]},{"@type":"WebSite","@id":"https:\/\/portalraizesnoticias.com.br\/#website","url":"https:\/\/portalraizesnoticias.com.br\/","name":"Portal raizes NOTICIAS","description":"site de noticias de concei\u00e7\u00e3o do coit\u00e9 e regi\u00e3o","publisher":{"@id":"https:\/\/portalraizesnoticias.com.br\/#organization"},"alternateName":"PORTAL RAIZES COIT\u00c9","potentialAction":[{"@type":"SearchAction","target":{"@type":"EntryPoint","urlTemplate":"https:\/\/portalraizesnoticias.com.br\/?s={search_term_string}"},"query-input":{"@type":"PropertyValueSpecification","valueRequired":true,"valueName":"search_term_string"}}],"inLanguage":"pt-BR"},{"@type":"Organization","@id":"https:\/\/portalraizesnoticias.com.br\/#organization","name":"Portal raizes NOTICIAS","url":"https:\/\/portalraizesnoticias.com.br\/","logo":{"@type":"ImageObject","inLanguage":"pt-BR","@id":"https:\/\/portalraizesnoticias.com.br\/#\/schema\/logo\/image\/","url":"https:\/\/portalraizesnoticias.com.br\/wp-content\/uploads\/2024\/09\/cropped-Captura-de-tela-2024-09-08-011108.png","contentUrl":"https:\/\/portalraizesnoticias.com.br\/wp-content\/uploads\/2024\/09\/cropped-Captura-de-tela-2024-09-08-011108.png","width":606,"height":173,"caption":"Portal raizes NOTICIAS"},"image":{"@id":"https:\/\/portalraizesnoticias.com.br\/#\/schema\/logo\/image\/"}},{"@type":"Person","@id":"https:\/\/portalraizesnoticias.com.br\/#\/schema\/person\/a3ca6b0fc701e78df19756c417d943ae","name":"Portal Raizes","image":{"@type":"ImageObject","inLanguage":"pt-BR","@id":"https:\/\/portalraizesnoticias.com.br\/#\/schema\/person\/image\/","url":"https:\/\/secure.gravatar.com\/avatar\/ef450d29013a3d3fba867a12a249d7b1?s=96&d=mm&r=g","contentUrl":"https:\/\/secure.gravatar.com\/avatar\/ef450d29013a3d3fba867a12a249d7b1?s=96&d=mm&r=g","caption":"Portal Raizes"},"url":"https:\/\/portalraizesnoticias.com.br\/?author=3"}]}},"_links":{"self":[{"href":"https:\/\/portalraizesnoticias.com.br\/index.php?rest_route=\/wp\/v2\/posts\/5941"}],"collection":[{"href":"https:\/\/portalraizesnoticias.com.br\/index.php?rest_route=\/wp\/v2\/posts"}],"about":[{"href":"https:\/\/portalraizesnoticias.com.br\/index.php?rest_route=\/wp\/v2\/types\/post"}],"author":[{"embeddable":true,"href":"https:\/\/portalraizesnoticias.com.br\/index.php?rest_route=\/wp\/v2\/users\/3"}],"replies":[{"embeddable":true,"href":"https:\/\/portalraizesnoticias.com.br\/index.php?rest_route=%2Fwp%2Fv2%2Fcomments&post=5941"}],"version-history":[{"count":2,"href":"https:\/\/portalraizesnoticias.com.br\/index.php?rest_route=\/wp\/v2\/posts\/5941\/revisions"}],"predecessor-version":[{"id":5952,"href":"https:\/\/portalraizesnoticias.com.br\/index.php?rest_route=\/wp\/v2\/posts\/5941\/revisions\/5952"}],"wp:featuredmedia":[{"embeddable":true,"href":"https:\/\/portalraizesnoticias.com.br\/index.php?rest_route=\/wp\/v2\/media\/5942"}],"wp:attachment":[{"href":"https:\/\/portalraizesnoticias.com.br\/index.php?rest_route=%2Fwp%2Fv2%2Fmedia&parent=5941"}],"wp:term":[{"taxonomy":"category","embeddable":true,"href":"https:\/\/portalraizesnoticias.com.br\/index.php?rest_route=%2Fwp%2Fv2%2Fcategories&post=5941"},{"taxonomy":"post_tag","embeddable":true,"href":"https:\/\/portalraizesnoticias.com.br\/index.php?rest_route=%2Fwp%2Fv2%2Ftags&post=5941"}],"curies":[{"name":"wp","href":"https:\/\/api.w.org\/{rel}","templated":true}]}}