{"id":5905,"date":"2025-04-16T19:50:58","date_gmt":"2025-04-16T22:50:58","guid":{"rendered":"https:\/\/portalraizesnoticias.com.br\/?p=5905"},"modified":"2025-04-16T19:51:42","modified_gmt":"2025-04-16T22:51:42","slug":"coite-homem-sofre-fratura-exposta-e-outro-fica-ferido-apos-colisao-entre-moto-e-carro-em-localidade-proximo-ao-distrito-de-salgadalia","status":"publish","type":"post","link":"https:\/\/portalraizesnoticias.com.br\/?p=5905","title":{"rendered":"Coit\u00e9: Homem sofre fratura exposta e outro fica ferido ap\u00f3s colis\u00e3o entre moto e carro em localidade pr\u00f3ximo ao distrito de Salgad\u00e1lia"},"content":{"rendered":"<p>Duas pessoas ficaram feridas ap\u00f3s uma colis\u00e3o entre uma moto e um carro na localidade de Fortaleza, cerca de 6 km do distrito de Salgad\u00e1lia em Concei\u00e7\u00e3o do Coit\u00e9, Bahia. A ocorr\u00eancia foi registrada na tarde desta quarta-feira (16) \u00e0s 17h30.<\/p>\n<p><img fetchpriority=\"high\" decoding=\"async\" class=\"size-medium wp-image-5906 aligncenter\" src=\"https:\/\/portalraizesnoticias.com.br\/wp-content\/uploads\/2025\/04\/IMG-20250416-WA0435-300x260.jpg\" alt=\"\" width=\"300\" height=\"260\" srcset=\"https:\/\/portalraizesnoticias.com.br\/wp-content\/uploads\/2025\/04\/IMG-20250416-WA0435-300x260.jpg 300w, https:\/\/portalraizesnoticias.com.br\/wp-content\/uploads\/2025\/04\/IMG-20250416-WA0435.jpg 717w\" sizes=\"(max-width: 300px) 100vw, 300px\" \/><\/p>\n<p>Segundo informa\u00e7\u00f5es do socorrista da nova base do \u00c1guia Resgate em Salgad\u00e1lia, Jo\u00e3o Henrique, uma das v\u00edtimas sofreu fratura exposta na perna e escoria\u00e7\u00f5es pelo corpo.<\/p>\n<p>J\u00e1 o outro indiv\u00edduo sofreu ferimentos leves.<\/p>\n<p><img decoding=\"async\" class=\"size-medium wp-image-5657 aligncenter\" src=\"https:\/\/portalraizesnoticias.com.br\/wp-content\/uploads\/2025\/04\/IMG-20250408-WA0451-300x173.jpg\" alt=\"\" width=\"300\" height=\"173\" srcset=\"https:\/\/portalraizesnoticias.com.br\/wp-content\/uploads\/2025\/04\/IMG-20250408-WA0451-300x173.jpg 300w, https:\/\/portalraizesnoticias.com.br\/wp-content\/uploads\/2025\/04\/IMG-20250408-WA0451-1024x592.jpg 1024w, https:\/\/portalraizesnoticias.com.br\/wp-content\/uploads\/2025\/04\/IMG-20250408-WA0451-768x444.jpg 768w, https:\/\/portalraizesnoticias.com.br\/wp-content\/uploads\/2025\/04\/IMG-20250408-WA0451.jpg 1280w\" sizes=\"(max-width: 300px) 100vw, 300px\" \/><\/p>\n<p style=\"text-align: center;\"><strong>PUBLICIDADE<\/strong><\/p>\n<p>Os rapazes receberam os primeiros socorros no local, sendo encaminhadas por uma ambul\u00e2ncia do munic\u00edpio \u00e0 emerg\u00eancia do Hospital Portugu\u00eas de Coit\u00e9.<\/p>\n<p>N\u00e3o h\u00e1 informa\u00e7\u00f5es sobre o condutor do carro.<\/p>\n<p>Reda\u00e7\u00e3o Portal Ra\u00edzes<\/p>\n<p>Informa\u00e7\u00f5es e fotos: \u00c1guia Resgate<\/p>\n","protected":false},"excerpt":{"rendered":"<p>Duas pessoas ficaram feridas ap\u00f3s uma colis\u00e3o entre uma moto e um carro na localidade de Fortaleza, cerca de 6 km do distrito de Salgad\u00e1lia em Concei\u00e7\u00e3o do Coit\u00e9, Bahia. A ocorr\u00eancia foi registrada na tarde desta quarta-feira (16) \u00e0s 17h30. Segundo informa\u00e7\u00f5es do socorrista da nova base do \u00c1guia Resgate em Salgad\u00e1lia, Jo\u00e3o Henrique, uma das v\u00edtimas sofreu fratura exposta na perna e escoria\u00e7\u00f5es pelo corpo. J\u00e1 o outro indiv\u00edduo sofreu ferimentos leves. PUBLICIDADE Os rapazes receberam os primeiros socorros no local, sendo encaminhadas por uma ambul\u00e2ncia do munic\u00edpio \u00e0 emerg\u00eancia do Hospital Portugu\u00eas de Coit\u00e9. N\u00e3o h\u00e1 informa\u00e7\u00f5es sobre o condutor do carro. Reda\u00e7\u00e3o Portal Ra\u00edzes Informa\u00e7\u00f5es e fotos: \u00c1guia Resgate<\/p>\n","protected":false},"author":3,"featured_media":5908,"comment_status":"open","ping_status":"open","sticky":false,"template":"","format":"standard","meta":{"_joinchat":[],"footnotes":""},"categories":[1],"tags":[],"class_list":["post-5905","post","type-post","status-publish","format-standard","has-post-thumbnail","hentry","category-esportes-esportes"],"yoast_head":"<!-- This site is optimized with the Yoast SEO plugin v24.4 - https:\/\/yoast.com\/wordpress\/plugins\/seo\/ -->\n<title>Coit\u00e9: Homem sofre fratura exposta e outro fica ferido ap\u00f3s colis\u00e3o entre moto e carro em localidade pr\u00f3ximo ao distrito de Salgad\u00e1lia - Portal raizes noticias<\/title>\n<meta name=\"robots\" content=\"index, follow, max-snippet:-1, max-image-preview:large, max-video-preview:-1\" \/>\n<link rel=\"canonical\" href=\"https:\/\/portalraizesnoticias.com.br\/?p=5905\" \/>\n<meta property=\"og:locale\" content=\"pt_BR\" \/>\n<meta property=\"og:type\" content=\"article\" \/>\n<meta property=\"og:title\" content=\"Coit\u00e9: Homem sofre fratura exposta e outro fica ferido ap\u00f3s colis\u00e3o entre moto e carro em localidade pr\u00f3ximo ao distrito de Salgad\u00e1lia - Portal raizes noticias\" \/>\n<meta property=\"og:description\" content=\"Duas pessoas ficaram feridas ap\u00f3s uma colis\u00e3o entre uma moto e um carro na localidade de Fortaleza, cerca de 6 km do distrito de Salgad\u00e1lia em Concei\u00e7\u00e3o do Coit\u00e9, Bahia. A ocorr\u00eancia foi registrada na tarde desta quarta-feira (16) \u00e0s 17h30. Segundo informa\u00e7\u00f5es do socorrista da nova base do \u00c1guia Resgate em Salgad\u00e1lia, Jo\u00e3o Henrique, uma das v\u00edtimas sofreu fratura exposta na perna e escoria\u00e7\u00f5es pelo corpo. J\u00e1 o outro indiv\u00edduo sofreu ferimentos leves. PUBLICIDADE Os rapazes receberam os primeiros socorros no local, sendo encaminhadas por uma ambul\u00e2ncia do munic\u00edpio \u00e0 emerg\u00eancia do Hospital Portugu\u00eas de Coit\u00e9. N\u00e3o h\u00e1 informa\u00e7\u00f5es sobre o condutor do carro. Reda\u00e7\u00e3o Portal Ra\u00edzes Informa\u00e7\u00f5es e fotos: \u00c1guia Resgate\" \/>\n<meta property=\"og:url\" content=\"https:\/\/portalraizesnoticias.com.br\/?p=5905\" \/>\n<meta property=\"og:site_name\" content=\"Portal raizes noticias\" \/>\n<meta property=\"article:published_time\" content=\"2025-04-16T22:50:58+00:00\" \/>\n<meta property=\"article:modified_time\" content=\"2025-04-16T22:51:42+00:00\" \/>\n<meta property=\"og:image\" content=\"https:\/\/portalraizesnoticias.com.br\/wp-content\/uploads\/2025\/04\/IMG-20250416-WA0429.jpg\" \/>\n\t<meta property=\"og:image:width\" content=\"1080\" \/>\n\t<meta property=\"og:image:height\" content=\"1248\" \/>\n\t<meta property=\"og:image:type\" content=\"image\/jpeg\" \/>\n<meta name=\"author\" content=\"Portal Raizes\" \/>\n<meta name=\"twitter:card\" content=\"summary_large_image\" \/>\n<meta name=\"twitter:label1\" content=\"Escrito por\" \/>\n\t<meta name=\"twitter:data1\" content=\"Portal Raizes\" \/>\n\t<meta name=\"twitter:label2\" content=\"Est. tempo de leitura\" \/>\n\t<meta name=\"twitter:data2\" content=\"2 minutos\" \/>\n<script type=\"application\/ld+json\" class=\"yoast-schema-graph\">{\"@context\":\"https:\/\/schema.org\",\"@graph\":[{\"@type\":\"Article\",\"@id\":\"https:\/\/portalraizesnoticias.com.br\/?p=5905#article\",\"isPartOf\":{\"@id\":\"https:\/\/portalraizesnoticias.com.br\/?p=5905\"},\"author\":{\"name\":\"Portal Raizes\",\"@id\":\"https:\/\/portalraizesnoticias.com.br\/#\/schema\/person\/a3ca6b0fc701e78df19756c417d943ae\"},\"headline\":\"Coit\u00e9: Homem sofre fratura exposta e outro fica ferido ap\u00f3s colis\u00e3o entre moto e carro em localidade pr\u00f3ximo ao distrito de Salgad\u00e1lia\",\"datePublished\":\"2025-04-16T22:50:58+00:00\",\"dateModified\":\"2025-04-16T22:51:42+00:00\",\"mainEntityOfPage\":{\"@id\":\"https:\/\/portalraizesnoticias.com.br\/?p=5905\"},\"wordCount\":156,\"commentCount\":0,\"publisher\":{\"@id\":\"https:\/\/portalraizesnoticias.com.br\/#organization\"},\"image\":{\"@id\":\"https:\/\/portalraizesnoticias.com.br\/?p=5905#primaryimage\"},\"thumbnailUrl\":\"https:\/\/portalraizesnoticias.com.br\/wp-content\/uploads\/2025\/04\/IMG-20250416-WA0429.jpg\",\"articleSection\":[\"ESPORTES\"],\"inLanguage\":\"pt-BR\",\"potentialAction\":[{\"@type\":\"CommentAction\",\"name\":\"Comment\",\"target\":[\"https:\/\/portalraizesnoticias.com.br\/?p=5905#respond\"]}]},{\"@type\":\"WebPage\",\"@id\":\"https:\/\/portalraizesnoticias.com.br\/?p=5905\",\"url\":\"https:\/\/portalraizesnoticias.com.br\/?p=5905\",\"name\":\"Coit\u00e9: Homem sofre fratura exposta e outro fica ferido ap\u00f3s colis\u00e3o entre moto e carro em localidade pr\u00f3ximo ao distrito de Salgad\u00e1lia - Portal raizes noticias\",\"isPartOf\":{\"@id\":\"https:\/\/portalraizesnoticias.com.br\/#website\"},\"primaryImageOfPage\":{\"@id\":\"https:\/\/portalraizesnoticias.com.br\/?p=5905#primaryimage\"},\"image\":{\"@id\":\"https:\/\/portalraizesnoticias.com.br\/?p=5905#primaryimage\"},\"thumbnailUrl\":\"https:\/\/portalraizesnoticias.com.br\/wp-content\/uploads\/2025\/04\/IMG-20250416-WA0429.jpg\",\"datePublished\":\"2025-04-16T22:50:58+00:00\",\"dateModified\":\"2025-04-16T22:51:42+00:00\",\"breadcrumb\":{\"@id\":\"https:\/\/portalraizesnoticias.com.br\/?p=5905#breadcrumb\"},\"inLanguage\":\"pt-BR\",\"potentialAction\":[{\"@type\":\"ReadAction\",\"target\":[\"https:\/\/portalraizesnoticias.com.br\/?p=5905\"]}]},{\"@type\":\"ImageObject\",\"inLanguage\":\"pt-BR\",\"@id\":\"https:\/\/portalraizesnoticias.com.br\/?p=5905#primaryimage\",\"url\":\"https:\/\/portalraizesnoticias.com.br\/wp-content\/uploads\/2025\/04\/IMG-20250416-WA0429.jpg\",\"contentUrl\":\"https:\/\/portalraizesnoticias.com.br\/wp-content\/uploads\/2025\/04\/IMG-20250416-WA0429.jpg\",\"width\":1080,\"height\":1248},{\"@type\":\"BreadcrumbList\",\"@id\":\"https:\/\/portalraizesnoticias.com.br\/?p=5905#breadcrumb\",\"itemListElement\":[{\"@type\":\"ListItem\",\"position\":1,\"name\":\"In\u00edcio\",\"item\":\"https:\/\/portalraizesnoticias.com.br\/\"},{\"@type\":\"ListItem\",\"position\":2,\"name\":\"Coit\u00e9: Homem sofre fratura exposta e outro fica ferido ap\u00f3s colis\u00e3o entre moto e carro em localidade pr\u00f3ximo ao distrito de Salgad\u00e1lia\"}]},{\"@type\":\"WebSite\",\"@id\":\"https:\/\/portalraizesnoticias.com.br\/#website\",\"url\":\"https:\/\/portalraizesnoticias.com.br\/\",\"name\":\"Portal raizes NOTICIAS\",\"description\":\"site de noticias de concei\u00e7\u00e3o do coit\u00e9 e regi\u00e3o\",\"publisher\":{\"@id\":\"https:\/\/portalraizesnoticias.com.br\/#organization\"},\"alternateName\":\"PORTAL RAIZES COIT\u00c9\",\"potentialAction\":[{\"@type\":\"SearchAction\",\"target\":{\"@type\":\"EntryPoint\",\"urlTemplate\":\"https:\/\/portalraizesnoticias.com.br\/?s={search_term_string}\"},\"query-input\":{\"@type\":\"PropertyValueSpecification\",\"valueRequired\":true,\"valueName\":\"search_term_string\"}}],\"inLanguage\":\"pt-BR\"},{\"@type\":\"Organization\",\"@id\":\"https:\/\/portalraizesnoticias.com.br\/#organization\",\"name\":\"Portal raizes NOTICIAS\",\"url\":\"https:\/\/portalraizesnoticias.com.br\/\",\"logo\":{\"@type\":\"ImageObject\",\"inLanguage\":\"pt-BR\",\"@id\":\"https:\/\/portalraizesnoticias.com.br\/#\/schema\/logo\/image\/\",\"url\":\"https:\/\/portalraizesnoticias.com.br\/wp-content\/uploads\/2024\/09\/cropped-Captura-de-tela-2024-09-08-011108.png\",\"contentUrl\":\"https:\/\/portalraizesnoticias.com.br\/wp-content\/uploads\/2024\/09\/cropped-Captura-de-tela-2024-09-08-011108.png\",\"width\":606,\"height\":173,\"caption\":\"Portal raizes NOTICIAS\"},\"image\":{\"@id\":\"https:\/\/portalraizesnoticias.com.br\/#\/schema\/logo\/image\/\"}},{\"@type\":\"Person\",\"@id\":\"https:\/\/portalraizesnoticias.com.br\/#\/schema\/person\/a3ca6b0fc701e78df19756c417d943ae\",\"name\":\"Portal Raizes\",\"image\":{\"@type\":\"ImageObject\",\"inLanguage\":\"pt-BR\",\"@id\":\"https:\/\/portalraizesnoticias.com.br\/#\/schema\/person\/image\/\",\"url\":\"https:\/\/secure.gravatar.com\/avatar\/ef450d29013a3d3fba867a12a249d7b1?s=96&d=mm&r=g\",\"contentUrl\":\"https:\/\/secure.gravatar.com\/avatar\/ef450d29013a3d3fba867a12a249d7b1?s=96&d=mm&r=g\",\"caption\":\"Portal Raizes\"},\"url\":\"https:\/\/portalraizesnoticias.com.br\/?author=3\"}]}<\/script>\n<!-- \/ Yoast SEO plugin. -->","yoast_head_json":{"title":"Coit\u00e9: Homem sofre fratura exposta e outro fica ferido ap\u00f3s colis\u00e3o entre moto e carro em localidade pr\u00f3ximo ao distrito de Salgad\u00e1lia - Portal raizes noticias","robots":{"index":"index","follow":"follow","max-snippet":"max-snippet:-1","max-image-preview":"max-image-preview:large","max-video-preview":"max-video-preview:-1"},"canonical":"https:\/\/portalraizesnoticias.com.br\/?p=5905","og_locale":"pt_BR","og_type":"article","og_title":"Coit\u00e9: Homem sofre fratura exposta e outro fica ferido ap\u00f3s colis\u00e3o entre moto e carro em localidade pr\u00f3ximo ao distrito de Salgad\u00e1lia - Portal raizes noticias","og_description":"Duas pessoas ficaram feridas ap\u00f3s uma colis\u00e3o entre uma moto e um carro na localidade de Fortaleza, cerca de 6 km do distrito de Salgad\u00e1lia em Concei\u00e7\u00e3o do Coit\u00e9, Bahia. A ocorr\u00eancia foi registrada na tarde desta quarta-feira (16) \u00e0s 17h30. Segundo informa\u00e7\u00f5es do socorrista da nova base do \u00c1guia Resgate em Salgad\u00e1lia, Jo\u00e3o Henrique, uma das v\u00edtimas sofreu fratura exposta na perna e escoria\u00e7\u00f5es pelo corpo. J\u00e1 o outro indiv\u00edduo sofreu ferimentos leves. PUBLICIDADE Os rapazes receberam os primeiros socorros no local, sendo encaminhadas por uma ambul\u00e2ncia do munic\u00edpio \u00e0 emerg\u00eancia do Hospital Portugu\u00eas de Coit\u00e9. N\u00e3o h\u00e1 informa\u00e7\u00f5es sobre o condutor do carro. Reda\u00e7\u00e3o Portal Ra\u00edzes Informa\u00e7\u00f5es e fotos: \u00c1guia Resgate","og_url":"https:\/\/portalraizesnoticias.com.br\/?p=5905","og_site_name":"Portal raizes noticias","article_published_time":"2025-04-16T22:50:58+00:00","article_modified_time":"2025-04-16T22:51:42+00:00","og_image":[{"width":1080,"height":1248,"url":"https:\/\/portalraizesnoticias.com.br\/wp-content\/uploads\/2025\/04\/IMG-20250416-WA0429.jpg","type":"image\/jpeg"}],"author":"Portal Raizes","twitter_card":"summary_large_image","twitter_misc":{"Escrito por":"Portal Raizes","Est. tempo de leitura":"2 minutos"},"schema":{"@context":"https:\/\/schema.org","@graph":[{"@type":"Article","@id":"https:\/\/portalraizesnoticias.com.br\/?p=5905#article","isPartOf":{"@id":"https:\/\/portalraizesnoticias.com.br\/?p=5905"},"author":{"name":"Portal Raizes","@id":"https:\/\/portalraizesnoticias.com.br\/#\/schema\/person\/a3ca6b0fc701e78df19756c417d943ae"},"headline":"Coit\u00e9: Homem sofre fratura exposta e outro fica ferido ap\u00f3s colis\u00e3o entre moto e carro em localidade pr\u00f3ximo ao distrito de Salgad\u00e1lia","datePublished":"2025-04-16T22:50:58+00:00","dateModified":"2025-04-16T22:51:42+00:00","mainEntityOfPage":{"@id":"https:\/\/portalraizesnoticias.com.br\/?p=5905"},"wordCount":156,"commentCount":0,"publisher":{"@id":"https:\/\/portalraizesnoticias.com.br\/#organization"},"image":{"@id":"https:\/\/portalraizesnoticias.com.br\/?p=5905#primaryimage"},"thumbnailUrl":"https:\/\/portalraizesnoticias.com.br\/wp-content\/uploads\/2025\/04\/IMG-20250416-WA0429.jpg","articleSection":["ESPORTES"],"inLanguage":"pt-BR","potentialAction":[{"@type":"CommentAction","name":"Comment","target":["https:\/\/portalraizesnoticias.com.br\/?p=5905#respond"]}]},{"@type":"WebPage","@id":"https:\/\/portalraizesnoticias.com.br\/?p=5905","url":"https:\/\/portalraizesnoticias.com.br\/?p=5905","name":"Coit\u00e9: Homem sofre fratura exposta e outro fica ferido ap\u00f3s colis\u00e3o entre moto e carro em localidade pr\u00f3ximo ao distrito de Salgad\u00e1lia - Portal raizes noticias","isPartOf":{"@id":"https:\/\/portalraizesnoticias.com.br\/#website"},"primaryImageOfPage":{"@id":"https:\/\/portalraizesnoticias.com.br\/?p=5905#primaryimage"},"image":{"@id":"https:\/\/portalraizesnoticias.com.br\/?p=5905#primaryimage"},"thumbnailUrl":"https:\/\/portalraizesnoticias.com.br\/wp-content\/uploads\/2025\/04\/IMG-20250416-WA0429.jpg","datePublished":"2025-04-16T22:50:58+00:00","dateModified":"2025-04-16T22:51:42+00:00","breadcrumb":{"@id":"https:\/\/portalraizesnoticias.com.br\/?p=5905#breadcrumb"},"inLanguage":"pt-BR","potentialAction":[{"@type":"ReadAction","target":["https:\/\/portalraizesnoticias.com.br\/?p=5905"]}]},{"@type":"ImageObject","inLanguage":"pt-BR","@id":"https:\/\/portalraizesnoticias.com.br\/?p=5905#primaryimage","url":"https:\/\/portalraizesnoticias.com.br\/wp-content\/uploads\/2025\/04\/IMG-20250416-WA0429.jpg","contentUrl":"https:\/\/portalraizesnoticias.com.br\/wp-content\/uploads\/2025\/04\/IMG-20250416-WA0429.jpg","width":1080,"height":1248},{"@type":"BreadcrumbList","@id":"https:\/\/portalraizesnoticias.com.br\/?p=5905#breadcrumb","itemListElement":[{"@type":"ListItem","position":1,"name":"In\u00edcio","item":"https:\/\/portalraizesnoticias.com.br\/"},{"@type":"ListItem","position":2,"name":"Coit\u00e9: Homem sofre fratura exposta e outro fica ferido ap\u00f3s colis\u00e3o entre moto e carro em localidade pr\u00f3ximo ao distrito de Salgad\u00e1lia"}]},{"@type":"WebSite","@id":"https:\/\/portalraizesnoticias.com.br\/#website","url":"https:\/\/portalraizesnoticias.com.br\/","name":"Portal raizes NOTICIAS","description":"site de noticias de concei\u00e7\u00e3o do coit\u00e9 e regi\u00e3o","publisher":{"@id":"https:\/\/portalraizesnoticias.com.br\/#organization"},"alternateName":"PORTAL RAIZES COIT\u00c9","potentialAction":[{"@type":"SearchAction","target":{"@type":"EntryPoint","urlTemplate":"https:\/\/portalraizesnoticias.com.br\/?s={search_term_string}"},"query-input":{"@type":"PropertyValueSpecification","valueRequired":true,"valueName":"search_term_string"}}],"inLanguage":"pt-BR"},{"@type":"Organization","@id":"https:\/\/portalraizesnoticias.com.br\/#organization","name":"Portal raizes NOTICIAS","url":"https:\/\/portalraizesnoticias.com.br\/","logo":{"@type":"ImageObject","inLanguage":"pt-BR","@id":"https:\/\/portalraizesnoticias.com.br\/#\/schema\/logo\/image\/","url":"https:\/\/portalraizesnoticias.com.br\/wp-content\/uploads\/2024\/09\/cropped-Captura-de-tela-2024-09-08-011108.png","contentUrl":"https:\/\/portalraizesnoticias.com.br\/wp-content\/uploads\/2024\/09\/cropped-Captura-de-tela-2024-09-08-011108.png","width":606,"height":173,"caption":"Portal raizes NOTICIAS"},"image":{"@id":"https:\/\/portalraizesnoticias.com.br\/#\/schema\/logo\/image\/"}},{"@type":"Person","@id":"https:\/\/portalraizesnoticias.com.br\/#\/schema\/person\/a3ca6b0fc701e78df19756c417d943ae","name":"Portal Raizes","image":{"@type":"ImageObject","inLanguage":"pt-BR","@id":"https:\/\/portalraizesnoticias.com.br\/#\/schema\/person\/image\/","url":"https:\/\/secure.gravatar.com\/avatar\/ef450d29013a3d3fba867a12a249d7b1?s=96&d=mm&r=g","contentUrl":"https:\/\/secure.gravatar.com\/avatar\/ef450d29013a3d3fba867a12a249d7b1?s=96&d=mm&r=g","caption":"Portal Raizes"},"url":"https:\/\/portalraizesnoticias.com.br\/?author=3"}]}},"_links":{"self":[{"href":"https:\/\/portalraizesnoticias.com.br\/index.php?rest_route=\/wp\/v2\/posts\/5905"}],"collection":[{"href":"https:\/\/portalraizesnoticias.com.br\/index.php?rest_route=\/wp\/v2\/posts"}],"about":[{"href":"https:\/\/portalraizesnoticias.com.br\/index.php?rest_route=\/wp\/v2\/types\/post"}],"author":[{"embeddable":true,"href":"https:\/\/portalraizesnoticias.com.br\/index.php?rest_route=\/wp\/v2\/users\/3"}],"replies":[{"embeddable":true,"href":"https:\/\/portalraizesnoticias.com.br\/index.php?rest_route=%2Fwp%2Fv2%2Fcomments&post=5905"}],"version-history":[{"count":1,"href":"https:\/\/portalraizesnoticias.com.br\/index.php?rest_route=\/wp\/v2\/posts\/5905\/revisions"}],"predecessor-version":[{"id":5907,"href":"https:\/\/portalraizesnoticias.com.br\/index.php?rest_route=\/wp\/v2\/posts\/5905\/revisions\/5907"}],"wp:featuredmedia":[{"embeddable":true,"href":"https:\/\/portalraizesnoticias.com.br\/index.php?rest_route=\/wp\/v2\/media\/5908"}],"wp:attachment":[{"href":"https:\/\/portalraizesnoticias.com.br\/index.php?rest_route=%2Fwp%2Fv2%2Fmedia&parent=5905"}],"wp:term":[{"taxonomy":"category","embeddable":true,"href":"https:\/\/portalraizesnoticias.com.br\/index.php?rest_route=%2Fwp%2Fv2%2Fcategories&post=5905"},{"taxonomy":"post_tag","embeddable":true,"href":"https:\/\/portalraizesnoticias.com.br\/index.php?rest_route=%2Fwp%2Fv2%2Ftags&post=5905"}],"curies":[{"name":"wp","href":"https:\/\/api.w.org\/{rel}","templated":true}]}}