{"id":5896,"date":"2025-04-16T09:59:35","date_gmt":"2025-04-16T12:59:35","guid":{"rendered":"https:\/\/portalraizesnoticias.com.br\/?p=5896"},"modified":"2025-04-16T10:02:00","modified_gmt":"2025-04-16T13:02:00","slug":"com-precos-atrativos-frigorifico-almeida-de-conceicao-do-coite-aumenta-vendas-em-40-nesta-semana-santa-confira-os-valores","status":"publish","type":"post","link":"https:\/\/portalraizesnoticias.com.br\/?p=5896","title":{"rendered":"Com pre\u00e7os atrativos, frigor\u00edfico Almeida de Concei\u00e7\u00e3o do Coit\u00e9 aumenta vendas em 40% nesta Semana Santa. Confira os valores!"},"content":{"rendered":"<p>A chegada da sexta-feira da Paix\u00e3o (18), est\u00e1 aquecendo o com\u00e9rcio de Concei\u00e7\u00e3o do Coit\u00e9 devido \u00e0 alta procura por pescado e ingredientes utilizados para o almo\u00e7o em fam\u00edlia.<\/p>\n<p><img fetchpriority=\"high\" decoding=\"async\" class=\"size-medium wp-image-5897 aligncenter\" src=\"https:\/\/portalraizesnoticias.com.br\/wp-content\/uploads\/2025\/04\/IMG-20250416-WA0084-265x300.jpg\" alt=\"\" width=\"265\" height=\"300\" srcset=\"https:\/\/portalraizesnoticias.com.br\/wp-content\/uploads\/2025\/04\/IMG-20250416-WA0084-265x300.jpg 265w, https:\/\/portalraizesnoticias.com.br\/wp-content\/uploads\/2025\/04\/IMG-20250416-WA0084-768x871.jpg 768w, https:\/\/portalraizesnoticias.com.br\/wp-content\/uploads\/2025\/04\/IMG-20250416-WA0084.jpg 899w\" sizes=\"(max-width: 265px) 100vw, 265px\" \/><\/p>\n<p>No bairro da Quadra, as vendas no frigor\u00edfico Almeida aumentaram em 40%, conforme o propriet\u00e1rio Wellington Costa.<\/p>\n<p><strong>Entre as op\u00e7\u00f5es, o frigor\u00edfico Almeida oferece Til\u00e1pia (R$ 22, 00 KG), Corvina inteira (R$ 23.90 kg), cavalinha (R$ 17, 00 kg), bacalhau (R$ 59.90 kg), Fil\u00e9 de Merluza (R$ 39,99 kg) e pirarucu (R$ 40,00 kg).<\/strong><\/p>\n<div style=\"width: 478px;\" class=\"wp-video\"><!--[if lt IE 9]><script>document.createElement('video');<\/script><![endif]-->\n<video class=\"wp-video-shortcode\" id=\"video-5896-1\" width=\"478\" height=\"850\" preload=\"metadata\" controls=\"controls\"><source type=\"video\/mp4\" src=\"https:\/\/portalraizesnoticias.com.br\/wp-content\/uploads\/2025\/04\/VID-20250416-WA0083.mp4?_=1\" \/><a href=\"https:\/\/portalraizesnoticias.com.br\/wp-content\/uploads\/2025\/04\/VID-20250416-WA0083.mp4\">https:\/\/portalraizesnoticias.com.br\/wp-content\/uploads\/2025\/04\/VID-20250416-WA0083.mp4<\/a><\/video><\/div>\n<p>\u201cGra\u00e7as a Deus, temos as vendas \u00f3timas nesse per\u00edodo devido \u00e0 tradi\u00e7\u00e3o religiosa. Al\u00e9m disso, o cliente adquire o pescado com pre\u00e7os que cabem no bolso e ingredientes tipicos usados no card\u00e1pio do feriado, disse Wellington.<\/p>\n<div style=\"width: 478px;\" class=\"wp-video\"><video class=\"wp-video-shortcode\" id=\"video-5896-2\" width=\"478\" height=\"850\" preload=\"metadata\" controls=\"controls\"><source type=\"video\/mp4\" src=\"https:\/\/portalraizesnoticias.com.br\/wp-content\/uploads\/2025\/04\/VID-20250416-WA0069.mp4?_=2\" \/><a href=\"https:\/\/portalraizesnoticias.com.br\/wp-content\/uploads\/2025\/04\/VID-20250416-WA0069.mp4\">https:\/\/portalraizesnoticias.com.br\/wp-content\/uploads\/2025\/04\/VID-20250416-WA0069.mp4<\/a><\/video><\/div>\n<p>Al\u00e9m do simbolismo religioso da data,\u00a0 o peixe \u00e9 um alimento altamente nutritivo, rico em \u00f4mega 3 e recomendado por especialistas da sa\u00fade para consumo regular.<\/p>\n<p><strong>O frigor\u00edfico Almeida fica localizado na Travessa Abdon Rufino de Souza, bairro da Quadra em Concei\u00e7\u00e3o do CCoit\u00e9. Informa\u00e7\u00f5es e delivery: 75 9812-7579<\/strong><\/p>\n<p>Informe publicit\u00e1rio l<\/p>\n","protected":false},"excerpt":{"rendered":"<p>A chegada da sexta-feira da Paix\u00e3o (18), est\u00e1 aquecendo o com\u00e9rcio de Concei\u00e7\u00e3o do Coit\u00e9 devido \u00e0 alta procura por pescado e ingredientes utilizados para o almo\u00e7o em fam\u00edlia. No bairro da Quadra, as vendas no frigor\u00edfico Almeida aumentaram em 40%, conforme o propriet\u00e1rio Wellington Costa. Entre as op\u00e7\u00f5es, o frigor\u00edfico Almeida oferece Til\u00e1pia (R$ 22, 00 KG), Corvina inteira (R$ 23.90 kg), cavalinha (R$ 17, 00 kg), bacalhau (R$ 59.90 kg), Fil\u00e9 de Merluza (R$ 39,99 kg) e pirarucu (R$ 40,00 kg). \u201cGra\u00e7as a Deus, temos as vendas \u00f3timas nesse per\u00edodo devido \u00e0 tradi\u00e7\u00e3o religiosa. Al\u00e9m disso, o cliente adquire o pescado com pre\u00e7os que cabem no bolso e ingredientes tipicos usados no card\u00e1pio do feriado, disse Wellington. Al\u00e9m do simbolismo religioso da data,\u00a0 o peixe \u00e9 um alimento altamente nutritivo, rico em \u00f4mega 3 e recomendado por especialistas da sa\u00fade para consumo regular. O frigor\u00edfico Almeida fica localizado na Travessa Abdon Rufino de Souza, bairro da Quadra em Concei\u00e7\u00e3o do CCoit\u00e9. Informa\u00e7\u00f5es e delivery: 75 9812-7579 Informe publicit\u00e1rio l<\/p>\n","protected":false},"author":3,"featured_media":5898,"comment_status":"open","ping_status":"open","sticky":false,"template":"","format":"standard","meta":{"_joinchat":[],"footnotes":""},"categories":[55,59],"tags":[75,992,991],"class_list":["post-5896","post","type-post","status-publish","format-standard","has-post-thumbnail","hentry","category-destaques","category-ultimas-noticias","tag-coite","tag-peixe","tag-pescado"],"yoast_head":"<!-- This site is optimized with the Yoast SEO plugin v24.4 - https:\/\/yoast.com\/wordpress\/plugins\/seo\/ -->\n<title>Com pre\u00e7os atrativos, frigor\u00edfico Almeida de Concei\u00e7\u00e3o do Coit\u00e9 aumenta vendas em 40% nesta Semana Santa. Confira os valores! - Portal raizes noticias<\/title>\n<meta name=\"robots\" content=\"index, follow, max-snippet:-1, max-image-preview:large, max-video-preview:-1\" \/>\n<link rel=\"canonical\" href=\"https:\/\/portalraizesnoticias.com.br\/?p=5896\" \/>\n<meta property=\"og:locale\" content=\"pt_BR\" \/>\n<meta property=\"og:type\" content=\"article\" \/>\n<meta property=\"og:title\" content=\"Com pre\u00e7os atrativos, frigor\u00edfico Almeida de Concei\u00e7\u00e3o do Coit\u00e9 aumenta vendas em 40% nesta Semana Santa. Confira os valores! - Portal raizes noticias\" \/>\n<meta property=\"og:description\" content=\"A chegada da sexta-feira da Paix\u00e3o (18), est\u00e1 aquecendo o com\u00e9rcio de Concei\u00e7\u00e3o do Coit\u00e9 devido \u00e0 alta procura por pescado e ingredientes utilizados para o almo\u00e7o em fam\u00edlia. No bairro da Quadra, as vendas no frigor\u00edfico Almeida aumentaram em 40%, conforme o propriet\u00e1rio Wellington Costa. Entre as op\u00e7\u00f5es, o frigor\u00edfico Almeida oferece Til\u00e1pia (R$ 22, 00 KG), Corvina inteira (R$ 23.90 kg), cavalinha (R$ 17, 00 kg), bacalhau (R$ 59.90 kg), Fil\u00e9 de Merluza (R$ 39,99 kg) e pirarucu (R$ 40,00 kg). \u201cGra\u00e7as a Deus, temos as vendas \u00f3timas nesse per\u00edodo devido \u00e0 tradi\u00e7\u00e3o religiosa. Al\u00e9m disso, o cliente adquire o pescado com pre\u00e7os que cabem no bolso e ingredientes tipicos usados no card\u00e1pio do feriado, disse Wellington. Al\u00e9m do simbolismo religioso da data,\u00a0 o peixe \u00e9 um alimento altamente nutritivo, rico em \u00f4mega 3 e recomendado por especialistas da sa\u00fade para consumo regular. O frigor\u00edfico Almeida fica localizado na Travessa Abdon Rufino de Souza, bairro da Quadra em Concei\u00e7\u00e3o do CCoit\u00e9. Informa\u00e7\u00f5es e delivery: 75 9812-7579 Informe publicit\u00e1rio l\" \/>\n<meta property=\"og:url\" content=\"https:\/\/portalraizesnoticias.com.br\/?p=5896\" \/>\n<meta property=\"og:site_name\" content=\"Portal raizes noticias\" \/>\n<meta property=\"article:published_time\" content=\"2025-04-16T12:59:35+00:00\" \/>\n<meta property=\"article:modified_time\" content=\"2025-04-16T13:02:00+00:00\" \/>\n<meta property=\"og:image\" content=\"https:\/\/portalraizesnoticias.com.br\/wp-content\/uploads\/2025\/04\/IMG-20250416-WA0080.jpg\" \/>\n\t<meta property=\"og:image:width\" content=\"1599\" \/>\n\t<meta property=\"og:image:height\" content=\"899\" \/>\n\t<meta property=\"og:image:type\" content=\"image\/jpeg\" \/>\n<meta name=\"author\" content=\"Portal Raizes\" \/>\n<meta name=\"twitter:card\" content=\"summary_large_image\" \/>\n<meta name=\"twitter:label1\" content=\"Escrito por\" \/>\n\t<meta name=\"twitter:data1\" content=\"Portal Raizes\" \/>\n\t<meta name=\"twitter:label2\" content=\"Est. tempo de leitura\" \/>\n\t<meta name=\"twitter:data2\" content=\"2 minutos\" \/>\n<script type=\"application\/ld+json\" class=\"yoast-schema-graph\">{\"@context\":\"https:\/\/schema.org\",\"@graph\":[{\"@type\":\"Article\",\"@id\":\"https:\/\/portalraizesnoticias.com.br\/?p=5896#article\",\"isPartOf\":{\"@id\":\"https:\/\/portalraizesnoticias.com.br\/?p=5896\"},\"author\":{\"name\":\"Portal Raizes\",\"@id\":\"https:\/\/portalraizesnoticias.com.br\/#\/schema\/person\/a3ca6b0fc701e78df19756c417d943ae\"},\"headline\":\"Com pre\u00e7os atrativos, frigor\u00edfico Almeida de Concei\u00e7\u00e3o do Coit\u00e9 aumenta vendas em 40% nesta Semana Santa. Confira os valores!\",\"datePublished\":\"2025-04-16T12:59:35+00:00\",\"dateModified\":\"2025-04-16T13:02:00+00:00\",\"mainEntityOfPage\":{\"@id\":\"https:\/\/portalraizesnoticias.com.br\/?p=5896\"},\"wordCount\":227,\"commentCount\":0,\"publisher\":{\"@id\":\"https:\/\/portalraizesnoticias.com.br\/#organization\"},\"image\":{\"@id\":\"https:\/\/portalraizesnoticias.com.br\/?p=5896#primaryimage\"},\"thumbnailUrl\":\"https:\/\/portalraizesnoticias.com.br\/wp-content\/uploads\/2025\/04\/IMG-20250416-WA0080.jpg\",\"keywords\":[\"Coit\u00e9\",\"Peixe\",\"Pescado\"],\"articleSection\":[\"DESTAQUES\",\"ULTIMAS NOTICIAS\"],\"inLanguage\":\"pt-BR\",\"potentialAction\":[{\"@type\":\"CommentAction\",\"name\":\"Comment\",\"target\":[\"https:\/\/portalraizesnoticias.com.br\/?p=5896#respond\"]}]},{\"@type\":\"WebPage\",\"@id\":\"https:\/\/portalraizesnoticias.com.br\/?p=5896\",\"url\":\"https:\/\/portalraizesnoticias.com.br\/?p=5896\",\"name\":\"Com pre\u00e7os atrativos, frigor\u00edfico Almeida de Concei\u00e7\u00e3o do Coit\u00e9 aumenta vendas em 40% nesta Semana Santa. Confira os valores! - Portal raizes noticias\",\"isPartOf\":{\"@id\":\"https:\/\/portalraizesnoticias.com.br\/#website\"},\"primaryImageOfPage\":{\"@id\":\"https:\/\/portalraizesnoticias.com.br\/?p=5896#primaryimage\"},\"image\":{\"@id\":\"https:\/\/portalraizesnoticias.com.br\/?p=5896#primaryimage\"},\"thumbnailUrl\":\"https:\/\/portalraizesnoticias.com.br\/wp-content\/uploads\/2025\/04\/IMG-20250416-WA0080.jpg\",\"datePublished\":\"2025-04-16T12:59:35+00:00\",\"dateModified\":\"2025-04-16T13:02:00+00:00\",\"breadcrumb\":{\"@id\":\"https:\/\/portalraizesnoticias.com.br\/?p=5896#breadcrumb\"},\"inLanguage\":\"pt-BR\",\"potentialAction\":[{\"@type\":\"ReadAction\",\"target\":[\"https:\/\/portalraizesnoticias.com.br\/?p=5896\"]}]},{\"@type\":\"ImageObject\",\"inLanguage\":\"pt-BR\",\"@id\":\"https:\/\/portalraizesnoticias.com.br\/?p=5896#primaryimage\",\"url\":\"https:\/\/portalraizesnoticias.com.br\/wp-content\/uploads\/2025\/04\/IMG-20250416-WA0080.jpg\",\"contentUrl\":\"https:\/\/portalraizesnoticias.com.br\/wp-content\/uploads\/2025\/04\/IMG-20250416-WA0080.jpg\",\"width\":1599,\"height\":899},{\"@type\":\"BreadcrumbList\",\"@id\":\"https:\/\/portalraizesnoticias.com.br\/?p=5896#breadcrumb\",\"itemListElement\":[{\"@type\":\"ListItem\",\"position\":1,\"name\":\"In\u00edcio\",\"item\":\"https:\/\/portalraizesnoticias.com.br\/\"},{\"@type\":\"ListItem\",\"position\":2,\"name\":\"Com pre\u00e7os atrativos, frigor\u00edfico Almeida de Concei\u00e7\u00e3o do Coit\u00e9 aumenta vendas em 40% nesta Semana Santa. Confira os valores!\"}]},{\"@type\":\"WebSite\",\"@id\":\"https:\/\/portalraizesnoticias.com.br\/#website\",\"url\":\"https:\/\/portalraizesnoticias.com.br\/\",\"name\":\"Portal raizes NOTICIAS\",\"description\":\"site de noticias de concei\u00e7\u00e3o do coit\u00e9 e regi\u00e3o\",\"publisher\":{\"@id\":\"https:\/\/portalraizesnoticias.com.br\/#organization\"},\"alternateName\":\"PORTAL RAIZES COIT\u00c9\",\"potentialAction\":[{\"@type\":\"SearchAction\",\"target\":{\"@type\":\"EntryPoint\",\"urlTemplate\":\"https:\/\/portalraizesnoticias.com.br\/?s={search_term_string}\"},\"query-input\":{\"@type\":\"PropertyValueSpecification\",\"valueRequired\":true,\"valueName\":\"search_term_string\"}}],\"inLanguage\":\"pt-BR\"},{\"@type\":\"Organization\",\"@id\":\"https:\/\/portalraizesnoticias.com.br\/#organization\",\"name\":\"Portal raizes NOTICIAS\",\"url\":\"https:\/\/portalraizesnoticias.com.br\/\",\"logo\":{\"@type\":\"ImageObject\",\"inLanguage\":\"pt-BR\",\"@id\":\"https:\/\/portalraizesnoticias.com.br\/#\/schema\/logo\/image\/\",\"url\":\"https:\/\/portalraizesnoticias.com.br\/wp-content\/uploads\/2024\/09\/cropped-Captura-de-tela-2024-09-08-011108.png\",\"contentUrl\":\"https:\/\/portalraizesnoticias.com.br\/wp-content\/uploads\/2024\/09\/cropped-Captura-de-tela-2024-09-08-011108.png\",\"width\":606,\"height\":173,\"caption\":\"Portal raizes NOTICIAS\"},\"image\":{\"@id\":\"https:\/\/portalraizesnoticias.com.br\/#\/schema\/logo\/image\/\"}},{\"@type\":\"Person\",\"@id\":\"https:\/\/portalraizesnoticias.com.br\/#\/schema\/person\/a3ca6b0fc701e78df19756c417d943ae\",\"name\":\"Portal Raizes\",\"image\":{\"@type\":\"ImageObject\",\"inLanguage\":\"pt-BR\",\"@id\":\"https:\/\/portalraizesnoticias.com.br\/#\/schema\/person\/image\/\",\"url\":\"https:\/\/secure.gravatar.com\/avatar\/ef450d29013a3d3fba867a12a249d7b1?s=96&d=mm&r=g\",\"contentUrl\":\"https:\/\/secure.gravatar.com\/avatar\/ef450d29013a3d3fba867a12a249d7b1?s=96&d=mm&r=g\",\"caption\":\"Portal Raizes\"},\"url\":\"https:\/\/portalraizesnoticias.com.br\/?author=3\"}]}<\/script>\n<!-- \/ Yoast SEO plugin. -->","yoast_head_json":{"title":"Com pre\u00e7os atrativos, frigor\u00edfico Almeida de Concei\u00e7\u00e3o do Coit\u00e9 aumenta vendas em 40% nesta Semana Santa. Confira os valores! - Portal raizes noticias","robots":{"index":"index","follow":"follow","max-snippet":"max-snippet:-1","max-image-preview":"max-image-preview:large","max-video-preview":"max-video-preview:-1"},"canonical":"https:\/\/portalraizesnoticias.com.br\/?p=5896","og_locale":"pt_BR","og_type":"article","og_title":"Com pre\u00e7os atrativos, frigor\u00edfico Almeida de Concei\u00e7\u00e3o do Coit\u00e9 aumenta vendas em 40% nesta Semana Santa. Confira os valores! - Portal raizes noticias","og_description":"A chegada da sexta-feira da Paix\u00e3o (18), est\u00e1 aquecendo o com\u00e9rcio de Concei\u00e7\u00e3o do Coit\u00e9 devido \u00e0 alta procura por pescado e ingredientes utilizados para o almo\u00e7o em fam\u00edlia. No bairro da Quadra, as vendas no frigor\u00edfico Almeida aumentaram em 40%, conforme o propriet\u00e1rio Wellington Costa. Entre as op\u00e7\u00f5es, o frigor\u00edfico Almeida oferece Til\u00e1pia (R$ 22, 00 KG), Corvina inteira (R$ 23.90 kg), cavalinha (R$ 17, 00 kg), bacalhau (R$ 59.90 kg), Fil\u00e9 de Merluza (R$ 39,99 kg) e pirarucu (R$ 40,00 kg). \u201cGra\u00e7as a Deus, temos as vendas \u00f3timas nesse per\u00edodo devido \u00e0 tradi\u00e7\u00e3o religiosa. Al\u00e9m disso, o cliente adquire o pescado com pre\u00e7os que cabem no bolso e ingredientes tipicos usados no card\u00e1pio do feriado, disse Wellington. Al\u00e9m do simbolismo religioso da data,\u00a0 o peixe \u00e9 um alimento altamente nutritivo, rico em \u00f4mega 3 e recomendado por especialistas da sa\u00fade para consumo regular. O frigor\u00edfico Almeida fica localizado na Travessa Abdon Rufino de Souza, bairro da Quadra em Concei\u00e7\u00e3o do CCoit\u00e9. Informa\u00e7\u00f5es e delivery: 75 9812-7579 Informe publicit\u00e1rio l","og_url":"https:\/\/portalraizesnoticias.com.br\/?p=5896","og_site_name":"Portal raizes noticias","article_published_time":"2025-04-16T12:59:35+00:00","article_modified_time":"2025-04-16T13:02:00+00:00","og_image":[{"width":1599,"height":899,"url":"https:\/\/portalraizesnoticias.com.br\/wp-content\/uploads\/2025\/04\/IMG-20250416-WA0080.jpg","type":"image\/jpeg"}],"author":"Portal Raizes","twitter_card":"summary_large_image","twitter_misc":{"Escrito por":"Portal Raizes","Est. tempo de leitura":"2 minutos"},"schema":{"@context":"https:\/\/schema.org","@graph":[{"@type":"Article","@id":"https:\/\/portalraizesnoticias.com.br\/?p=5896#article","isPartOf":{"@id":"https:\/\/portalraizesnoticias.com.br\/?p=5896"},"author":{"name":"Portal Raizes","@id":"https:\/\/portalraizesnoticias.com.br\/#\/schema\/person\/a3ca6b0fc701e78df19756c417d943ae"},"headline":"Com pre\u00e7os atrativos, frigor\u00edfico Almeida de Concei\u00e7\u00e3o do Coit\u00e9 aumenta vendas em 40% nesta Semana Santa. Confira os valores!","datePublished":"2025-04-16T12:59:35+00:00","dateModified":"2025-04-16T13:02:00+00:00","mainEntityOfPage":{"@id":"https:\/\/portalraizesnoticias.com.br\/?p=5896"},"wordCount":227,"commentCount":0,"publisher":{"@id":"https:\/\/portalraizesnoticias.com.br\/#organization"},"image":{"@id":"https:\/\/portalraizesnoticias.com.br\/?p=5896#primaryimage"},"thumbnailUrl":"https:\/\/portalraizesnoticias.com.br\/wp-content\/uploads\/2025\/04\/IMG-20250416-WA0080.jpg","keywords":["Coit\u00e9","Peixe","Pescado"],"articleSection":["DESTAQUES","ULTIMAS NOTICIAS"],"inLanguage":"pt-BR","potentialAction":[{"@type":"CommentAction","name":"Comment","target":["https:\/\/portalraizesnoticias.com.br\/?p=5896#respond"]}]},{"@type":"WebPage","@id":"https:\/\/portalraizesnoticias.com.br\/?p=5896","url":"https:\/\/portalraizesnoticias.com.br\/?p=5896","name":"Com pre\u00e7os atrativos, frigor\u00edfico Almeida de Concei\u00e7\u00e3o do Coit\u00e9 aumenta vendas em 40% nesta Semana Santa. Confira os valores! - Portal raizes noticias","isPartOf":{"@id":"https:\/\/portalraizesnoticias.com.br\/#website"},"primaryImageOfPage":{"@id":"https:\/\/portalraizesnoticias.com.br\/?p=5896#primaryimage"},"image":{"@id":"https:\/\/portalraizesnoticias.com.br\/?p=5896#primaryimage"},"thumbnailUrl":"https:\/\/portalraizesnoticias.com.br\/wp-content\/uploads\/2025\/04\/IMG-20250416-WA0080.jpg","datePublished":"2025-04-16T12:59:35+00:00","dateModified":"2025-04-16T13:02:00+00:00","breadcrumb":{"@id":"https:\/\/portalraizesnoticias.com.br\/?p=5896#breadcrumb"},"inLanguage":"pt-BR","potentialAction":[{"@type":"ReadAction","target":["https:\/\/portalraizesnoticias.com.br\/?p=5896"]}]},{"@type":"ImageObject","inLanguage":"pt-BR","@id":"https:\/\/portalraizesnoticias.com.br\/?p=5896#primaryimage","url":"https:\/\/portalraizesnoticias.com.br\/wp-content\/uploads\/2025\/04\/IMG-20250416-WA0080.jpg","contentUrl":"https:\/\/portalraizesnoticias.com.br\/wp-content\/uploads\/2025\/04\/IMG-20250416-WA0080.jpg","width":1599,"height":899},{"@type":"BreadcrumbList","@id":"https:\/\/portalraizesnoticias.com.br\/?p=5896#breadcrumb","itemListElement":[{"@type":"ListItem","position":1,"name":"In\u00edcio","item":"https:\/\/portalraizesnoticias.com.br\/"},{"@type":"ListItem","position":2,"name":"Com pre\u00e7os atrativos, frigor\u00edfico Almeida de Concei\u00e7\u00e3o do Coit\u00e9 aumenta vendas em 40% nesta Semana Santa. Confira os valores!"}]},{"@type":"WebSite","@id":"https:\/\/portalraizesnoticias.com.br\/#website","url":"https:\/\/portalraizesnoticias.com.br\/","name":"Portal raizes NOTICIAS","description":"site de noticias de concei\u00e7\u00e3o do coit\u00e9 e regi\u00e3o","publisher":{"@id":"https:\/\/portalraizesnoticias.com.br\/#organization"},"alternateName":"PORTAL RAIZES COIT\u00c9","potentialAction":[{"@type":"SearchAction","target":{"@type":"EntryPoint","urlTemplate":"https:\/\/portalraizesnoticias.com.br\/?s={search_term_string}"},"query-input":{"@type":"PropertyValueSpecification","valueRequired":true,"valueName":"search_term_string"}}],"inLanguage":"pt-BR"},{"@type":"Organization","@id":"https:\/\/portalraizesnoticias.com.br\/#organization","name":"Portal raizes NOTICIAS","url":"https:\/\/portalraizesnoticias.com.br\/","logo":{"@type":"ImageObject","inLanguage":"pt-BR","@id":"https:\/\/portalraizesnoticias.com.br\/#\/schema\/logo\/image\/","url":"https:\/\/portalraizesnoticias.com.br\/wp-content\/uploads\/2024\/09\/cropped-Captura-de-tela-2024-09-08-011108.png","contentUrl":"https:\/\/portalraizesnoticias.com.br\/wp-content\/uploads\/2024\/09\/cropped-Captura-de-tela-2024-09-08-011108.png","width":606,"height":173,"caption":"Portal raizes NOTICIAS"},"image":{"@id":"https:\/\/portalraizesnoticias.com.br\/#\/schema\/logo\/image\/"}},{"@type":"Person","@id":"https:\/\/portalraizesnoticias.com.br\/#\/schema\/person\/a3ca6b0fc701e78df19756c417d943ae","name":"Portal Raizes","image":{"@type":"ImageObject","inLanguage":"pt-BR","@id":"https:\/\/portalraizesnoticias.com.br\/#\/schema\/person\/image\/","url":"https:\/\/secure.gravatar.com\/avatar\/ef450d29013a3d3fba867a12a249d7b1?s=96&d=mm&r=g","contentUrl":"https:\/\/secure.gravatar.com\/avatar\/ef450d29013a3d3fba867a12a249d7b1?s=96&d=mm&r=g","caption":"Portal Raizes"},"url":"https:\/\/portalraizesnoticias.com.br\/?author=3"}]}},"_links":{"self":[{"href":"https:\/\/portalraizesnoticias.com.br\/index.php?rest_route=\/wp\/v2\/posts\/5896"}],"collection":[{"href":"https:\/\/portalraizesnoticias.com.br\/index.php?rest_route=\/wp\/v2\/posts"}],"about":[{"href":"https:\/\/portalraizesnoticias.com.br\/index.php?rest_route=\/wp\/v2\/types\/post"}],"author":[{"embeddable":true,"href":"https:\/\/portalraizesnoticias.com.br\/index.php?rest_route=\/wp\/v2\/users\/3"}],"replies":[{"embeddable":true,"href":"https:\/\/portalraizesnoticias.com.br\/index.php?rest_route=%2Fwp%2Fv2%2Fcomments&post=5896"}],"version-history":[{"count":3,"href":"https:\/\/portalraizesnoticias.com.br\/index.php?rest_route=\/wp\/v2\/posts\/5896\/revisions"}],"predecessor-version":[{"id":5904,"href":"https:\/\/portalraizesnoticias.com.br\/index.php?rest_route=\/wp\/v2\/posts\/5896\/revisions\/5904"}],"wp:featuredmedia":[{"embeddable":true,"href":"https:\/\/portalraizesnoticias.com.br\/index.php?rest_route=\/wp\/v2\/media\/5898"}],"wp:attachment":[{"href":"https:\/\/portalraizesnoticias.com.br\/index.php?rest_route=%2Fwp%2Fv2%2Fmedia&parent=5896"}],"wp:term":[{"taxonomy":"category","embeddable":true,"href":"https:\/\/portalraizesnoticias.com.br\/index.php?rest_route=%2Fwp%2Fv2%2Fcategories&post=5896"},{"taxonomy":"post_tag","embeddable":true,"href":"https:\/\/portalraizesnoticias.com.br\/index.php?rest_route=%2Fwp%2Fv2%2Ftags&post=5896"}],"curies":[{"name":"wp","href":"https:\/\/api.w.org\/{rel}","templated":true}]}}