{"id":5883,"date":"2025-04-15T12:36:37","date_gmt":"2025-04-15T15:36:37","guid":{"rendered":"https:\/\/portalraizesnoticias.com.br\/?p=5883"},"modified":"2025-04-16T07:34:58","modified_gmt":"2025-04-16T10:34:58","slug":"adolescente-e-agredida-pelo-padrasto-no-distrito-de-juazeirinho-em-conceicao-do-coite","status":"publish","type":"post","link":"https:\/\/portalraizesnoticias.com.br\/?p=5883","title":{"rendered":"Adolescente \u00e9 agredida pelo padrasto no distrito de Juazeirinho em Concei\u00e7\u00e3o do Coit\u00e9"},"content":{"rendered":"<p>Uma adolescente de 17 anos foi agredida pelo padrasto por volta de 22h10 de segunda-feira (14), no distrito de Juazeirinho, em Concei\u00e7\u00e3o do Coit\u00e9, Bahia.<\/p>\n<p>Conforme o boletim de ocorr\u00eancia, funcion\u00e1rios do hospital informaram aos PMs que uma menor de idade deu entrada com les\u00f5es causadas pelo padrasto.<\/p>\n<p>Os policiais foram at\u00e9 a unidade hospitalar e, constataram que a v\u00edtima j\u00e1 havia sido atendida e liberada.<\/p>\n<p>Em seguida, os agentes mantiveram contato com uma vizinha distante dos envolvidos, que confirmou que a levou ao hospital.<\/p>\n<p>Segundo informa\u00e7\u00f5es da vizinha, a menor mora com seu padrasto e a m\u00e3e da v\u00edtima est\u00e1 morando em Salvador, acompanhando um tratamento m\u00e9dico do irm\u00e3o.<\/p>\n<p>Diante das circunst\u00e2ncias, a pol\u00edcia tentou localizar o agressor, mas ele havia fugido do local.<\/p>\n<p>A menor ficou na casa da vizinha, testemunha dos fatos, at\u00e9 a delegacia registrar a ocorr\u00eancia.<\/p>\n<p>N\u00e3o h\u00e1 informa\u00e7\u00f5es sobre o motivo da agress\u00e3o.<\/p>\n<p>Reda\u00e7\u00e3o Portal Ra\u00edzes<\/p>\n<p>Foto: Ilustra\u00e7\u00e3o<\/p>\n","protected":false},"excerpt":{"rendered":"<p>Uma adolescente de 17 anos foi agredida pelo padrasto por volta de 22h10 de segunda-feira (14), no distrito de Juazeirinho, em Concei\u00e7\u00e3o do Coit\u00e9, Bahia. Conforme o boletim de ocorr\u00eancia, funcion\u00e1rios do hospital informaram aos PMs que uma menor de idade deu entrada com les\u00f5es causadas pelo padrasto. Os policiais foram at\u00e9 a unidade hospitalar e, constataram que a v\u00edtima j\u00e1 havia sido atendida e liberada. Em seguida, os agentes mantiveram contato com uma vizinha distante dos envolvidos, que confirmou que a levou ao hospital. Segundo informa\u00e7\u00f5es da vizinha, a menor mora com seu padrasto e a m\u00e3e da v\u00edtima est\u00e1 morando em Salvador, acompanhando um tratamento m\u00e9dico do irm\u00e3o. Diante das circunst\u00e2ncias, a pol\u00edcia tentou localizar o agressor, mas ele havia fugido do local. A menor ficou na casa da vizinha, testemunha dos fatos, at\u00e9 a delegacia registrar a ocorr\u00eancia. N\u00e3o h\u00e1 informa\u00e7\u00f5es sobre o motivo da agress\u00e3o. Reda\u00e7\u00e3o Portal Ra\u00edzes Foto: Ilustra\u00e7\u00e3o<\/p>\n","protected":false},"author":3,"featured_media":5884,"comment_status":"open","ping_status":"open","sticky":false,"template":"","format":"standard","meta":{"_joinchat":[],"footnotes":""},"categories":[55,67,59],"tags":[207,713,987],"class_list":["post-5883","post","type-post","status-publish","format-standard","has-post-thumbnail","hentry","category-destaques","category-policia","category-ultimas-noticias","tag-adolescente","tag-agredida","tag-juazeirinho"],"yoast_head":"<!-- This site is optimized with the Yoast SEO plugin v24.4 - https:\/\/yoast.com\/wordpress\/plugins\/seo\/ -->\n<title>Adolescente \u00e9 agredida pelo padrasto no distrito de Juazeirinho em Concei\u00e7\u00e3o do Coit\u00e9 - Portal raizes noticias<\/title>\n<meta name=\"robots\" content=\"index, follow, max-snippet:-1, max-image-preview:large, max-video-preview:-1\" \/>\n<link rel=\"canonical\" href=\"https:\/\/portalraizesnoticias.com.br\/?p=5883\" \/>\n<meta property=\"og:locale\" content=\"pt_BR\" \/>\n<meta property=\"og:type\" content=\"article\" \/>\n<meta property=\"og:title\" content=\"Adolescente \u00e9 agredida pelo padrasto no distrito de Juazeirinho em Concei\u00e7\u00e3o do Coit\u00e9 - Portal raizes noticias\" \/>\n<meta property=\"og:description\" content=\"Uma adolescente de 17 anos foi agredida pelo padrasto por volta de 22h10 de segunda-feira (14), no distrito de Juazeirinho, em Concei\u00e7\u00e3o do Coit\u00e9, Bahia. Conforme o boletim de ocorr\u00eancia, funcion\u00e1rios do hospital informaram aos PMs que uma menor de idade deu entrada com les\u00f5es causadas pelo padrasto. Os policiais foram at\u00e9 a unidade hospitalar e, constataram que a v\u00edtima j\u00e1 havia sido atendida e liberada. Em seguida, os agentes mantiveram contato com uma vizinha distante dos envolvidos, que confirmou que a levou ao hospital. Segundo informa\u00e7\u00f5es da vizinha, a menor mora com seu padrasto e a m\u00e3e da v\u00edtima est\u00e1 morando em Salvador, acompanhando um tratamento m\u00e9dico do irm\u00e3o. Diante das circunst\u00e2ncias, a pol\u00edcia tentou localizar o agressor, mas ele havia fugido do local. A menor ficou na casa da vizinha, testemunha dos fatos, at\u00e9 a delegacia registrar a ocorr\u00eancia. N\u00e3o h\u00e1 informa\u00e7\u00f5es sobre o motivo da agress\u00e3o. Reda\u00e7\u00e3o Portal Ra\u00edzes Foto: Ilustra\u00e7\u00e3o\" \/>\n<meta property=\"og:url\" content=\"https:\/\/portalraizesnoticias.com.br\/?p=5883\" \/>\n<meta property=\"og:site_name\" content=\"Portal raizes noticias\" \/>\n<meta property=\"article:published_time\" content=\"2025-04-15T15:36:37+00:00\" \/>\n<meta property=\"article:modified_time\" content=\"2025-04-16T10:34:58+00:00\" \/>\n<meta property=\"og:image\" content=\"https:\/\/portalraizesnoticias.com.br\/wp-content\/uploads\/2025\/04\/Captura-de-tela-2022-04-26-133421.jpg\" \/>\n\t<meta property=\"og:image:width\" content=\"645\" \/>\n\t<meta property=\"og:image:height\" content=\"398\" \/>\n\t<meta property=\"og:image:type\" content=\"image\/jpeg\" \/>\n<meta name=\"author\" content=\"Portal Raizes\" \/>\n<meta name=\"twitter:card\" content=\"summary_large_image\" \/>\n<meta name=\"twitter:label1\" content=\"Escrito por\" \/>\n\t<meta name=\"twitter:data1\" content=\"Portal Raizes\" \/>\n\t<meta name=\"twitter:label2\" content=\"Est. tempo de leitura\" \/>\n\t<meta name=\"twitter:data2\" content=\"2 minutos\" \/>\n<script type=\"application\/ld+json\" class=\"yoast-schema-graph\">{\"@context\":\"https:\/\/schema.org\",\"@graph\":[{\"@type\":\"Article\",\"@id\":\"https:\/\/portalraizesnoticias.com.br\/?p=5883#article\",\"isPartOf\":{\"@id\":\"https:\/\/portalraizesnoticias.com.br\/?p=5883\"},\"author\":{\"name\":\"Portal Raizes\",\"@id\":\"https:\/\/portalraizesnoticias.com.br\/#\/schema\/person\/a3ca6b0fc701e78df19756c417d943ae\"},\"headline\":\"Adolescente \u00e9 agredida pelo padrasto no distrito de Juazeirinho em Concei\u00e7\u00e3o do Coit\u00e9\",\"datePublished\":\"2025-04-15T15:36:37+00:00\",\"dateModified\":\"2025-04-16T10:34:58+00:00\",\"mainEntityOfPage\":{\"@id\":\"https:\/\/portalraizesnoticias.com.br\/?p=5883\"},\"wordCount\":184,\"commentCount\":0,\"publisher\":{\"@id\":\"https:\/\/portalraizesnoticias.com.br\/#organization\"},\"image\":{\"@id\":\"https:\/\/portalraizesnoticias.com.br\/?p=5883#primaryimage\"},\"thumbnailUrl\":\"https:\/\/portalraizesnoticias.com.br\/wp-content\/uploads\/2025\/04\/Captura-de-tela-2022-04-26-133421.jpg\",\"keywords\":[\"Adolescente\",\"Agredida\",\"Juazeirinho\"],\"articleSection\":[\"DESTAQUES\",\"POLICIA\",\"ULTIMAS NOTICIAS\"],\"inLanguage\":\"pt-BR\",\"potentialAction\":[{\"@type\":\"CommentAction\",\"name\":\"Comment\",\"target\":[\"https:\/\/portalraizesnoticias.com.br\/?p=5883#respond\"]}]},{\"@type\":\"WebPage\",\"@id\":\"https:\/\/portalraizesnoticias.com.br\/?p=5883\",\"url\":\"https:\/\/portalraizesnoticias.com.br\/?p=5883\",\"name\":\"Adolescente \u00e9 agredida pelo padrasto no distrito de Juazeirinho em Concei\u00e7\u00e3o do Coit\u00e9 - Portal raizes noticias\",\"isPartOf\":{\"@id\":\"https:\/\/portalraizesnoticias.com.br\/#website\"},\"primaryImageOfPage\":{\"@id\":\"https:\/\/portalraizesnoticias.com.br\/?p=5883#primaryimage\"},\"image\":{\"@id\":\"https:\/\/portalraizesnoticias.com.br\/?p=5883#primaryimage\"},\"thumbnailUrl\":\"https:\/\/portalraizesnoticias.com.br\/wp-content\/uploads\/2025\/04\/Captura-de-tela-2022-04-26-133421.jpg\",\"datePublished\":\"2025-04-15T15:36:37+00:00\",\"dateModified\":\"2025-04-16T10:34:58+00:00\",\"breadcrumb\":{\"@id\":\"https:\/\/portalraizesnoticias.com.br\/?p=5883#breadcrumb\"},\"inLanguage\":\"pt-BR\",\"potentialAction\":[{\"@type\":\"ReadAction\",\"target\":[\"https:\/\/portalraizesnoticias.com.br\/?p=5883\"]}]},{\"@type\":\"ImageObject\",\"inLanguage\":\"pt-BR\",\"@id\":\"https:\/\/portalraizesnoticias.com.br\/?p=5883#primaryimage\",\"url\":\"https:\/\/portalraizesnoticias.com.br\/wp-content\/uploads\/2025\/04\/Captura-de-tela-2022-04-26-133421.jpg\",\"contentUrl\":\"https:\/\/portalraizesnoticias.com.br\/wp-content\/uploads\/2025\/04\/Captura-de-tela-2022-04-26-133421.jpg\",\"width\":645,\"height\":398},{\"@type\":\"BreadcrumbList\",\"@id\":\"https:\/\/portalraizesnoticias.com.br\/?p=5883#breadcrumb\",\"itemListElement\":[{\"@type\":\"ListItem\",\"position\":1,\"name\":\"In\u00edcio\",\"item\":\"https:\/\/portalraizesnoticias.com.br\/\"},{\"@type\":\"ListItem\",\"position\":2,\"name\":\"Adolescente \u00e9 agredida pelo padrasto no distrito de Juazeirinho em Concei\u00e7\u00e3o do Coit\u00e9\"}]},{\"@type\":\"WebSite\",\"@id\":\"https:\/\/portalraizesnoticias.com.br\/#website\",\"url\":\"https:\/\/portalraizesnoticias.com.br\/\",\"name\":\"Portal raizes NOTICIAS\",\"description\":\"site de noticias de concei\u00e7\u00e3o do coit\u00e9 e regi\u00e3o\",\"publisher\":{\"@id\":\"https:\/\/portalraizesnoticias.com.br\/#organization\"},\"alternateName\":\"PORTAL RAIZES COIT\u00c9\",\"potentialAction\":[{\"@type\":\"SearchAction\",\"target\":{\"@type\":\"EntryPoint\",\"urlTemplate\":\"https:\/\/portalraizesnoticias.com.br\/?s={search_term_string}\"},\"query-input\":{\"@type\":\"PropertyValueSpecification\",\"valueRequired\":true,\"valueName\":\"search_term_string\"}}],\"inLanguage\":\"pt-BR\"},{\"@type\":\"Organization\",\"@id\":\"https:\/\/portalraizesnoticias.com.br\/#organization\",\"name\":\"Portal raizes NOTICIAS\",\"url\":\"https:\/\/portalraizesnoticias.com.br\/\",\"logo\":{\"@type\":\"ImageObject\",\"inLanguage\":\"pt-BR\",\"@id\":\"https:\/\/portalraizesnoticias.com.br\/#\/schema\/logo\/image\/\",\"url\":\"https:\/\/portalraizesnoticias.com.br\/wp-content\/uploads\/2024\/09\/cropped-Captura-de-tela-2024-09-08-011108.png\",\"contentUrl\":\"https:\/\/portalraizesnoticias.com.br\/wp-content\/uploads\/2024\/09\/cropped-Captura-de-tela-2024-09-08-011108.png\",\"width\":606,\"height\":173,\"caption\":\"Portal raizes NOTICIAS\"},\"image\":{\"@id\":\"https:\/\/portalraizesnoticias.com.br\/#\/schema\/logo\/image\/\"}},{\"@type\":\"Person\",\"@id\":\"https:\/\/portalraizesnoticias.com.br\/#\/schema\/person\/a3ca6b0fc701e78df19756c417d943ae\",\"name\":\"Portal Raizes\",\"image\":{\"@type\":\"ImageObject\",\"inLanguage\":\"pt-BR\",\"@id\":\"https:\/\/portalraizesnoticias.com.br\/#\/schema\/person\/image\/\",\"url\":\"https:\/\/secure.gravatar.com\/avatar\/ef450d29013a3d3fba867a12a249d7b1?s=96&d=mm&r=g\",\"contentUrl\":\"https:\/\/secure.gravatar.com\/avatar\/ef450d29013a3d3fba867a12a249d7b1?s=96&d=mm&r=g\",\"caption\":\"Portal Raizes\"},\"url\":\"https:\/\/portalraizesnoticias.com.br\/?author=3\"}]}<\/script>\n<!-- \/ Yoast SEO plugin. -->","yoast_head_json":{"title":"Adolescente \u00e9 agredida pelo padrasto no distrito de Juazeirinho em Concei\u00e7\u00e3o do Coit\u00e9 - Portal raizes noticias","robots":{"index":"index","follow":"follow","max-snippet":"max-snippet:-1","max-image-preview":"max-image-preview:large","max-video-preview":"max-video-preview:-1"},"canonical":"https:\/\/portalraizesnoticias.com.br\/?p=5883","og_locale":"pt_BR","og_type":"article","og_title":"Adolescente \u00e9 agredida pelo padrasto no distrito de Juazeirinho em Concei\u00e7\u00e3o do Coit\u00e9 - Portal raizes noticias","og_description":"Uma adolescente de 17 anos foi agredida pelo padrasto por volta de 22h10 de segunda-feira (14), no distrito de Juazeirinho, em Concei\u00e7\u00e3o do Coit\u00e9, Bahia. Conforme o boletim de ocorr\u00eancia, funcion\u00e1rios do hospital informaram aos PMs que uma menor de idade deu entrada com les\u00f5es causadas pelo padrasto. Os policiais foram at\u00e9 a unidade hospitalar e, constataram que a v\u00edtima j\u00e1 havia sido atendida e liberada. Em seguida, os agentes mantiveram contato com uma vizinha distante dos envolvidos, que confirmou que a levou ao hospital. Segundo informa\u00e7\u00f5es da vizinha, a menor mora com seu padrasto e a m\u00e3e da v\u00edtima est\u00e1 morando em Salvador, acompanhando um tratamento m\u00e9dico do irm\u00e3o. Diante das circunst\u00e2ncias, a pol\u00edcia tentou localizar o agressor, mas ele havia fugido do local. A menor ficou na casa da vizinha, testemunha dos fatos, at\u00e9 a delegacia registrar a ocorr\u00eancia. N\u00e3o h\u00e1 informa\u00e7\u00f5es sobre o motivo da agress\u00e3o. Reda\u00e7\u00e3o Portal Ra\u00edzes Foto: Ilustra\u00e7\u00e3o","og_url":"https:\/\/portalraizesnoticias.com.br\/?p=5883","og_site_name":"Portal raizes noticias","article_published_time":"2025-04-15T15:36:37+00:00","article_modified_time":"2025-04-16T10:34:58+00:00","og_image":[{"width":645,"height":398,"url":"https:\/\/portalraizesnoticias.com.br\/wp-content\/uploads\/2025\/04\/Captura-de-tela-2022-04-26-133421.jpg","type":"image\/jpeg"}],"author":"Portal Raizes","twitter_card":"summary_large_image","twitter_misc":{"Escrito por":"Portal Raizes","Est. tempo de leitura":"2 minutos"},"schema":{"@context":"https:\/\/schema.org","@graph":[{"@type":"Article","@id":"https:\/\/portalraizesnoticias.com.br\/?p=5883#article","isPartOf":{"@id":"https:\/\/portalraizesnoticias.com.br\/?p=5883"},"author":{"name":"Portal Raizes","@id":"https:\/\/portalraizesnoticias.com.br\/#\/schema\/person\/a3ca6b0fc701e78df19756c417d943ae"},"headline":"Adolescente \u00e9 agredida pelo padrasto no distrito de Juazeirinho em Concei\u00e7\u00e3o do Coit\u00e9","datePublished":"2025-04-15T15:36:37+00:00","dateModified":"2025-04-16T10:34:58+00:00","mainEntityOfPage":{"@id":"https:\/\/portalraizesnoticias.com.br\/?p=5883"},"wordCount":184,"commentCount":0,"publisher":{"@id":"https:\/\/portalraizesnoticias.com.br\/#organization"},"image":{"@id":"https:\/\/portalraizesnoticias.com.br\/?p=5883#primaryimage"},"thumbnailUrl":"https:\/\/portalraizesnoticias.com.br\/wp-content\/uploads\/2025\/04\/Captura-de-tela-2022-04-26-133421.jpg","keywords":["Adolescente","Agredida","Juazeirinho"],"articleSection":["DESTAQUES","POLICIA","ULTIMAS NOTICIAS"],"inLanguage":"pt-BR","potentialAction":[{"@type":"CommentAction","name":"Comment","target":["https:\/\/portalraizesnoticias.com.br\/?p=5883#respond"]}]},{"@type":"WebPage","@id":"https:\/\/portalraizesnoticias.com.br\/?p=5883","url":"https:\/\/portalraizesnoticias.com.br\/?p=5883","name":"Adolescente \u00e9 agredida pelo padrasto no distrito de Juazeirinho em Concei\u00e7\u00e3o do Coit\u00e9 - Portal raizes noticias","isPartOf":{"@id":"https:\/\/portalraizesnoticias.com.br\/#website"},"primaryImageOfPage":{"@id":"https:\/\/portalraizesnoticias.com.br\/?p=5883#primaryimage"},"image":{"@id":"https:\/\/portalraizesnoticias.com.br\/?p=5883#primaryimage"},"thumbnailUrl":"https:\/\/portalraizesnoticias.com.br\/wp-content\/uploads\/2025\/04\/Captura-de-tela-2022-04-26-133421.jpg","datePublished":"2025-04-15T15:36:37+00:00","dateModified":"2025-04-16T10:34:58+00:00","breadcrumb":{"@id":"https:\/\/portalraizesnoticias.com.br\/?p=5883#breadcrumb"},"inLanguage":"pt-BR","potentialAction":[{"@type":"ReadAction","target":["https:\/\/portalraizesnoticias.com.br\/?p=5883"]}]},{"@type":"ImageObject","inLanguage":"pt-BR","@id":"https:\/\/portalraizesnoticias.com.br\/?p=5883#primaryimage","url":"https:\/\/portalraizesnoticias.com.br\/wp-content\/uploads\/2025\/04\/Captura-de-tela-2022-04-26-133421.jpg","contentUrl":"https:\/\/portalraizesnoticias.com.br\/wp-content\/uploads\/2025\/04\/Captura-de-tela-2022-04-26-133421.jpg","width":645,"height":398},{"@type":"BreadcrumbList","@id":"https:\/\/portalraizesnoticias.com.br\/?p=5883#breadcrumb","itemListElement":[{"@type":"ListItem","position":1,"name":"In\u00edcio","item":"https:\/\/portalraizesnoticias.com.br\/"},{"@type":"ListItem","position":2,"name":"Adolescente \u00e9 agredida pelo padrasto no distrito de Juazeirinho em Concei\u00e7\u00e3o do Coit\u00e9"}]},{"@type":"WebSite","@id":"https:\/\/portalraizesnoticias.com.br\/#website","url":"https:\/\/portalraizesnoticias.com.br\/","name":"Portal raizes NOTICIAS","description":"site de noticias de concei\u00e7\u00e3o do coit\u00e9 e regi\u00e3o","publisher":{"@id":"https:\/\/portalraizesnoticias.com.br\/#organization"},"alternateName":"PORTAL RAIZES COIT\u00c9","potentialAction":[{"@type":"SearchAction","target":{"@type":"EntryPoint","urlTemplate":"https:\/\/portalraizesnoticias.com.br\/?s={search_term_string}"},"query-input":{"@type":"PropertyValueSpecification","valueRequired":true,"valueName":"search_term_string"}}],"inLanguage":"pt-BR"},{"@type":"Organization","@id":"https:\/\/portalraizesnoticias.com.br\/#organization","name":"Portal raizes NOTICIAS","url":"https:\/\/portalraizesnoticias.com.br\/","logo":{"@type":"ImageObject","inLanguage":"pt-BR","@id":"https:\/\/portalraizesnoticias.com.br\/#\/schema\/logo\/image\/","url":"https:\/\/portalraizesnoticias.com.br\/wp-content\/uploads\/2024\/09\/cropped-Captura-de-tela-2024-09-08-011108.png","contentUrl":"https:\/\/portalraizesnoticias.com.br\/wp-content\/uploads\/2024\/09\/cropped-Captura-de-tela-2024-09-08-011108.png","width":606,"height":173,"caption":"Portal raizes NOTICIAS"},"image":{"@id":"https:\/\/portalraizesnoticias.com.br\/#\/schema\/logo\/image\/"}},{"@type":"Person","@id":"https:\/\/portalraizesnoticias.com.br\/#\/schema\/person\/a3ca6b0fc701e78df19756c417d943ae","name":"Portal Raizes","image":{"@type":"ImageObject","inLanguage":"pt-BR","@id":"https:\/\/portalraizesnoticias.com.br\/#\/schema\/person\/image\/","url":"https:\/\/secure.gravatar.com\/avatar\/ef450d29013a3d3fba867a12a249d7b1?s=96&d=mm&r=g","contentUrl":"https:\/\/secure.gravatar.com\/avatar\/ef450d29013a3d3fba867a12a249d7b1?s=96&d=mm&r=g","caption":"Portal Raizes"},"url":"https:\/\/portalraizesnoticias.com.br\/?author=3"}]}},"_links":{"self":[{"href":"https:\/\/portalraizesnoticias.com.br\/index.php?rest_route=\/wp\/v2\/posts\/5883"}],"collection":[{"href":"https:\/\/portalraizesnoticias.com.br\/index.php?rest_route=\/wp\/v2\/posts"}],"about":[{"href":"https:\/\/portalraizesnoticias.com.br\/index.php?rest_route=\/wp\/v2\/types\/post"}],"author":[{"embeddable":true,"href":"https:\/\/portalraizesnoticias.com.br\/index.php?rest_route=\/wp\/v2\/users\/3"}],"replies":[{"embeddable":true,"href":"https:\/\/portalraizesnoticias.com.br\/index.php?rest_route=%2Fwp%2Fv2%2Fcomments&post=5883"}],"version-history":[{"count":3,"href":"https:\/\/portalraizesnoticias.com.br\/index.php?rest_route=\/wp\/v2\/posts\/5883\/revisions"}],"predecessor-version":[{"id":5894,"href":"https:\/\/portalraizesnoticias.com.br\/index.php?rest_route=\/wp\/v2\/posts\/5883\/revisions\/5894"}],"wp:featuredmedia":[{"embeddable":true,"href":"https:\/\/portalraizesnoticias.com.br\/index.php?rest_route=\/wp\/v2\/media\/5884"}],"wp:attachment":[{"href":"https:\/\/portalraizesnoticias.com.br\/index.php?rest_route=%2Fwp%2Fv2%2Fmedia&parent=5883"}],"wp:term":[{"taxonomy":"category","embeddable":true,"href":"https:\/\/portalraizesnoticias.com.br\/index.php?rest_route=%2Fwp%2Fv2%2Fcategories&post=5883"},{"taxonomy":"post_tag","embeddable":true,"href":"https:\/\/portalraizesnoticias.com.br\/index.php?rest_route=%2Fwp%2Fv2%2Ftags&post=5883"}],"curies":[{"name":"wp","href":"https:\/\/api.w.org\/{rel}","templated":true}]}}