{"id":5736,"date":"2025-04-11T13:19:15","date_gmt":"2025-04-11T16:19:15","guid":{"rendered":"https:\/\/portalraizesnoticias.com.br\/?p=5736"},"modified":"2025-04-11T13:19:48","modified_gmt":"2025-04-11T16:19:48","slug":"comissao-do-senado-aprova-porte-de-arma-para-mulheres-com-medida-protetiva","status":"publish","type":"post","link":"https:\/\/portalraizesnoticias.com.br\/?p=5736","title":{"rendered":"Comiss\u00e3o do Senado aprova porte de arma para mulheres com medida protetiva"},"content":{"rendered":"<p>Projeto que autoriza porte tempor\u00e1rio de arma para mulheres sob medida protetiva de urg\u00eancia foi aprovado nesta quarta-feira (9) pela Comiss\u00e3o de Direitos Humanos e Legisla\u00e7\u00e3o Participativa (CDH). O PL 3.272\/2024 teve voto favor\u00e1vel do relator, o senador Magno Malta (PL-ES), na forma de de um substitutivo, e agora segue para an\u00e1lise da Comiss\u00e3o de Seguran\u00e7a P\u00fablica (CSP).\u00a0O texto foi lido pelo senador Pl\u00ednio Val\u00e9rio (PSDB-AM).<\/p>\n<p>\u00a0<\/p>\n<p>Da ex-senadora Rosana Martinelli (MT), o projeto\u00a0permite a aquisi\u00e7\u00e3o, a posse e o porte de armas de fogo para mulheres a partir de 18 anos sob medida protetiva de urg\u00eancia. Nos demais casos, a idade m\u00ednima permanece 25 anos. Essa foi uma sugest\u00e3o do senador Alessandro Vieira (MDB-SE) acatada pelo relator.\u00a0 O projeto determina que, para obter a autoriza\u00e7\u00e3o do porte de arma, as mulheres dever\u00e3o cumprir os requisitos exigidos pelo Estatuto do Desarmamento, como capacidade t\u00e9cnica e psicol\u00f3gica para o manuseio da arma.\u00a0<\/p>\n<p><img fetchpriority=\"high\" decoding=\"async\" class=\"size-medium wp-image-3169 aligncenter\" src=\"https:\/\/portalraizesnoticias.com.br\/wp-content\/uploads\/2024\/12\/01-300x179.png\" alt=\"\" width=\"300\" height=\"179\" srcset=\"https:\/\/portalraizesnoticias.com.br\/wp-content\/uploads\/2024\/12\/01-300x179.png 300w, https:\/\/portalraizesnoticias.com.br\/wp-content\/uploads\/2024\/12\/01-1024x611.png 1024w, https:\/\/portalraizesnoticias.com.br\/wp-content\/uploads\/2024\/12\/01-768x458.png 768w, https:\/\/portalraizesnoticias.com.br\/wp-content\/uploads\/2024\/12\/01-1536x917.png 1536w, https:\/\/portalraizesnoticias.com.br\/wp-content\/uploads\/2024\/12\/01-2048x1222.png 2048w\" sizes=\"(max-width: 300px) 100vw, 300px\" \/><\/p>\n<p style=\"text-align: center;\"><strong>PUBLICIDADE<\/strong>\u00a0<\/p>\n<p>Em seu relat\u00f3rio, Malta afirma que a rede de prote\u00e7\u00e3o j\u00e1 criada ainda n\u00e3o \u00e9 suficiente para resguardar mulheres de seus agressores. A seu ver, embora &#8220;importantes e necess\u00e1rias&#8221;, as medidas protetivas por si s\u00f3 n\u00e3o podem impedir novas investidas contra as v\u00edtimas. \u201cO simples fato de o agressor saber que a v\u00edtima pode estar armada pode lev\u00e1-lo a reconsiderar antes de desrespeitar a medida protetiva\u201d, afirmou.\u00a0<\/p>\n<p>\u00a0<\/p>\n<p>Malta tamb\u00e9m aponta aumento do n\u00famero de feminic\u00eddios, citando dados do Anu\u00e1rio Brasileiro de Seguran\u00e7a P\u00fablica de 2024, segundo os quais, em 2023, foram concedidas mais de 540 mil medidas protetivas de urg\u00eancia e foram registradas mais de 848 mil chamadas relacionadas \u00e0 viol\u00eancia dom\u00e9stica ao Disque 190 da Pol\u00edcia Militar. \u201cNo entanto, apesar desse apelo por socorro, 1.448 mulheres foram mortas em 2023 e outras 1.459 em 2024, v\u00edtimas de feminic\u00eddio \u2014 uma m\u00e9dia de quatro mulheres por dia\u201d, enfatizou o relator.\u00a0<\/p>\n<p>\u00a0<\/p>\n<p><strong>Medida protetiva\u00a0<\/strong><\/p>\n<p>As medidas de prote\u00e7\u00e3o de urg\u00eancia s\u00e3o provid\u00eancias judiciais ou administrativas adotadas para proteger pessoas em situa\u00e7\u00e3o de risco iminente, especialmente em casos de viol\u00eancia dom\u00e9stica e familiar, conforme a Lei Maria da Penha. Elas podem incluir o afastamento do agressor da resid\u00eancia, a proibi\u00e7\u00e3o de contato ou aproxima\u00e7\u00e3o com a v\u00edtima, a restri\u00e7\u00e3o do porte de armas, o encaminhamento da v\u00edtima para programas de prote\u00e7\u00e3o ou abrigos, e a determina\u00e7\u00e3o de pagamento de alimentos provis\u00f3rios, entre outras medidas.\u00a0<\/p>\n<p>\u00a0<\/p>\n<p>Fonte: Ag\u00eancia Senado<\/p>\n<p>\u00a0<\/p>\n\n\n<p><\/p>\n","protected":false},"excerpt":{"rendered":"<p>Projeto que autoriza porte tempor\u00e1rio de arma para mulheres sob medida protetiva de urg\u00eancia foi aprovado nesta quarta-feira (9) pela Comiss\u00e3o de Direitos Humanos e Legisla\u00e7\u00e3o Participativa (CDH). O PL 3.272\/2024 teve voto favor\u00e1vel do relator, o senador Magno Malta (PL-ES), na forma de de um substitutivo, e agora segue para an\u00e1lise da Comiss\u00e3o de Seguran\u00e7a P\u00fablica (CSP).\u00a0O texto foi lido pelo senador Pl\u00ednio Val\u00e9rio (PSDB-AM). \u00a0 Da ex-senadora Rosana Martinelli (MT), o projeto\u00a0permite a aquisi\u00e7\u00e3o, a posse e o porte de armas de fogo para mulheres a partir de 18 anos sob medida protetiva de urg\u00eancia. Nos demais casos, a idade m\u00ednima permanece 25 anos. Essa foi uma sugest\u00e3o do senador Alessandro Vieira (MDB-SE) acatada pelo relator.\u00a0 O projeto determina que, para obter a autoriza\u00e7\u00e3o do porte de arma, as mulheres dever\u00e3o cumprir os requisitos exigidos pelo Estatuto do Desarmamento, como capacidade t\u00e9cnica e psicol\u00f3gica para o manuseio da arma.\u00a0 PUBLICIDADE\u00a0 Em seu relat\u00f3rio, Malta afirma que a rede de prote\u00e7\u00e3o j\u00e1 criada ainda n\u00e3o \u00e9 suficiente para resguardar mulheres de seus agressores. A seu ver, embora &#8220;importantes e necess\u00e1rias&#8221;, as medidas protetivas por si s\u00f3 n\u00e3o podem impedir novas investidas contra as v\u00edtimas. \u201cO simples fato de o agressor saber que a v\u00edtima pode estar armada pode lev\u00e1-lo a reconsiderar antes de desrespeitar a medida protetiva\u201d, afirmou.\u00a0 \u00a0 Malta tamb\u00e9m aponta aumento do n\u00famero de feminic\u00eddios, citando dados do Anu\u00e1rio Brasileiro de Seguran\u00e7a P\u00fablica de 2024, segundo os quais, em 2023, foram concedidas mais de 540 mil medidas protetivas de urg\u00eancia e foram registradas mais de 848 mil chamadas relacionadas \u00e0 viol\u00eancia dom\u00e9stica ao Disque 190 da Pol\u00edcia Militar. \u201cNo entanto, apesar desse apelo por socorro, 1.448 mulheres foram mortas em 2023 e outras 1.459 em 2024, v\u00edtimas de feminic\u00eddio \u2014 uma m\u00e9dia de quatro mulheres por dia\u201d, enfatizou o relator.\u00a0 \u00a0 Medida protetiva\u00a0 As medidas de prote\u00e7\u00e3o de urg\u00eancia s\u00e3o provid\u00eancias judiciais ou administrativas adotadas para proteger pessoas em situa\u00e7\u00e3o de risco iminente, especialmente em casos de viol\u00eancia dom\u00e9stica e familiar, conforme a Lei Maria da Penha. Elas podem incluir o afastamento do agressor da resid\u00eancia, a proibi\u00e7\u00e3o de contato ou aproxima\u00e7\u00e3o com a v\u00edtima, a restri\u00e7\u00e3o do porte de armas, o encaminhamento da v\u00edtima para programas de prote\u00e7\u00e3o ou abrigos, e a determina\u00e7\u00e3o de pagamento de alimentos provis\u00f3rios, entre outras medidas.\u00a0 \u00a0 Fonte: Ag\u00eancia Senado \u00a0<\/p>\n","protected":false},"author":3,"featured_media":5739,"comment_status":"open","ping_status":"open","sticky":false,"template":"","format":"standard","meta":{"_joinchat":[],"footnotes":""},"categories":[53,59],"tags":[633,961,962],"class_list":["post-5736","post","type-post","status-publish","format-standard","has-post-thumbnail","hentry","category-politica","category-ultimas-noticias","tag-mulheres","tag-porte-de-armas","tag-senado"],"yoast_head":"<!-- This site is optimized with the Yoast SEO plugin v24.4 - https:\/\/yoast.com\/wordpress\/plugins\/seo\/ -->\n<title>Comiss\u00e3o do Senado aprova porte de arma para mulheres com medida protetiva - Portal raizes noticias<\/title>\n<meta name=\"robots\" content=\"index, follow, max-snippet:-1, max-image-preview:large, max-video-preview:-1\" \/>\n<link rel=\"canonical\" href=\"https:\/\/portalraizesnoticias.com.br\/?p=5736\" \/>\n<meta property=\"og:locale\" content=\"pt_BR\" \/>\n<meta property=\"og:type\" content=\"article\" \/>\n<meta property=\"og:title\" content=\"Comiss\u00e3o do Senado aprova porte de arma para mulheres com medida protetiva - Portal raizes noticias\" \/>\n<meta property=\"og:description\" content=\"Projeto que autoriza porte tempor\u00e1rio de arma para mulheres sob medida protetiva de urg\u00eancia foi aprovado nesta quarta-feira (9) pela Comiss\u00e3o de Direitos Humanos e Legisla\u00e7\u00e3o Participativa (CDH). O PL 3.272\/2024 teve voto favor\u00e1vel do relator, o senador Magno Malta (PL-ES), na forma de de um substitutivo, e agora segue para an\u00e1lise da Comiss\u00e3o de Seguran\u00e7a P\u00fablica (CSP).\u00a0O texto foi lido pelo senador Pl\u00ednio Val\u00e9rio (PSDB-AM). \u00a0 Da ex-senadora Rosana Martinelli (MT), o projeto\u00a0permite a aquisi\u00e7\u00e3o, a posse e o porte de armas de fogo para mulheres a partir de 18 anos sob medida protetiva de urg\u00eancia. Nos demais casos, a idade m\u00ednima permanece 25 anos. Essa foi uma sugest\u00e3o do senador Alessandro Vieira (MDB-SE) acatada pelo relator.\u00a0 O projeto determina que, para obter a autoriza\u00e7\u00e3o do porte de arma, as mulheres dever\u00e3o cumprir os requisitos exigidos pelo Estatuto do Desarmamento, como capacidade t\u00e9cnica e psicol\u00f3gica para o manuseio da arma.\u00a0 PUBLICIDADE\u00a0 Em seu relat\u00f3rio, Malta afirma que a rede de prote\u00e7\u00e3o j\u00e1 criada ainda n\u00e3o \u00e9 suficiente para resguardar mulheres de seus agressores. A seu ver, embora &#8220;importantes e necess\u00e1rias&#8221;, as medidas protetivas por si s\u00f3 n\u00e3o podem impedir novas investidas contra as v\u00edtimas. \u201cO simples fato de o agressor saber que a v\u00edtima pode estar armada pode lev\u00e1-lo a reconsiderar antes de desrespeitar a medida protetiva\u201d, afirmou.\u00a0 \u00a0 Malta tamb\u00e9m aponta aumento do n\u00famero de feminic\u00eddios, citando dados do Anu\u00e1rio Brasileiro de Seguran\u00e7a P\u00fablica de 2024, segundo os quais, em 2023, foram concedidas mais de 540 mil medidas protetivas de urg\u00eancia e foram registradas mais de 848 mil chamadas relacionadas \u00e0 viol\u00eancia dom\u00e9stica ao Disque 190 da Pol\u00edcia Militar. \u201cNo entanto, apesar desse apelo por socorro, 1.448 mulheres foram mortas em 2023 e outras 1.459 em 2024, v\u00edtimas de feminic\u00eddio \u2014 uma m\u00e9dia de quatro mulheres por dia\u201d, enfatizou o relator.\u00a0 \u00a0 Medida protetiva\u00a0 As medidas de prote\u00e7\u00e3o de urg\u00eancia s\u00e3o provid\u00eancias judiciais ou administrativas adotadas para proteger pessoas em situa\u00e7\u00e3o de risco iminente, especialmente em casos de viol\u00eancia dom\u00e9stica e familiar, conforme a Lei Maria da Penha. Elas podem incluir o afastamento do agressor da resid\u00eancia, a proibi\u00e7\u00e3o de contato ou aproxima\u00e7\u00e3o com a v\u00edtima, a restri\u00e7\u00e3o do porte de armas, o encaminhamento da v\u00edtima para programas de prote\u00e7\u00e3o ou abrigos, e a determina\u00e7\u00e3o de pagamento de alimentos provis\u00f3rios, entre outras medidas.\u00a0 \u00a0 Fonte: Ag\u00eancia Senado \u00a0\" \/>\n<meta property=\"og:url\" content=\"https:\/\/portalraizesnoticias.com.br\/?p=5736\" \/>\n<meta property=\"og:site_name\" content=\"Portal raizes noticias\" \/>\n<meta property=\"article:published_time\" content=\"2025-04-11T16:19:15+00:00\" \/>\n<meta property=\"article:modified_time\" content=\"2025-04-11T16:19:48+00:00\" \/>\n<meta property=\"og:image\" content=\"https:\/\/portalraizesnoticias.com.br\/wp-content\/uploads\/2025\/04\/arma_de_fogo_cacs-768x461-1.jpg\" \/>\n\t<meta property=\"og:image:width\" content=\"768\" \/>\n\t<meta property=\"og:image:height\" content=\"461\" \/>\n\t<meta property=\"og:image:type\" content=\"image\/jpeg\" \/>\n<meta name=\"author\" content=\"Portal Raizes\" \/>\n<meta name=\"twitter:card\" content=\"summary_large_image\" \/>\n<meta name=\"twitter:label1\" content=\"Escrito por\" \/>\n\t<meta name=\"twitter:data1\" content=\"Portal Raizes\" \/>\n\t<meta name=\"twitter:label2\" content=\"Est. tempo de leitura\" \/>\n\t<meta name=\"twitter:data2\" content=\"3 minutos\" \/>\n<script type=\"application\/ld+json\" class=\"yoast-schema-graph\">{\"@context\":\"https:\/\/schema.org\",\"@graph\":[{\"@type\":\"Article\",\"@id\":\"https:\/\/portalraizesnoticias.com.br\/?p=5736#article\",\"isPartOf\":{\"@id\":\"https:\/\/portalraizesnoticias.com.br\/?p=5736\"},\"author\":{\"name\":\"Portal Raizes\",\"@id\":\"https:\/\/portalraizesnoticias.com.br\/#\/schema\/person\/a3ca6b0fc701e78df19756c417d943ae\"},\"headline\":\"Comiss\u00e3o do Senado aprova porte de arma para mulheres com medida protetiva\",\"datePublished\":\"2025-04-11T16:19:15+00:00\",\"dateModified\":\"2025-04-11T16:19:48+00:00\",\"mainEntityOfPage\":{\"@id\":\"https:\/\/portalraizesnoticias.com.br\/?p=5736\"},\"wordCount\":441,\"commentCount\":0,\"publisher\":{\"@id\":\"https:\/\/portalraizesnoticias.com.br\/#organization\"},\"image\":{\"@id\":\"https:\/\/portalraizesnoticias.com.br\/?p=5736#primaryimage\"},\"thumbnailUrl\":\"https:\/\/portalraizesnoticias.com.br\/wp-content\/uploads\/2025\/04\/arma_de_fogo_cacs-768x461-1.jpg\",\"keywords\":[\"Mulheres\",\"Porte de armas\",\"Senado\"],\"articleSection\":[\"POLITICA\",\"ULTIMAS NOTICIAS\"],\"inLanguage\":\"pt-BR\",\"potentialAction\":[{\"@type\":\"CommentAction\",\"name\":\"Comment\",\"target\":[\"https:\/\/portalraizesnoticias.com.br\/?p=5736#respond\"]}]},{\"@type\":\"WebPage\",\"@id\":\"https:\/\/portalraizesnoticias.com.br\/?p=5736\",\"url\":\"https:\/\/portalraizesnoticias.com.br\/?p=5736\",\"name\":\"Comiss\u00e3o do Senado aprova porte de arma para mulheres com medida protetiva - Portal raizes noticias\",\"isPartOf\":{\"@id\":\"https:\/\/portalraizesnoticias.com.br\/#website\"},\"primaryImageOfPage\":{\"@id\":\"https:\/\/portalraizesnoticias.com.br\/?p=5736#primaryimage\"},\"image\":{\"@id\":\"https:\/\/portalraizesnoticias.com.br\/?p=5736#primaryimage\"},\"thumbnailUrl\":\"https:\/\/portalraizesnoticias.com.br\/wp-content\/uploads\/2025\/04\/arma_de_fogo_cacs-768x461-1.jpg\",\"datePublished\":\"2025-04-11T16:19:15+00:00\",\"dateModified\":\"2025-04-11T16:19:48+00:00\",\"breadcrumb\":{\"@id\":\"https:\/\/portalraizesnoticias.com.br\/?p=5736#breadcrumb\"},\"inLanguage\":\"pt-BR\",\"potentialAction\":[{\"@type\":\"ReadAction\",\"target\":[\"https:\/\/portalraizesnoticias.com.br\/?p=5736\"]}]},{\"@type\":\"ImageObject\",\"inLanguage\":\"pt-BR\",\"@id\":\"https:\/\/portalraizesnoticias.com.br\/?p=5736#primaryimage\",\"url\":\"https:\/\/portalraizesnoticias.com.br\/wp-content\/uploads\/2025\/04\/arma_de_fogo_cacs-768x461-1.jpg\",\"contentUrl\":\"https:\/\/portalraizesnoticias.com.br\/wp-content\/uploads\/2025\/04\/arma_de_fogo_cacs-768x461-1.jpg\",\"width\":768,\"height\":461},{\"@type\":\"BreadcrumbList\",\"@id\":\"https:\/\/portalraizesnoticias.com.br\/?p=5736#breadcrumb\",\"itemListElement\":[{\"@type\":\"ListItem\",\"position\":1,\"name\":\"In\u00edcio\",\"item\":\"https:\/\/portalraizesnoticias.com.br\/\"},{\"@type\":\"ListItem\",\"position\":2,\"name\":\"Comiss\u00e3o do Senado aprova porte de arma para mulheres com medida protetiva\"}]},{\"@type\":\"WebSite\",\"@id\":\"https:\/\/portalraizesnoticias.com.br\/#website\",\"url\":\"https:\/\/portalraizesnoticias.com.br\/\",\"name\":\"Portal raizes NOTICIAS\",\"description\":\"site de noticias de concei\u00e7\u00e3o do coit\u00e9 e regi\u00e3o\",\"publisher\":{\"@id\":\"https:\/\/portalraizesnoticias.com.br\/#organization\"},\"alternateName\":\"PORTAL RAIZES COIT\u00c9\",\"potentialAction\":[{\"@type\":\"SearchAction\",\"target\":{\"@type\":\"EntryPoint\",\"urlTemplate\":\"https:\/\/portalraizesnoticias.com.br\/?s={search_term_string}\"},\"query-input\":{\"@type\":\"PropertyValueSpecification\",\"valueRequired\":true,\"valueName\":\"search_term_string\"}}],\"inLanguage\":\"pt-BR\"},{\"@type\":\"Organization\",\"@id\":\"https:\/\/portalraizesnoticias.com.br\/#organization\",\"name\":\"Portal raizes NOTICIAS\",\"url\":\"https:\/\/portalraizesnoticias.com.br\/\",\"logo\":{\"@type\":\"ImageObject\",\"inLanguage\":\"pt-BR\",\"@id\":\"https:\/\/portalraizesnoticias.com.br\/#\/schema\/logo\/image\/\",\"url\":\"https:\/\/portalraizesnoticias.com.br\/wp-content\/uploads\/2024\/09\/cropped-Captura-de-tela-2024-09-08-011108.png\",\"contentUrl\":\"https:\/\/portalraizesnoticias.com.br\/wp-content\/uploads\/2024\/09\/cropped-Captura-de-tela-2024-09-08-011108.png\",\"width\":606,\"height\":173,\"caption\":\"Portal raizes NOTICIAS\"},\"image\":{\"@id\":\"https:\/\/portalraizesnoticias.com.br\/#\/schema\/logo\/image\/\"}},{\"@type\":\"Person\",\"@id\":\"https:\/\/portalraizesnoticias.com.br\/#\/schema\/person\/a3ca6b0fc701e78df19756c417d943ae\",\"name\":\"Portal Raizes\",\"image\":{\"@type\":\"ImageObject\",\"inLanguage\":\"pt-BR\",\"@id\":\"https:\/\/portalraizesnoticias.com.br\/#\/schema\/person\/image\/\",\"url\":\"https:\/\/secure.gravatar.com\/avatar\/ef450d29013a3d3fba867a12a249d7b1?s=96&d=mm&r=g\",\"contentUrl\":\"https:\/\/secure.gravatar.com\/avatar\/ef450d29013a3d3fba867a12a249d7b1?s=96&d=mm&r=g\",\"caption\":\"Portal Raizes\"},\"url\":\"https:\/\/portalraizesnoticias.com.br\/?author=3\"}]}<\/script>\n<!-- \/ Yoast SEO plugin. -->","yoast_head_json":{"title":"Comiss\u00e3o do Senado aprova porte de arma para mulheres com medida protetiva - Portal raizes noticias","robots":{"index":"index","follow":"follow","max-snippet":"max-snippet:-1","max-image-preview":"max-image-preview:large","max-video-preview":"max-video-preview:-1"},"canonical":"https:\/\/portalraizesnoticias.com.br\/?p=5736","og_locale":"pt_BR","og_type":"article","og_title":"Comiss\u00e3o do Senado aprova porte de arma para mulheres com medida protetiva - Portal raizes noticias","og_description":"Projeto que autoriza porte tempor\u00e1rio de arma para mulheres sob medida protetiva de urg\u00eancia foi aprovado nesta quarta-feira (9) pela Comiss\u00e3o de Direitos Humanos e Legisla\u00e7\u00e3o Participativa (CDH). O PL 3.272\/2024 teve voto favor\u00e1vel do relator, o senador Magno Malta (PL-ES), na forma de de um substitutivo, e agora segue para an\u00e1lise da Comiss\u00e3o de Seguran\u00e7a P\u00fablica (CSP).\u00a0O texto foi lido pelo senador Pl\u00ednio Val\u00e9rio (PSDB-AM). \u00a0 Da ex-senadora Rosana Martinelli (MT), o projeto\u00a0permite a aquisi\u00e7\u00e3o, a posse e o porte de armas de fogo para mulheres a partir de 18 anos sob medida protetiva de urg\u00eancia. Nos demais casos, a idade m\u00ednima permanece 25 anos. Essa foi uma sugest\u00e3o do senador Alessandro Vieira (MDB-SE) acatada pelo relator.\u00a0 O projeto determina que, para obter a autoriza\u00e7\u00e3o do porte de arma, as mulheres dever\u00e3o cumprir os requisitos exigidos pelo Estatuto do Desarmamento, como capacidade t\u00e9cnica e psicol\u00f3gica para o manuseio da arma.\u00a0 PUBLICIDADE\u00a0 Em seu relat\u00f3rio, Malta afirma que a rede de prote\u00e7\u00e3o j\u00e1 criada ainda n\u00e3o \u00e9 suficiente para resguardar mulheres de seus agressores. A seu ver, embora &#8220;importantes e necess\u00e1rias&#8221;, as medidas protetivas por si s\u00f3 n\u00e3o podem impedir novas investidas contra as v\u00edtimas. \u201cO simples fato de o agressor saber que a v\u00edtima pode estar armada pode lev\u00e1-lo a reconsiderar antes de desrespeitar a medida protetiva\u201d, afirmou.\u00a0 \u00a0 Malta tamb\u00e9m aponta aumento do n\u00famero de feminic\u00eddios, citando dados do Anu\u00e1rio Brasileiro de Seguran\u00e7a P\u00fablica de 2024, segundo os quais, em 2023, foram concedidas mais de 540 mil medidas protetivas de urg\u00eancia e foram registradas mais de 848 mil chamadas relacionadas \u00e0 viol\u00eancia dom\u00e9stica ao Disque 190 da Pol\u00edcia Militar. \u201cNo entanto, apesar desse apelo por socorro, 1.448 mulheres foram mortas em 2023 e outras 1.459 em 2024, v\u00edtimas de feminic\u00eddio \u2014 uma m\u00e9dia de quatro mulheres por dia\u201d, enfatizou o relator.\u00a0 \u00a0 Medida protetiva\u00a0 As medidas de prote\u00e7\u00e3o de urg\u00eancia s\u00e3o provid\u00eancias judiciais ou administrativas adotadas para proteger pessoas em situa\u00e7\u00e3o de risco iminente, especialmente em casos de viol\u00eancia dom\u00e9stica e familiar, conforme a Lei Maria da Penha. Elas podem incluir o afastamento do agressor da resid\u00eancia, a proibi\u00e7\u00e3o de contato ou aproxima\u00e7\u00e3o com a v\u00edtima, a restri\u00e7\u00e3o do porte de armas, o encaminhamento da v\u00edtima para programas de prote\u00e7\u00e3o ou abrigos, e a determina\u00e7\u00e3o de pagamento de alimentos provis\u00f3rios, entre outras medidas.\u00a0 \u00a0 Fonte: Ag\u00eancia Senado \u00a0","og_url":"https:\/\/portalraizesnoticias.com.br\/?p=5736","og_site_name":"Portal raizes noticias","article_published_time":"2025-04-11T16:19:15+00:00","article_modified_time":"2025-04-11T16:19:48+00:00","og_image":[{"width":768,"height":461,"url":"https:\/\/portalraizesnoticias.com.br\/wp-content\/uploads\/2025\/04\/arma_de_fogo_cacs-768x461-1.jpg","type":"image\/jpeg"}],"author":"Portal Raizes","twitter_card":"summary_large_image","twitter_misc":{"Escrito por":"Portal Raizes","Est. tempo de leitura":"3 minutos"},"schema":{"@context":"https:\/\/schema.org","@graph":[{"@type":"Article","@id":"https:\/\/portalraizesnoticias.com.br\/?p=5736#article","isPartOf":{"@id":"https:\/\/portalraizesnoticias.com.br\/?p=5736"},"author":{"name":"Portal Raizes","@id":"https:\/\/portalraizesnoticias.com.br\/#\/schema\/person\/a3ca6b0fc701e78df19756c417d943ae"},"headline":"Comiss\u00e3o do Senado aprova porte de arma para mulheres com medida protetiva","datePublished":"2025-04-11T16:19:15+00:00","dateModified":"2025-04-11T16:19:48+00:00","mainEntityOfPage":{"@id":"https:\/\/portalraizesnoticias.com.br\/?p=5736"},"wordCount":441,"commentCount":0,"publisher":{"@id":"https:\/\/portalraizesnoticias.com.br\/#organization"},"image":{"@id":"https:\/\/portalraizesnoticias.com.br\/?p=5736#primaryimage"},"thumbnailUrl":"https:\/\/portalraizesnoticias.com.br\/wp-content\/uploads\/2025\/04\/arma_de_fogo_cacs-768x461-1.jpg","keywords":["Mulheres","Porte de armas","Senado"],"articleSection":["POLITICA","ULTIMAS NOTICIAS"],"inLanguage":"pt-BR","potentialAction":[{"@type":"CommentAction","name":"Comment","target":["https:\/\/portalraizesnoticias.com.br\/?p=5736#respond"]}]},{"@type":"WebPage","@id":"https:\/\/portalraizesnoticias.com.br\/?p=5736","url":"https:\/\/portalraizesnoticias.com.br\/?p=5736","name":"Comiss\u00e3o do Senado aprova porte de arma para mulheres com medida protetiva - Portal raizes noticias","isPartOf":{"@id":"https:\/\/portalraizesnoticias.com.br\/#website"},"primaryImageOfPage":{"@id":"https:\/\/portalraizesnoticias.com.br\/?p=5736#primaryimage"},"image":{"@id":"https:\/\/portalraizesnoticias.com.br\/?p=5736#primaryimage"},"thumbnailUrl":"https:\/\/portalraizesnoticias.com.br\/wp-content\/uploads\/2025\/04\/arma_de_fogo_cacs-768x461-1.jpg","datePublished":"2025-04-11T16:19:15+00:00","dateModified":"2025-04-11T16:19:48+00:00","breadcrumb":{"@id":"https:\/\/portalraizesnoticias.com.br\/?p=5736#breadcrumb"},"inLanguage":"pt-BR","potentialAction":[{"@type":"ReadAction","target":["https:\/\/portalraizesnoticias.com.br\/?p=5736"]}]},{"@type":"ImageObject","inLanguage":"pt-BR","@id":"https:\/\/portalraizesnoticias.com.br\/?p=5736#primaryimage","url":"https:\/\/portalraizesnoticias.com.br\/wp-content\/uploads\/2025\/04\/arma_de_fogo_cacs-768x461-1.jpg","contentUrl":"https:\/\/portalraizesnoticias.com.br\/wp-content\/uploads\/2025\/04\/arma_de_fogo_cacs-768x461-1.jpg","width":768,"height":461},{"@type":"BreadcrumbList","@id":"https:\/\/portalraizesnoticias.com.br\/?p=5736#breadcrumb","itemListElement":[{"@type":"ListItem","position":1,"name":"In\u00edcio","item":"https:\/\/portalraizesnoticias.com.br\/"},{"@type":"ListItem","position":2,"name":"Comiss\u00e3o do Senado aprova porte de arma para mulheres com medida protetiva"}]},{"@type":"WebSite","@id":"https:\/\/portalraizesnoticias.com.br\/#website","url":"https:\/\/portalraizesnoticias.com.br\/","name":"Portal raizes NOTICIAS","description":"site de noticias de concei\u00e7\u00e3o do coit\u00e9 e regi\u00e3o","publisher":{"@id":"https:\/\/portalraizesnoticias.com.br\/#organization"},"alternateName":"PORTAL RAIZES COIT\u00c9","potentialAction":[{"@type":"SearchAction","target":{"@type":"EntryPoint","urlTemplate":"https:\/\/portalraizesnoticias.com.br\/?s={search_term_string}"},"query-input":{"@type":"PropertyValueSpecification","valueRequired":true,"valueName":"search_term_string"}}],"inLanguage":"pt-BR"},{"@type":"Organization","@id":"https:\/\/portalraizesnoticias.com.br\/#organization","name":"Portal raizes NOTICIAS","url":"https:\/\/portalraizesnoticias.com.br\/","logo":{"@type":"ImageObject","inLanguage":"pt-BR","@id":"https:\/\/portalraizesnoticias.com.br\/#\/schema\/logo\/image\/","url":"https:\/\/portalraizesnoticias.com.br\/wp-content\/uploads\/2024\/09\/cropped-Captura-de-tela-2024-09-08-011108.png","contentUrl":"https:\/\/portalraizesnoticias.com.br\/wp-content\/uploads\/2024\/09\/cropped-Captura-de-tela-2024-09-08-011108.png","width":606,"height":173,"caption":"Portal raizes NOTICIAS"},"image":{"@id":"https:\/\/portalraizesnoticias.com.br\/#\/schema\/logo\/image\/"}},{"@type":"Person","@id":"https:\/\/portalraizesnoticias.com.br\/#\/schema\/person\/a3ca6b0fc701e78df19756c417d943ae","name":"Portal Raizes","image":{"@type":"ImageObject","inLanguage":"pt-BR","@id":"https:\/\/portalraizesnoticias.com.br\/#\/schema\/person\/image\/","url":"https:\/\/secure.gravatar.com\/avatar\/ef450d29013a3d3fba867a12a249d7b1?s=96&d=mm&r=g","contentUrl":"https:\/\/secure.gravatar.com\/avatar\/ef450d29013a3d3fba867a12a249d7b1?s=96&d=mm&r=g","caption":"Portal Raizes"},"url":"https:\/\/portalraizesnoticias.com.br\/?author=3"}]}},"_links":{"self":[{"href":"https:\/\/portalraizesnoticias.com.br\/index.php?rest_route=\/wp\/v2\/posts\/5736"}],"collection":[{"href":"https:\/\/portalraizesnoticias.com.br\/index.php?rest_route=\/wp\/v2\/posts"}],"about":[{"href":"https:\/\/portalraizesnoticias.com.br\/index.php?rest_route=\/wp\/v2\/types\/post"}],"author":[{"embeddable":true,"href":"https:\/\/portalraizesnoticias.com.br\/index.php?rest_route=\/wp\/v2\/users\/3"}],"replies":[{"embeddable":true,"href":"https:\/\/portalraizesnoticias.com.br\/index.php?rest_route=%2Fwp%2Fv2%2Fcomments&post=5736"}],"version-history":[{"count":1,"href":"https:\/\/portalraizesnoticias.com.br\/index.php?rest_route=\/wp\/v2\/posts\/5736\/revisions"}],"predecessor-version":[{"id":5738,"href":"https:\/\/portalraizesnoticias.com.br\/index.php?rest_route=\/wp\/v2\/posts\/5736\/revisions\/5738"}],"wp:featuredmedia":[{"embeddable":true,"href":"https:\/\/portalraizesnoticias.com.br\/index.php?rest_route=\/wp\/v2\/media\/5739"}],"wp:attachment":[{"href":"https:\/\/portalraizesnoticias.com.br\/index.php?rest_route=%2Fwp%2Fv2%2Fmedia&parent=5736"}],"wp:term":[{"taxonomy":"category","embeddable":true,"href":"https:\/\/portalraizesnoticias.com.br\/index.php?rest_route=%2Fwp%2Fv2%2Fcategories&post=5736"},{"taxonomy":"post_tag","embeddable":true,"href":"https:\/\/portalraizesnoticias.com.br\/index.php?rest_route=%2Fwp%2Fv2%2Ftags&post=5736"}],"curies":[{"name":"wp","href":"https:\/\/api.w.org\/{rel}","templated":true}]}}