{"id":5733,"date":"2025-04-11T13:02:40","date_gmt":"2025-04-11T16:02:40","guid":{"rendered":"https:\/\/portalraizesnoticias.com.br\/?p=5733"},"modified":"2025-04-11T13:02:40","modified_gmt":"2025-04-11T16:02:40","slug":"adolescente-de-17-anos-e-apreendido-apos-ser-flagrado-com-drogas-em-candeal","status":"publish","type":"post","link":"https:\/\/portalraizesnoticias.com.br\/?p=5733","title":{"rendered":"Adolescente de 17 anos \u00e9 apreendido ap\u00f3s ser flagrado com drogas em Candeal"},"content":{"rendered":"<p>Por volta de 17h10 desta quinta-feira (10), um adolescente de 17 anos foi conduzido \u00e0\u00a0 delegacia por porte de drogas na Rua Coronel Jos\u00e9 Rufino, em Candeal, regi\u00e3o sisaleira.<\/p>\n<p>Segundo o boletim de ocorr\u00eancia, a guarni\u00e7\u00e3o efetuava rondas quando, o indiv\u00edduo, ao avistar a viatura, dispensou ao ch\u00e3o uma embalagem pl\u00e1stica junto \u00e0 parede de uma constru\u00e7\u00e3o.<\/p>\n<p>Ao ser dado o comando para que parasse, efetuada a averigua\u00e7\u00e3o da embalagem, constatou-se tratar de 8 \u201ctrouxinhas\u201d de uma subst\u00e2ncia an\u00e1loga \u00e0 maconha.<\/p>\n<p>Indagado sobre a proced\u00eancia, o indiv\u00edduo n\u00e3o forneceu nenhuma informa\u00e7\u00e3o e alegou ser menor de idade.<\/p>\n<p>Ainda conforme os PMs, foi mantido contato com o Conselho Tutelar, por\u00e9m, a m\u00e3e do menino chegou ao local.<\/p>\n<p>O menor foi acompanhado da genitora, sendo conduzido \u00e0 Delegacia de pol\u00edcia em Serrinha para que fossem tomadas as provid\u00eancias exigidas.<\/p>\n<p>Reda\u00e7\u00e3o Portal Ra\u00edzes<\/p>\n<p>Foto: Ilustra\u00e7\u00e3o<\/p>\n","protected":false},"excerpt":{"rendered":"<p>Por volta de 17h10 desta quinta-feira (10), um adolescente de 17 anos foi conduzido \u00e0\u00a0 delegacia por porte de drogas na Rua Coronel Jos\u00e9 Rufino, em Candeal, regi\u00e3o sisaleira. Segundo o boletim de ocorr\u00eancia, a guarni\u00e7\u00e3o efetuava rondas quando, o indiv\u00edduo, ao avistar a viatura, dispensou ao ch\u00e3o uma embalagem pl\u00e1stica junto \u00e0 parede de uma constru\u00e7\u00e3o. Ao ser dado o comando para que parasse, efetuada a averigua\u00e7\u00e3o da embalagem, constatou-se tratar de 8 \u201ctrouxinhas\u201d de uma subst\u00e2ncia an\u00e1loga \u00e0 maconha. Indagado sobre a proced\u00eancia, o indiv\u00edduo n\u00e3o forneceu nenhuma informa\u00e7\u00e3o e alegou ser menor de idade. Ainda conforme os PMs, foi mantido contato com o Conselho Tutelar, por\u00e9m, a m\u00e3e do menino chegou ao local. O menor foi acompanhado da genitora, sendo conduzido \u00e0 Delegacia de pol\u00edcia em Serrinha para que fossem tomadas as provid\u00eancias exigidas. Reda\u00e7\u00e3o Portal Ra\u00edzes Foto: Ilustra\u00e7\u00e3o<\/p>\n","protected":false},"author":3,"featured_media":5734,"comment_status":"open","ping_status":"open","sticky":false,"template":"","format":"standard","meta":{"_joinchat":[],"footnotes":""},"categories":[67,59],"tags":[207,787,799,529],"class_list":["post-5733","post","type-post","status-publish","format-standard","has-post-thumbnail","hentry","category-policia","category-ultimas-noticias","tag-adolescente","tag-apreendido","tag-candeal","tag-drogas"],"yoast_head":"<!-- This site is optimized with the Yoast SEO plugin v24.4 - https:\/\/yoast.com\/wordpress\/plugins\/seo\/ -->\n<title>Adolescente de 17 anos \u00e9 apreendido ap\u00f3s ser flagrado com drogas em Candeal - Portal raizes noticias<\/title>\n<meta name=\"robots\" content=\"index, follow, max-snippet:-1, max-image-preview:large, max-video-preview:-1\" \/>\n<link rel=\"canonical\" href=\"https:\/\/portalraizesnoticias.com.br\/?p=5733\" \/>\n<meta property=\"og:locale\" content=\"pt_BR\" \/>\n<meta property=\"og:type\" content=\"article\" \/>\n<meta property=\"og:title\" content=\"Adolescente de 17 anos \u00e9 apreendido ap\u00f3s ser flagrado com drogas em Candeal - Portal raizes noticias\" \/>\n<meta property=\"og:description\" content=\"Por volta de 17h10 desta quinta-feira (10), um adolescente de 17 anos foi conduzido \u00e0\u00a0 delegacia por porte de drogas na Rua Coronel Jos\u00e9 Rufino, em Candeal, regi\u00e3o sisaleira. Segundo o boletim de ocorr\u00eancia, a guarni\u00e7\u00e3o efetuava rondas quando, o indiv\u00edduo, ao avistar a viatura, dispensou ao ch\u00e3o uma embalagem pl\u00e1stica junto \u00e0 parede de uma constru\u00e7\u00e3o. Ao ser dado o comando para que parasse, efetuada a averigua\u00e7\u00e3o da embalagem, constatou-se tratar de 8 \u201ctrouxinhas\u201d de uma subst\u00e2ncia an\u00e1loga \u00e0 maconha. Indagado sobre a proced\u00eancia, o indiv\u00edduo n\u00e3o forneceu nenhuma informa\u00e7\u00e3o e alegou ser menor de idade. Ainda conforme os PMs, foi mantido contato com o Conselho Tutelar, por\u00e9m, a m\u00e3e do menino chegou ao local. O menor foi acompanhado da genitora, sendo conduzido \u00e0 Delegacia de pol\u00edcia em Serrinha para que fossem tomadas as provid\u00eancias exigidas. Reda\u00e7\u00e3o Portal Ra\u00edzes Foto: Ilustra\u00e7\u00e3o\" \/>\n<meta property=\"og:url\" content=\"https:\/\/portalraizesnoticias.com.br\/?p=5733\" \/>\n<meta property=\"og:site_name\" content=\"Portal raizes noticias\" \/>\n<meta property=\"article:published_time\" content=\"2025-04-11T16:02:40+00:00\" \/>\n<meta property=\"og:image\" content=\"https:\/\/portalraizesnoticias.com.br\/wp-content\/uploads\/2025\/04\/IMG-20250411-WA0345.jpg\" \/>\n\t<meta property=\"og:image:width\" content=\"490\" \/>\n\t<meta property=\"og:image:height\" content=\"406\" \/>\n\t<meta property=\"og:image:type\" content=\"image\/jpeg\" \/>\n<meta name=\"author\" content=\"Portal Raizes\" \/>\n<meta name=\"twitter:card\" content=\"summary_large_image\" \/>\n<meta name=\"twitter:label1\" content=\"Escrito por\" \/>\n\t<meta name=\"twitter:data1\" content=\"Portal Raizes\" \/>\n\t<meta name=\"twitter:label2\" content=\"Est. tempo de leitura\" \/>\n\t<meta name=\"twitter:data2\" content=\"1 minuto\" \/>\n<script type=\"application\/ld+json\" class=\"yoast-schema-graph\">{\"@context\":\"https:\/\/schema.org\",\"@graph\":[{\"@type\":\"Article\",\"@id\":\"https:\/\/portalraizesnoticias.com.br\/?p=5733#article\",\"isPartOf\":{\"@id\":\"https:\/\/portalraizesnoticias.com.br\/?p=5733\"},\"author\":{\"name\":\"Portal Raizes\",\"@id\":\"https:\/\/portalraizesnoticias.com.br\/#\/schema\/person\/a3ca6b0fc701e78df19756c417d943ae\"},\"headline\":\"Adolescente de 17 anos \u00e9 apreendido ap\u00f3s ser flagrado com drogas em Candeal\",\"datePublished\":\"2025-04-11T16:02:40+00:00\",\"mainEntityOfPage\":{\"@id\":\"https:\/\/portalraizesnoticias.com.br\/?p=5733\"},\"wordCount\":168,\"commentCount\":0,\"publisher\":{\"@id\":\"https:\/\/portalraizesnoticias.com.br\/#organization\"},\"image\":{\"@id\":\"https:\/\/portalraizesnoticias.com.br\/?p=5733#primaryimage\"},\"thumbnailUrl\":\"https:\/\/portalraizesnoticias.com.br\/wp-content\/uploads\/2025\/04\/IMG-20250411-WA0345.jpg\",\"keywords\":[\"Adolescente\",\"Apreendido\",\"Candeal\",\"Drogas\"],\"articleSection\":[\"POLICIA\",\"ULTIMAS NOTICIAS\"],\"inLanguage\":\"pt-BR\",\"potentialAction\":[{\"@type\":\"CommentAction\",\"name\":\"Comment\",\"target\":[\"https:\/\/portalraizesnoticias.com.br\/?p=5733#respond\"]}]},{\"@type\":\"WebPage\",\"@id\":\"https:\/\/portalraizesnoticias.com.br\/?p=5733\",\"url\":\"https:\/\/portalraizesnoticias.com.br\/?p=5733\",\"name\":\"Adolescente de 17 anos \u00e9 apreendido ap\u00f3s ser flagrado com drogas em Candeal - Portal raizes noticias\",\"isPartOf\":{\"@id\":\"https:\/\/portalraizesnoticias.com.br\/#website\"},\"primaryImageOfPage\":{\"@id\":\"https:\/\/portalraizesnoticias.com.br\/?p=5733#primaryimage\"},\"image\":{\"@id\":\"https:\/\/portalraizesnoticias.com.br\/?p=5733#primaryimage\"},\"thumbnailUrl\":\"https:\/\/portalraizesnoticias.com.br\/wp-content\/uploads\/2025\/04\/IMG-20250411-WA0345.jpg\",\"datePublished\":\"2025-04-11T16:02:40+00:00\",\"breadcrumb\":{\"@id\":\"https:\/\/portalraizesnoticias.com.br\/?p=5733#breadcrumb\"},\"inLanguage\":\"pt-BR\",\"potentialAction\":[{\"@type\":\"ReadAction\",\"target\":[\"https:\/\/portalraizesnoticias.com.br\/?p=5733\"]}]},{\"@type\":\"ImageObject\",\"inLanguage\":\"pt-BR\",\"@id\":\"https:\/\/portalraizesnoticias.com.br\/?p=5733#primaryimage\",\"url\":\"https:\/\/portalraizesnoticias.com.br\/wp-content\/uploads\/2025\/04\/IMG-20250411-WA0345.jpg\",\"contentUrl\":\"https:\/\/portalraizesnoticias.com.br\/wp-content\/uploads\/2025\/04\/IMG-20250411-WA0345.jpg\",\"width\":490,\"height\":406},{\"@type\":\"BreadcrumbList\",\"@id\":\"https:\/\/portalraizesnoticias.com.br\/?p=5733#breadcrumb\",\"itemListElement\":[{\"@type\":\"ListItem\",\"position\":1,\"name\":\"In\u00edcio\",\"item\":\"https:\/\/portalraizesnoticias.com.br\/\"},{\"@type\":\"ListItem\",\"position\":2,\"name\":\"Adolescente de 17 anos \u00e9 apreendido ap\u00f3s ser flagrado com drogas em Candeal\"}]},{\"@type\":\"WebSite\",\"@id\":\"https:\/\/portalraizesnoticias.com.br\/#website\",\"url\":\"https:\/\/portalraizesnoticias.com.br\/\",\"name\":\"Portal raizes NOTICIAS\",\"description\":\"site de noticias de concei\u00e7\u00e3o do coit\u00e9 e regi\u00e3o\",\"publisher\":{\"@id\":\"https:\/\/portalraizesnoticias.com.br\/#organization\"},\"alternateName\":\"PORTAL RAIZES COIT\u00c9\",\"potentialAction\":[{\"@type\":\"SearchAction\",\"target\":{\"@type\":\"EntryPoint\",\"urlTemplate\":\"https:\/\/portalraizesnoticias.com.br\/?s={search_term_string}\"},\"query-input\":{\"@type\":\"PropertyValueSpecification\",\"valueRequired\":true,\"valueName\":\"search_term_string\"}}],\"inLanguage\":\"pt-BR\"},{\"@type\":\"Organization\",\"@id\":\"https:\/\/portalraizesnoticias.com.br\/#organization\",\"name\":\"Portal raizes NOTICIAS\",\"url\":\"https:\/\/portalraizesnoticias.com.br\/\",\"logo\":{\"@type\":\"ImageObject\",\"inLanguage\":\"pt-BR\",\"@id\":\"https:\/\/portalraizesnoticias.com.br\/#\/schema\/logo\/image\/\",\"url\":\"https:\/\/portalraizesnoticias.com.br\/wp-content\/uploads\/2024\/09\/cropped-Captura-de-tela-2024-09-08-011108.png\",\"contentUrl\":\"https:\/\/portalraizesnoticias.com.br\/wp-content\/uploads\/2024\/09\/cropped-Captura-de-tela-2024-09-08-011108.png\",\"width\":606,\"height\":173,\"caption\":\"Portal raizes NOTICIAS\"},\"image\":{\"@id\":\"https:\/\/portalraizesnoticias.com.br\/#\/schema\/logo\/image\/\"}},{\"@type\":\"Person\",\"@id\":\"https:\/\/portalraizesnoticias.com.br\/#\/schema\/person\/a3ca6b0fc701e78df19756c417d943ae\",\"name\":\"Portal Raizes\",\"image\":{\"@type\":\"ImageObject\",\"inLanguage\":\"pt-BR\",\"@id\":\"https:\/\/portalraizesnoticias.com.br\/#\/schema\/person\/image\/\",\"url\":\"https:\/\/secure.gravatar.com\/avatar\/ef450d29013a3d3fba867a12a249d7b1?s=96&d=mm&r=g\",\"contentUrl\":\"https:\/\/secure.gravatar.com\/avatar\/ef450d29013a3d3fba867a12a249d7b1?s=96&d=mm&r=g\",\"caption\":\"Portal Raizes\"},\"url\":\"https:\/\/portalraizesnoticias.com.br\/?author=3\"}]}<\/script>\n<!-- \/ Yoast SEO plugin. -->","yoast_head_json":{"title":"Adolescente de 17 anos \u00e9 apreendido ap\u00f3s ser flagrado com drogas em Candeal - Portal raizes noticias","robots":{"index":"index","follow":"follow","max-snippet":"max-snippet:-1","max-image-preview":"max-image-preview:large","max-video-preview":"max-video-preview:-1"},"canonical":"https:\/\/portalraizesnoticias.com.br\/?p=5733","og_locale":"pt_BR","og_type":"article","og_title":"Adolescente de 17 anos \u00e9 apreendido ap\u00f3s ser flagrado com drogas em Candeal - Portal raizes noticias","og_description":"Por volta de 17h10 desta quinta-feira (10), um adolescente de 17 anos foi conduzido \u00e0\u00a0 delegacia por porte de drogas na Rua Coronel Jos\u00e9 Rufino, em Candeal, regi\u00e3o sisaleira. Segundo o boletim de ocorr\u00eancia, a guarni\u00e7\u00e3o efetuava rondas quando, o indiv\u00edduo, ao avistar a viatura, dispensou ao ch\u00e3o uma embalagem pl\u00e1stica junto \u00e0 parede de uma constru\u00e7\u00e3o. Ao ser dado o comando para que parasse, efetuada a averigua\u00e7\u00e3o da embalagem, constatou-se tratar de 8 \u201ctrouxinhas\u201d de uma subst\u00e2ncia an\u00e1loga \u00e0 maconha. Indagado sobre a proced\u00eancia, o indiv\u00edduo n\u00e3o forneceu nenhuma informa\u00e7\u00e3o e alegou ser menor de idade. Ainda conforme os PMs, foi mantido contato com o Conselho Tutelar, por\u00e9m, a m\u00e3e do menino chegou ao local. O menor foi acompanhado da genitora, sendo conduzido \u00e0 Delegacia de pol\u00edcia em Serrinha para que fossem tomadas as provid\u00eancias exigidas. Reda\u00e7\u00e3o Portal Ra\u00edzes Foto: Ilustra\u00e7\u00e3o","og_url":"https:\/\/portalraizesnoticias.com.br\/?p=5733","og_site_name":"Portal raizes noticias","article_published_time":"2025-04-11T16:02:40+00:00","og_image":[{"width":490,"height":406,"url":"https:\/\/portalraizesnoticias.com.br\/wp-content\/uploads\/2025\/04\/IMG-20250411-WA0345.jpg","type":"image\/jpeg"}],"author":"Portal Raizes","twitter_card":"summary_large_image","twitter_misc":{"Escrito por":"Portal Raizes","Est. tempo de leitura":"1 minuto"},"schema":{"@context":"https:\/\/schema.org","@graph":[{"@type":"Article","@id":"https:\/\/portalraizesnoticias.com.br\/?p=5733#article","isPartOf":{"@id":"https:\/\/portalraizesnoticias.com.br\/?p=5733"},"author":{"name":"Portal Raizes","@id":"https:\/\/portalraizesnoticias.com.br\/#\/schema\/person\/a3ca6b0fc701e78df19756c417d943ae"},"headline":"Adolescente de 17 anos \u00e9 apreendido ap\u00f3s ser flagrado com drogas em Candeal","datePublished":"2025-04-11T16:02:40+00:00","mainEntityOfPage":{"@id":"https:\/\/portalraizesnoticias.com.br\/?p=5733"},"wordCount":168,"commentCount":0,"publisher":{"@id":"https:\/\/portalraizesnoticias.com.br\/#organization"},"image":{"@id":"https:\/\/portalraizesnoticias.com.br\/?p=5733#primaryimage"},"thumbnailUrl":"https:\/\/portalraizesnoticias.com.br\/wp-content\/uploads\/2025\/04\/IMG-20250411-WA0345.jpg","keywords":["Adolescente","Apreendido","Candeal","Drogas"],"articleSection":["POLICIA","ULTIMAS NOTICIAS"],"inLanguage":"pt-BR","potentialAction":[{"@type":"CommentAction","name":"Comment","target":["https:\/\/portalraizesnoticias.com.br\/?p=5733#respond"]}]},{"@type":"WebPage","@id":"https:\/\/portalraizesnoticias.com.br\/?p=5733","url":"https:\/\/portalraizesnoticias.com.br\/?p=5733","name":"Adolescente de 17 anos \u00e9 apreendido ap\u00f3s ser flagrado com drogas em Candeal - Portal raizes noticias","isPartOf":{"@id":"https:\/\/portalraizesnoticias.com.br\/#website"},"primaryImageOfPage":{"@id":"https:\/\/portalraizesnoticias.com.br\/?p=5733#primaryimage"},"image":{"@id":"https:\/\/portalraizesnoticias.com.br\/?p=5733#primaryimage"},"thumbnailUrl":"https:\/\/portalraizesnoticias.com.br\/wp-content\/uploads\/2025\/04\/IMG-20250411-WA0345.jpg","datePublished":"2025-04-11T16:02:40+00:00","breadcrumb":{"@id":"https:\/\/portalraizesnoticias.com.br\/?p=5733#breadcrumb"},"inLanguage":"pt-BR","potentialAction":[{"@type":"ReadAction","target":["https:\/\/portalraizesnoticias.com.br\/?p=5733"]}]},{"@type":"ImageObject","inLanguage":"pt-BR","@id":"https:\/\/portalraizesnoticias.com.br\/?p=5733#primaryimage","url":"https:\/\/portalraizesnoticias.com.br\/wp-content\/uploads\/2025\/04\/IMG-20250411-WA0345.jpg","contentUrl":"https:\/\/portalraizesnoticias.com.br\/wp-content\/uploads\/2025\/04\/IMG-20250411-WA0345.jpg","width":490,"height":406},{"@type":"BreadcrumbList","@id":"https:\/\/portalraizesnoticias.com.br\/?p=5733#breadcrumb","itemListElement":[{"@type":"ListItem","position":1,"name":"In\u00edcio","item":"https:\/\/portalraizesnoticias.com.br\/"},{"@type":"ListItem","position":2,"name":"Adolescente de 17 anos \u00e9 apreendido ap\u00f3s ser flagrado com drogas em Candeal"}]},{"@type":"WebSite","@id":"https:\/\/portalraizesnoticias.com.br\/#website","url":"https:\/\/portalraizesnoticias.com.br\/","name":"Portal raizes NOTICIAS","description":"site de noticias de concei\u00e7\u00e3o do coit\u00e9 e regi\u00e3o","publisher":{"@id":"https:\/\/portalraizesnoticias.com.br\/#organization"},"alternateName":"PORTAL RAIZES COIT\u00c9","potentialAction":[{"@type":"SearchAction","target":{"@type":"EntryPoint","urlTemplate":"https:\/\/portalraizesnoticias.com.br\/?s={search_term_string}"},"query-input":{"@type":"PropertyValueSpecification","valueRequired":true,"valueName":"search_term_string"}}],"inLanguage":"pt-BR"},{"@type":"Organization","@id":"https:\/\/portalraizesnoticias.com.br\/#organization","name":"Portal raizes NOTICIAS","url":"https:\/\/portalraizesnoticias.com.br\/","logo":{"@type":"ImageObject","inLanguage":"pt-BR","@id":"https:\/\/portalraizesnoticias.com.br\/#\/schema\/logo\/image\/","url":"https:\/\/portalraizesnoticias.com.br\/wp-content\/uploads\/2024\/09\/cropped-Captura-de-tela-2024-09-08-011108.png","contentUrl":"https:\/\/portalraizesnoticias.com.br\/wp-content\/uploads\/2024\/09\/cropped-Captura-de-tela-2024-09-08-011108.png","width":606,"height":173,"caption":"Portal raizes NOTICIAS"},"image":{"@id":"https:\/\/portalraizesnoticias.com.br\/#\/schema\/logo\/image\/"}},{"@type":"Person","@id":"https:\/\/portalraizesnoticias.com.br\/#\/schema\/person\/a3ca6b0fc701e78df19756c417d943ae","name":"Portal Raizes","image":{"@type":"ImageObject","inLanguage":"pt-BR","@id":"https:\/\/portalraizesnoticias.com.br\/#\/schema\/person\/image\/","url":"https:\/\/secure.gravatar.com\/avatar\/ef450d29013a3d3fba867a12a249d7b1?s=96&d=mm&r=g","contentUrl":"https:\/\/secure.gravatar.com\/avatar\/ef450d29013a3d3fba867a12a249d7b1?s=96&d=mm&r=g","caption":"Portal Raizes"},"url":"https:\/\/portalraizesnoticias.com.br\/?author=3"}]}},"_links":{"self":[{"href":"https:\/\/portalraizesnoticias.com.br\/index.php?rest_route=\/wp\/v2\/posts\/5733"}],"collection":[{"href":"https:\/\/portalraizesnoticias.com.br\/index.php?rest_route=\/wp\/v2\/posts"}],"about":[{"href":"https:\/\/portalraizesnoticias.com.br\/index.php?rest_route=\/wp\/v2\/types\/post"}],"author":[{"embeddable":true,"href":"https:\/\/portalraizesnoticias.com.br\/index.php?rest_route=\/wp\/v2\/users\/3"}],"replies":[{"embeddable":true,"href":"https:\/\/portalraizesnoticias.com.br\/index.php?rest_route=%2Fwp%2Fv2%2Fcomments&post=5733"}],"version-history":[{"count":1,"href":"https:\/\/portalraizesnoticias.com.br\/index.php?rest_route=\/wp\/v2\/posts\/5733\/revisions"}],"predecessor-version":[{"id":5735,"href":"https:\/\/portalraizesnoticias.com.br\/index.php?rest_route=\/wp\/v2\/posts\/5733\/revisions\/5735"}],"wp:featuredmedia":[{"embeddable":true,"href":"https:\/\/portalraizesnoticias.com.br\/index.php?rest_route=\/wp\/v2\/media\/5734"}],"wp:attachment":[{"href":"https:\/\/portalraizesnoticias.com.br\/index.php?rest_route=%2Fwp%2Fv2%2Fmedia&parent=5733"}],"wp:term":[{"taxonomy":"category","embeddable":true,"href":"https:\/\/portalraizesnoticias.com.br\/index.php?rest_route=%2Fwp%2Fv2%2Fcategories&post=5733"},{"taxonomy":"post_tag","embeddable":true,"href":"https:\/\/portalraizesnoticias.com.br\/index.php?rest_route=%2Fwp%2Fv2%2Ftags&post=5733"}],"curies":[{"name":"wp","href":"https:\/\/api.w.org\/{rel}","templated":true}]}}