{"id":5695,"date":"2025-04-09T20:57:09","date_gmt":"2025-04-09T23:57:09","guid":{"rendered":"https:\/\/portalraizesnoticias.com.br\/?p=5695"},"modified":"2025-04-09T21:00:47","modified_gmt":"2025-04-10T00:00:47","slug":"coite-com-o-tema-uma-viagem-ao-mundo-do-chocolate-vila-pascoa-2025-promete-atrair-milhares-de-pessoas","status":"publish","type":"post","link":"https:\/\/portalraizesnoticias.com.br\/?p=5695","title":{"rendered":"Coit\u00e9: Com o tema, \u201cUma Viagem ao Mundo do Chocolate\u201d, Vila P\u00e1scoa 2025 promete atrair milhares de pessoas"},"content":{"rendered":"<p>Entre os dias 14 e 20 de abril, Concei\u00e7\u00e3o do Coit\u00e9 ser\u00e1 palco de mais uma edi\u00e7\u00e3o da Vila da P\u00e1scoa, evento que j\u00e1 se consolidou no calend\u00e1rio cultural do munic\u00edpio como uma importante a\u00e7\u00e3o de valoriza\u00e7\u00e3o da cultura e da economia local. A programa\u00e7\u00e3o acontece na Pra\u00e7a da Babil\u00f4nia e no Centro Cultural Ana Rios de Ara\u00fajo.<\/p>\n<p>O diretor do Centro Cultural, Lucas Afonso, informou que o tema ser\u00e1 \u201cUma Viagem ao Mundo do Chocolate\u201d. \u201cA gente passa por v\u00e1rias culturas, mostrando as diferentes formas de se comemorar a P\u00e1scoa, com foco principal na ressurrei\u00e7\u00e3o de Cristo, que \u00e9 a ess\u00eancia da data. Mas tamb\u00e9m abordamos o aspecto log\u00edstico e comercial, como a tradi\u00e7\u00e3o dos ovos de chocolate, at\u00e9 chegar \u00e0 dimens\u00e3o religiosa, que \u00e9 o maior ato de amor do mundo: a paix\u00e3o de Cristo\u201d, explica Lucas.<\/p>\n<p>A Vila da P\u00e1scoa foi pensada para receber p\u00fablicos de todas as idades, com destaque para as crian\u00e7as, que poder\u00e3o participar de atividades interativas e assistir ao espet\u00e1culo \u201cA Viagem ao Chocolate\u201d, que acontece diariamente no audit\u00f3rio do Centro Cultural, das 17h \u00e0s 22h. Al\u00e9m disso, a popula\u00e7\u00e3o poder\u00e1 visitar a tradicional Casa do Coelho, a F\u00e1brica de Chocolate, e adquirir produtos exclusivos na vila montada com ovos de P\u00e1scoa artesanais, produzidos por confeiteiras da cidade.<\/p>\n<p>Uma das grandes novidades desta edi\u00e7\u00e3o \u00e9 a Ca\u00e7a aos Ovos, uma atividade divertida e interativa voltada especialmente para o p\u00fablico infantil, que promete tornar a experi\u00eancia ainda mais envolvente.<\/p>\n<p>A expectativa da organiza\u00e7\u00e3o \u00e9 superar os n\u00fameros do ano passado, quando mais de 4 mil pessoas por dia passaram pela Vila da P\u00e1scoa. \u201cEsperamos um p\u00fablico ainda maior, incluindo visitantes de cidades vizinhas que j\u00e1 aguardam essa \u00e9poca para vir a Coit\u00e9 comprar os produtos da nossa vila. A expectativa \u00e9 de mais um ano de muita do\u00e7ura, chocolate e, claro, de vivenciar o verdadeiro sentido da P\u00e1scoa\u201d, finaliza Lucas.A Vila da P\u00e1scoa \u00e9 uma realiza\u00e7\u00e3o da Prefeitura Municipal de Concei\u00e7\u00e3o do Coit\u00e9, por meio da Secretaria de Educa\u00e7\u00e3o, Cultura e Esporte.<\/p>\n<p>Informa\u00e7\u00f5es e foto: Ascom<\/p>\n","protected":false},"excerpt":{"rendered":"<p>Entre os dias 14 e 20 de abril, Concei\u00e7\u00e3o do Coit\u00e9 ser\u00e1 palco de mais uma edi\u00e7\u00e3o da Vila da P\u00e1scoa, evento que j\u00e1 se consolidou no calend\u00e1rio cultural do munic\u00edpio como uma importante a\u00e7\u00e3o de valoriza\u00e7\u00e3o da cultura e da economia local. A programa\u00e7\u00e3o acontece na Pra\u00e7a da Babil\u00f4nia e no Centro Cultural Ana Rios de Ara\u00fajo. O diretor do Centro Cultural, Lucas Afonso, informou que o tema ser\u00e1 \u201cUma Viagem ao Mundo do Chocolate\u201d. \u201cA gente passa por v\u00e1rias culturas, mostrando as diferentes formas de se comemorar a P\u00e1scoa, com foco principal na ressurrei\u00e7\u00e3o de Cristo, que \u00e9 a ess\u00eancia da data. Mas tamb\u00e9m abordamos o aspecto log\u00edstico e comercial, como a tradi\u00e7\u00e3o dos ovos de chocolate, at\u00e9 chegar \u00e0 dimens\u00e3o religiosa, que \u00e9 o maior ato de amor do mundo: a paix\u00e3o de Cristo\u201d, explica Lucas. A Vila da P\u00e1scoa foi pensada para receber p\u00fablicos de todas as idades, com destaque para as crian\u00e7as, que poder\u00e3o participar de atividades interativas e assistir ao espet\u00e1culo \u201cA Viagem ao Chocolate\u201d, que acontece diariamente no audit\u00f3rio do Centro Cultural, das 17h \u00e0s 22h. Al\u00e9m disso, a popula\u00e7\u00e3o poder\u00e1 visitar a tradicional Casa do Coelho, a F\u00e1brica de Chocolate, e adquirir produtos exclusivos na vila montada com ovos de P\u00e1scoa artesanais, produzidos por confeiteiras da cidade. Uma das grandes novidades desta edi\u00e7\u00e3o \u00e9 a Ca\u00e7a aos Ovos, uma atividade divertida e interativa voltada especialmente para o p\u00fablico infantil, que promete tornar a experi\u00eancia ainda mais envolvente. A expectativa da organiza\u00e7\u00e3o \u00e9 superar os n\u00fameros do ano passado, quando mais de 4 mil pessoas por dia passaram pela Vila da P\u00e1scoa. \u201cEsperamos um p\u00fablico ainda maior, incluindo visitantes de cidades vizinhas que j\u00e1 aguardam essa \u00e9poca para vir a Coit\u00e9 comprar os produtos da nossa vila. A expectativa \u00e9 de mais um ano de muita do\u00e7ura, chocolate e, claro, de vivenciar o verdadeiro sentido da P\u00e1scoa\u201d, finaliza Lucas.A Vila da P\u00e1scoa \u00e9 uma realiza\u00e7\u00e3o da Prefeitura Municipal de Concei\u00e7\u00e3o do Coit\u00e9, por meio da Secretaria de Educa\u00e7\u00e3o, Cultura e Esporte. Informa\u00e7\u00f5es e foto: Ascom<\/p>\n","protected":false},"author":3,"featured_media":5696,"comment_status":"open","ping_status":"open","sticky":false,"template":"","format":"standard","meta":{"_joinchat":[],"footnotes":""},"categories":[69,59],"tags":[137,75,954],"class_list":["post-5695","post","type-post","status-publish","format-standard","has-post-thumbnail","hentry","category-entreterimento-e-cultura","category-ultimas-noticias","tag-bahia","tag-coite","tag-vila-pascoa-2025"],"yoast_head":"<!-- This site is optimized with the Yoast SEO plugin v24.4 - https:\/\/yoast.com\/wordpress\/plugins\/seo\/ -->\n<title>Coit\u00e9: Com o tema, \u201cUma Viagem ao Mundo do Chocolate\u201d, Vila P\u00e1scoa 2025 promete atrair milhares de pessoas - Portal raizes noticias<\/title>\n<meta name=\"robots\" content=\"index, follow, max-snippet:-1, max-image-preview:large, max-video-preview:-1\" \/>\n<link rel=\"canonical\" href=\"https:\/\/portalraizesnoticias.com.br\/?p=5695\" \/>\n<meta property=\"og:locale\" content=\"pt_BR\" \/>\n<meta property=\"og:type\" content=\"article\" \/>\n<meta property=\"og:title\" content=\"Coit\u00e9: Com o tema, \u201cUma Viagem ao Mundo do Chocolate\u201d, Vila P\u00e1scoa 2025 promete atrair milhares de pessoas - Portal raizes noticias\" \/>\n<meta property=\"og:description\" content=\"Entre os dias 14 e 20 de abril, Concei\u00e7\u00e3o do Coit\u00e9 ser\u00e1 palco de mais uma edi\u00e7\u00e3o da Vila da P\u00e1scoa, evento que j\u00e1 se consolidou no calend\u00e1rio cultural do munic\u00edpio como uma importante a\u00e7\u00e3o de valoriza\u00e7\u00e3o da cultura e da economia local. A programa\u00e7\u00e3o acontece na Pra\u00e7a da Babil\u00f4nia e no Centro Cultural Ana Rios de Ara\u00fajo. O diretor do Centro Cultural, Lucas Afonso, informou que o tema ser\u00e1 \u201cUma Viagem ao Mundo do Chocolate\u201d. \u201cA gente passa por v\u00e1rias culturas, mostrando as diferentes formas de se comemorar a P\u00e1scoa, com foco principal na ressurrei\u00e7\u00e3o de Cristo, que \u00e9 a ess\u00eancia da data. Mas tamb\u00e9m abordamos o aspecto log\u00edstico e comercial, como a tradi\u00e7\u00e3o dos ovos de chocolate, at\u00e9 chegar \u00e0 dimens\u00e3o religiosa, que \u00e9 o maior ato de amor do mundo: a paix\u00e3o de Cristo\u201d, explica Lucas. A Vila da P\u00e1scoa foi pensada para receber p\u00fablicos de todas as idades, com destaque para as crian\u00e7as, que poder\u00e3o participar de atividades interativas e assistir ao espet\u00e1culo \u201cA Viagem ao Chocolate\u201d, que acontece diariamente no audit\u00f3rio do Centro Cultural, das 17h \u00e0s 22h. Al\u00e9m disso, a popula\u00e7\u00e3o poder\u00e1 visitar a tradicional Casa do Coelho, a F\u00e1brica de Chocolate, e adquirir produtos exclusivos na vila montada com ovos de P\u00e1scoa artesanais, produzidos por confeiteiras da cidade. Uma das grandes novidades desta edi\u00e7\u00e3o \u00e9 a Ca\u00e7a aos Ovos, uma atividade divertida e interativa voltada especialmente para o p\u00fablico infantil, que promete tornar a experi\u00eancia ainda mais envolvente. A expectativa da organiza\u00e7\u00e3o \u00e9 superar os n\u00fameros do ano passado, quando mais de 4 mil pessoas por dia passaram pela Vila da P\u00e1scoa. \u201cEsperamos um p\u00fablico ainda maior, incluindo visitantes de cidades vizinhas que j\u00e1 aguardam essa \u00e9poca para vir a Coit\u00e9 comprar os produtos da nossa vila. A expectativa \u00e9 de mais um ano de muita do\u00e7ura, chocolate e, claro, de vivenciar o verdadeiro sentido da P\u00e1scoa\u201d, finaliza Lucas.A Vila da P\u00e1scoa \u00e9 uma realiza\u00e7\u00e3o da Prefeitura Municipal de Concei\u00e7\u00e3o do Coit\u00e9, por meio da Secretaria de Educa\u00e7\u00e3o, Cultura e Esporte. Informa\u00e7\u00f5es e foto: Ascom\" \/>\n<meta property=\"og:url\" content=\"https:\/\/portalraizesnoticias.com.br\/?p=5695\" \/>\n<meta property=\"og:site_name\" content=\"Portal raizes noticias\" \/>\n<meta property=\"article:published_time\" content=\"2025-04-09T23:57:09+00:00\" \/>\n<meta property=\"article:modified_time\" content=\"2025-04-10T00:00:47+00:00\" \/>\n<meta property=\"og:image\" content=\"https:\/\/portalraizesnoticias.com.br\/wp-content\/uploads\/2025\/04\/VAL_0525-scaled-1.jpg\" \/>\n\t<meta property=\"og:image:width\" content=\"1024\" \/>\n\t<meta property=\"og:image:height\" content=\"683\" \/>\n\t<meta property=\"og:image:type\" content=\"image\/jpeg\" \/>\n<meta name=\"author\" content=\"Portal Raizes\" \/>\n<meta name=\"twitter:card\" content=\"summary_large_image\" \/>\n<meta name=\"twitter:label1\" content=\"Escrito por\" \/>\n\t<meta name=\"twitter:data1\" content=\"Portal Raizes\" \/>\n\t<meta name=\"twitter:label2\" content=\"Est. tempo de leitura\" \/>\n\t<meta name=\"twitter:data2\" content=\"3 minutos\" \/>\n<script type=\"application\/ld+json\" class=\"yoast-schema-graph\">{\"@context\":\"https:\/\/schema.org\",\"@graph\":[{\"@type\":\"Article\",\"@id\":\"https:\/\/portalraizesnoticias.com.br\/?p=5695#article\",\"isPartOf\":{\"@id\":\"https:\/\/portalraizesnoticias.com.br\/?p=5695\"},\"author\":{\"name\":\"Portal Raizes\",\"@id\":\"https:\/\/portalraizesnoticias.com.br\/#\/schema\/person\/a3ca6b0fc701e78df19756c417d943ae\"},\"headline\":\"Coit\u00e9: Com o tema, \u201cUma Viagem ao Mundo do Chocolate\u201d, Vila P\u00e1scoa 2025 promete atrair milhares de pessoas\",\"datePublished\":\"2025-04-09T23:57:09+00:00\",\"dateModified\":\"2025-04-10T00:00:47+00:00\",\"mainEntityOfPage\":{\"@id\":\"https:\/\/portalraizesnoticias.com.br\/?p=5695\"},\"wordCount\":396,\"commentCount\":0,\"publisher\":{\"@id\":\"https:\/\/portalraizesnoticias.com.br\/#organization\"},\"image\":{\"@id\":\"https:\/\/portalraizesnoticias.com.br\/?p=5695#primaryimage\"},\"thumbnailUrl\":\"https:\/\/portalraizesnoticias.com.br\/wp-content\/uploads\/2025\/04\/VAL_0525-scaled-1.jpg\",\"keywords\":[\"Bahia\",\"Coit\u00e9\",\"Vila pascoa 2025\"],\"articleSection\":[\"ENTRETERIMENTO E CULTURA\",\"ULTIMAS NOTICIAS\"],\"inLanguage\":\"pt-BR\",\"potentialAction\":[{\"@type\":\"CommentAction\",\"name\":\"Comment\",\"target\":[\"https:\/\/portalraizesnoticias.com.br\/?p=5695#respond\"]}]},{\"@type\":\"WebPage\",\"@id\":\"https:\/\/portalraizesnoticias.com.br\/?p=5695\",\"url\":\"https:\/\/portalraizesnoticias.com.br\/?p=5695\",\"name\":\"Coit\u00e9: Com o tema, \u201cUma Viagem ao Mundo do Chocolate\u201d, Vila P\u00e1scoa 2025 promete atrair milhares de pessoas - Portal raizes noticias\",\"isPartOf\":{\"@id\":\"https:\/\/portalraizesnoticias.com.br\/#website\"},\"primaryImageOfPage\":{\"@id\":\"https:\/\/portalraizesnoticias.com.br\/?p=5695#primaryimage\"},\"image\":{\"@id\":\"https:\/\/portalraizesnoticias.com.br\/?p=5695#primaryimage\"},\"thumbnailUrl\":\"https:\/\/portalraizesnoticias.com.br\/wp-content\/uploads\/2025\/04\/VAL_0525-scaled-1.jpg\",\"datePublished\":\"2025-04-09T23:57:09+00:00\",\"dateModified\":\"2025-04-10T00:00:47+00:00\",\"breadcrumb\":{\"@id\":\"https:\/\/portalraizesnoticias.com.br\/?p=5695#breadcrumb\"},\"inLanguage\":\"pt-BR\",\"potentialAction\":[{\"@type\":\"ReadAction\",\"target\":[\"https:\/\/portalraizesnoticias.com.br\/?p=5695\"]}]},{\"@type\":\"ImageObject\",\"inLanguage\":\"pt-BR\",\"@id\":\"https:\/\/portalraizesnoticias.com.br\/?p=5695#primaryimage\",\"url\":\"https:\/\/portalraizesnoticias.com.br\/wp-content\/uploads\/2025\/04\/VAL_0525-scaled-1.jpg\",\"contentUrl\":\"https:\/\/portalraizesnoticias.com.br\/wp-content\/uploads\/2025\/04\/VAL_0525-scaled-1.jpg\",\"width\":1024,\"height\":683},{\"@type\":\"BreadcrumbList\",\"@id\":\"https:\/\/portalraizesnoticias.com.br\/?p=5695#breadcrumb\",\"itemListElement\":[{\"@type\":\"ListItem\",\"position\":1,\"name\":\"In\u00edcio\",\"item\":\"https:\/\/portalraizesnoticias.com.br\/\"},{\"@type\":\"ListItem\",\"position\":2,\"name\":\"Coit\u00e9: Com o tema, \u201cUma Viagem ao Mundo do Chocolate\u201d, Vila P\u00e1scoa 2025 promete atrair milhares de pessoas\"}]},{\"@type\":\"WebSite\",\"@id\":\"https:\/\/portalraizesnoticias.com.br\/#website\",\"url\":\"https:\/\/portalraizesnoticias.com.br\/\",\"name\":\"Portal raizes NOTICIAS\",\"description\":\"site de noticias de concei\u00e7\u00e3o do coit\u00e9 e regi\u00e3o\",\"publisher\":{\"@id\":\"https:\/\/portalraizesnoticias.com.br\/#organization\"},\"alternateName\":\"PORTAL RAIZES COIT\u00c9\",\"potentialAction\":[{\"@type\":\"SearchAction\",\"target\":{\"@type\":\"EntryPoint\",\"urlTemplate\":\"https:\/\/portalraizesnoticias.com.br\/?s={search_term_string}\"},\"query-input\":{\"@type\":\"PropertyValueSpecification\",\"valueRequired\":true,\"valueName\":\"search_term_string\"}}],\"inLanguage\":\"pt-BR\"},{\"@type\":\"Organization\",\"@id\":\"https:\/\/portalraizesnoticias.com.br\/#organization\",\"name\":\"Portal raizes NOTICIAS\",\"url\":\"https:\/\/portalraizesnoticias.com.br\/\",\"logo\":{\"@type\":\"ImageObject\",\"inLanguage\":\"pt-BR\",\"@id\":\"https:\/\/portalraizesnoticias.com.br\/#\/schema\/logo\/image\/\",\"url\":\"https:\/\/portalraizesnoticias.com.br\/wp-content\/uploads\/2024\/09\/cropped-Captura-de-tela-2024-09-08-011108.png\",\"contentUrl\":\"https:\/\/portalraizesnoticias.com.br\/wp-content\/uploads\/2024\/09\/cropped-Captura-de-tela-2024-09-08-011108.png\",\"width\":606,\"height\":173,\"caption\":\"Portal raizes NOTICIAS\"},\"image\":{\"@id\":\"https:\/\/portalraizesnoticias.com.br\/#\/schema\/logo\/image\/\"}},{\"@type\":\"Person\",\"@id\":\"https:\/\/portalraizesnoticias.com.br\/#\/schema\/person\/a3ca6b0fc701e78df19756c417d943ae\",\"name\":\"Portal Raizes\",\"image\":{\"@type\":\"ImageObject\",\"inLanguage\":\"pt-BR\",\"@id\":\"https:\/\/portalraizesnoticias.com.br\/#\/schema\/person\/image\/\",\"url\":\"https:\/\/secure.gravatar.com\/avatar\/ef450d29013a3d3fba867a12a249d7b1?s=96&d=mm&r=g\",\"contentUrl\":\"https:\/\/secure.gravatar.com\/avatar\/ef450d29013a3d3fba867a12a249d7b1?s=96&d=mm&r=g\",\"caption\":\"Portal Raizes\"},\"url\":\"https:\/\/portalraizesnoticias.com.br\/?author=3\"}]}<\/script>\n<!-- \/ Yoast SEO plugin. -->","yoast_head_json":{"title":"Coit\u00e9: Com o tema, \u201cUma Viagem ao Mundo do Chocolate\u201d, Vila P\u00e1scoa 2025 promete atrair milhares de pessoas - Portal raizes noticias","robots":{"index":"index","follow":"follow","max-snippet":"max-snippet:-1","max-image-preview":"max-image-preview:large","max-video-preview":"max-video-preview:-1"},"canonical":"https:\/\/portalraizesnoticias.com.br\/?p=5695","og_locale":"pt_BR","og_type":"article","og_title":"Coit\u00e9: Com o tema, \u201cUma Viagem ao Mundo do Chocolate\u201d, Vila P\u00e1scoa 2025 promete atrair milhares de pessoas - Portal raizes noticias","og_description":"Entre os dias 14 e 20 de abril, Concei\u00e7\u00e3o do Coit\u00e9 ser\u00e1 palco de mais uma edi\u00e7\u00e3o da Vila da P\u00e1scoa, evento que j\u00e1 se consolidou no calend\u00e1rio cultural do munic\u00edpio como uma importante a\u00e7\u00e3o de valoriza\u00e7\u00e3o da cultura e da economia local. A programa\u00e7\u00e3o acontece na Pra\u00e7a da Babil\u00f4nia e no Centro Cultural Ana Rios de Ara\u00fajo. O diretor do Centro Cultural, Lucas Afonso, informou que o tema ser\u00e1 \u201cUma Viagem ao Mundo do Chocolate\u201d. \u201cA gente passa por v\u00e1rias culturas, mostrando as diferentes formas de se comemorar a P\u00e1scoa, com foco principal na ressurrei\u00e7\u00e3o de Cristo, que \u00e9 a ess\u00eancia da data. Mas tamb\u00e9m abordamos o aspecto log\u00edstico e comercial, como a tradi\u00e7\u00e3o dos ovos de chocolate, at\u00e9 chegar \u00e0 dimens\u00e3o religiosa, que \u00e9 o maior ato de amor do mundo: a paix\u00e3o de Cristo\u201d, explica Lucas. A Vila da P\u00e1scoa foi pensada para receber p\u00fablicos de todas as idades, com destaque para as crian\u00e7as, que poder\u00e3o participar de atividades interativas e assistir ao espet\u00e1culo \u201cA Viagem ao Chocolate\u201d, que acontece diariamente no audit\u00f3rio do Centro Cultural, das 17h \u00e0s 22h. Al\u00e9m disso, a popula\u00e7\u00e3o poder\u00e1 visitar a tradicional Casa do Coelho, a F\u00e1brica de Chocolate, e adquirir produtos exclusivos na vila montada com ovos de P\u00e1scoa artesanais, produzidos por confeiteiras da cidade. Uma das grandes novidades desta edi\u00e7\u00e3o \u00e9 a Ca\u00e7a aos Ovos, uma atividade divertida e interativa voltada especialmente para o p\u00fablico infantil, que promete tornar a experi\u00eancia ainda mais envolvente. A expectativa da organiza\u00e7\u00e3o \u00e9 superar os n\u00fameros do ano passado, quando mais de 4 mil pessoas por dia passaram pela Vila da P\u00e1scoa. \u201cEsperamos um p\u00fablico ainda maior, incluindo visitantes de cidades vizinhas que j\u00e1 aguardam essa \u00e9poca para vir a Coit\u00e9 comprar os produtos da nossa vila. A expectativa \u00e9 de mais um ano de muita do\u00e7ura, chocolate e, claro, de vivenciar o verdadeiro sentido da P\u00e1scoa\u201d, finaliza Lucas.A Vila da P\u00e1scoa \u00e9 uma realiza\u00e7\u00e3o da Prefeitura Municipal de Concei\u00e7\u00e3o do Coit\u00e9, por meio da Secretaria de Educa\u00e7\u00e3o, Cultura e Esporte. Informa\u00e7\u00f5es e foto: Ascom","og_url":"https:\/\/portalraizesnoticias.com.br\/?p=5695","og_site_name":"Portal raizes noticias","article_published_time":"2025-04-09T23:57:09+00:00","article_modified_time":"2025-04-10T00:00:47+00:00","og_image":[{"width":1024,"height":683,"url":"https:\/\/portalraizesnoticias.com.br\/wp-content\/uploads\/2025\/04\/VAL_0525-scaled-1.jpg","type":"image\/jpeg"}],"author":"Portal Raizes","twitter_card":"summary_large_image","twitter_misc":{"Escrito por":"Portal Raizes","Est. tempo de leitura":"3 minutos"},"schema":{"@context":"https:\/\/schema.org","@graph":[{"@type":"Article","@id":"https:\/\/portalraizesnoticias.com.br\/?p=5695#article","isPartOf":{"@id":"https:\/\/portalraizesnoticias.com.br\/?p=5695"},"author":{"name":"Portal Raizes","@id":"https:\/\/portalraizesnoticias.com.br\/#\/schema\/person\/a3ca6b0fc701e78df19756c417d943ae"},"headline":"Coit\u00e9: Com o tema, \u201cUma Viagem ao Mundo do Chocolate\u201d, Vila P\u00e1scoa 2025 promete atrair milhares de pessoas","datePublished":"2025-04-09T23:57:09+00:00","dateModified":"2025-04-10T00:00:47+00:00","mainEntityOfPage":{"@id":"https:\/\/portalraizesnoticias.com.br\/?p=5695"},"wordCount":396,"commentCount":0,"publisher":{"@id":"https:\/\/portalraizesnoticias.com.br\/#organization"},"image":{"@id":"https:\/\/portalraizesnoticias.com.br\/?p=5695#primaryimage"},"thumbnailUrl":"https:\/\/portalraizesnoticias.com.br\/wp-content\/uploads\/2025\/04\/VAL_0525-scaled-1.jpg","keywords":["Bahia","Coit\u00e9","Vila pascoa 2025"],"articleSection":["ENTRETERIMENTO E CULTURA","ULTIMAS NOTICIAS"],"inLanguage":"pt-BR","potentialAction":[{"@type":"CommentAction","name":"Comment","target":["https:\/\/portalraizesnoticias.com.br\/?p=5695#respond"]}]},{"@type":"WebPage","@id":"https:\/\/portalraizesnoticias.com.br\/?p=5695","url":"https:\/\/portalraizesnoticias.com.br\/?p=5695","name":"Coit\u00e9: Com o tema, \u201cUma Viagem ao Mundo do Chocolate\u201d, Vila P\u00e1scoa 2025 promete atrair milhares de pessoas - Portal raizes noticias","isPartOf":{"@id":"https:\/\/portalraizesnoticias.com.br\/#website"},"primaryImageOfPage":{"@id":"https:\/\/portalraizesnoticias.com.br\/?p=5695#primaryimage"},"image":{"@id":"https:\/\/portalraizesnoticias.com.br\/?p=5695#primaryimage"},"thumbnailUrl":"https:\/\/portalraizesnoticias.com.br\/wp-content\/uploads\/2025\/04\/VAL_0525-scaled-1.jpg","datePublished":"2025-04-09T23:57:09+00:00","dateModified":"2025-04-10T00:00:47+00:00","breadcrumb":{"@id":"https:\/\/portalraizesnoticias.com.br\/?p=5695#breadcrumb"},"inLanguage":"pt-BR","potentialAction":[{"@type":"ReadAction","target":["https:\/\/portalraizesnoticias.com.br\/?p=5695"]}]},{"@type":"ImageObject","inLanguage":"pt-BR","@id":"https:\/\/portalraizesnoticias.com.br\/?p=5695#primaryimage","url":"https:\/\/portalraizesnoticias.com.br\/wp-content\/uploads\/2025\/04\/VAL_0525-scaled-1.jpg","contentUrl":"https:\/\/portalraizesnoticias.com.br\/wp-content\/uploads\/2025\/04\/VAL_0525-scaled-1.jpg","width":1024,"height":683},{"@type":"BreadcrumbList","@id":"https:\/\/portalraizesnoticias.com.br\/?p=5695#breadcrumb","itemListElement":[{"@type":"ListItem","position":1,"name":"In\u00edcio","item":"https:\/\/portalraizesnoticias.com.br\/"},{"@type":"ListItem","position":2,"name":"Coit\u00e9: Com o tema, \u201cUma Viagem ao Mundo do Chocolate\u201d, Vila P\u00e1scoa 2025 promete atrair milhares de pessoas"}]},{"@type":"WebSite","@id":"https:\/\/portalraizesnoticias.com.br\/#website","url":"https:\/\/portalraizesnoticias.com.br\/","name":"Portal raizes NOTICIAS","description":"site de noticias de concei\u00e7\u00e3o do coit\u00e9 e regi\u00e3o","publisher":{"@id":"https:\/\/portalraizesnoticias.com.br\/#organization"},"alternateName":"PORTAL RAIZES COIT\u00c9","potentialAction":[{"@type":"SearchAction","target":{"@type":"EntryPoint","urlTemplate":"https:\/\/portalraizesnoticias.com.br\/?s={search_term_string}"},"query-input":{"@type":"PropertyValueSpecification","valueRequired":true,"valueName":"search_term_string"}}],"inLanguage":"pt-BR"},{"@type":"Organization","@id":"https:\/\/portalraizesnoticias.com.br\/#organization","name":"Portal raizes NOTICIAS","url":"https:\/\/portalraizesnoticias.com.br\/","logo":{"@type":"ImageObject","inLanguage":"pt-BR","@id":"https:\/\/portalraizesnoticias.com.br\/#\/schema\/logo\/image\/","url":"https:\/\/portalraizesnoticias.com.br\/wp-content\/uploads\/2024\/09\/cropped-Captura-de-tela-2024-09-08-011108.png","contentUrl":"https:\/\/portalraizesnoticias.com.br\/wp-content\/uploads\/2024\/09\/cropped-Captura-de-tela-2024-09-08-011108.png","width":606,"height":173,"caption":"Portal raizes NOTICIAS"},"image":{"@id":"https:\/\/portalraizesnoticias.com.br\/#\/schema\/logo\/image\/"}},{"@type":"Person","@id":"https:\/\/portalraizesnoticias.com.br\/#\/schema\/person\/a3ca6b0fc701e78df19756c417d943ae","name":"Portal Raizes","image":{"@type":"ImageObject","inLanguage":"pt-BR","@id":"https:\/\/portalraizesnoticias.com.br\/#\/schema\/person\/image\/","url":"https:\/\/secure.gravatar.com\/avatar\/ef450d29013a3d3fba867a12a249d7b1?s=96&d=mm&r=g","contentUrl":"https:\/\/secure.gravatar.com\/avatar\/ef450d29013a3d3fba867a12a249d7b1?s=96&d=mm&r=g","caption":"Portal Raizes"},"url":"https:\/\/portalraizesnoticias.com.br\/?author=3"}]}},"_links":{"self":[{"href":"https:\/\/portalraizesnoticias.com.br\/index.php?rest_route=\/wp\/v2\/posts\/5695"}],"collection":[{"href":"https:\/\/portalraizesnoticias.com.br\/index.php?rest_route=\/wp\/v2\/posts"}],"about":[{"href":"https:\/\/portalraizesnoticias.com.br\/index.php?rest_route=\/wp\/v2\/types\/post"}],"author":[{"embeddable":true,"href":"https:\/\/portalraizesnoticias.com.br\/index.php?rest_route=\/wp\/v2\/users\/3"}],"replies":[{"embeddable":true,"href":"https:\/\/portalraizesnoticias.com.br\/index.php?rest_route=%2Fwp%2Fv2%2Fcomments&post=5695"}],"version-history":[{"count":2,"href":"https:\/\/portalraizesnoticias.com.br\/index.php?rest_route=\/wp\/v2\/posts\/5695\/revisions"}],"predecessor-version":[{"id":5698,"href":"https:\/\/portalraizesnoticias.com.br\/index.php?rest_route=\/wp\/v2\/posts\/5695\/revisions\/5698"}],"wp:featuredmedia":[{"embeddable":true,"href":"https:\/\/portalraizesnoticias.com.br\/index.php?rest_route=\/wp\/v2\/media\/5696"}],"wp:attachment":[{"href":"https:\/\/portalraizesnoticias.com.br\/index.php?rest_route=%2Fwp%2Fv2%2Fmedia&parent=5695"}],"wp:term":[{"taxonomy":"category","embeddable":true,"href":"https:\/\/portalraizesnoticias.com.br\/index.php?rest_route=%2Fwp%2Fv2%2Fcategories&post=5695"},{"taxonomy":"post_tag","embeddable":true,"href":"https:\/\/portalraizesnoticias.com.br\/index.php?rest_route=%2Fwp%2Fv2%2Ftags&post=5695"}],"curies":[{"name":"wp","href":"https:\/\/api.w.org\/{rel}","templated":true}]}}