{"id":5673,"date":"2025-04-09T19:03:26","date_gmt":"2025-04-09T22:03:26","guid":{"rendered":"https:\/\/portalraizesnoticias.com.br\/?p=5673"},"modified":"2025-04-09T19:20:30","modified_gmt":"2025-04-09T22:20:30","slug":"motociclista-morre-apos-colidir-com-cavalo-solto-em-pista-na-ba-411-conceicao-do-coite-x-salgadalia","status":"publish","type":"post","link":"https:\/\/portalraizesnoticias.com.br\/?p=5673","title":{"rendered":"Motociclista morre ap\u00f3s colidir com cavalo solto em pista na BA-411 (Concei\u00e7\u00e3o do Coit\u00e9 X Salgad\u00e1lia)"},"content":{"rendered":"<p>Por volta das 18h20 desta quarta-feira (09), os socorristas do \u00c1guia Resgate foram acionados ap\u00f3s um homem colidir a moto que pilotava com um cavalo na BA-411 entre Concei\u00e7\u00e3o do Coit\u00e9 e o distrito de Salgad\u00e1lia.<\/p>\n<p><img fetchpriority=\"high\" decoding=\"async\" class=\"size-medium wp-image-5678 aligncenter\" src=\"https:\/\/portalraizesnoticias.com.br\/wp-content\/uploads\/2025\/04\/IMG-20250409-WA0442-300x225.jpg\" alt=\"\" width=\"300\" height=\"225\" srcset=\"https:\/\/portalraizesnoticias.com.br\/wp-content\/uploads\/2025\/04\/IMG-20250409-WA0442-300x225.jpg 300w, https:\/\/portalraizesnoticias.com.br\/wp-content\/uploads\/2025\/04\/IMG-20250409-WA0442-1024x768.jpg 1024w, https:\/\/portalraizesnoticias.com.br\/wp-content\/uploads\/2025\/04\/IMG-20250409-WA0442-768x576.jpg 768w, https:\/\/portalraizesnoticias.com.br\/wp-content\/uploads\/2025\/04\/IMG-20250409-WA0442-1536x1152.jpg 1536w, https:\/\/portalraizesnoticias.com.br\/wp-content\/uploads\/2025\/04\/IMG-20250409-WA0442.jpg 1600w\" sizes=\"(max-width: 300px) 100vw, 300px\" \/>.<\/p>\n<p>Segundo informa\u00e7\u00f5es apuradas pelo Portal Ra\u00edzes, os socorristas chegaram ao local, mas a v\u00edtima de Eudes Italo, Martins de 20 anos, j\u00e1 estava sem sinais vitais. Ele completou idade nova no dia 18 de fevereiro.<\/p>\n<p><img decoding=\"async\" class=\"size-medium wp-image-5677 aligncenter\" src=\"https:\/\/portalraizesnoticias.com.br\/wp-content\/uploads\/2025\/04\/IMG-20250409-WA0451-283x300.jpg\" alt=\"\" width=\"283\" height=\"300\" srcset=\"https:\/\/portalraizesnoticias.com.br\/wp-content\/uploads\/2025\/04\/IMG-20250409-WA0451-283x300.jpg 283w, https:\/\/portalraizesnoticias.com.br\/wp-content\/uploads\/2025\/04\/IMG-20250409-WA0451-965x1024.jpg 965w, https:\/\/portalraizesnoticias.com.br\/wp-content\/uploads\/2025\/04\/IMG-20250409-WA0451-768x815.jpg 768w, https:\/\/portalraizesnoticias.com.br\/wp-content\/uploads\/2025\/04\/IMG-20250409-WA0451.jpg 1080w\" sizes=\"(max-width: 283px) 100vw, 283px\" \/><\/p>\n<p>O coordenador do \u00c1guia Resgate, Gildo Carneiro, acionou a Pol\u00edcia Militar e o Departamento de Pol\u00edcia T\u00e9cnica para a remo\u00e7\u00e3o do corpo.<\/p>\n<p><img decoding=\"async\" class=\"size-medium wp-image-2520 aligncenter\" src=\"https:\/\/portalraizesnoticias.com.br\/wp-content\/uploads\/2024\/11\/Imagem-do-WhatsApp-de-2024-11-28-as-11.24.37_b858345f-300x142.jpg\" alt=\"\" width=\"300\" height=\"142\" srcset=\"https:\/\/portalraizesnoticias.com.br\/wp-content\/uploads\/2024\/11\/Imagem-do-WhatsApp-de-2024-11-28-as-11.24.37_b858345f-300x142.jpg 300w, https:\/\/portalraizesnoticias.com.br\/wp-content\/uploads\/2024\/11\/Imagem-do-WhatsApp-de-2024-11-28-as-11.24.37_b858345f.jpg 722w\" sizes=\"(max-width: 300px) 100vw, 300px\" \/><\/p>\n<p style=\"text-align: center;\"><strong>PUBLICIDADE<\/strong><\/p>\n<p>N\u00e3o h\u00e1 informa\u00e7\u00f5es sobre o tutor do cavalo<\/p>\n<p>Reda\u00e7\u00e3o Portal Ra\u00edzes<\/p>\n<p>Fotos e informa\u00e7\u00f5es: \u00c1guia Resgate<\/p>\n","protected":false},"excerpt":{"rendered":"<p>Por volta das 18h20 desta quarta-feira (09), os socorristas do \u00c1guia Resgate foram acionados ap\u00f3s um homem colidir a moto que pilotava com um cavalo na BA-411 entre Concei\u00e7\u00e3o do Coit\u00e9 e o distrito de Salgad\u00e1lia. . Segundo informa\u00e7\u00f5es apuradas pelo Portal Ra\u00edzes, os socorristas chegaram ao local, mas a v\u00edtima de Eudes Italo, Martins de 20 anos, j\u00e1 estava sem sinais vitais. Ele completou idade nova no dia 18 de fevereiro. O coordenador do \u00c1guia Resgate, Gildo Carneiro, acionou a Pol\u00edcia Militar e o Departamento de Pol\u00edcia T\u00e9cnica para a remo\u00e7\u00e3o do corpo. PUBLICIDADE N\u00e3o h\u00e1 informa\u00e7\u00f5es sobre o tutor do cavalo Reda\u00e7\u00e3o Portal Ra\u00edzes Fotos e informa\u00e7\u00f5es: \u00c1guia Resgate<\/p>\n","protected":false},"author":3,"featured_media":5675,"comment_status":"open","ping_status":"open","sticky":false,"template":"","format":"standard","meta":{"_joinchat":[],"footnotes":""},"categories":[58,55,59],"tags":[163,442],"class_list":["post-5673","post","type-post","status-publish","format-standard","has-post-thumbnail","hentry","category-acidentes","category-destaques","category-ultimas-noticias","tag-morre","tag-motociclista"],"yoast_head":"<!-- This site is optimized with the Yoast SEO plugin v24.4 - https:\/\/yoast.com\/wordpress\/plugins\/seo\/ -->\n<title>Motociclista morre ap\u00f3s colidir com cavalo solto em pista na BA-411 (Concei\u00e7\u00e3o do Coit\u00e9 X Salgad\u00e1lia) - Portal raizes noticias<\/title>\n<meta name=\"robots\" content=\"index, follow, max-snippet:-1, max-image-preview:large, max-video-preview:-1\" \/>\n<link rel=\"canonical\" href=\"https:\/\/portalraizesnoticias.com.br\/?p=5673\" \/>\n<meta property=\"og:locale\" content=\"pt_BR\" \/>\n<meta property=\"og:type\" content=\"article\" \/>\n<meta property=\"og:title\" content=\"Motociclista morre ap\u00f3s colidir com cavalo solto em pista na BA-411 (Concei\u00e7\u00e3o do Coit\u00e9 X Salgad\u00e1lia) - Portal raizes noticias\" \/>\n<meta property=\"og:description\" content=\"Por volta das 18h20 desta quarta-feira (09), os socorristas do \u00c1guia Resgate foram acionados ap\u00f3s um homem colidir a moto que pilotava com um cavalo na BA-411 entre Concei\u00e7\u00e3o do Coit\u00e9 e o distrito de Salgad\u00e1lia. . Segundo informa\u00e7\u00f5es apuradas pelo Portal Ra\u00edzes, os socorristas chegaram ao local, mas a v\u00edtima de Eudes Italo, Martins de 20 anos, j\u00e1 estava sem sinais vitais. Ele completou idade nova no dia 18 de fevereiro. O coordenador do \u00c1guia Resgate, Gildo Carneiro, acionou a Pol\u00edcia Militar e o Departamento de Pol\u00edcia T\u00e9cnica para a remo\u00e7\u00e3o do corpo. PUBLICIDADE N\u00e3o h\u00e1 informa\u00e7\u00f5es sobre o tutor do cavalo Reda\u00e7\u00e3o Portal Ra\u00edzes Fotos e informa\u00e7\u00f5es: \u00c1guia Resgate\" \/>\n<meta property=\"og:url\" content=\"https:\/\/portalraizesnoticias.com.br\/?p=5673\" \/>\n<meta property=\"og:site_name\" content=\"Portal raizes noticias\" \/>\n<meta property=\"article:published_time\" content=\"2025-04-09T22:03:26+00:00\" \/>\n<meta property=\"article:modified_time\" content=\"2025-04-09T22:20:30+00:00\" \/>\n<meta property=\"og:image\" content=\"https:\/\/portalraizesnoticias.com.br\/wp-content\/uploads\/2025\/04\/IMG-20250409-WA0448-1.jpg\" \/>\n\t<meta property=\"og:image:width\" content=\"1200\" \/>\n\t<meta property=\"og:image:height\" content=\"681\" \/>\n\t<meta property=\"og:image:type\" content=\"image\/jpeg\" \/>\n<meta name=\"author\" content=\"Portal Raizes\" \/>\n<meta name=\"twitter:card\" content=\"summary_large_image\" \/>\n<meta name=\"twitter:label1\" content=\"Escrito por\" \/>\n\t<meta name=\"twitter:data1\" content=\"Portal Raizes\" \/>\n\t<meta name=\"twitter:label2\" content=\"Est. tempo de leitura\" \/>\n\t<meta name=\"twitter:data2\" content=\"2 minutos\" \/>\n<script type=\"application\/ld+json\" class=\"yoast-schema-graph\">{\"@context\":\"https:\/\/schema.org\",\"@graph\":[{\"@type\":\"Article\",\"@id\":\"https:\/\/portalraizesnoticias.com.br\/?p=5673#article\",\"isPartOf\":{\"@id\":\"https:\/\/portalraizesnoticias.com.br\/?p=5673\"},\"author\":{\"name\":\"Portal Raizes\",\"@id\":\"https:\/\/portalraizesnoticias.com.br\/#\/schema\/person\/a3ca6b0fc701e78df19756c417d943ae\"},\"headline\":\"Motociclista morre ap\u00f3s colidir com cavalo solto em pista na BA-411 (Concei\u00e7\u00e3o do Coit\u00e9 X Salgad\u00e1lia)\",\"datePublished\":\"2025-04-09T22:03:26+00:00\",\"dateModified\":\"2025-04-09T22:20:30+00:00\",\"mainEntityOfPage\":{\"@id\":\"https:\/\/portalraizesnoticias.com.br\/?p=5673\"},\"wordCount\":141,\"commentCount\":1,\"publisher\":{\"@id\":\"https:\/\/portalraizesnoticias.com.br\/#organization\"},\"image\":{\"@id\":\"https:\/\/portalraizesnoticias.com.br\/?p=5673#primaryimage\"},\"thumbnailUrl\":\"https:\/\/portalraizesnoticias.com.br\/wp-content\/uploads\/2025\/04\/IMG-20250409-WA0448-1.jpg\",\"keywords\":[\"Morre\",\"Motociclista\"],\"articleSection\":[\"ACIDENTES\",\"DESTAQUES\",\"ULTIMAS NOTICIAS\"],\"inLanguage\":\"pt-BR\",\"potentialAction\":[{\"@type\":\"CommentAction\",\"name\":\"Comment\",\"target\":[\"https:\/\/portalraizesnoticias.com.br\/?p=5673#respond\"]}]},{\"@type\":\"WebPage\",\"@id\":\"https:\/\/portalraizesnoticias.com.br\/?p=5673\",\"url\":\"https:\/\/portalraizesnoticias.com.br\/?p=5673\",\"name\":\"Motociclista morre ap\u00f3s colidir com cavalo solto em pista na BA-411 (Concei\u00e7\u00e3o do Coit\u00e9 X Salgad\u00e1lia) - Portal raizes noticias\",\"isPartOf\":{\"@id\":\"https:\/\/portalraizesnoticias.com.br\/#website\"},\"primaryImageOfPage\":{\"@id\":\"https:\/\/portalraizesnoticias.com.br\/?p=5673#primaryimage\"},\"image\":{\"@id\":\"https:\/\/portalraizesnoticias.com.br\/?p=5673#primaryimage\"},\"thumbnailUrl\":\"https:\/\/portalraizesnoticias.com.br\/wp-content\/uploads\/2025\/04\/IMG-20250409-WA0448-1.jpg\",\"datePublished\":\"2025-04-09T22:03:26+00:00\",\"dateModified\":\"2025-04-09T22:20:30+00:00\",\"breadcrumb\":{\"@id\":\"https:\/\/portalraizesnoticias.com.br\/?p=5673#breadcrumb\"},\"inLanguage\":\"pt-BR\",\"potentialAction\":[{\"@type\":\"ReadAction\",\"target\":[\"https:\/\/portalraizesnoticias.com.br\/?p=5673\"]}]},{\"@type\":\"ImageObject\",\"inLanguage\":\"pt-BR\",\"@id\":\"https:\/\/portalraizesnoticias.com.br\/?p=5673#primaryimage\",\"url\":\"https:\/\/portalraizesnoticias.com.br\/wp-content\/uploads\/2025\/04\/IMG-20250409-WA0448-1.jpg\",\"contentUrl\":\"https:\/\/portalraizesnoticias.com.br\/wp-content\/uploads\/2025\/04\/IMG-20250409-WA0448-1.jpg\",\"width\":1200,\"height\":681},{\"@type\":\"BreadcrumbList\",\"@id\":\"https:\/\/portalraizesnoticias.com.br\/?p=5673#breadcrumb\",\"itemListElement\":[{\"@type\":\"ListItem\",\"position\":1,\"name\":\"In\u00edcio\",\"item\":\"https:\/\/portalraizesnoticias.com.br\/\"},{\"@type\":\"ListItem\",\"position\":2,\"name\":\"Motociclista morre ap\u00f3s colidir com cavalo solto em pista na BA-411 (Concei\u00e7\u00e3o do Coit\u00e9 X Salgad\u00e1lia)\"}]},{\"@type\":\"WebSite\",\"@id\":\"https:\/\/portalraizesnoticias.com.br\/#website\",\"url\":\"https:\/\/portalraizesnoticias.com.br\/\",\"name\":\"Portal raizes NOTICIAS\",\"description\":\"site de noticias de concei\u00e7\u00e3o do coit\u00e9 e regi\u00e3o\",\"publisher\":{\"@id\":\"https:\/\/portalraizesnoticias.com.br\/#organization\"},\"alternateName\":\"PORTAL RAIZES COIT\u00c9\",\"potentialAction\":[{\"@type\":\"SearchAction\",\"target\":{\"@type\":\"EntryPoint\",\"urlTemplate\":\"https:\/\/portalraizesnoticias.com.br\/?s={search_term_string}\"},\"query-input\":{\"@type\":\"PropertyValueSpecification\",\"valueRequired\":true,\"valueName\":\"search_term_string\"}}],\"inLanguage\":\"pt-BR\"},{\"@type\":\"Organization\",\"@id\":\"https:\/\/portalraizesnoticias.com.br\/#organization\",\"name\":\"Portal raizes NOTICIAS\",\"url\":\"https:\/\/portalraizesnoticias.com.br\/\",\"logo\":{\"@type\":\"ImageObject\",\"inLanguage\":\"pt-BR\",\"@id\":\"https:\/\/portalraizesnoticias.com.br\/#\/schema\/logo\/image\/\",\"url\":\"https:\/\/portalraizesnoticias.com.br\/wp-content\/uploads\/2024\/09\/cropped-Captura-de-tela-2024-09-08-011108.png\",\"contentUrl\":\"https:\/\/portalraizesnoticias.com.br\/wp-content\/uploads\/2024\/09\/cropped-Captura-de-tela-2024-09-08-011108.png\",\"width\":606,\"height\":173,\"caption\":\"Portal raizes NOTICIAS\"},\"image\":{\"@id\":\"https:\/\/portalraizesnoticias.com.br\/#\/schema\/logo\/image\/\"}},{\"@type\":\"Person\",\"@id\":\"https:\/\/portalraizesnoticias.com.br\/#\/schema\/person\/a3ca6b0fc701e78df19756c417d943ae\",\"name\":\"Portal Raizes\",\"image\":{\"@type\":\"ImageObject\",\"inLanguage\":\"pt-BR\",\"@id\":\"https:\/\/portalraizesnoticias.com.br\/#\/schema\/person\/image\/\",\"url\":\"https:\/\/secure.gravatar.com\/avatar\/ef450d29013a3d3fba867a12a249d7b1?s=96&d=mm&r=g\",\"contentUrl\":\"https:\/\/secure.gravatar.com\/avatar\/ef450d29013a3d3fba867a12a249d7b1?s=96&d=mm&r=g\",\"caption\":\"Portal Raizes\"},\"url\":\"https:\/\/portalraizesnoticias.com.br\/?author=3\"}]}<\/script>\n<!-- \/ Yoast SEO plugin. -->","yoast_head_json":{"title":"Motociclista morre ap\u00f3s colidir com cavalo solto em pista na BA-411 (Concei\u00e7\u00e3o do Coit\u00e9 X Salgad\u00e1lia) - Portal raizes noticias","robots":{"index":"index","follow":"follow","max-snippet":"max-snippet:-1","max-image-preview":"max-image-preview:large","max-video-preview":"max-video-preview:-1"},"canonical":"https:\/\/portalraizesnoticias.com.br\/?p=5673","og_locale":"pt_BR","og_type":"article","og_title":"Motociclista morre ap\u00f3s colidir com cavalo solto em pista na BA-411 (Concei\u00e7\u00e3o do Coit\u00e9 X Salgad\u00e1lia) - Portal raizes noticias","og_description":"Por volta das 18h20 desta quarta-feira (09), os socorristas do \u00c1guia Resgate foram acionados ap\u00f3s um homem colidir a moto que pilotava com um cavalo na BA-411 entre Concei\u00e7\u00e3o do Coit\u00e9 e o distrito de Salgad\u00e1lia. . Segundo informa\u00e7\u00f5es apuradas pelo Portal Ra\u00edzes, os socorristas chegaram ao local, mas a v\u00edtima de Eudes Italo, Martins de 20 anos, j\u00e1 estava sem sinais vitais. Ele completou idade nova no dia 18 de fevereiro. O coordenador do \u00c1guia Resgate, Gildo Carneiro, acionou a Pol\u00edcia Militar e o Departamento de Pol\u00edcia T\u00e9cnica para a remo\u00e7\u00e3o do corpo. PUBLICIDADE N\u00e3o h\u00e1 informa\u00e7\u00f5es sobre o tutor do cavalo Reda\u00e7\u00e3o Portal Ra\u00edzes Fotos e informa\u00e7\u00f5es: \u00c1guia Resgate","og_url":"https:\/\/portalraizesnoticias.com.br\/?p=5673","og_site_name":"Portal raizes noticias","article_published_time":"2025-04-09T22:03:26+00:00","article_modified_time":"2025-04-09T22:20:30+00:00","og_image":[{"width":1200,"height":681,"url":"https:\/\/portalraizesnoticias.com.br\/wp-content\/uploads\/2025\/04\/IMG-20250409-WA0448-1.jpg","type":"image\/jpeg"}],"author":"Portal Raizes","twitter_card":"summary_large_image","twitter_misc":{"Escrito por":"Portal Raizes","Est. tempo de leitura":"2 minutos"},"schema":{"@context":"https:\/\/schema.org","@graph":[{"@type":"Article","@id":"https:\/\/portalraizesnoticias.com.br\/?p=5673#article","isPartOf":{"@id":"https:\/\/portalraizesnoticias.com.br\/?p=5673"},"author":{"name":"Portal Raizes","@id":"https:\/\/portalraizesnoticias.com.br\/#\/schema\/person\/a3ca6b0fc701e78df19756c417d943ae"},"headline":"Motociclista morre ap\u00f3s colidir com cavalo solto em pista na BA-411 (Concei\u00e7\u00e3o do Coit\u00e9 X Salgad\u00e1lia)","datePublished":"2025-04-09T22:03:26+00:00","dateModified":"2025-04-09T22:20:30+00:00","mainEntityOfPage":{"@id":"https:\/\/portalraizesnoticias.com.br\/?p=5673"},"wordCount":141,"commentCount":1,"publisher":{"@id":"https:\/\/portalraizesnoticias.com.br\/#organization"},"image":{"@id":"https:\/\/portalraizesnoticias.com.br\/?p=5673#primaryimage"},"thumbnailUrl":"https:\/\/portalraizesnoticias.com.br\/wp-content\/uploads\/2025\/04\/IMG-20250409-WA0448-1.jpg","keywords":["Morre","Motociclista"],"articleSection":["ACIDENTES","DESTAQUES","ULTIMAS NOTICIAS"],"inLanguage":"pt-BR","potentialAction":[{"@type":"CommentAction","name":"Comment","target":["https:\/\/portalraizesnoticias.com.br\/?p=5673#respond"]}]},{"@type":"WebPage","@id":"https:\/\/portalraizesnoticias.com.br\/?p=5673","url":"https:\/\/portalraizesnoticias.com.br\/?p=5673","name":"Motociclista morre ap\u00f3s colidir com cavalo solto em pista na BA-411 (Concei\u00e7\u00e3o do Coit\u00e9 X Salgad\u00e1lia) - Portal raizes noticias","isPartOf":{"@id":"https:\/\/portalraizesnoticias.com.br\/#website"},"primaryImageOfPage":{"@id":"https:\/\/portalraizesnoticias.com.br\/?p=5673#primaryimage"},"image":{"@id":"https:\/\/portalraizesnoticias.com.br\/?p=5673#primaryimage"},"thumbnailUrl":"https:\/\/portalraizesnoticias.com.br\/wp-content\/uploads\/2025\/04\/IMG-20250409-WA0448-1.jpg","datePublished":"2025-04-09T22:03:26+00:00","dateModified":"2025-04-09T22:20:30+00:00","breadcrumb":{"@id":"https:\/\/portalraizesnoticias.com.br\/?p=5673#breadcrumb"},"inLanguage":"pt-BR","potentialAction":[{"@type":"ReadAction","target":["https:\/\/portalraizesnoticias.com.br\/?p=5673"]}]},{"@type":"ImageObject","inLanguage":"pt-BR","@id":"https:\/\/portalraizesnoticias.com.br\/?p=5673#primaryimage","url":"https:\/\/portalraizesnoticias.com.br\/wp-content\/uploads\/2025\/04\/IMG-20250409-WA0448-1.jpg","contentUrl":"https:\/\/portalraizesnoticias.com.br\/wp-content\/uploads\/2025\/04\/IMG-20250409-WA0448-1.jpg","width":1200,"height":681},{"@type":"BreadcrumbList","@id":"https:\/\/portalraizesnoticias.com.br\/?p=5673#breadcrumb","itemListElement":[{"@type":"ListItem","position":1,"name":"In\u00edcio","item":"https:\/\/portalraizesnoticias.com.br\/"},{"@type":"ListItem","position":2,"name":"Motociclista morre ap\u00f3s colidir com cavalo solto em pista na BA-411 (Concei\u00e7\u00e3o do Coit\u00e9 X Salgad\u00e1lia)"}]},{"@type":"WebSite","@id":"https:\/\/portalraizesnoticias.com.br\/#website","url":"https:\/\/portalraizesnoticias.com.br\/","name":"Portal raizes NOTICIAS","description":"site de noticias de concei\u00e7\u00e3o do coit\u00e9 e regi\u00e3o","publisher":{"@id":"https:\/\/portalraizesnoticias.com.br\/#organization"},"alternateName":"PORTAL RAIZES COIT\u00c9","potentialAction":[{"@type":"SearchAction","target":{"@type":"EntryPoint","urlTemplate":"https:\/\/portalraizesnoticias.com.br\/?s={search_term_string}"},"query-input":{"@type":"PropertyValueSpecification","valueRequired":true,"valueName":"search_term_string"}}],"inLanguage":"pt-BR"},{"@type":"Organization","@id":"https:\/\/portalraizesnoticias.com.br\/#organization","name":"Portal raizes NOTICIAS","url":"https:\/\/portalraizesnoticias.com.br\/","logo":{"@type":"ImageObject","inLanguage":"pt-BR","@id":"https:\/\/portalraizesnoticias.com.br\/#\/schema\/logo\/image\/","url":"https:\/\/portalraizesnoticias.com.br\/wp-content\/uploads\/2024\/09\/cropped-Captura-de-tela-2024-09-08-011108.png","contentUrl":"https:\/\/portalraizesnoticias.com.br\/wp-content\/uploads\/2024\/09\/cropped-Captura-de-tela-2024-09-08-011108.png","width":606,"height":173,"caption":"Portal raizes NOTICIAS"},"image":{"@id":"https:\/\/portalraizesnoticias.com.br\/#\/schema\/logo\/image\/"}},{"@type":"Person","@id":"https:\/\/portalraizesnoticias.com.br\/#\/schema\/person\/a3ca6b0fc701e78df19756c417d943ae","name":"Portal Raizes","image":{"@type":"ImageObject","inLanguage":"pt-BR","@id":"https:\/\/portalraizesnoticias.com.br\/#\/schema\/person\/image\/","url":"https:\/\/secure.gravatar.com\/avatar\/ef450d29013a3d3fba867a12a249d7b1?s=96&d=mm&r=g","contentUrl":"https:\/\/secure.gravatar.com\/avatar\/ef450d29013a3d3fba867a12a249d7b1?s=96&d=mm&r=g","caption":"Portal Raizes"},"url":"https:\/\/portalraizesnoticias.com.br\/?author=3"}]}},"_links":{"self":[{"href":"https:\/\/portalraizesnoticias.com.br\/index.php?rest_route=\/wp\/v2\/posts\/5673"}],"collection":[{"href":"https:\/\/portalraizesnoticias.com.br\/index.php?rest_route=\/wp\/v2\/posts"}],"about":[{"href":"https:\/\/portalraizesnoticias.com.br\/index.php?rest_route=\/wp\/v2\/types\/post"}],"author":[{"embeddable":true,"href":"https:\/\/portalraizesnoticias.com.br\/index.php?rest_route=\/wp\/v2\/users\/3"}],"replies":[{"embeddable":true,"href":"https:\/\/portalraizesnoticias.com.br\/index.php?rest_route=%2Fwp%2Fv2%2Fcomments&post=5673"}],"version-history":[{"count":4,"href":"https:\/\/portalraizesnoticias.com.br\/index.php?rest_route=\/wp\/v2\/posts\/5673\/revisions"}],"predecessor-version":[{"id":5683,"href":"https:\/\/portalraizesnoticias.com.br\/index.php?rest_route=\/wp\/v2\/posts\/5673\/revisions\/5683"}],"wp:featuredmedia":[{"embeddable":true,"href":"https:\/\/portalraizesnoticias.com.br\/index.php?rest_route=\/wp\/v2\/media\/5675"}],"wp:attachment":[{"href":"https:\/\/portalraizesnoticias.com.br\/index.php?rest_route=%2Fwp%2Fv2%2Fmedia&parent=5673"}],"wp:term":[{"taxonomy":"category","embeddable":true,"href":"https:\/\/portalraizesnoticias.com.br\/index.php?rest_route=%2Fwp%2Fv2%2Fcategories&post=5673"},{"taxonomy":"post_tag","embeddable":true,"href":"https:\/\/portalraizesnoticias.com.br\/index.php?rest_route=%2Fwp%2Fv2%2Ftags&post=5673"}],"curies":[{"name":"wp","href":"https:\/\/api.w.org\/{rel}","templated":true}]}}