{"id":5642,"date":"2025-04-07T21:19:03","date_gmt":"2025-04-08T00:19:03","guid":{"rendered":"https:\/\/portalraizesnoticias.com.br\/?p=5642"},"modified":"2025-04-07T21:19:04","modified_gmt":"2025-04-08T00:19:04","slug":"com-recorde-de-publico-expocoite-2025-atrai-negocios-inovacao-e-alegria","status":"publish","type":"post","link":"https:\/\/portalraizesnoticias.com.br\/?p=5642","title":{"rendered":"Com recorde de p\u00fablico, EXPOCOIT\u00c9 2025 atrai neg\u00f3cios, inova\u00e7\u00e3o e alegria"},"content":{"rendered":"<p>A 24\u00aa edi\u00e7\u00e3o da ExpoCoit\u00e9 chegou ao fim consolidando seu protagonismo no cen\u00e1rio agropecu\u00e1rio da Bahia e do Nordeste. Realizada no Parque de Exposi\u00e7\u00f5es de Concei\u00e7\u00e3o do Coit\u00e9, a feira atraiu cerca de 40 mil visitantes ao longo de sete dias de programa\u00e7\u00e3o intensa, movimentando R$ 31 milh\u00f5es em neg\u00f3cios.<\/p>\n<p>De acordo com o secret\u00e1rio de Agricultura, Meio Ambiente e Economia Solid\u00e1ria, Renato Souza dos Santos, esta foi a maior edi\u00e7\u00e3o da hist\u00f3ria do evento. Ao todo, foram 311 expositores de diferentes segmentos e 1.024 animais expostos, entre caprinos, ovinos, bovinos e equinos. A feira tamb\u00e9m gerou 811 empregos tempor\u00e1rios, contribuindo significativamente para a economia local.<\/p>\n<p>Durante a Expo, cinco agroind\u00fastrias do munic\u00edpio foram certificadas, garantindo mais respaldo legal e ampliando suas possibilidades de mercado. A certifica\u00e7\u00e3o representa um avan\u00e7o para a agricultura familiar, promovendo a expans\u00e3o comercial dessas unidades. Al\u00e9m disso, o prefeito Marcelo Ara\u00fajo anunciou a autoriza\u00e7\u00e3o para a compra de R$ 3 milh\u00f5es em produtos da agricultura familiar, refor\u00e7ando o compromisso da gest\u00e3o com os pequenos produtores.<\/p>\n<p>\u201cA ExpoCoit\u00e9 \u00e9 a prova de que o campo tem for\u00e7a, criatividade e potencial para transformar a vida das pessoas. Investir na agricultura familiar, fomentar o empreendedorismo e gerar neg\u00f3cios sustent\u00e1veis s\u00e3o compromissos do nosso governo. Esta edi\u00e7\u00e3o superou todas as expectativas e j\u00e1 come\u00e7amos a planejar uma feira ainda maior em 2026\u201d, afirmou o prefeito Marcelo Ara\u00fajo.<\/p>\n<p><img fetchpriority=\"high\" decoding=\"async\" class=\"size-medium wp-image-5643 aligncenter\" src=\"https:\/\/portalraizesnoticias.com.br\/wp-content\/uploads\/2025\/04\/44M_0841-scaled-1-300x200.jpg\" alt=\"\" width=\"300\" height=\"200\" srcset=\"https:\/\/portalraizesnoticias.com.br\/wp-content\/uploads\/2025\/04\/44M_0841-scaled-1-300x200.jpg 300w, https:\/\/portalraizesnoticias.com.br\/wp-content\/uploads\/2025\/04\/44M_0841-scaled-1-768x512.jpg 768w, https:\/\/portalraizesnoticias.com.br\/wp-content\/uploads\/2025\/04\/44M_0841-scaled-1.jpg 1024w\" sizes=\"(max-width: 300px) 100vw, 300px\" \/><\/p>\n<p>A programa\u00e7\u00e3o t\u00e9cnica da Expo foi um dos grandes destaques, com a realiza\u00e7\u00e3o de semin\u00e1rios e palestras sobre avicultura caipira, empreendedorismo rural e jovem, melhoramento gen\u00e9tico e biotecnologia de reprodu\u00e7\u00e3o de bovinos. A feira reafirma, assim, seu papel como espa\u00e7o de forma\u00e7\u00e3o, inova\u00e7\u00e3o e difus\u00e3o de conhecimento no meio rural.<\/p>\n<p><img decoding=\"async\" class=\"size-medium wp-image-5645 aligncenter\" src=\"https:\/\/portalraizesnoticias.com.br\/wp-content\/uploads\/2025\/04\/44M_0918-scaled-1-300x200.jpg\" alt=\"\" width=\"300\" height=\"200\" srcset=\"https:\/\/portalraizesnoticias.com.br\/wp-content\/uploads\/2025\/04\/44M_0918-scaled-1-300x200.jpg 300w, https:\/\/portalraizesnoticias.com.br\/wp-content\/uploads\/2025\/04\/44M_0918-scaled-1-768x512.jpg 768w, https:\/\/portalraizesnoticias.com.br\/wp-content\/uploads\/2025\/04\/44M_0918-scaled-1.jpg 1024w\" sizes=\"(max-width: 300px) 100vw, 300px\" \/><\/p>\n<p>A diversidade tamb\u00e9m marcou a edi\u00e7\u00e3o 2025, com 40 estandes da agricultura familiar, 20 de empresas locais e 10 de empresas regionais. O p\u00fablico ainda p\u00f4de aproveitar a ampla estrutura de barracas de alimenta\u00e7\u00e3o, bebidas, artesanato, turismo de neg\u00f3cios, cooperativas, agroind\u00fastria, agropecu\u00e1ria, associa\u00e7\u00f5es, sindicatos e expositores do com\u00e9rcio local e regional.<\/p>\n<p>Uma das novidades mais bem avaliadas foi a disponibiliza\u00e7\u00e3o de Wi-Fi gratuito em todo o parque de exposi\u00e7\u00f5es, fruto de uma parceria entre a Prefeitura e a MSI Telecom.<\/p>\n<p>\u201cDurante o evento, registramos mais de 5.142 acessos \u00fanicos, com uma m\u00e9dia simult\u00e2nea de 2.000 a 2.500 usu\u00e1rios conectados. Foi uma inova\u00e7\u00e3o que melhorou a experi\u00eancia do p\u00fablico e facilitou os neg\u00f3cios\u201d, explicou o diretor da empresa, Miqueias Silva.<\/p>\n<p>A ExpoCoit\u00e9 contou com o apoio e a parceria de importantes institui\u00e7\u00f5es como SEBRAE, SENAR, Governo da Bahia, CAR, SEAGRI, CONSISAL, Banco do Brasil, Banco do Nordeste e SICOOB, fundamentais para garantir a diversidade e a qualidade da programa\u00e7\u00e3o.<\/p>\n<p>\u201cA ExpoCoit\u00e9 se tornou uma grande celebra\u00e7\u00e3o da agropecu\u00e1ria, da agricultura familiar e do empreendedorismo rural. Nosso desafio agora \u00e9 crescer ainda mais, sem perder nossa ess\u00eancia: valorizar o pequeno produtor e movimentar a economia local com sustentabilidade e inova\u00e7\u00e3o\u201d, finalizou o secret\u00e1rio Renato Souza dos Santos.<\/p>\n<p>Informa\u00e7\u00f5es e fotos Ascom<\/p>\n","protected":false},"excerpt":{"rendered":"<p>A 24\u00aa edi\u00e7\u00e3o da ExpoCoit\u00e9 chegou ao fim consolidando seu protagonismo no cen\u00e1rio agropecu\u00e1rio da Bahia e do Nordeste. Realizada no Parque de Exposi\u00e7\u00f5es de Concei\u00e7\u00e3o do Coit\u00e9, a feira atraiu cerca de 40 mil visitantes ao longo de sete dias de programa\u00e7\u00e3o intensa, movimentando R$ 31 milh\u00f5es em neg\u00f3cios. De acordo com o secret\u00e1rio de Agricultura, Meio Ambiente e Economia Solid\u00e1ria, Renato Souza dos Santos, esta foi a maior edi\u00e7\u00e3o da hist\u00f3ria do evento. Ao todo, foram 311 expositores de diferentes segmentos e 1.024 animais expostos, entre caprinos, ovinos, bovinos e equinos. A feira tamb\u00e9m gerou 811 empregos tempor\u00e1rios, contribuindo significativamente para a economia local. Durante a Expo, cinco agroind\u00fastrias do munic\u00edpio foram certificadas, garantindo mais respaldo legal e ampliando suas possibilidades de mercado. A certifica\u00e7\u00e3o representa um avan\u00e7o para a agricultura familiar, promovendo a expans\u00e3o comercial dessas unidades. Al\u00e9m disso, o prefeito Marcelo Ara\u00fajo anunciou a autoriza\u00e7\u00e3o para a compra de R$ 3 milh\u00f5es em produtos da agricultura familiar, refor\u00e7ando o compromisso da gest\u00e3o com os pequenos produtores. \u201cA ExpoCoit\u00e9 \u00e9 a prova de que o campo tem for\u00e7a, criatividade e potencial para transformar a vida das pessoas. Investir na agricultura familiar, fomentar o empreendedorismo e gerar neg\u00f3cios sustent\u00e1veis s\u00e3o compromissos do nosso governo. Esta edi\u00e7\u00e3o superou todas as expectativas e j\u00e1 come\u00e7amos a planejar uma feira ainda maior em 2026\u201d, afirmou o prefeito Marcelo Ara\u00fajo. A programa\u00e7\u00e3o t\u00e9cnica da Expo foi um dos grandes destaques, com a realiza\u00e7\u00e3o de semin\u00e1rios e palestras sobre avicultura caipira, empreendedorismo rural e jovem, melhoramento gen\u00e9tico e biotecnologia de reprodu\u00e7\u00e3o de bovinos. A feira reafirma, assim, seu papel como espa\u00e7o de forma\u00e7\u00e3o, inova\u00e7\u00e3o e difus\u00e3o de conhecimento no meio rural. A diversidade tamb\u00e9m marcou a edi\u00e7\u00e3o 2025, com 40 estandes da agricultura familiar, 20 de empresas locais e 10 de empresas regionais. O p\u00fablico ainda p\u00f4de aproveitar a ampla estrutura de barracas de alimenta\u00e7\u00e3o, bebidas, artesanato, turismo de neg\u00f3cios, cooperativas, agroind\u00fastria, agropecu\u00e1ria, associa\u00e7\u00f5es, sindicatos e expositores do com\u00e9rcio local e regional. Uma das novidades mais bem avaliadas foi a disponibiliza\u00e7\u00e3o de Wi-Fi gratuito em todo o parque de exposi\u00e7\u00f5es, fruto de uma parceria entre a Prefeitura e a MSI Telecom. \u201cDurante o evento, registramos mais de 5.142 acessos \u00fanicos, com uma m\u00e9dia simult\u00e2nea de 2.000 a 2.500 usu\u00e1rios conectados. Foi uma inova\u00e7\u00e3o que melhorou a experi\u00eancia do p\u00fablico e facilitou os neg\u00f3cios\u201d, explicou o diretor da empresa, Miqueias Silva. A ExpoCoit\u00e9 contou com o apoio e a parceria de importantes institui\u00e7\u00f5es como SEBRAE, SENAR, Governo da Bahia, CAR, SEAGRI, CONSISAL, Banco do Brasil, Banco do Nordeste e SICOOB, fundamentais para garantir a diversidade e a qualidade da programa\u00e7\u00e3o. \u201cA ExpoCoit\u00e9 se tornou uma grande celebra\u00e7\u00e3o da agropecu\u00e1ria, da agricultura familiar e do empreendedorismo rural. Nosso desafio agora \u00e9 crescer ainda mais, sem perder nossa ess\u00eancia: valorizar o pequeno produtor e movimentar a economia local com sustentabilidade e inova\u00e7\u00e3o\u201d, finalizou o secret\u00e1rio Renato Souza dos Santos. Informa\u00e7\u00f5es e fotos Ascom<\/p>\n","protected":false},"author":3,"featured_media":5644,"comment_status":"open","ping_status":"open","sticky":false,"template":"","format":"standard","meta":{"_joinchat":[],"footnotes":""},"categories":[55,69,59],"tags":[945,944,946],"class_list":["post-5642","post","type-post","status-publish","format-standard","has-post-thumbnail","hentry","category-destaques","category-entreterimento-e-cultura","category-ultimas-noticias","tag-cultura","tag-expocoite-2025","tag-festa"],"yoast_head":"<!-- This site is optimized with the Yoast SEO plugin v24.4 - https:\/\/yoast.com\/wordpress\/plugins\/seo\/ -->\n<title>Com recorde de p\u00fablico, EXPOCOIT\u00c9 2025 atrai neg\u00f3cios, inova\u00e7\u00e3o e alegria - Portal raizes noticias<\/title>\n<meta name=\"robots\" content=\"index, follow, max-snippet:-1, max-image-preview:large, max-video-preview:-1\" \/>\n<link rel=\"canonical\" href=\"https:\/\/portalraizesnoticias.com.br\/?p=5642\" \/>\n<meta property=\"og:locale\" content=\"pt_BR\" \/>\n<meta property=\"og:type\" content=\"article\" \/>\n<meta property=\"og:title\" content=\"Com recorde de p\u00fablico, EXPOCOIT\u00c9 2025 atrai neg\u00f3cios, inova\u00e7\u00e3o e alegria - Portal raizes noticias\" \/>\n<meta property=\"og:description\" content=\"A 24\u00aa edi\u00e7\u00e3o da ExpoCoit\u00e9 chegou ao fim consolidando seu protagonismo no cen\u00e1rio agropecu\u00e1rio da Bahia e do Nordeste. Realizada no Parque de Exposi\u00e7\u00f5es de Concei\u00e7\u00e3o do Coit\u00e9, a feira atraiu cerca de 40 mil visitantes ao longo de sete dias de programa\u00e7\u00e3o intensa, movimentando R$ 31 milh\u00f5es em neg\u00f3cios. De acordo com o secret\u00e1rio de Agricultura, Meio Ambiente e Economia Solid\u00e1ria, Renato Souza dos Santos, esta foi a maior edi\u00e7\u00e3o da hist\u00f3ria do evento. Ao todo, foram 311 expositores de diferentes segmentos e 1.024 animais expostos, entre caprinos, ovinos, bovinos e equinos. A feira tamb\u00e9m gerou 811 empregos tempor\u00e1rios, contribuindo significativamente para a economia local. Durante a Expo, cinco agroind\u00fastrias do munic\u00edpio foram certificadas, garantindo mais respaldo legal e ampliando suas possibilidades de mercado. A certifica\u00e7\u00e3o representa um avan\u00e7o para a agricultura familiar, promovendo a expans\u00e3o comercial dessas unidades. Al\u00e9m disso, o prefeito Marcelo Ara\u00fajo anunciou a autoriza\u00e7\u00e3o para a compra de R$ 3 milh\u00f5es em produtos da agricultura familiar, refor\u00e7ando o compromisso da gest\u00e3o com os pequenos produtores. \u201cA ExpoCoit\u00e9 \u00e9 a prova de que o campo tem for\u00e7a, criatividade e potencial para transformar a vida das pessoas. Investir na agricultura familiar, fomentar o empreendedorismo e gerar neg\u00f3cios sustent\u00e1veis s\u00e3o compromissos do nosso governo. Esta edi\u00e7\u00e3o superou todas as expectativas e j\u00e1 come\u00e7amos a planejar uma feira ainda maior em 2026\u201d, afirmou o prefeito Marcelo Ara\u00fajo. A programa\u00e7\u00e3o t\u00e9cnica da Expo foi um dos grandes destaques, com a realiza\u00e7\u00e3o de semin\u00e1rios e palestras sobre avicultura caipira, empreendedorismo rural e jovem, melhoramento gen\u00e9tico e biotecnologia de reprodu\u00e7\u00e3o de bovinos. A feira reafirma, assim, seu papel como espa\u00e7o de forma\u00e7\u00e3o, inova\u00e7\u00e3o e difus\u00e3o de conhecimento no meio rural. A diversidade tamb\u00e9m marcou a edi\u00e7\u00e3o 2025, com 40 estandes da agricultura familiar, 20 de empresas locais e 10 de empresas regionais. O p\u00fablico ainda p\u00f4de aproveitar a ampla estrutura de barracas de alimenta\u00e7\u00e3o, bebidas, artesanato, turismo de neg\u00f3cios, cooperativas, agroind\u00fastria, agropecu\u00e1ria, associa\u00e7\u00f5es, sindicatos e expositores do com\u00e9rcio local e regional. Uma das novidades mais bem avaliadas foi a disponibiliza\u00e7\u00e3o de Wi-Fi gratuito em todo o parque de exposi\u00e7\u00f5es, fruto de uma parceria entre a Prefeitura e a MSI Telecom. \u201cDurante o evento, registramos mais de 5.142 acessos \u00fanicos, com uma m\u00e9dia simult\u00e2nea de 2.000 a 2.500 usu\u00e1rios conectados. Foi uma inova\u00e7\u00e3o que melhorou a experi\u00eancia do p\u00fablico e facilitou os neg\u00f3cios\u201d, explicou o diretor da empresa, Miqueias Silva. A ExpoCoit\u00e9 contou com o apoio e a parceria de importantes institui\u00e7\u00f5es como SEBRAE, SENAR, Governo da Bahia, CAR, SEAGRI, CONSISAL, Banco do Brasil, Banco do Nordeste e SICOOB, fundamentais para garantir a diversidade e a qualidade da programa\u00e7\u00e3o. \u201cA ExpoCoit\u00e9 se tornou uma grande celebra\u00e7\u00e3o da agropecu\u00e1ria, da agricultura familiar e do empreendedorismo rural. Nosso desafio agora \u00e9 crescer ainda mais, sem perder nossa ess\u00eancia: valorizar o pequeno produtor e movimentar a economia local com sustentabilidade e inova\u00e7\u00e3o\u201d, finalizou o secret\u00e1rio Renato Souza dos Santos. Informa\u00e7\u00f5es e fotos Ascom\" \/>\n<meta property=\"og:url\" content=\"https:\/\/portalraizesnoticias.com.br\/?p=5642\" \/>\n<meta property=\"og:site_name\" content=\"Portal raizes noticias\" \/>\n<meta property=\"article:published_time\" content=\"2025-04-08T00:19:03+00:00\" \/>\n<meta property=\"article:modified_time\" content=\"2025-04-08T00:19:04+00:00\" \/>\n<meta property=\"og:image\" content=\"https:\/\/portalraizesnoticias.com.br\/wp-content\/uploads\/2025\/04\/44M_0777-scaled-1.jpg\" \/>\n\t<meta property=\"og:image:width\" content=\"1024\" \/>\n\t<meta property=\"og:image:height\" content=\"640\" \/>\n\t<meta property=\"og:image:type\" content=\"image\/jpeg\" \/>\n<meta name=\"author\" content=\"Portal Raizes\" \/>\n<meta name=\"twitter:card\" content=\"summary_large_image\" \/>\n<meta name=\"twitter:label1\" content=\"Escrito por\" \/>\n\t<meta name=\"twitter:data1\" content=\"Portal Raizes\" \/>\n\t<meta name=\"twitter:label2\" content=\"Est. tempo de leitura\" \/>\n\t<meta name=\"twitter:data2\" content=\"4 minutos\" \/>\n<script type=\"application\/ld+json\" class=\"yoast-schema-graph\">{\"@context\":\"https:\/\/schema.org\",\"@graph\":[{\"@type\":\"Article\",\"@id\":\"https:\/\/portalraizesnoticias.com.br\/?p=5642#article\",\"isPartOf\":{\"@id\":\"https:\/\/portalraizesnoticias.com.br\/?p=5642\"},\"author\":{\"name\":\"Portal Raizes\",\"@id\":\"https:\/\/portalraizesnoticias.com.br\/#\/schema\/person\/a3ca6b0fc701e78df19756c417d943ae\"},\"headline\":\"Com recorde de p\u00fablico, EXPOCOIT\u00c9 2025 atrai neg\u00f3cios, inova\u00e7\u00e3o e alegria\",\"datePublished\":\"2025-04-08T00:19:03+00:00\",\"dateModified\":\"2025-04-08T00:19:04+00:00\",\"mainEntityOfPage\":{\"@id\":\"https:\/\/portalraizesnoticias.com.br\/?p=5642\"},\"wordCount\":552,\"commentCount\":0,\"publisher\":{\"@id\":\"https:\/\/portalraizesnoticias.com.br\/#organization\"},\"image\":{\"@id\":\"https:\/\/portalraizesnoticias.com.br\/?p=5642#primaryimage\"},\"thumbnailUrl\":\"https:\/\/portalraizesnoticias.com.br\/wp-content\/uploads\/2025\/04\/44M_0777-scaled-1.jpg\",\"keywords\":[\"Cultura\",\"Expocoit\u00e9 2025\",\"Festa\"],\"articleSection\":[\"DESTAQUES\",\"ENTRETERIMENTO E CULTURA\",\"ULTIMAS NOTICIAS\"],\"inLanguage\":\"pt-BR\",\"potentialAction\":[{\"@type\":\"CommentAction\",\"name\":\"Comment\",\"target\":[\"https:\/\/portalraizesnoticias.com.br\/?p=5642#respond\"]}]},{\"@type\":\"WebPage\",\"@id\":\"https:\/\/portalraizesnoticias.com.br\/?p=5642\",\"url\":\"https:\/\/portalraizesnoticias.com.br\/?p=5642\",\"name\":\"Com recorde de p\u00fablico, EXPOCOIT\u00c9 2025 atrai neg\u00f3cios, inova\u00e7\u00e3o e alegria - Portal raizes noticias\",\"isPartOf\":{\"@id\":\"https:\/\/portalraizesnoticias.com.br\/#website\"},\"primaryImageOfPage\":{\"@id\":\"https:\/\/portalraizesnoticias.com.br\/?p=5642#primaryimage\"},\"image\":{\"@id\":\"https:\/\/portalraizesnoticias.com.br\/?p=5642#primaryimage\"},\"thumbnailUrl\":\"https:\/\/portalraizesnoticias.com.br\/wp-content\/uploads\/2025\/04\/44M_0777-scaled-1.jpg\",\"datePublished\":\"2025-04-08T00:19:03+00:00\",\"dateModified\":\"2025-04-08T00:19:04+00:00\",\"breadcrumb\":{\"@id\":\"https:\/\/portalraizesnoticias.com.br\/?p=5642#breadcrumb\"},\"inLanguage\":\"pt-BR\",\"potentialAction\":[{\"@type\":\"ReadAction\",\"target\":[\"https:\/\/portalraizesnoticias.com.br\/?p=5642\"]}]},{\"@type\":\"ImageObject\",\"inLanguage\":\"pt-BR\",\"@id\":\"https:\/\/portalraizesnoticias.com.br\/?p=5642#primaryimage\",\"url\":\"https:\/\/portalraizesnoticias.com.br\/wp-content\/uploads\/2025\/04\/44M_0777-scaled-1.jpg\",\"contentUrl\":\"https:\/\/portalraizesnoticias.com.br\/wp-content\/uploads\/2025\/04\/44M_0777-scaled-1.jpg\",\"width\":1024,\"height\":640},{\"@type\":\"BreadcrumbList\",\"@id\":\"https:\/\/portalraizesnoticias.com.br\/?p=5642#breadcrumb\",\"itemListElement\":[{\"@type\":\"ListItem\",\"position\":1,\"name\":\"In\u00edcio\",\"item\":\"https:\/\/portalraizesnoticias.com.br\/\"},{\"@type\":\"ListItem\",\"position\":2,\"name\":\"Com recorde de p\u00fablico, EXPOCOIT\u00c9 2025 atrai neg\u00f3cios, inova\u00e7\u00e3o e alegria\"}]},{\"@type\":\"WebSite\",\"@id\":\"https:\/\/portalraizesnoticias.com.br\/#website\",\"url\":\"https:\/\/portalraizesnoticias.com.br\/\",\"name\":\"Portal raizes NOTICIAS\",\"description\":\"site de noticias de concei\u00e7\u00e3o do coit\u00e9 e regi\u00e3o\",\"publisher\":{\"@id\":\"https:\/\/portalraizesnoticias.com.br\/#organization\"},\"alternateName\":\"PORTAL RAIZES COIT\u00c9\",\"potentialAction\":[{\"@type\":\"SearchAction\",\"target\":{\"@type\":\"EntryPoint\",\"urlTemplate\":\"https:\/\/portalraizesnoticias.com.br\/?s={search_term_string}\"},\"query-input\":{\"@type\":\"PropertyValueSpecification\",\"valueRequired\":true,\"valueName\":\"search_term_string\"}}],\"inLanguage\":\"pt-BR\"},{\"@type\":\"Organization\",\"@id\":\"https:\/\/portalraizesnoticias.com.br\/#organization\",\"name\":\"Portal raizes NOTICIAS\",\"url\":\"https:\/\/portalraizesnoticias.com.br\/\",\"logo\":{\"@type\":\"ImageObject\",\"inLanguage\":\"pt-BR\",\"@id\":\"https:\/\/portalraizesnoticias.com.br\/#\/schema\/logo\/image\/\",\"url\":\"https:\/\/portalraizesnoticias.com.br\/wp-content\/uploads\/2024\/09\/cropped-Captura-de-tela-2024-09-08-011108.png\",\"contentUrl\":\"https:\/\/portalraizesnoticias.com.br\/wp-content\/uploads\/2024\/09\/cropped-Captura-de-tela-2024-09-08-011108.png\",\"width\":606,\"height\":173,\"caption\":\"Portal raizes NOTICIAS\"},\"image\":{\"@id\":\"https:\/\/portalraizesnoticias.com.br\/#\/schema\/logo\/image\/\"}},{\"@type\":\"Person\",\"@id\":\"https:\/\/portalraizesnoticias.com.br\/#\/schema\/person\/a3ca6b0fc701e78df19756c417d943ae\",\"name\":\"Portal Raizes\",\"image\":{\"@type\":\"ImageObject\",\"inLanguage\":\"pt-BR\",\"@id\":\"https:\/\/portalraizesnoticias.com.br\/#\/schema\/person\/image\/\",\"url\":\"https:\/\/secure.gravatar.com\/avatar\/ef450d29013a3d3fba867a12a249d7b1?s=96&d=mm&r=g\",\"contentUrl\":\"https:\/\/secure.gravatar.com\/avatar\/ef450d29013a3d3fba867a12a249d7b1?s=96&d=mm&r=g\",\"caption\":\"Portal Raizes\"},\"url\":\"https:\/\/portalraizesnoticias.com.br\/?author=3\"}]}<\/script>\n<!-- \/ Yoast SEO plugin. -->","yoast_head_json":{"title":"Com recorde de p\u00fablico, EXPOCOIT\u00c9 2025 atrai neg\u00f3cios, inova\u00e7\u00e3o e alegria - Portal raizes noticias","robots":{"index":"index","follow":"follow","max-snippet":"max-snippet:-1","max-image-preview":"max-image-preview:large","max-video-preview":"max-video-preview:-1"},"canonical":"https:\/\/portalraizesnoticias.com.br\/?p=5642","og_locale":"pt_BR","og_type":"article","og_title":"Com recorde de p\u00fablico, EXPOCOIT\u00c9 2025 atrai neg\u00f3cios, inova\u00e7\u00e3o e alegria - Portal raizes noticias","og_description":"A 24\u00aa edi\u00e7\u00e3o da ExpoCoit\u00e9 chegou ao fim consolidando seu protagonismo no cen\u00e1rio agropecu\u00e1rio da Bahia e do Nordeste. Realizada no Parque de Exposi\u00e7\u00f5es de Concei\u00e7\u00e3o do Coit\u00e9, a feira atraiu cerca de 40 mil visitantes ao longo de sete dias de programa\u00e7\u00e3o intensa, movimentando R$ 31 milh\u00f5es em neg\u00f3cios. De acordo com o secret\u00e1rio de Agricultura, Meio Ambiente e Economia Solid\u00e1ria, Renato Souza dos Santos, esta foi a maior edi\u00e7\u00e3o da hist\u00f3ria do evento. Ao todo, foram 311 expositores de diferentes segmentos e 1.024 animais expostos, entre caprinos, ovinos, bovinos e equinos. A feira tamb\u00e9m gerou 811 empregos tempor\u00e1rios, contribuindo significativamente para a economia local. Durante a Expo, cinco agroind\u00fastrias do munic\u00edpio foram certificadas, garantindo mais respaldo legal e ampliando suas possibilidades de mercado. A certifica\u00e7\u00e3o representa um avan\u00e7o para a agricultura familiar, promovendo a expans\u00e3o comercial dessas unidades. Al\u00e9m disso, o prefeito Marcelo Ara\u00fajo anunciou a autoriza\u00e7\u00e3o para a compra de R$ 3 milh\u00f5es em produtos da agricultura familiar, refor\u00e7ando o compromisso da gest\u00e3o com os pequenos produtores. \u201cA ExpoCoit\u00e9 \u00e9 a prova de que o campo tem for\u00e7a, criatividade e potencial para transformar a vida das pessoas. Investir na agricultura familiar, fomentar o empreendedorismo e gerar neg\u00f3cios sustent\u00e1veis s\u00e3o compromissos do nosso governo. Esta edi\u00e7\u00e3o superou todas as expectativas e j\u00e1 come\u00e7amos a planejar uma feira ainda maior em 2026\u201d, afirmou o prefeito Marcelo Ara\u00fajo. A programa\u00e7\u00e3o t\u00e9cnica da Expo foi um dos grandes destaques, com a realiza\u00e7\u00e3o de semin\u00e1rios e palestras sobre avicultura caipira, empreendedorismo rural e jovem, melhoramento gen\u00e9tico e biotecnologia de reprodu\u00e7\u00e3o de bovinos. A feira reafirma, assim, seu papel como espa\u00e7o de forma\u00e7\u00e3o, inova\u00e7\u00e3o e difus\u00e3o de conhecimento no meio rural. A diversidade tamb\u00e9m marcou a edi\u00e7\u00e3o 2025, com 40 estandes da agricultura familiar, 20 de empresas locais e 10 de empresas regionais. O p\u00fablico ainda p\u00f4de aproveitar a ampla estrutura de barracas de alimenta\u00e7\u00e3o, bebidas, artesanato, turismo de neg\u00f3cios, cooperativas, agroind\u00fastria, agropecu\u00e1ria, associa\u00e7\u00f5es, sindicatos e expositores do com\u00e9rcio local e regional. Uma das novidades mais bem avaliadas foi a disponibiliza\u00e7\u00e3o de Wi-Fi gratuito em todo o parque de exposi\u00e7\u00f5es, fruto de uma parceria entre a Prefeitura e a MSI Telecom. \u201cDurante o evento, registramos mais de 5.142 acessos \u00fanicos, com uma m\u00e9dia simult\u00e2nea de 2.000 a 2.500 usu\u00e1rios conectados. Foi uma inova\u00e7\u00e3o que melhorou a experi\u00eancia do p\u00fablico e facilitou os neg\u00f3cios\u201d, explicou o diretor da empresa, Miqueias Silva. A ExpoCoit\u00e9 contou com o apoio e a parceria de importantes institui\u00e7\u00f5es como SEBRAE, SENAR, Governo da Bahia, CAR, SEAGRI, CONSISAL, Banco do Brasil, Banco do Nordeste e SICOOB, fundamentais para garantir a diversidade e a qualidade da programa\u00e7\u00e3o. \u201cA ExpoCoit\u00e9 se tornou uma grande celebra\u00e7\u00e3o da agropecu\u00e1ria, da agricultura familiar e do empreendedorismo rural. Nosso desafio agora \u00e9 crescer ainda mais, sem perder nossa ess\u00eancia: valorizar o pequeno produtor e movimentar a economia local com sustentabilidade e inova\u00e7\u00e3o\u201d, finalizou o secret\u00e1rio Renato Souza dos Santos. Informa\u00e7\u00f5es e fotos Ascom","og_url":"https:\/\/portalraizesnoticias.com.br\/?p=5642","og_site_name":"Portal raizes noticias","article_published_time":"2025-04-08T00:19:03+00:00","article_modified_time":"2025-04-08T00:19:04+00:00","og_image":[{"width":1024,"height":640,"url":"https:\/\/portalraizesnoticias.com.br\/wp-content\/uploads\/2025\/04\/44M_0777-scaled-1.jpg","type":"image\/jpeg"}],"author":"Portal Raizes","twitter_card":"summary_large_image","twitter_misc":{"Escrito por":"Portal Raizes","Est. tempo de leitura":"4 minutos"},"schema":{"@context":"https:\/\/schema.org","@graph":[{"@type":"Article","@id":"https:\/\/portalraizesnoticias.com.br\/?p=5642#article","isPartOf":{"@id":"https:\/\/portalraizesnoticias.com.br\/?p=5642"},"author":{"name":"Portal Raizes","@id":"https:\/\/portalraizesnoticias.com.br\/#\/schema\/person\/a3ca6b0fc701e78df19756c417d943ae"},"headline":"Com recorde de p\u00fablico, EXPOCOIT\u00c9 2025 atrai neg\u00f3cios, inova\u00e7\u00e3o e alegria","datePublished":"2025-04-08T00:19:03+00:00","dateModified":"2025-04-08T00:19:04+00:00","mainEntityOfPage":{"@id":"https:\/\/portalraizesnoticias.com.br\/?p=5642"},"wordCount":552,"commentCount":0,"publisher":{"@id":"https:\/\/portalraizesnoticias.com.br\/#organization"},"image":{"@id":"https:\/\/portalraizesnoticias.com.br\/?p=5642#primaryimage"},"thumbnailUrl":"https:\/\/portalraizesnoticias.com.br\/wp-content\/uploads\/2025\/04\/44M_0777-scaled-1.jpg","keywords":["Cultura","Expocoit\u00e9 2025","Festa"],"articleSection":["DESTAQUES","ENTRETERIMENTO E CULTURA","ULTIMAS NOTICIAS"],"inLanguage":"pt-BR","potentialAction":[{"@type":"CommentAction","name":"Comment","target":["https:\/\/portalraizesnoticias.com.br\/?p=5642#respond"]}]},{"@type":"WebPage","@id":"https:\/\/portalraizesnoticias.com.br\/?p=5642","url":"https:\/\/portalraizesnoticias.com.br\/?p=5642","name":"Com recorde de p\u00fablico, EXPOCOIT\u00c9 2025 atrai neg\u00f3cios, inova\u00e7\u00e3o e alegria - Portal raizes noticias","isPartOf":{"@id":"https:\/\/portalraizesnoticias.com.br\/#website"},"primaryImageOfPage":{"@id":"https:\/\/portalraizesnoticias.com.br\/?p=5642#primaryimage"},"image":{"@id":"https:\/\/portalraizesnoticias.com.br\/?p=5642#primaryimage"},"thumbnailUrl":"https:\/\/portalraizesnoticias.com.br\/wp-content\/uploads\/2025\/04\/44M_0777-scaled-1.jpg","datePublished":"2025-04-08T00:19:03+00:00","dateModified":"2025-04-08T00:19:04+00:00","breadcrumb":{"@id":"https:\/\/portalraizesnoticias.com.br\/?p=5642#breadcrumb"},"inLanguage":"pt-BR","potentialAction":[{"@type":"ReadAction","target":["https:\/\/portalraizesnoticias.com.br\/?p=5642"]}]},{"@type":"ImageObject","inLanguage":"pt-BR","@id":"https:\/\/portalraizesnoticias.com.br\/?p=5642#primaryimage","url":"https:\/\/portalraizesnoticias.com.br\/wp-content\/uploads\/2025\/04\/44M_0777-scaled-1.jpg","contentUrl":"https:\/\/portalraizesnoticias.com.br\/wp-content\/uploads\/2025\/04\/44M_0777-scaled-1.jpg","width":1024,"height":640},{"@type":"BreadcrumbList","@id":"https:\/\/portalraizesnoticias.com.br\/?p=5642#breadcrumb","itemListElement":[{"@type":"ListItem","position":1,"name":"In\u00edcio","item":"https:\/\/portalraizesnoticias.com.br\/"},{"@type":"ListItem","position":2,"name":"Com recorde de p\u00fablico, EXPOCOIT\u00c9 2025 atrai neg\u00f3cios, inova\u00e7\u00e3o e alegria"}]},{"@type":"WebSite","@id":"https:\/\/portalraizesnoticias.com.br\/#website","url":"https:\/\/portalraizesnoticias.com.br\/","name":"Portal raizes NOTICIAS","description":"site de noticias de concei\u00e7\u00e3o do coit\u00e9 e regi\u00e3o","publisher":{"@id":"https:\/\/portalraizesnoticias.com.br\/#organization"},"alternateName":"PORTAL RAIZES COIT\u00c9","potentialAction":[{"@type":"SearchAction","target":{"@type":"EntryPoint","urlTemplate":"https:\/\/portalraizesnoticias.com.br\/?s={search_term_string}"},"query-input":{"@type":"PropertyValueSpecification","valueRequired":true,"valueName":"search_term_string"}}],"inLanguage":"pt-BR"},{"@type":"Organization","@id":"https:\/\/portalraizesnoticias.com.br\/#organization","name":"Portal raizes NOTICIAS","url":"https:\/\/portalraizesnoticias.com.br\/","logo":{"@type":"ImageObject","inLanguage":"pt-BR","@id":"https:\/\/portalraizesnoticias.com.br\/#\/schema\/logo\/image\/","url":"https:\/\/portalraizesnoticias.com.br\/wp-content\/uploads\/2024\/09\/cropped-Captura-de-tela-2024-09-08-011108.png","contentUrl":"https:\/\/portalraizesnoticias.com.br\/wp-content\/uploads\/2024\/09\/cropped-Captura-de-tela-2024-09-08-011108.png","width":606,"height":173,"caption":"Portal raizes NOTICIAS"},"image":{"@id":"https:\/\/portalraizesnoticias.com.br\/#\/schema\/logo\/image\/"}},{"@type":"Person","@id":"https:\/\/portalraizesnoticias.com.br\/#\/schema\/person\/a3ca6b0fc701e78df19756c417d943ae","name":"Portal Raizes","image":{"@type":"ImageObject","inLanguage":"pt-BR","@id":"https:\/\/portalraizesnoticias.com.br\/#\/schema\/person\/image\/","url":"https:\/\/secure.gravatar.com\/avatar\/ef450d29013a3d3fba867a12a249d7b1?s=96&d=mm&r=g","contentUrl":"https:\/\/secure.gravatar.com\/avatar\/ef450d29013a3d3fba867a12a249d7b1?s=96&d=mm&r=g","caption":"Portal Raizes"},"url":"https:\/\/portalraizesnoticias.com.br\/?author=3"}]}},"_links":{"self":[{"href":"https:\/\/portalraizesnoticias.com.br\/index.php?rest_route=\/wp\/v2\/posts\/5642"}],"collection":[{"href":"https:\/\/portalraizesnoticias.com.br\/index.php?rest_route=\/wp\/v2\/posts"}],"about":[{"href":"https:\/\/portalraizesnoticias.com.br\/index.php?rest_route=\/wp\/v2\/types\/post"}],"author":[{"embeddable":true,"href":"https:\/\/portalraizesnoticias.com.br\/index.php?rest_route=\/wp\/v2\/users\/3"}],"replies":[{"embeddable":true,"href":"https:\/\/portalraizesnoticias.com.br\/index.php?rest_route=%2Fwp%2Fv2%2Fcomments&post=5642"}],"version-history":[{"count":1,"href":"https:\/\/portalraizesnoticias.com.br\/index.php?rest_route=\/wp\/v2\/posts\/5642\/revisions"}],"predecessor-version":[{"id":5646,"href":"https:\/\/portalraizesnoticias.com.br\/index.php?rest_route=\/wp\/v2\/posts\/5642\/revisions\/5646"}],"wp:featuredmedia":[{"embeddable":true,"href":"https:\/\/portalraizesnoticias.com.br\/index.php?rest_route=\/wp\/v2\/media\/5644"}],"wp:attachment":[{"href":"https:\/\/portalraizesnoticias.com.br\/index.php?rest_route=%2Fwp%2Fv2%2Fmedia&parent=5642"}],"wp:term":[{"taxonomy":"category","embeddable":true,"href":"https:\/\/portalraizesnoticias.com.br\/index.php?rest_route=%2Fwp%2Fv2%2Fcategories&post=5642"},{"taxonomy":"post_tag","embeddable":true,"href":"https:\/\/portalraizesnoticias.com.br\/index.php?rest_route=%2Fwp%2Fv2%2Ftags&post=5642"}],"curies":[{"name":"wp","href":"https:\/\/api.w.org\/{rel}","templated":true}]}}