{"id":5622,"date":"2025-04-06T11:35:17","date_gmt":"2025-04-06T14:35:17","guid":{"rendered":"https:\/\/portalraizesnoticias.com.br\/?p=5622"},"modified":"2025-04-06T11:45:05","modified_gmt":"2025-04-06T14:45:05","slug":"vereador-e-esposa-ficam-feridos-apos-acidente-de-transito-em-conceicao-do-coite","status":"publish","type":"post","link":"https:\/\/portalraizesnoticias.com.br\/?p=5622","title":{"rendered":"Vereador e esposa ficam feridos ap\u00f3s acidente de tr\u00e2nsito em Concei\u00e7\u00e3o do Coit\u00e9"},"content":{"rendered":"<p>Por volta das 05h00 deste domingo (06), uma colis\u00e3o entre dois ve\u00edculos deixou o vereador de Concei\u00e7\u00e3o do Coit\u00e9, Eriberto Antonio Almeida Filho, 40 anos, conhecido por Lindo de Neuza, e a esposa feridos na estrada que liga Concei\u00e7\u00e3o do Coit\u00e9 ao distrito de Juazeirinho.<\/p>\n<p><img fetchpriority=\"high\" decoding=\"async\" class=\"size-medium wp-image-4263 aligncenter\" src=\"https:\/\/portalraizesnoticias.com.br\/wp-content\/uploads\/2025\/01\/IMG-20250120-WA0370-210x300.jpg\" alt=\"\" width=\"210\" height=\"300\" srcset=\"https:\/\/portalraizesnoticias.com.br\/wp-content\/uploads\/2025\/01\/IMG-20250120-WA0370-210x300.jpg 210w, https:\/\/portalraizesnoticias.com.br\/wp-content\/uploads\/2025\/01\/IMG-20250120-WA0370-717x1024.jpg 717w, https:\/\/portalraizesnoticias.com.br\/wp-content\/uploads\/2025\/01\/IMG-20250120-WA0370-768x1096.jpg 768w, https:\/\/portalraizesnoticias.com.br\/wp-content\/uploads\/2025\/01\/IMG-20250120-WA0370-1076x1536.jpg 1076w, https:\/\/portalraizesnoticias.com.br\/wp-content\/uploads\/2025\/01\/IMG-20250120-WA0370.jpg 1121w\" sizes=\"(max-width: 210px) 100vw, 210px\" \/><\/p>\n<p style=\"text-align: center;\"><strong>PUBLICIDADE<\/strong><\/p>\n<p>Segundo informa\u00e7\u00f5es apuradas pela jornalista Rafaela Rodrigues junto \u00e0 assessoria do vereador, Lindo de Neuza retornava para a resid\u00eancia a bordo de um ve\u00edculo modelo Gol, quando outro autom\u00f3vel que vinha sentido contr\u00e1rio perdeu o controle, provocando a colis\u00e3o frontal.<\/p>\n<p><img decoding=\"async\" class=\"size-medium wp-image-3171 aligncenter\" src=\"https:\/\/portalraizesnoticias.com.br\/wp-content\/uploads\/2024\/12\/Brasao-Clube-de-Tiro-vetorizado-2-300x176.png\" alt=\"\" width=\"300\" height=\"176\" srcset=\"https:\/\/portalraizesnoticias.com.br\/wp-content\/uploads\/2024\/12\/Brasao-Clube-de-Tiro-vetorizado-2-300x176.png 300w, https:\/\/portalraizesnoticias.com.br\/wp-content\/uploads\/2024\/12\/Brasao-Clube-de-Tiro-vetorizado-2-1024x602.png 1024w, https:\/\/portalraizesnoticias.com.br\/wp-content\/uploads\/2024\/12\/Brasao-Clube-de-Tiro-vetorizado-2-768x451.png 768w, https:\/\/portalraizesnoticias.com.br\/wp-content\/uploads\/2024\/12\/Brasao-Clube-de-Tiro-vetorizado-2-1536x902.png 1536w, https:\/\/portalraizesnoticias.com.br\/wp-content\/uploads\/2024\/12\/Brasao-Clube-de-Tiro-vetorizado-2-2048x1203.png 2048w\" sizes=\"(max-width: 300px) 100vw, 300px\" \/><\/p>\n<p style=\"text-align: center;\"><strong>PUBLICIDADE<\/strong><\/p>\n<p>Ainda conforme informa\u00e7\u00f5es da assessoria, Lindo de Neuza teve um corte na face e fratura em uma das costelas.<\/p>\n<p>A esposa teve uma forte pancada na cabe\u00e7a.<\/p>\n<p>Ambos foram encaminhados ao Hospital S\u00e3o Mateus em Feira de Santana, mas, apesar dos ferimentos, passam bem.<\/p>\n<p><img decoding=\"async\" class=\"size-medium wp-image-1968 aligncenter\" src=\"https:\/\/portalraizesnoticias.com.br\/wp-content\/uploads\/2024\/11\/Imagem-do-WhatsApp-de-2024-11-01-as-13.17.23_592d9bdd-300x142.jpg\" alt=\"\" width=\"300\" height=\"142\" srcset=\"https:\/\/portalraizesnoticias.com.br\/wp-content\/uploads\/2024\/11\/Imagem-do-WhatsApp-de-2024-11-01-as-13.17.23_592d9bdd-300x142.jpg 300w, https:\/\/portalraizesnoticias.com.br\/wp-content\/uploads\/2024\/11\/Imagem-do-WhatsApp-de-2024-11-01-as-13.17.23_592d9bdd.jpg 722w\" sizes=\"(max-width: 300px) 100vw, 300px\" \/><\/p>\n<p style=\"text-align: center;\"><strong>PUBLICIDADE<\/strong><\/p>\n<p>\u201cLindo e a mulher foram para Feira de Santana para fazer exames. Est\u00e3o bem, apesar do susto e dos ferimentos&#8221;, finalizou o assessor.<\/p>\n<p>N\u00e3o h\u00e1 informa\u00e7\u00f5es sobre o condutor do outro ve\u00edculo.<\/p>\n<p>Reda\u00e7\u00e3o Portal Ra\u00edzes<\/p>\n<p>Foto: Reprodu\u00e7\u00e3o<\/p>\n","protected":false},"excerpt":{"rendered":"<p>Por volta das 05h00 deste domingo (06), uma colis\u00e3o entre dois ve\u00edculos deixou o vereador de Concei\u00e7\u00e3o do Coit\u00e9, Eriberto Antonio Almeida Filho, 40 anos, conhecido por Lindo de Neuza, e a esposa feridos na estrada que liga Concei\u00e7\u00e3o do Coit\u00e9 ao distrito de Juazeirinho. PUBLICIDADE Segundo informa\u00e7\u00f5es apuradas pela jornalista Rafaela Rodrigues junto \u00e0 assessoria do vereador, Lindo de Neuza retornava para a resid\u00eancia a bordo de um ve\u00edculo modelo Gol, quando outro autom\u00f3vel que vinha sentido contr\u00e1rio perdeu o controle, provocando a colis\u00e3o frontal. PUBLICIDADE Ainda conforme informa\u00e7\u00f5es da assessoria, Lindo de Neuza teve um corte na face e fratura em uma das costelas. A esposa teve uma forte pancada na cabe\u00e7a. Ambos foram encaminhados ao Hospital S\u00e3o Mateus em Feira de Santana, mas, apesar dos ferimentos, passam bem. PUBLICIDADE \u201cLindo e a mulher foram para Feira de Santana para fazer exames. Est\u00e3o bem, apesar do susto e dos ferimentos&#8221;, finalizou o assessor. N\u00e3o h\u00e1 informa\u00e7\u00f5es sobre o condutor do outro ve\u00edculo. Reda\u00e7\u00e3o Portal Ra\u00edzes Foto: Reprodu\u00e7\u00e3o<\/p>\n","protected":false},"author":3,"featured_media":5623,"comment_status":"open","ping_status":"open","sticky":false,"template":"","format":"standard","meta":{"_joinchat":[],"footnotes":""},"categories":[58,55,59],"tags":[137,75,941],"class_list":["post-5622","post","type-post","status-publish","format-standard","has-post-thumbnail","hentry","category-acidentes","category-destaques","category-ultimas-noticias","tag-bahia","tag-coite","tag-vereador-lindo-de-neuza"],"yoast_head":"<!-- This site is optimized with the Yoast SEO plugin v24.4 - https:\/\/yoast.com\/wordpress\/plugins\/seo\/ -->\n<title>Vereador e esposa ficam feridos ap\u00f3s acidente de tr\u00e2nsito em Concei\u00e7\u00e3o do Coit\u00e9 - Portal raizes noticias<\/title>\n<meta name=\"robots\" content=\"index, follow, max-snippet:-1, max-image-preview:large, max-video-preview:-1\" \/>\n<link rel=\"canonical\" href=\"https:\/\/portalraizesnoticias.com.br\/?p=5622\" \/>\n<meta property=\"og:locale\" content=\"pt_BR\" \/>\n<meta property=\"og:type\" content=\"article\" \/>\n<meta property=\"og:title\" content=\"Vereador e esposa ficam feridos ap\u00f3s acidente de tr\u00e2nsito em Concei\u00e7\u00e3o do Coit\u00e9 - Portal raizes noticias\" \/>\n<meta property=\"og:description\" content=\"Por volta das 05h00 deste domingo (06), uma colis\u00e3o entre dois ve\u00edculos deixou o vereador de Concei\u00e7\u00e3o do Coit\u00e9, Eriberto Antonio Almeida Filho, 40 anos, conhecido por Lindo de Neuza, e a esposa feridos na estrada que liga Concei\u00e7\u00e3o do Coit\u00e9 ao distrito de Juazeirinho. PUBLICIDADE Segundo informa\u00e7\u00f5es apuradas pela jornalista Rafaela Rodrigues junto \u00e0 assessoria do vereador, Lindo de Neuza retornava para a resid\u00eancia a bordo de um ve\u00edculo modelo Gol, quando outro autom\u00f3vel que vinha sentido contr\u00e1rio perdeu o controle, provocando a colis\u00e3o frontal. PUBLICIDADE Ainda conforme informa\u00e7\u00f5es da assessoria, Lindo de Neuza teve um corte na face e fratura em uma das costelas. A esposa teve uma forte pancada na cabe\u00e7a. Ambos foram encaminhados ao Hospital S\u00e3o Mateus em Feira de Santana, mas, apesar dos ferimentos, passam bem. PUBLICIDADE \u201cLindo e a mulher foram para Feira de Santana para fazer exames. Est\u00e3o bem, apesar do susto e dos ferimentos&#8221;, finalizou o assessor. N\u00e3o h\u00e1 informa\u00e7\u00f5es sobre o condutor do outro ve\u00edculo. Reda\u00e7\u00e3o Portal Ra\u00edzes Foto: Reprodu\u00e7\u00e3o\" \/>\n<meta property=\"og:url\" content=\"https:\/\/portalraizesnoticias.com.br\/?p=5622\" \/>\n<meta property=\"og:site_name\" content=\"Portal raizes noticias\" \/>\n<meta property=\"article:published_time\" content=\"2025-04-06T14:35:17+00:00\" \/>\n<meta property=\"article:modified_time\" content=\"2025-04-06T14:45:05+00:00\" \/>\n<meta property=\"og:image\" content=\"https:\/\/portalraizesnoticias.com.br\/wp-content\/uploads\/2025\/04\/images-2025-04-06T113322.239.jpeg\" \/>\n\t<meta property=\"og:image:width\" content=\"161\" \/>\n\t<meta property=\"og:image:height\" content=\"225\" \/>\n\t<meta property=\"og:image:type\" content=\"image\/jpeg\" \/>\n<meta name=\"author\" content=\"Portal Raizes\" \/>\n<meta name=\"twitter:card\" content=\"summary_large_image\" \/>\n<meta name=\"twitter:label1\" content=\"Escrito por\" \/>\n\t<meta name=\"twitter:data1\" content=\"Portal Raizes\" \/>\n\t<meta name=\"twitter:label2\" content=\"Est. tempo de leitura\" \/>\n\t<meta name=\"twitter:data2\" content=\"2 minutos\" \/>\n<script type=\"application\/ld+json\" class=\"yoast-schema-graph\">{\"@context\":\"https:\/\/schema.org\",\"@graph\":[{\"@type\":\"Article\",\"@id\":\"https:\/\/portalraizesnoticias.com.br\/?p=5622#article\",\"isPartOf\":{\"@id\":\"https:\/\/portalraizesnoticias.com.br\/?p=5622\"},\"author\":{\"name\":\"Portal Raizes\",\"@id\":\"https:\/\/portalraizesnoticias.com.br\/#\/schema\/person\/a3ca6b0fc701e78df19756c417d943ae\"},\"headline\":\"Vereador e esposa ficam feridos ap\u00f3s acidente de tr\u00e2nsito em Concei\u00e7\u00e3o do Coit\u00e9\",\"datePublished\":\"2025-04-06T14:35:17+00:00\",\"dateModified\":\"2025-04-06T14:45:05+00:00\",\"mainEntityOfPage\":{\"@id\":\"https:\/\/portalraizesnoticias.com.br\/?p=5622\"},\"wordCount\":202,\"commentCount\":0,\"publisher\":{\"@id\":\"https:\/\/portalraizesnoticias.com.br\/#organization\"},\"image\":{\"@id\":\"https:\/\/portalraizesnoticias.com.br\/?p=5622#primaryimage\"},\"thumbnailUrl\":\"https:\/\/portalraizesnoticias.com.br\/wp-content\/uploads\/2025\/04\/images-2025-04-06T113322.239.jpeg\",\"keywords\":[\"Bahia\",\"Coit\u00e9\",\"Vereador lindo de neuza\"],\"articleSection\":[\"ACIDENTES\",\"DESTAQUES\",\"ULTIMAS NOTICIAS\"],\"inLanguage\":\"pt-BR\",\"potentialAction\":[{\"@type\":\"CommentAction\",\"name\":\"Comment\",\"target\":[\"https:\/\/portalraizesnoticias.com.br\/?p=5622#respond\"]}]},{\"@type\":\"WebPage\",\"@id\":\"https:\/\/portalraizesnoticias.com.br\/?p=5622\",\"url\":\"https:\/\/portalraizesnoticias.com.br\/?p=5622\",\"name\":\"Vereador e esposa ficam feridos ap\u00f3s acidente de tr\u00e2nsito em Concei\u00e7\u00e3o do Coit\u00e9 - Portal raizes noticias\",\"isPartOf\":{\"@id\":\"https:\/\/portalraizesnoticias.com.br\/#website\"},\"primaryImageOfPage\":{\"@id\":\"https:\/\/portalraizesnoticias.com.br\/?p=5622#primaryimage\"},\"image\":{\"@id\":\"https:\/\/portalraizesnoticias.com.br\/?p=5622#primaryimage\"},\"thumbnailUrl\":\"https:\/\/portalraizesnoticias.com.br\/wp-content\/uploads\/2025\/04\/images-2025-04-06T113322.239.jpeg\",\"datePublished\":\"2025-04-06T14:35:17+00:00\",\"dateModified\":\"2025-04-06T14:45:05+00:00\",\"breadcrumb\":{\"@id\":\"https:\/\/portalraizesnoticias.com.br\/?p=5622#breadcrumb\"},\"inLanguage\":\"pt-BR\",\"potentialAction\":[{\"@type\":\"ReadAction\",\"target\":[\"https:\/\/portalraizesnoticias.com.br\/?p=5622\"]}]},{\"@type\":\"ImageObject\",\"inLanguage\":\"pt-BR\",\"@id\":\"https:\/\/portalraizesnoticias.com.br\/?p=5622#primaryimage\",\"url\":\"https:\/\/portalraizesnoticias.com.br\/wp-content\/uploads\/2025\/04\/images-2025-04-06T113322.239.jpeg\",\"contentUrl\":\"https:\/\/portalraizesnoticias.com.br\/wp-content\/uploads\/2025\/04\/images-2025-04-06T113322.239.jpeg\",\"width\":161,\"height\":225},{\"@type\":\"BreadcrumbList\",\"@id\":\"https:\/\/portalraizesnoticias.com.br\/?p=5622#breadcrumb\",\"itemListElement\":[{\"@type\":\"ListItem\",\"position\":1,\"name\":\"In\u00edcio\",\"item\":\"https:\/\/portalraizesnoticias.com.br\/\"},{\"@type\":\"ListItem\",\"position\":2,\"name\":\"Vereador e esposa ficam feridos ap\u00f3s acidente de tr\u00e2nsito em Concei\u00e7\u00e3o do Coit\u00e9\"}]},{\"@type\":\"WebSite\",\"@id\":\"https:\/\/portalraizesnoticias.com.br\/#website\",\"url\":\"https:\/\/portalraizesnoticias.com.br\/\",\"name\":\"Portal raizes NOTICIAS\",\"description\":\"site de noticias de concei\u00e7\u00e3o do coit\u00e9 e regi\u00e3o\",\"publisher\":{\"@id\":\"https:\/\/portalraizesnoticias.com.br\/#organization\"},\"alternateName\":\"PORTAL RAIZES COIT\u00c9\",\"potentialAction\":[{\"@type\":\"SearchAction\",\"target\":{\"@type\":\"EntryPoint\",\"urlTemplate\":\"https:\/\/portalraizesnoticias.com.br\/?s={search_term_string}\"},\"query-input\":{\"@type\":\"PropertyValueSpecification\",\"valueRequired\":true,\"valueName\":\"search_term_string\"}}],\"inLanguage\":\"pt-BR\"},{\"@type\":\"Organization\",\"@id\":\"https:\/\/portalraizesnoticias.com.br\/#organization\",\"name\":\"Portal raizes NOTICIAS\",\"url\":\"https:\/\/portalraizesnoticias.com.br\/\",\"logo\":{\"@type\":\"ImageObject\",\"inLanguage\":\"pt-BR\",\"@id\":\"https:\/\/portalraizesnoticias.com.br\/#\/schema\/logo\/image\/\",\"url\":\"https:\/\/portalraizesnoticias.com.br\/wp-content\/uploads\/2024\/09\/cropped-Captura-de-tela-2024-09-08-011108.png\",\"contentUrl\":\"https:\/\/portalraizesnoticias.com.br\/wp-content\/uploads\/2024\/09\/cropped-Captura-de-tela-2024-09-08-011108.png\",\"width\":606,\"height\":173,\"caption\":\"Portal raizes NOTICIAS\"},\"image\":{\"@id\":\"https:\/\/portalraizesnoticias.com.br\/#\/schema\/logo\/image\/\"}},{\"@type\":\"Person\",\"@id\":\"https:\/\/portalraizesnoticias.com.br\/#\/schema\/person\/a3ca6b0fc701e78df19756c417d943ae\",\"name\":\"Portal Raizes\",\"image\":{\"@type\":\"ImageObject\",\"inLanguage\":\"pt-BR\",\"@id\":\"https:\/\/portalraizesnoticias.com.br\/#\/schema\/person\/image\/\",\"url\":\"https:\/\/secure.gravatar.com\/avatar\/ef450d29013a3d3fba867a12a249d7b1?s=96&d=mm&r=g\",\"contentUrl\":\"https:\/\/secure.gravatar.com\/avatar\/ef450d29013a3d3fba867a12a249d7b1?s=96&d=mm&r=g\",\"caption\":\"Portal Raizes\"},\"url\":\"https:\/\/portalraizesnoticias.com.br\/?author=3\"}]}<\/script>\n<!-- \/ Yoast SEO plugin. -->","yoast_head_json":{"title":"Vereador e esposa ficam feridos ap\u00f3s acidente de tr\u00e2nsito em Concei\u00e7\u00e3o do Coit\u00e9 - Portal raizes noticias","robots":{"index":"index","follow":"follow","max-snippet":"max-snippet:-1","max-image-preview":"max-image-preview:large","max-video-preview":"max-video-preview:-1"},"canonical":"https:\/\/portalraizesnoticias.com.br\/?p=5622","og_locale":"pt_BR","og_type":"article","og_title":"Vereador e esposa ficam feridos ap\u00f3s acidente de tr\u00e2nsito em Concei\u00e7\u00e3o do Coit\u00e9 - Portal raizes noticias","og_description":"Por volta das 05h00 deste domingo (06), uma colis\u00e3o entre dois ve\u00edculos deixou o vereador de Concei\u00e7\u00e3o do Coit\u00e9, Eriberto Antonio Almeida Filho, 40 anos, conhecido por Lindo de Neuza, e a esposa feridos na estrada que liga Concei\u00e7\u00e3o do Coit\u00e9 ao distrito de Juazeirinho. PUBLICIDADE Segundo informa\u00e7\u00f5es apuradas pela jornalista Rafaela Rodrigues junto \u00e0 assessoria do vereador, Lindo de Neuza retornava para a resid\u00eancia a bordo de um ve\u00edculo modelo Gol, quando outro autom\u00f3vel que vinha sentido contr\u00e1rio perdeu o controle, provocando a colis\u00e3o frontal. PUBLICIDADE Ainda conforme informa\u00e7\u00f5es da assessoria, Lindo de Neuza teve um corte na face e fratura em uma das costelas. A esposa teve uma forte pancada na cabe\u00e7a. Ambos foram encaminhados ao Hospital S\u00e3o Mateus em Feira de Santana, mas, apesar dos ferimentos, passam bem. PUBLICIDADE \u201cLindo e a mulher foram para Feira de Santana para fazer exames. Est\u00e3o bem, apesar do susto e dos ferimentos&#8221;, finalizou o assessor. N\u00e3o h\u00e1 informa\u00e7\u00f5es sobre o condutor do outro ve\u00edculo. Reda\u00e7\u00e3o Portal Ra\u00edzes Foto: Reprodu\u00e7\u00e3o","og_url":"https:\/\/portalraizesnoticias.com.br\/?p=5622","og_site_name":"Portal raizes noticias","article_published_time":"2025-04-06T14:35:17+00:00","article_modified_time":"2025-04-06T14:45:05+00:00","og_image":[{"width":161,"height":225,"url":"https:\/\/portalraizesnoticias.com.br\/wp-content\/uploads\/2025\/04\/images-2025-04-06T113322.239.jpeg","type":"image\/jpeg"}],"author":"Portal Raizes","twitter_card":"summary_large_image","twitter_misc":{"Escrito por":"Portal Raizes","Est. tempo de leitura":"2 minutos"},"schema":{"@context":"https:\/\/schema.org","@graph":[{"@type":"Article","@id":"https:\/\/portalraizesnoticias.com.br\/?p=5622#article","isPartOf":{"@id":"https:\/\/portalraizesnoticias.com.br\/?p=5622"},"author":{"name":"Portal Raizes","@id":"https:\/\/portalraizesnoticias.com.br\/#\/schema\/person\/a3ca6b0fc701e78df19756c417d943ae"},"headline":"Vereador e esposa ficam feridos ap\u00f3s acidente de tr\u00e2nsito em Concei\u00e7\u00e3o do Coit\u00e9","datePublished":"2025-04-06T14:35:17+00:00","dateModified":"2025-04-06T14:45:05+00:00","mainEntityOfPage":{"@id":"https:\/\/portalraizesnoticias.com.br\/?p=5622"},"wordCount":202,"commentCount":0,"publisher":{"@id":"https:\/\/portalraizesnoticias.com.br\/#organization"},"image":{"@id":"https:\/\/portalraizesnoticias.com.br\/?p=5622#primaryimage"},"thumbnailUrl":"https:\/\/portalraizesnoticias.com.br\/wp-content\/uploads\/2025\/04\/images-2025-04-06T113322.239.jpeg","keywords":["Bahia","Coit\u00e9","Vereador lindo de neuza"],"articleSection":["ACIDENTES","DESTAQUES","ULTIMAS NOTICIAS"],"inLanguage":"pt-BR","potentialAction":[{"@type":"CommentAction","name":"Comment","target":["https:\/\/portalraizesnoticias.com.br\/?p=5622#respond"]}]},{"@type":"WebPage","@id":"https:\/\/portalraizesnoticias.com.br\/?p=5622","url":"https:\/\/portalraizesnoticias.com.br\/?p=5622","name":"Vereador e esposa ficam feridos ap\u00f3s acidente de tr\u00e2nsito em Concei\u00e7\u00e3o do Coit\u00e9 - Portal raizes noticias","isPartOf":{"@id":"https:\/\/portalraizesnoticias.com.br\/#website"},"primaryImageOfPage":{"@id":"https:\/\/portalraizesnoticias.com.br\/?p=5622#primaryimage"},"image":{"@id":"https:\/\/portalraizesnoticias.com.br\/?p=5622#primaryimage"},"thumbnailUrl":"https:\/\/portalraizesnoticias.com.br\/wp-content\/uploads\/2025\/04\/images-2025-04-06T113322.239.jpeg","datePublished":"2025-04-06T14:35:17+00:00","dateModified":"2025-04-06T14:45:05+00:00","breadcrumb":{"@id":"https:\/\/portalraizesnoticias.com.br\/?p=5622#breadcrumb"},"inLanguage":"pt-BR","potentialAction":[{"@type":"ReadAction","target":["https:\/\/portalraizesnoticias.com.br\/?p=5622"]}]},{"@type":"ImageObject","inLanguage":"pt-BR","@id":"https:\/\/portalraizesnoticias.com.br\/?p=5622#primaryimage","url":"https:\/\/portalraizesnoticias.com.br\/wp-content\/uploads\/2025\/04\/images-2025-04-06T113322.239.jpeg","contentUrl":"https:\/\/portalraizesnoticias.com.br\/wp-content\/uploads\/2025\/04\/images-2025-04-06T113322.239.jpeg","width":161,"height":225},{"@type":"BreadcrumbList","@id":"https:\/\/portalraizesnoticias.com.br\/?p=5622#breadcrumb","itemListElement":[{"@type":"ListItem","position":1,"name":"In\u00edcio","item":"https:\/\/portalraizesnoticias.com.br\/"},{"@type":"ListItem","position":2,"name":"Vereador e esposa ficam feridos ap\u00f3s acidente de tr\u00e2nsito em Concei\u00e7\u00e3o do Coit\u00e9"}]},{"@type":"WebSite","@id":"https:\/\/portalraizesnoticias.com.br\/#website","url":"https:\/\/portalraizesnoticias.com.br\/","name":"Portal raizes NOTICIAS","description":"site de noticias de concei\u00e7\u00e3o do coit\u00e9 e regi\u00e3o","publisher":{"@id":"https:\/\/portalraizesnoticias.com.br\/#organization"},"alternateName":"PORTAL RAIZES COIT\u00c9","potentialAction":[{"@type":"SearchAction","target":{"@type":"EntryPoint","urlTemplate":"https:\/\/portalraizesnoticias.com.br\/?s={search_term_string}"},"query-input":{"@type":"PropertyValueSpecification","valueRequired":true,"valueName":"search_term_string"}}],"inLanguage":"pt-BR"},{"@type":"Organization","@id":"https:\/\/portalraizesnoticias.com.br\/#organization","name":"Portal raizes NOTICIAS","url":"https:\/\/portalraizesnoticias.com.br\/","logo":{"@type":"ImageObject","inLanguage":"pt-BR","@id":"https:\/\/portalraizesnoticias.com.br\/#\/schema\/logo\/image\/","url":"https:\/\/portalraizesnoticias.com.br\/wp-content\/uploads\/2024\/09\/cropped-Captura-de-tela-2024-09-08-011108.png","contentUrl":"https:\/\/portalraizesnoticias.com.br\/wp-content\/uploads\/2024\/09\/cropped-Captura-de-tela-2024-09-08-011108.png","width":606,"height":173,"caption":"Portal raizes NOTICIAS"},"image":{"@id":"https:\/\/portalraizesnoticias.com.br\/#\/schema\/logo\/image\/"}},{"@type":"Person","@id":"https:\/\/portalraizesnoticias.com.br\/#\/schema\/person\/a3ca6b0fc701e78df19756c417d943ae","name":"Portal Raizes","image":{"@type":"ImageObject","inLanguage":"pt-BR","@id":"https:\/\/portalraizesnoticias.com.br\/#\/schema\/person\/image\/","url":"https:\/\/secure.gravatar.com\/avatar\/ef450d29013a3d3fba867a12a249d7b1?s=96&d=mm&r=g","contentUrl":"https:\/\/secure.gravatar.com\/avatar\/ef450d29013a3d3fba867a12a249d7b1?s=96&d=mm&r=g","caption":"Portal Raizes"},"url":"https:\/\/portalraizesnoticias.com.br\/?author=3"}]}},"_links":{"self":[{"href":"https:\/\/portalraizesnoticias.com.br\/index.php?rest_route=\/wp\/v2\/posts\/5622"}],"collection":[{"href":"https:\/\/portalraizesnoticias.com.br\/index.php?rest_route=\/wp\/v2\/posts"}],"about":[{"href":"https:\/\/portalraizesnoticias.com.br\/index.php?rest_route=\/wp\/v2\/types\/post"}],"author":[{"embeddable":true,"href":"https:\/\/portalraizesnoticias.com.br\/index.php?rest_route=\/wp\/v2\/users\/3"}],"replies":[{"embeddable":true,"href":"https:\/\/portalraizesnoticias.com.br\/index.php?rest_route=%2Fwp%2Fv2%2Fcomments&post=5622"}],"version-history":[{"count":5,"href":"https:\/\/portalraizesnoticias.com.br\/index.php?rest_route=\/wp\/v2\/posts\/5622\/revisions"}],"predecessor-version":[{"id":5629,"href":"https:\/\/portalraizesnoticias.com.br\/index.php?rest_route=\/wp\/v2\/posts\/5622\/revisions\/5629"}],"wp:featuredmedia":[{"embeddable":true,"href":"https:\/\/portalraizesnoticias.com.br\/index.php?rest_route=\/wp\/v2\/media\/5623"}],"wp:attachment":[{"href":"https:\/\/portalraizesnoticias.com.br\/index.php?rest_route=%2Fwp%2Fv2%2Fmedia&parent=5622"}],"wp:term":[{"taxonomy":"category","embeddable":true,"href":"https:\/\/portalraizesnoticias.com.br\/index.php?rest_route=%2Fwp%2Fv2%2Fcategories&post=5622"},{"taxonomy":"post_tag","embeddable":true,"href":"https:\/\/portalraizesnoticias.com.br\/index.php?rest_route=%2Fwp%2Fv2%2Ftags&post=5622"}],"curies":[{"name":"wp","href":"https:\/\/api.w.org\/{rel}","templated":true}]}}