{"id":5619,"date":"2025-04-06T10:48:09","date_gmt":"2025-04-06T13:48:09","guid":{"rendered":"https:\/\/portalraizesnoticias.com.br\/?p=5619"},"modified":"2025-04-06T10:48:09","modified_gmt":"2025-04-06T13:48:09","slug":"apos-desentendimento-suspeito-ameaca-homem-com-facao-em-ichu","status":"publish","type":"post","link":"https:\/\/portalraizesnoticias.com.br\/?p=5619","title":{"rendered":"Ap\u00f3s desentendimento, suspeito amea\u00e7a homem com fac\u00e3o em Ich\u00fa"},"content":{"rendered":"<div>Por volta 21h30 deste s\u00e1bado (05), um homem de 46 anos foi conduzido \u00e0 Delegacia ap\u00f3s amea\u00e7ar outro rapaz de 39 anos na Pra\u00e7a da Matriz, em Ich\u00fa,\u00a0 regi\u00e3o sisaleira.<\/div>\n<div><\/div>\n<div><\/div>\n<div><\/div>\n<div><img fetchpriority=\"high\" decoding=\"async\" class=\"size-medium wp-image-5600 aligncenter\" src=\"https:\/\/portalraizesnoticias.com.br\/wp-content\/uploads\/2025\/04\/banner-quadrado-vidracaria-almeida-300x300.jpg\" alt=\"\" width=\"300\" height=\"300\" srcset=\"https:\/\/portalraizesnoticias.com.br\/wp-content\/uploads\/2025\/04\/banner-quadrado-vidracaria-almeida-300x300.jpg 300w, https:\/\/portalraizesnoticias.com.br\/wp-content\/uploads\/2025\/04\/banner-quadrado-vidracaria-almeida-1024x1024.jpg 1024w, https:\/\/portalraizesnoticias.com.br\/wp-content\/uploads\/2025\/04\/banner-quadrado-vidracaria-almeida-150x150.jpg 150w, https:\/\/portalraizesnoticias.com.br\/wp-content\/uploads\/2025\/04\/banner-quadrado-vidracaria-almeida-768x768.jpg 768w, https:\/\/portalraizesnoticias.com.br\/wp-content\/uploads\/2025\/04\/banner-quadrado-vidracaria-almeida-700x700.jpg 700w, https:\/\/portalraizesnoticias.com.br\/wp-content\/uploads\/2025\/04\/banner-quadrado-vidracaria-almeida-620x620.jpg 620w, https:\/\/portalraizesnoticias.com.br\/wp-content\/uploads\/2025\/04\/banner-quadrado-vidracaria-almeida-400x400.jpg 400w, https:\/\/portalraizesnoticias.com.br\/wp-content\/uploads\/2025\/04\/banner-quadrado-vidracaria-almeida.jpg 1080w\" sizes=\"(max-width: 300px) 100vw, 300px\" \/><\/div>\n<div><\/div>\n<div style=\"text-align: center;\"><strong>PUBLICIDADE<\/strong><\/div>\n<div><\/div>\n<div>Segundo informa\u00e7\u00f5es apuradas pelo Portal Ra\u00edzes, a guarni\u00e7\u00e3o foi solicitada pela v\u00edtima, que informou que dias atr\u00e1s teve um desentendimento com o suspeito e que este estaria em frente ao seu com\u00e9rcio em posse de um fac\u00e3o, dizendo que iria cort\u00e1-lo.<\/div>\n<div><\/div>\n<div><\/div>\n<div><img decoding=\"async\" class=\"size-medium wp-image-4111 aligncenter\" src=\"https:\/\/portalraizesnoticias.com.br\/wp-content\/uploads\/2025\/01\/M.I-laranja-branco_page-0001-300x210.jpg\" alt=\"\" width=\"300\" height=\"210\" srcset=\"https:\/\/portalraizesnoticias.com.br\/wp-content\/uploads\/2025\/01\/M.I-laranja-branco_page-0001-300x210.jpg 300w, https:\/\/portalraizesnoticias.com.br\/wp-content\/uploads\/2025\/01\/M.I-laranja-branco_page-0001-1024x717.jpg 1024w, https:\/\/portalraizesnoticias.com.br\/wp-content\/uploads\/2025\/01\/M.I-laranja-branco_page-0001-768x538.jpg 768w, https:\/\/portalraizesnoticias.com.br\/wp-content\/uploads\/2025\/01\/M.I-laranja-branco_page-0001-1536x1075.jpg 1536w, https:\/\/portalraizesnoticias.com.br\/wp-content\/uploads\/2025\/01\/M.I-laranja-branco_page-0001-2048x1434.jpg 2048w\" sizes=\"(max-width: 300px) 100vw, 300px\" \/><\/div>\n<div style=\"text-align: center;\"><strong>PUBLICIDADE<\/strong><\/div>\n<div><\/div>\n<div><\/div>\n<div>A suposta v\u00edtima ligou para os PMs que estavam no local informado e abordou o suspeito, com quem encontraram a arma.<\/div>\n<div><\/div>\n<div><\/div>\n<div><img decoding=\"async\" class=\"size-medium wp-image-3845 aligncenter\" src=\"https:\/\/portalraizesnoticias.com.br\/wp-content\/uploads\/2025\/01\/banner-lateral-agencia-Neri-300x300.jpg\" alt=\"\" width=\"300\" height=\"300\" srcset=\"https:\/\/portalraizesnoticias.com.br\/wp-content\/uploads\/2025\/01\/banner-lateral-agencia-Neri-300x300.jpg 300w, https:\/\/portalraizesnoticias.com.br\/wp-content\/uploads\/2025\/01\/banner-lateral-agencia-Neri-1024x1024.jpg 1024w, https:\/\/portalraizesnoticias.com.br\/wp-content\/uploads\/2025\/01\/banner-lateral-agencia-Neri-150x150.jpg 150w, https:\/\/portalraizesnoticias.com.br\/wp-content\/uploads\/2025\/01\/banner-lateral-agencia-Neri-768x768.jpg 768w, https:\/\/portalraizesnoticias.com.br\/wp-content\/uploads\/2025\/01\/banner-lateral-agencia-Neri-1536x1536.jpg 1536w, https:\/\/portalraizesnoticias.com.br\/wp-content\/uploads\/2025\/01\/banner-lateral-agencia-Neri-2048x2048.jpg 2048w, https:\/\/portalraizesnoticias.com.br\/wp-content\/uploads\/2025\/01\/banner-lateral-agencia-Neri-scaled-700x700.jpg 700w, https:\/\/portalraizesnoticias.com.br\/wp-content\/uploads\/2025\/01\/banner-lateral-agencia-Neri-scaled-620x620.jpg 620w, https:\/\/portalraizesnoticias.com.br\/wp-content\/uploads\/2025\/01\/banner-lateral-agencia-Neri-scaled-400x400.jpg 400w\" sizes=\"(max-width: 300px) 100vw, 300px\" \/><\/div>\n<div><\/div>\n<div style=\"text-align: center;\"><strong>PUBLICIDADE<\/strong><\/div>\n<div><\/div>\n<div><\/div>\n<div>Foi dada voz de pris\u00e3o ao homem e ambos, acusado e v\u00edtima, juntamente com o fac\u00e3o, foram apresentados na Delegacia de Serrinha para ado\u00e7\u00e3o das medidas cab\u00edveis. Fonte: ASCOM do 16\u00ba BPM<\/div>\n<div><\/div>\n<div>Reda\u00e7\u00e3o Portal Ra\u00edzes<\/div>\n<div>Foto: Ilustra\u00e7\u00e3o<\/div>\n","protected":false},"excerpt":{"rendered":"<p>Por volta 21h30 deste s\u00e1bado (05), um homem de 46 anos foi conduzido \u00e0 Delegacia ap\u00f3s amea\u00e7ar outro rapaz de 39 anos na Pra\u00e7a da Matriz, em Ich\u00fa,\u00a0 regi\u00e3o sisaleira. PUBLICIDADE Segundo informa\u00e7\u00f5es apuradas pelo Portal Ra\u00edzes, a guarni\u00e7\u00e3o foi solicitada pela v\u00edtima, que informou que dias atr\u00e1s teve um desentendimento com o suspeito e que este estaria em frente ao seu com\u00e9rcio em posse de um fac\u00e3o, dizendo que iria cort\u00e1-lo. PUBLICIDADE A suposta v\u00edtima ligou para os PMs que estavam no local informado e abordou o suspeito, com quem encontraram a arma. PUBLICIDADE Foi dada voz de pris\u00e3o ao homem e ambos, acusado e v\u00edtima, juntamente com o fac\u00e3o, foram apresentados na Delegacia de Serrinha para ado\u00e7\u00e3o das medidas cab\u00edveis. Fonte: ASCOM do 16\u00ba BPM Reda\u00e7\u00e3o Portal Ra\u00edzes Foto: Ilustra\u00e7\u00e3o<\/p>\n","protected":false},"author":3,"featured_media":5620,"comment_status":"open","ping_status":"open","sticky":false,"template":"","format":"standard","meta":{"_joinchat":[],"footnotes":""},"categories":[55,67,59],"tags":[222,803,142,796],"class_list":["post-5619","post","type-post","status-publish","format-standard","has-post-thumbnail","hentry","category-destaques","category-policia","category-ultimas-noticias","tag-ameaca","tag-faca","tag-homem","tag-ichu"],"yoast_head":"<!-- This site is optimized with the Yoast SEO plugin v24.4 - https:\/\/yoast.com\/wordpress\/plugins\/seo\/ -->\n<title>Ap\u00f3s desentendimento, suspeito amea\u00e7a homem com fac\u00e3o em Ich\u00fa - Portal raizes noticias<\/title>\n<meta name=\"robots\" content=\"index, follow, max-snippet:-1, max-image-preview:large, max-video-preview:-1\" \/>\n<link rel=\"canonical\" href=\"https:\/\/portalraizesnoticias.com.br\/?p=5619\" \/>\n<meta property=\"og:locale\" content=\"pt_BR\" \/>\n<meta property=\"og:type\" content=\"article\" \/>\n<meta property=\"og:title\" content=\"Ap\u00f3s desentendimento, suspeito amea\u00e7a homem com fac\u00e3o em Ich\u00fa - Portal raizes noticias\" \/>\n<meta property=\"og:description\" content=\"Por volta 21h30 deste s\u00e1bado (05), um homem de 46 anos foi conduzido \u00e0 Delegacia ap\u00f3s amea\u00e7ar outro rapaz de 39 anos na Pra\u00e7a da Matriz, em Ich\u00fa,\u00a0 regi\u00e3o sisaleira. PUBLICIDADE Segundo informa\u00e7\u00f5es apuradas pelo Portal Ra\u00edzes, a guarni\u00e7\u00e3o foi solicitada pela v\u00edtima, que informou que dias atr\u00e1s teve um desentendimento com o suspeito e que este estaria em frente ao seu com\u00e9rcio em posse de um fac\u00e3o, dizendo que iria cort\u00e1-lo. PUBLICIDADE A suposta v\u00edtima ligou para os PMs que estavam no local informado e abordou o suspeito, com quem encontraram a arma. PUBLICIDADE Foi dada voz de pris\u00e3o ao homem e ambos, acusado e v\u00edtima, juntamente com o fac\u00e3o, foram apresentados na Delegacia de Serrinha para ado\u00e7\u00e3o das medidas cab\u00edveis. Fonte: ASCOM do 16\u00ba BPM Reda\u00e7\u00e3o Portal Ra\u00edzes Foto: Ilustra\u00e7\u00e3o\" \/>\n<meta property=\"og:url\" content=\"https:\/\/portalraizesnoticias.com.br\/?p=5619\" \/>\n<meta property=\"og:site_name\" content=\"Portal raizes noticias\" \/>\n<meta property=\"article:published_time\" content=\"2025-04-06T13:48:09+00:00\" \/>\n<meta property=\"og:image\" content=\"https:\/\/portalraizesnoticias.com.br\/wp-content\/uploads\/2025\/04\/IMG-20250406-WA0134.jpg\" \/>\n\t<meta property=\"og:image:width\" content=\"1280\" \/>\n\t<meta property=\"og:image:height\" content=\"960\" \/>\n\t<meta property=\"og:image:type\" content=\"image\/jpeg\" \/>\n<meta name=\"author\" content=\"Portal Raizes\" \/>\n<meta name=\"twitter:card\" content=\"summary_large_image\" \/>\n<meta name=\"twitter:label1\" content=\"Escrito por\" \/>\n\t<meta name=\"twitter:data1\" content=\"Portal Raizes\" \/>\n\t<meta name=\"twitter:label2\" content=\"Est. tempo de leitura\" \/>\n\t<meta name=\"twitter:data2\" content=\"2 minutos\" \/>\n<script type=\"application\/ld+json\" class=\"yoast-schema-graph\">{\"@context\":\"https:\/\/schema.org\",\"@graph\":[{\"@type\":\"Article\",\"@id\":\"https:\/\/portalraizesnoticias.com.br\/?p=5619#article\",\"isPartOf\":{\"@id\":\"https:\/\/portalraizesnoticias.com.br\/?p=5619\"},\"author\":{\"name\":\"Portal Raizes\",\"@id\":\"https:\/\/portalraizesnoticias.com.br\/#\/schema\/person\/a3ca6b0fc701e78df19756c417d943ae\"},\"headline\":\"Ap\u00f3s desentendimento, suspeito amea\u00e7a homem com fac\u00e3o em Ich\u00fa\",\"datePublished\":\"2025-04-06T13:48:09+00:00\",\"mainEntityOfPage\":{\"@id\":\"https:\/\/portalraizesnoticias.com.br\/?p=5619\"},\"wordCount\":161,\"commentCount\":0,\"publisher\":{\"@id\":\"https:\/\/portalraizesnoticias.com.br\/#organization\"},\"image\":{\"@id\":\"https:\/\/portalraizesnoticias.com.br\/?p=5619#primaryimage\"},\"thumbnailUrl\":\"https:\/\/portalraizesnoticias.com.br\/wp-content\/uploads\/2025\/04\/IMG-20250406-WA0134.jpg\",\"keywords\":[\"Amea\u00e7a\",\"Faca\",\"Homem\",\"Ich\u00fa\"],\"articleSection\":[\"DESTAQUES\",\"POLICIA\",\"ULTIMAS NOTICIAS\"],\"inLanguage\":\"pt-BR\",\"potentialAction\":[{\"@type\":\"CommentAction\",\"name\":\"Comment\",\"target\":[\"https:\/\/portalraizesnoticias.com.br\/?p=5619#respond\"]}]},{\"@type\":\"WebPage\",\"@id\":\"https:\/\/portalraizesnoticias.com.br\/?p=5619\",\"url\":\"https:\/\/portalraizesnoticias.com.br\/?p=5619\",\"name\":\"Ap\u00f3s desentendimento, suspeito amea\u00e7a homem com fac\u00e3o em Ich\u00fa - Portal raizes noticias\",\"isPartOf\":{\"@id\":\"https:\/\/portalraizesnoticias.com.br\/#website\"},\"primaryImageOfPage\":{\"@id\":\"https:\/\/portalraizesnoticias.com.br\/?p=5619#primaryimage\"},\"image\":{\"@id\":\"https:\/\/portalraizesnoticias.com.br\/?p=5619#primaryimage\"},\"thumbnailUrl\":\"https:\/\/portalraizesnoticias.com.br\/wp-content\/uploads\/2025\/04\/IMG-20250406-WA0134.jpg\",\"datePublished\":\"2025-04-06T13:48:09+00:00\",\"breadcrumb\":{\"@id\":\"https:\/\/portalraizesnoticias.com.br\/?p=5619#breadcrumb\"},\"inLanguage\":\"pt-BR\",\"potentialAction\":[{\"@type\":\"ReadAction\",\"target\":[\"https:\/\/portalraizesnoticias.com.br\/?p=5619\"]}]},{\"@type\":\"ImageObject\",\"inLanguage\":\"pt-BR\",\"@id\":\"https:\/\/portalraizesnoticias.com.br\/?p=5619#primaryimage\",\"url\":\"https:\/\/portalraizesnoticias.com.br\/wp-content\/uploads\/2025\/04\/IMG-20250406-WA0134.jpg\",\"contentUrl\":\"https:\/\/portalraizesnoticias.com.br\/wp-content\/uploads\/2025\/04\/IMG-20250406-WA0134.jpg\",\"width\":1280,\"height\":960},{\"@type\":\"BreadcrumbList\",\"@id\":\"https:\/\/portalraizesnoticias.com.br\/?p=5619#breadcrumb\",\"itemListElement\":[{\"@type\":\"ListItem\",\"position\":1,\"name\":\"In\u00edcio\",\"item\":\"https:\/\/portalraizesnoticias.com.br\/\"},{\"@type\":\"ListItem\",\"position\":2,\"name\":\"Ap\u00f3s desentendimento, suspeito amea\u00e7a homem com fac\u00e3o em Ich\u00fa\"}]},{\"@type\":\"WebSite\",\"@id\":\"https:\/\/portalraizesnoticias.com.br\/#website\",\"url\":\"https:\/\/portalraizesnoticias.com.br\/\",\"name\":\"Portal raizes NOTICIAS\",\"description\":\"site de noticias de concei\u00e7\u00e3o do coit\u00e9 e regi\u00e3o\",\"publisher\":{\"@id\":\"https:\/\/portalraizesnoticias.com.br\/#organization\"},\"alternateName\":\"PORTAL RAIZES COIT\u00c9\",\"potentialAction\":[{\"@type\":\"SearchAction\",\"target\":{\"@type\":\"EntryPoint\",\"urlTemplate\":\"https:\/\/portalraizesnoticias.com.br\/?s={search_term_string}\"},\"query-input\":{\"@type\":\"PropertyValueSpecification\",\"valueRequired\":true,\"valueName\":\"search_term_string\"}}],\"inLanguage\":\"pt-BR\"},{\"@type\":\"Organization\",\"@id\":\"https:\/\/portalraizesnoticias.com.br\/#organization\",\"name\":\"Portal raizes NOTICIAS\",\"url\":\"https:\/\/portalraizesnoticias.com.br\/\",\"logo\":{\"@type\":\"ImageObject\",\"inLanguage\":\"pt-BR\",\"@id\":\"https:\/\/portalraizesnoticias.com.br\/#\/schema\/logo\/image\/\",\"url\":\"https:\/\/portalraizesnoticias.com.br\/wp-content\/uploads\/2024\/09\/cropped-Captura-de-tela-2024-09-08-011108.png\",\"contentUrl\":\"https:\/\/portalraizesnoticias.com.br\/wp-content\/uploads\/2024\/09\/cropped-Captura-de-tela-2024-09-08-011108.png\",\"width\":606,\"height\":173,\"caption\":\"Portal raizes NOTICIAS\"},\"image\":{\"@id\":\"https:\/\/portalraizesnoticias.com.br\/#\/schema\/logo\/image\/\"}},{\"@type\":\"Person\",\"@id\":\"https:\/\/portalraizesnoticias.com.br\/#\/schema\/person\/a3ca6b0fc701e78df19756c417d943ae\",\"name\":\"Portal Raizes\",\"image\":{\"@type\":\"ImageObject\",\"inLanguage\":\"pt-BR\",\"@id\":\"https:\/\/portalraizesnoticias.com.br\/#\/schema\/person\/image\/\",\"url\":\"https:\/\/secure.gravatar.com\/avatar\/ef450d29013a3d3fba867a12a249d7b1?s=96&d=mm&r=g\",\"contentUrl\":\"https:\/\/secure.gravatar.com\/avatar\/ef450d29013a3d3fba867a12a249d7b1?s=96&d=mm&r=g\",\"caption\":\"Portal Raizes\"},\"url\":\"https:\/\/portalraizesnoticias.com.br\/?author=3\"}]}<\/script>\n<!-- \/ Yoast SEO plugin. -->","yoast_head_json":{"title":"Ap\u00f3s desentendimento, suspeito amea\u00e7a homem com fac\u00e3o em Ich\u00fa - Portal raizes noticias","robots":{"index":"index","follow":"follow","max-snippet":"max-snippet:-1","max-image-preview":"max-image-preview:large","max-video-preview":"max-video-preview:-1"},"canonical":"https:\/\/portalraizesnoticias.com.br\/?p=5619","og_locale":"pt_BR","og_type":"article","og_title":"Ap\u00f3s desentendimento, suspeito amea\u00e7a homem com fac\u00e3o em Ich\u00fa - Portal raizes noticias","og_description":"Por volta 21h30 deste s\u00e1bado (05), um homem de 46 anos foi conduzido \u00e0 Delegacia ap\u00f3s amea\u00e7ar outro rapaz de 39 anos na Pra\u00e7a da Matriz, em Ich\u00fa,\u00a0 regi\u00e3o sisaleira. PUBLICIDADE Segundo informa\u00e7\u00f5es apuradas pelo Portal Ra\u00edzes, a guarni\u00e7\u00e3o foi solicitada pela v\u00edtima, que informou que dias atr\u00e1s teve um desentendimento com o suspeito e que este estaria em frente ao seu com\u00e9rcio em posse de um fac\u00e3o, dizendo que iria cort\u00e1-lo. PUBLICIDADE A suposta v\u00edtima ligou para os PMs que estavam no local informado e abordou o suspeito, com quem encontraram a arma. PUBLICIDADE Foi dada voz de pris\u00e3o ao homem e ambos, acusado e v\u00edtima, juntamente com o fac\u00e3o, foram apresentados na Delegacia de Serrinha para ado\u00e7\u00e3o das medidas cab\u00edveis. Fonte: ASCOM do 16\u00ba BPM Reda\u00e7\u00e3o Portal Ra\u00edzes Foto: Ilustra\u00e7\u00e3o","og_url":"https:\/\/portalraizesnoticias.com.br\/?p=5619","og_site_name":"Portal raizes noticias","article_published_time":"2025-04-06T13:48:09+00:00","og_image":[{"width":1280,"height":960,"url":"https:\/\/portalraizesnoticias.com.br\/wp-content\/uploads\/2025\/04\/IMG-20250406-WA0134.jpg","type":"image\/jpeg"}],"author":"Portal Raizes","twitter_card":"summary_large_image","twitter_misc":{"Escrito por":"Portal Raizes","Est. tempo de leitura":"2 minutos"},"schema":{"@context":"https:\/\/schema.org","@graph":[{"@type":"Article","@id":"https:\/\/portalraizesnoticias.com.br\/?p=5619#article","isPartOf":{"@id":"https:\/\/portalraizesnoticias.com.br\/?p=5619"},"author":{"name":"Portal Raizes","@id":"https:\/\/portalraizesnoticias.com.br\/#\/schema\/person\/a3ca6b0fc701e78df19756c417d943ae"},"headline":"Ap\u00f3s desentendimento, suspeito amea\u00e7a homem com fac\u00e3o em Ich\u00fa","datePublished":"2025-04-06T13:48:09+00:00","mainEntityOfPage":{"@id":"https:\/\/portalraizesnoticias.com.br\/?p=5619"},"wordCount":161,"commentCount":0,"publisher":{"@id":"https:\/\/portalraizesnoticias.com.br\/#organization"},"image":{"@id":"https:\/\/portalraizesnoticias.com.br\/?p=5619#primaryimage"},"thumbnailUrl":"https:\/\/portalraizesnoticias.com.br\/wp-content\/uploads\/2025\/04\/IMG-20250406-WA0134.jpg","keywords":["Amea\u00e7a","Faca","Homem","Ich\u00fa"],"articleSection":["DESTAQUES","POLICIA","ULTIMAS NOTICIAS"],"inLanguage":"pt-BR","potentialAction":[{"@type":"CommentAction","name":"Comment","target":["https:\/\/portalraizesnoticias.com.br\/?p=5619#respond"]}]},{"@type":"WebPage","@id":"https:\/\/portalraizesnoticias.com.br\/?p=5619","url":"https:\/\/portalraizesnoticias.com.br\/?p=5619","name":"Ap\u00f3s desentendimento, suspeito amea\u00e7a homem com fac\u00e3o em Ich\u00fa - Portal raizes noticias","isPartOf":{"@id":"https:\/\/portalraizesnoticias.com.br\/#website"},"primaryImageOfPage":{"@id":"https:\/\/portalraizesnoticias.com.br\/?p=5619#primaryimage"},"image":{"@id":"https:\/\/portalraizesnoticias.com.br\/?p=5619#primaryimage"},"thumbnailUrl":"https:\/\/portalraizesnoticias.com.br\/wp-content\/uploads\/2025\/04\/IMG-20250406-WA0134.jpg","datePublished":"2025-04-06T13:48:09+00:00","breadcrumb":{"@id":"https:\/\/portalraizesnoticias.com.br\/?p=5619#breadcrumb"},"inLanguage":"pt-BR","potentialAction":[{"@type":"ReadAction","target":["https:\/\/portalraizesnoticias.com.br\/?p=5619"]}]},{"@type":"ImageObject","inLanguage":"pt-BR","@id":"https:\/\/portalraizesnoticias.com.br\/?p=5619#primaryimage","url":"https:\/\/portalraizesnoticias.com.br\/wp-content\/uploads\/2025\/04\/IMG-20250406-WA0134.jpg","contentUrl":"https:\/\/portalraizesnoticias.com.br\/wp-content\/uploads\/2025\/04\/IMG-20250406-WA0134.jpg","width":1280,"height":960},{"@type":"BreadcrumbList","@id":"https:\/\/portalraizesnoticias.com.br\/?p=5619#breadcrumb","itemListElement":[{"@type":"ListItem","position":1,"name":"In\u00edcio","item":"https:\/\/portalraizesnoticias.com.br\/"},{"@type":"ListItem","position":2,"name":"Ap\u00f3s desentendimento, suspeito amea\u00e7a homem com fac\u00e3o em Ich\u00fa"}]},{"@type":"WebSite","@id":"https:\/\/portalraizesnoticias.com.br\/#website","url":"https:\/\/portalraizesnoticias.com.br\/","name":"Portal raizes NOTICIAS","description":"site de noticias de concei\u00e7\u00e3o do coit\u00e9 e regi\u00e3o","publisher":{"@id":"https:\/\/portalraizesnoticias.com.br\/#organization"},"alternateName":"PORTAL RAIZES COIT\u00c9","potentialAction":[{"@type":"SearchAction","target":{"@type":"EntryPoint","urlTemplate":"https:\/\/portalraizesnoticias.com.br\/?s={search_term_string}"},"query-input":{"@type":"PropertyValueSpecification","valueRequired":true,"valueName":"search_term_string"}}],"inLanguage":"pt-BR"},{"@type":"Organization","@id":"https:\/\/portalraizesnoticias.com.br\/#organization","name":"Portal raizes NOTICIAS","url":"https:\/\/portalraizesnoticias.com.br\/","logo":{"@type":"ImageObject","inLanguage":"pt-BR","@id":"https:\/\/portalraizesnoticias.com.br\/#\/schema\/logo\/image\/","url":"https:\/\/portalraizesnoticias.com.br\/wp-content\/uploads\/2024\/09\/cropped-Captura-de-tela-2024-09-08-011108.png","contentUrl":"https:\/\/portalraizesnoticias.com.br\/wp-content\/uploads\/2024\/09\/cropped-Captura-de-tela-2024-09-08-011108.png","width":606,"height":173,"caption":"Portal raizes NOTICIAS"},"image":{"@id":"https:\/\/portalraizesnoticias.com.br\/#\/schema\/logo\/image\/"}},{"@type":"Person","@id":"https:\/\/portalraizesnoticias.com.br\/#\/schema\/person\/a3ca6b0fc701e78df19756c417d943ae","name":"Portal Raizes","image":{"@type":"ImageObject","inLanguage":"pt-BR","@id":"https:\/\/portalraizesnoticias.com.br\/#\/schema\/person\/image\/","url":"https:\/\/secure.gravatar.com\/avatar\/ef450d29013a3d3fba867a12a249d7b1?s=96&d=mm&r=g","contentUrl":"https:\/\/secure.gravatar.com\/avatar\/ef450d29013a3d3fba867a12a249d7b1?s=96&d=mm&r=g","caption":"Portal Raizes"},"url":"https:\/\/portalraizesnoticias.com.br\/?author=3"}]}},"_links":{"self":[{"href":"https:\/\/portalraizesnoticias.com.br\/index.php?rest_route=\/wp\/v2\/posts\/5619"}],"collection":[{"href":"https:\/\/portalraizesnoticias.com.br\/index.php?rest_route=\/wp\/v2\/posts"}],"about":[{"href":"https:\/\/portalraizesnoticias.com.br\/index.php?rest_route=\/wp\/v2\/types\/post"}],"author":[{"embeddable":true,"href":"https:\/\/portalraizesnoticias.com.br\/index.php?rest_route=\/wp\/v2\/users\/3"}],"replies":[{"embeddable":true,"href":"https:\/\/portalraizesnoticias.com.br\/index.php?rest_route=%2Fwp%2Fv2%2Fcomments&post=5619"}],"version-history":[{"count":1,"href":"https:\/\/portalraizesnoticias.com.br\/index.php?rest_route=\/wp\/v2\/posts\/5619\/revisions"}],"predecessor-version":[{"id":5621,"href":"https:\/\/portalraizesnoticias.com.br\/index.php?rest_route=\/wp\/v2\/posts\/5619\/revisions\/5621"}],"wp:featuredmedia":[{"embeddable":true,"href":"https:\/\/portalraizesnoticias.com.br\/index.php?rest_route=\/wp\/v2\/media\/5620"}],"wp:attachment":[{"href":"https:\/\/portalraizesnoticias.com.br\/index.php?rest_route=%2Fwp%2Fv2%2Fmedia&parent=5619"}],"wp:term":[{"taxonomy":"category","embeddable":true,"href":"https:\/\/portalraizesnoticias.com.br\/index.php?rest_route=%2Fwp%2Fv2%2Fcategories&post=5619"},{"taxonomy":"post_tag","embeddable":true,"href":"https:\/\/portalraizesnoticias.com.br\/index.php?rest_route=%2Fwp%2Fv2%2Ftags&post=5619"}],"curies":[{"name":"wp","href":"https:\/\/api.w.org\/{rel}","templated":true}]}}